{"id":136377,"date":"2025-04-14T21:46:51","date_gmt":"2025-04-15T00:46:51","guid":{"rendered":"https:\/\/eltrabajo.cl\/web\/?p=136377"},"modified":"2025-04-14T21:46:51","modified_gmt":"2025-04-15T00:46:51","slug":"dos-alumnos-violinistas-de-la-escuela-jose-de-san-martin-obtienen-beca-para-integrar-orquestas-regionales","status":"publish","type":"post","link":"https:\/\/eltrabajo.cl\/web\/dos-alumnos-violinistas-de-la-escuela-jose-de-san-martin-obtienen-beca-para-integrar-orquestas-regionales\/","title":{"rendered":"Dos alumnos violinistas de la Escuela Jos\u00e9 de San Mart\u00edn obtienen beca para integrar orquestas regionales"},"content":{"rendered":"<ul>\n<li><strong>Su pasi\u00f3n por la m\u00fasica y el apoyo institucional les abren camino hacia un prometedor futuro art\u00edstico.-<\/strong><\/li>\n<\/ul>\n<p>Dos estudiantes de la Escuela Jos\u00e9 de San Mart\u00edn han sido reconocidos con becas por su talento en el viol\u00edn, lo que les permitir\u00e1 formar parte de prestigiosas orquestas juveniles. Se trata de <strong>Agust\u00edn Burgos<\/strong>, alumno de octavo b\u00e1sico, quien fue aceptado en la Orquesta Regional de Valpara\u00edso, y <strong>Santiago P\u00e9rez<\/strong>, de s\u00e9ptimo b\u00e1sico, beneficiado con una beca de la Fundaci\u00f3n de Orquestas Juveniles e Infantiles (FOJI) para participar en la ciudad de Santiago.<\/p>\n<p>Ambos j\u00f3venes m\u00fasicos se forman bajo la gu\u00eda del profesor <strong>Juan Palza<\/strong>, responsable de la Orquesta Sinf\u00f3nica Municipal y de la Orquesta de C\u00e1mara de la escuela. Es \u00e9l quien les ha ense\u00f1ado a leer partituras y a dominar sus instrumentos en un taller extraescolar, donde ensayan entre dos y tres veces por semana.<\/p>\n<p>El establecimiento ha facilitado todos los recursos necesarios para que los alumnos puedan asistir a sus compromisos musicales fuera de la comuna. Se les otorgan permisos para ausentarse de clases cuando es necesario y se implementa un acompa\u00f1amiento pedag\u00f3gico para que no se vean afectados en su rendimiento acad\u00e9mico.<\/p>\n<p>En cuanto al proceso de audici\u00f3n de Agust\u00edn en la Orquesta Regional de Valpara\u00edso, el joven postul\u00f3 en el segundo llamado de marzo y obtuvo uno de los puntajes m\u00e1s altos entre los participantes.<\/p>\n<p>Su motivaci\u00f3n es evidente. <em>\u00abEs un chico con gran liderazgo, le apasiona bastante lo que est\u00e1 desarrollando actualmente, le gusta mucho el instrumento y \u00e9l busca perfeccionarse en esa \u00e1rea. De hecho, ahora est\u00e1 postulando a la presidencia del centro de estudiantes y su propuesta est\u00e1 enfocada en promover las artes y la cultura\u00bb, <\/em>destac\u00f3 el director del establecimiento, <strong>Rub\u00e9n P\u00e1ez<\/strong>.<\/p>\n<p>\u00ab<em>Para nosotros es un orgullo institucional. Nuestros estudiantes est\u00e1n mostrando su talento no solo a nivel comunal, sino tambi\u00e9n regional. Buscamos que se desarrollen de manera integral, con habilidades que les servir\u00e1n en el futuro\u00bb,<\/em> agreg\u00f3 P\u00e1ez.<\/p>\n<p>El profesor Juan Palza tambi\u00e9n se refiri\u00f3 al compromiso de Agust\u00edn. <em>\u00abAgust\u00edn ten\u00eda esta meta desde segundo b\u00e1sico. Cuando llevaba uno o dos a\u00f1os en la orquesta estaba aprendiendo y ve\u00eda a sus compa\u00f1eros que ya estaban en la juvenil, porque ten\u00eda compa\u00f1eros que ya participaban en la regional. \u00c9l ten\u00eda un plan de varios a\u00f1os y dec\u00eda \u2018cuando est\u00e9 en octavo voy a postular\u2019. De hecho, el a\u00f1o pasado estuvo a punto de postular y este a\u00f1o \u00e9l sent\u00eda que ten\u00eda las capacidades para postular\u00bb,<\/em> concluy\u00f3.<\/p>\n<figure id=\"attachment_136378\" aria-describedby=\"caption-attachment-136378\" style=\"width: 699px\" class=\"wp-caption alignnone\"><img loading=\"lazy\" decoding=\"async\" class=\"size-full wp-image-136378\" src=\"http:\/\/eltrabajo.cl\/web\/wp-content\/uploads\/2025\/04\/Santiago-Perez.jpg\" alt=\"Santiago P\u00e9rez, alumno de s\u00e9ptimo b\u00e1sico, beneficiado con una beca de la Fundaci\u00f3n de Orquestas Juveniles e Infantiles (FOJI) para participar en Santiago.\" width=\"699\" height=\"732\" srcset=\"https:\/\/eltrabajo.cl\/web\/wp-content\/uploads\/2025\/04\/Santiago-Perez.jpg 699w, https:\/\/eltrabajo.cl\/web\/wp-content\/uploads\/2025\/04\/Santiago-Perez-286x300.jpg 286w, https:\/\/eltrabajo.cl\/web\/wp-content\/uploads\/2025\/04\/Santiago-Perez-401x420.jpg 401w, https:\/\/eltrabajo.cl\/web\/wp-content\/uploads\/2025\/04\/Santiago-Perez-150x157.jpg 150w, https:\/\/eltrabajo.cl\/web\/wp-content\/uploads\/2025\/04\/Santiago-Perez-300x314.jpg 300w, https:\/\/eltrabajo.cl\/web\/wp-content\/uploads\/2025\/04\/Santiago-Perez-696x729.jpg 696w\" sizes=\"auto, (max-width: 699px) 100vw, 699px\" \/><figcaption id=\"caption-attachment-136378\" class=\"wp-caption-text\">Santiago P\u00e9rez, alumno de s\u00e9ptimo b\u00e1sico, beneficiado con una beca de la Fundaci\u00f3n de Orquestas Juveniles e Infantiles (FOJI) para participar en Santiago.<\/figcaption><\/figure>\n<figure id=\"attachment_136379\" aria-describedby=\"caption-attachment-136379\" style=\"width: 699px\" class=\"wp-caption alignnone\"><img loading=\"lazy\" decoding=\"async\" class=\"size-full wp-image-136379\" src=\"http:\/\/eltrabajo.cl\/web\/wp-content\/uploads\/2025\/04\/Agustin-Burgos.jpg\" alt=\"Agust\u00edn Burgos, estudiante de octavo b\u00e1sico que obtuvo una beca para integrar la Orquesta Regional de Valpara\u00edso, destac\u00e1ndose con uno de los puntajes m\u00e1s altos en la audici\u00f3n.\" width=\"699\" height=\"743\" srcset=\"https:\/\/eltrabajo.cl\/web\/wp-content\/uploads\/2025\/04\/Agustin-Burgos.jpg 699w, https:\/\/eltrabajo.cl\/web\/wp-content\/uploads\/2025\/04\/Agustin-Burgos-282x300.jpg 282w, https:\/\/eltrabajo.cl\/web\/wp-content\/uploads\/2025\/04\/Agustin-Burgos-395x420.jpg 395w, https:\/\/eltrabajo.cl\/web\/wp-content\/uploads\/2025\/04\/Agustin-Burgos-150x159.jpg 150w, https:\/\/eltrabajo.cl\/web\/wp-content\/uploads\/2025\/04\/Agustin-Burgos-300x319.jpg 300w, https:\/\/eltrabajo.cl\/web\/wp-content\/uploads\/2025\/04\/Agustin-Burgos-696x740.jpg 696w\" sizes=\"auto, (max-width: 699px) 100vw, 699px\" \/><figcaption id=\"caption-attachment-136379\" class=\"wp-caption-text\">Agust\u00edn Burgos, estudiante de octavo b\u00e1sico que obtuvo una beca para integrar la Orquesta Regional de Valpara\u00edso, destac\u00e1ndose con uno de los puntajes m\u00e1s altos en la audici\u00f3n.<\/figcaption><\/figure>\n","protected":false},"excerpt":{"rendered":"<p>Su pasi\u00f3n por la m\u00fasica y el apoyo institucional les abren camino hacia un prometedor futuro art\u00edstico.- Dos estudiantes de la Escuela Jos\u00e9 de San Mart\u00edn han sido reconocidos con becas por su talento en el viol\u00edn, lo que les permitir\u00e1 formar parte de prestigiosas orquestas juveniles. Se trata de Agust\u00edn Burgos, alumno de octavo [&hellip;]<\/p>\n","protected":false},"author":1,"featured_media":136379,"comment_status":"open","ping_status":"closed","sticky":false,"template":"","format":"standard","meta":{"footnotes":""},"categories":[3],"tags":[],"class_list":{"0":"post-136377","1":"post","2":"type-post","3":"status-publish","4":"format-standard","5":"has-post-thumbnail","7":"category-cronica-2"},"yoast_head":"<!-- This site is optimized with the Yoast SEO plugin v27.4 - https:\/\/yoast.com\/product\/yoast-seo-wordpress\/ -->\n<title>Dos alumnos violinistas de la Escuela Jos\u00e9 de San Mart\u00edn obtienen beca para integrar orquestas regionales - Diario El Trabajo<\/title>\n<meta name=\"robots\" content=\"index, follow, max-snippet:-1, max-image-preview:large, max-video-preview:-1\" \/>\n<link rel=\"canonical\" href=\"https:\/\/eltrabajo.cl\/web\/dos-alumnos-violinistas-de-la-escuela-jose-de-san-martin-obtienen-beca-para-integrar-orquestas-regionales\/\" \/>\n<meta property=\"og:locale\" content=\"es_ES\" \/>\n<meta property=\"og:type\" content=\"article\" \/>\n<meta property=\"og:title\" content=\"Dos alumnos violinistas de la Escuela Jos\u00e9 de San Mart\u00edn obtienen beca para integrar orquestas regionales - Diario El Trabajo\" \/>\n<meta property=\"og:description\" content=\"Su pasi\u00f3n por la m\u00fasica y el apoyo institucional les abren camino hacia un prometedor futuro art\u00edstico.- Dos estudiantes de la Escuela Jos\u00e9 de San Mart\u00edn han sido reconocidos con becas por su talento en el viol\u00edn, lo que les permitir\u00e1 formar parte de prestigiosas orquestas juveniles. Se trata de Agust\u00edn Burgos, alumno de octavo [&hellip;]\" \/>\n<meta property=\"og:url\" content=\"https:\/\/eltrabajo.cl\/web\/dos-alumnos-violinistas-de-la-escuela-jose-de-san-martin-obtienen-beca-para-integrar-orquestas-regionales\/\" \/>\n<meta property=\"og:site_name\" content=\"Diario El Trabajo\" \/>\n<meta property=\"article:publisher\" content=\"https:\/\/www.facebook.com\/ElTrabajoDiario\" \/>\n<meta property=\"article:published_time\" content=\"2025-04-15T00:46:51+00:00\" \/>\n<meta property=\"og:image\" content=\"https:\/\/eltrabajo.cl\/web\/wp-content\/uploads\/2025\/04\/Agustin-Burgos.jpg\" \/>\n\t<meta property=\"og:image:width\" content=\"699\" \/>\n\t<meta property=\"og:image:height\" content=\"743\" \/>\n\t<meta property=\"og:image:type\" content=\"image\/jpeg\" \/>\n<meta name=\"author\" content=\"Diario El Trabajo\" \/>\n<meta name=\"twitter:card\" content=\"summary_large_image\" \/>\n<meta name=\"twitter:creator\" content=\"@diarioeltrabajo\" \/>\n<meta name=\"twitter:site\" content=\"@diarioeltrabajo\" \/>\n<meta name=\"twitter:label1\" content=\"Escrito por\" \/>\n\t<meta name=\"twitter:data1\" content=\"Diario El Trabajo\" \/>\n\t<meta name=\"twitter:label2\" content=\"Tiempo estimado de lectura\" \/>\n\t<meta name=\"twitter:data2\" content=\"3 minutos\" \/>\n<script type=\"application\/ld+json\" class=\"yoast-schema-graph\">{\"@context\":\"https:\\\/\\\/schema.org\",\"@graph\":[{\"@type\":\"Article\",\"@id\":\"https:\\\/\\\/eltrabajo.cl\\\/web\\\/dos-alumnos-violinistas-de-la-escuela-jose-de-san-martin-obtienen-beca-para-integrar-orquestas-regionales\\\/#article\",\"isPartOf\":{\"@id\":\"https:\\\/\\\/eltrabajo.cl\\\/web\\\/dos-alumnos-violinistas-de-la-escuela-jose-de-san-martin-obtienen-beca-para-integrar-orquestas-regionales\\\/\"},\"author\":{\"name\":\"Diario El Trabajo\",\"@id\":\"https:\\\/\\\/eltrabajo.cl\\\/web\\\/#\\\/schema\\\/person\\\/45efd3d17f86ec456e44dd7debe1bf19\"},\"headline\":\"Dos alumnos violinistas de la Escuela Jos\u00e9 de San Mart\u00edn obtienen beca para integrar orquestas regionales\",\"datePublished\":\"2025-04-15T00:46:51+00:00\",\"mainEntityOfPage\":{\"@id\":\"https:\\\/\\\/eltrabajo.cl\\\/web\\\/dos-alumnos-violinistas-de-la-escuela-jose-de-san-martin-obtienen-beca-para-integrar-orquestas-regionales\\\/\"},\"wordCount\":555,\"commentCount\":0,\"publisher\":{\"@id\":\"https:\\\/\\\/eltrabajo.cl\\\/web\\\/#organization\"},\"image\":{\"@id\":\"https:\\\/\\\/eltrabajo.cl\\\/web\\\/dos-alumnos-violinistas-de-la-escuela-jose-de-san-martin-obtienen-beca-para-integrar-orquestas-regionales\\\/#primaryimage\"},\"thumbnailUrl\":\"https:\\\/\\\/eltrabajo.cl\\\/web\\\/wp-content\\\/uploads\\\/2025\\\/04\\\/Agustin-Burgos.jpg\",\"articleSection\":[\"Cr\u00f3nica\"],\"inLanguage\":\"es-CL\",\"potentialAction\":[{\"@type\":\"CommentAction\",\"name\":\"Comment\",\"target\":[\"https:\\\/\\\/eltrabajo.cl\\\/web\\\/dos-alumnos-violinistas-de-la-escuela-jose-de-san-martin-obtienen-beca-para-integrar-orquestas-regionales\\\/#respond\"]}]},{\"@type\":\"WebPage\",\"@id\":\"https:\\\/\\\/eltrabajo.cl\\\/web\\\/dos-alumnos-violinistas-de-la-escuela-jose-de-san-martin-obtienen-beca-para-integrar-orquestas-regionales\\\/\",\"url\":\"https:\\\/\\\/eltrabajo.cl\\\/web\\\/dos-alumnos-violinistas-de-la-escuela-jose-de-san-martin-obtienen-beca-para-integrar-orquestas-regionales\\\/\",\"name\":\"Dos alumnos violinistas de la Escuela Jos\u00e9 de San Mart\u00edn obtienen beca para integrar orquestas regionales - Diario El Trabajo\",\"isPartOf\":{\"@id\":\"https:\\\/\\\/eltrabajo.cl\\\/web\\\/#website\"},\"primaryImageOfPage\":{\"@id\":\"https:\\\/\\\/eltrabajo.cl\\\/web\\\/dos-alumnos-violinistas-de-la-escuela-jose-de-san-martin-obtienen-beca-para-integrar-orquestas-regionales\\\/#primaryimage\"},\"image\":{\"@id\":\"https:\\\/\\\/eltrabajo.cl\\\/web\\\/dos-alumnos-violinistas-de-la-escuela-jose-de-san-martin-obtienen-beca-para-integrar-orquestas-regionales\\\/#primaryimage\"},\"thumbnailUrl\":\"https:\\\/\\\/eltrabajo.cl\\\/web\\\/wp-content\\\/uploads\\\/2025\\\/04\\\/Agustin-Burgos.jpg\",\"datePublished\":\"2025-04-15T00:46:51+00:00\",\"breadcrumb\":{\"@id\":\"https:\\\/\\\/eltrabajo.cl\\\/web\\\/dos-alumnos-violinistas-de-la-escuela-jose-de-san-martin-obtienen-beca-para-integrar-orquestas-regionales\\\/#breadcrumb\"},\"inLanguage\":\"es-CL\",\"potentialAction\":[{\"@type\":\"ReadAction\",\"target\":[\"https:\\\/\\\/eltrabajo.cl\\\/web\\\/dos-alumnos-violinistas-de-la-escuela-jose-de-san-martin-obtienen-beca-para-integrar-orquestas-regionales\\\/\"]}]},{\"@type\":\"ImageObject\",\"inLanguage\":\"es-CL\",\"@id\":\"https:\\\/\\\/eltrabajo.cl\\\/web\\\/dos-alumnos-violinistas-de-la-escuela-jose-de-san-martin-obtienen-beca-para-integrar-orquestas-regionales\\\/#primaryimage\",\"url\":\"https:\\\/\\\/eltrabajo.cl\\\/web\\\/wp-content\\\/uploads\\\/2025\\\/04\\\/Agustin-Burgos.jpg\",\"contentUrl\":\"https:\\\/\\\/eltrabajo.cl\\\/web\\\/wp-content\\\/uploads\\\/2025\\\/04\\\/Agustin-Burgos.jpg\",\"width\":699,\"height\":743,\"caption\":\"Agust\u00edn Burgos, estudiante de octavo b\u00e1sico que obtuvo una beca para integrar la Orquesta Regional de Valpara\u00edso, destac\u00e1ndose con uno de los puntajes m\u00e1s altos en la audici\u00f3n.\"},{\"@type\":\"BreadcrumbList\",\"@id\":\"https:\\\/\\\/eltrabajo.cl\\\/web\\\/dos-alumnos-violinistas-de-la-escuela-jose-de-san-martin-obtienen-beca-para-integrar-orquestas-regionales\\\/#breadcrumb\",\"itemListElement\":[{\"@type\":\"ListItem\",\"position\":1,\"name\":\"Portada\",\"item\":\"https:\\\/\\\/eltrabajo.cl\\\/web\\\/\"},{\"@type\":\"ListItem\",\"position\":2,\"name\":\"Dos alumnos violinistas de la Escuela Jos\u00e9 de San Mart\u00edn obtienen beca para integrar orquestas regionales\"}]},{\"@type\":\"WebSite\",\"@id\":\"https:\\\/\\\/eltrabajo.cl\\\/web\\\/#website\",\"url\":\"https:\\\/\\\/eltrabajo.cl\\\/web\\\/\",\"name\":\"Diario El Trabajo\",\"description\":\"Desde 1929 construyendo Identidad Local\",\"publisher\":{\"@id\":\"https:\\\/\\\/eltrabajo.cl\\\/web\\\/#organization\"},\"potentialAction\":[{\"@type\":\"SearchAction\",\"target\":{\"@type\":\"EntryPoint\",\"urlTemplate\":\"https:\\\/\\\/eltrabajo.cl\\\/web\\\/?s={search_term_string}\"},\"query-input\":{\"@type\":\"PropertyValueSpecification\",\"valueRequired\":true,\"valueName\":\"search_term_string\"}}],\"inLanguage\":\"es-CL\"},{\"@type\":\"Organization\",\"@id\":\"https:\\\/\\\/eltrabajo.cl\\\/web\\\/#organization\",\"name\":\"Diario El Trabajo\",\"url\":\"https:\\\/\\\/eltrabajo.cl\\\/web\\\/\",\"logo\":{\"@type\":\"ImageObject\",\"inLanguage\":\"es-CL\",\"@id\":\"https:\\\/\\\/eltrabajo.cl\\\/web\\\/#\\\/schema\\\/logo\\\/image\\\/\",\"url\":\"https:\\\/\\\/eltrabajo.cl\\\/web\\\/wp-content\\\/uploads\\\/2024\\\/06\\\/profile-image-ig-page-diarioeltrabajo.jpg\",\"contentUrl\":\"https:\\\/\\\/eltrabajo.cl\\\/web\\\/wp-content\\\/uploads\\\/2024\\\/06\\\/profile-image-ig-page-diarioeltrabajo.jpg\",\"width\":823,\"height\":823,\"caption\":\"Diario El Trabajo\"},\"image\":{\"@id\":\"https:\\\/\\\/eltrabajo.cl\\\/web\\\/#\\\/schema\\\/logo\\\/image\\\/\"},\"sameAs\":[\"https:\\\/\\\/www.facebook.com\\\/ElTrabajoDiario\",\"https:\\\/\\\/x.com\\\/diarioeltrabajo\"]},{\"@type\":\"Person\",\"@id\":\"https:\\\/\\\/eltrabajo.cl\\\/web\\\/#\\\/schema\\\/person\\\/45efd3d17f86ec456e44dd7debe1bf19\",\"name\":\"Diario El Trabajo\",\"image\":{\"@type\":\"ImageObject\",\"inLanguage\":\"es-CL\",\"@id\":\"https:\\\/\\\/secure.gravatar.com\\\/avatar\\\/7e6ec277dc4aea2677c2dc301d4227957219329c985ab69a3efc12518b5161aa?s=96&d=mm&r=g\",\"url\":\"https:\\\/\\\/secure.gravatar.com\\\/avatar\\\/7e6ec277dc4aea2677c2dc301d4227957219329c985ab69a3efc12518b5161aa?s=96&d=mm&r=g\",\"contentUrl\":\"https:\\\/\\\/secure.gravatar.com\\\/avatar\\\/7e6ec277dc4aea2677c2dc301d4227957219329c985ab69a3efc12518b5161aa?s=96&d=mm&r=g\",\"caption\":\"Diario El Trabajo\"},\"sameAs\":[\"https:\\\/\\\/eltrabajo.cl\\\/web\"],\"url\":\"https:\\\/\\\/eltrabajo.cl\\\/web\\\/author\\\/diario-el-trabajo\\\/\"}]}<\/script>\n<!-- \/ Yoast SEO plugin. -->","yoast_head_json":{"title":"Dos alumnos violinistas de la Escuela Jos\u00e9 de San Mart\u00edn obtienen beca para integrar orquestas regionales - Diario El Trabajo","robots":{"index":"index","follow":"follow","max-snippet":"max-snippet:-1","max-image-preview":"max-image-preview:large","max-video-preview":"max-video-preview:-1"},"canonical":"https:\/\/eltrabajo.cl\/web\/dos-alumnos-violinistas-de-la-escuela-jose-de-san-martin-obtienen-beca-para-integrar-orquestas-regionales\/","og_locale":"es_ES","og_type":"article","og_title":"Dos alumnos violinistas de la Escuela Jos\u00e9 de San Mart\u00edn obtienen beca para integrar orquestas regionales - Diario El Trabajo","og_description":"Su pasi\u00f3n por la m\u00fasica y el apoyo institucional les abren camino hacia un prometedor futuro art\u00edstico.- Dos estudiantes de la Escuela Jos\u00e9 de San Mart\u00edn han sido reconocidos con becas por su talento en el viol\u00edn, lo que les permitir\u00e1 formar parte de prestigiosas orquestas juveniles. Se trata de Agust\u00edn Burgos, alumno de octavo [&hellip;]","og_url":"https:\/\/eltrabajo.cl\/web\/dos-alumnos-violinistas-de-la-escuela-jose-de-san-martin-obtienen-beca-para-integrar-orquestas-regionales\/","og_site_name":"Diario El Trabajo","article_publisher":"https:\/\/www.facebook.com\/ElTrabajoDiario","article_published_time":"2025-04-15T00:46:51+00:00","og_image":[{"width":699,"height":743,"url":"https:\/\/eltrabajo.cl\/web\/wp-content\/uploads\/2025\/04\/Agustin-Burgos.jpg","type":"image\/jpeg"}],"author":"Diario El Trabajo","twitter_card":"summary_large_image","twitter_creator":"@diarioeltrabajo","twitter_site":"@diarioeltrabajo","twitter_misc":{"Escrito por":"Diario El Trabajo","Tiempo estimado de lectura":"3 minutos"},"schema":{"@context":"https:\/\/schema.org","@graph":[{"@type":"Article","@id":"https:\/\/eltrabajo.cl\/web\/dos-alumnos-violinistas-de-la-escuela-jose-de-san-martin-obtienen-beca-para-integrar-orquestas-regionales\/#article","isPartOf":{"@id":"https:\/\/eltrabajo.cl\/web\/dos-alumnos-violinistas-de-la-escuela-jose-de-san-martin-obtienen-beca-para-integrar-orquestas-regionales\/"},"author":{"name":"Diario El Trabajo","@id":"https:\/\/eltrabajo.cl\/web\/#\/schema\/person\/45efd3d17f86ec456e44dd7debe1bf19"},"headline":"Dos alumnos violinistas de la Escuela Jos\u00e9 de San Mart\u00edn obtienen beca para integrar orquestas regionales","datePublished":"2025-04-15T00:46:51+00:00","mainEntityOfPage":{"@id":"https:\/\/eltrabajo.cl\/web\/dos-alumnos-violinistas-de-la-escuela-jose-de-san-martin-obtienen-beca-para-integrar-orquestas-regionales\/"},"wordCount":555,"commentCount":0,"publisher":{"@id":"https:\/\/eltrabajo.cl\/web\/#organization"},"image":{"@id":"https:\/\/eltrabajo.cl\/web\/dos-alumnos-violinistas-de-la-escuela-jose-de-san-martin-obtienen-beca-para-integrar-orquestas-regionales\/#primaryimage"},"thumbnailUrl":"https:\/\/eltrabajo.cl\/web\/wp-content\/uploads\/2025\/04\/Agustin-Burgos.jpg","articleSection":["Cr\u00f3nica"],"inLanguage":"es-CL","potentialAction":[{"@type":"CommentAction","name":"Comment","target":["https:\/\/eltrabajo.cl\/web\/dos-alumnos-violinistas-de-la-escuela-jose-de-san-martin-obtienen-beca-para-integrar-orquestas-regionales\/#respond"]}]},{"@type":"WebPage","@id":"https:\/\/eltrabajo.cl\/web\/dos-alumnos-violinistas-de-la-escuela-jose-de-san-martin-obtienen-beca-para-integrar-orquestas-regionales\/","url":"https:\/\/eltrabajo.cl\/web\/dos-alumnos-violinistas-de-la-escuela-jose-de-san-martin-obtienen-beca-para-integrar-orquestas-regionales\/","name":"Dos alumnos violinistas de la Escuela Jos\u00e9 de San Mart\u00edn obtienen beca para integrar orquestas regionales - Diario El Trabajo","isPartOf":{"@id":"https:\/\/eltrabajo.cl\/web\/#website"},"primaryImageOfPage":{"@id":"https:\/\/eltrabajo.cl\/web\/dos-alumnos-violinistas-de-la-escuela-jose-de-san-martin-obtienen-beca-para-integrar-orquestas-regionales\/#primaryimage"},"image":{"@id":"https:\/\/eltrabajo.cl\/web\/dos-alumnos-violinistas-de-la-escuela-jose-de-san-martin-obtienen-beca-para-integrar-orquestas-regionales\/#primaryimage"},"thumbnailUrl":"https:\/\/eltrabajo.cl\/web\/wp-content\/uploads\/2025\/04\/Agustin-Burgos.jpg","datePublished":"2025-04-15T00:46:51+00:00","breadcrumb":{"@id":"https:\/\/eltrabajo.cl\/web\/dos-alumnos-violinistas-de-la-escuela-jose-de-san-martin-obtienen-beca-para-integrar-orquestas-regionales\/#breadcrumb"},"inLanguage":"es-CL","potentialAction":[{"@type":"ReadAction","target":["https:\/\/eltrabajo.cl\/web\/dos-alumnos-violinistas-de-la-escuela-jose-de-san-martin-obtienen-beca-para-integrar-orquestas-regionales\/"]}]},{"@type":"ImageObject","inLanguage":"es-CL","@id":"https:\/\/eltrabajo.cl\/web\/dos-alumnos-violinistas-de-la-escuela-jose-de-san-martin-obtienen-beca-para-integrar-orquestas-regionales\/#primaryimage","url":"https:\/\/eltrabajo.cl\/web\/wp-content\/uploads\/2025\/04\/Agustin-Burgos.jpg","contentUrl":"https:\/\/eltrabajo.cl\/web\/wp-content\/uploads\/2025\/04\/Agustin-Burgos.jpg","width":699,"height":743,"caption":"Agust\u00edn Burgos, estudiante de octavo b\u00e1sico que obtuvo una beca para integrar la Orquesta Regional de Valpara\u00edso, destac\u00e1ndose con uno de los puntajes m\u00e1s altos en la audici\u00f3n."},{"@type":"BreadcrumbList","@id":"https:\/\/eltrabajo.cl\/web\/dos-alumnos-violinistas-de-la-escuela-jose-de-san-martin-obtienen-beca-para-integrar-orquestas-regionales\/#breadcrumb","itemListElement":[{"@type":"ListItem","position":1,"name":"Portada","item":"https:\/\/eltrabajo.cl\/web\/"},{"@type":"ListItem","position":2,"name":"Dos alumnos violinistas de la Escuela Jos\u00e9 de San Mart\u00edn obtienen beca para integrar orquestas regionales"}]},{"@type":"WebSite","@id":"https:\/\/eltrabajo.cl\/web\/#website","url":"https:\/\/eltrabajo.cl\/web\/","name":"Diario El Trabajo","description":"Desde 1929 construyendo Identidad Local","publisher":{"@id":"https:\/\/eltrabajo.cl\/web\/#organization"},"potentialAction":[{"@type":"SearchAction","target":{"@type":"EntryPoint","urlTemplate":"https:\/\/eltrabajo.cl\/web\/?s={search_term_string}"},"query-input":{"@type":"PropertyValueSpecification","valueRequired":true,"valueName":"search_term_string"}}],"inLanguage":"es-CL"},{"@type":"Organization","@id":"https:\/\/eltrabajo.cl\/web\/#organization","name":"Diario El Trabajo","url":"https:\/\/eltrabajo.cl\/web\/","logo":{"@type":"ImageObject","inLanguage":"es-CL","@id":"https:\/\/eltrabajo.cl\/web\/#\/schema\/logo\/image\/","url":"https:\/\/eltrabajo.cl\/web\/wp-content\/uploads\/2024\/06\/profile-image-ig-page-diarioeltrabajo.jpg","contentUrl":"https:\/\/eltrabajo.cl\/web\/wp-content\/uploads\/2024\/06\/profile-image-ig-page-diarioeltrabajo.jpg","width":823,"height":823,"caption":"Diario El Trabajo"},"image":{"@id":"https:\/\/eltrabajo.cl\/web\/#\/schema\/logo\/image\/"},"sameAs":["https:\/\/www.facebook.com\/ElTrabajoDiario","https:\/\/x.com\/diarioeltrabajo"]},{"@type":"Person","@id":"https:\/\/eltrabajo.cl\/web\/#\/schema\/person\/45efd3d17f86ec456e44dd7debe1bf19","name":"Diario El Trabajo","image":{"@type":"ImageObject","inLanguage":"es-CL","@id":"https:\/\/secure.gravatar.com\/avatar\/7e6ec277dc4aea2677c2dc301d4227957219329c985ab69a3efc12518b5161aa?s=96&d=mm&r=g","url":"https:\/\/secure.gravatar.com\/avatar\/7e6ec277dc4aea2677c2dc301d4227957219329c985ab69a3efc12518b5161aa?s=96&d=mm&r=g","contentUrl":"https:\/\/secure.gravatar.com\/avatar\/7e6ec277dc4aea2677c2dc301d4227957219329c985ab69a3efc12518b5161aa?s=96&d=mm&r=g","caption":"Diario El Trabajo"},"sameAs":["https:\/\/eltrabajo.cl\/web"],"url":"https:\/\/eltrabajo.cl\/web\/author\/diario-el-trabajo\/"}]}},"_links":{"self":[{"href":"https:\/\/eltrabajo.cl\/web\/wp-json\/wp\/v2\/posts\/136377","targetHints":{"allow":["GET"]}}],"collection":[{"href":"https:\/\/eltrabajo.cl\/web\/wp-json\/wp\/v2\/posts"}],"about":[{"href":"https:\/\/eltrabajo.cl\/web\/wp-json\/wp\/v2\/types\/post"}],"author":[{"embeddable":true,"href":"https:\/\/eltrabajo.cl\/web\/wp-json\/wp\/v2\/users\/1"}],"replies":[{"embeddable":true,"href":"https:\/\/eltrabajo.cl\/web\/wp-json\/wp\/v2\/comments?post=136377"}],"version-history":[{"count":1,"href":"https:\/\/eltrabajo.cl\/web\/wp-json\/wp\/v2\/posts\/136377\/revisions"}],"predecessor-version":[{"id":136380,"href":"https:\/\/eltrabajo.cl\/web\/wp-json\/wp\/v2\/posts\/136377\/revisions\/136380"}],"wp:featuredmedia":[{"embeddable":true,"href":"https:\/\/eltrabajo.cl\/web\/wp-json\/wp\/v2\/media\/136379"}],"wp:attachment":[{"href":"https:\/\/eltrabajo.cl\/web\/wp-json\/wp\/v2\/media?parent=136377"}],"wp:term":[{"taxonomy":"category","embeddable":true,"href":"https:\/\/eltrabajo.cl\/web\/wp-json\/wp\/v2\/categories?post=136377"},{"taxonomy":"post_tag","embeddable":true,"href":"https:\/\/eltrabajo.cl\/web\/wp-json\/wp\/v2\/tags?post=136377"}],"curies":[{"name":"wp","href":"https:\/\/api.w.org\/{rel}","templated":true}]}}