{"id":136381,"date":"2025-04-14T21:48:00","date_gmt":"2025-04-15T00:48:00","guid":{"rendered":"https:\/\/eltrabajo.cl\/web\/?p=136381"},"modified":"2025-04-14T21:48:00","modified_gmt":"2025-04-15T00:48:00","slug":"almendral-alto-es-el-primer-finalista-del-afava","status":"publish","type":"post","link":"https:\/\/eltrabajo.cl\/web\/almendral-alto-es-el-primer-finalista-del-afava\/","title":{"rendered":"Almendral Alto es el primer finalista del Afava"},"content":{"rendered":"<p>Entregando claras se\u00f1ales de por qu\u00e9 desde el inicio estuvieron considerados dentro de los favoritos para adue\u00f1arse de la vig\u00e9simo quinta versi\u00f3n del torneo Cordillera, el club Almendral Alto abroch\u00f3 su paso a la gran final del campeonato al superar de manera muy clara al Colo Colo Far\u00edas, en el encuentro deportivo disputado el domingo pasado en el estadio Centenario de Los Andes.<\/p>\n<p>Los almendralinos hicieron claras distancias al resignar solo un empate en la tercera serie, e imponerse con claridad en las restantes tres, por lo que ahora tomar\u00e1n palco para estar a la espera de su rival para el partido mayor del certamen n\u00famero 25\u00ba del Afava.<\/p>\n<p>Resultados:<\/p>\n<p>S\u00e9nior 35: Almendral Alto 5 \u2013 Colo Colo Far\u00edas 0.<\/p>\n<p>Tercera: Almendral Alto 1 \u2013 Colo Colo Far\u00edas 1.<\/p>\n<p>Segunda: Almendral Alto 2 \u2013 Colo Colo Far\u00edas 0.<\/p>\n<p>Primera: Almendral Alto 2 \u2013 Colo Colo Far\u00edas 0.<\/p>\n<p>&nbsp;<\/p>\n<p><strong>EL OTRO FINALISTA ES UNA INC\u00d3GNITA<\/strong><\/p>\n<p>Mientras tanto, para conocer al otro finalista de Afava habr\u00e1 que esperar hasta esta noche, donde en su tradicional reuni\u00f3n semanal, el directorio de esta competencia deber\u00e1 determinar si Las Cadenas accede a la final o se juega el tiempo restante de uno de los partidos que, a falta de 20 minutos de su final, debi\u00f3 llegar a su fin por falta de luz cuando igualaban a 1.<\/p>\n<p>Al momento de la suspensi\u00f3n del pleito que sosten\u00edan las series de Honor, el club Las Cadenas estaba arriba en el puntaje ya que hab\u00eda ganado en Tercera y S\u00e9nior 35, mientras que Juventud Pobladores se hab\u00eda impuesto en Segunda.<\/p>\n<figure id=\"attachment_136382\" aria-describedby=\"caption-attachment-136382\" style=\"width: 699px\" class=\"wp-caption alignnone\"><img loading=\"lazy\" decoding=\"async\" class=\"size-full wp-image-136382\" src=\"http:\/\/eltrabajo.cl\/web\/wp-content\/uploads\/2025\/04\/almendral-alto-1.jpg\" alt=\"Integrantes de Almendral Alto celebran el paso a la gran final del Afava.\" width=\"699\" height=\"469\" srcset=\"https:\/\/eltrabajo.cl\/web\/wp-content\/uploads\/2025\/04\/almendral-alto-1.jpg 699w, https:\/\/eltrabajo.cl\/web\/wp-content\/uploads\/2025\/04\/almendral-alto-1-300x201.jpg 300w, https:\/\/eltrabajo.cl\/web\/wp-content\/uploads\/2025\/04\/almendral-alto-1-626x420.jpg 626w, https:\/\/eltrabajo.cl\/web\/wp-content\/uploads\/2025\/04\/almendral-alto-1-150x101.jpg 150w, https:\/\/eltrabajo.cl\/web\/wp-content\/uploads\/2025\/04\/almendral-alto-1-696x467.jpg 696w\" sizes=\"auto, (max-width: 699px) 100vw, 699px\" \/><figcaption id=\"caption-attachment-136382\" class=\"wp-caption-text\">Integrantes de Almendral Alto celebran el paso a la gran final del Afava.<\/figcaption><\/figure>\n","protected":false},"excerpt":{"rendered":"<p>Entregando claras se\u00f1ales de por qu\u00e9 desde el inicio estuvieron considerados dentro de los favoritos para adue\u00f1arse de la vig\u00e9simo quinta versi\u00f3n del torneo Cordillera, el club Almendral Alto abroch\u00f3 su paso a la gran final del campeonato al superar de manera muy clara al Colo Colo Far\u00edas, en el encuentro deportivo disputado el domingo [&hellip;]<\/p>\n","protected":false},"author":1,"featured_media":136382,"comment_status":"open","ping_status":"closed","sticky":false,"template":"","format":"standard","meta":{"footnotes":""},"categories":[2],"tags":[],"class_list":{"0":"post-136381","1":"post","2":"type-post","3":"status-publish","4":"format-standard","5":"has-post-thumbnail","7":"category-deportes"},"yoast_head":"<!-- This site is optimized with the Yoast SEO plugin v27.4 - https:\/\/yoast.com\/product\/yoast-seo-wordpress\/ -->\n<title>Almendral Alto es el primer finalista del Afava - Diario El Trabajo<\/title>\n<meta name=\"robots\" content=\"index, follow, max-snippet:-1, max-image-preview:large, max-video-preview:-1\" \/>\n<link rel=\"canonical\" href=\"https:\/\/eltrabajo.cl\/web\/almendral-alto-es-el-primer-finalista-del-afava\/\" \/>\n<meta property=\"og:locale\" content=\"es_ES\" \/>\n<meta property=\"og:type\" content=\"article\" \/>\n<meta property=\"og:title\" content=\"Almendral Alto es el primer finalista del Afava - Diario El Trabajo\" \/>\n<meta property=\"og:description\" content=\"Entregando claras se\u00f1ales de por qu\u00e9 desde el inicio estuvieron considerados dentro de los favoritos para adue\u00f1arse de la vig\u00e9simo quinta versi\u00f3n del torneo Cordillera, el club Almendral Alto abroch\u00f3 su paso a la gran final del campeonato al superar de manera muy clara al Colo Colo Far\u00edas, en el encuentro deportivo disputado el domingo [&hellip;]\" \/>\n<meta property=\"og:url\" content=\"https:\/\/eltrabajo.cl\/web\/almendral-alto-es-el-primer-finalista-del-afava\/\" \/>\n<meta property=\"og:site_name\" content=\"Diario El Trabajo\" \/>\n<meta property=\"article:publisher\" content=\"https:\/\/www.facebook.com\/ElTrabajoDiario\" \/>\n<meta property=\"article:published_time\" content=\"2025-04-15T00:48:00+00:00\" \/>\n<meta property=\"og:image\" content=\"https:\/\/eltrabajo.cl\/web\/wp-content\/uploads\/2025\/04\/almendral-alto-1.jpg\" \/>\n\t<meta property=\"og:image:width\" content=\"699\" \/>\n\t<meta property=\"og:image:height\" content=\"469\" \/>\n\t<meta property=\"og:image:type\" content=\"image\/jpeg\" \/>\n<meta name=\"author\" content=\"Diario El Trabajo\" \/>\n<meta name=\"twitter:card\" content=\"summary_large_image\" \/>\n<meta name=\"twitter:creator\" content=\"@diarioeltrabajo\" \/>\n<meta name=\"twitter:site\" content=\"@diarioeltrabajo\" \/>\n<meta name=\"twitter:label1\" content=\"Escrito por\" \/>\n\t<meta name=\"twitter:data1\" content=\"Diario El Trabajo\" \/>\n\t<meta name=\"twitter:label2\" content=\"Tiempo estimado de lectura\" \/>\n\t<meta name=\"twitter:data2\" content=\"2 minutos\" \/>\n<script type=\"application\/ld+json\" class=\"yoast-schema-graph\">{\"@context\":\"https:\\\/\\\/schema.org\",\"@graph\":[{\"@type\":\"Article\",\"@id\":\"https:\\\/\\\/eltrabajo.cl\\\/web\\\/almendral-alto-es-el-primer-finalista-del-afava\\\/#article\",\"isPartOf\":{\"@id\":\"https:\\\/\\\/eltrabajo.cl\\\/web\\\/almendral-alto-es-el-primer-finalista-del-afava\\\/\"},\"author\":{\"name\":\"Diario El Trabajo\",\"@id\":\"https:\\\/\\\/eltrabajo.cl\\\/web\\\/#\\\/schema\\\/person\\\/45efd3d17f86ec456e44dd7debe1bf19\"},\"headline\":\"Almendral Alto es el primer finalista del Afava\",\"datePublished\":\"2025-04-15T00:48:00+00:00\",\"mainEntityOfPage\":{\"@id\":\"https:\\\/\\\/eltrabajo.cl\\\/web\\\/almendral-alto-es-el-primer-finalista-del-afava\\\/\"},\"wordCount\":292,\"commentCount\":0,\"publisher\":{\"@id\":\"https:\\\/\\\/eltrabajo.cl\\\/web\\\/#organization\"},\"image\":{\"@id\":\"https:\\\/\\\/eltrabajo.cl\\\/web\\\/almendral-alto-es-el-primer-finalista-del-afava\\\/#primaryimage\"},\"thumbnailUrl\":\"https:\\\/\\\/eltrabajo.cl\\\/web\\\/wp-content\\\/uploads\\\/2025\\\/04\\\/almendral-alto-1.jpg\",\"articleSection\":[\"Deportes\"],\"inLanguage\":\"es-CL\",\"potentialAction\":[{\"@type\":\"CommentAction\",\"name\":\"Comment\",\"target\":[\"https:\\\/\\\/eltrabajo.cl\\\/web\\\/almendral-alto-es-el-primer-finalista-del-afava\\\/#respond\"]}]},{\"@type\":\"WebPage\",\"@id\":\"https:\\\/\\\/eltrabajo.cl\\\/web\\\/almendral-alto-es-el-primer-finalista-del-afava\\\/\",\"url\":\"https:\\\/\\\/eltrabajo.cl\\\/web\\\/almendral-alto-es-el-primer-finalista-del-afava\\\/\",\"name\":\"Almendral Alto es el primer finalista del Afava - Diario El Trabajo\",\"isPartOf\":{\"@id\":\"https:\\\/\\\/eltrabajo.cl\\\/web\\\/#website\"},\"primaryImageOfPage\":{\"@id\":\"https:\\\/\\\/eltrabajo.cl\\\/web\\\/almendral-alto-es-el-primer-finalista-del-afava\\\/#primaryimage\"},\"image\":{\"@id\":\"https:\\\/\\\/eltrabajo.cl\\\/web\\\/almendral-alto-es-el-primer-finalista-del-afava\\\/#primaryimage\"},\"thumbnailUrl\":\"https:\\\/\\\/eltrabajo.cl\\\/web\\\/wp-content\\\/uploads\\\/2025\\\/04\\\/almendral-alto-1.jpg\",\"datePublished\":\"2025-04-15T00:48:00+00:00\",\"breadcrumb\":{\"@id\":\"https:\\\/\\\/eltrabajo.cl\\\/web\\\/almendral-alto-es-el-primer-finalista-del-afava\\\/#breadcrumb\"},\"inLanguage\":\"es-CL\",\"potentialAction\":[{\"@type\":\"ReadAction\",\"target\":[\"https:\\\/\\\/eltrabajo.cl\\\/web\\\/almendral-alto-es-el-primer-finalista-del-afava\\\/\"]}]},{\"@type\":\"ImageObject\",\"inLanguage\":\"es-CL\",\"@id\":\"https:\\\/\\\/eltrabajo.cl\\\/web\\\/almendral-alto-es-el-primer-finalista-del-afava\\\/#primaryimage\",\"url\":\"https:\\\/\\\/eltrabajo.cl\\\/web\\\/wp-content\\\/uploads\\\/2025\\\/04\\\/almendral-alto-1.jpg\",\"contentUrl\":\"https:\\\/\\\/eltrabajo.cl\\\/web\\\/wp-content\\\/uploads\\\/2025\\\/04\\\/almendral-alto-1.jpg\",\"width\":699,\"height\":469,\"caption\":\"Integrantes de Almendral Alto celebran el paso a la gran final del Afava.\"},{\"@type\":\"BreadcrumbList\",\"@id\":\"https:\\\/\\\/eltrabajo.cl\\\/web\\\/almendral-alto-es-el-primer-finalista-del-afava\\\/#breadcrumb\",\"itemListElement\":[{\"@type\":\"ListItem\",\"position\":1,\"name\":\"Portada\",\"item\":\"https:\\\/\\\/eltrabajo.cl\\\/web\\\/\"},{\"@type\":\"ListItem\",\"position\":2,\"name\":\"Almendral Alto es el primer finalista del Afava\"}]},{\"@type\":\"WebSite\",\"@id\":\"https:\\\/\\\/eltrabajo.cl\\\/web\\\/#website\",\"url\":\"https:\\\/\\\/eltrabajo.cl\\\/web\\\/\",\"name\":\"Diario El Trabajo\",\"description\":\"Desde 1929 construyendo Identidad Local\",\"publisher\":{\"@id\":\"https:\\\/\\\/eltrabajo.cl\\\/web\\\/#organization\"},\"potentialAction\":[{\"@type\":\"SearchAction\",\"target\":{\"@type\":\"EntryPoint\",\"urlTemplate\":\"https:\\\/\\\/eltrabajo.cl\\\/web\\\/?s={search_term_string}\"},\"query-input\":{\"@type\":\"PropertyValueSpecification\",\"valueRequired\":true,\"valueName\":\"search_term_string\"}}],\"inLanguage\":\"es-CL\"},{\"@type\":\"Organization\",\"@id\":\"https:\\\/\\\/eltrabajo.cl\\\/web\\\/#organization\",\"name\":\"Diario El Trabajo\",\"url\":\"https:\\\/\\\/eltrabajo.cl\\\/web\\\/\",\"logo\":{\"@type\":\"ImageObject\",\"inLanguage\":\"es-CL\",\"@id\":\"https:\\\/\\\/eltrabajo.cl\\\/web\\\/#\\\/schema\\\/logo\\\/image\\\/\",\"url\":\"https:\\\/\\\/eltrabajo.cl\\\/web\\\/wp-content\\\/uploads\\\/2024\\\/06\\\/profile-image-ig-page-diarioeltrabajo.jpg\",\"contentUrl\":\"https:\\\/\\\/eltrabajo.cl\\\/web\\\/wp-content\\\/uploads\\\/2024\\\/06\\\/profile-image-ig-page-diarioeltrabajo.jpg\",\"width\":823,\"height\":823,\"caption\":\"Diario El Trabajo\"},\"image\":{\"@id\":\"https:\\\/\\\/eltrabajo.cl\\\/web\\\/#\\\/schema\\\/logo\\\/image\\\/\"},\"sameAs\":[\"https:\\\/\\\/www.facebook.com\\\/ElTrabajoDiario\",\"https:\\\/\\\/x.com\\\/diarioeltrabajo\"]},{\"@type\":\"Person\",\"@id\":\"https:\\\/\\\/eltrabajo.cl\\\/web\\\/#\\\/schema\\\/person\\\/45efd3d17f86ec456e44dd7debe1bf19\",\"name\":\"Diario El Trabajo\",\"image\":{\"@type\":\"ImageObject\",\"inLanguage\":\"es-CL\",\"@id\":\"https:\\\/\\\/secure.gravatar.com\\\/avatar\\\/7e6ec277dc4aea2677c2dc301d4227957219329c985ab69a3efc12518b5161aa?s=96&d=mm&r=g\",\"url\":\"https:\\\/\\\/secure.gravatar.com\\\/avatar\\\/7e6ec277dc4aea2677c2dc301d4227957219329c985ab69a3efc12518b5161aa?s=96&d=mm&r=g\",\"contentUrl\":\"https:\\\/\\\/secure.gravatar.com\\\/avatar\\\/7e6ec277dc4aea2677c2dc301d4227957219329c985ab69a3efc12518b5161aa?s=96&d=mm&r=g\",\"caption\":\"Diario El Trabajo\"},\"sameAs\":[\"https:\\\/\\\/eltrabajo.cl\\\/web\"],\"url\":\"https:\\\/\\\/eltrabajo.cl\\\/web\\\/author\\\/diario-el-trabajo\\\/\"}]}<\/script>\n<!-- \/ Yoast SEO plugin. -->","yoast_head_json":{"title":"Almendral Alto es el primer finalista del Afava - Diario El Trabajo","robots":{"index":"index","follow":"follow","max-snippet":"max-snippet:-1","max-image-preview":"max-image-preview:large","max-video-preview":"max-video-preview:-1"},"canonical":"https:\/\/eltrabajo.cl\/web\/almendral-alto-es-el-primer-finalista-del-afava\/","og_locale":"es_ES","og_type":"article","og_title":"Almendral Alto es el primer finalista del Afava - Diario El Trabajo","og_description":"Entregando claras se\u00f1ales de por qu\u00e9 desde el inicio estuvieron considerados dentro de los favoritos para adue\u00f1arse de la vig\u00e9simo quinta versi\u00f3n del torneo Cordillera, el club Almendral Alto abroch\u00f3 su paso a la gran final del campeonato al superar de manera muy clara al Colo Colo Far\u00edas, en el encuentro deportivo disputado el domingo [&hellip;]","og_url":"https:\/\/eltrabajo.cl\/web\/almendral-alto-es-el-primer-finalista-del-afava\/","og_site_name":"Diario El Trabajo","article_publisher":"https:\/\/www.facebook.com\/ElTrabajoDiario","article_published_time":"2025-04-15T00:48:00+00:00","og_image":[{"width":699,"height":469,"url":"https:\/\/eltrabajo.cl\/web\/wp-content\/uploads\/2025\/04\/almendral-alto-1.jpg","type":"image\/jpeg"}],"author":"Diario El Trabajo","twitter_card":"summary_large_image","twitter_creator":"@diarioeltrabajo","twitter_site":"@diarioeltrabajo","twitter_misc":{"Escrito por":"Diario El Trabajo","Tiempo estimado de lectura":"2 minutos"},"schema":{"@context":"https:\/\/schema.org","@graph":[{"@type":"Article","@id":"https:\/\/eltrabajo.cl\/web\/almendral-alto-es-el-primer-finalista-del-afava\/#article","isPartOf":{"@id":"https:\/\/eltrabajo.cl\/web\/almendral-alto-es-el-primer-finalista-del-afava\/"},"author":{"name":"Diario El Trabajo","@id":"https:\/\/eltrabajo.cl\/web\/#\/schema\/person\/45efd3d17f86ec456e44dd7debe1bf19"},"headline":"Almendral Alto es el primer finalista del Afava","datePublished":"2025-04-15T00:48:00+00:00","mainEntityOfPage":{"@id":"https:\/\/eltrabajo.cl\/web\/almendral-alto-es-el-primer-finalista-del-afava\/"},"wordCount":292,"commentCount":0,"publisher":{"@id":"https:\/\/eltrabajo.cl\/web\/#organization"},"image":{"@id":"https:\/\/eltrabajo.cl\/web\/almendral-alto-es-el-primer-finalista-del-afava\/#primaryimage"},"thumbnailUrl":"https:\/\/eltrabajo.cl\/web\/wp-content\/uploads\/2025\/04\/almendral-alto-1.jpg","articleSection":["Deportes"],"inLanguage":"es-CL","potentialAction":[{"@type":"CommentAction","name":"Comment","target":["https:\/\/eltrabajo.cl\/web\/almendral-alto-es-el-primer-finalista-del-afava\/#respond"]}]},{"@type":"WebPage","@id":"https:\/\/eltrabajo.cl\/web\/almendral-alto-es-el-primer-finalista-del-afava\/","url":"https:\/\/eltrabajo.cl\/web\/almendral-alto-es-el-primer-finalista-del-afava\/","name":"Almendral Alto es el primer finalista del Afava - Diario El Trabajo","isPartOf":{"@id":"https:\/\/eltrabajo.cl\/web\/#website"},"primaryImageOfPage":{"@id":"https:\/\/eltrabajo.cl\/web\/almendral-alto-es-el-primer-finalista-del-afava\/#primaryimage"},"image":{"@id":"https:\/\/eltrabajo.cl\/web\/almendral-alto-es-el-primer-finalista-del-afava\/#primaryimage"},"thumbnailUrl":"https:\/\/eltrabajo.cl\/web\/wp-content\/uploads\/2025\/04\/almendral-alto-1.jpg","datePublished":"2025-04-15T00:48:00+00:00","breadcrumb":{"@id":"https:\/\/eltrabajo.cl\/web\/almendral-alto-es-el-primer-finalista-del-afava\/#breadcrumb"},"inLanguage":"es-CL","potentialAction":[{"@type":"ReadAction","target":["https:\/\/eltrabajo.cl\/web\/almendral-alto-es-el-primer-finalista-del-afava\/"]}]},{"@type":"ImageObject","inLanguage":"es-CL","@id":"https:\/\/eltrabajo.cl\/web\/almendral-alto-es-el-primer-finalista-del-afava\/#primaryimage","url":"https:\/\/eltrabajo.cl\/web\/wp-content\/uploads\/2025\/04\/almendral-alto-1.jpg","contentUrl":"https:\/\/eltrabajo.cl\/web\/wp-content\/uploads\/2025\/04\/almendral-alto-1.jpg","width":699,"height":469,"caption":"Integrantes de Almendral Alto celebran el paso a la gran final del Afava."},{"@type":"BreadcrumbList","@id":"https:\/\/eltrabajo.cl\/web\/almendral-alto-es-el-primer-finalista-del-afava\/#breadcrumb","itemListElement":[{"@type":"ListItem","position":1,"name":"Portada","item":"https:\/\/eltrabajo.cl\/web\/"},{"@type":"ListItem","position":2,"name":"Almendral Alto es el primer finalista del Afava"}]},{"@type":"WebSite","@id":"https:\/\/eltrabajo.cl\/web\/#website","url":"https:\/\/eltrabajo.cl\/web\/","name":"Diario El Trabajo","description":"Desde 1929 construyendo Identidad Local","publisher":{"@id":"https:\/\/eltrabajo.cl\/web\/#organization"},"potentialAction":[{"@type":"SearchAction","target":{"@type":"EntryPoint","urlTemplate":"https:\/\/eltrabajo.cl\/web\/?s={search_term_string}"},"query-input":{"@type":"PropertyValueSpecification","valueRequired":true,"valueName":"search_term_string"}}],"inLanguage":"es-CL"},{"@type":"Organization","@id":"https:\/\/eltrabajo.cl\/web\/#organization","name":"Diario El Trabajo","url":"https:\/\/eltrabajo.cl\/web\/","logo":{"@type":"ImageObject","inLanguage":"es-CL","@id":"https:\/\/eltrabajo.cl\/web\/#\/schema\/logo\/image\/","url":"https:\/\/eltrabajo.cl\/web\/wp-content\/uploads\/2024\/06\/profile-image-ig-page-diarioeltrabajo.jpg","contentUrl":"https:\/\/eltrabajo.cl\/web\/wp-content\/uploads\/2024\/06\/profile-image-ig-page-diarioeltrabajo.jpg","width":823,"height":823,"caption":"Diario El Trabajo"},"image":{"@id":"https:\/\/eltrabajo.cl\/web\/#\/schema\/logo\/image\/"},"sameAs":["https:\/\/www.facebook.com\/ElTrabajoDiario","https:\/\/x.com\/diarioeltrabajo"]},{"@type":"Person","@id":"https:\/\/eltrabajo.cl\/web\/#\/schema\/person\/45efd3d17f86ec456e44dd7debe1bf19","name":"Diario El Trabajo","image":{"@type":"ImageObject","inLanguage":"es-CL","@id":"https:\/\/secure.gravatar.com\/avatar\/7e6ec277dc4aea2677c2dc301d4227957219329c985ab69a3efc12518b5161aa?s=96&d=mm&r=g","url":"https:\/\/secure.gravatar.com\/avatar\/7e6ec277dc4aea2677c2dc301d4227957219329c985ab69a3efc12518b5161aa?s=96&d=mm&r=g","contentUrl":"https:\/\/secure.gravatar.com\/avatar\/7e6ec277dc4aea2677c2dc301d4227957219329c985ab69a3efc12518b5161aa?s=96&d=mm&r=g","caption":"Diario El Trabajo"},"sameAs":["https:\/\/eltrabajo.cl\/web"],"url":"https:\/\/eltrabajo.cl\/web\/author\/diario-el-trabajo\/"}]}},"_links":{"self":[{"href":"https:\/\/eltrabajo.cl\/web\/wp-json\/wp\/v2\/posts\/136381","targetHints":{"allow":["GET"]}}],"collection":[{"href":"https:\/\/eltrabajo.cl\/web\/wp-json\/wp\/v2\/posts"}],"about":[{"href":"https:\/\/eltrabajo.cl\/web\/wp-json\/wp\/v2\/types\/post"}],"author":[{"embeddable":true,"href":"https:\/\/eltrabajo.cl\/web\/wp-json\/wp\/v2\/users\/1"}],"replies":[{"embeddable":true,"href":"https:\/\/eltrabajo.cl\/web\/wp-json\/wp\/v2\/comments?post=136381"}],"version-history":[{"count":1,"href":"https:\/\/eltrabajo.cl\/web\/wp-json\/wp\/v2\/posts\/136381\/revisions"}],"predecessor-version":[{"id":136383,"href":"https:\/\/eltrabajo.cl\/web\/wp-json\/wp\/v2\/posts\/136381\/revisions\/136383"}],"wp:featuredmedia":[{"embeddable":true,"href":"https:\/\/eltrabajo.cl\/web\/wp-json\/wp\/v2\/media\/136382"}],"wp:attachment":[{"href":"https:\/\/eltrabajo.cl\/web\/wp-json\/wp\/v2\/media?parent=136381"}],"wp:term":[{"taxonomy":"category","embeddable":true,"href":"https:\/\/eltrabajo.cl\/web\/wp-json\/wp\/v2\/categories?post=136381"},{"taxonomy":"post_tag","embeddable":true,"href":"https:\/\/eltrabajo.cl\/web\/wp-json\/wp\/v2\/tags?post=136381"}],"curies":[{"name":"wp","href":"https:\/\/api.w.org\/{rel}","templated":true}]}}