{"id":136394,"date":"2025-04-15T21:50:18","date_gmt":"2025-04-16T00:50:18","guid":{"rendered":"https:\/\/eltrabajo.cl\/web\/?p=136394"},"modified":"2025-04-15T21:50:18","modified_gmt":"2025-04-16T00:50:18","slug":"san-felipe-basket-saca-adelante-la-tarea-frente-a-sportiva-italiana","status":"publish","type":"post","link":"https:\/\/eltrabajo.cl\/web\/san-felipe-basket-saca-adelante-la-tarea-frente-a-sportiva-italiana\/","title":{"rendered":"San Felipe Basket saca adelante la tarea frente a Sportiva Italiana"},"content":{"rendered":"<p>Por la fecha dos del torneo A de la Libcentro Menores, los quintetos U13, U15 y U17 de San Felipe, enfrentaron a sus similares de Sportiva Italiana, juegos que el domingo pasado tuvieron lugar en el gimnasio Alejandro Rivadeneira.<\/p>\n<p>El resumen de la jornada termin\u00f3 siendo favorable para el club sanfelipe\u00f1o, que se hizo de dos triunfos y solo una derrota. <em>\u00abEn la serie Sub- 13 nos impusimos<\/em> (67-40)<em> por un margen muy amplio, demostrando el gran nivel que tiene nuestro equipo, que tiene una gran intensidad defensiva, adem\u00e1s de mucha inteligencia para correr la cancha\u00bb<\/em>, formul\u00f3 el jefe t\u00e9cnico de San Felipe Basket, <strong>Felipe Rodr\u00edguez<\/strong>.<\/p>\n<p>M\u00e1s adelante, el profesor explic\u00f3 el triunfo en la serie Sub-15 y ca\u00edda en la Sub-17. <em>\u00abEn menores de 15 a\u00f1os fue un partido m\u00e1s apretado y entretenido. Se empez\u00f3 bien y en el segundo cuarto se baj\u00f3 un poco. Felizmente en el tercero y cuarto parciales pudimos levantar hasta ganar el encuentro<\/em> (86-71)<em>. En este partido fue clave la uni\u00f3n y gran trabajo colectivo del equipo. En la categoria U-17, hicimos un muy bien primer cuarto, pero despu\u00e9s Sportiva creci\u00f3 mucho, adem\u00e1s de tener un gran porcentaje de tiros de tres puntos. Hicieron trece triples, aparte que ven\u00eda <strong>Luis Musrri<\/strong>, un jugador de calidad nacional y seleccionado chileno que adem\u00e1s juega en la Primera Divisi\u00f3n con Sportiva. Con eso nos ganaron de manera c\u00f3moda<\/em> (49-87)<em>, pero al mismo tiempo este tipo de derrotas deja muchas ense\u00f1anzas y motivaci\u00f3n para salir adelante\u00bb<\/em>, explic\u00f3 el entrenador, quien tambi\u00e9n destac\u00f3 el apoyo del municipio, la Daem de San Felipe y el director del Liceo Polit\u00e9cnico, que les permitieron utilizar el gimnasio de la calle Carlos Condell.<\/p>\n<figure id=\"attachment_136395\" aria-describedby=\"caption-attachment-136395\" style=\"width: 699px\" class=\"wp-caption alignnone\"><img loading=\"lazy\" decoding=\"async\" class=\"size-full wp-image-136395\" src=\"http:\/\/eltrabajo.cl\/web\/wp-content\/uploads\/2025\/04\/sfb-1.jpg\" alt=\"El recuento frente a Sportiva termin\u00f3 siendo favorable para San Felipe Basket.\" width=\"699\" height=\"501\" srcset=\"https:\/\/eltrabajo.cl\/web\/wp-content\/uploads\/2025\/04\/sfb-1.jpg 699w, https:\/\/eltrabajo.cl\/web\/wp-content\/uploads\/2025\/04\/sfb-1-300x215.jpg 300w, https:\/\/eltrabajo.cl\/web\/wp-content\/uploads\/2025\/04\/sfb-1-586x420.jpg 586w, https:\/\/eltrabajo.cl\/web\/wp-content\/uploads\/2025\/04\/sfb-1-150x108.jpg 150w, https:\/\/eltrabajo.cl\/web\/wp-content\/uploads\/2025\/04\/sfb-1-696x499.jpg 696w\" sizes=\"auto, (max-width: 699px) 100vw, 699px\" \/><figcaption id=\"caption-attachment-136395\" class=\"wp-caption-text\">El recuento frente a Sportiva termin\u00f3 siendo favorable para San Felipe Basket.<\/figcaption><\/figure>\n","protected":false},"excerpt":{"rendered":"<p>Por la fecha dos del torneo A de la Libcentro Menores, los quintetos U13, U15 y U17 de San Felipe, enfrentaron a sus similares de Sportiva Italiana, juegos que el domingo pasado tuvieron lugar en el gimnasio Alejandro Rivadeneira. El resumen de la jornada termin\u00f3 siendo favorable para el club sanfelipe\u00f1o, que se hizo de [&hellip;]<\/p>\n","protected":false},"author":1,"featured_media":136395,"comment_status":"open","ping_status":"closed","sticky":false,"template":"","format":"standard","meta":{"footnotes":""},"categories":[2],"tags":[],"class_list":{"0":"post-136394","1":"post","2":"type-post","3":"status-publish","4":"format-standard","5":"has-post-thumbnail","7":"category-deportes"},"yoast_head":"<!-- This site is optimized with the Yoast SEO plugin v27.5 - https:\/\/yoast.com\/product\/yoast-seo-wordpress\/ -->\n<title>San Felipe Basket saca adelante la tarea frente a Sportiva Italiana - Diario El Trabajo<\/title>\n<meta name=\"robots\" content=\"index, follow, max-snippet:-1, max-image-preview:large, max-video-preview:-1\" \/>\n<link rel=\"canonical\" href=\"https:\/\/eltrabajo.cl\/web\/san-felipe-basket-saca-adelante-la-tarea-frente-a-sportiva-italiana\/\" \/>\n<meta property=\"og:locale\" content=\"es_ES\" \/>\n<meta property=\"og:type\" content=\"article\" \/>\n<meta property=\"og:title\" content=\"San Felipe Basket saca adelante la tarea frente a Sportiva Italiana - Diario El Trabajo\" \/>\n<meta property=\"og:description\" content=\"Por la fecha dos del torneo A de la Libcentro Menores, los quintetos U13, U15 y U17 de San Felipe, enfrentaron a sus similares de Sportiva Italiana, juegos que el domingo pasado tuvieron lugar en el gimnasio Alejandro Rivadeneira. El resumen de la jornada termin\u00f3 siendo favorable para el club sanfelipe\u00f1o, que se hizo de [&hellip;]\" \/>\n<meta property=\"og:url\" content=\"https:\/\/eltrabajo.cl\/web\/san-felipe-basket-saca-adelante-la-tarea-frente-a-sportiva-italiana\/\" \/>\n<meta property=\"og:site_name\" content=\"Diario El Trabajo\" \/>\n<meta property=\"article:publisher\" content=\"https:\/\/www.facebook.com\/ElTrabajoDiario\" \/>\n<meta property=\"article:published_time\" content=\"2025-04-16T00:50:18+00:00\" \/>\n<meta property=\"og:image\" content=\"https:\/\/eltrabajo.cl\/web\/wp-content\/uploads\/2025\/04\/sfb-1.jpg\" \/>\n\t<meta property=\"og:image:width\" content=\"699\" \/>\n\t<meta property=\"og:image:height\" content=\"501\" \/>\n\t<meta property=\"og:image:type\" content=\"image\/jpeg\" \/>\n<meta name=\"author\" content=\"Diario El Trabajo\" \/>\n<meta name=\"twitter:card\" content=\"summary_large_image\" \/>\n<meta name=\"twitter:creator\" content=\"@diarioeltrabajo\" \/>\n<meta name=\"twitter:site\" content=\"@diarioeltrabajo\" \/>\n<meta name=\"twitter:label1\" content=\"Escrito por\" \/>\n\t<meta name=\"twitter:data1\" content=\"Diario El Trabajo\" \/>\n\t<meta name=\"twitter:label2\" content=\"Tiempo estimado de lectura\" \/>\n\t<meta name=\"twitter:data2\" content=\"2 minutos\" \/>\n<script type=\"application\/ld+json\" class=\"yoast-schema-graph\">{\"@context\":\"https:\\\/\\\/schema.org\",\"@graph\":[{\"@type\":\"Article\",\"@id\":\"https:\\\/\\\/eltrabajo.cl\\\/web\\\/san-felipe-basket-saca-adelante-la-tarea-frente-a-sportiva-italiana\\\/#article\",\"isPartOf\":{\"@id\":\"https:\\\/\\\/eltrabajo.cl\\\/web\\\/san-felipe-basket-saca-adelante-la-tarea-frente-a-sportiva-italiana\\\/\"},\"author\":{\"name\":\"Diario El Trabajo\",\"@id\":\"https:\\\/\\\/eltrabajo.cl\\\/web\\\/#\\\/schema\\\/person\\\/45efd3d17f86ec456e44dd7debe1bf19\"},\"headline\":\"San Felipe Basket saca adelante la tarea frente a Sportiva Italiana\",\"datePublished\":\"2025-04-16T00:50:18+00:00\",\"mainEntityOfPage\":{\"@id\":\"https:\\\/\\\/eltrabajo.cl\\\/web\\\/san-felipe-basket-saca-adelante-la-tarea-frente-a-sportiva-italiana\\\/\"},\"wordCount\":327,\"commentCount\":0,\"publisher\":{\"@id\":\"https:\\\/\\\/eltrabajo.cl\\\/web\\\/#organization\"},\"image\":{\"@id\":\"https:\\\/\\\/eltrabajo.cl\\\/web\\\/san-felipe-basket-saca-adelante-la-tarea-frente-a-sportiva-italiana\\\/#primaryimage\"},\"thumbnailUrl\":\"https:\\\/\\\/eltrabajo.cl\\\/web\\\/wp-content\\\/uploads\\\/2025\\\/04\\\/sfb-1.jpg\",\"articleSection\":[\"Deportes\"],\"inLanguage\":\"es-CL\",\"potentialAction\":[{\"@type\":\"CommentAction\",\"name\":\"Comment\",\"target\":[\"https:\\\/\\\/eltrabajo.cl\\\/web\\\/san-felipe-basket-saca-adelante-la-tarea-frente-a-sportiva-italiana\\\/#respond\"]}]},{\"@type\":\"WebPage\",\"@id\":\"https:\\\/\\\/eltrabajo.cl\\\/web\\\/san-felipe-basket-saca-adelante-la-tarea-frente-a-sportiva-italiana\\\/\",\"url\":\"https:\\\/\\\/eltrabajo.cl\\\/web\\\/san-felipe-basket-saca-adelante-la-tarea-frente-a-sportiva-italiana\\\/\",\"name\":\"San Felipe Basket saca adelante la tarea frente a Sportiva Italiana - Diario El Trabajo\",\"isPartOf\":{\"@id\":\"https:\\\/\\\/eltrabajo.cl\\\/web\\\/#website\"},\"primaryImageOfPage\":{\"@id\":\"https:\\\/\\\/eltrabajo.cl\\\/web\\\/san-felipe-basket-saca-adelante-la-tarea-frente-a-sportiva-italiana\\\/#primaryimage\"},\"image\":{\"@id\":\"https:\\\/\\\/eltrabajo.cl\\\/web\\\/san-felipe-basket-saca-adelante-la-tarea-frente-a-sportiva-italiana\\\/#primaryimage\"},\"thumbnailUrl\":\"https:\\\/\\\/eltrabajo.cl\\\/web\\\/wp-content\\\/uploads\\\/2025\\\/04\\\/sfb-1.jpg\",\"datePublished\":\"2025-04-16T00:50:18+00:00\",\"breadcrumb\":{\"@id\":\"https:\\\/\\\/eltrabajo.cl\\\/web\\\/san-felipe-basket-saca-adelante-la-tarea-frente-a-sportiva-italiana\\\/#breadcrumb\"},\"inLanguage\":\"es-CL\",\"potentialAction\":[{\"@type\":\"ReadAction\",\"target\":[\"https:\\\/\\\/eltrabajo.cl\\\/web\\\/san-felipe-basket-saca-adelante-la-tarea-frente-a-sportiva-italiana\\\/\"]}]},{\"@type\":\"ImageObject\",\"inLanguage\":\"es-CL\",\"@id\":\"https:\\\/\\\/eltrabajo.cl\\\/web\\\/san-felipe-basket-saca-adelante-la-tarea-frente-a-sportiva-italiana\\\/#primaryimage\",\"url\":\"https:\\\/\\\/eltrabajo.cl\\\/web\\\/wp-content\\\/uploads\\\/2025\\\/04\\\/sfb-1.jpg\",\"contentUrl\":\"https:\\\/\\\/eltrabajo.cl\\\/web\\\/wp-content\\\/uploads\\\/2025\\\/04\\\/sfb-1.jpg\",\"width\":699,\"height\":501,\"caption\":\"El recuento frente a Sportiva termin\u00f3 siendo favorable para San Felipe Basket.\"},{\"@type\":\"BreadcrumbList\",\"@id\":\"https:\\\/\\\/eltrabajo.cl\\\/web\\\/san-felipe-basket-saca-adelante-la-tarea-frente-a-sportiva-italiana\\\/#breadcrumb\",\"itemListElement\":[{\"@type\":\"ListItem\",\"position\":1,\"name\":\"Portada\",\"item\":\"https:\\\/\\\/eltrabajo.cl\\\/web\\\/\"},{\"@type\":\"ListItem\",\"position\":2,\"name\":\"San Felipe Basket saca adelante la tarea frente a Sportiva Italiana\"}]},{\"@type\":\"WebSite\",\"@id\":\"https:\\\/\\\/eltrabajo.cl\\\/web\\\/#website\",\"url\":\"https:\\\/\\\/eltrabajo.cl\\\/web\\\/\",\"name\":\"Diario El Trabajo\",\"description\":\"Desde 1929 construyendo Identidad Local\",\"publisher\":{\"@id\":\"https:\\\/\\\/eltrabajo.cl\\\/web\\\/#organization\"},\"potentialAction\":[{\"@type\":\"SearchAction\",\"target\":{\"@type\":\"EntryPoint\",\"urlTemplate\":\"https:\\\/\\\/eltrabajo.cl\\\/web\\\/?s={search_term_string}\"},\"query-input\":{\"@type\":\"PropertyValueSpecification\",\"valueRequired\":true,\"valueName\":\"search_term_string\"}}],\"inLanguage\":\"es-CL\"},{\"@type\":\"Organization\",\"@id\":\"https:\\\/\\\/eltrabajo.cl\\\/web\\\/#organization\",\"name\":\"Diario El Trabajo\",\"url\":\"https:\\\/\\\/eltrabajo.cl\\\/web\\\/\",\"logo\":{\"@type\":\"ImageObject\",\"inLanguage\":\"es-CL\",\"@id\":\"https:\\\/\\\/eltrabajo.cl\\\/web\\\/#\\\/schema\\\/logo\\\/image\\\/\",\"url\":\"https:\\\/\\\/eltrabajo.cl\\\/web\\\/wp-content\\\/uploads\\\/2024\\\/06\\\/profile-image-ig-page-diarioeltrabajo.jpg\",\"contentUrl\":\"https:\\\/\\\/eltrabajo.cl\\\/web\\\/wp-content\\\/uploads\\\/2024\\\/06\\\/profile-image-ig-page-diarioeltrabajo.jpg\",\"width\":823,\"height\":823,\"caption\":\"Diario El Trabajo\"},\"image\":{\"@id\":\"https:\\\/\\\/eltrabajo.cl\\\/web\\\/#\\\/schema\\\/logo\\\/image\\\/\"},\"sameAs\":[\"https:\\\/\\\/www.facebook.com\\\/ElTrabajoDiario\",\"https:\\\/\\\/x.com\\\/diarioeltrabajo\"]},{\"@type\":\"Person\",\"@id\":\"https:\\\/\\\/eltrabajo.cl\\\/web\\\/#\\\/schema\\\/person\\\/45efd3d17f86ec456e44dd7debe1bf19\",\"name\":\"Diario El Trabajo\",\"image\":{\"@type\":\"ImageObject\",\"inLanguage\":\"es-CL\",\"@id\":\"https:\\\/\\\/secure.gravatar.com\\\/avatar\\\/7e6ec277dc4aea2677c2dc301d4227957219329c985ab69a3efc12518b5161aa?s=96&d=mm&r=g\",\"url\":\"https:\\\/\\\/secure.gravatar.com\\\/avatar\\\/7e6ec277dc4aea2677c2dc301d4227957219329c985ab69a3efc12518b5161aa?s=96&d=mm&r=g\",\"contentUrl\":\"https:\\\/\\\/secure.gravatar.com\\\/avatar\\\/7e6ec277dc4aea2677c2dc301d4227957219329c985ab69a3efc12518b5161aa?s=96&d=mm&r=g\",\"caption\":\"Diario El Trabajo\"},\"sameAs\":[\"https:\\\/\\\/eltrabajo.cl\\\/web\"],\"url\":\"https:\\\/\\\/eltrabajo.cl\\\/web\\\/author\\\/diario-el-trabajo\\\/\"}]}<\/script>\n<!-- \/ Yoast SEO plugin. -->","yoast_head_json":{"title":"San Felipe Basket saca adelante la tarea frente a Sportiva Italiana - Diario El Trabajo","robots":{"index":"index","follow":"follow","max-snippet":"max-snippet:-1","max-image-preview":"max-image-preview:large","max-video-preview":"max-video-preview:-1"},"canonical":"https:\/\/eltrabajo.cl\/web\/san-felipe-basket-saca-adelante-la-tarea-frente-a-sportiva-italiana\/","og_locale":"es_ES","og_type":"article","og_title":"San Felipe Basket saca adelante la tarea frente a Sportiva Italiana - Diario El Trabajo","og_description":"Por la fecha dos del torneo A de la Libcentro Menores, los quintetos U13, U15 y U17 de San Felipe, enfrentaron a sus similares de Sportiva Italiana, juegos que el domingo pasado tuvieron lugar en el gimnasio Alejandro Rivadeneira. El resumen de la jornada termin\u00f3 siendo favorable para el club sanfelipe\u00f1o, que se hizo de [&hellip;]","og_url":"https:\/\/eltrabajo.cl\/web\/san-felipe-basket-saca-adelante-la-tarea-frente-a-sportiva-italiana\/","og_site_name":"Diario El Trabajo","article_publisher":"https:\/\/www.facebook.com\/ElTrabajoDiario","article_published_time":"2025-04-16T00:50:18+00:00","og_image":[{"width":699,"height":501,"url":"https:\/\/eltrabajo.cl\/web\/wp-content\/uploads\/2025\/04\/sfb-1.jpg","type":"image\/jpeg"}],"author":"Diario El Trabajo","twitter_card":"summary_large_image","twitter_creator":"@diarioeltrabajo","twitter_site":"@diarioeltrabajo","twitter_misc":{"Escrito por":"Diario El Trabajo","Tiempo estimado de lectura":"2 minutos"},"schema":{"@context":"https:\/\/schema.org","@graph":[{"@type":"Article","@id":"https:\/\/eltrabajo.cl\/web\/san-felipe-basket-saca-adelante-la-tarea-frente-a-sportiva-italiana\/#article","isPartOf":{"@id":"https:\/\/eltrabajo.cl\/web\/san-felipe-basket-saca-adelante-la-tarea-frente-a-sportiva-italiana\/"},"author":{"name":"Diario El Trabajo","@id":"https:\/\/eltrabajo.cl\/web\/#\/schema\/person\/45efd3d17f86ec456e44dd7debe1bf19"},"headline":"San Felipe Basket saca adelante la tarea frente a Sportiva Italiana","datePublished":"2025-04-16T00:50:18+00:00","mainEntityOfPage":{"@id":"https:\/\/eltrabajo.cl\/web\/san-felipe-basket-saca-adelante-la-tarea-frente-a-sportiva-italiana\/"},"wordCount":327,"commentCount":0,"publisher":{"@id":"https:\/\/eltrabajo.cl\/web\/#organization"},"image":{"@id":"https:\/\/eltrabajo.cl\/web\/san-felipe-basket-saca-adelante-la-tarea-frente-a-sportiva-italiana\/#primaryimage"},"thumbnailUrl":"https:\/\/eltrabajo.cl\/web\/wp-content\/uploads\/2025\/04\/sfb-1.jpg","articleSection":["Deportes"],"inLanguage":"es-CL","potentialAction":[{"@type":"CommentAction","name":"Comment","target":["https:\/\/eltrabajo.cl\/web\/san-felipe-basket-saca-adelante-la-tarea-frente-a-sportiva-italiana\/#respond"]}]},{"@type":"WebPage","@id":"https:\/\/eltrabajo.cl\/web\/san-felipe-basket-saca-adelante-la-tarea-frente-a-sportiva-italiana\/","url":"https:\/\/eltrabajo.cl\/web\/san-felipe-basket-saca-adelante-la-tarea-frente-a-sportiva-italiana\/","name":"San Felipe Basket saca adelante la tarea frente a Sportiva Italiana - Diario El Trabajo","isPartOf":{"@id":"https:\/\/eltrabajo.cl\/web\/#website"},"primaryImageOfPage":{"@id":"https:\/\/eltrabajo.cl\/web\/san-felipe-basket-saca-adelante-la-tarea-frente-a-sportiva-italiana\/#primaryimage"},"image":{"@id":"https:\/\/eltrabajo.cl\/web\/san-felipe-basket-saca-adelante-la-tarea-frente-a-sportiva-italiana\/#primaryimage"},"thumbnailUrl":"https:\/\/eltrabajo.cl\/web\/wp-content\/uploads\/2025\/04\/sfb-1.jpg","datePublished":"2025-04-16T00:50:18+00:00","breadcrumb":{"@id":"https:\/\/eltrabajo.cl\/web\/san-felipe-basket-saca-adelante-la-tarea-frente-a-sportiva-italiana\/#breadcrumb"},"inLanguage":"es-CL","potentialAction":[{"@type":"ReadAction","target":["https:\/\/eltrabajo.cl\/web\/san-felipe-basket-saca-adelante-la-tarea-frente-a-sportiva-italiana\/"]}]},{"@type":"ImageObject","inLanguage":"es-CL","@id":"https:\/\/eltrabajo.cl\/web\/san-felipe-basket-saca-adelante-la-tarea-frente-a-sportiva-italiana\/#primaryimage","url":"https:\/\/eltrabajo.cl\/web\/wp-content\/uploads\/2025\/04\/sfb-1.jpg","contentUrl":"https:\/\/eltrabajo.cl\/web\/wp-content\/uploads\/2025\/04\/sfb-1.jpg","width":699,"height":501,"caption":"El recuento frente a Sportiva termin\u00f3 siendo favorable para San Felipe Basket."},{"@type":"BreadcrumbList","@id":"https:\/\/eltrabajo.cl\/web\/san-felipe-basket-saca-adelante-la-tarea-frente-a-sportiva-italiana\/#breadcrumb","itemListElement":[{"@type":"ListItem","position":1,"name":"Portada","item":"https:\/\/eltrabajo.cl\/web\/"},{"@type":"ListItem","position":2,"name":"San Felipe Basket saca adelante la tarea frente a Sportiva Italiana"}]},{"@type":"WebSite","@id":"https:\/\/eltrabajo.cl\/web\/#website","url":"https:\/\/eltrabajo.cl\/web\/","name":"Diario El Trabajo","description":"Desde 1929 construyendo Identidad Local","publisher":{"@id":"https:\/\/eltrabajo.cl\/web\/#organization"},"potentialAction":[{"@type":"SearchAction","target":{"@type":"EntryPoint","urlTemplate":"https:\/\/eltrabajo.cl\/web\/?s={search_term_string}"},"query-input":{"@type":"PropertyValueSpecification","valueRequired":true,"valueName":"search_term_string"}}],"inLanguage":"es-CL"},{"@type":"Organization","@id":"https:\/\/eltrabajo.cl\/web\/#organization","name":"Diario El Trabajo","url":"https:\/\/eltrabajo.cl\/web\/","logo":{"@type":"ImageObject","inLanguage":"es-CL","@id":"https:\/\/eltrabajo.cl\/web\/#\/schema\/logo\/image\/","url":"https:\/\/eltrabajo.cl\/web\/wp-content\/uploads\/2024\/06\/profile-image-ig-page-diarioeltrabajo.jpg","contentUrl":"https:\/\/eltrabajo.cl\/web\/wp-content\/uploads\/2024\/06\/profile-image-ig-page-diarioeltrabajo.jpg","width":823,"height":823,"caption":"Diario El Trabajo"},"image":{"@id":"https:\/\/eltrabajo.cl\/web\/#\/schema\/logo\/image\/"},"sameAs":["https:\/\/www.facebook.com\/ElTrabajoDiario","https:\/\/x.com\/diarioeltrabajo"]},{"@type":"Person","@id":"https:\/\/eltrabajo.cl\/web\/#\/schema\/person\/45efd3d17f86ec456e44dd7debe1bf19","name":"Diario El Trabajo","image":{"@type":"ImageObject","inLanguage":"es-CL","@id":"https:\/\/secure.gravatar.com\/avatar\/7e6ec277dc4aea2677c2dc301d4227957219329c985ab69a3efc12518b5161aa?s=96&d=mm&r=g","url":"https:\/\/secure.gravatar.com\/avatar\/7e6ec277dc4aea2677c2dc301d4227957219329c985ab69a3efc12518b5161aa?s=96&d=mm&r=g","contentUrl":"https:\/\/secure.gravatar.com\/avatar\/7e6ec277dc4aea2677c2dc301d4227957219329c985ab69a3efc12518b5161aa?s=96&d=mm&r=g","caption":"Diario El Trabajo"},"sameAs":["https:\/\/eltrabajo.cl\/web"],"url":"https:\/\/eltrabajo.cl\/web\/author\/diario-el-trabajo\/"}]}},"_links":{"self":[{"href":"https:\/\/eltrabajo.cl\/web\/wp-json\/wp\/v2\/posts\/136394","targetHints":{"allow":["GET"]}}],"collection":[{"href":"https:\/\/eltrabajo.cl\/web\/wp-json\/wp\/v2\/posts"}],"about":[{"href":"https:\/\/eltrabajo.cl\/web\/wp-json\/wp\/v2\/types\/post"}],"author":[{"embeddable":true,"href":"https:\/\/eltrabajo.cl\/web\/wp-json\/wp\/v2\/users\/1"}],"replies":[{"embeddable":true,"href":"https:\/\/eltrabajo.cl\/web\/wp-json\/wp\/v2\/comments?post=136394"}],"version-history":[{"count":1,"href":"https:\/\/eltrabajo.cl\/web\/wp-json\/wp\/v2\/posts\/136394\/revisions"}],"predecessor-version":[{"id":136396,"href":"https:\/\/eltrabajo.cl\/web\/wp-json\/wp\/v2\/posts\/136394\/revisions\/136396"}],"wp:featuredmedia":[{"embeddable":true,"href":"https:\/\/eltrabajo.cl\/web\/wp-json\/wp\/v2\/media\/136395"}],"wp:attachment":[{"href":"https:\/\/eltrabajo.cl\/web\/wp-json\/wp\/v2\/media?parent=136394"}],"wp:term":[{"taxonomy":"category","embeddable":true,"href":"https:\/\/eltrabajo.cl\/web\/wp-json\/wp\/v2\/categories?post=136394"},{"taxonomy":"post_tag","embeddable":true,"href":"https:\/\/eltrabajo.cl\/web\/wp-json\/wp\/v2\/tags?post=136394"}],"curies":[{"name":"wp","href":"https:\/\/api.w.org\/{rel}","templated":true}]}}