{"id":136397,"date":"2025-04-15T21:51:18","date_gmt":"2025-04-16T00:51:18","guid":{"rendered":"https:\/\/eltrabajo.cl\/web\/?p=136397"},"modified":"2025-04-15T21:51:18","modified_gmt":"2025-04-16T00:51:18","slug":"aprueban-recursos-para-elaborar-disenos-de-infraestructura-deportiva","status":"publish","type":"post","link":"https:\/\/eltrabajo.cl\/web\/aprueban-recursos-para-elaborar-disenos-de-infraestructura-deportiva\/","title":{"rendered":"Aprueban recursos para elaborar dise\u00f1os de infraestructura deportiva"},"content":{"rendered":"<ul>\n<li><strong>Iniciativas contemplan la intervenci\u00f3n en el complejo ANFA y el Consejo Local de Deportes.\u2013<\/strong><\/li>\n<\/ul>\n<p>El Concejo Municipal de San Felipe aprob\u00f3 80 millones de pesos para el estudio de pre inversi\u00f3n y dise\u00f1o de nueva infraestructura deportiva para la ciudad. La iniciativa, contempla desarrollar un espacio en lo que actualmente es el Consejo Local de Deportes en calle Merced.<\/p>\n<p>Al respecto, el director de la Secplac de San Felipe, <strong>Rafael Sottolichio<\/strong>, se\u00f1al\u00f3 que <em>\u00aben el Concejo <\/em>(Municipal) <em>anterior, se aprobaron los fondos de equidad territorial que es parte del Royalty, y ah\u00ed se financiaron algunos proyectos interesantes que tienen que ver con infraestructura deportiva. Principalmente, la primera tiene que ver con este recinto que est\u00e1 en Maip\u00fa con Merced, que es un recinto del IND que est\u00e1 traspasado al municipio. Queremos generar un espacio deportivo, estamos pensando en generar un tipo de polideportivo que permita albergar distintos tipos de disciplinas que ya se est\u00e1n desarrollando en San Felipe e ir potenciando algunas nuevas\u00bb<\/em>.<\/p>\n<p>En este contexto, Sottolichio detall\u00f3 que <em>\u00ablos recursos que se aprobaron sirven para hacer el dise\u00f1o, y la presentaci\u00f3n del perfil para sacar el RS en el Ministerio de Desarrollo Social\u00bb<\/em>.<\/p>\n<p>En cuanto a qu\u00e9 consiste este proyecto en particular en este espacio, el director de la Secplac indic\u00f3 que <em>\u00abestamos pensando en principio en un polideportivo, si bien el dise\u00f1o nos va a ir dando los l\u00edmites del proyecto, hasta donde podemos y qu\u00e9 tipo de proyecto podemos desarrollar, porque queremos generar un espacio donde se puedan desarrollar la mayor cantidad de disciplinas en las mejores condiciones posibles, que cumpla con todos los est\u00e1ndares a nivel nacional y que sirva para ir potenciando las actividades\u00bb<\/em>.<\/p>\n<p>Para esto, <em>\u00abprimero queremos ver si con el dise\u00f1o nos da el espacio para hacer un gimnasio completo. De no lograrlo, vamos a tratar de adaptar los espacios que est\u00e1n para ir a acotando las disciplinas y la infraestructura deportiva que podamos desarrollar\u00bb<\/em>, agreg\u00f3.<\/p>\n<p>Eso s\u00ed, el municipio ha proyectado la construcci\u00f3n de un polideportivo m\u00e1s grande en el terreno de 33 hect\u00e1reas. <em>\u00abLa inversi\u00f3n en ese espacio para desarrollar un centro deportivo se va a realizar, el polideportivo grande que estamos pensando para la comuna de San Felipe, en principio lo estamos considerando donde est\u00e1n las 33 hect\u00e1reas, porque hay tres pa\u00f1os que est\u00e1n destinados para equipamiento importante para la comuna. Una vez que vaya avanzando el proceso de las 33 hect\u00e1reas, la urbanizaci\u00f3n, ah\u00ed vamos a contar con un terreno adecuado para generar un polideportivo que nos permita ya tener una infraestructura deportiva de alto nivel. El proyecto que estamos viendo ahora es un poco m\u00e1s acotado, aterrizado y no ser\u00eda un gran polideportivo como el que tanto se espera\u00bb<\/em>, asegur\u00f3.<\/p>\n<p>Asimismo, tambi\u00e9n se trabaja en una similar etapa para mejorar el complejo ANFA, m\u00e1s conocido como las \u2018Tres Canchas\u2019. En este aspecto, Rafael Sottolichio coment\u00f3 que <em>\u00abtambi\u00e9n dentro de esta aprobaci\u00f3n de recursos logramos incorporar la consultor\u00eda para elaborar la evaluaci\u00f3n social que se requiere en el Ministerio de Desarrollo Social para postular al dise\u00f1o de las canchas, estamos en esa etapa previa a los dise\u00f1os que son importantes\u00bb<\/em>.<\/p>\n<p>En este punto en particular, el Secplac detall\u00f3 que <em>\u00ablo que se ha conversado es mejorar las canchas que hay, tener grader\u00edas nuevas, ba\u00f1os, camarines, remodelar el espacio completo de la mejor calidad posible\u00bb<\/em>, cerr\u00f3.<\/p>\n<figure id=\"attachment_136398\" aria-describedby=\"caption-attachment-136398\" style=\"width: 700px\" class=\"wp-caption alignnone\"><img loading=\"lazy\" decoding=\"async\" class=\"size-full wp-image-136398\" src=\"http:\/\/eltrabajo.cl\/web\/wp-content\/uploads\/2025\/04\/tres-canchas.jpg\" alt=\"Iniciativas contemplan la intervenci\u00f3n en el complejo ANFA (Foto de archivo). \" width=\"700\" height=\"435\" srcset=\"https:\/\/eltrabajo.cl\/web\/wp-content\/uploads\/2025\/04\/tres-canchas.jpg 700w, https:\/\/eltrabajo.cl\/web\/wp-content\/uploads\/2025\/04\/tres-canchas-300x186.jpg 300w, https:\/\/eltrabajo.cl\/web\/wp-content\/uploads\/2025\/04\/tres-canchas-676x420.jpg 676w, https:\/\/eltrabajo.cl\/web\/wp-content\/uploads\/2025\/04\/tres-canchas-150x93.jpg 150w, https:\/\/eltrabajo.cl\/web\/wp-content\/uploads\/2025\/04\/tres-canchas-696x433.jpg 696w\" sizes=\"auto, (max-width: 700px) 100vw, 700px\" \/><figcaption id=\"caption-attachment-136398\" class=\"wp-caption-text\">Iniciativas contemplan la intervenci\u00f3n en el complejo ANFA (Foto de archivo).<\/figcaption><\/figure>\n","protected":false},"excerpt":{"rendered":"<p>Iniciativas contemplan la intervenci\u00f3n en el complejo ANFA y el Consejo Local de Deportes.\u2013 El Concejo Municipal de San Felipe aprob\u00f3 80 millones de pesos para el estudio de pre inversi\u00f3n y dise\u00f1o de nueva infraestructura deportiva para la ciudad. La iniciativa, contempla desarrollar un espacio en lo que actualmente es el Consejo Local de [&hellip;]<\/p>\n","protected":false},"author":1,"featured_media":136398,"comment_status":"open","ping_status":"closed","sticky":false,"template":"","format":"standard","meta":{"footnotes":""},"categories":[3],"tags":[],"class_list":{"0":"post-136397","1":"post","2":"type-post","3":"status-publish","4":"format-standard","5":"has-post-thumbnail","7":"category-cronica-2"},"yoast_head":"<!-- This site is optimized with the Yoast SEO plugin v27.4 - https:\/\/yoast.com\/product\/yoast-seo-wordpress\/ -->\n<title>Aprueban recursos para elaborar dise\u00f1os de infraestructura deportiva - Diario El Trabajo<\/title>\n<meta name=\"robots\" content=\"index, follow, max-snippet:-1, max-image-preview:large, max-video-preview:-1\" \/>\n<link rel=\"canonical\" href=\"https:\/\/eltrabajo.cl\/web\/aprueban-recursos-para-elaborar-disenos-de-infraestructura-deportiva\/\" \/>\n<meta property=\"og:locale\" content=\"es_ES\" \/>\n<meta property=\"og:type\" content=\"article\" \/>\n<meta property=\"og:title\" content=\"Aprueban recursos para elaborar dise\u00f1os de infraestructura deportiva - Diario El Trabajo\" \/>\n<meta property=\"og:description\" content=\"Iniciativas contemplan la intervenci\u00f3n en el complejo ANFA y el Consejo Local de Deportes.\u2013 El Concejo Municipal de San Felipe aprob\u00f3 80 millones de pesos para el estudio de pre inversi\u00f3n y dise\u00f1o de nueva infraestructura deportiva para la ciudad. La iniciativa, contempla desarrollar un espacio en lo que actualmente es el Consejo Local de [&hellip;]\" \/>\n<meta property=\"og:url\" content=\"https:\/\/eltrabajo.cl\/web\/aprueban-recursos-para-elaborar-disenos-de-infraestructura-deportiva\/\" \/>\n<meta property=\"og:site_name\" content=\"Diario El Trabajo\" \/>\n<meta property=\"article:publisher\" content=\"https:\/\/www.facebook.com\/ElTrabajoDiario\" \/>\n<meta property=\"article:published_time\" content=\"2025-04-16T00:51:18+00:00\" \/>\n<meta property=\"og:image\" content=\"https:\/\/eltrabajo.cl\/web\/wp-content\/uploads\/2025\/04\/tres-canchas.jpg\" \/>\n\t<meta property=\"og:image:width\" content=\"700\" \/>\n\t<meta property=\"og:image:height\" content=\"435\" \/>\n\t<meta property=\"og:image:type\" content=\"image\/jpeg\" \/>\n<meta name=\"author\" content=\"Diario El Trabajo\" \/>\n<meta name=\"twitter:card\" content=\"summary_large_image\" \/>\n<meta name=\"twitter:creator\" content=\"@diarioeltrabajo\" \/>\n<meta name=\"twitter:site\" content=\"@diarioeltrabajo\" \/>\n<meta name=\"twitter:label1\" content=\"Escrito por\" \/>\n\t<meta name=\"twitter:data1\" content=\"Diario El Trabajo\" \/>\n\t<meta name=\"twitter:label2\" content=\"Tiempo estimado de lectura\" \/>\n\t<meta name=\"twitter:data2\" content=\"4 minutos\" \/>\n<script type=\"application\/ld+json\" class=\"yoast-schema-graph\">{\"@context\":\"https:\\\/\\\/schema.org\",\"@graph\":[{\"@type\":\"Article\",\"@id\":\"https:\\\/\\\/eltrabajo.cl\\\/web\\\/aprueban-recursos-para-elaborar-disenos-de-infraestructura-deportiva\\\/#article\",\"isPartOf\":{\"@id\":\"https:\\\/\\\/eltrabajo.cl\\\/web\\\/aprueban-recursos-para-elaborar-disenos-de-infraestructura-deportiva\\\/\"},\"author\":{\"name\":\"Diario El Trabajo\",\"@id\":\"https:\\\/\\\/eltrabajo.cl\\\/web\\\/#\\\/schema\\\/person\\\/45efd3d17f86ec456e44dd7debe1bf19\"},\"headline\":\"Aprueban recursos para elaborar dise\u00f1os de infraestructura deportiva\",\"datePublished\":\"2025-04-16T00:51:18+00:00\",\"mainEntityOfPage\":{\"@id\":\"https:\\\/\\\/eltrabajo.cl\\\/web\\\/aprueban-recursos-para-elaborar-disenos-de-infraestructura-deportiva\\\/\"},\"wordCount\":614,\"commentCount\":0,\"publisher\":{\"@id\":\"https:\\\/\\\/eltrabajo.cl\\\/web\\\/#organization\"},\"image\":{\"@id\":\"https:\\\/\\\/eltrabajo.cl\\\/web\\\/aprueban-recursos-para-elaborar-disenos-de-infraestructura-deportiva\\\/#primaryimage\"},\"thumbnailUrl\":\"https:\\\/\\\/eltrabajo.cl\\\/web\\\/wp-content\\\/uploads\\\/2025\\\/04\\\/tres-canchas.jpg\",\"articleSection\":[\"Cr\u00f3nica\"],\"inLanguage\":\"es-CL\",\"potentialAction\":[{\"@type\":\"CommentAction\",\"name\":\"Comment\",\"target\":[\"https:\\\/\\\/eltrabajo.cl\\\/web\\\/aprueban-recursos-para-elaborar-disenos-de-infraestructura-deportiva\\\/#respond\"]}]},{\"@type\":\"WebPage\",\"@id\":\"https:\\\/\\\/eltrabajo.cl\\\/web\\\/aprueban-recursos-para-elaborar-disenos-de-infraestructura-deportiva\\\/\",\"url\":\"https:\\\/\\\/eltrabajo.cl\\\/web\\\/aprueban-recursos-para-elaborar-disenos-de-infraestructura-deportiva\\\/\",\"name\":\"Aprueban recursos para elaborar dise\u00f1os de infraestructura deportiva - Diario El Trabajo\",\"isPartOf\":{\"@id\":\"https:\\\/\\\/eltrabajo.cl\\\/web\\\/#website\"},\"primaryImageOfPage\":{\"@id\":\"https:\\\/\\\/eltrabajo.cl\\\/web\\\/aprueban-recursos-para-elaborar-disenos-de-infraestructura-deportiva\\\/#primaryimage\"},\"image\":{\"@id\":\"https:\\\/\\\/eltrabajo.cl\\\/web\\\/aprueban-recursos-para-elaborar-disenos-de-infraestructura-deportiva\\\/#primaryimage\"},\"thumbnailUrl\":\"https:\\\/\\\/eltrabajo.cl\\\/web\\\/wp-content\\\/uploads\\\/2025\\\/04\\\/tres-canchas.jpg\",\"datePublished\":\"2025-04-16T00:51:18+00:00\",\"breadcrumb\":{\"@id\":\"https:\\\/\\\/eltrabajo.cl\\\/web\\\/aprueban-recursos-para-elaborar-disenos-de-infraestructura-deportiva\\\/#breadcrumb\"},\"inLanguage\":\"es-CL\",\"potentialAction\":[{\"@type\":\"ReadAction\",\"target\":[\"https:\\\/\\\/eltrabajo.cl\\\/web\\\/aprueban-recursos-para-elaborar-disenos-de-infraestructura-deportiva\\\/\"]}]},{\"@type\":\"ImageObject\",\"inLanguage\":\"es-CL\",\"@id\":\"https:\\\/\\\/eltrabajo.cl\\\/web\\\/aprueban-recursos-para-elaborar-disenos-de-infraestructura-deportiva\\\/#primaryimage\",\"url\":\"https:\\\/\\\/eltrabajo.cl\\\/web\\\/wp-content\\\/uploads\\\/2025\\\/04\\\/tres-canchas.jpg\",\"contentUrl\":\"https:\\\/\\\/eltrabajo.cl\\\/web\\\/wp-content\\\/uploads\\\/2025\\\/04\\\/tres-canchas.jpg\",\"width\":700,\"height\":435,\"caption\":\"Iniciativas contemplan la intervenci\u00f3n en el complejo ANFA (Foto de archivo).\"},{\"@type\":\"BreadcrumbList\",\"@id\":\"https:\\\/\\\/eltrabajo.cl\\\/web\\\/aprueban-recursos-para-elaborar-disenos-de-infraestructura-deportiva\\\/#breadcrumb\",\"itemListElement\":[{\"@type\":\"ListItem\",\"position\":1,\"name\":\"Portada\",\"item\":\"https:\\\/\\\/eltrabajo.cl\\\/web\\\/\"},{\"@type\":\"ListItem\",\"position\":2,\"name\":\"Aprueban recursos para elaborar dise\u00f1os de infraestructura deportiva\"}]},{\"@type\":\"WebSite\",\"@id\":\"https:\\\/\\\/eltrabajo.cl\\\/web\\\/#website\",\"url\":\"https:\\\/\\\/eltrabajo.cl\\\/web\\\/\",\"name\":\"Diario El Trabajo\",\"description\":\"Desde 1929 construyendo Identidad Local\",\"publisher\":{\"@id\":\"https:\\\/\\\/eltrabajo.cl\\\/web\\\/#organization\"},\"potentialAction\":[{\"@type\":\"SearchAction\",\"target\":{\"@type\":\"EntryPoint\",\"urlTemplate\":\"https:\\\/\\\/eltrabajo.cl\\\/web\\\/?s={search_term_string}\"},\"query-input\":{\"@type\":\"PropertyValueSpecification\",\"valueRequired\":true,\"valueName\":\"search_term_string\"}}],\"inLanguage\":\"es-CL\"},{\"@type\":\"Organization\",\"@id\":\"https:\\\/\\\/eltrabajo.cl\\\/web\\\/#organization\",\"name\":\"Diario El Trabajo\",\"url\":\"https:\\\/\\\/eltrabajo.cl\\\/web\\\/\",\"logo\":{\"@type\":\"ImageObject\",\"inLanguage\":\"es-CL\",\"@id\":\"https:\\\/\\\/eltrabajo.cl\\\/web\\\/#\\\/schema\\\/logo\\\/image\\\/\",\"url\":\"https:\\\/\\\/eltrabajo.cl\\\/web\\\/wp-content\\\/uploads\\\/2024\\\/06\\\/profile-image-ig-page-diarioeltrabajo.jpg\",\"contentUrl\":\"https:\\\/\\\/eltrabajo.cl\\\/web\\\/wp-content\\\/uploads\\\/2024\\\/06\\\/profile-image-ig-page-diarioeltrabajo.jpg\",\"width\":823,\"height\":823,\"caption\":\"Diario El Trabajo\"},\"image\":{\"@id\":\"https:\\\/\\\/eltrabajo.cl\\\/web\\\/#\\\/schema\\\/logo\\\/image\\\/\"},\"sameAs\":[\"https:\\\/\\\/www.facebook.com\\\/ElTrabajoDiario\",\"https:\\\/\\\/x.com\\\/diarioeltrabajo\"]},{\"@type\":\"Person\",\"@id\":\"https:\\\/\\\/eltrabajo.cl\\\/web\\\/#\\\/schema\\\/person\\\/45efd3d17f86ec456e44dd7debe1bf19\",\"name\":\"Diario El Trabajo\",\"image\":{\"@type\":\"ImageObject\",\"inLanguage\":\"es-CL\",\"@id\":\"https:\\\/\\\/secure.gravatar.com\\\/avatar\\\/7e6ec277dc4aea2677c2dc301d4227957219329c985ab69a3efc12518b5161aa?s=96&d=mm&r=g\",\"url\":\"https:\\\/\\\/secure.gravatar.com\\\/avatar\\\/7e6ec277dc4aea2677c2dc301d4227957219329c985ab69a3efc12518b5161aa?s=96&d=mm&r=g\",\"contentUrl\":\"https:\\\/\\\/secure.gravatar.com\\\/avatar\\\/7e6ec277dc4aea2677c2dc301d4227957219329c985ab69a3efc12518b5161aa?s=96&d=mm&r=g\",\"caption\":\"Diario El Trabajo\"},\"sameAs\":[\"https:\\\/\\\/eltrabajo.cl\\\/web\"],\"url\":\"https:\\\/\\\/eltrabajo.cl\\\/web\\\/author\\\/diario-el-trabajo\\\/\"}]}<\/script>\n<!-- \/ Yoast SEO plugin. -->","yoast_head_json":{"title":"Aprueban recursos para elaborar dise\u00f1os de infraestructura deportiva - Diario El Trabajo","robots":{"index":"index","follow":"follow","max-snippet":"max-snippet:-1","max-image-preview":"max-image-preview:large","max-video-preview":"max-video-preview:-1"},"canonical":"https:\/\/eltrabajo.cl\/web\/aprueban-recursos-para-elaborar-disenos-de-infraestructura-deportiva\/","og_locale":"es_ES","og_type":"article","og_title":"Aprueban recursos para elaborar dise\u00f1os de infraestructura deportiva - Diario El Trabajo","og_description":"Iniciativas contemplan la intervenci\u00f3n en el complejo ANFA y el Consejo Local de Deportes.\u2013 El Concejo Municipal de San Felipe aprob\u00f3 80 millones de pesos para el estudio de pre inversi\u00f3n y dise\u00f1o de nueva infraestructura deportiva para la ciudad. La iniciativa, contempla desarrollar un espacio en lo que actualmente es el Consejo Local de [&hellip;]","og_url":"https:\/\/eltrabajo.cl\/web\/aprueban-recursos-para-elaborar-disenos-de-infraestructura-deportiva\/","og_site_name":"Diario El Trabajo","article_publisher":"https:\/\/www.facebook.com\/ElTrabajoDiario","article_published_time":"2025-04-16T00:51:18+00:00","og_image":[{"width":700,"height":435,"url":"https:\/\/eltrabajo.cl\/web\/wp-content\/uploads\/2025\/04\/tres-canchas.jpg","type":"image\/jpeg"}],"author":"Diario El Trabajo","twitter_card":"summary_large_image","twitter_creator":"@diarioeltrabajo","twitter_site":"@diarioeltrabajo","twitter_misc":{"Escrito por":"Diario El Trabajo","Tiempo estimado de lectura":"4 minutos"},"schema":{"@context":"https:\/\/schema.org","@graph":[{"@type":"Article","@id":"https:\/\/eltrabajo.cl\/web\/aprueban-recursos-para-elaborar-disenos-de-infraestructura-deportiva\/#article","isPartOf":{"@id":"https:\/\/eltrabajo.cl\/web\/aprueban-recursos-para-elaborar-disenos-de-infraestructura-deportiva\/"},"author":{"name":"Diario El Trabajo","@id":"https:\/\/eltrabajo.cl\/web\/#\/schema\/person\/45efd3d17f86ec456e44dd7debe1bf19"},"headline":"Aprueban recursos para elaborar dise\u00f1os de infraestructura deportiva","datePublished":"2025-04-16T00:51:18+00:00","mainEntityOfPage":{"@id":"https:\/\/eltrabajo.cl\/web\/aprueban-recursos-para-elaborar-disenos-de-infraestructura-deportiva\/"},"wordCount":614,"commentCount":0,"publisher":{"@id":"https:\/\/eltrabajo.cl\/web\/#organization"},"image":{"@id":"https:\/\/eltrabajo.cl\/web\/aprueban-recursos-para-elaborar-disenos-de-infraestructura-deportiva\/#primaryimage"},"thumbnailUrl":"https:\/\/eltrabajo.cl\/web\/wp-content\/uploads\/2025\/04\/tres-canchas.jpg","articleSection":["Cr\u00f3nica"],"inLanguage":"es-CL","potentialAction":[{"@type":"CommentAction","name":"Comment","target":["https:\/\/eltrabajo.cl\/web\/aprueban-recursos-para-elaborar-disenos-de-infraestructura-deportiva\/#respond"]}]},{"@type":"WebPage","@id":"https:\/\/eltrabajo.cl\/web\/aprueban-recursos-para-elaborar-disenos-de-infraestructura-deportiva\/","url":"https:\/\/eltrabajo.cl\/web\/aprueban-recursos-para-elaborar-disenos-de-infraestructura-deportiva\/","name":"Aprueban recursos para elaborar dise\u00f1os de infraestructura deportiva - Diario El Trabajo","isPartOf":{"@id":"https:\/\/eltrabajo.cl\/web\/#website"},"primaryImageOfPage":{"@id":"https:\/\/eltrabajo.cl\/web\/aprueban-recursos-para-elaborar-disenos-de-infraestructura-deportiva\/#primaryimage"},"image":{"@id":"https:\/\/eltrabajo.cl\/web\/aprueban-recursos-para-elaborar-disenos-de-infraestructura-deportiva\/#primaryimage"},"thumbnailUrl":"https:\/\/eltrabajo.cl\/web\/wp-content\/uploads\/2025\/04\/tres-canchas.jpg","datePublished":"2025-04-16T00:51:18+00:00","breadcrumb":{"@id":"https:\/\/eltrabajo.cl\/web\/aprueban-recursos-para-elaborar-disenos-de-infraestructura-deportiva\/#breadcrumb"},"inLanguage":"es-CL","potentialAction":[{"@type":"ReadAction","target":["https:\/\/eltrabajo.cl\/web\/aprueban-recursos-para-elaborar-disenos-de-infraestructura-deportiva\/"]}]},{"@type":"ImageObject","inLanguage":"es-CL","@id":"https:\/\/eltrabajo.cl\/web\/aprueban-recursos-para-elaborar-disenos-de-infraestructura-deportiva\/#primaryimage","url":"https:\/\/eltrabajo.cl\/web\/wp-content\/uploads\/2025\/04\/tres-canchas.jpg","contentUrl":"https:\/\/eltrabajo.cl\/web\/wp-content\/uploads\/2025\/04\/tres-canchas.jpg","width":700,"height":435,"caption":"Iniciativas contemplan la intervenci\u00f3n en el complejo ANFA (Foto de archivo)."},{"@type":"BreadcrumbList","@id":"https:\/\/eltrabajo.cl\/web\/aprueban-recursos-para-elaborar-disenos-de-infraestructura-deportiva\/#breadcrumb","itemListElement":[{"@type":"ListItem","position":1,"name":"Portada","item":"https:\/\/eltrabajo.cl\/web\/"},{"@type":"ListItem","position":2,"name":"Aprueban recursos para elaborar dise\u00f1os de infraestructura deportiva"}]},{"@type":"WebSite","@id":"https:\/\/eltrabajo.cl\/web\/#website","url":"https:\/\/eltrabajo.cl\/web\/","name":"Diario El Trabajo","description":"Desde 1929 construyendo Identidad Local","publisher":{"@id":"https:\/\/eltrabajo.cl\/web\/#organization"},"potentialAction":[{"@type":"SearchAction","target":{"@type":"EntryPoint","urlTemplate":"https:\/\/eltrabajo.cl\/web\/?s={search_term_string}"},"query-input":{"@type":"PropertyValueSpecification","valueRequired":true,"valueName":"search_term_string"}}],"inLanguage":"es-CL"},{"@type":"Organization","@id":"https:\/\/eltrabajo.cl\/web\/#organization","name":"Diario El Trabajo","url":"https:\/\/eltrabajo.cl\/web\/","logo":{"@type":"ImageObject","inLanguage":"es-CL","@id":"https:\/\/eltrabajo.cl\/web\/#\/schema\/logo\/image\/","url":"https:\/\/eltrabajo.cl\/web\/wp-content\/uploads\/2024\/06\/profile-image-ig-page-diarioeltrabajo.jpg","contentUrl":"https:\/\/eltrabajo.cl\/web\/wp-content\/uploads\/2024\/06\/profile-image-ig-page-diarioeltrabajo.jpg","width":823,"height":823,"caption":"Diario El Trabajo"},"image":{"@id":"https:\/\/eltrabajo.cl\/web\/#\/schema\/logo\/image\/"},"sameAs":["https:\/\/www.facebook.com\/ElTrabajoDiario","https:\/\/x.com\/diarioeltrabajo"]},{"@type":"Person","@id":"https:\/\/eltrabajo.cl\/web\/#\/schema\/person\/45efd3d17f86ec456e44dd7debe1bf19","name":"Diario El Trabajo","image":{"@type":"ImageObject","inLanguage":"es-CL","@id":"https:\/\/secure.gravatar.com\/avatar\/7e6ec277dc4aea2677c2dc301d4227957219329c985ab69a3efc12518b5161aa?s=96&d=mm&r=g","url":"https:\/\/secure.gravatar.com\/avatar\/7e6ec277dc4aea2677c2dc301d4227957219329c985ab69a3efc12518b5161aa?s=96&d=mm&r=g","contentUrl":"https:\/\/secure.gravatar.com\/avatar\/7e6ec277dc4aea2677c2dc301d4227957219329c985ab69a3efc12518b5161aa?s=96&d=mm&r=g","caption":"Diario El Trabajo"},"sameAs":["https:\/\/eltrabajo.cl\/web"],"url":"https:\/\/eltrabajo.cl\/web\/author\/diario-el-trabajo\/"}]}},"_links":{"self":[{"href":"https:\/\/eltrabajo.cl\/web\/wp-json\/wp\/v2\/posts\/136397","targetHints":{"allow":["GET"]}}],"collection":[{"href":"https:\/\/eltrabajo.cl\/web\/wp-json\/wp\/v2\/posts"}],"about":[{"href":"https:\/\/eltrabajo.cl\/web\/wp-json\/wp\/v2\/types\/post"}],"author":[{"embeddable":true,"href":"https:\/\/eltrabajo.cl\/web\/wp-json\/wp\/v2\/users\/1"}],"replies":[{"embeddable":true,"href":"https:\/\/eltrabajo.cl\/web\/wp-json\/wp\/v2\/comments?post=136397"}],"version-history":[{"count":1,"href":"https:\/\/eltrabajo.cl\/web\/wp-json\/wp\/v2\/posts\/136397\/revisions"}],"predecessor-version":[{"id":136399,"href":"https:\/\/eltrabajo.cl\/web\/wp-json\/wp\/v2\/posts\/136397\/revisions\/136399"}],"wp:featuredmedia":[{"embeddable":true,"href":"https:\/\/eltrabajo.cl\/web\/wp-json\/wp\/v2\/media\/136398"}],"wp:attachment":[{"href":"https:\/\/eltrabajo.cl\/web\/wp-json\/wp\/v2\/media?parent=136397"}],"wp:term":[{"taxonomy":"category","embeddable":true,"href":"https:\/\/eltrabajo.cl\/web\/wp-json\/wp\/v2\/categories?post=136397"},{"taxonomy":"post_tag","embeddable":true,"href":"https:\/\/eltrabajo.cl\/web\/wp-json\/wp\/v2\/tags?post=136397"}],"curies":[{"name":"wp","href":"https:\/\/api.w.org\/{rel}","templated":true}]}}