{"id":136405,"date":"2025-04-15T21:54:16","date_gmt":"2025-04-16T00:54:16","guid":{"rendered":"https:\/\/eltrabajo.cl\/web\/?p=136405"},"modified":"2025-04-15T21:54:16","modified_gmt":"2025-04-16T00:54:16","slug":"alza-en-valor-de-la-entrada-de-vehiculos-a-feria-mayorista-afema-asegura-que-sigue-conviniendo-economicamente","status":"publish","type":"post","link":"https:\/\/eltrabajo.cl\/web\/alza-en-valor-de-la-entrada-de-vehiculos-a-feria-mayorista-afema-asegura-que-sigue-conviniendo-economicamente\/","title":{"rendered":"Alza en valor de la entrada de veh\u00edculos a Feria Mayorista: AFEMA asegura que sigue conviniendo econ\u00f3micamente"},"content":{"rendered":"<ul>\n<li><strong>Adem\u00e1s, establecieron que producto del feriado irrenunciable del 1 de mayo, la feria se realizar\u00e1 el d\u00eda antes.-<\/strong><\/li>\n<\/ul>\n<p>De un rumor que nos lleg\u00f3, quisimos hacer una pregunta y justo nos encontramos con la persona indicada, nos referimos a <strong>H\u00e9ctor Estay<\/strong>, vicepresidente de AFEMA o Feria Mayorista como es conocida. Este, tiene que ver con hab\u00edan subido la tarifa de ingreso al recinto para las personas que van en veh\u00edculos a proveerse de frutas y verduras, ya sea para sus almacenes o clientes que van a comprar al detalle.<\/p>\n<p>El dirigente, explic\u00f3 que los d\u00edas lunes y jueves la entrada para los comerciantes <em>\u00abque van a comprar para sus respectivos negocios vale 1.500 pesos; los lunes y jueves. Esos, son los que se abastecen para sus negocios de poblaciones, llevando papas, todo lo que tiene que ver; una camionet\u00e1 de cosas <\/em>(sic)<em>. En ese mismo cuadro, se colocan personas que van a comprar al detalle; esas encuentran muy caro los 1.500, pero la feria es mayorista. Hay una de detalle el d\u00eda s\u00e1bado, que cuesta 500 pesos la entrada, entonces lo que se subi\u00f3 en la feria mayorista fueron $ 500 pesos.<\/em><\/p>\n<p>\u00ab<em>Pero, si yo le hago la comparaci\u00f3n a usted, que es una persona que fue a comprar para su casa, entra y tiene buen estacionamiento adentro y paga 1.500 pesos por ir a comprar dos lechugas y dos kilos de zanahoria, ahorra los 1.500, porque en todas partes hay que pagar un peque\u00f1o estacionamiento y el veh\u00edculo est\u00e1 seguro\u00bb<\/em>, se\u00f1al\u00f3.<\/p>\n<p>Prosigue comentando que para el comerciante que va a comprar para su negocio de poblaci\u00f3n, el valor de $1.500 no es caro, <em>\u00able lleva cinco sacos de papa, cinco cajas de tomates, de todo tipo para abastecerse. Esa persona paga 1.500 por una camioneta\u00bb<\/em>, a\u00f1adi\u00f3, adem\u00e1s de explicar que antes estaba a $1.000 el estacionamiento y ahora subi\u00f3 a $1.500.<\/p>\n<p>Respecto a reclamos de las personas, a prop\u00f3sito del rumor que nos lleg\u00f3 como medio de comunicaci\u00f3n, volvi\u00f3 a reiterar que para un comerciante que tiene su negocio en la poblaci\u00f3n y viene a comprar al por mayor, $1.500 no es caro, mientras que para la persona que va a comprar al detalle <em>\u00aba lo mejor es caro, pero tampoco es caro, porque el comprar todos sus productos a precio mayorista, los 1.500 que va a gastar en entradas los ahorra en los diferentes productos que compra. A modo de ejemplo, en la feria de nosotros 1 kilo de zanahorias vale 500 pesos, en el negocio vale 1.000; compra dos kilos, ahorra. Una lechuga en nuestra feria vale 250 pesos, en el negocio vale 500\u00bb<\/em>, manifest\u00f3.<\/p>\n<p>Por otro lado, Estay inform\u00f3 que esta Semana Santa la feria va a funcionar en forma normal. <em>\u00abEl d\u00eda jueves desde las 05:00 de la ma\u00f1ana hasta las 03:00 de la tarde y el d\u00eda s\u00e1bado tambi\u00e9n. El \u00fanico cambio que viene para fin de mes es el feriado irrenunciable 1 de mayo, ustedes saben que no se puede hacer trabajar a la gente, entonces nosotros vamos a trasladar la feria un d\u00eda antes, va a ser lo mismo, pero el d\u00eda mi\u00e9rcoles 30 de abril. Ese d\u00eda va a ser la feria que correspond\u00eda al d\u00eda jueves 1 de mayo, con las mismas condiciones el mismo horario. Creo que va a ser m\u00e1s beneficioso, pero no vamos a dejar a la gente sin feria\u00bb<\/em>, cerr\u00f3.<\/p>\n<figure id=\"attachment_136406\" aria-describedby=\"caption-attachment-136406\" style=\"width: 699px\" class=\"wp-caption alignnone\"><img loading=\"lazy\" decoding=\"async\" class=\"size-full wp-image-136406\" src=\"http:\/\/eltrabajo.cl\/web\/wp-content\/uploads\/2025\/04\/Hector-Estay-vicepresidente-de-AFEMA.jpg\" alt=\"H\u00e9ctor Estay, vicepresidente de AFEMA.  \" width=\"699\" height=\"490\" srcset=\"https:\/\/eltrabajo.cl\/web\/wp-content\/uploads\/2025\/04\/Hector-Estay-vicepresidente-de-AFEMA.jpg 699w, https:\/\/eltrabajo.cl\/web\/wp-content\/uploads\/2025\/04\/Hector-Estay-vicepresidente-de-AFEMA-300x210.jpg 300w, https:\/\/eltrabajo.cl\/web\/wp-content\/uploads\/2025\/04\/Hector-Estay-vicepresidente-de-AFEMA-599x420.jpg 599w, https:\/\/eltrabajo.cl\/web\/wp-content\/uploads\/2025\/04\/Hector-Estay-vicepresidente-de-AFEMA-150x105.jpg 150w, https:\/\/eltrabajo.cl\/web\/wp-content\/uploads\/2025\/04\/Hector-Estay-vicepresidente-de-AFEMA-696x488.jpg 696w\" sizes=\"auto, (max-width: 699px) 100vw, 699px\" \/><figcaption id=\"caption-attachment-136406\" class=\"wp-caption-text\">H\u00e9ctor Estay, vicepresidente de AFEMA.<\/figcaption><\/figure>\n","protected":false},"excerpt":{"rendered":"<p>Adem\u00e1s, establecieron que producto del feriado irrenunciable del 1 de mayo, la feria se realizar\u00e1 el d\u00eda antes.- De un rumor que nos lleg\u00f3, quisimos hacer una pregunta y justo nos encontramos con la persona indicada, nos referimos a H\u00e9ctor Estay, vicepresidente de AFEMA o Feria Mayorista como es conocida. Este, tiene que ver con [&hellip;]<\/p>\n","protected":false},"author":1,"featured_media":136406,"comment_status":"open","ping_status":"closed","sticky":false,"template":"","format":"standard","meta":{"footnotes":""},"categories":[4],"tags":[],"class_list":{"0":"post-136405","1":"post","2":"type-post","3":"status-publish","4":"format-standard","5":"has-post-thumbnail","7":"category-comunidad"},"yoast_head":"<!-- This site is optimized with the Yoast SEO plugin v27.4 - https:\/\/yoast.com\/product\/yoast-seo-wordpress\/ -->\n<title>Alza en valor de la entrada de veh\u00edculos a Feria Mayorista: AFEMA asegura que sigue conviniendo econ\u00f3micamente - Diario El Trabajo<\/title>\n<meta name=\"robots\" content=\"index, follow, max-snippet:-1, max-image-preview:large, max-video-preview:-1\" \/>\n<link rel=\"canonical\" href=\"https:\/\/eltrabajo.cl\/web\/alza-en-valor-de-la-entrada-de-vehiculos-a-feria-mayorista-afema-asegura-que-sigue-conviniendo-economicamente\/\" \/>\n<meta property=\"og:locale\" content=\"es_ES\" \/>\n<meta property=\"og:type\" content=\"article\" \/>\n<meta property=\"og:title\" content=\"Alza en valor de la entrada de veh\u00edculos a Feria Mayorista: AFEMA asegura que sigue conviniendo econ\u00f3micamente - Diario El Trabajo\" \/>\n<meta property=\"og:description\" content=\"Adem\u00e1s, establecieron que producto del feriado irrenunciable del 1 de mayo, la feria se realizar\u00e1 el d\u00eda antes.- De un rumor que nos lleg\u00f3, quisimos hacer una pregunta y justo nos encontramos con la persona indicada, nos referimos a H\u00e9ctor Estay, vicepresidente de AFEMA o Feria Mayorista como es conocida. Este, tiene que ver con [&hellip;]\" \/>\n<meta property=\"og:url\" content=\"https:\/\/eltrabajo.cl\/web\/alza-en-valor-de-la-entrada-de-vehiculos-a-feria-mayorista-afema-asegura-que-sigue-conviniendo-economicamente\/\" \/>\n<meta property=\"og:site_name\" content=\"Diario El Trabajo\" \/>\n<meta property=\"article:publisher\" content=\"https:\/\/www.facebook.com\/ElTrabajoDiario\" \/>\n<meta property=\"article:published_time\" content=\"2025-04-16T00:54:16+00:00\" \/>\n<meta property=\"og:image\" content=\"https:\/\/eltrabajo.cl\/web\/wp-content\/uploads\/2025\/04\/Hector-Estay-vicepresidente-de-AFEMA.jpg\" \/>\n\t<meta property=\"og:image:width\" content=\"699\" \/>\n\t<meta property=\"og:image:height\" content=\"490\" \/>\n\t<meta property=\"og:image:type\" content=\"image\/jpeg\" \/>\n<meta name=\"author\" content=\"Diario El Trabajo\" \/>\n<meta name=\"twitter:card\" content=\"summary_large_image\" \/>\n<meta name=\"twitter:creator\" content=\"@diarioeltrabajo\" \/>\n<meta name=\"twitter:site\" content=\"@diarioeltrabajo\" \/>\n<meta name=\"twitter:label1\" content=\"Escrito por\" \/>\n\t<meta name=\"twitter:data1\" content=\"Diario El Trabajo\" \/>\n\t<meta name=\"twitter:label2\" content=\"Tiempo estimado de lectura\" \/>\n\t<meta name=\"twitter:data2\" content=\"4 minutos\" \/>\n<script type=\"application\/ld+json\" class=\"yoast-schema-graph\">{\"@context\":\"https:\\\/\\\/schema.org\",\"@graph\":[{\"@type\":\"Article\",\"@id\":\"https:\\\/\\\/eltrabajo.cl\\\/web\\\/alza-en-valor-de-la-entrada-de-vehiculos-a-feria-mayorista-afema-asegura-que-sigue-conviniendo-economicamente\\\/#article\",\"isPartOf\":{\"@id\":\"https:\\\/\\\/eltrabajo.cl\\\/web\\\/alza-en-valor-de-la-entrada-de-vehiculos-a-feria-mayorista-afema-asegura-que-sigue-conviniendo-economicamente\\\/\"},\"author\":{\"name\":\"Diario El Trabajo\",\"@id\":\"https:\\\/\\\/eltrabajo.cl\\\/web\\\/#\\\/schema\\\/person\\\/45efd3d17f86ec456e44dd7debe1bf19\"},\"headline\":\"Alza en valor de la entrada de veh\u00edculos a Feria Mayorista: AFEMA asegura que sigue conviniendo econ\u00f3micamente\",\"datePublished\":\"2025-04-16T00:54:16+00:00\",\"mainEntityOfPage\":{\"@id\":\"https:\\\/\\\/eltrabajo.cl\\\/web\\\/alza-en-valor-de-la-entrada-de-vehiculos-a-feria-mayorista-afema-asegura-que-sigue-conviniendo-economicamente\\\/\"},\"wordCount\":603,\"commentCount\":0,\"publisher\":{\"@id\":\"https:\\\/\\\/eltrabajo.cl\\\/web\\\/#organization\"},\"image\":{\"@id\":\"https:\\\/\\\/eltrabajo.cl\\\/web\\\/alza-en-valor-de-la-entrada-de-vehiculos-a-feria-mayorista-afema-asegura-que-sigue-conviniendo-economicamente\\\/#primaryimage\"},\"thumbnailUrl\":\"https:\\\/\\\/eltrabajo.cl\\\/web\\\/wp-content\\\/uploads\\\/2025\\\/04\\\/Hector-Estay-vicepresidente-de-AFEMA.jpg\",\"articleSection\":[\"Comunidad\"],\"inLanguage\":\"es-CL\",\"potentialAction\":[{\"@type\":\"CommentAction\",\"name\":\"Comment\",\"target\":[\"https:\\\/\\\/eltrabajo.cl\\\/web\\\/alza-en-valor-de-la-entrada-de-vehiculos-a-feria-mayorista-afema-asegura-que-sigue-conviniendo-economicamente\\\/#respond\"]}]},{\"@type\":\"WebPage\",\"@id\":\"https:\\\/\\\/eltrabajo.cl\\\/web\\\/alza-en-valor-de-la-entrada-de-vehiculos-a-feria-mayorista-afema-asegura-que-sigue-conviniendo-economicamente\\\/\",\"url\":\"https:\\\/\\\/eltrabajo.cl\\\/web\\\/alza-en-valor-de-la-entrada-de-vehiculos-a-feria-mayorista-afema-asegura-que-sigue-conviniendo-economicamente\\\/\",\"name\":\"Alza en valor de la entrada de veh\u00edculos a Feria Mayorista: AFEMA asegura que sigue conviniendo econ\u00f3micamente - Diario El Trabajo\",\"isPartOf\":{\"@id\":\"https:\\\/\\\/eltrabajo.cl\\\/web\\\/#website\"},\"primaryImageOfPage\":{\"@id\":\"https:\\\/\\\/eltrabajo.cl\\\/web\\\/alza-en-valor-de-la-entrada-de-vehiculos-a-feria-mayorista-afema-asegura-que-sigue-conviniendo-economicamente\\\/#primaryimage\"},\"image\":{\"@id\":\"https:\\\/\\\/eltrabajo.cl\\\/web\\\/alza-en-valor-de-la-entrada-de-vehiculos-a-feria-mayorista-afema-asegura-que-sigue-conviniendo-economicamente\\\/#primaryimage\"},\"thumbnailUrl\":\"https:\\\/\\\/eltrabajo.cl\\\/web\\\/wp-content\\\/uploads\\\/2025\\\/04\\\/Hector-Estay-vicepresidente-de-AFEMA.jpg\",\"datePublished\":\"2025-04-16T00:54:16+00:00\",\"breadcrumb\":{\"@id\":\"https:\\\/\\\/eltrabajo.cl\\\/web\\\/alza-en-valor-de-la-entrada-de-vehiculos-a-feria-mayorista-afema-asegura-que-sigue-conviniendo-economicamente\\\/#breadcrumb\"},\"inLanguage\":\"es-CL\",\"potentialAction\":[{\"@type\":\"ReadAction\",\"target\":[\"https:\\\/\\\/eltrabajo.cl\\\/web\\\/alza-en-valor-de-la-entrada-de-vehiculos-a-feria-mayorista-afema-asegura-que-sigue-conviniendo-economicamente\\\/\"]}]},{\"@type\":\"ImageObject\",\"inLanguage\":\"es-CL\",\"@id\":\"https:\\\/\\\/eltrabajo.cl\\\/web\\\/alza-en-valor-de-la-entrada-de-vehiculos-a-feria-mayorista-afema-asegura-que-sigue-conviniendo-economicamente\\\/#primaryimage\",\"url\":\"https:\\\/\\\/eltrabajo.cl\\\/web\\\/wp-content\\\/uploads\\\/2025\\\/04\\\/Hector-Estay-vicepresidente-de-AFEMA.jpg\",\"contentUrl\":\"https:\\\/\\\/eltrabajo.cl\\\/web\\\/wp-content\\\/uploads\\\/2025\\\/04\\\/Hector-Estay-vicepresidente-de-AFEMA.jpg\",\"width\":699,\"height\":490,\"caption\":\"H\u00e9ctor Estay, vicepresidente de AFEMA.\"},{\"@type\":\"BreadcrumbList\",\"@id\":\"https:\\\/\\\/eltrabajo.cl\\\/web\\\/alza-en-valor-de-la-entrada-de-vehiculos-a-feria-mayorista-afema-asegura-que-sigue-conviniendo-economicamente\\\/#breadcrumb\",\"itemListElement\":[{\"@type\":\"ListItem\",\"position\":1,\"name\":\"Portada\",\"item\":\"https:\\\/\\\/eltrabajo.cl\\\/web\\\/\"},{\"@type\":\"ListItem\",\"position\":2,\"name\":\"Alza en valor de la entrada de veh\u00edculos a Feria Mayorista: AFEMA asegura que sigue conviniendo econ\u00f3micamente\"}]},{\"@type\":\"WebSite\",\"@id\":\"https:\\\/\\\/eltrabajo.cl\\\/web\\\/#website\",\"url\":\"https:\\\/\\\/eltrabajo.cl\\\/web\\\/\",\"name\":\"Diario El Trabajo\",\"description\":\"Desde 1929 construyendo Identidad Local\",\"publisher\":{\"@id\":\"https:\\\/\\\/eltrabajo.cl\\\/web\\\/#organization\"},\"potentialAction\":[{\"@type\":\"SearchAction\",\"target\":{\"@type\":\"EntryPoint\",\"urlTemplate\":\"https:\\\/\\\/eltrabajo.cl\\\/web\\\/?s={search_term_string}\"},\"query-input\":{\"@type\":\"PropertyValueSpecification\",\"valueRequired\":true,\"valueName\":\"search_term_string\"}}],\"inLanguage\":\"es-CL\"},{\"@type\":\"Organization\",\"@id\":\"https:\\\/\\\/eltrabajo.cl\\\/web\\\/#organization\",\"name\":\"Diario El Trabajo\",\"url\":\"https:\\\/\\\/eltrabajo.cl\\\/web\\\/\",\"logo\":{\"@type\":\"ImageObject\",\"inLanguage\":\"es-CL\",\"@id\":\"https:\\\/\\\/eltrabajo.cl\\\/web\\\/#\\\/schema\\\/logo\\\/image\\\/\",\"url\":\"https:\\\/\\\/eltrabajo.cl\\\/web\\\/wp-content\\\/uploads\\\/2024\\\/06\\\/profile-image-ig-page-diarioeltrabajo.jpg\",\"contentUrl\":\"https:\\\/\\\/eltrabajo.cl\\\/web\\\/wp-content\\\/uploads\\\/2024\\\/06\\\/profile-image-ig-page-diarioeltrabajo.jpg\",\"width\":823,\"height\":823,\"caption\":\"Diario El Trabajo\"},\"image\":{\"@id\":\"https:\\\/\\\/eltrabajo.cl\\\/web\\\/#\\\/schema\\\/logo\\\/image\\\/\"},\"sameAs\":[\"https:\\\/\\\/www.facebook.com\\\/ElTrabajoDiario\",\"https:\\\/\\\/x.com\\\/diarioeltrabajo\"]},{\"@type\":\"Person\",\"@id\":\"https:\\\/\\\/eltrabajo.cl\\\/web\\\/#\\\/schema\\\/person\\\/45efd3d17f86ec456e44dd7debe1bf19\",\"name\":\"Diario El Trabajo\",\"image\":{\"@type\":\"ImageObject\",\"inLanguage\":\"es-CL\",\"@id\":\"https:\\\/\\\/secure.gravatar.com\\\/avatar\\\/7e6ec277dc4aea2677c2dc301d4227957219329c985ab69a3efc12518b5161aa?s=96&d=mm&r=g\",\"url\":\"https:\\\/\\\/secure.gravatar.com\\\/avatar\\\/7e6ec277dc4aea2677c2dc301d4227957219329c985ab69a3efc12518b5161aa?s=96&d=mm&r=g\",\"contentUrl\":\"https:\\\/\\\/secure.gravatar.com\\\/avatar\\\/7e6ec277dc4aea2677c2dc301d4227957219329c985ab69a3efc12518b5161aa?s=96&d=mm&r=g\",\"caption\":\"Diario El Trabajo\"},\"sameAs\":[\"https:\\\/\\\/eltrabajo.cl\\\/web\"],\"url\":\"https:\\\/\\\/eltrabajo.cl\\\/web\\\/author\\\/diario-el-trabajo\\\/\"}]}<\/script>\n<!-- \/ Yoast SEO plugin. -->","yoast_head_json":{"title":"Alza en valor de la entrada de veh\u00edculos a Feria Mayorista: AFEMA asegura que sigue conviniendo econ\u00f3micamente - Diario El Trabajo","robots":{"index":"index","follow":"follow","max-snippet":"max-snippet:-1","max-image-preview":"max-image-preview:large","max-video-preview":"max-video-preview:-1"},"canonical":"https:\/\/eltrabajo.cl\/web\/alza-en-valor-de-la-entrada-de-vehiculos-a-feria-mayorista-afema-asegura-que-sigue-conviniendo-economicamente\/","og_locale":"es_ES","og_type":"article","og_title":"Alza en valor de la entrada de veh\u00edculos a Feria Mayorista: AFEMA asegura que sigue conviniendo econ\u00f3micamente - Diario El Trabajo","og_description":"Adem\u00e1s, establecieron que producto del feriado irrenunciable del 1 de mayo, la feria se realizar\u00e1 el d\u00eda antes.- De un rumor que nos lleg\u00f3, quisimos hacer una pregunta y justo nos encontramos con la persona indicada, nos referimos a H\u00e9ctor Estay, vicepresidente de AFEMA o Feria Mayorista como es conocida. Este, tiene que ver con [&hellip;]","og_url":"https:\/\/eltrabajo.cl\/web\/alza-en-valor-de-la-entrada-de-vehiculos-a-feria-mayorista-afema-asegura-que-sigue-conviniendo-economicamente\/","og_site_name":"Diario El Trabajo","article_publisher":"https:\/\/www.facebook.com\/ElTrabajoDiario","article_published_time":"2025-04-16T00:54:16+00:00","og_image":[{"width":699,"height":490,"url":"https:\/\/eltrabajo.cl\/web\/wp-content\/uploads\/2025\/04\/Hector-Estay-vicepresidente-de-AFEMA.jpg","type":"image\/jpeg"}],"author":"Diario El Trabajo","twitter_card":"summary_large_image","twitter_creator":"@diarioeltrabajo","twitter_site":"@diarioeltrabajo","twitter_misc":{"Escrito por":"Diario El Trabajo","Tiempo estimado de lectura":"4 minutos"},"schema":{"@context":"https:\/\/schema.org","@graph":[{"@type":"Article","@id":"https:\/\/eltrabajo.cl\/web\/alza-en-valor-de-la-entrada-de-vehiculos-a-feria-mayorista-afema-asegura-que-sigue-conviniendo-economicamente\/#article","isPartOf":{"@id":"https:\/\/eltrabajo.cl\/web\/alza-en-valor-de-la-entrada-de-vehiculos-a-feria-mayorista-afema-asegura-que-sigue-conviniendo-economicamente\/"},"author":{"name":"Diario El Trabajo","@id":"https:\/\/eltrabajo.cl\/web\/#\/schema\/person\/45efd3d17f86ec456e44dd7debe1bf19"},"headline":"Alza en valor de la entrada de veh\u00edculos a Feria Mayorista: AFEMA asegura que sigue conviniendo econ\u00f3micamente","datePublished":"2025-04-16T00:54:16+00:00","mainEntityOfPage":{"@id":"https:\/\/eltrabajo.cl\/web\/alza-en-valor-de-la-entrada-de-vehiculos-a-feria-mayorista-afema-asegura-que-sigue-conviniendo-economicamente\/"},"wordCount":603,"commentCount":0,"publisher":{"@id":"https:\/\/eltrabajo.cl\/web\/#organization"},"image":{"@id":"https:\/\/eltrabajo.cl\/web\/alza-en-valor-de-la-entrada-de-vehiculos-a-feria-mayorista-afema-asegura-que-sigue-conviniendo-economicamente\/#primaryimage"},"thumbnailUrl":"https:\/\/eltrabajo.cl\/web\/wp-content\/uploads\/2025\/04\/Hector-Estay-vicepresidente-de-AFEMA.jpg","articleSection":["Comunidad"],"inLanguage":"es-CL","potentialAction":[{"@type":"CommentAction","name":"Comment","target":["https:\/\/eltrabajo.cl\/web\/alza-en-valor-de-la-entrada-de-vehiculos-a-feria-mayorista-afema-asegura-que-sigue-conviniendo-economicamente\/#respond"]}]},{"@type":"WebPage","@id":"https:\/\/eltrabajo.cl\/web\/alza-en-valor-de-la-entrada-de-vehiculos-a-feria-mayorista-afema-asegura-que-sigue-conviniendo-economicamente\/","url":"https:\/\/eltrabajo.cl\/web\/alza-en-valor-de-la-entrada-de-vehiculos-a-feria-mayorista-afema-asegura-que-sigue-conviniendo-economicamente\/","name":"Alza en valor de la entrada de veh\u00edculos a Feria Mayorista: AFEMA asegura que sigue conviniendo econ\u00f3micamente - Diario El Trabajo","isPartOf":{"@id":"https:\/\/eltrabajo.cl\/web\/#website"},"primaryImageOfPage":{"@id":"https:\/\/eltrabajo.cl\/web\/alza-en-valor-de-la-entrada-de-vehiculos-a-feria-mayorista-afema-asegura-que-sigue-conviniendo-economicamente\/#primaryimage"},"image":{"@id":"https:\/\/eltrabajo.cl\/web\/alza-en-valor-de-la-entrada-de-vehiculos-a-feria-mayorista-afema-asegura-que-sigue-conviniendo-economicamente\/#primaryimage"},"thumbnailUrl":"https:\/\/eltrabajo.cl\/web\/wp-content\/uploads\/2025\/04\/Hector-Estay-vicepresidente-de-AFEMA.jpg","datePublished":"2025-04-16T00:54:16+00:00","breadcrumb":{"@id":"https:\/\/eltrabajo.cl\/web\/alza-en-valor-de-la-entrada-de-vehiculos-a-feria-mayorista-afema-asegura-que-sigue-conviniendo-economicamente\/#breadcrumb"},"inLanguage":"es-CL","potentialAction":[{"@type":"ReadAction","target":["https:\/\/eltrabajo.cl\/web\/alza-en-valor-de-la-entrada-de-vehiculos-a-feria-mayorista-afema-asegura-que-sigue-conviniendo-economicamente\/"]}]},{"@type":"ImageObject","inLanguage":"es-CL","@id":"https:\/\/eltrabajo.cl\/web\/alza-en-valor-de-la-entrada-de-vehiculos-a-feria-mayorista-afema-asegura-que-sigue-conviniendo-economicamente\/#primaryimage","url":"https:\/\/eltrabajo.cl\/web\/wp-content\/uploads\/2025\/04\/Hector-Estay-vicepresidente-de-AFEMA.jpg","contentUrl":"https:\/\/eltrabajo.cl\/web\/wp-content\/uploads\/2025\/04\/Hector-Estay-vicepresidente-de-AFEMA.jpg","width":699,"height":490,"caption":"H\u00e9ctor Estay, vicepresidente de AFEMA."},{"@type":"BreadcrumbList","@id":"https:\/\/eltrabajo.cl\/web\/alza-en-valor-de-la-entrada-de-vehiculos-a-feria-mayorista-afema-asegura-que-sigue-conviniendo-economicamente\/#breadcrumb","itemListElement":[{"@type":"ListItem","position":1,"name":"Portada","item":"https:\/\/eltrabajo.cl\/web\/"},{"@type":"ListItem","position":2,"name":"Alza en valor de la entrada de veh\u00edculos a Feria Mayorista: AFEMA asegura que sigue conviniendo econ\u00f3micamente"}]},{"@type":"WebSite","@id":"https:\/\/eltrabajo.cl\/web\/#website","url":"https:\/\/eltrabajo.cl\/web\/","name":"Diario El Trabajo","description":"Desde 1929 construyendo Identidad Local","publisher":{"@id":"https:\/\/eltrabajo.cl\/web\/#organization"},"potentialAction":[{"@type":"SearchAction","target":{"@type":"EntryPoint","urlTemplate":"https:\/\/eltrabajo.cl\/web\/?s={search_term_string}"},"query-input":{"@type":"PropertyValueSpecification","valueRequired":true,"valueName":"search_term_string"}}],"inLanguage":"es-CL"},{"@type":"Organization","@id":"https:\/\/eltrabajo.cl\/web\/#organization","name":"Diario El Trabajo","url":"https:\/\/eltrabajo.cl\/web\/","logo":{"@type":"ImageObject","inLanguage":"es-CL","@id":"https:\/\/eltrabajo.cl\/web\/#\/schema\/logo\/image\/","url":"https:\/\/eltrabajo.cl\/web\/wp-content\/uploads\/2024\/06\/profile-image-ig-page-diarioeltrabajo.jpg","contentUrl":"https:\/\/eltrabajo.cl\/web\/wp-content\/uploads\/2024\/06\/profile-image-ig-page-diarioeltrabajo.jpg","width":823,"height":823,"caption":"Diario El Trabajo"},"image":{"@id":"https:\/\/eltrabajo.cl\/web\/#\/schema\/logo\/image\/"},"sameAs":["https:\/\/www.facebook.com\/ElTrabajoDiario","https:\/\/x.com\/diarioeltrabajo"]},{"@type":"Person","@id":"https:\/\/eltrabajo.cl\/web\/#\/schema\/person\/45efd3d17f86ec456e44dd7debe1bf19","name":"Diario El Trabajo","image":{"@type":"ImageObject","inLanguage":"es-CL","@id":"https:\/\/secure.gravatar.com\/avatar\/7e6ec277dc4aea2677c2dc301d4227957219329c985ab69a3efc12518b5161aa?s=96&d=mm&r=g","url":"https:\/\/secure.gravatar.com\/avatar\/7e6ec277dc4aea2677c2dc301d4227957219329c985ab69a3efc12518b5161aa?s=96&d=mm&r=g","contentUrl":"https:\/\/secure.gravatar.com\/avatar\/7e6ec277dc4aea2677c2dc301d4227957219329c985ab69a3efc12518b5161aa?s=96&d=mm&r=g","caption":"Diario El Trabajo"},"sameAs":["https:\/\/eltrabajo.cl\/web"],"url":"https:\/\/eltrabajo.cl\/web\/author\/diario-el-trabajo\/"}]}},"_links":{"self":[{"href":"https:\/\/eltrabajo.cl\/web\/wp-json\/wp\/v2\/posts\/136405","targetHints":{"allow":["GET"]}}],"collection":[{"href":"https:\/\/eltrabajo.cl\/web\/wp-json\/wp\/v2\/posts"}],"about":[{"href":"https:\/\/eltrabajo.cl\/web\/wp-json\/wp\/v2\/types\/post"}],"author":[{"embeddable":true,"href":"https:\/\/eltrabajo.cl\/web\/wp-json\/wp\/v2\/users\/1"}],"replies":[{"embeddable":true,"href":"https:\/\/eltrabajo.cl\/web\/wp-json\/wp\/v2\/comments?post=136405"}],"version-history":[{"count":1,"href":"https:\/\/eltrabajo.cl\/web\/wp-json\/wp\/v2\/posts\/136405\/revisions"}],"predecessor-version":[{"id":136407,"href":"https:\/\/eltrabajo.cl\/web\/wp-json\/wp\/v2\/posts\/136405\/revisions\/136407"}],"wp:featuredmedia":[{"embeddable":true,"href":"https:\/\/eltrabajo.cl\/web\/wp-json\/wp\/v2\/media\/136406"}],"wp:attachment":[{"href":"https:\/\/eltrabajo.cl\/web\/wp-json\/wp\/v2\/media?parent=136405"}],"wp:term":[{"taxonomy":"category","embeddable":true,"href":"https:\/\/eltrabajo.cl\/web\/wp-json\/wp\/v2\/categories?post=136405"},{"taxonomy":"post_tag","embeddable":true,"href":"https:\/\/eltrabajo.cl\/web\/wp-json\/wp\/v2\/tags?post=136405"}],"curies":[{"name":"wp","href":"https:\/\/api.w.org\/{rel}","templated":true}]}}