{"id":136408,"date":"2025-04-15T21:55:14","date_gmt":"2025-04-16T00:55:14","guid":{"rendered":"https:\/\/eltrabajo.cl\/web\/?p=136408"},"modified":"2025-04-15T21:55:14","modified_gmt":"2025-04-16T00:55:14","slug":"comenzo-a-regir-el-uso-obligatorio-de-mascarillas-en-las-unidades-de-urgencia-de-los-recintos-de-salud","status":"publish","type":"post","link":"https:\/\/eltrabajo.cl\/web\/comenzo-a-regir-el-uso-obligatorio-de-mascarillas-en-las-unidades-de-urgencia-de-los-recintos-de-salud\/","title":{"rendered":"Comenz\u00f3 a regir el uso obligatorio de mascarillas en las unidades de urgencia de los recintos de salud"},"content":{"rendered":"<ul>\n<li><strong>Medida busca disminuir los contagios de enfermedades respiratorias.\u2013<\/strong><\/li>\n<\/ul>\n<p>A partir de ayer martes, comenz\u00f3 a regir en todo el pa\u00eds la medida del uso obligatorio de mascarillas en todas las unidades de urgencias de los recintos de salud, ya sean p\u00fablicos o privados. Esto, con la finalidad de hacer frente y disminuir los contagios de enfermedades respiratorias.<\/p>\n<p>Al respecto, el jefe de la Autoridad Sanitaria de Aconcagua, <strong>Mario M\u00e9ndez<\/strong>, se\u00f1al\u00f3 que <em>\u00abefectivamente el Ministerio de Salud estableci\u00f3 una nueva alerta sanitaria en funci\u00f3n de las enfermedades respiratorias y pasa a complementar el conjunto de medidas que se han venido desarrollando como las vacunaciones preventivas para distintas enfermedades y las medidas permanentes de autocuidado\u00bb<\/em>.<\/p>\n<p>En este contexto, M\u00e9ndez coment\u00f3 que <em>\u00abse ha planteado que se retome esta medida que en los servicios de urgencia es obligatorio el uso de mascarilla. Es una medida que se comienza a implementar desde el d\u00eda de hoy<\/em> (ayer) <em>y nosotros ya estamos en coordinaci\u00f3n con la red de salud para que, efectivamente, tanto los funcionarios como las personas que ingresan a los servicios de urgencia observen esta norma que esta orientada como medida de autocuidado para efectos de prevenir el contagio\u00bb<\/em>.<\/p>\n<p>Asimismo, y en l\u00ednea con el objetivo de esta medida, tambi\u00e9n se ha recomendado usar este elemento de protecci\u00f3n en lugares de mayor aglomeraci\u00f3n de personas.<\/p>\n<p>\u00ab<em>Tambi\u00e9n es recomendable que en los centros de aglomeraci\u00f3n de p\u00fablico masivo se utilicen las mascarillas, tambi\u00e9n de personas que se encuentren enfermas, con tratamientos m\u00e9dicos y tambi\u00e9n en el transporte p\u00fablico se recomienda el uso de mascarillas, aunque no es obligatorio\u00bb<\/em>, expres\u00f3 el jefe de la Autoridad Sanitaria de Aconcagua.<\/p>\n<p>En este punto, Mario M\u00e9ndez agreg\u00f3 que <em>\u00abes recomendable respecto de personas que eventualmente puedan contagiar o que se encuentran en una situaci\u00f3n de salud que sean m\u00e1s propensos a enfermarse\u00bb<\/em>.<\/p>\n<p>Adem\u00e1s de esta medida, tambi\u00e9n se lleva a cabo la campa\u00f1a de vacunaci\u00f3n contra las enfermedades respiratorias, influenza y covid 19, dosis que est\u00e1n disponibles en todos los recintos de salud.<\/p>\n<figure id=\"attachment_136409\" aria-describedby=\"caption-attachment-136409\" style=\"width: 698px\" class=\"wp-caption alignnone\"><img loading=\"lazy\" decoding=\"async\" class=\"size-full wp-image-136409\" src=\"http:\/\/eltrabajo.cl\/web\/wp-content\/uploads\/2025\/04\/mascarilla-obligatoria.jpg\" alt=\"Mascarillas vuelven a ser obligatorias en las unidades de urgencias de todos los recintos de salud (Imagen referencial). \" width=\"698\" height=\"393\" srcset=\"https:\/\/eltrabajo.cl\/web\/wp-content\/uploads\/2025\/04\/mascarilla-obligatoria.jpg 698w, https:\/\/eltrabajo.cl\/web\/wp-content\/uploads\/2025\/04\/mascarilla-obligatoria-300x169.jpg 300w, https:\/\/eltrabajo.cl\/web\/wp-content\/uploads\/2025\/04\/mascarilla-obligatoria-150x84.jpg 150w, https:\/\/eltrabajo.cl\/web\/wp-content\/uploads\/2025\/04\/mascarilla-obligatoria-696x392.jpg 696w\" sizes=\"auto, (max-width: 698px) 100vw, 698px\" \/><figcaption id=\"caption-attachment-136409\" class=\"wp-caption-text\">Mascarillas vuelven a ser obligatorias en las unidades de urgencias de todos los recintos de salud (Imagen referencial).<\/figcaption><\/figure>\n","protected":false},"excerpt":{"rendered":"<p>Medida busca disminuir los contagios de enfermedades respiratorias.\u2013 A partir de ayer martes, comenz\u00f3 a regir en todo el pa\u00eds la medida del uso obligatorio de mascarillas en todas las unidades de urgencias de los recintos de salud, ya sean p\u00fablicos o privados. Esto, con la finalidad de hacer frente y disminuir los contagios de [&hellip;]<\/p>\n","protected":false},"author":1,"featured_media":136409,"comment_status":"open","ping_status":"closed","sticky":false,"template":"","format":"standard","meta":{"footnotes":""},"categories":[3],"tags":[],"class_list":{"0":"post-136408","1":"post","2":"type-post","3":"status-publish","4":"format-standard","5":"has-post-thumbnail","7":"category-cronica-2"},"yoast_head":"<!-- This site is optimized with the Yoast SEO plugin v27.4 - https:\/\/yoast.com\/product\/yoast-seo-wordpress\/ -->\n<title>Comenz\u00f3 a regir el uso obligatorio de mascarillas en las unidades de urgencia de los recintos de salud - Diario El Trabajo<\/title>\n<meta name=\"robots\" content=\"index, follow, max-snippet:-1, max-image-preview:large, max-video-preview:-1\" \/>\n<link rel=\"canonical\" href=\"https:\/\/eltrabajo.cl\/web\/comenzo-a-regir-el-uso-obligatorio-de-mascarillas-en-las-unidades-de-urgencia-de-los-recintos-de-salud\/\" \/>\n<meta property=\"og:locale\" content=\"es_ES\" \/>\n<meta property=\"og:type\" content=\"article\" \/>\n<meta property=\"og:title\" content=\"Comenz\u00f3 a regir el uso obligatorio de mascarillas en las unidades de urgencia de los recintos de salud - Diario El Trabajo\" \/>\n<meta property=\"og:description\" content=\"Medida busca disminuir los contagios de enfermedades respiratorias.\u2013 A partir de ayer martes, comenz\u00f3 a regir en todo el pa\u00eds la medida del uso obligatorio de mascarillas en todas las unidades de urgencias de los recintos de salud, ya sean p\u00fablicos o privados. Esto, con la finalidad de hacer frente y disminuir los contagios de [&hellip;]\" \/>\n<meta property=\"og:url\" content=\"https:\/\/eltrabajo.cl\/web\/comenzo-a-regir-el-uso-obligatorio-de-mascarillas-en-las-unidades-de-urgencia-de-los-recintos-de-salud\/\" \/>\n<meta property=\"og:site_name\" content=\"Diario El Trabajo\" \/>\n<meta property=\"article:publisher\" content=\"https:\/\/www.facebook.com\/ElTrabajoDiario\" \/>\n<meta property=\"article:published_time\" content=\"2025-04-16T00:55:14+00:00\" \/>\n<meta property=\"og:image\" content=\"https:\/\/eltrabajo.cl\/web\/wp-content\/uploads\/2025\/04\/mascarilla-obligatoria.jpg\" \/>\n\t<meta property=\"og:image:width\" content=\"698\" \/>\n\t<meta property=\"og:image:height\" content=\"393\" \/>\n\t<meta property=\"og:image:type\" content=\"image\/jpeg\" \/>\n<meta name=\"author\" content=\"Diario El Trabajo\" \/>\n<meta name=\"twitter:card\" content=\"summary_large_image\" \/>\n<meta name=\"twitter:creator\" content=\"@diarioeltrabajo\" \/>\n<meta name=\"twitter:site\" content=\"@diarioeltrabajo\" \/>\n<meta name=\"twitter:label1\" content=\"Escrito por\" \/>\n\t<meta name=\"twitter:data1\" content=\"Diario El Trabajo\" \/>\n\t<meta name=\"twitter:label2\" content=\"Tiempo estimado de lectura\" \/>\n\t<meta name=\"twitter:data2\" content=\"3 minutos\" \/>\n<script type=\"application\/ld+json\" class=\"yoast-schema-graph\">{\"@context\":\"https:\\\/\\\/schema.org\",\"@graph\":[{\"@type\":\"Article\",\"@id\":\"https:\\\/\\\/eltrabajo.cl\\\/web\\\/comenzo-a-regir-el-uso-obligatorio-de-mascarillas-en-las-unidades-de-urgencia-de-los-recintos-de-salud\\\/#article\",\"isPartOf\":{\"@id\":\"https:\\\/\\\/eltrabajo.cl\\\/web\\\/comenzo-a-regir-el-uso-obligatorio-de-mascarillas-en-las-unidades-de-urgencia-de-los-recintos-de-salud\\\/\"},\"author\":{\"name\":\"Diario El Trabajo\",\"@id\":\"https:\\\/\\\/eltrabajo.cl\\\/web\\\/#\\\/schema\\\/person\\\/45efd3d17f86ec456e44dd7debe1bf19\"},\"headline\":\"Comenz\u00f3 a regir el uso obligatorio de mascarillas en las unidades de urgencia de los recintos de salud\",\"datePublished\":\"2025-04-16T00:55:14+00:00\",\"mainEntityOfPage\":{\"@id\":\"https:\\\/\\\/eltrabajo.cl\\\/web\\\/comenzo-a-regir-el-uso-obligatorio-de-mascarillas-en-las-unidades-de-urgencia-de-los-recintos-de-salud\\\/\"},\"wordCount\":404,\"commentCount\":0,\"publisher\":{\"@id\":\"https:\\\/\\\/eltrabajo.cl\\\/web\\\/#organization\"},\"image\":{\"@id\":\"https:\\\/\\\/eltrabajo.cl\\\/web\\\/comenzo-a-regir-el-uso-obligatorio-de-mascarillas-en-las-unidades-de-urgencia-de-los-recintos-de-salud\\\/#primaryimage\"},\"thumbnailUrl\":\"https:\\\/\\\/eltrabajo.cl\\\/web\\\/wp-content\\\/uploads\\\/2025\\\/04\\\/mascarilla-obligatoria.jpg\",\"articleSection\":[\"Cr\u00f3nica\"],\"inLanguage\":\"es-CL\",\"potentialAction\":[{\"@type\":\"CommentAction\",\"name\":\"Comment\",\"target\":[\"https:\\\/\\\/eltrabajo.cl\\\/web\\\/comenzo-a-regir-el-uso-obligatorio-de-mascarillas-en-las-unidades-de-urgencia-de-los-recintos-de-salud\\\/#respond\"]}]},{\"@type\":\"WebPage\",\"@id\":\"https:\\\/\\\/eltrabajo.cl\\\/web\\\/comenzo-a-regir-el-uso-obligatorio-de-mascarillas-en-las-unidades-de-urgencia-de-los-recintos-de-salud\\\/\",\"url\":\"https:\\\/\\\/eltrabajo.cl\\\/web\\\/comenzo-a-regir-el-uso-obligatorio-de-mascarillas-en-las-unidades-de-urgencia-de-los-recintos-de-salud\\\/\",\"name\":\"Comenz\u00f3 a regir el uso obligatorio de mascarillas en las unidades de urgencia de los recintos de salud - Diario El Trabajo\",\"isPartOf\":{\"@id\":\"https:\\\/\\\/eltrabajo.cl\\\/web\\\/#website\"},\"primaryImageOfPage\":{\"@id\":\"https:\\\/\\\/eltrabajo.cl\\\/web\\\/comenzo-a-regir-el-uso-obligatorio-de-mascarillas-en-las-unidades-de-urgencia-de-los-recintos-de-salud\\\/#primaryimage\"},\"image\":{\"@id\":\"https:\\\/\\\/eltrabajo.cl\\\/web\\\/comenzo-a-regir-el-uso-obligatorio-de-mascarillas-en-las-unidades-de-urgencia-de-los-recintos-de-salud\\\/#primaryimage\"},\"thumbnailUrl\":\"https:\\\/\\\/eltrabajo.cl\\\/web\\\/wp-content\\\/uploads\\\/2025\\\/04\\\/mascarilla-obligatoria.jpg\",\"datePublished\":\"2025-04-16T00:55:14+00:00\",\"breadcrumb\":{\"@id\":\"https:\\\/\\\/eltrabajo.cl\\\/web\\\/comenzo-a-regir-el-uso-obligatorio-de-mascarillas-en-las-unidades-de-urgencia-de-los-recintos-de-salud\\\/#breadcrumb\"},\"inLanguage\":\"es-CL\",\"potentialAction\":[{\"@type\":\"ReadAction\",\"target\":[\"https:\\\/\\\/eltrabajo.cl\\\/web\\\/comenzo-a-regir-el-uso-obligatorio-de-mascarillas-en-las-unidades-de-urgencia-de-los-recintos-de-salud\\\/\"]}]},{\"@type\":\"ImageObject\",\"inLanguage\":\"es-CL\",\"@id\":\"https:\\\/\\\/eltrabajo.cl\\\/web\\\/comenzo-a-regir-el-uso-obligatorio-de-mascarillas-en-las-unidades-de-urgencia-de-los-recintos-de-salud\\\/#primaryimage\",\"url\":\"https:\\\/\\\/eltrabajo.cl\\\/web\\\/wp-content\\\/uploads\\\/2025\\\/04\\\/mascarilla-obligatoria.jpg\",\"contentUrl\":\"https:\\\/\\\/eltrabajo.cl\\\/web\\\/wp-content\\\/uploads\\\/2025\\\/04\\\/mascarilla-obligatoria.jpg\",\"width\":698,\"height\":393,\"caption\":\"Mascarillas vuelven a ser obligatorias en las unidades de urgencias de todos los recintos de salud (Imagen referencial).\"},{\"@type\":\"BreadcrumbList\",\"@id\":\"https:\\\/\\\/eltrabajo.cl\\\/web\\\/comenzo-a-regir-el-uso-obligatorio-de-mascarillas-en-las-unidades-de-urgencia-de-los-recintos-de-salud\\\/#breadcrumb\",\"itemListElement\":[{\"@type\":\"ListItem\",\"position\":1,\"name\":\"Portada\",\"item\":\"https:\\\/\\\/eltrabajo.cl\\\/web\\\/\"},{\"@type\":\"ListItem\",\"position\":2,\"name\":\"Comenz\u00f3 a regir el uso obligatorio de mascarillas en las unidades de urgencia de los recintos de salud\"}]},{\"@type\":\"WebSite\",\"@id\":\"https:\\\/\\\/eltrabajo.cl\\\/web\\\/#website\",\"url\":\"https:\\\/\\\/eltrabajo.cl\\\/web\\\/\",\"name\":\"Diario El Trabajo\",\"description\":\"Desde 1929 construyendo Identidad Local\",\"publisher\":{\"@id\":\"https:\\\/\\\/eltrabajo.cl\\\/web\\\/#organization\"},\"potentialAction\":[{\"@type\":\"SearchAction\",\"target\":{\"@type\":\"EntryPoint\",\"urlTemplate\":\"https:\\\/\\\/eltrabajo.cl\\\/web\\\/?s={search_term_string}\"},\"query-input\":{\"@type\":\"PropertyValueSpecification\",\"valueRequired\":true,\"valueName\":\"search_term_string\"}}],\"inLanguage\":\"es-CL\"},{\"@type\":\"Organization\",\"@id\":\"https:\\\/\\\/eltrabajo.cl\\\/web\\\/#organization\",\"name\":\"Diario El Trabajo\",\"url\":\"https:\\\/\\\/eltrabajo.cl\\\/web\\\/\",\"logo\":{\"@type\":\"ImageObject\",\"inLanguage\":\"es-CL\",\"@id\":\"https:\\\/\\\/eltrabajo.cl\\\/web\\\/#\\\/schema\\\/logo\\\/image\\\/\",\"url\":\"https:\\\/\\\/eltrabajo.cl\\\/web\\\/wp-content\\\/uploads\\\/2024\\\/06\\\/profile-image-ig-page-diarioeltrabajo.jpg\",\"contentUrl\":\"https:\\\/\\\/eltrabajo.cl\\\/web\\\/wp-content\\\/uploads\\\/2024\\\/06\\\/profile-image-ig-page-diarioeltrabajo.jpg\",\"width\":823,\"height\":823,\"caption\":\"Diario El Trabajo\"},\"image\":{\"@id\":\"https:\\\/\\\/eltrabajo.cl\\\/web\\\/#\\\/schema\\\/logo\\\/image\\\/\"},\"sameAs\":[\"https:\\\/\\\/www.facebook.com\\\/ElTrabajoDiario\",\"https:\\\/\\\/x.com\\\/diarioeltrabajo\"]},{\"@type\":\"Person\",\"@id\":\"https:\\\/\\\/eltrabajo.cl\\\/web\\\/#\\\/schema\\\/person\\\/45efd3d17f86ec456e44dd7debe1bf19\",\"name\":\"Diario El Trabajo\",\"image\":{\"@type\":\"ImageObject\",\"inLanguage\":\"es-CL\",\"@id\":\"https:\\\/\\\/secure.gravatar.com\\\/avatar\\\/7e6ec277dc4aea2677c2dc301d4227957219329c985ab69a3efc12518b5161aa?s=96&d=mm&r=g\",\"url\":\"https:\\\/\\\/secure.gravatar.com\\\/avatar\\\/7e6ec277dc4aea2677c2dc301d4227957219329c985ab69a3efc12518b5161aa?s=96&d=mm&r=g\",\"contentUrl\":\"https:\\\/\\\/secure.gravatar.com\\\/avatar\\\/7e6ec277dc4aea2677c2dc301d4227957219329c985ab69a3efc12518b5161aa?s=96&d=mm&r=g\",\"caption\":\"Diario El Trabajo\"},\"sameAs\":[\"https:\\\/\\\/eltrabajo.cl\\\/web\"],\"url\":\"https:\\\/\\\/eltrabajo.cl\\\/web\\\/author\\\/diario-el-trabajo\\\/\"}]}<\/script>\n<!-- \/ Yoast SEO plugin. -->","yoast_head_json":{"title":"Comenz\u00f3 a regir el uso obligatorio de mascarillas en las unidades de urgencia de los recintos de salud - Diario El Trabajo","robots":{"index":"index","follow":"follow","max-snippet":"max-snippet:-1","max-image-preview":"max-image-preview:large","max-video-preview":"max-video-preview:-1"},"canonical":"https:\/\/eltrabajo.cl\/web\/comenzo-a-regir-el-uso-obligatorio-de-mascarillas-en-las-unidades-de-urgencia-de-los-recintos-de-salud\/","og_locale":"es_ES","og_type":"article","og_title":"Comenz\u00f3 a regir el uso obligatorio de mascarillas en las unidades de urgencia de los recintos de salud - Diario El Trabajo","og_description":"Medida busca disminuir los contagios de enfermedades respiratorias.\u2013 A partir de ayer martes, comenz\u00f3 a regir en todo el pa\u00eds la medida del uso obligatorio de mascarillas en todas las unidades de urgencias de los recintos de salud, ya sean p\u00fablicos o privados. Esto, con la finalidad de hacer frente y disminuir los contagios de [&hellip;]","og_url":"https:\/\/eltrabajo.cl\/web\/comenzo-a-regir-el-uso-obligatorio-de-mascarillas-en-las-unidades-de-urgencia-de-los-recintos-de-salud\/","og_site_name":"Diario El Trabajo","article_publisher":"https:\/\/www.facebook.com\/ElTrabajoDiario","article_published_time":"2025-04-16T00:55:14+00:00","og_image":[{"width":698,"height":393,"url":"https:\/\/eltrabajo.cl\/web\/wp-content\/uploads\/2025\/04\/mascarilla-obligatoria.jpg","type":"image\/jpeg"}],"author":"Diario El Trabajo","twitter_card":"summary_large_image","twitter_creator":"@diarioeltrabajo","twitter_site":"@diarioeltrabajo","twitter_misc":{"Escrito por":"Diario El Trabajo","Tiempo estimado de lectura":"3 minutos"},"schema":{"@context":"https:\/\/schema.org","@graph":[{"@type":"Article","@id":"https:\/\/eltrabajo.cl\/web\/comenzo-a-regir-el-uso-obligatorio-de-mascarillas-en-las-unidades-de-urgencia-de-los-recintos-de-salud\/#article","isPartOf":{"@id":"https:\/\/eltrabajo.cl\/web\/comenzo-a-regir-el-uso-obligatorio-de-mascarillas-en-las-unidades-de-urgencia-de-los-recintos-de-salud\/"},"author":{"name":"Diario El Trabajo","@id":"https:\/\/eltrabajo.cl\/web\/#\/schema\/person\/45efd3d17f86ec456e44dd7debe1bf19"},"headline":"Comenz\u00f3 a regir el uso obligatorio de mascarillas en las unidades de urgencia de los recintos de salud","datePublished":"2025-04-16T00:55:14+00:00","mainEntityOfPage":{"@id":"https:\/\/eltrabajo.cl\/web\/comenzo-a-regir-el-uso-obligatorio-de-mascarillas-en-las-unidades-de-urgencia-de-los-recintos-de-salud\/"},"wordCount":404,"commentCount":0,"publisher":{"@id":"https:\/\/eltrabajo.cl\/web\/#organization"},"image":{"@id":"https:\/\/eltrabajo.cl\/web\/comenzo-a-regir-el-uso-obligatorio-de-mascarillas-en-las-unidades-de-urgencia-de-los-recintos-de-salud\/#primaryimage"},"thumbnailUrl":"https:\/\/eltrabajo.cl\/web\/wp-content\/uploads\/2025\/04\/mascarilla-obligatoria.jpg","articleSection":["Cr\u00f3nica"],"inLanguage":"es-CL","potentialAction":[{"@type":"CommentAction","name":"Comment","target":["https:\/\/eltrabajo.cl\/web\/comenzo-a-regir-el-uso-obligatorio-de-mascarillas-en-las-unidades-de-urgencia-de-los-recintos-de-salud\/#respond"]}]},{"@type":"WebPage","@id":"https:\/\/eltrabajo.cl\/web\/comenzo-a-regir-el-uso-obligatorio-de-mascarillas-en-las-unidades-de-urgencia-de-los-recintos-de-salud\/","url":"https:\/\/eltrabajo.cl\/web\/comenzo-a-regir-el-uso-obligatorio-de-mascarillas-en-las-unidades-de-urgencia-de-los-recintos-de-salud\/","name":"Comenz\u00f3 a regir el uso obligatorio de mascarillas en las unidades de urgencia de los recintos de salud - Diario El Trabajo","isPartOf":{"@id":"https:\/\/eltrabajo.cl\/web\/#website"},"primaryImageOfPage":{"@id":"https:\/\/eltrabajo.cl\/web\/comenzo-a-regir-el-uso-obligatorio-de-mascarillas-en-las-unidades-de-urgencia-de-los-recintos-de-salud\/#primaryimage"},"image":{"@id":"https:\/\/eltrabajo.cl\/web\/comenzo-a-regir-el-uso-obligatorio-de-mascarillas-en-las-unidades-de-urgencia-de-los-recintos-de-salud\/#primaryimage"},"thumbnailUrl":"https:\/\/eltrabajo.cl\/web\/wp-content\/uploads\/2025\/04\/mascarilla-obligatoria.jpg","datePublished":"2025-04-16T00:55:14+00:00","breadcrumb":{"@id":"https:\/\/eltrabajo.cl\/web\/comenzo-a-regir-el-uso-obligatorio-de-mascarillas-en-las-unidades-de-urgencia-de-los-recintos-de-salud\/#breadcrumb"},"inLanguage":"es-CL","potentialAction":[{"@type":"ReadAction","target":["https:\/\/eltrabajo.cl\/web\/comenzo-a-regir-el-uso-obligatorio-de-mascarillas-en-las-unidades-de-urgencia-de-los-recintos-de-salud\/"]}]},{"@type":"ImageObject","inLanguage":"es-CL","@id":"https:\/\/eltrabajo.cl\/web\/comenzo-a-regir-el-uso-obligatorio-de-mascarillas-en-las-unidades-de-urgencia-de-los-recintos-de-salud\/#primaryimage","url":"https:\/\/eltrabajo.cl\/web\/wp-content\/uploads\/2025\/04\/mascarilla-obligatoria.jpg","contentUrl":"https:\/\/eltrabajo.cl\/web\/wp-content\/uploads\/2025\/04\/mascarilla-obligatoria.jpg","width":698,"height":393,"caption":"Mascarillas vuelven a ser obligatorias en las unidades de urgencias de todos los recintos de salud (Imagen referencial)."},{"@type":"BreadcrumbList","@id":"https:\/\/eltrabajo.cl\/web\/comenzo-a-regir-el-uso-obligatorio-de-mascarillas-en-las-unidades-de-urgencia-de-los-recintos-de-salud\/#breadcrumb","itemListElement":[{"@type":"ListItem","position":1,"name":"Portada","item":"https:\/\/eltrabajo.cl\/web\/"},{"@type":"ListItem","position":2,"name":"Comenz\u00f3 a regir el uso obligatorio de mascarillas en las unidades de urgencia de los recintos de salud"}]},{"@type":"WebSite","@id":"https:\/\/eltrabajo.cl\/web\/#website","url":"https:\/\/eltrabajo.cl\/web\/","name":"Diario El Trabajo","description":"Desde 1929 construyendo Identidad Local","publisher":{"@id":"https:\/\/eltrabajo.cl\/web\/#organization"},"potentialAction":[{"@type":"SearchAction","target":{"@type":"EntryPoint","urlTemplate":"https:\/\/eltrabajo.cl\/web\/?s={search_term_string}"},"query-input":{"@type":"PropertyValueSpecification","valueRequired":true,"valueName":"search_term_string"}}],"inLanguage":"es-CL"},{"@type":"Organization","@id":"https:\/\/eltrabajo.cl\/web\/#organization","name":"Diario El Trabajo","url":"https:\/\/eltrabajo.cl\/web\/","logo":{"@type":"ImageObject","inLanguage":"es-CL","@id":"https:\/\/eltrabajo.cl\/web\/#\/schema\/logo\/image\/","url":"https:\/\/eltrabajo.cl\/web\/wp-content\/uploads\/2024\/06\/profile-image-ig-page-diarioeltrabajo.jpg","contentUrl":"https:\/\/eltrabajo.cl\/web\/wp-content\/uploads\/2024\/06\/profile-image-ig-page-diarioeltrabajo.jpg","width":823,"height":823,"caption":"Diario El Trabajo"},"image":{"@id":"https:\/\/eltrabajo.cl\/web\/#\/schema\/logo\/image\/"},"sameAs":["https:\/\/www.facebook.com\/ElTrabajoDiario","https:\/\/x.com\/diarioeltrabajo"]},{"@type":"Person","@id":"https:\/\/eltrabajo.cl\/web\/#\/schema\/person\/45efd3d17f86ec456e44dd7debe1bf19","name":"Diario El Trabajo","image":{"@type":"ImageObject","inLanguage":"es-CL","@id":"https:\/\/secure.gravatar.com\/avatar\/7e6ec277dc4aea2677c2dc301d4227957219329c985ab69a3efc12518b5161aa?s=96&d=mm&r=g","url":"https:\/\/secure.gravatar.com\/avatar\/7e6ec277dc4aea2677c2dc301d4227957219329c985ab69a3efc12518b5161aa?s=96&d=mm&r=g","contentUrl":"https:\/\/secure.gravatar.com\/avatar\/7e6ec277dc4aea2677c2dc301d4227957219329c985ab69a3efc12518b5161aa?s=96&d=mm&r=g","caption":"Diario El Trabajo"},"sameAs":["https:\/\/eltrabajo.cl\/web"],"url":"https:\/\/eltrabajo.cl\/web\/author\/diario-el-trabajo\/"}]}},"_links":{"self":[{"href":"https:\/\/eltrabajo.cl\/web\/wp-json\/wp\/v2\/posts\/136408","targetHints":{"allow":["GET"]}}],"collection":[{"href":"https:\/\/eltrabajo.cl\/web\/wp-json\/wp\/v2\/posts"}],"about":[{"href":"https:\/\/eltrabajo.cl\/web\/wp-json\/wp\/v2\/types\/post"}],"author":[{"embeddable":true,"href":"https:\/\/eltrabajo.cl\/web\/wp-json\/wp\/v2\/users\/1"}],"replies":[{"embeddable":true,"href":"https:\/\/eltrabajo.cl\/web\/wp-json\/wp\/v2\/comments?post=136408"}],"version-history":[{"count":1,"href":"https:\/\/eltrabajo.cl\/web\/wp-json\/wp\/v2\/posts\/136408\/revisions"}],"predecessor-version":[{"id":136410,"href":"https:\/\/eltrabajo.cl\/web\/wp-json\/wp\/v2\/posts\/136408\/revisions\/136410"}],"wp:featuredmedia":[{"embeddable":true,"href":"https:\/\/eltrabajo.cl\/web\/wp-json\/wp\/v2\/media\/136409"}],"wp:attachment":[{"href":"https:\/\/eltrabajo.cl\/web\/wp-json\/wp\/v2\/media?parent=136408"}],"wp:term":[{"taxonomy":"category","embeddable":true,"href":"https:\/\/eltrabajo.cl\/web\/wp-json\/wp\/v2\/categories?post=136408"},{"taxonomy":"post_tag","embeddable":true,"href":"https:\/\/eltrabajo.cl\/web\/wp-json\/wp\/v2\/tags?post=136408"}],"curies":[{"name":"wp","href":"https:\/\/api.w.org\/{rel}","templated":true}]}}