{"id":136411,"date":"2025-04-15T21:56:38","date_gmt":"2025-04-16T00:56:38","guid":{"rendered":"https:\/\/eltrabajo.cl\/web\/?p=136411"},"modified":"2025-04-15T21:56:38","modified_gmt":"2025-04-16T00:56:38","slug":"todos-a-colaborar-sigue-la-lucha-de-rodrigo-para-operarse-de-parkinson","status":"publish","type":"post","link":"https:\/\/eltrabajo.cl\/web\/todos-a-colaborar-sigue-la-lucha-de-rodrigo-para-operarse-de-parkinson\/","title":{"rendered":"\u00a1Todos a colaborar!: Sigue la lucha de Rodrigo para operarse de Parkinson"},"content":{"rendered":"<ul>\n<li><strong>Hijo del hist\u00f3rico \u2018Cocoa\u2019 Villarroel padece la enfermedad hace catorce a\u00f1os.-<\/strong><\/li>\n<\/ul>\n<p><strong>Rodrigo Villarroel<\/strong> tiene 43 a\u00f1os de edad, es padre de tres hijos que actualmente est\u00e1n con su madre, quien los cuida bien, y adem\u00e1s, es hijo del hist\u00f3rico jugador de Uni\u00f3n San Felipe, <strong>Antonio<\/strong> \u2018<strong>Cocoa<\/strong>\u2019 <strong>Villarroel<\/strong>.<\/p>\n<p>Padece de la enfermedad Parkinson del tipo r\u00edgido, la que lo ha acompa\u00f1ado durante catorce a\u00f1os, pero en los \u00faltimos cuatro se ha agudizado m\u00e1s. Para salir de esta complicada situaci\u00f3n de salud necesita reunir la no despreciable suma de $62 millones, recursos para poder operarlo en una cl\u00ednica.<\/p>\n<p>Ya es sabido que se han hecho actividades ben\u00e9ficas donde se ha juntado dinero, pero eso se ha ido ocupando para ex\u00e1menes. Poniendo como ejemplo, una resonancia magn\u00e9tica le cuesta casi $800 mil y otro tiene un valor sobre el mill\u00f3n de pesos.<\/p>\n<p>Para eso nos deja los siguientes datos, donde la gente buen coraz\u00f3n puede depositar.: Cuenta Rut de Banco Estado, 15.091.135-4.<\/p>\n<p>&#8211;<strong> Cu\u00e9ntanos Rodrigo el momento delicado de salud que est\u00e1s pasando, \u00bfc\u00f3mo parte todo?<\/strong><\/p>\n<p>&#8211; Hace catorce a\u00f1os empez\u00f3 un Parkinson del tipo rigidez, eso en la pr\u00e1ctica es que tengo todo el lado derecho como m\u00e1s lento, m\u00e1s retenido y ahora est\u00e1 agudizado.<\/p>\n<p>&#8211; <strong>\u00bfC\u00f3mo han sido estos catorce a\u00f1os?<\/strong><\/p>\n<p>&#8211; Normales, dentro de la enfermedad han sido bien, no tan mal, pero ahora ya se agudiz\u00f3.<\/p>\n<p>&#8211; <strong>\u00bfDe estos catorce a\u00f1os has podido desenvolverte en forma normal?<\/strong><\/p>\n<p>&#8211; Hasta hace diez a\u00f1os creo que s\u00ed, mientras que los \u00faltimos cuatro fueron paulatinamente deterior\u00e1ndose. Ahora hay un deterioro m\u00e1s grande.<\/p>\n<p>&#8211; <strong>\u00bfCu\u00e1l es la situaci\u00f3n tuya hoy d\u00eda a prop\u00f3sito de ese deterioro? \u00bfEst\u00e1s sentado r\u00edgido, no te puedes mover?<\/strong><\/p>\n<p>&#8211; Yo, hoy d\u00eda estoy casi sin movimiento, porque necesito 28 tabletas diarias para moverme.<\/p>\n<p>Los medicamentos debe tomarlos a lo largo de todo el d\u00eda, <em>\u00abcada una, dos horas las estoy tomando para poder moverme un poco\u00bb<\/em>, se\u00f1al\u00f3.<\/p>\n<p>&#8211; <strong>\u00bfC\u00f3mo sobrellevas la parte mental, siendo un joven que hoy en d\u00eda te encuentres con que no te puedes mover, c\u00f3mo ha sido eso?<\/strong><\/p>\n<p>&#8211; Un poquito dif\u00edcil, pero lucho d\u00eda a d\u00eda con eso. Hay que salir adelante, no hay que pensar en qu\u00e9 va a pasar, sino que hay que levantarse y seguir luchando nom\u00e1s.<\/p>\n<p>&#8211; <strong>Ah\u00ed entramos a la parte econ\u00f3mica <\/strong><\/p>\n<p>&#8211; Claro, son 62 millones de pesos solo para operarse, m\u00e1s todo lo que se ha gastado. Se han hecho eventos que t\u00fa sabes, pero todo eso se ha ido en la resonancia. Me han hecho tres y cada una me ha costado 790 mil pesos.<\/p>\n<p>En esta l\u00ednea, coment\u00f3 que espera seguir con los beneficios, aunque <em>\u00abvamos a ver c\u00f3mo lo podemos hacer, porque el tiempo se nos acorta r\u00e1pidamente\u00bb<\/em>, precis\u00f3.<\/p>\n<p>A Rodrigo Villarroel le indican que la operaci\u00f3n debe realizarse lo antes posible, ya que hoy d\u00eda est\u00e1 evaluado dentro de las personas que se puede intervenir, <em>\u00abporque hay gente que no puede hacerlo, pero pasando cierta cantidad de tiempo est\u00e1n los da\u00f1os que provoca la enfermedad, como t\u00fa sabes es degenerativa, despu\u00e9s no hay vuelta atr\u00e1s. De ah\u00ed ya no te puedes operar y ya pasas a ser un paciente com\u00fan y corriente de Parkinson, que no tiene vuelta atr\u00e1s\u00bb<\/em>, se\u00f1al\u00f3.<\/p>\n<p>Aprovech\u00f3 la conversaci\u00f3n y nos entreg\u00f3 la cifra que actualmente tiene en la cuenta y esta asciende a unos $500 mil aproximadamente, recursos muy lejanos a\u00fan a lo que debe reunir. <em>\u00abS\u00ed, hemos gastado una enormidad, porque como te digo cada examen me ha salido; pucha, 790 mil pesos como es cada resonancia, los TAG, m\u00e1s el test de levodopa. Todo eso es car\u00edsimo, te hablo que este test vale 1 mill\u00f3n 200 mil pesos\u00bb<\/em>, a\u00f1adi\u00f3.<\/p>\n<p>Explica que este test es para medir la cantidad de levodopa que recibe su cuerpo, <em>\u00abque aguanta tu cuerpo, es el que te da el pase para operarte\u00bb<\/em>.<\/p>\n<p>&nbsp;<\/p>\n<p><strong>NULO APOYO DE LAS AUTORIDADES MUNICIPALES<\/strong><\/p>\n<p>Antes de terminar la conversaci\u00f3n, nos pide agregar que ha tenido nulo apoyo por parte de las autoridades municipales, <em>\u00abya que la alcaldesa y Marcela Brito, quienes comprometieron una ayuda y hasta el momento es nula\u00bb<\/em>, finaliz\u00f3.<\/p>\n<p>&#8211; <strong>Una reflexi\u00f3n final, apelar a la buena voluntad de la gente a trav\u00e9s de Diario El Trabajo<\/strong><\/p>\n<p>&#8211; Pucha, que se pongan la mano en el coraz\u00f3n y que me ayuden en esto, porque es complicado y yo no se lo doy ni a mi peor enemigo. Es complicado y s\u00faper dif\u00edcil sobrellevar una enfermedad tan dura como esta.<\/p>\n<figure id=\"attachment_136412\" aria-describedby=\"caption-attachment-136412\" style=\"width: 700px\" class=\"wp-caption alignnone\"><img loading=\"lazy\" decoding=\"async\" class=\"size-full wp-image-136412\" src=\"http:\/\/eltrabajo.cl\/web\/wp-content\/uploads\/2025\/04\/campana-solidaria-1-1.jpg\" alt=\"As\u00ed est\u00e1 actualmente Rodrigo Villarroel.\" width=\"700\" height=\"746\" srcset=\"https:\/\/eltrabajo.cl\/web\/wp-content\/uploads\/2025\/04\/campana-solidaria-1-1.jpg 700w, https:\/\/eltrabajo.cl\/web\/wp-content\/uploads\/2025\/04\/campana-solidaria-1-1-282x300.jpg 282w, https:\/\/eltrabajo.cl\/web\/wp-content\/uploads\/2025\/04\/campana-solidaria-1-1-394x420.jpg 394w, https:\/\/eltrabajo.cl\/web\/wp-content\/uploads\/2025\/04\/campana-solidaria-1-1-150x160.jpg 150w, https:\/\/eltrabajo.cl\/web\/wp-content\/uploads\/2025\/04\/campana-solidaria-1-1-300x320.jpg 300w, https:\/\/eltrabajo.cl\/web\/wp-content\/uploads\/2025\/04\/campana-solidaria-1-1-696x742.jpg 696w\" sizes=\"auto, (max-width: 700px) 100vw, 700px\" \/><figcaption id=\"caption-attachment-136412\" class=\"wp-caption-text\">As\u00ed est\u00e1 actualmente Rodrigo Villarroel.<\/figcaption><\/figure>\n<figure id=\"attachment_136413\" aria-describedby=\"caption-attachment-136413\" style=\"width: 700px\" class=\"wp-caption alignnone\"><img loading=\"lazy\" decoding=\"async\" class=\"size-full wp-image-136413\" src=\"http:\/\/eltrabajo.cl\/web\/wp-content\/uploads\/2025\/04\/campana-solidaria-2.jpg\" alt=\"Este es el afiche con su Cuenta Rut, donde las personas pueden depositar.\" width=\"700\" height=\"963\" srcset=\"https:\/\/eltrabajo.cl\/web\/wp-content\/uploads\/2025\/04\/campana-solidaria-2.jpg 700w, https:\/\/eltrabajo.cl\/web\/wp-content\/uploads\/2025\/04\/campana-solidaria-2-218x300.jpg 218w, https:\/\/eltrabajo.cl\/web\/wp-content\/uploads\/2025\/04\/campana-solidaria-2-305x420.jpg 305w, https:\/\/eltrabajo.cl\/web\/wp-content\/uploads\/2025\/04\/campana-solidaria-2-150x206.jpg 150w, https:\/\/eltrabajo.cl\/web\/wp-content\/uploads\/2025\/04\/campana-solidaria-2-300x413.jpg 300w, https:\/\/eltrabajo.cl\/web\/wp-content\/uploads\/2025\/04\/campana-solidaria-2-696x957.jpg 696w\" sizes=\"auto, (max-width: 700px) 100vw, 700px\" \/><figcaption id=\"caption-attachment-136413\" class=\"wp-caption-text\">Este es el afiche con su Cuenta Rut, donde las personas pueden depositar.<\/figcaption><\/figure>\n","protected":false},"excerpt":{"rendered":"<p>Hijo del hist\u00f3rico \u2018Cocoa\u2019 Villarroel padece la enfermedad hace catorce a\u00f1os.- Rodrigo Villarroel tiene 43 a\u00f1os de edad, es padre de tres hijos que actualmente est\u00e1n con su madre, quien los cuida bien, y adem\u00e1s, es hijo del hist\u00f3rico jugador de Uni\u00f3n San Felipe, Antonio \u2018Cocoa\u2019 Villarroel. Padece de la enfermedad Parkinson del tipo r\u00edgido, [&hellip;]<\/p>\n","protected":false},"author":1,"featured_media":136412,"comment_status":"open","ping_status":"closed","sticky":false,"template":"","format":"standard","meta":{"footnotes":""},"categories":[4],"tags":[],"class_list":{"0":"post-136411","1":"post","2":"type-post","3":"status-publish","4":"format-standard","5":"has-post-thumbnail","7":"category-comunidad"},"yoast_head":"<!-- This site is optimized with the Yoast SEO plugin v27.4 - https:\/\/yoast.com\/product\/yoast-seo-wordpress\/ -->\n<title>\u00a1Todos a colaborar!: Sigue la lucha de Rodrigo para operarse de Parkinson - Diario El Trabajo<\/title>\n<meta name=\"robots\" content=\"index, follow, max-snippet:-1, max-image-preview:large, max-video-preview:-1\" \/>\n<link rel=\"canonical\" href=\"https:\/\/eltrabajo.cl\/web\/todos-a-colaborar-sigue-la-lucha-de-rodrigo-para-operarse-de-parkinson\/\" \/>\n<meta property=\"og:locale\" content=\"es_ES\" \/>\n<meta property=\"og:type\" content=\"article\" \/>\n<meta property=\"og:title\" content=\"\u00a1Todos a colaborar!: Sigue la lucha de Rodrigo para operarse de Parkinson - Diario El Trabajo\" \/>\n<meta property=\"og:description\" content=\"Hijo del hist\u00f3rico \u2018Cocoa\u2019 Villarroel padece la enfermedad hace catorce a\u00f1os.- Rodrigo Villarroel tiene 43 a\u00f1os de edad, es padre de tres hijos que actualmente est\u00e1n con su madre, quien los cuida bien, y adem\u00e1s, es hijo del hist\u00f3rico jugador de Uni\u00f3n San Felipe, Antonio \u2018Cocoa\u2019 Villarroel. Padece de la enfermedad Parkinson del tipo r\u00edgido, [&hellip;]\" \/>\n<meta property=\"og:url\" content=\"https:\/\/eltrabajo.cl\/web\/todos-a-colaborar-sigue-la-lucha-de-rodrigo-para-operarse-de-parkinson\/\" \/>\n<meta property=\"og:site_name\" content=\"Diario El Trabajo\" \/>\n<meta property=\"article:publisher\" content=\"https:\/\/www.facebook.com\/ElTrabajoDiario\" \/>\n<meta property=\"article:published_time\" content=\"2025-04-16T00:56:38+00:00\" \/>\n<meta property=\"og:image\" content=\"https:\/\/eltrabajo.cl\/web\/wp-content\/uploads\/2025\/04\/campana-solidaria-1-1.jpg\" \/>\n\t<meta property=\"og:image:width\" content=\"700\" \/>\n\t<meta property=\"og:image:height\" content=\"746\" \/>\n\t<meta property=\"og:image:type\" content=\"image\/jpeg\" \/>\n<meta name=\"author\" content=\"Diario El Trabajo\" \/>\n<meta name=\"twitter:card\" content=\"summary_large_image\" \/>\n<meta name=\"twitter:creator\" content=\"@diarioeltrabajo\" \/>\n<meta name=\"twitter:site\" content=\"@diarioeltrabajo\" \/>\n<meta name=\"twitter:label1\" content=\"Escrito por\" \/>\n\t<meta name=\"twitter:data1\" content=\"Diario El Trabajo\" \/>\n\t<meta name=\"twitter:label2\" content=\"Tiempo estimado de lectura\" \/>\n\t<meta name=\"twitter:data2\" content=\"5 minutos\" \/>\n<script type=\"application\/ld+json\" class=\"yoast-schema-graph\">{\"@context\":\"https:\\\/\\\/schema.org\",\"@graph\":[{\"@type\":\"Article\",\"@id\":\"https:\\\/\\\/eltrabajo.cl\\\/web\\\/todos-a-colaborar-sigue-la-lucha-de-rodrigo-para-operarse-de-parkinson\\\/#article\",\"isPartOf\":{\"@id\":\"https:\\\/\\\/eltrabajo.cl\\\/web\\\/todos-a-colaborar-sigue-la-lucha-de-rodrigo-para-operarse-de-parkinson\\\/\"},\"author\":{\"name\":\"Diario El Trabajo\",\"@id\":\"https:\\\/\\\/eltrabajo.cl\\\/web\\\/#\\\/schema\\\/person\\\/45efd3d17f86ec456e44dd7debe1bf19\"},\"headline\":\"\u00a1Todos a colaborar!: Sigue la lucha de Rodrigo para operarse de Parkinson\",\"datePublished\":\"2025-04-16T00:56:38+00:00\",\"mainEntityOfPage\":{\"@id\":\"https:\\\/\\\/eltrabajo.cl\\\/web\\\/todos-a-colaborar-sigue-la-lucha-de-rodrigo-para-operarse-de-parkinson\\\/\"},\"wordCount\":854,\"commentCount\":0,\"publisher\":{\"@id\":\"https:\\\/\\\/eltrabajo.cl\\\/web\\\/#organization\"},\"image\":{\"@id\":\"https:\\\/\\\/eltrabajo.cl\\\/web\\\/todos-a-colaborar-sigue-la-lucha-de-rodrigo-para-operarse-de-parkinson\\\/#primaryimage\"},\"thumbnailUrl\":\"https:\\\/\\\/eltrabajo.cl\\\/web\\\/wp-content\\\/uploads\\\/2025\\\/04\\\/campana-solidaria-1-1.jpg\",\"articleSection\":[\"Comunidad\"],\"inLanguage\":\"es-CL\",\"potentialAction\":[{\"@type\":\"CommentAction\",\"name\":\"Comment\",\"target\":[\"https:\\\/\\\/eltrabajo.cl\\\/web\\\/todos-a-colaborar-sigue-la-lucha-de-rodrigo-para-operarse-de-parkinson\\\/#respond\"]}]},{\"@type\":\"WebPage\",\"@id\":\"https:\\\/\\\/eltrabajo.cl\\\/web\\\/todos-a-colaborar-sigue-la-lucha-de-rodrigo-para-operarse-de-parkinson\\\/\",\"url\":\"https:\\\/\\\/eltrabajo.cl\\\/web\\\/todos-a-colaborar-sigue-la-lucha-de-rodrigo-para-operarse-de-parkinson\\\/\",\"name\":\"\u00a1Todos a colaborar!: Sigue la lucha de Rodrigo para operarse de Parkinson - Diario El Trabajo\",\"isPartOf\":{\"@id\":\"https:\\\/\\\/eltrabajo.cl\\\/web\\\/#website\"},\"primaryImageOfPage\":{\"@id\":\"https:\\\/\\\/eltrabajo.cl\\\/web\\\/todos-a-colaborar-sigue-la-lucha-de-rodrigo-para-operarse-de-parkinson\\\/#primaryimage\"},\"image\":{\"@id\":\"https:\\\/\\\/eltrabajo.cl\\\/web\\\/todos-a-colaborar-sigue-la-lucha-de-rodrigo-para-operarse-de-parkinson\\\/#primaryimage\"},\"thumbnailUrl\":\"https:\\\/\\\/eltrabajo.cl\\\/web\\\/wp-content\\\/uploads\\\/2025\\\/04\\\/campana-solidaria-1-1.jpg\",\"datePublished\":\"2025-04-16T00:56:38+00:00\",\"breadcrumb\":{\"@id\":\"https:\\\/\\\/eltrabajo.cl\\\/web\\\/todos-a-colaborar-sigue-la-lucha-de-rodrigo-para-operarse-de-parkinson\\\/#breadcrumb\"},\"inLanguage\":\"es-CL\",\"potentialAction\":[{\"@type\":\"ReadAction\",\"target\":[\"https:\\\/\\\/eltrabajo.cl\\\/web\\\/todos-a-colaborar-sigue-la-lucha-de-rodrigo-para-operarse-de-parkinson\\\/\"]}]},{\"@type\":\"ImageObject\",\"inLanguage\":\"es-CL\",\"@id\":\"https:\\\/\\\/eltrabajo.cl\\\/web\\\/todos-a-colaborar-sigue-la-lucha-de-rodrigo-para-operarse-de-parkinson\\\/#primaryimage\",\"url\":\"https:\\\/\\\/eltrabajo.cl\\\/web\\\/wp-content\\\/uploads\\\/2025\\\/04\\\/campana-solidaria-1-1.jpg\",\"contentUrl\":\"https:\\\/\\\/eltrabajo.cl\\\/web\\\/wp-content\\\/uploads\\\/2025\\\/04\\\/campana-solidaria-1-1.jpg\",\"width\":700,\"height\":746,\"caption\":\"As\u00ed est\u00e1 actualmente Rodrigo Villarroel.\"},{\"@type\":\"BreadcrumbList\",\"@id\":\"https:\\\/\\\/eltrabajo.cl\\\/web\\\/todos-a-colaborar-sigue-la-lucha-de-rodrigo-para-operarse-de-parkinson\\\/#breadcrumb\",\"itemListElement\":[{\"@type\":\"ListItem\",\"position\":1,\"name\":\"Portada\",\"item\":\"https:\\\/\\\/eltrabajo.cl\\\/web\\\/\"},{\"@type\":\"ListItem\",\"position\":2,\"name\":\"\u00a1Todos a colaborar!: Sigue la lucha de Rodrigo para operarse de Parkinson\"}]},{\"@type\":\"WebSite\",\"@id\":\"https:\\\/\\\/eltrabajo.cl\\\/web\\\/#website\",\"url\":\"https:\\\/\\\/eltrabajo.cl\\\/web\\\/\",\"name\":\"Diario El Trabajo\",\"description\":\"Desde 1929 construyendo Identidad Local\",\"publisher\":{\"@id\":\"https:\\\/\\\/eltrabajo.cl\\\/web\\\/#organization\"},\"potentialAction\":[{\"@type\":\"SearchAction\",\"target\":{\"@type\":\"EntryPoint\",\"urlTemplate\":\"https:\\\/\\\/eltrabajo.cl\\\/web\\\/?s={search_term_string}\"},\"query-input\":{\"@type\":\"PropertyValueSpecification\",\"valueRequired\":true,\"valueName\":\"search_term_string\"}}],\"inLanguage\":\"es-CL\"},{\"@type\":\"Organization\",\"@id\":\"https:\\\/\\\/eltrabajo.cl\\\/web\\\/#organization\",\"name\":\"Diario El Trabajo\",\"url\":\"https:\\\/\\\/eltrabajo.cl\\\/web\\\/\",\"logo\":{\"@type\":\"ImageObject\",\"inLanguage\":\"es-CL\",\"@id\":\"https:\\\/\\\/eltrabajo.cl\\\/web\\\/#\\\/schema\\\/logo\\\/image\\\/\",\"url\":\"https:\\\/\\\/eltrabajo.cl\\\/web\\\/wp-content\\\/uploads\\\/2024\\\/06\\\/profile-image-ig-page-diarioeltrabajo.jpg\",\"contentUrl\":\"https:\\\/\\\/eltrabajo.cl\\\/web\\\/wp-content\\\/uploads\\\/2024\\\/06\\\/profile-image-ig-page-diarioeltrabajo.jpg\",\"width\":823,\"height\":823,\"caption\":\"Diario El Trabajo\"},\"image\":{\"@id\":\"https:\\\/\\\/eltrabajo.cl\\\/web\\\/#\\\/schema\\\/logo\\\/image\\\/\"},\"sameAs\":[\"https:\\\/\\\/www.facebook.com\\\/ElTrabajoDiario\",\"https:\\\/\\\/x.com\\\/diarioeltrabajo\"]},{\"@type\":\"Person\",\"@id\":\"https:\\\/\\\/eltrabajo.cl\\\/web\\\/#\\\/schema\\\/person\\\/45efd3d17f86ec456e44dd7debe1bf19\",\"name\":\"Diario El Trabajo\",\"image\":{\"@type\":\"ImageObject\",\"inLanguage\":\"es-CL\",\"@id\":\"https:\\\/\\\/secure.gravatar.com\\\/avatar\\\/7e6ec277dc4aea2677c2dc301d4227957219329c985ab69a3efc12518b5161aa?s=96&d=mm&r=g\",\"url\":\"https:\\\/\\\/secure.gravatar.com\\\/avatar\\\/7e6ec277dc4aea2677c2dc301d4227957219329c985ab69a3efc12518b5161aa?s=96&d=mm&r=g\",\"contentUrl\":\"https:\\\/\\\/secure.gravatar.com\\\/avatar\\\/7e6ec277dc4aea2677c2dc301d4227957219329c985ab69a3efc12518b5161aa?s=96&d=mm&r=g\",\"caption\":\"Diario El Trabajo\"},\"sameAs\":[\"https:\\\/\\\/eltrabajo.cl\\\/web\"],\"url\":\"https:\\\/\\\/eltrabajo.cl\\\/web\\\/author\\\/diario-el-trabajo\\\/\"}]}<\/script>\n<!-- \/ Yoast SEO plugin. -->","yoast_head_json":{"title":"\u00a1Todos a colaborar!: Sigue la lucha de Rodrigo para operarse de Parkinson - Diario El Trabajo","robots":{"index":"index","follow":"follow","max-snippet":"max-snippet:-1","max-image-preview":"max-image-preview:large","max-video-preview":"max-video-preview:-1"},"canonical":"https:\/\/eltrabajo.cl\/web\/todos-a-colaborar-sigue-la-lucha-de-rodrigo-para-operarse-de-parkinson\/","og_locale":"es_ES","og_type":"article","og_title":"\u00a1Todos a colaborar!: Sigue la lucha de Rodrigo para operarse de Parkinson - Diario El Trabajo","og_description":"Hijo del hist\u00f3rico \u2018Cocoa\u2019 Villarroel padece la enfermedad hace catorce a\u00f1os.- Rodrigo Villarroel tiene 43 a\u00f1os de edad, es padre de tres hijos que actualmente est\u00e1n con su madre, quien los cuida bien, y adem\u00e1s, es hijo del hist\u00f3rico jugador de Uni\u00f3n San Felipe, Antonio \u2018Cocoa\u2019 Villarroel. Padece de la enfermedad Parkinson del tipo r\u00edgido, [&hellip;]","og_url":"https:\/\/eltrabajo.cl\/web\/todos-a-colaborar-sigue-la-lucha-de-rodrigo-para-operarse-de-parkinson\/","og_site_name":"Diario El Trabajo","article_publisher":"https:\/\/www.facebook.com\/ElTrabajoDiario","article_published_time":"2025-04-16T00:56:38+00:00","og_image":[{"width":700,"height":746,"url":"https:\/\/eltrabajo.cl\/web\/wp-content\/uploads\/2025\/04\/campana-solidaria-1-1.jpg","type":"image\/jpeg"}],"author":"Diario El Trabajo","twitter_card":"summary_large_image","twitter_creator":"@diarioeltrabajo","twitter_site":"@diarioeltrabajo","twitter_misc":{"Escrito por":"Diario El Trabajo","Tiempo estimado de lectura":"5 minutos"},"schema":{"@context":"https:\/\/schema.org","@graph":[{"@type":"Article","@id":"https:\/\/eltrabajo.cl\/web\/todos-a-colaborar-sigue-la-lucha-de-rodrigo-para-operarse-de-parkinson\/#article","isPartOf":{"@id":"https:\/\/eltrabajo.cl\/web\/todos-a-colaborar-sigue-la-lucha-de-rodrigo-para-operarse-de-parkinson\/"},"author":{"name":"Diario El Trabajo","@id":"https:\/\/eltrabajo.cl\/web\/#\/schema\/person\/45efd3d17f86ec456e44dd7debe1bf19"},"headline":"\u00a1Todos a colaborar!: Sigue la lucha de Rodrigo para operarse de Parkinson","datePublished":"2025-04-16T00:56:38+00:00","mainEntityOfPage":{"@id":"https:\/\/eltrabajo.cl\/web\/todos-a-colaborar-sigue-la-lucha-de-rodrigo-para-operarse-de-parkinson\/"},"wordCount":854,"commentCount":0,"publisher":{"@id":"https:\/\/eltrabajo.cl\/web\/#organization"},"image":{"@id":"https:\/\/eltrabajo.cl\/web\/todos-a-colaborar-sigue-la-lucha-de-rodrigo-para-operarse-de-parkinson\/#primaryimage"},"thumbnailUrl":"https:\/\/eltrabajo.cl\/web\/wp-content\/uploads\/2025\/04\/campana-solidaria-1-1.jpg","articleSection":["Comunidad"],"inLanguage":"es-CL","potentialAction":[{"@type":"CommentAction","name":"Comment","target":["https:\/\/eltrabajo.cl\/web\/todos-a-colaborar-sigue-la-lucha-de-rodrigo-para-operarse-de-parkinson\/#respond"]}]},{"@type":"WebPage","@id":"https:\/\/eltrabajo.cl\/web\/todos-a-colaborar-sigue-la-lucha-de-rodrigo-para-operarse-de-parkinson\/","url":"https:\/\/eltrabajo.cl\/web\/todos-a-colaborar-sigue-la-lucha-de-rodrigo-para-operarse-de-parkinson\/","name":"\u00a1Todos a colaborar!: Sigue la lucha de Rodrigo para operarse de Parkinson - Diario El Trabajo","isPartOf":{"@id":"https:\/\/eltrabajo.cl\/web\/#website"},"primaryImageOfPage":{"@id":"https:\/\/eltrabajo.cl\/web\/todos-a-colaborar-sigue-la-lucha-de-rodrigo-para-operarse-de-parkinson\/#primaryimage"},"image":{"@id":"https:\/\/eltrabajo.cl\/web\/todos-a-colaborar-sigue-la-lucha-de-rodrigo-para-operarse-de-parkinson\/#primaryimage"},"thumbnailUrl":"https:\/\/eltrabajo.cl\/web\/wp-content\/uploads\/2025\/04\/campana-solidaria-1-1.jpg","datePublished":"2025-04-16T00:56:38+00:00","breadcrumb":{"@id":"https:\/\/eltrabajo.cl\/web\/todos-a-colaborar-sigue-la-lucha-de-rodrigo-para-operarse-de-parkinson\/#breadcrumb"},"inLanguage":"es-CL","potentialAction":[{"@type":"ReadAction","target":["https:\/\/eltrabajo.cl\/web\/todos-a-colaborar-sigue-la-lucha-de-rodrigo-para-operarse-de-parkinson\/"]}]},{"@type":"ImageObject","inLanguage":"es-CL","@id":"https:\/\/eltrabajo.cl\/web\/todos-a-colaborar-sigue-la-lucha-de-rodrigo-para-operarse-de-parkinson\/#primaryimage","url":"https:\/\/eltrabajo.cl\/web\/wp-content\/uploads\/2025\/04\/campana-solidaria-1-1.jpg","contentUrl":"https:\/\/eltrabajo.cl\/web\/wp-content\/uploads\/2025\/04\/campana-solidaria-1-1.jpg","width":700,"height":746,"caption":"As\u00ed est\u00e1 actualmente Rodrigo Villarroel."},{"@type":"BreadcrumbList","@id":"https:\/\/eltrabajo.cl\/web\/todos-a-colaborar-sigue-la-lucha-de-rodrigo-para-operarse-de-parkinson\/#breadcrumb","itemListElement":[{"@type":"ListItem","position":1,"name":"Portada","item":"https:\/\/eltrabajo.cl\/web\/"},{"@type":"ListItem","position":2,"name":"\u00a1Todos a colaborar!: Sigue la lucha de Rodrigo para operarse de Parkinson"}]},{"@type":"WebSite","@id":"https:\/\/eltrabajo.cl\/web\/#website","url":"https:\/\/eltrabajo.cl\/web\/","name":"Diario El Trabajo","description":"Desde 1929 construyendo Identidad Local","publisher":{"@id":"https:\/\/eltrabajo.cl\/web\/#organization"},"potentialAction":[{"@type":"SearchAction","target":{"@type":"EntryPoint","urlTemplate":"https:\/\/eltrabajo.cl\/web\/?s={search_term_string}"},"query-input":{"@type":"PropertyValueSpecification","valueRequired":true,"valueName":"search_term_string"}}],"inLanguage":"es-CL"},{"@type":"Organization","@id":"https:\/\/eltrabajo.cl\/web\/#organization","name":"Diario El Trabajo","url":"https:\/\/eltrabajo.cl\/web\/","logo":{"@type":"ImageObject","inLanguage":"es-CL","@id":"https:\/\/eltrabajo.cl\/web\/#\/schema\/logo\/image\/","url":"https:\/\/eltrabajo.cl\/web\/wp-content\/uploads\/2024\/06\/profile-image-ig-page-diarioeltrabajo.jpg","contentUrl":"https:\/\/eltrabajo.cl\/web\/wp-content\/uploads\/2024\/06\/profile-image-ig-page-diarioeltrabajo.jpg","width":823,"height":823,"caption":"Diario El Trabajo"},"image":{"@id":"https:\/\/eltrabajo.cl\/web\/#\/schema\/logo\/image\/"},"sameAs":["https:\/\/www.facebook.com\/ElTrabajoDiario","https:\/\/x.com\/diarioeltrabajo"]},{"@type":"Person","@id":"https:\/\/eltrabajo.cl\/web\/#\/schema\/person\/45efd3d17f86ec456e44dd7debe1bf19","name":"Diario El Trabajo","image":{"@type":"ImageObject","inLanguage":"es-CL","@id":"https:\/\/secure.gravatar.com\/avatar\/7e6ec277dc4aea2677c2dc301d4227957219329c985ab69a3efc12518b5161aa?s=96&d=mm&r=g","url":"https:\/\/secure.gravatar.com\/avatar\/7e6ec277dc4aea2677c2dc301d4227957219329c985ab69a3efc12518b5161aa?s=96&d=mm&r=g","contentUrl":"https:\/\/secure.gravatar.com\/avatar\/7e6ec277dc4aea2677c2dc301d4227957219329c985ab69a3efc12518b5161aa?s=96&d=mm&r=g","caption":"Diario El Trabajo"},"sameAs":["https:\/\/eltrabajo.cl\/web"],"url":"https:\/\/eltrabajo.cl\/web\/author\/diario-el-trabajo\/"}]}},"_links":{"self":[{"href":"https:\/\/eltrabajo.cl\/web\/wp-json\/wp\/v2\/posts\/136411","targetHints":{"allow":["GET"]}}],"collection":[{"href":"https:\/\/eltrabajo.cl\/web\/wp-json\/wp\/v2\/posts"}],"about":[{"href":"https:\/\/eltrabajo.cl\/web\/wp-json\/wp\/v2\/types\/post"}],"author":[{"embeddable":true,"href":"https:\/\/eltrabajo.cl\/web\/wp-json\/wp\/v2\/users\/1"}],"replies":[{"embeddable":true,"href":"https:\/\/eltrabajo.cl\/web\/wp-json\/wp\/v2\/comments?post=136411"}],"version-history":[{"count":1,"href":"https:\/\/eltrabajo.cl\/web\/wp-json\/wp\/v2\/posts\/136411\/revisions"}],"predecessor-version":[{"id":136414,"href":"https:\/\/eltrabajo.cl\/web\/wp-json\/wp\/v2\/posts\/136411\/revisions\/136414"}],"wp:featuredmedia":[{"embeddable":true,"href":"https:\/\/eltrabajo.cl\/web\/wp-json\/wp\/v2\/media\/136412"}],"wp:attachment":[{"href":"https:\/\/eltrabajo.cl\/web\/wp-json\/wp\/v2\/media?parent=136411"}],"wp:term":[{"taxonomy":"category","embeddable":true,"href":"https:\/\/eltrabajo.cl\/web\/wp-json\/wp\/v2\/categories?post=136411"},{"taxonomy":"post_tag","embeddable":true,"href":"https:\/\/eltrabajo.cl\/web\/wp-json\/wp\/v2\/tags?post=136411"}],"curies":[{"name":"wp","href":"https:\/\/api.w.org\/{rel}","templated":true}]}}