{"id":136415,"date":"2025-04-15T21:58:02","date_gmt":"2025-04-16T00:58:02","guid":{"rendered":"https:\/\/eltrabajo.cl\/web\/?p=136415"},"modified":"2025-04-15T21:58:02","modified_gmt":"2025-04-16T00:58:02","slug":"infarto-agudo-al-miocardio-fue-la-causa-de-muerte-de-el-tetera-carabineros-desarrollo-despliegue-especial-por-su-funeral","status":"publish","type":"post","link":"https:\/\/eltrabajo.cl\/web\/infarto-agudo-al-miocardio-fue-la-causa-de-muerte-de-el-tetera-carabineros-desarrollo-despliegue-especial-por-su-funeral\/","title":{"rendered":"Infarto agudo al miocardio fue la causa de muerte de \u2018El tetera\u2019: Carabineros desarroll\u00f3 despliegue especial por su funeral"},"content":{"rendered":"<ul>\n<li><strong>En el cortejo f\u00fanebre, se detuvieron a tres personas por diversos delitos.\u2013<\/strong><\/li>\n<\/ul>\n<p>La jornada del pasado lunes se llev\u00f3 a cabo el funeral \u2013calificado como de alto riesgo- de <strong>Nicol\u00e1s Iturrieta Leiva<\/strong>, conocido como \u2018<strong>El tetera<\/strong>\u2019, quien falleci\u00f3 al interior de un veh\u00edculo de Carabineros cuando era trasladado hasta el Hospital San Camilo tras ser detenido en el sector de Curim\u00f3n.<\/p>\n<p>La Brigada de Homicidios (BH) de la PDI qued\u00f3 a cargo de la investigaci\u00f3n, de la que ya se ha logrado determinar la causa de la muerte. Al respecto, el subprefecto <strong>Hern\u00e1n Garc\u00eda Silva<\/strong>, jefe (s) de la BH, indic\u00f3 que esta se debi\u00f3 a un infarto agudo al miocardio.<\/p>\n<p>\u00ab<em>Respecto de las diligencias instruidas por el Ministerio P\u00fablico y que dicen relaci\u00f3n con el hombre de 33 a\u00f1os de edad que falleci\u00f3 al interior de un carro de Carabineros el d\u00eda 11 de abril del presente a\u00f1o, mientras era trasladado al servicio de urgencia del Hospital de San Felipe, se pudo determinar mediante el examen externo policial al cad\u00e1ver, que esta persona manten\u00eda diversas lesiones atribuibles al momento que fue reducido por particulares, y tambi\u00e9n a las que se provoc\u00f3 el mismo al momento de atravesar un ventanal de vidrio al ingresar a una casa en el sector de Curim\u00f3n, siendo todas estas lesiones leves y muy superficiales\u00bb<\/em>, se\u00f1al\u00f3.<\/p>\n<p>En este contexto, Garc\u00eda agreg\u00f3 que <em>\u00absin embargo, una vez realizada la autopsia por parte del Servicio M\u00e9dico Legal de San Felipe, se determin\u00f3 que la causa precisa y necesaria de muerte corresponde a un infarto agudo al miocardio\u00bb<\/em>.<\/p>\n<p>Todo esto, ser\u00eda a ra\u00edz del consumo de drogas por parte del fallecido. <em>\u00abAsimismo, es importante hacer presente que en alg\u00fan instante se especul\u00f3 que esta persona estaba robando al interior de distintos domicilios del sector de Curim\u00f3n, sin embargo, se pudo establecer que esta persona al momento en que ocurren los hechos, se encontraba totalmente euf\u00f3rico y desorientado, lo que de acuerdo por lo se\u00f1alado por quienes hab\u00edan compartido con \u00e9l momentos antes, esto se debe al consumo de droga, lo que hizo que esta persona tuviese ese comportamiento e ingresara a los domicilios con la intenci\u00f3n de buscar refugio, debido a las alucinaciones que este estaba experimentando\u00bb<\/em>, expres\u00f3.<\/p>\n<p>&nbsp;<\/p>\n<p><strong>FUNERAL DE ALTO RIESGO<\/strong><\/p>\n<p>Asimismo, durante el desarrollo del funeral del sujeto, personal de Carabineros desarroll\u00f3 un despliegue especial en torno a este, considerado como un funeral de alto riesgo. En este, se logr\u00f3 la detenci\u00f3n de tres personas por diversos delitos.<\/p>\n<p>El comisario de Carabineros, mayor<strong> Gonzalo Medina<\/strong>, sostuvo que <em>\u00abcomo resultado de los servicios preventivos extraordinarios implementados en la comuna de San Felipe con motivo del desplazamiento de un cortejo f\u00fanebre en cuanto a una persona de connotaci\u00f3n social en esta comuna, como resultado se logr\u00f3 la detenci\u00f3n de tres personas; dos de ellas por porte ilegal de armas de fuego, una persona por desacato e incumplimiento de medida cautelar; dos menores de edad puestos a disposici\u00f3n del Tribunal de Familia por vulneraci\u00f3n de derechos; y diversos controles vehiculares, de identidad e infracciones al tr\u00e1nsito\u00bb<\/em>.<\/p>\n<p>En este contexto, el mayor Medina precis\u00f3 que <em>\u00abadem\u00e1s de esto, en el desarrollo completo de este servicio preventivo, no existi\u00f3 alteramiento al orden p\u00fablico, logrando de principio a fin mantener Carabineros de Chile sus protocolos y est\u00e1ndares en materia de control de orden p\u00fablico\u00bb<\/em>, cerr\u00f3.<\/p>\n<p>&nbsp;<\/p>\n<p><strong>SE FUG\u00d3 DE LA C\u00c1RCEL EN 2017<\/strong><\/p>\n<p>El sujeto, fue uno de los delincuentes que se fug\u00f3 de la c\u00e1rcel de San Felipe en el mot\u00edn del 12 de octubre del a\u00f1o 2017, siendo recapturado meses despu\u00e9s en la ciudad de Coquimbo. Nicol\u00e1s Iturrieta, hab\u00eda ingresado a la c\u00e1rcel por el delito de robo con intimidaci\u00f3n con arma de fuego al chofer del cami\u00f3n de la empresa Adelco, ocurrido en la Poblaci\u00f3n San Felipe.<\/p>\n<figure id=\"attachment_136417\" aria-describedby=\"caption-attachment-136417\" style=\"width: 699px\" class=\"wp-caption alignnone\"><img loading=\"lazy\" decoding=\"async\" class=\"size-full wp-image-136417\" src=\"http:\/\/eltrabajo.cl\/web\/wp-content\/uploads\/2025\/04\/despliegue-policial-por-El-Tetera.jpg\" alt=\"Gran contingente policial de Carabineros fue desplegado debido al funeral de alto riesgo del delincuente.\" width=\"699\" height=\"363\" srcset=\"https:\/\/eltrabajo.cl\/web\/wp-content\/uploads\/2025\/04\/despliegue-policial-por-El-Tetera.jpg 699w, https:\/\/eltrabajo.cl\/web\/wp-content\/uploads\/2025\/04\/despliegue-policial-por-El-Tetera-300x156.jpg 300w, https:\/\/eltrabajo.cl\/web\/wp-content\/uploads\/2025\/04\/despliegue-policial-por-El-Tetera-150x78.jpg 150w, https:\/\/eltrabajo.cl\/web\/wp-content\/uploads\/2025\/04\/despliegue-policial-por-El-Tetera-696x361.jpg 696w\" sizes=\"auto, (max-width: 699px) 100vw, 699px\" \/><figcaption id=\"caption-attachment-136417\" class=\"wp-caption-text\">Gran contingente policial de Carabineros fue desplegado debido al funeral de alto riesgo del delincuente.<\/figcaption><\/figure>\n<figure id=\"attachment_136416\" aria-describedby=\"caption-attachment-136416\" style=\"width: 698px\" class=\"wp-caption alignnone\"><img loading=\"lazy\" decoding=\"async\" class=\"size-full wp-image-136416\" src=\"http:\/\/eltrabajo.cl\/web\/wp-content\/uploads\/2025\/04\/Nicolas-Iturrieta.jpg\" alt=\"\u2018El tetera\u2019 falleci\u00f3 producto de un infarto agudo al miocardio. \" width=\"698\" height=\"463\" srcset=\"https:\/\/eltrabajo.cl\/web\/wp-content\/uploads\/2025\/04\/Nicolas-Iturrieta.jpg 698w, https:\/\/eltrabajo.cl\/web\/wp-content\/uploads\/2025\/04\/Nicolas-Iturrieta-300x199.jpg 300w, https:\/\/eltrabajo.cl\/web\/wp-content\/uploads\/2025\/04\/Nicolas-Iturrieta-633x420.jpg 633w, https:\/\/eltrabajo.cl\/web\/wp-content\/uploads\/2025\/04\/Nicolas-Iturrieta-150x99.jpg 150w, https:\/\/eltrabajo.cl\/web\/wp-content\/uploads\/2025\/04\/Nicolas-Iturrieta-696x462.jpg 696w\" sizes=\"auto, (max-width: 698px) 100vw, 698px\" \/><figcaption id=\"caption-attachment-136416\" class=\"wp-caption-text\">\u2018El tetera\u2019 falleci\u00f3 producto de un infarto agudo al miocardio.<\/figcaption><\/figure>\n","protected":false},"excerpt":{"rendered":"<p>En el cortejo f\u00fanebre, se detuvieron a tres personas por diversos delitos.\u2013 La jornada del pasado lunes se llev\u00f3 a cabo el funeral \u2013calificado como de alto riesgo- de Nicol\u00e1s Iturrieta Leiva, conocido como \u2018El tetera\u2019, quien falleci\u00f3 al interior de un veh\u00edculo de Carabineros cuando era trasladado hasta el Hospital San Camilo tras ser [&hellip;]<\/p>\n","protected":false},"author":1,"featured_media":136416,"comment_status":"open","ping_status":"closed","sticky":false,"template":"","format":"standard","meta":{"footnotes":""},"categories":[5],"tags":[],"class_list":{"0":"post-136415","1":"post","2":"type-post","3":"status-publish","4":"format-standard","5":"has-post-thumbnail","7":"category-policial"},"yoast_head":"<!-- This site is optimized with the Yoast SEO plugin v27.4 - https:\/\/yoast.com\/product\/yoast-seo-wordpress\/ -->\n<title>Infarto agudo al miocardio fue la causa de muerte de \u2018El tetera\u2019: Carabineros desarroll\u00f3 despliegue especial por su funeral - Diario El Trabajo<\/title>\n<meta name=\"robots\" content=\"index, follow, max-snippet:-1, max-image-preview:large, max-video-preview:-1\" \/>\n<link rel=\"canonical\" href=\"https:\/\/eltrabajo.cl\/web\/infarto-agudo-al-miocardio-fue-la-causa-de-muerte-de-el-tetera-carabineros-desarrollo-despliegue-especial-por-su-funeral\/\" \/>\n<meta property=\"og:locale\" content=\"es_ES\" \/>\n<meta property=\"og:type\" content=\"article\" \/>\n<meta property=\"og:title\" content=\"Infarto agudo al miocardio fue la causa de muerte de \u2018El tetera\u2019: Carabineros desarroll\u00f3 despliegue especial por su funeral - Diario El Trabajo\" \/>\n<meta property=\"og:description\" content=\"En el cortejo f\u00fanebre, se detuvieron a tres personas por diversos delitos.\u2013 La jornada del pasado lunes se llev\u00f3 a cabo el funeral \u2013calificado como de alto riesgo- de Nicol\u00e1s Iturrieta Leiva, conocido como \u2018El tetera\u2019, quien falleci\u00f3 al interior de un veh\u00edculo de Carabineros cuando era trasladado hasta el Hospital San Camilo tras ser [&hellip;]\" \/>\n<meta property=\"og:url\" content=\"https:\/\/eltrabajo.cl\/web\/infarto-agudo-al-miocardio-fue-la-causa-de-muerte-de-el-tetera-carabineros-desarrollo-despliegue-especial-por-su-funeral\/\" \/>\n<meta property=\"og:site_name\" content=\"Diario El Trabajo\" \/>\n<meta property=\"article:publisher\" content=\"https:\/\/www.facebook.com\/ElTrabajoDiario\" \/>\n<meta property=\"article:published_time\" content=\"2025-04-16T00:58:02+00:00\" \/>\n<meta property=\"og:image\" content=\"https:\/\/eltrabajo.cl\/web\/wp-content\/uploads\/2025\/04\/Nicolas-Iturrieta.jpg\" \/>\n\t<meta property=\"og:image:width\" content=\"698\" \/>\n\t<meta property=\"og:image:height\" content=\"463\" \/>\n\t<meta property=\"og:image:type\" content=\"image\/jpeg\" \/>\n<meta name=\"author\" content=\"Diario El Trabajo\" \/>\n<meta name=\"twitter:card\" content=\"summary_large_image\" \/>\n<meta name=\"twitter:creator\" content=\"@diarioeltrabajo\" \/>\n<meta name=\"twitter:site\" content=\"@diarioeltrabajo\" \/>\n<meta name=\"twitter:label1\" content=\"Escrito por\" \/>\n\t<meta name=\"twitter:data1\" content=\"Diario El Trabajo\" \/>\n\t<meta name=\"twitter:label2\" content=\"Tiempo estimado de lectura\" \/>\n\t<meta name=\"twitter:data2\" content=\"4 minutos\" \/>\n<script type=\"application\/ld+json\" class=\"yoast-schema-graph\">{\"@context\":\"https:\\\/\\\/schema.org\",\"@graph\":[{\"@type\":\"Article\",\"@id\":\"https:\\\/\\\/eltrabajo.cl\\\/web\\\/infarto-agudo-al-miocardio-fue-la-causa-de-muerte-de-el-tetera-carabineros-desarrollo-despliegue-especial-por-su-funeral\\\/#article\",\"isPartOf\":{\"@id\":\"https:\\\/\\\/eltrabajo.cl\\\/web\\\/infarto-agudo-al-miocardio-fue-la-causa-de-muerte-de-el-tetera-carabineros-desarrollo-despliegue-especial-por-su-funeral\\\/\"},\"author\":{\"name\":\"Diario El Trabajo\",\"@id\":\"https:\\\/\\\/eltrabajo.cl\\\/web\\\/#\\\/schema\\\/person\\\/45efd3d17f86ec456e44dd7debe1bf19\"},\"headline\":\"Infarto agudo al miocardio fue la causa de muerte de \u2018El tetera\u2019: Carabineros desarroll\u00f3 despliegue especial por su funeral\",\"datePublished\":\"2025-04-16T00:58:02+00:00\",\"mainEntityOfPage\":{\"@id\":\"https:\\\/\\\/eltrabajo.cl\\\/web\\\/infarto-agudo-al-miocardio-fue-la-causa-de-muerte-de-el-tetera-carabineros-desarrollo-despliegue-especial-por-su-funeral\\\/\"},\"wordCount\":731,\"commentCount\":0,\"publisher\":{\"@id\":\"https:\\\/\\\/eltrabajo.cl\\\/web\\\/#organization\"},\"image\":{\"@id\":\"https:\\\/\\\/eltrabajo.cl\\\/web\\\/infarto-agudo-al-miocardio-fue-la-causa-de-muerte-de-el-tetera-carabineros-desarrollo-despliegue-especial-por-su-funeral\\\/#primaryimage\"},\"thumbnailUrl\":\"https:\\\/\\\/eltrabajo.cl\\\/web\\\/wp-content\\\/uploads\\\/2025\\\/04\\\/Nicolas-Iturrieta.jpg\",\"articleSection\":[\"Policial\"],\"inLanguage\":\"es-CL\",\"potentialAction\":[{\"@type\":\"CommentAction\",\"name\":\"Comment\",\"target\":[\"https:\\\/\\\/eltrabajo.cl\\\/web\\\/infarto-agudo-al-miocardio-fue-la-causa-de-muerte-de-el-tetera-carabineros-desarrollo-despliegue-especial-por-su-funeral\\\/#respond\"]}]},{\"@type\":\"WebPage\",\"@id\":\"https:\\\/\\\/eltrabajo.cl\\\/web\\\/infarto-agudo-al-miocardio-fue-la-causa-de-muerte-de-el-tetera-carabineros-desarrollo-despliegue-especial-por-su-funeral\\\/\",\"url\":\"https:\\\/\\\/eltrabajo.cl\\\/web\\\/infarto-agudo-al-miocardio-fue-la-causa-de-muerte-de-el-tetera-carabineros-desarrollo-despliegue-especial-por-su-funeral\\\/\",\"name\":\"Infarto agudo al miocardio fue la causa de muerte de \u2018El tetera\u2019: Carabineros desarroll\u00f3 despliegue especial por su funeral - Diario El Trabajo\",\"isPartOf\":{\"@id\":\"https:\\\/\\\/eltrabajo.cl\\\/web\\\/#website\"},\"primaryImageOfPage\":{\"@id\":\"https:\\\/\\\/eltrabajo.cl\\\/web\\\/infarto-agudo-al-miocardio-fue-la-causa-de-muerte-de-el-tetera-carabineros-desarrollo-despliegue-especial-por-su-funeral\\\/#primaryimage\"},\"image\":{\"@id\":\"https:\\\/\\\/eltrabajo.cl\\\/web\\\/infarto-agudo-al-miocardio-fue-la-causa-de-muerte-de-el-tetera-carabineros-desarrollo-despliegue-especial-por-su-funeral\\\/#primaryimage\"},\"thumbnailUrl\":\"https:\\\/\\\/eltrabajo.cl\\\/web\\\/wp-content\\\/uploads\\\/2025\\\/04\\\/Nicolas-Iturrieta.jpg\",\"datePublished\":\"2025-04-16T00:58:02+00:00\",\"breadcrumb\":{\"@id\":\"https:\\\/\\\/eltrabajo.cl\\\/web\\\/infarto-agudo-al-miocardio-fue-la-causa-de-muerte-de-el-tetera-carabineros-desarrollo-despliegue-especial-por-su-funeral\\\/#breadcrumb\"},\"inLanguage\":\"es-CL\",\"potentialAction\":[{\"@type\":\"ReadAction\",\"target\":[\"https:\\\/\\\/eltrabajo.cl\\\/web\\\/infarto-agudo-al-miocardio-fue-la-causa-de-muerte-de-el-tetera-carabineros-desarrollo-despliegue-especial-por-su-funeral\\\/\"]}]},{\"@type\":\"ImageObject\",\"inLanguage\":\"es-CL\",\"@id\":\"https:\\\/\\\/eltrabajo.cl\\\/web\\\/infarto-agudo-al-miocardio-fue-la-causa-de-muerte-de-el-tetera-carabineros-desarrollo-despliegue-especial-por-su-funeral\\\/#primaryimage\",\"url\":\"https:\\\/\\\/eltrabajo.cl\\\/web\\\/wp-content\\\/uploads\\\/2025\\\/04\\\/Nicolas-Iturrieta.jpg\",\"contentUrl\":\"https:\\\/\\\/eltrabajo.cl\\\/web\\\/wp-content\\\/uploads\\\/2025\\\/04\\\/Nicolas-Iturrieta.jpg\",\"width\":698,\"height\":463,\"caption\":\"\u2018El tetera\u2019 falleci\u00f3 producto de un infarto agudo al miocardio.\"},{\"@type\":\"BreadcrumbList\",\"@id\":\"https:\\\/\\\/eltrabajo.cl\\\/web\\\/infarto-agudo-al-miocardio-fue-la-causa-de-muerte-de-el-tetera-carabineros-desarrollo-despliegue-especial-por-su-funeral\\\/#breadcrumb\",\"itemListElement\":[{\"@type\":\"ListItem\",\"position\":1,\"name\":\"Portada\",\"item\":\"https:\\\/\\\/eltrabajo.cl\\\/web\\\/\"},{\"@type\":\"ListItem\",\"position\":2,\"name\":\"Infarto agudo al miocardio fue la causa de muerte de \u2018El tetera\u2019: Carabineros desarroll\u00f3 despliegue especial por su funeral\"}]},{\"@type\":\"WebSite\",\"@id\":\"https:\\\/\\\/eltrabajo.cl\\\/web\\\/#website\",\"url\":\"https:\\\/\\\/eltrabajo.cl\\\/web\\\/\",\"name\":\"Diario El Trabajo\",\"description\":\"Desde 1929 construyendo Identidad Local\",\"publisher\":{\"@id\":\"https:\\\/\\\/eltrabajo.cl\\\/web\\\/#organization\"},\"potentialAction\":[{\"@type\":\"SearchAction\",\"target\":{\"@type\":\"EntryPoint\",\"urlTemplate\":\"https:\\\/\\\/eltrabajo.cl\\\/web\\\/?s={search_term_string}\"},\"query-input\":{\"@type\":\"PropertyValueSpecification\",\"valueRequired\":true,\"valueName\":\"search_term_string\"}}],\"inLanguage\":\"es-CL\"},{\"@type\":\"Organization\",\"@id\":\"https:\\\/\\\/eltrabajo.cl\\\/web\\\/#organization\",\"name\":\"Diario El Trabajo\",\"url\":\"https:\\\/\\\/eltrabajo.cl\\\/web\\\/\",\"logo\":{\"@type\":\"ImageObject\",\"inLanguage\":\"es-CL\",\"@id\":\"https:\\\/\\\/eltrabajo.cl\\\/web\\\/#\\\/schema\\\/logo\\\/image\\\/\",\"url\":\"https:\\\/\\\/eltrabajo.cl\\\/web\\\/wp-content\\\/uploads\\\/2024\\\/06\\\/profile-image-ig-page-diarioeltrabajo.jpg\",\"contentUrl\":\"https:\\\/\\\/eltrabajo.cl\\\/web\\\/wp-content\\\/uploads\\\/2024\\\/06\\\/profile-image-ig-page-diarioeltrabajo.jpg\",\"width\":823,\"height\":823,\"caption\":\"Diario El Trabajo\"},\"image\":{\"@id\":\"https:\\\/\\\/eltrabajo.cl\\\/web\\\/#\\\/schema\\\/logo\\\/image\\\/\"},\"sameAs\":[\"https:\\\/\\\/www.facebook.com\\\/ElTrabajoDiario\",\"https:\\\/\\\/x.com\\\/diarioeltrabajo\"]},{\"@type\":\"Person\",\"@id\":\"https:\\\/\\\/eltrabajo.cl\\\/web\\\/#\\\/schema\\\/person\\\/45efd3d17f86ec456e44dd7debe1bf19\",\"name\":\"Diario El Trabajo\",\"image\":{\"@type\":\"ImageObject\",\"inLanguage\":\"es-CL\",\"@id\":\"https:\\\/\\\/secure.gravatar.com\\\/avatar\\\/7e6ec277dc4aea2677c2dc301d4227957219329c985ab69a3efc12518b5161aa?s=96&d=mm&r=g\",\"url\":\"https:\\\/\\\/secure.gravatar.com\\\/avatar\\\/7e6ec277dc4aea2677c2dc301d4227957219329c985ab69a3efc12518b5161aa?s=96&d=mm&r=g\",\"contentUrl\":\"https:\\\/\\\/secure.gravatar.com\\\/avatar\\\/7e6ec277dc4aea2677c2dc301d4227957219329c985ab69a3efc12518b5161aa?s=96&d=mm&r=g\",\"caption\":\"Diario El Trabajo\"},\"sameAs\":[\"https:\\\/\\\/eltrabajo.cl\\\/web\"],\"url\":\"https:\\\/\\\/eltrabajo.cl\\\/web\\\/author\\\/diario-el-trabajo\\\/\"}]}<\/script>\n<!-- \/ Yoast SEO plugin. -->","yoast_head_json":{"title":"Infarto agudo al miocardio fue la causa de muerte de \u2018El tetera\u2019: Carabineros desarroll\u00f3 despliegue especial por su funeral - Diario El Trabajo","robots":{"index":"index","follow":"follow","max-snippet":"max-snippet:-1","max-image-preview":"max-image-preview:large","max-video-preview":"max-video-preview:-1"},"canonical":"https:\/\/eltrabajo.cl\/web\/infarto-agudo-al-miocardio-fue-la-causa-de-muerte-de-el-tetera-carabineros-desarrollo-despliegue-especial-por-su-funeral\/","og_locale":"es_ES","og_type":"article","og_title":"Infarto agudo al miocardio fue la causa de muerte de \u2018El tetera\u2019: Carabineros desarroll\u00f3 despliegue especial por su funeral - Diario El Trabajo","og_description":"En el cortejo f\u00fanebre, se detuvieron a tres personas por diversos delitos.\u2013 La jornada del pasado lunes se llev\u00f3 a cabo el funeral \u2013calificado como de alto riesgo- de Nicol\u00e1s Iturrieta Leiva, conocido como \u2018El tetera\u2019, quien falleci\u00f3 al interior de un veh\u00edculo de Carabineros cuando era trasladado hasta el Hospital San Camilo tras ser [&hellip;]","og_url":"https:\/\/eltrabajo.cl\/web\/infarto-agudo-al-miocardio-fue-la-causa-de-muerte-de-el-tetera-carabineros-desarrollo-despliegue-especial-por-su-funeral\/","og_site_name":"Diario El Trabajo","article_publisher":"https:\/\/www.facebook.com\/ElTrabajoDiario","article_published_time":"2025-04-16T00:58:02+00:00","og_image":[{"width":698,"height":463,"url":"https:\/\/eltrabajo.cl\/web\/wp-content\/uploads\/2025\/04\/Nicolas-Iturrieta.jpg","type":"image\/jpeg"}],"author":"Diario El Trabajo","twitter_card":"summary_large_image","twitter_creator":"@diarioeltrabajo","twitter_site":"@diarioeltrabajo","twitter_misc":{"Escrito por":"Diario El Trabajo","Tiempo estimado de lectura":"4 minutos"},"schema":{"@context":"https:\/\/schema.org","@graph":[{"@type":"Article","@id":"https:\/\/eltrabajo.cl\/web\/infarto-agudo-al-miocardio-fue-la-causa-de-muerte-de-el-tetera-carabineros-desarrollo-despliegue-especial-por-su-funeral\/#article","isPartOf":{"@id":"https:\/\/eltrabajo.cl\/web\/infarto-agudo-al-miocardio-fue-la-causa-de-muerte-de-el-tetera-carabineros-desarrollo-despliegue-especial-por-su-funeral\/"},"author":{"name":"Diario El Trabajo","@id":"https:\/\/eltrabajo.cl\/web\/#\/schema\/person\/45efd3d17f86ec456e44dd7debe1bf19"},"headline":"Infarto agudo al miocardio fue la causa de muerte de \u2018El tetera\u2019: Carabineros desarroll\u00f3 despliegue especial por su funeral","datePublished":"2025-04-16T00:58:02+00:00","mainEntityOfPage":{"@id":"https:\/\/eltrabajo.cl\/web\/infarto-agudo-al-miocardio-fue-la-causa-de-muerte-de-el-tetera-carabineros-desarrollo-despliegue-especial-por-su-funeral\/"},"wordCount":731,"commentCount":0,"publisher":{"@id":"https:\/\/eltrabajo.cl\/web\/#organization"},"image":{"@id":"https:\/\/eltrabajo.cl\/web\/infarto-agudo-al-miocardio-fue-la-causa-de-muerte-de-el-tetera-carabineros-desarrollo-despliegue-especial-por-su-funeral\/#primaryimage"},"thumbnailUrl":"https:\/\/eltrabajo.cl\/web\/wp-content\/uploads\/2025\/04\/Nicolas-Iturrieta.jpg","articleSection":["Policial"],"inLanguage":"es-CL","potentialAction":[{"@type":"CommentAction","name":"Comment","target":["https:\/\/eltrabajo.cl\/web\/infarto-agudo-al-miocardio-fue-la-causa-de-muerte-de-el-tetera-carabineros-desarrollo-despliegue-especial-por-su-funeral\/#respond"]}]},{"@type":"WebPage","@id":"https:\/\/eltrabajo.cl\/web\/infarto-agudo-al-miocardio-fue-la-causa-de-muerte-de-el-tetera-carabineros-desarrollo-despliegue-especial-por-su-funeral\/","url":"https:\/\/eltrabajo.cl\/web\/infarto-agudo-al-miocardio-fue-la-causa-de-muerte-de-el-tetera-carabineros-desarrollo-despliegue-especial-por-su-funeral\/","name":"Infarto agudo al miocardio fue la causa de muerte de \u2018El tetera\u2019: Carabineros desarroll\u00f3 despliegue especial por su funeral - Diario El Trabajo","isPartOf":{"@id":"https:\/\/eltrabajo.cl\/web\/#website"},"primaryImageOfPage":{"@id":"https:\/\/eltrabajo.cl\/web\/infarto-agudo-al-miocardio-fue-la-causa-de-muerte-de-el-tetera-carabineros-desarrollo-despliegue-especial-por-su-funeral\/#primaryimage"},"image":{"@id":"https:\/\/eltrabajo.cl\/web\/infarto-agudo-al-miocardio-fue-la-causa-de-muerte-de-el-tetera-carabineros-desarrollo-despliegue-especial-por-su-funeral\/#primaryimage"},"thumbnailUrl":"https:\/\/eltrabajo.cl\/web\/wp-content\/uploads\/2025\/04\/Nicolas-Iturrieta.jpg","datePublished":"2025-04-16T00:58:02+00:00","breadcrumb":{"@id":"https:\/\/eltrabajo.cl\/web\/infarto-agudo-al-miocardio-fue-la-causa-de-muerte-de-el-tetera-carabineros-desarrollo-despliegue-especial-por-su-funeral\/#breadcrumb"},"inLanguage":"es-CL","potentialAction":[{"@type":"ReadAction","target":["https:\/\/eltrabajo.cl\/web\/infarto-agudo-al-miocardio-fue-la-causa-de-muerte-de-el-tetera-carabineros-desarrollo-despliegue-especial-por-su-funeral\/"]}]},{"@type":"ImageObject","inLanguage":"es-CL","@id":"https:\/\/eltrabajo.cl\/web\/infarto-agudo-al-miocardio-fue-la-causa-de-muerte-de-el-tetera-carabineros-desarrollo-despliegue-especial-por-su-funeral\/#primaryimage","url":"https:\/\/eltrabajo.cl\/web\/wp-content\/uploads\/2025\/04\/Nicolas-Iturrieta.jpg","contentUrl":"https:\/\/eltrabajo.cl\/web\/wp-content\/uploads\/2025\/04\/Nicolas-Iturrieta.jpg","width":698,"height":463,"caption":"\u2018El tetera\u2019 falleci\u00f3 producto de un infarto agudo al miocardio."},{"@type":"BreadcrumbList","@id":"https:\/\/eltrabajo.cl\/web\/infarto-agudo-al-miocardio-fue-la-causa-de-muerte-de-el-tetera-carabineros-desarrollo-despliegue-especial-por-su-funeral\/#breadcrumb","itemListElement":[{"@type":"ListItem","position":1,"name":"Portada","item":"https:\/\/eltrabajo.cl\/web\/"},{"@type":"ListItem","position":2,"name":"Infarto agudo al miocardio fue la causa de muerte de \u2018El tetera\u2019: Carabineros desarroll\u00f3 despliegue especial por su funeral"}]},{"@type":"WebSite","@id":"https:\/\/eltrabajo.cl\/web\/#website","url":"https:\/\/eltrabajo.cl\/web\/","name":"Diario El Trabajo","description":"Desde 1929 construyendo Identidad Local","publisher":{"@id":"https:\/\/eltrabajo.cl\/web\/#organization"},"potentialAction":[{"@type":"SearchAction","target":{"@type":"EntryPoint","urlTemplate":"https:\/\/eltrabajo.cl\/web\/?s={search_term_string}"},"query-input":{"@type":"PropertyValueSpecification","valueRequired":true,"valueName":"search_term_string"}}],"inLanguage":"es-CL"},{"@type":"Organization","@id":"https:\/\/eltrabajo.cl\/web\/#organization","name":"Diario El Trabajo","url":"https:\/\/eltrabajo.cl\/web\/","logo":{"@type":"ImageObject","inLanguage":"es-CL","@id":"https:\/\/eltrabajo.cl\/web\/#\/schema\/logo\/image\/","url":"https:\/\/eltrabajo.cl\/web\/wp-content\/uploads\/2024\/06\/profile-image-ig-page-diarioeltrabajo.jpg","contentUrl":"https:\/\/eltrabajo.cl\/web\/wp-content\/uploads\/2024\/06\/profile-image-ig-page-diarioeltrabajo.jpg","width":823,"height":823,"caption":"Diario El Trabajo"},"image":{"@id":"https:\/\/eltrabajo.cl\/web\/#\/schema\/logo\/image\/"},"sameAs":["https:\/\/www.facebook.com\/ElTrabajoDiario","https:\/\/x.com\/diarioeltrabajo"]},{"@type":"Person","@id":"https:\/\/eltrabajo.cl\/web\/#\/schema\/person\/45efd3d17f86ec456e44dd7debe1bf19","name":"Diario El Trabajo","image":{"@type":"ImageObject","inLanguage":"es-CL","@id":"https:\/\/secure.gravatar.com\/avatar\/7e6ec277dc4aea2677c2dc301d4227957219329c985ab69a3efc12518b5161aa?s=96&d=mm&r=g","url":"https:\/\/secure.gravatar.com\/avatar\/7e6ec277dc4aea2677c2dc301d4227957219329c985ab69a3efc12518b5161aa?s=96&d=mm&r=g","contentUrl":"https:\/\/secure.gravatar.com\/avatar\/7e6ec277dc4aea2677c2dc301d4227957219329c985ab69a3efc12518b5161aa?s=96&d=mm&r=g","caption":"Diario El Trabajo"},"sameAs":["https:\/\/eltrabajo.cl\/web"],"url":"https:\/\/eltrabajo.cl\/web\/author\/diario-el-trabajo\/"}]}},"_links":{"self":[{"href":"https:\/\/eltrabajo.cl\/web\/wp-json\/wp\/v2\/posts\/136415","targetHints":{"allow":["GET"]}}],"collection":[{"href":"https:\/\/eltrabajo.cl\/web\/wp-json\/wp\/v2\/posts"}],"about":[{"href":"https:\/\/eltrabajo.cl\/web\/wp-json\/wp\/v2\/types\/post"}],"author":[{"embeddable":true,"href":"https:\/\/eltrabajo.cl\/web\/wp-json\/wp\/v2\/users\/1"}],"replies":[{"embeddable":true,"href":"https:\/\/eltrabajo.cl\/web\/wp-json\/wp\/v2\/comments?post=136415"}],"version-history":[{"count":1,"href":"https:\/\/eltrabajo.cl\/web\/wp-json\/wp\/v2\/posts\/136415\/revisions"}],"predecessor-version":[{"id":136418,"href":"https:\/\/eltrabajo.cl\/web\/wp-json\/wp\/v2\/posts\/136415\/revisions\/136418"}],"wp:featuredmedia":[{"embeddable":true,"href":"https:\/\/eltrabajo.cl\/web\/wp-json\/wp\/v2\/media\/136416"}],"wp:attachment":[{"href":"https:\/\/eltrabajo.cl\/web\/wp-json\/wp\/v2\/media?parent=136415"}],"wp:term":[{"taxonomy":"category","embeddable":true,"href":"https:\/\/eltrabajo.cl\/web\/wp-json\/wp\/v2\/categories?post=136415"},{"taxonomy":"post_tag","embeddable":true,"href":"https:\/\/eltrabajo.cl\/web\/wp-json\/wp\/v2\/tags?post=136415"}],"curies":[{"name":"wp","href":"https:\/\/api.w.org\/{rel}","templated":true}]}}