{"id":136665,"date":"2025-04-29T21:22:38","date_gmt":"2025-04-30T00:22:38","guid":{"rendered":"https:\/\/eltrabajo.cl\/web\/?p=136665"},"modified":"2025-04-30T10:56:53","modified_gmt":"2025-04-30T13:56:53","slug":"exito-rotundo-en-la-primera-version-de-la-vendimia-de-putaendo-en-vina-el-encanto","status":"publish","type":"post","link":"https:\/\/eltrabajo.cl\/web\/exito-rotundo-en-la-primera-version-de-la-vendimia-de-putaendo-en-vina-el-encanto\/","title":{"rendered":"\u00c9xito rotundo en la primera versi\u00f3n de la Vendimia de Putaendo en Vi\u00f1a El Encanto"},"content":{"rendered":"<p><span style=\"color: #ff0000;\">Alianza p\u00fablico-privada:<\/span><\/p>\n<ul>\n<li><strong>Asistieron alrededor de 15 mil personas.-<\/strong><\/li>\n<\/ul>\n<p>M\u00e1s que feliz y emocionado se encuentra el due\u00f1o de la Vi\u00f1a El Encanto, <strong>Luis Arancibia<\/strong>, ya que adem\u00e1s de funcionar \u00f3ptimamente la alianza p\u00fablico-privada para la realizaci\u00f3n de la primera versi\u00f3n de la Vendimia de Putaendo, la gran cantidad de personas que lleg\u00f3 a disfrutar del evento fue impresionante, duplicando las expectativas.<\/p>\n<p>As\u00ed lo reconoci\u00f3 Arancibia en conversaci\u00f3n con <strong>Diario El Trabajo<\/strong>, indicando que <em>\u00abhicimos una alianza p\u00fablico-privada con la Ilustre Municipalidad de Putaendo y la verdad, como te cont\u00e9 reci\u00e9n, super\u00f3 todas las expectativas. Entre los d\u00edas s\u00e1bado y domingo, 15 mil personas m\u00e1s o menos <\/em>(asistieron) <em>y hab\u00eda muchas actividades, la gente estaba muy contenta. Es una activaci\u00f3n del turismo en Putaendo, esto refleja y va a conllevar varias cosas de aqu\u00ed para adelante, digamos que es un antes y un despu\u00e9s de la vi\u00f1a tambi\u00e9n, porque la pudimos probar para eventos masivos, que fue el principal objetivo cuando dise\u00f1amos estos vi\u00f1edos.<\/em><\/p>\n<p>\u00ab<em>Y este proyecto, que en principio fue de turismo, por primera vez se logra probarla con 5, 6, 7 mil personas y funcion\u00f3 muy bien en todos los espacios, las calles, todo lo que se hab\u00eda dise\u00f1ado hace muchos a\u00f1os atr\u00e1s. As\u00ed es que estamos muy contentos y tambi\u00e9n dar las gracias a la ilustre municipalidad, a mi querido concejal <strong>Sebasti\u00e1n Caldera<\/strong>, quien fue el impulsador; el Sernatur de Valpara\u00edso; a Fomento Productivo de la Ilustre Municipalidad de Putaendo, que trabajamos \u2018pelo a pelo\u2019 ah\u00ed con <strong>Giselle Ch\u00e1vez<\/strong>, que se la jug\u00f3. Tuvimos m\u00e1s de 120 emprendedores de todos lados; ven\u00edan de la Ligua, de diferentes partes de Putaendo, est\u00e1bamos todos, y sin duda, esto marca un antes y un despu\u00e9s para el turismo en Putaendo\u00bb<\/em>, detall\u00f3.<\/p>\n<p>&#8211; <strong>\u00bfC\u00f3mo surge la idea?<\/strong><\/p>\n<p>&#8211; Lo que pasa es que est\u00e1 muy fuerte el enoturismo en Chile en general, donde todas las municipalidades del pa\u00eds y todas las zonas productivas de vino en el pa\u00eds hacen vendimias y estas se est\u00e1n masificando. Entonces Sernatur, como nosotros somos socios; <strong>Anita Prado<\/strong>, la encargada de ZOIT (Zona de Inter\u00e9s Tur\u00edstico) a nivel regional y Sernatur. Nos habl\u00f3 mi amigo concejal Sebasti\u00e1n Caldera y empez\u00f3 \u2018ya, hace vendimia, hace vendimia\u2019. Lo propuso al Concejo Municipal y el alcalde <strong>Mauricio Quiroz<\/strong> lo apoy\u00f3, los dem\u00e1s concejales tambi\u00e9n, entonces ah\u00ed empezamos a organizar todo y super\u00f3 mucho las expectativas; o sea, nosotros pens\u00e1bamos que iban a ir 2 mil personas, pero tuvimos cuatro veces eso y todo anduvo muy bien.<\/p>\n<p>&#8211; <strong>O sea, quedaron con ese gusto del pr\u00f3ximo a\u00f1o organizar algo as\u00ed de nuevo o este a\u00f1o<\/strong><\/p>\n<p>&#8211; Mira, como te cont\u00e9 reci\u00e9n el proyecto es tur\u00edstico, nosotros somos una vi\u00f1a enfocada en el turismo; es decir, Vi\u00f1a El Encanto es un proyecto tur\u00edstico, no es la prioridad los vinos; s\u00ed, claro que va de la mano los vinos. Tenemos varias cosas; la arqueolog\u00eda, pero principalmente es turismo, entonces vamos a seguir haciendo activaciones. Yo creo que de aqu\u00ed a un mes m\u00e1s vamos hacer otra activaci\u00f3n, queremos celebrar el vino, patrimonios nacionales, porque nosotros como vi\u00f1a estamos obligados por ley a tener nuestro sitio arqueol\u00f3gico abierto y todo lo que sea patrimonial tenerlo activado gratis para toda la gente, entonces, ah\u00ed va a venir otro evento m\u00e1s a finales de mayo. Yo creo que despu\u00e9s de septiembre tambi\u00e9n vamos activar y de ac\u00e1 no paramos, porque ya probamos que la vi\u00f1a funciona para eventos masivos, a la gente le gust\u00f3 mucho porque es diferente, sin desmerecer ni nada por el estilo, estar en un estadio o en un lugar que no es hecho para eventos masivos, a estar en uno que est\u00e1 dise\u00f1ado para este tipo de actividades.<\/p>\n<p>&#8211; <strong>Luis, en cuanto a la locomoci\u00f3n se puede llegar solo en veh\u00edculo \u00bfpodr\u00eda ser ese lado d\u00e9bil o podr\u00eda haber locomoci\u00f3n p\u00fablica, por ejemplo?<\/strong><\/p>\n<p>&#8211; S\u00ed, ese es un lado d\u00e9bil, buena acotaci\u00f3n tuya. Lo que pasa, es que fue un colapso las calles por lo que yo entiendo, nosotros est\u00e1bamos trabajando adentro y no notamos la diferencia, pero creo que hubo un colapso de kil\u00f3metros en las calles. Los estacionamientos estaban repletos; a todo esto, nosotros se los dimos a Bomberos y en una hect\u00e1rea y media no cupieron todos los veh\u00edculos que fueron. Despu\u00e9s, se ocup\u00f3 otra hect\u00e1rea m\u00e1s, pero todas las calles del sector Granallas se colapsaron por todos lados.<\/p>\n<p>&#8211; <strong>\u00bfPodr\u00eda en el futuro surgir locomoci\u00f3n p\u00fablica para la gente que no tiene auto?<\/strong><\/p>\n<p>&#8211; Yo creo que en las fechas claves cuando hagamos actividades, vamos a considerarlo toralmente\u2026 muy buen punto, muy buen punto. Bueno, de hecho, ahora van a salir todas las fallas que tuvimos y sin duda vamos a mejorarlas y trabajar para ello. Pero te digo, estoy m\u00e1s contento por el \u00e9xito, porque hoy d\u00eda tenemos un punto tur\u00edstico importante en Putaendo que ya se comprob\u00f3 que funciona. La gente del valle respondi\u00f3, hay muy buenos comentarios; Mauricio Quiroz el alcalde, los concejales, toda la gente del municipio. Estamos cansados, pero estamos todos muy contentos, porque se reactiv\u00f3 la comuna, no solamente La Chaya es el punto neur\u00e1lgico, podemos hacer otras actividades durante el a\u00f1o y sin duda, como este es un proyecto tur\u00edstico, vamos a ir haciendo paso a paso\u00a0 diferentes actividades aunque no vengan 5 mil personas, pero puede haber un marco de gente importante.<\/p>\n<p>&#8211; <strong>\u00bfUn aliciente para los dem\u00e1s?<\/strong><\/p>\n<p>&#8211; S\u00ed, por supuesto, hab\u00eda m\u00e1s de 120 emprendedores, muchos de Putaendo, la gran mayor\u00eda, y estaban muy contentos, porque a todos les fue muy bien. El turismo es eso, es la uni\u00f3n de todas las personas con un objetivo, que es promover, comercializar y de eso se trata, y lo logramos.<\/p>\n<p>Nos pide destacar la labor realizada por Giselle Ch\u00e1vez de Fomento Productivo, <em>\u00abporque se la jug\u00f3\u00bb<\/em>, se\u00f1al\u00f3 Luis Arancibia.<\/p>\n<p>&#8211; <strong>Para cerrar y agradecer, una reflexi\u00f3n final con lo que te quedas, el sabor<\/strong><\/p>\n<p>&#8211; Muy contento, estoy muy cansado, pero estoy muy contento porque a todos nos fue bien, a la comuna le fue bien. Y una de las cosas muy destacables, es que toda la gente del Valle de Aconcagua est\u00e1 reconociendo a Putaendo como un pueblo tur\u00edstico, una ZOIT y quiere al pueblo; est\u00e1n viniendo, cuando hacemos el llamado, vienen. La gente viene a Putaendo y le gusta, entonces vamos a darle a eso, se est\u00e1 abriendo algo importante y vamos a continuar en la misma direcci\u00f3n.<\/p>\n<p>La vendimia se realiz\u00f3 este fin de semana en el sector Trapiche, Granallas.<\/p>\n<figure id=\"attachment_136666\" aria-describedby=\"caption-attachment-136666\" style=\"width: 699px\" class=\"wp-caption alignnone\"><img loading=\"lazy\" decoding=\"async\" class=\"size-full wp-image-136666\" src=\"http:\/\/eltrabajo.cl\/web\/wp-content\/uploads\/2025\/04\/Vendimia-5.jpg\" alt=\"Los huasos con sus aperos y caballos, presentes en la fiesta de la Vendimia.\" width=\"699\" height=\"340\" srcset=\"https:\/\/eltrabajo.cl\/web\/wp-content\/uploads\/2025\/04\/Vendimia-5.jpg 699w, https:\/\/eltrabajo.cl\/web\/wp-content\/uploads\/2025\/04\/Vendimia-5-300x146.jpg 300w, https:\/\/eltrabajo.cl\/web\/wp-content\/uploads\/2025\/04\/Vendimia-5-150x73.jpg 150w, https:\/\/eltrabajo.cl\/web\/wp-content\/uploads\/2025\/04\/Vendimia-5-696x339.jpg 696w\" sizes=\"auto, (max-width: 699px) 100vw, 699px\" \/><figcaption id=\"caption-attachment-136666\" class=\"wp-caption-text\">Los huasos con sus aperos y caballos, presentes en la fiesta de la Vendimia.<\/figcaption><\/figure>\n<figure id=\"attachment_136667\" aria-describedby=\"caption-attachment-136667\" style=\"width: 699px\" class=\"wp-caption alignnone\"><img loading=\"lazy\" decoding=\"async\" class=\"size-full wp-image-136667\" src=\"http:\/\/eltrabajo.cl\/web\/wp-content\/uploads\/2025\/04\/Vendimia-1.jpg\" alt=\"Parejas bailan nuestro baile nacional, \u2018La Cueca\u2019.\" width=\"699\" height=\"393\" srcset=\"https:\/\/eltrabajo.cl\/web\/wp-content\/uploads\/2025\/04\/Vendimia-1.jpg 699w, https:\/\/eltrabajo.cl\/web\/wp-content\/uploads\/2025\/04\/Vendimia-1-300x169.jpg 300w, https:\/\/eltrabajo.cl\/web\/wp-content\/uploads\/2025\/04\/Vendimia-1-150x84.jpg 150w, https:\/\/eltrabajo.cl\/web\/wp-content\/uploads\/2025\/04\/Vendimia-1-696x391.jpg 696w\" sizes=\"auto, (max-width: 699px) 100vw, 699px\" \/><figcaption id=\"caption-attachment-136667\" class=\"wp-caption-text\">Parejas bailan nuestro baile nacional, \u2018La Cueca\u2019.<\/figcaption><\/figure>\n<figure id=\"attachment_136669\" aria-describedby=\"caption-attachment-136669\" style=\"width: 698px\" class=\"wp-caption alignnone\"><img loading=\"lazy\" decoding=\"async\" class=\"size-full wp-image-136669\" src=\"http:\/\/eltrabajo.cl\/web\/wp-content\/uploads\/2025\/04\/Vendimia-4.jpg\" alt=\"Los asistentes a la Vendimia, aprovechando de recorrer el lugar.\" width=\"698\" height=\"419\" srcset=\"https:\/\/eltrabajo.cl\/web\/wp-content\/uploads\/2025\/04\/Vendimia-4.jpg 698w, https:\/\/eltrabajo.cl\/web\/wp-content\/uploads\/2025\/04\/Vendimia-4-300x180.jpg 300w, https:\/\/eltrabajo.cl\/web\/wp-content\/uploads\/2025\/04\/Vendimia-4-150x90.jpg 150w, https:\/\/eltrabajo.cl\/web\/wp-content\/uploads\/2025\/04\/Vendimia-4-696x418.jpg 696w\" sizes=\"auto, (max-width: 698px) 100vw, 698px\" \/><figcaption id=\"caption-attachment-136669\" class=\"wp-caption-text\">Los asistentes a la Vendimia, aprovechando de recorrer el lugar.<\/figcaption><\/figure>\n<figure id=\"attachment_136668\" aria-describedby=\"caption-attachment-136668\" style=\"width: 699px\" class=\"wp-caption alignnone\"><img loading=\"lazy\" decoding=\"async\" class=\"size-full wp-image-136668\" src=\"http:\/\/eltrabajo.cl\/web\/wp-content\/uploads\/2025\/04\/Vendimia-3.jpg\" alt=\"Las personas disfrutando del vino junto al due\u00f1o Luis Arancibia, al centro sosteniendo una botella de vino, en un hermoso atardecer.\" width=\"699\" height=\"527\" srcset=\"https:\/\/eltrabajo.cl\/web\/wp-content\/uploads\/2025\/04\/Vendimia-3.jpg 699w, https:\/\/eltrabajo.cl\/web\/wp-content\/uploads\/2025\/04\/Vendimia-3-300x226.jpg 300w, https:\/\/eltrabajo.cl\/web\/wp-content\/uploads\/2025\/04\/Vendimia-3-557x420.jpg 557w, https:\/\/eltrabajo.cl\/web\/wp-content\/uploads\/2025\/04\/Vendimia-3-80x60.jpg 80w, https:\/\/eltrabajo.cl\/web\/wp-content\/uploads\/2025\/04\/Vendimia-3-150x113.jpg 150w, https:\/\/eltrabajo.cl\/web\/wp-content\/uploads\/2025\/04\/Vendimia-3-696x525.jpg 696w\" sizes=\"auto, (max-width: 699px) 100vw, 699px\" \/><figcaption id=\"caption-attachment-136668\" class=\"wp-caption-text\">Las personas disfrutando del vino junto al due\u00f1o Luis Arancibia, al centro sosteniendo una botella de vino, en un hermoso atardecer.<\/figcaption><\/figure>\n","protected":false},"excerpt":{"rendered":"<p>Alianza p\u00fablico-privada: Asistieron alrededor de 15 mil personas.- M\u00e1s que feliz y emocionado se encuentra el due\u00f1o de la Vi\u00f1a El Encanto, Luis Arancibia, ya que adem\u00e1s de funcionar \u00f3ptimamente la alianza p\u00fablico-privada para la realizaci\u00f3n de la primera versi\u00f3n de la Vendimia de Putaendo, la gran cantidad de personas que lleg\u00f3 a disfrutar del [&hellip;]<\/p>\n","protected":false},"author":1,"featured_media":136668,"comment_status":"open","ping_status":"closed","sticky":false,"template":"","format":"standard","meta":{"footnotes":""},"categories":[4],"tags":[],"class_list":{"0":"post-136665","1":"post","2":"type-post","3":"status-publish","4":"format-standard","5":"has-post-thumbnail","7":"category-comunidad"},"yoast_head":"<!-- This site is optimized with the Yoast SEO plugin v27.5 - https:\/\/yoast.com\/product\/yoast-seo-wordpress\/ -->\n<title>\u00c9xito rotundo en la primera versi\u00f3n de la Vendimia de Putaendo en Vi\u00f1a El Encanto - Diario El Trabajo<\/title>\n<meta name=\"robots\" content=\"index, follow, max-snippet:-1, max-image-preview:large, max-video-preview:-1\" \/>\n<link rel=\"canonical\" href=\"https:\/\/eltrabajo.cl\/web\/exito-rotundo-en-la-primera-version-de-la-vendimia-de-putaendo-en-vina-el-encanto\/\" \/>\n<meta property=\"og:locale\" content=\"es_ES\" \/>\n<meta property=\"og:type\" content=\"article\" \/>\n<meta property=\"og:title\" content=\"\u00c9xito rotundo en la primera versi\u00f3n de la Vendimia de Putaendo en Vi\u00f1a El Encanto - Diario El Trabajo\" \/>\n<meta property=\"og:description\" content=\"Alianza p\u00fablico-privada: Asistieron alrededor de 15 mil personas.- M\u00e1s que feliz y emocionado se encuentra el due\u00f1o de la Vi\u00f1a El Encanto, Luis Arancibia, ya que adem\u00e1s de funcionar \u00f3ptimamente la alianza p\u00fablico-privada para la realizaci\u00f3n de la primera versi\u00f3n de la Vendimia de Putaendo, la gran cantidad de personas que lleg\u00f3 a disfrutar del [&hellip;]\" \/>\n<meta property=\"og:url\" content=\"https:\/\/eltrabajo.cl\/web\/exito-rotundo-en-la-primera-version-de-la-vendimia-de-putaendo-en-vina-el-encanto\/\" \/>\n<meta property=\"og:site_name\" content=\"Diario El Trabajo\" \/>\n<meta property=\"article:publisher\" content=\"https:\/\/www.facebook.com\/ElTrabajoDiario\" \/>\n<meta property=\"article:published_time\" content=\"2025-04-30T00:22:38+00:00\" \/>\n<meta property=\"article:modified_time\" content=\"2025-04-30T13:56:53+00:00\" \/>\n<meta property=\"og:image\" content=\"https:\/\/eltrabajo.cl\/web\/wp-content\/uploads\/2025\/04\/Vendimia-3.jpg\" \/>\n\t<meta property=\"og:image:width\" content=\"699\" \/>\n\t<meta property=\"og:image:height\" content=\"527\" \/>\n\t<meta property=\"og:image:type\" content=\"image\/jpeg\" \/>\n<meta name=\"author\" content=\"Diario El Trabajo\" \/>\n<meta name=\"twitter:card\" content=\"summary_large_image\" \/>\n<meta name=\"twitter:creator\" content=\"@diarioeltrabajo\" \/>\n<meta name=\"twitter:site\" content=\"@diarioeltrabajo\" \/>\n<meta name=\"twitter:label1\" content=\"Escrito por\" \/>\n\t<meta name=\"twitter:data1\" content=\"Diario El Trabajo\" \/>\n\t<meta name=\"twitter:label2\" content=\"Tiempo estimado de lectura\" \/>\n\t<meta name=\"twitter:data2\" content=\"7 minutos\" \/>\n<script type=\"application\/ld+json\" class=\"yoast-schema-graph\">{\"@context\":\"https:\\\/\\\/schema.org\",\"@graph\":[{\"@type\":\"Article\",\"@id\":\"https:\\\/\\\/eltrabajo.cl\\\/web\\\/exito-rotundo-en-la-primera-version-de-la-vendimia-de-putaendo-en-vina-el-encanto\\\/#article\",\"isPartOf\":{\"@id\":\"https:\\\/\\\/eltrabajo.cl\\\/web\\\/exito-rotundo-en-la-primera-version-de-la-vendimia-de-putaendo-en-vina-el-encanto\\\/\"},\"author\":{\"name\":\"Diario El Trabajo\",\"@id\":\"https:\\\/\\\/eltrabajo.cl\\\/web\\\/#\\\/schema\\\/person\\\/45efd3d17f86ec456e44dd7debe1bf19\"},\"headline\":\"\u00c9xito rotundo en la primera versi\u00f3n de la Vendimia de Putaendo en Vi\u00f1a El Encanto\",\"datePublished\":\"2025-04-30T00:22:38+00:00\",\"dateModified\":\"2025-04-30T13:56:53+00:00\",\"mainEntityOfPage\":{\"@id\":\"https:\\\/\\\/eltrabajo.cl\\\/web\\\/exito-rotundo-en-la-primera-version-de-la-vendimia-de-putaendo-en-vina-el-encanto\\\/\"},\"wordCount\":1270,\"commentCount\":0,\"publisher\":{\"@id\":\"https:\\\/\\\/eltrabajo.cl\\\/web\\\/#organization\"},\"image\":{\"@id\":\"https:\\\/\\\/eltrabajo.cl\\\/web\\\/exito-rotundo-en-la-primera-version-de-la-vendimia-de-putaendo-en-vina-el-encanto\\\/#primaryimage\"},\"thumbnailUrl\":\"https:\\\/\\\/eltrabajo.cl\\\/web\\\/wp-content\\\/uploads\\\/2025\\\/04\\\/Vendimia-3.jpg\",\"articleSection\":[\"Comunidad\"],\"inLanguage\":\"es-CL\",\"potentialAction\":[{\"@type\":\"CommentAction\",\"name\":\"Comment\",\"target\":[\"https:\\\/\\\/eltrabajo.cl\\\/web\\\/exito-rotundo-en-la-primera-version-de-la-vendimia-de-putaendo-en-vina-el-encanto\\\/#respond\"]}]},{\"@type\":\"WebPage\",\"@id\":\"https:\\\/\\\/eltrabajo.cl\\\/web\\\/exito-rotundo-en-la-primera-version-de-la-vendimia-de-putaendo-en-vina-el-encanto\\\/\",\"url\":\"https:\\\/\\\/eltrabajo.cl\\\/web\\\/exito-rotundo-en-la-primera-version-de-la-vendimia-de-putaendo-en-vina-el-encanto\\\/\",\"name\":\"\u00c9xito rotundo en la primera versi\u00f3n de la Vendimia de Putaendo en Vi\u00f1a El Encanto - Diario El Trabajo\",\"isPartOf\":{\"@id\":\"https:\\\/\\\/eltrabajo.cl\\\/web\\\/#website\"},\"primaryImageOfPage\":{\"@id\":\"https:\\\/\\\/eltrabajo.cl\\\/web\\\/exito-rotundo-en-la-primera-version-de-la-vendimia-de-putaendo-en-vina-el-encanto\\\/#primaryimage\"},\"image\":{\"@id\":\"https:\\\/\\\/eltrabajo.cl\\\/web\\\/exito-rotundo-en-la-primera-version-de-la-vendimia-de-putaendo-en-vina-el-encanto\\\/#primaryimage\"},\"thumbnailUrl\":\"https:\\\/\\\/eltrabajo.cl\\\/web\\\/wp-content\\\/uploads\\\/2025\\\/04\\\/Vendimia-3.jpg\",\"datePublished\":\"2025-04-30T00:22:38+00:00\",\"dateModified\":\"2025-04-30T13:56:53+00:00\",\"breadcrumb\":{\"@id\":\"https:\\\/\\\/eltrabajo.cl\\\/web\\\/exito-rotundo-en-la-primera-version-de-la-vendimia-de-putaendo-en-vina-el-encanto\\\/#breadcrumb\"},\"inLanguage\":\"es-CL\",\"potentialAction\":[{\"@type\":\"ReadAction\",\"target\":[\"https:\\\/\\\/eltrabajo.cl\\\/web\\\/exito-rotundo-en-la-primera-version-de-la-vendimia-de-putaendo-en-vina-el-encanto\\\/\"]}]},{\"@type\":\"ImageObject\",\"inLanguage\":\"es-CL\",\"@id\":\"https:\\\/\\\/eltrabajo.cl\\\/web\\\/exito-rotundo-en-la-primera-version-de-la-vendimia-de-putaendo-en-vina-el-encanto\\\/#primaryimage\",\"url\":\"https:\\\/\\\/eltrabajo.cl\\\/web\\\/wp-content\\\/uploads\\\/2025\\\/04\\\/Vendimia-3.jpg\",\"contentUrl\":\"https:\\\/\\\/eltrabajo.cl\\\/web\\\/wp-content\\\/uploads\\\/2025\\\/04\\\/Vendimia-3.jpg\",\"width\":699,\"height\":527,\"caption\":\"Las personas disfrutando del vino junto al due\u00f1o Luis Arancibia, al centro sosteniendo una botella de vino, en un hermoso atardecer.\"},{\"@type\":\"BreadcrumbList\",\"@id\":\"https:\\\/\\\/eltrabajo.cl\\\/web\\\/exito-rotundo-en-la-primera-version-de-la-vendimia-de-putaendo-en-vina-el-encanto\\\/#breadcrumb\",\"itemListElement\":[{\"@type\":\"ListItem\",\"position\":1,\"name\":\"Portada\",\"item\":\"https:\\\/\\\/eltrabajo.cl\\\/web\\\/\"},{\"@type\":\"ListItem\",\"position\":2,\"name\":\"\u00c9xito rotundo en la primera versi\u00f3n de la Vendimia de Putaendo en Vi\u00f1a El Encanto\"}]},{\"@type\":\"WebSite\",\"@id\":\"https:\\\/\\\/eltrabajo.cl\\\/web\\\/#website\",\"url\":\"https:\\\/\\\/eltrabajo.cl\\\/web\\\/\",\"name\":\"Diario El Trabajo\",\"description\":\"Desde 1929 construyendo Identidad Local\",\"publisher\":{\"@id\":\"https:\\\/\\\/eltrabajo.cl\\\/web\\\/#organization\"},\"potentialAction\":[{\"@type\":\"SearchAction\",\"target\":{\"@type\":\"EntryPoint\",\"urlTemplate\":\"https:\\\/\\\/eltrabajo.cl\\\/web\\\/?s={search_term_string}\"},\"query-input\":{\"@type\":\"PropertyValueSpecification\",\"valueRequired\":true,\"valueName\":\"search_term_string\"}}],\"inLanguage\":\"es-CL\"},{\"@type\":\"Organization\",\"@id\":\"https:\\\/\\\/eltrabajo.cl\\\/web\\\/#organization\",\"name\":\"Diario El Trabajo\",\"url\":\"https:\\\/\\\/eltrabajo.cl\\\/web\\\/\",\"logo\":{\"@type\":\"ImageObject\",\"inLanguage\":\"es-CL\",\"@id\":\"https:\\\/\\\/eltrabajo.cl\\\/web\\\/#\\\/schema\\\/logo\\\/image\\\/\",\"url\":\"https:\\\/\\\/eltrabajo.cl\\\/web\\\/wp-content\\\/uploads\\\/2024\\\/06\\\/profile-image-ig-page-diarioeltrabajo.jpg\",\"contentUrl\":\"https:\\\/\\\/eltrabajo.cl\\\/web\\\/wp-content\\\/uploads\\\/2024\\\/06\\\/profile-image-ig-page-diarioeltrabajo.jpg\",\"width\":823,\"height\":823,\"caption\":\"Diario El Trabajo\"},\"image\":{\"@id\":\"https:\\\/\\\/eltrabajo.cl\\\/web\\\/#\\\/schema\\\/logo\\\/image\\\/\"},\"sameAs\":[\"https:\\\/\\\/www.facebook.com\\\/ElTrabajoDiario\",\"https:\\\/\\\/x.com\\\/diarioeltrabajo\"]},{\"@type\":\"Person\",\"@id\":\"https:\\\/\\\/eltrabajo.cl\\\/web\\\/#\\\/schema\\\/person\\\/45efd3d17f86ec456e44dd7debe1bf19\",\"name\":\"Diario El Trabajo\",\"image\":{\"@type\":\"ImageObject\",\"inLanguage\":\"es-CL\",\"@id\":\"https:\\\/\\\/secure.gravatar.com\\\/avatar\\\/7e6ec277dc4aea2677c2dc301d4227957219329c985ab69a3efc12518b5161aa?s=96&d=mm&r=g\",\"url\":\"https:\\\/\\\/secure.gravatar.com\\\/avatar\\\/7e6ec277dc4aea2677c2dc301d4227957219329c985ab69a3efc12518b5161aa?s=96&d=mm&r=g\",\"contentUrl\":\"https:\\\/\\\/secure.gravatar.com\\\/avatar\\\/7e6ec277dc4aea2677c2dc301d4227957219329c985ab69a3efc12518b5161aa?s=96&d=mm&r=g\",\"caption\":\"Diario El Trabajo\"},\"sameAs\":[\"https:\\\/\\\/eltrabajo.cl\\\/web\"],\"url\":\"https:\\\/\\\/eltrabajo.cl\\\/web\\\/author\\\/diario-el-trabajo\\\/\"}]}<\/script>\n<!-- \/ Yoast SEO plugin. -->","yoast_head_json":{"title":"\u00c9xito rotundo en la primera versi\u00f3n de la Vendimia de Putaendo en Vi\u00f1a El Encanto - Diario El Trabajo","robots":{"index":"index","follow":"follow","max-snippet":"max-snippet:-1","max-image-preview":"max-image-preview:large","max-video-preview":"max-video-preview:-1"},"canonical":"https:\/\/eltrabajo.cl\/web\/exito-rotundo-en-la-primera-version-de-la-vendimia-de-putaendo-en-vina-el-encanto\/","og_locale":"es_ES","og_type":"article","og_title":"\u00c9xito rotundo en la primera versi\u00f3n de la Vendimia de Putaendo en Vi\u00f1a El Encanto - Diario El Trabajo","og_description":"Alianza p\u00fablico-privada: Asistieron alrededor de 15 mil personas.- M\u00e1s que feliz y emocionado se encuentra el due\u00f1o de la Vi\u00f1a El Encanto, Luis Arancibia, ya que adem\u00e1s de funcionar \u00f3ptimamente la alianza p\u00fablico-privada para la realizaci\u00f3n de la primera versi\u00f3n de la Vendimia de Putaendo, la gran cantidad de personas que lleg\u00f3 a disfrutar del [&hellip;]","og_url":"https:\/\/eltrabajo.cl\/web\/exito-rotundo-en-la-primera-version-de-la-vendimia-de-putaendo-en-vina-el-encanto\/","og_site_name":"Diario El Trabajo","article_publisher":"https:\/\/www.facebook.com\/ElTrabajoDiario","article_published_time":"2025-04-30T00:22:38+00:00","article_modified_time":"2025-04-30T13:56:53+00:00","og_image":[{"width":699,"height":527,"url":"https:\/\/eltrabajo.cl\/web\/wp-content\/uploads\/2025\/04\/Vendimia-3.jpg","type":"image\/jpeg"}],"author":"Diario El Trabajo","twitter_card":"summary_large_image","twitter_creator":"@diarioeltrabajo","twitter_site":"@diarioeltrabajo","twitter_misc":{"Escrito por":"Diario El Trabajo","Tiempo estimado de lectura":"7 minutos"},"schema":{"@context":"https:\/\/schema.org","@graph":[{"@type":"Article","@id":"https:\/\/eltrabajo.cl\/web\/exito-rotundo-en-la-primera-version-de-la-vendimia-de-putaendo-en-vina-el-encanto\/#article","isPartOf":{"@id":"https:\/\/eltrabajo.cl\/web\/exito-rotundo-en-la-primera-version-de-la-vendimia-de-putaendo-en-vina-el-encanto\/"},"author":{"name":"Diario El Trabajo","@id":"https:\/\/eltrabajo.cl\/web\/#\/schema\/person\/45efd3d17f86ec456e44dd7debe1bf19"},"headline":"\u00c9xito rotundo en la primera versi\u00f3n de la Vendimia de Putaendo en Vi\u00f1a El Encanto","datePublished":"2025-04-30T00:22:38+00:00","dateModified":"2025-04-30T13:56:53+00:00","mainEntityOfPage":{"@id":"https:\/\/eltrabajo.cl\/web\/exito-rotundo-en-la-primera-version-de-la-vendimia-de-putaendo-en-vina-el-encanto\/"},"wordCount":1270,"commentCount":0,"publisher":{"@id":"https:\/\/eltrabajo.cl\/web\/#organization"},"image":{"@id":"https:\/\/eltrabajo.cl\/web\/exito-rotundo-en-la-primera-version-de-la-vendimia-de-putaendo-en-vina-el-encanto\/#primaryimage"},"thumbnailUrl":"https:\/\/eltrabajo.cl\/web\/wp-content\/uploads\/2025\/04\/Vendimia-3.jpg","articleSection":["Comunidad"],"inLanguage":"es-CL","potentialAction":[{"@type":"CommentAction","name":"Comment","target":["https:\/\/eltrabajo.cl\/web\/exito-rotundo-en-la-primera-version-de-la-vendimia-de-putaendo-en-vina-el-encanto\/#respond"]}]},{"@type":"WebPage","@id":"https:\/\/eltrabajo.cl\/web\/exito-rotundo-en-la-primera-version-de-la-vendimia-de-putaendo-en-vina-el-encanto\/","url":"https:\/\/eltrabajo.cl\/web\/exito-rotundo-en-la-primera-version-de-la-vendimia-de-putaendo-en-vina-el-encanto\/","name":"\u00c9xito rotundo en la primera versi\u00f3n de la Vendimia de Putaendo en Vi\u00f1a El Encanto - Diario El Trabajo","isPartOf":{"@id":"https:\/\/eltrabajo.cl\/web\/#website"},"primaryImageOfPage":{"@id":"https:\/\/eltrabajo.cl\/web\/exito-rotundo-en-la-primera-version-de-la-vendimia-de-putaendo-en-vina-el-encanto\/#primaryimage"},"image":{"@id":"https:\/\/eltrabajo.cl\/web\/exito-rotundo-en-la-primera-version-de-la-vendimia-de-putaendo-en-vina-el-encanto\/#primaryimage"},"thumbnailUrl":"https:\/\/eltrabajo.cl\/web\/wp-content\/uploads\/2025\/04\/Vendimia-3.jpg","datePublished":"2025-04-30T00:22:38+00:00","dateModified":"2025-04-30T13:56:53+00:00","breadcrumb":{"@id":"https:\/\/eltrabajo.cl\/web\/exito-rotundo-en-la-primera-version-de-la-vendimia-de-putaendo-en-vina-el-encanto\/#breadcrumb"},"inLanguage":"es-CL","potentialAction":[{"@type":"ReadAction","target":["https:\/\/eltrabajo.cl\/web\/exito-rotundo-en-la-primera-version-de-la-vendimia-de-putaendo-en-vina-el-encanto\/"]}]},{"@type":"ImageObject","inLanguage":"es-CL","@id":"https:\/\/eltrabajo.cl\/web\/exito-rotundo-en-la-primera-version-de-la-vendimia-de-putaendo-en-vina-el-encanto\/#primaryimage","url":"https:\/\/eltrabajo.cl\/web\/wp-content\/uploads\/2025\/04\/Vendimia-3.jpg","contentUrl":"https:\/\/eltrabajo.cl\/web\/wp-content\/uploads\/2025\/04\/Vendimia-3.jpg","width":699,"height":527,"caption":"Las personas disfrutando del vino junto al due\u00f1o Luis Arancibia, al centro sosteniendo una botella de vino, en un hermoso atardecer."},{"@type":"BreadcrumbList","@id":"https:\/\/eltrabajo.cl\/web\/exito-rotundo-en-la-primera-version-de-la-vendimia-de-putaendo-en-vina-el-encanto\/#breadcrumb","itemListElement":[{"@type":"ListItem","position":1,"name":"Portada","item":"https:\/\/eltrabajo.cl\/web\/"},{"@type":"ListItem","position":2,"name":"\u00c9xito rotundo en la primera versi\u00f3n de la Vendimia de Putaendo en Vi\u00f1a El Encanto"}]},{"@type":"WebSite","@id":"https:\/\/eltrabajo.cl\/web\/#website","url":"https:\/\/eltrabajo.cl\/web\/","name":"Diario El Trabajo","description":"Desde 1929 construyendo Identidad Local","publisher":{"@id":"https:\/\/eltrabajo.cl\/web\/#organization"},"potentialAction":[{"@type":"SearchAction","target":{"@type":"EntryPoint","urlTemplate":"https:\/\/eltrabajo.cl\/web\/?s={search_term_string}"},"query-input":{"@type":"PropertyValueSpecification","valueRequired":true,"valueName":"search_term_string"}}],"inLanguage":"es-CL"},{"@type":"Organization","@id":"https:\/\/eltrabajo.cl\/web\/#organization","name":"Diario El Trabajo","url":"https:\/\/eltrabajo.cl\/web\/","logo":{"@type":"ImageObject","inLanguage":"es-CL","@id":"https:\/\/eltrabajo.cl\/web\/#\/schema\/logo\/image\/","url":"https:\/\/eltrabajo.cl\/web\/wp-content\/uploads\/2024\/06\/profile-image-ig-page-diarioeltrabajo.jpg","contentUrl":"https:\/\/eltrabajo.cl\/web\/wp-content\/uploads\/2024\/06\/profile-image-ig-page-diarioeltrabajo.jpg","width":823,"height":823,"caption":"Diario El Trabajo"},"image":{"@id":"https:\/\/eltrabajo.cl\/web\/#\/schema\/logo\/image\/"},"sameAs":["https:\/\/www.facebook.com\/ElTrabajoDiario","https:\/\/x.com\/diarioeltrabajo"]},{"@type":"Person","@id":"https:\/\/eltrabajo.cl\/web\/#\/schema\/person\/45efd3d17f86ec456e44dd7debe1bf19","name":"Diario El Trabajo","image":{"@type":"ImageObject","inLanguage":"es-CL","@id":"https:\/\/secure.gravatar.com\/avatar\/7e6ec277dc4aea2677c2dc301d4227957219329c985ab69a3efc12518b5161aa?s=96&d=mm&r=g","url":"https:\/\/secure.gravatar.com\/avatar\/7e6ec277dc4aea2677c2dc301d4227957219329c985ab69a3efc12518b5161aa?s=96&d=mm&r=g","contentUrl":"https:\/\/secure.gravatar.com\/avatar\/7e6ec277dc4aea2677c2dc301d4227957219329c985ab69a3efc12518b5161aa?s=96&d=mm&r=g","caption":"Diario El Trabajo"},"sameAs":["https:\/\/eltrabajo.cl\/web"],"url":"https:\/\/eltrabajo.cl\/web\/author\/diario-el-trabajo\/"}]}},"_links":{"self":[{"href":"https:\/\/eltrabajo.cl\/web\/wp-json\/wp\/v2\/posts\/136665","targetHints":{"allow":["GET"]}}],"collection":[{"href":"https:\/\/eltrabajo.cl\/web\/wp-json\/wp\/v2\/posts"}],"about":[{"href":"https:\/\/eltrabajo.cl\/web\/wp-json\/wp\/v2\/types\/post"}],"author":[{"embeddable":true,"href":"https:\/\/eltrabajo.cl\/web\/wp-json\/wp\/v2\/users\/1"}],"replies":[{"embeddable":true,"href":"https:\/\/eltrabajo.cl\/web\/wp-json\/wp\/v2\/comments?post=136665"}],"version-history":[{"count":2,"href":"https:\/\/eltrabajo.cl\/web\/wp-json\/wp\/v2\/posts\/136665\/revisions"}],"predecessor-version":[{"id":136685,"href":"https:\/\/eltrabajo.cl\/web\/wp-json\/wp\/v2\/posts\/136665\/revisions\/136685"}],"wp:featuredmedia":[{"embeddable":true,"href":"https:\/\/eltrabajo.cl\/web\/wp-json\/wp\/v2\/media\/136668"}],"wp:attachment":[{"href":"https:\/\/eltrabajo.cl\/web\/wp-json\/wp\/v2\/media?parent=136665"}],"wp:term":[{"taxonomy":"category","embeddable":true,"href":"https:\/\/eltrabajo.cl\/web\/wp-json\/wp\/v2\/categories?post=136665"},{"taxonomy":"post_tag","embeddable":true,"href":"https:\/\/eltrabajo.cl\/web\/wp-json\/wp\/v2\/tags?post=136665"}],"curies":[{"name":"wp","href":"https:\/\/api.w.org\/{rel}","templated":true}]}}