{"id":136810,"date":"2025-05-06T21:32:07","date_gmt":"2025-05-07T00:32:07","guid":{"rendered":"https:\/\/eltrabajo.cl\/web\/?p=136810"},"modified":"2025-05-06T21:32:07","modified_gmt":"2025-05-07T00:32:07","slug":"en-prision-preventiva-queda-colombiano-por-asesinato-de-un-boliviano-en-la-toma","status":"publish","type":"post","link":"https:\/\/eltrabajo.cl\/web\/en-prision-preventiva-queda-colombiano-por-asesinato-de-un-boliviano-en-la-toma\/","title":{"rendered":"En prisi\u00f3n preventiva queda colombiano por asesinato de un boliviano en la Toma"},"content":{"rendered":"<ul>\n<li><strong>Tribunal fij\u00f3 un plazo de 75 d\u00edas para la investigaci\u00f3n.\u2013<\/strong><\/li>\n<\/ul>\n<p>En la jornada de este martes, se llev\u00f3 a cabo el control de detenci\u00f3n del sujeto colombiano identificado como <strong>A<\/strong>.<strong>L<\/strong>.<strong>A<\/strong>. de 37 a\u00f1os, aprehendido como autor del asesinato de un boliviano en la Toma de San Felipe. La Brigada de Homicidios (BH) de la PDI de Los Andes logr\u00f3 su captura durante el mismo d\u00eda, tras realizar las respectivas diligencias en el sitio del suceso.<\/p>\n<p>La ma\u00f1ana de ayer, se realiz\u00f3 la audiencia en el Juzgado de Garant\u00eda de San Felipe, donde finalmente se decret\u00f3 la prisi\u00f3n preventiva para este delincuente. El fiscal <strong>Alejandro Bustos<\/strong>, se\u00f1al\u00f3 que <em>\u00abhoy 6 de mayo, en el Juzgado de Garant\u00eda de San Felipe, se control\u00f3 la detenci\u00f3n de un hombre de 37 a\u00f1os, de nacionalidad colombiana, quien fue aprehendido por personal de la Brigada de Homicidios de la Polic\u00eda de Investigaciones de Los Andes, por su participaci\u00f3n en el delito flagrante de homicidio simple\u00bb<\/em>.<\/p>\n<p>En este contexto, el fiscal agreg\u00f3 que el hecho fue <em>\u00abperpetrado el d\u00eda de ayer<\/em> (lunes) <em>en horas de la madrugada en el sector denominado toma Yevide en la comuna de San Felipe, quien<\/em> (el imputado)<em>, en el contexto de una discusi\u00f3n, ultim\u00f3 a un hombre de 25 a\u00f1os de nacionalidad boliviana, acometi\u00e9ndolo con un cuchillo en la zona tor\u00e1xica, perfor\u00e1ndole el coraz\u00f3n\u00bb<\/em>.<\/p>\n<p>Una vez realizada la audiencia, Bustos detall\u00f3 que <em>\u00abtras la formalizaci\u00f3n de la investigaci\u00f3n, el tribunal acogi\u00f3 la petici\u00f3n de la fiscal\u00eda en orden a decretar la prisi\u00f3n preventiva por constituir el imputado un peligro para la seguridad de la sociedad y para evitar su eventual fuga, fij\u00e1ndose un plazo de investigaci\u00f3n de 75 d\u00edas\u00bb<\/em>, cerr\u00f3.<\/p>\n<figure id=\"attachment_136811\" aria-describedby=\"caption-attachment-136811\" style=\"width: 699px\" class=\"wp-caption alignnone\"><img loading=\"lazy\" decoding=\"async\" class=\"size-full wp-image-136811\" src=\"http:\/\/eltrabajo.cl\/web\/wp-content\/uploads\/2025\/05\/homicidio-en-la-Toma.jpg\" alt=\"En prisi\u00f3n preventiva qued\u00f3 autor de un nuevo asesinato en la toma. \" width=\"699\" height=\"315\" srcset=\"https:\/\/eltrabajo.cl\/web\/wp-content\/uploads\/2025\/05\/homicidio-en-la-Toma.jpg 699w, https:\/\/eltrabajo.cl\/web\/wp-content\/uploads\/2025\/05\/homicidio-en-la-Toma-300x135.jpg 300w, https:\/\/eltrabajo.cl\/web\/wp-content\/uploads\/2025\/05\/homicidio-en-la-Toma-150x68.jpg 150w, https:\/\/eltrabajo.cl\/web\/wp-content\/uploads\/2025\/05\/homicidio-en-la-Toma-696x314.jpg 696w\" sizes=\"auto, (max-width: 699px) 100vw, 699px\" \/><figcaption id=\"caption-attachment-136811\" class=\"wp-caption-text\">En prisi\u00f3n preventiva qued\u00f3 autor de un nuevo asesinato en la Toma.<\/figcaption><\/figure>\n","protected":false},"excerpt":{"rendered":"<p>Tribunal fij\u00f3 un plazo de 75 d\u00edas para la investigaci\u00f3n.\u2013 En la jornada de este martes, se llev\u00f3 a cabo el control de detenci\u00f3n del sujeto colombiano identificado como A.L.A. de 37 a\u00f1os, aprehendido como autor del asesinato de un boliviano en la Toma de San Felipe. La Brigada de Homicidios (BH) de la PDI [&hellip;]<\/p>\n","protected":false},"author":1,"featured_media":136811,"comment_status":"open","ping_status":"closed","sticky":false,"template":"","format":"standard","meta":{"footnotes":""},"categories":[13],"tags":[],"class_list":{"0":"post-136810","1":"post","2":"type-post","3":"status-publish","4":"format-standard","5":"has-post-thumbnail","7":"category-tribunales"},"yoast_head":"<!-- This site is optimized with the Yoast SEO plugin v27.4 - https:\/\/yoast.com\/product\/yoast-seo-wordpress\/ -->\n<title>En prisi\u00f3n preventiva queda colombiano por asesinato de un boliviano en la Toma - Diario El Trabajo<\/title>\n<meta name=\"robots\" content=\"index, follow, max-snippet:-1, max-image-preview:large, max-video-preview:-1\" \/>\n<link rel=\"canonical\" href=\"https:\/\/eltrabajo.cl\/web\/en-prision-preventiva-queda-colombiano-por-asesinato-de-un-boliviano-en-la-toma\/\" \/>\n<meta property=\"og:locale\" content=\"es_ES\" \/>\n<meta property=\"og:type\" content=\"article\" \/>\n<meta property=\"og:title\" content=\"En prisi\u00f3n preventiva queda colombiano por asesinato de un boliviano en la Toma - Diario El Trabajo\" \/>\n<meta property=\"og:description\" content=\"Tribunal fij\u00f3 un plazo de 75 d\u00edas para la investigaci\u00f3n.\u2013 En la jornada de este martes, se llev\u00f3 a cabo el control de detenci\u00f3n del sujeto colombiano identificado como A.L.A. de 37 a\u00f1os, aprehendido como autor del asesinato de un boliviano en la Toma de San Felipe. La Brigada de Homicidios (BH) de la PDI [&hellip;]\" \/>\n<meta property=\"og:url\" content=\"https:\/\/eltrabajo.cl\/web\/en-prision-preventiva-queda-colombiano-por-asesinato-de-un-boliviano-en-la-toma\/\" \/>\n<meta property=\"og:site_name\" content=\"Diario El Trabajo\" \/>\n<meta property=\"article:publisher\" content=\"https:\/\/www.facebook.com\/ElTrabajoDiario\" \/>\n<meta property=\"article:published_time\" content=\"2025-05-07T00:32:07+00:00\" \/>\n<meta property=\"og:image\" content=\"https:\/\/eltrabajo.cl\/web\/wp-content\/uploads\/2025\/05\/homicidio-en-la-Toma.jpg\" \/>\n\t<meta property=\"og:image:width\" content=\"699\" \/>\n\t<meta property=\"og:image:height\" content=\"315\" \/>\n\t<meta property=\"og:image:type\" content=\"image\/jpeg\" \/>\n<meta name=\"author\" content=\"Diario El Trabajo\" \/>\n<meta name=\"twitter:card\" content=\"summary_large_image\" \/>\n<meta name=\"twitter:creator\" content=\"@diarioeltrabajo\" \/>\n<meta name=\"twitter:site\" content=\"@diarioeltrabajo\" \/>\n<meta name=\"twitter:label1\" content=\"Escrito por\" \/>\n\t<meta name=\"twitter:data1\" content=\"Diario El Trabajo\" \/>\n\t<meta name=\"twitter:label2\" content=\"Tiempo estimado de lectura\" \/>\n\t<meta name=\"twitter:data2\" content=\"2 minutos\" \/>\n<script type=\"application\/ld+json\" class=\"yoast-schema-graph\">{\"@context\":\"https:\\\/\\\/schema.org\",\"@graph\":[{\"@type\":\"Article\",\"@id\":\"https:\\\/\\\/eltrabajo.cl\\\/web\\\/en-prision-preventiva-queda-colombiano-por-asesinato-de-un-boliviano-en-la-toma\\\/#article\",\"isPartOf\":{\"@id\":\"https:\\\/\\\/eltrabajo.cl\\\/web\\\/en-prision-preventiva-queda-colombiano-por-asesinato-de-un-boliviano-en-la-toma\\\/\"},\"author\":{\"name\":\"Diario El Trabajo\",\"@id\":\"https:\\\/\\\/eltrabajo.cl\\\/web\\\/#\\\/schema\\\/person\\\/45efd3d17f86ec456e44dd7debe1bf19\"},\"headline\":\"En prisi\u00f3n preventiva queda colombiano por asesinato de un boliviano en la Toma\",\"datePublished\":\"2025-05-07T00:32:07+00:00\",\"mainEntityOfPage\":{\"@id\":\"https:\\\/\\\/eltrabajo.cl\\\/web\\\/en-prision-preventiva-queda-colombiano-por-asesinato-de-un-boliviano-en-la-toma\\\/\"},\"wordCount\":338,\"commentCount\":0,\"publisher\":{\"@id\":\"https:\\\/\\\/eltrabajo.cl\\\/web\\\/#organization\"},\"image\":{\"@id\":\"https:\\\/\\\/eltrabajo.cl\\\/web\\\/en-prision-preventiva-queda-colombiano-por-asesinato-de-un-boliviano-en-la-toma\\\/#primaryimage\"},\"thumbnailUrl\":\"https:\\\/\\\/eltrabajo.cl\\\/web\\\/wp-content\\\/uploads\\\/2025\\\/05\\\/homicidio-en-la-Toma.jpg\",\"articleSection\":[\"Tribunales\"],\"inLanguage\":\"es-CL\",\"potentialAction\":[{\"@type\":\"CommentAction\",\"name\":\"Comment\",\"target\":[\"https:\\\/\\\/eltrabajo.cl\\\/web\\\/en-prision-preventiva-queda-colombiano-por-asesinato-de-un-boliviano-en-la-toma\\\/#respond\"]}]},{\"@type\":\"WebPage\",\"@id\":\"https:\\\/\\\/eltrabajo.cl\\\/web\\\/en-prision-preventiva-queda-colombiano-por-asesinato-de-un-boliviano-en-la-toma\\\/\",\"url\":\"https:\\\/\\\/eltrabajo.cl\\\/web\\\/en-prision-preventiva-queda-colombiano-por-asesinato-de-un-boliviano-en-la-toma\\\/\",\"name\":\"En prisi\u00f3n preventiva queda colombiano por asesinato de un boliviano en la Toma - Diario El Trabajo\",\"isPartOf\":{\"@id\":\"https:\\\/\\\/eltrabajo.cl\\\/web\\\/#website\"},\"primaryImageOfPage\":{\"@id\":\"https:\\\/\\\/eltrabajo.cl\\\/web\\\/en-prision-preventiva-queda-colombiano-por-asesinato-de-un-boliviano-en-la-toma\\\/#primaryimage\"},\"image\":{\"@id\":\"https:\\\/\\\/eltrabajo.cl\\\/web\\\/en-prision-preventiva-queda-colombiano-por-asesinato-de-un-boliviano-en-la-toma\\\/#primaryimage\"},\"thumbnailUrl\":\"https:\\\/\\\/eltrabajo.cl\\\/web\\\/wp-content\\\/uploads\\\/2025\\\/05\\\/homicidio-en-la-Toma.jpg\",\"datePublished\":\"2025-05-07T00:32:07+00:00\",\"breadcrumb\":{\"@id\":\"https:\\\/\\\/eltrabajo.cl\\\/web\\\/en-prision-preventiva-queda-colombiano-por-asesinato-de-un-boliviano-en-la-toma\\\/#breadcrumb\"},\"inLanguage\":\"es-CL\",\"potentialAction\":[{\"@type\":\"ReadAction\",\"target\":[\"https:\\\/\\\/eltrabajo.cl\\\/web\\\/en-prision-preventiva-queda-colombiano-por-asesinato-de-un-boliviano-en-la-toma\\\/\"]}]},{\"@type\":\"ImageObject\",\"inLanguage\":\"es-CL\",\"@id\":\"https:\\\/\\\/eltrabajo.cl\\\/web\\\/en-prision-preventiva-queda-colombiano-por-asesinato-de-un-boliviano-en-la-toma\\\/#primaryimage\",\"url\":\"https:\\\/\\\/eltrabajo.cl\\\/web\\\/wp-content\\\/uploads\\\/2025\\\/05\\\/homicidio-en-la-Toma.jpg\",\"contentUrl\":\"https:\\\/\\\/eltrabajo.cl\\\/web\\\/wp-content\\\/uploads\\\/2025\\\/05\\\/homicidio-en-la-Toma.jpg\",\"width\":699,\"height\":315,\"caption\":\"En prisi\u00f3n preventiva qued\u00f3 autor de un nuevo asesinato en la toma.\"},{\"@type\":\"BreadcrumbList\",\"@id\":\"https:\\\/\\\/eltrabajo.cl\\\/web\\\/en-prision-preventiva-queda-colombiano-por-asesinato-de-un-boliviano-en-la-toma\\\/#breadcrumb\",\"itemListElement\":[{\"@type\":\"ListItem\",\"position\":1,\"name\":\"Portada\",\"item\":\"https:\\\/\\\/eltrabajo.cl\\\/web\\\/\"},{\"@type\":\"ListItem\",\"position\":2,\"name\":\"En prisi\u00f3n preventiva queda colombiano por asesinato de un boliviano en la Toma\"}]},{\"@type\":\"WebSite\",\"@id\":\"https:\\\/\\\/eltrabajo.cl\\\/web\\\/#website\",\"url\":\"https:\\\/\\\/eltrabajo.cl\\\/web\\\/\",\"name\":\"Diario El Trabajo\",\"description\":\"Desde 1929 construyendo Identidad Local\",\"publisher\":{\"@id\":\"https:\\\/\\\/eltrabajo.cl\\\/web\\\/#organization\"},\"potentialAction\":[{\"@type\":\"SearchAction\",\"target\":{\"@type\":\"EntryPoint\",\"urlTemplate\":\"https:\\\/\\\/eltrabajo.cl\\\/web\\\/?s={search_term_string}\"},\"query-input\":{\"@type\":\"PropertyValueSpecification\",\"valueRequired\":true,\"valueName\":\"search_term_string\"}}],\"inLanguage\":\"es-CL\"},{\"@type\":\"Organization\",\"@id\":\"https:\\\/\\\/eltrabajo.cl\\\/web\\\/#organization\",\"name\":\"Diario El Trabajo\",\"url\":\"https:\\\/\\\/eltrabajo.cl\\\/web\\\/\",\"logo\":{\"@type\":\"ImageObject\",\"inLanguage\":\"es-CL\",\"@id\":\"https:\\\/\\\/eltrabajo.cl\\\/web\\\/#\\\/schema\\\/logo\\\/image\\\/\",\"url\":\"https:\\\/\\\/eltrabajo.cl\\\/web\\\/wp-content\\\/uploads\\\/2024\\\/06\\\/profile-image-ig-page-diarioeltrabajo.jpg\",\"contentUrl\":\"https:\\\/\\\/eltrabajo.cl\\\/web\\\/wp-content\\\/uploads\\\/2024\\\/06\\\/profile-image-ig-page-diarioeltrabajo.jpg\",\"width\":823,\"height\":823,\"caption\":\"Diario El Trabajo\"},\"image\":{\"@id\":\"https:\\\/\\\/eltrabajo.cl\\\/web\\\/#\\\/schema\\\/logo\\\/image\\\/\"},\"sameAs\":[\"https:\\\/\\\/www.facebook.com\\\/ElTrabajoDiario\",\"https:\\\/\\\/x.com\\\/diarioeltrabajo\"]},{\"@type\":\"Person\",\"@id\":\"https:\\\/\\\/eltrabajo.cl\\\/web\\\/#\\\/schema\\\/person\\\/45efd3d17f86ec456e44dd7debe1bf19\",\"name\":\"Diario El Trabajo\",\"image\":{\"@type\":\"ImageObject\",\"inLanguage\":\"es-CL\",\"@id\":\"https:\\\/\\\/secure.gravatar.com\\\/avatar\\\/7e6ec277dc4aea2677c2dc301d4227957219329c985ab69a3efc12518b5161aa?s=96&d=mm&r=g\",\"url\":\"https:\\\/\\\/secure.gravatar.com\\\/avatar\\\/7e6ec277dc4aea2677c2dc301d4227957219329c985ab69a3efc12518b5161aa?s=96&d=mm&r=g\",\"contentUrl\":\"https:\\\/\\\/secure.gravatar.com\\\/avatar\\\/7e6ec277dc4aea2677c2dc301d4227957219329c985ab69a3efc12518b5161aa?s=96&d=mm&r=g\",\"caption\":\"Diario El Trabajo\"},\"sameAs\":[\"https:\\\/\\\/eltrabajo.cl\\\/web\"],\"url\":\"https:\\\/\\\/eltrabajo.cl\\\/web\\\/author\\\/diario-el-trabajo\\\/\"}]}<\/script>\n<!-- \/ Yoast SEO plugin. -->","yoast_head_json":{"title":"En prisi\u00f3n preventiva queda colombiano por asesinato de un boliviano en la Toma - Diario El Trabajo","robots":{"index":"index","follow":"follow","max-snippet":"max-snippet:-1","max-image-preview":"max-image-preview:large","max-video-preview":"max-video-preview:-1"},"canonical":"https:\/\/eltrabajo.cl\/web\/en-prision-preventiva-queda-colombiano-por-asesinato-de-un-boliviano-en-la-toma\/","og_locale":"es_ES","og_type":"article","og_title":"En prisi\u00f3n preventiva queda colombiano por asesinato de un boliviano en la Toma - Diario El Trabajo","og_description":"Tribunal fij\u00f3 un plazo de 75 d\u00edas para la investigaci\u00f3n.\u2013 En la jornada de este martes, se llev\u00f3 a cabo el control de detenci\u00f3n del sujeto colombiano identificado como A.L.A. de 37 a\u00f1os, aprehendido como autor del asesinato de un boliviano en la Toma de San Felipe. La Brigada de Homicidios (BH) de la PDI [&hellip;]","og_url":"https:\/\/eltrabajo.cl\/web\/en-prision-preventiva-queda-colombiano-por-asesinato-de-un-boliviano-en-la-toma\/","og_site_name":"Diario El Trabajo","article_publisher":"https:\/\/www.facebook.com\/ElTrabajoDiario","article_published_time":"2025-05-07T00:32:07+00:00","og_image":[{"width":699,"height":315,"url":"https:\/\/eltrabajo.cl\/web\/wp-content\/uploads\/2025\/05\/homicidio-en-la-Toma.jpg","type":"image\/jpeg"}],"author":"Diario El Trabajo","twitter_card":"summary_large_image","twitter_creator":"@diarioeltrabajo","twitter_site":"@diarioeltrabajo","twitter_misc":{"Escrito por":"Diario El Trabajo","Tiempo estimado de lectura":"2 minutos"},"schema":{"@context":"https:\/\/schema.org","@graph":[{"@type":"Article","@id":"https:\/\/eltrabajo.cl\/web\/en-prision-preventiva-queda-colombiano-por-asesinato-de-un-boliviano-en-la-toma\/#article","isPartOf":{"@id":"https:\/\/eltrabajo.cl\/web\/en-prision-preventiva-queda-colombiano-por-asesinato-de-un-boliviano-en-la-toma\/"},"author":{"name":"Diario El Trabajo","@id":"https:\/\/eltrabajo.cl\/web\/#\/schema\/person\/45efd3d17f86ec456e44dd7debe1bf19"},"headline":"En prisi\u00f3n preventiva queda colombiano por asesinato de un boliviano en la Toma","datePublished":"2025-05-07T00:32:07+00:00","mainEntityOfPage":{"@id":"https:\/\/eltrabajo.cl\/web\/en-prision-preventiva-queda-colombiano-por-asesinato-de-un-boliviano-en-la-toma\/"},"wordCount":338,"commentCount":0,"publisher":{"@id":"https:\/\/eltrabajo.cl\/web\/#organization"},"image":{"@id":"https:\/\/eltrabajo.cl\/web\/en-prision-preventiva-queda-colombiano-por-asesinato-de-un-boliviano-en-la-toma\/#primaryimage"},"thumbnailUrl":"https:\/\/eltrabajo.cl\/web\/wp-content\/uploads\/2025\/05\/homicidio-en-la-Toma.jpg","articleSection":["Tribunales"],"inLanguage":"es-CL","potentialAction":[{"@type":"CommentAction","name":"Comment","target":["https:\/\/eltrabajo.cl\/web\/en-prision-preventiva-queda-colombiano-por-asesinato-de-un-boliviano-en-la-toma\/#respond"]}]},{"@type":"WebPage","@id":"https:\/\/eltrabajo.cl\/web\/en-prision-preventiva-queda-colombiano-por-asesinato-de-un-boliviano-en-la-toma\/","url":"https:\/\/eltrabajo.cl\/web\/en-prision-preventiva-queda-colombiano-por-asesinato-de-un-boliviano-en-la-toma\/","name":"En prisi\u00f3n preventiva queda colombiano por asesinato de un boliviano en la Toma - Diario El Trabajo","isPartOf":{"@id":"https:\/\/eltrabajo.cl\/web\/#website"},"primaryImageOfPage":{"@id":"https:\/\/eltrabajo.cl\/web\/en-prision-preventiva-queda-colombiano-por-asesinato-de-un-boliviano-en-la-toma\/#primaryimage"},"image":{"@id":"https:\/\/eltrabajo.cl\/web\/en-prision-preventiva-queda-colombiano-por-asesinato-de-un-boliviano-en-la-toma\/#primaryimage"},"thumbnailUrl":"https:\/\/eltrabajo.cl\/web\/wp-content\/uploads\/2025\/05\/homicidio-en-la-Toma.jpg","datePublished":"2025-05-07T00:32:07+00:00","breadcrumb":{"@id":"https:\/\/eltrabajo.cl\/web\/en-prision-preventiva-queda-colombiano-por-asesinato-de-un-boliviano-en-la-toma\/#breadcrumb"},"inLanguage":"es-CL","potentialAction":[{"@type":"ReadAction","target":["https:\/\/eltrabajo.cl\/web\/en-prision-preventiva-queda-colombiano-por-asesinato-de-un-boliviano-en-la-toma\/"]}]},{"@type":"ImageObject","inLanguage":"es-CL","@id":"https:\/\/eltrabajo.cl\/web\/en-prision-preventiva-queda-colombiano-por-asesinato-de-un-boliviano-en-la-toma\/#primaryimage","url":"https:\/\/eltrabajo.cl\/web\/wp-content\/uploads\/2025\/05\/homicidio-en-la-Toma.jpg","contentUrl":"https:\/\/eltrabajo.cl\/web\/wp-content\/uploads\/2025\/05\/homicidio-en-la-Toma.jpg","width":699,"height":315,"caption":"En prisi\u00f3n preventiva qued\u00f3 autor de un nuevo asesinato en la toma."},{"@type":"BreadcrumbList","@id":"https:\/\/eltrabajo.cl\/web\/en-prision-preventiva-queda-colombiano-por-asesinato-de-un-boliviano-en-la-toma\/#breadcrumb","itemListElement":[{"@type":"ListItem","position":1,"name":"Portada","item":"https:\/\/eltrabajo.cl\/web\/"},{"@type":"ListItem","position":2,"name":"En prisi\u00f3n preventiva queda colombiano por asesinato de un boliviano en la Toma"}]},{"@type":"WebSite","@id":"https:\/\/eltrabajo.cl\/web\/#website","url":"https:\/\/eltrabajo.cl\/web\/","name":"Diario El Trabajo","description":"Desde 1929 construyendo Identidad Local","publisher":{"@id":"https:\/\/eltrabajo.cl\/web\/#organization"},"potentialAction":[{"@type":"SearchAction","target":{"@type":"EntryPoint","urlTemplate":"https:\/\/eltrabajo.cl\/web\/?s={search_term_string}"},"query-input":{"@type":"PropertyValueSpecification","valueRequired":true,"valueName":"search_term_string"}}],"inLanguage":"es-CL"},{"@type":"Organization","@id":"https:\/\/eltrabajo.cl\/web\/#organization","name":"Diario El Trabajo","url":"https:\/\/eltrabajo.cl\/web\/","logo":{"@type":"ImageObject","inLanguage":"es-CL","@id":"https:\/\/eltrabajo.cl\/web\/#\/schema\/logo\/image\/","url":"https:\/\/eltrabajo.cl\/web\/wp-content\/uploads\/2024\/06\/profile-image-ig-page-diarioeltrabajo.jpg","contentUrl":"https:\/\/eltrabajo.cl\/web\/wp-content\/uploads\/2024\/06\/profile-image-ig-page-diarioeltrabajo.jpg","width":823,"height":823,"caption":"Diario El Trabajo"},"image":{"@id":"https:\/\/eltrabajo.cl\/web\/#\/schema\/logo\/image\/"},"sameAs":["https:\/\/www.facebook.com\/ElTrabajoDiario","https:\/\/x.com\/diarioeltrabajo"]},{"@type":"Person","@id":"https:\/\/eltrabajo.cl\/web\/#\/schema\/person\/45efd3d17f86ec456e44dd7debe1bf19","name":"Diario El Trabajo","image":{"@type":"ImageObject","inLanguage":"es-CL","@id":"https:\/\/secure.gravatar.com\/avatar\/7e6ec277dc4aea2677c2dc301d4227957219329c985ab69a3efc12518b5161aa?s=96&d=mm&r=g","url":"https:\/\/secure.gravatar.com\/avatar\/7e6ec277dc4aea2677c2dc301d4227957219329c985ab69a3efc12518b5161aa?s=96&d=mm&r=g","contentUrl":"https:\/\/secure.gravatar.com\/avatar\/7e6ec277dc4aea2677c2dc301d4227957219329c985ab69a3efc12518b5161aa?s=96&d=mm&r=g","caption":"Diario El Trabajo"},"sameAs":["https:\/\/eltrabajo.cl\/web"],"url":"https:\/\/eltrabajo.cl\/web\/author\/diario-el-trabajo\/"}]}},"_links":{"self":[{"href":"https:\/\/eltrabajo.cl\/web\/wp-json\/wp\/v2\/posts\/136810","targetHints":{"allow":["GET"]}}],"collection":[{"href":"https:\/\/eltrabajo.cl\/web\/wp-json\/wp\/v2\/posts"}],"about":[{"href":"https:\/\/eltrabajo.cl\/web\/wp-json\/wp\/v2\/types\/post"}],"author":[{"embeddable":true,"href":"https:\/\/eltrabajo.cl\/web\/wp-json\/wp\/v2\/users\/1"}],"replies":[{"embeddable":true,"href":"https:\/\/eltrabajo.cl\/web\/wp-json\/wp\/v2\/comments?post=136810"}],"version-history":[{"count":1,"href":"https:\/\/eltrabajo.cl\/web\/wp-json\/wp\/v2\/posts\/136810\/revisions"}],"predecessor-version":[{"id":136812,"href":"https:\/\/eltrabajo.cl\/web\/wp-json\/wp\/v2\/posts\/136810\/revisions\/136812"}],"wp:featuredmedia":[{"embeddable":true,"href":"https:\/\/eltrabajo.cl\/web\/wp-json\/wp\/v2\/media\/136811"}],"wp:attachment":[{"href":"https:\/\/eltrabajo.cl\/web\/wp-json\/wp\/v2\/media?parent=136810"}],"wp:term":[{"taxonomy":"category","embeddable":true,"href":"https:\/\/eltrabajo.cl\/web\/wp-json\/wp\/v2\/categories?post=136810"},{"taxonomy":"post_tag","embeddable":true,"href":"https:\/\/eltrabajo.cl\/web\/wp-json\/wp\/v2\/tags?post=136810"}],"curies":[{"name":"wp","href":"https:\/\/api.w.org\/{rel}","templated":true}]}}