{"id":137248,"date":"2025-05-07T22:17:20","date_gmt":"2025-05-08T01:17:20","guid":{"rendered":"https:\/\/eltrabajo.cl\/web\/?p=137248"},"modified":"2025-05-07T22:17:20","modified_gmt":"2025-05-08T01:17:20","slug":"comenzo-la-marcha-blanca-del-nuevo-cesfam-de-san-esteban","status":"publish","type":"post","link":"https:\/\/eltrabajo.cl\/web\/comenzo-la-marcha-blanca-del-nuevo-cesfam-de-san-esteban\/","title":{"rendered":"Comenz\u00f3 la marcha blanca del nuevo Cesfam de San Esteban"},"content":{"rendered":"<ul>\n<li><strong>Luego de cumplir las exigencias normativas de la autoridad sanitaria, el nuevo dispositivo abri\u00f3 oficialmente sus puertas a la comunidad, cumpliendo con el objetivo de iniciar su funcionamiento dentro del primer semestre de este a\u00f1o.<\/strong><\/li>\n<\/ul>\n<p>Con una visita encabezada por el delegado presidencial provincial, <strong>Cristian Aravena<\/strong>, el alcalde de la comuna, <strong>Cristian Ortega<\/strong> y la directora del Servicio de Salud Aconcagua (SSA), <strong>Susan Porras<\/strong>, el nuevo Centro de Salud Familiar de San Esteban comenz\u00f3 de manera oficial su marcha blanca, con lo que la totalidad de las atenciones se trasladaron desde el antiguo establecimiento hasta la nueva construcci\u00f3n.<\/p>\n<p>En la ocasi\u00f3n, se realiz\u00f3 un recorrido por las instalaciones, pudiendo dialogar con la comunidad y los funcionarios del centro asistencial sobre las dependencias en las que se desarrollar\u00e1n las actividades y atenciones, en condiciones ampliamente superiores a las que se ten\u00edan anteriormente.<\/p>\n<p>\u00ab<em>Estamos muy felices por haber cumplido nuestro compromiso con la comunidad de San Esteban. Concretar este proyecto cost\u00f3 mucho y hubo que sumar muchos esfuerzos de modo transversal para que hoy este centro de salud familiar sea una realidad. Es una inversi\u00f3n de casi 5.700 millones entre infraestructura, equipos y equipamiento, con la que terminamos la renovaci\u00f3n completa de los establecimientos de atenci\u00f3n primaria de toda la Provincia de Los Andes\u00bb<\/em>, manifest\u00f3 la directora del Servicio de Salud Aconcagua.<\/p>\n<p>Por su parte, el alcalde de la comuna, Cristian Ortega, agradeci\u00f3 el trabajo realizado por las diferentes entidades y que permiti\u00f3 concretar la construcci\u00f3n de este establecimiento. <em>\u00abQuiero reconocer la labor de todos los equipos que nos permitieron hoy darle un cambio significativo a la vida de nuestra comuna. Al Servicio de Salud, a la Seremi, a la Delegaci\u00f3n Provincial y muy especialmente a los equipos de la municipalidad y del Cesfam, quienes dieron todo su esfuerzo para cumplir el compromiso con la comunidad y atenderlos en este nuevo establecimiento\u00bb<\/em>, expres\u00f3 la primera autoridad comunal.<\/p>\n<p>Finalmente, el delegado presidencial provincial, Cristian Aravena, destac\u00f3 el cumplimiento del compromiso establecido con la comunidad. <em>\u00abTen\u00edamos como desaf\u00edo el poner en funcionamiento los Cesfam de San Esteban y Rinconada y se ha cumplido plenamente. Esperamos que la comunidad los cuide y que pronto podamos inaugurarlos formalmente. Como Gobierno tenemos un compromiso con el fortalecimiento de la atenci\u00f3n primaria y esto es un reflejo de ello\u00bb<\/em>, expres\u00f3.<\/p>\n<p>El recinto contempla 2.224 metros cuadrados en dos pisos para una poblaci\u00f3n aproximada de 17.000 habitantes. Considera recintos cl\u00ednicos (box de atenci\u00f3n), box dental, ginecol\u00f3gico, psic\u00f3logos, \u00e1reas transversales como box IRA, ERA, rehabilitaci\u00f3n, urgencia, entre otros. \u00c1reas administrativas, \u00e1reas de apoyo t\u00e9cnico (farmacia, bodegas, PNAC, esterilizaci\u00f3n) y \u00e1reas de servicios generales; adem\u00e1s de la adquisici\u00f3n de equipos y equipamientos.<\/p>\n<figure id=\"attachment_137249\" aria-describedby=\"caption-attachment-137249\" style=\"width: 698px\" class=\"wp-caption alignnone\"><img loading=\"lazy\" decoding=\"async\" class=\"size-full wp-image-137249\" src=\"http:\/\/eltrabajo.cl\/web\/wp-content\/uploads\/2025\/05\/cesfam-San-Esteban.jpg\" alt=\"Comenz\u00f3 la marcha blanca del nuevo Cesfam de San Esteban.\" width=\"698\" height=\"336\" srcset=\"https:\/\/eltrabajo.cl\/web\/wp-content\/uploads\/2025\/05\/cesfam-San-Esteban.jpg 698w, https:\/\/eltrabajo.cl\/web\/wp-content\/uploads\/2025\/05\/cesfam-San-Esteban-300x144.jpg 300w, https:\/\/eltrabajo.cl\/web\/wp-content\/uploads\/2025\/05\/cesfam-San-Esteban-150x72.jpg 150w, https:\/\/eltrabajo.cl\/web\/wp-content\/uploads\/2025\/05\/cesfam-San-Esteban-696x335.jpg 696w\" sizes=\"auto, (max-width: 698px) 100vw, 698px\" \/><figcaption id=\"caption-attachment-137249\" class=\"wp-caption-text\">Comenz\u00f3 la marcha blanca del nuevo Cesfam de San Esteban.<\/figcaption><\/figure>\n","protected":false},"excerpt":{"rendered":"<p>Luego de cumplir las exigencias normativas de la autoridad sanitaria, el nuevo dispositivo abri\u00f3 oficialmente sus puertas a la comunidad, cumpliendo con el objetivo de iniciar su funcionamiento dentro del primer semestre de este a\u00f1o. Con una visita encabezada por el delegado presidencial provincial, Cristian Aravena, el alcalde de la comuna, Cristian Ortega y la [&hellip;]<\/p>\n","protected":false},"author":1,"featured_media":137249,"comment_status":"open","ping_status":"closed","sticky":false,"template":"","format":"standard","meta":{"footnotes":""},"categories":[3],"tags":[],"class_list":{"0":"post-137248","1":"post","2":"type-post","3":"status-publish","4":"format-standard","5":"has-post-thumbnail","7":"category-cronica-2"},"yoast_head":"<!-- This site is optimized with the Yoast SEO plugin v27.4 - https:\/\/yoast.com\/product\/yoast-seo-wordpress\/ -->\n<title>Comenz\u00f3 la marcha blanca del nuevo Cesfam de San Esteban - Diario El Trabajo<\/title>\n<meta name=\"robots\" content=\"index, follow, max-snippet:-1, max-image-preview:large, max-video-preview:-1\" \/>\n<link rel=\"canonical\" href=\"https:\/\/eltrabajo.cl\/web\/comenzo-la-marcha-blanca-del-nuevo-cesfam-de-san-esteban\/\" \/>\n<meta property=\"og:locale\" content=\"es_ES\" \/>\n<meta property=\"og:type\" content=\"article\" \/>\n<meta property=\"og:title\" content=\"Comenz\u00f3 la marcha blanca del nuevo Cesfam de San Esteban - Diario El Trabajo\" \/>\n<meta property=\"og:description\" content=\"Luego de cumplir las exigencias normativas de la autoridad sanitaria, el nuevo dispositivo abri\u00f3 oficialmente sus puertas a la comunidad, cumpliendo con el objetivo de iniciar su funcionamiento dentro del primer semestre de este a\u00f1o. Con una visita encabezada por el delegado presidencial provincial, Cristian Aravena, el alcalde de la comuna, Cristian Ortega y la [&hellip;]\" \/>\n<meta property=\"og:url\" content=\"https:\/\/eltrabajo.cl\/web\/comenzo-la-marcha-blanca-del-nuevo-cesfam-de-san-esteban\/\" \/>\n<meta property=\"og:site_name\" content=\"Diario El Trabajo\" \/>\n<meta property=\"article:publisher\" content=\"https:\/\/www.facebook.com\/ElTrabajoDiario\" \/>\n<meta property=\"article:published_time\" content=\"2025-05-08T01:17:20+00:00\" \/>\n<meta property=\"og:image\" content=\"https:\/\/eltrabajo.cl\/web\/wp-content\/uploads\/2025\/05\/cesfam-San-Esteban.jpg\" \/>\n\t<meta property=\"og:image:width\" content=\"698\" \/>\n\t<meta property=\"og:image:height\" content=\"336\" \/>\n\t<meta property=\"og:image:type\" content=\"image\/jpeg\" \/>\n<meta name=\"author\" content=\"Diario El Trabajo\" \/>\n<meta name=\"twitter:card\" content=\"summary_large_image\" \/>\n<meta name=\"twitter:creator\" content=\"@diarioeltrabajo\" \/>\n<meta name=\"twitter:site\" content=\"@diarioeltrabajo\" \/>\n<meta name=\"twitter:label1\" content=\"Escrito por\" \/>\n\t<meta name=\"twitter:data1\" content=\"Diario El Trabajo\" \/>\n\t<meta name=\"twitter:label2\" content=\"Tiempo estimado de lectura\" \/>\n\t<meta name=\"twitter:data2\" content=\"3 minutos\" \/>\n<script type=\"application\/ld+json\" class=\"yoast-schema-graph\">{\"@context\":\"https:\\\/\\\/schema.org\",\"@graph\":[{\"@type\":\"Article\",\"@id\":\"https:\\\/\\\/eltrabajo.cl\\\/web\\\/comenzo-la-marcha-blanca-del-nuevo-cesfam-de-san-esteban\\\/#article\",\"isPartOf\":{\"@id\":\"https:\\\/\\\/eltrabajo.cl\\\/web\\\/comenzo-la-marcha-blanca-del-nuevo-cesfam-de-san-esteban\\\/\"},\"author\":{\"name\":\"Diario El Trabajo\",\"@id\":\"https:\\\/\\\/eltrabajo.cl\\\/web\\\/#\\\/schema\\\/person\\\/45efd3d17f86ec456e44dd7debe1bf19\"},\"headline\":\"Comenz\u00f3 la marcha blanca del nuevo Cesfam de San Esteban\",\"datePublished\":\"2025-05-08T01:17:20+00:00\",\"mainEntityOfPage\":{\"@id\":\"https:\\\/\\\/eltrabajo.cl\\\/web\\\/comenzo-la-marcha-blanca-del-nuevo-cesfam-de-san-esteban\\\/\"},\"wordCount\":488,\"commentCount\":0,\"publisher\":{\"@id\":\"https:\\\/\\\/eltrabajo.cl\\\/web\\\/#organization\"},\"image\":{\"@id\":\"https:\\\/\\\/eltrabajo.cl\\\/web\\\/comenzo-la-marcha-blanca-del-nuevo-cesfam-de-san-esteban\\\/#primaryimage\"},\"thumbnailUrl\":\"https:\\\/\\\/eltrabajo.cl\\\/web\\\/wp-content\\\/uploads\\\/2025\\\/05\\\/cesfam-San-Esteban.jpg\",\"articleSection\":[\"Cr\u00f3nica\"],\"inLanguage\":\"es-CL\",\"potentialAction\":[{\"@type\":\"CommentAction\",\"name\":\"Comment\",\"target\":[\"https:\\\/\\\/eltrabajo.cl\\\/web\\\/comenzo-la-marcha-blanca-del-nuevo-cesfam-de-san-esteban\\\/#respond\"]}]},{\"@type\":\"WebPage\",\"@id\":\"https:\\\/\\\/eltrabajo.cl\\\/web\\\/comenzo-la-marcha-blanca-del-nuevo-cesfam-de-san-esteban\\\/\",\"url\":\"https:\\\/\\\/eltrabajo.cl\\\/web\\\/comenzo-la-marcha-blanca-del-nuevo-cesfam-de-san-esteban\\\/\",\"name\":\"Comenz\u00f3 la marcha blanca del nuevo Cesfam de San Esteban - Diario El Trabajo\",\"isPartOf\":{\"@id\":\"https:\\\/\\\/eltrabajo.cl\\\/web\\\/#website\"},\"primaryImageOfPage\":{\"@id\":\"https:\\\/\\\/eltrabajo.cl\\\/web\\\/comenzo-la-marcha-blanca-del-nuevo-cesfam-de-san-esteban\\\/#primaryimage\"},\"image\":{\"@id\":\"https:\\\/\\\/eltrabajo.cl\\\/web\\\/comenzo-la-marcha-blanca-del-nuevo-cesfam-de-san-esteban\\\/#primaryimage\"},\"thumbnailUrl\":\"https:\\\/\\\/eltrabajo.cl\\\/web\\\/wp-content\\\/uploads\\\/2025\\\/05\\\/cesfam-San-Esteban.jpg\",\"datePublished\":\"2025-05-08T01:17:20+00:00\",\"breadcrumb\":{\"@id\":\"https:\\\/\\\/eltrabajo.cl\\\/web\\\/comenzo-la-marcha-blanca-del-nuevo-cesfam-de-san-esteban\\\/#breadcrumb\"},\"inLanguage\":\"es-CL\",\"potentialAction\":[{\"@type\":\"ReadAction\",\"target\":[\"https:\\\/\\\/eltrabajo.cl\\\/web\\\/comenzo-la-marcha-blanca-del-nuevo-cesfam-de-san-esteban\\\/\"]}]},{\"@type\":\"ImageObject\",\"inLanguage\":\"es-CL\",\"@id\":\"https:\\\/\\\/eltrabajo.cl\\\/web\\\/comenzo-la-marcha-blanca-del-nuevo-cesfam-de-san-esteban\\\/#primaryimage\",\"url\":\"https:\\\/\\\/eltrabajo.cl\\\/web\\\/wp-content\\\/uploads\\\/2025\\\/05\\\/cesfam-San-Esteban.jpg\",\"contentUrl\":\"https:\\\/\\\/eltrabajo.cl\\\/web\\\/wp-content\\\/uploads\\\/2025\\\/05\\\/cesfam-San-Esteban.jpg\",\"width\":698,\"height\":336,\"caption\":\"Comenz\u00f3 la marcha blanca del nuevo Cesfam de San Esteban.\"},{\"@type\":\"BreadcrumbList\",\"@id\":\"https:\\\/\\\/eltrabajo.cl\\\/web\\\/comenzo-la-marcha-blanca-del-nuevo-cesfam-de-san-esteban\\\/#breadcrumb\",\"itemListElement\":[{\"@type\":\"ListItem\",\"position\":1,\"name\":\"Portada\",\"item\":\"https:\\\/\\\/eltrabajo.cl\\\/web\\\/\"},{\"@type\":\"ListItem\",\"position\":2,\"name\":\"Comenz\u00f3 la marcha blanca del nuevo Cesfam de San Esteban\"}]},{\"@type\":\"WebSite\",\"@id\":\"https:\\\/\\\/eltrabajo.cl\\\/web\\\/#website\",\"url\":\"https:\\\/\\\/eltrabajo.cl\\\/web\\\/\",\"name\":\"Diario El Trabajo\",\"description\":\"Desde 1929 construyendo Identidad Local\",\"publisher\":{\"@id\":\"https:\\\/\\\/eltrabajo.cl\\\/web\\\/#organization\"},\"potentialAction\":[{\"@type\":\"SearchAction\",\"target\":{\"@type\":\"EntryPoint\",\"urlTemplate\":\"https:\\\/\\\/eltrabajo.cl\\\/web\\\/?s={search_term_string}\"},\"query-input\":{\"@type\":\"PropertyValueSpecification\",\"valueRequired\":true,\"valueName\":\"search_term_string\"}}],\"inLanguage\":\"es-CL\"},{\"@type\":\"Organization\",\"@id\":\"https:\\\/\\\/eltrabajo.cl\\\/web\\\/#organization\",\"name\":\"Diario El Trabajo\",\"url\":\"https:\\\/\\\/eltrabajo.cl\\\/web\\\/\",\"logo\":{\"@type\":\"ImageObject\",\"inLanguage\":\"es-CL\",\"@id\":\"https:\\\/\\\/eltrabajo.cl\\\/web\\\/#\\\/schema\\\/logo\\\/image\\\/\",\"url\":\"https:\\\/\\\/eltrabajo.cl\\\/web\\\/wp-content\\\/uploads\\\/2024\\\/06\\\/profile-image-ig-page-diarioeltrabajo.jpg\",\"contentUrl\":\"https:\\\/\\\/eltrabajo.cl\\\/web\\\/wp-content\\\/uploads\\\/2024\\\/06\\\/profile-image-ig-page-diarioeltrabajo.jpg\",\"width\":823,\"height\":823,\"caption\":\"Diario El Trabajo\"},\"image\":{\"@id\":\"https:\\\/\\\/eltrabajo.cl\\\/web\\\/#\\\/schema\\\/logo\\\/image\\\/\"},\"sameAs\":[\"https:\\\/\\\/www.facebook.com\\\/ElTrabajoDiario\",\"https:\\\/\\\/x.com\\\/diarioeltrabajo\"]},{\"@type\":\"Person\",\"@id\":\"https:\\\/\\\/eltrabajo.cl\\\/web\\\/#\\\/schema\\\/person\\\/45efd3d17f86ec456e44dd7debe1bf19\",\"name\":\"Diario El Trabajo\",\"image\":{\"@type\":\"ImageObject\",\"inLanguage\":\"es-CL\",\"@id\":\"https:\\\/\\\/secure.gravatar.com\\\/avatar\\\/7e6ec277dc4aea2677c2dc301d4227957219329c985ab69a3efc12518b5161aa?s=96&d=mm&r=g\",\"url\":\"https:\\\/\\\/secure.gravatar.com\\\/avatar\\\/7e6ec277dc4aea2677c2dc301d4227957219329c985ab69a3efc12518b5161aa?s=96&d=mm&r=g\",\"contentUrl\":\"https:\\\/\\\/secure.gravatar.com\\\/avatar\\\/7e6ec277dc4aea2677c2dc301d4227957219329c985ab69a3efc12518b5161aa?s=96&d=mm&r=g\",\"caption\":\"Diario El Trabajo\"},\"sameAs\":[\"https:\\\/\\\/eltrabajo.cl\\\/web\"],\"url\":\"https:\\\/\\\/eltrabajo.cl\\\/web\\\/author\\\/diario-el-trabajo\\\/\"}]}<\/script>\n<!-- \/ Yoast SEO plugin. -->","yoast_head_json":{"title":"Comenz\u00f3 la marcha blanca del nuevo Cesfam de San Esteban - Diario El Trabajo","robots":{"index":"index","follow":"follow","max-snippet":"max-snippet:-1","max-image-preview":"max-image-preview:large","max-video-preview":"max-video-preview:-1"},"canonical":"https:\/\/eltrabajo.cl\/web\/comenzo-la-marcha-blanca-del-nuevo-cesfam-de-san-esteban\/","og_locale":"es_ES","og_type":"article","og_title":"Comenz\u00f3 la marcha blanca del nuevo Cesfam de San Esteban - Diario El Trabajo","og_description":"Luego de cumplir las exigencias normativas de la autoridad sanitaria, el nuevo dispositivo abri\u00f3 oficialmente sus puertas a la comunidad, cumpliendo con el objetivo de iniciar su funcionamiento dentro del primer semestre de este a\u00f1o. Con una visita encabezada por el delegado presidencial provincial, Cristian Aravena, el alcalde de la comuna, Cristian Ortega y la [&hellip;]","og_url":"https:\/\/eltrabajo.cl\/web\/comenzo-la-marcha-blanca-del-nuevo-cesfam-de-san-esteban\/","og_site_name":"Diario El Trabajo","article_publisher":"https:\/\/www.facebook.com\/ElTrabajoDiario","article_published_time":"2025-05-08T01:17:20+00:00","og_image":[{"width":698,"height":336,"url":"https:\/\/eltrabajo.cl\/web\/wp-content\/uploads\/2025\/05\/cesfam-San-Esteban.jpg","type":"image\/jpeg"}],"author":"Diario El Trabajo","twitter_card":"summary_large_image","twitter_creator":"@diarioeltrabajo","twitter_site":"@diarioeltrabajo","twitter_misc":{"Escrito por":"Diario El Trabajo","Tiempo estimado de lectura":"3 minutos"},"schema":{"@context":"https:\/\/schema.org","@graph":[{"@type":"Article","@id":"https:\/\/eltrabajo.cl\/web\/comenzo-la-marcha-blanca-del-nuevo-cesfam-de-san-esteban\/#article","isPartOf":{"@id":"https:\/\/eltrabajo.cl\/web\/comenzo-la-marcha-blanca-del-nuevo-cesfam-de-san-esteban\/"},"author":{"name":"Diario El Trabajo","@id":"https:\/\/eltrabajo.cl\/web\/#\/schema\/person\/45efd3d17f86ec456e44dd7debe1bf19"},"headline":"Comenz\u00f3 la marcha blanca del nuevo Cesfam de San Esteban","datePublished":"2025-05-08T01:17:20+00:00","mainEntityOfPage":{"@id":"https:\/\/eltrabajo.cl\/web\/comenzo-la-marcha-blanca-del-nuevo-cesfam-de-san-esteban\/"},"wordCount":488,"commentCount":0,"publisher":{"@id":"https:\/\/eltrabajo.cl\/web\/#organization"},"image":{"@id":"https:\/\/eltrabajo.cl\/web\/comenzo-la-marcha-blanca-del-nuevo-cesfam-de-san-esteban\/#primaryimage"},"thumbnailUrl":"https:\/\/eltrabajo.cl\/web\/wp-content\/uploads\/2025\/05\/cesfam-San-Esteban.jpg","articleSection":["Cr\u00f3nica"],"inLanguage":"es-CL","potentialAction":[{"@type":"CommentAction","name":"Comment","target":["https:\/\/eltrabajo.cl\/web\/comenzo-la-marcha-blanca-del-nuevo-cesfam-de-san-esteban\/#respond"]}]},{"@type":"WebPage","@id":"https:\/\/eltrabajo.cl\/web\/comenzo-la-marcha-blanca-del-nuevo-cesfam-de-san-esteban\/","url":"https:\/\/eltrabajo.cl\/web\/comenzo-la-marcha-blanca-del-nuevo-cesfam-de-san-esteban\/","name":"Comenz\u00f3 la marcha blanca del nuevo Cesfam de San Esteban - Diario El Trabajo","isPartOf":{"@id":"https:\/\/eltrabajo.cl\/web\/#website"},"primaryImageOfPage":{"@id":"https:\/\/eltrabajo.cl\/web\/comenzo-la-marcha-blanca-del-nuevo-cesfam-de-san-esteban\/#primaryimage"},"image":{"@id":"https:\/\/eltrabajo.cl\/web\/comenzo-la-marcha-blanca-del-nuevo-cesfam-de-san-esteban\/#primaryimage"},"thumbnailUrl":"https:\/\/eltrabajo.cl\/web\/wp-content\/uploads\/2025\/05\/cesfam-San-Esteban.jpg","datePublished":"2025-05-08T01:17:20+00:00","breadcrumb":{"@id":"https:\/\/eltrabajo.cl\/web\/comenzo-la-marcha-blanca-del-nuevo-cesfam-de-san-esteban\/#breadcrumb"},"inLanguage":"es-CL","potentialAction":[{"@type":"ReadAction","target":["https:\/\/eltrabajo.cl\/web\/comenzo-la-marcha-blanca-del-nuevo-cesfam-de-san-esteban\/"]}]},{"@type":"ImageObject","inLanguage":"es-CL","@id":"https:\/\/eltrabajo.cl\/web\/comenzo-la-marcha-blanca-del-nuevo-cesfam-de-san-esteban\/#primaryimage","url":"https:\/\/eltrabajo.cl\/web\/wp-content\/uploads\/2025\/05\/cesfam-San-Esteban.jpg","contentUrl":"https:\/\/eltrabajo.cl\/web\/wp-content\/uploads\/2025\/05\/cesfam-San-Esteban.jpg","width":698,"height":336,"caption":"Comenz\u00f3 la marcha blanca del nuevo Cesfam de San Esteban."},{"@type":"BreadcrumbList","@id":"https:\/\/eltrabajo.cl\/web\/comenzo-la-marcha-blanca-del-nuevo-cesfam-de-san-esteban\/#breadcrumb","itemListElement":[{"@type":"ListItem","position":1,"name":"Portada","item":"https:\/\/eltrabajo.cl\/web\/"},{"@type":"ListItem","position":2,"name":"Comenz\u00f3 la marcha blanca del nuevo Cesfam de San Esteban"}]},{"@type":"WebSite","@id":"https:\/\/eltrabajo.cl\/web\/#website","url":"https:\/\/eltrabajo.cl\/web\/","name":"Diario El Trabajo","description":"Desde 1929 construyendo Identidad Local","publisher":{"@id":"https:\/\/eltrabajo.cl\/web\/#organization"},"potentialAction":[{"@type":"SearchAction","target":{"@type":"EntryPoint","urlTemplate":"https:\/\/eltrabajo.cl\/web\/?s={search_term_string}"},"query-input":{"@type":"PropertyValueSpecification","valueRequired":true,"valueName":"search_term_string"}}],"inLanguage":"es-CL"},{"@type":"Organization","@id":"https:\/\/eltrabajo.cl\/web\/#organization","name":"Diario El Trabajo","url":"https:\/\/eltrabajo.cl\/web\/","logo":{"@type":"ImageObject","inLanguage":"es-CL","@id":"https:\/\/eltrabajo.cl\/web\/#\/schema\/logo\/image\/","url":"https:\/\/eltrabajo.cl\/web\/wp-content\/uploads\/2024\/06\/profile-image-ig-page-diarioeltrabajo.jpg","contentUrl":"https:\/\/eltrabajo.cl\/web\/wp-content\/uploads\/2024\/06\/profile-image-ig-page-diarioeltrabajo.jpg","width":823,"height":823,"caption":"Diario El Trabajo"},"image":{"@id":"https:\/\/eltrabajo.cl\/web\/#\/schema\/logo\/image\/"},"sameAs":["https:\/\/www.facebook.com\/ElTrabajoDiario","https:\/\/x.com\/diarioeltrabajo"]},{"@type":"Person","@id":"https:\/\/eltrabajo.cl\/web\/#\/schema\/person\/45efd3d17f86ec456e44dd7debe1bf19","name":"Diario El Trabajo","image":{"@type":"ImageObject","inLanguage":"es-CL","@id":"https:\/\/secure.gravatar.com\/avatar\/7e6ec277dc4aea2677c2dc301d4227957219329c985ab69a3efc12518b5161aa?s=96&d=mm&r=g","url":"https:\/\/secure.gravatar.com\/avatar\/7e6ec277dc4aea2677c2dc301d4227957219329c985ab69a3efc12518b5161aa?s=96&d=mm&r=g","contentUrl":"https:\/\/secure.gravatar.com\/avatar\/7e6ec277dc4aea2677c2dc301d4227957219329c985ab69a3efc12518b5161aa?s=96&d=mm&r=g","caption":"Diario El Trabajo"},"sameAs":["https:\/\/eltrabajo.cl\/web"],"url":"https:\/\/eltrabajo.cl\/web\/author\/diario-el-trabajo\/"}]}},"_links":{"self":[{"href":"https:\/\/eltrabajo.cl\/web\/wp-json\/wp\/v2\/posts\/137248","targetHints":{"allow":["GET"]}}],"collection":[{"href":"https:\/\/eltrabajo.cl\/web\/wp-json\/wp\/v2\/posts"}],"about":[{"href":"https:\/\/eltrabajo.cl\/web\/wp-json\/wp\/v2\/types\/post"}],"author":[{"embeddable":true,"href":"https:\/\/eltrabajo.cl\/web\/wp-json\/wp\/v2\/users\/1"}],"replies":[{"embeddable":true,"href":"https:\/\/eltrabajo.cl\/web\/wp-json\/wp\/v2\/comments?post=137248"}],"version-history":[{"count":1,"href":"https:\/\/eltrabajo.cl\/web\/wp-json\/wp\/v2\/posts\/137248\/revisions"}],"predecessor-version":[{"id":137250,"href":"https:\/\/eltrabajo.cl\/web\/wp-json\/wp\/v2\/posts\/137248\/revisions\/137250"}],"wp:featuredmedia":[{"embeddable":true,"href":"https:\/\/eltrabajo.cl\/web\/wp-json\/wp\/v2\/media\/137249"}],"wp:attachment":[{"href":"https:\/\/eltrabajo.cl\/web\/wp-json\/wp\/v2\/media?parent=137248"}],"wp:term":[{"taxonomy":"category","embeddable":true,"href":"https:\/\/eltrabajo.cl\/web\/wp-json\/wp\/v2\/categories?post=137248"},{"taxonomy":"post_tag","embeddable":true,"href":"https:\/\/eltrabajo.cl\/web\/wp-json\/wp\/v2\/tags?post=137248"}],"curies":[{"name":"wp","href":"https:\/\/api.w.org\/{rel}","templated":true}]}}