{"id":137285,"date":"2025-05-08T21:52:28","date_gmt":"2025-05-09T00:52:28","guid":{"rendered":"https:\/\/eltrabajo.cl\/web\/?p=137285"},"modified":"2025-05-08T21:52:28","modified_gmt":"2025-05-09T00:52:28","slug":"sube-el-pasaje-de-taxis-colectivos-en-tarifa-unica-de-1-000","status":"publish","type":"post","link":"https:\/\/eltrabajo.cl\/web\/sube-el-pasaje-de-taxis-colectivos-en-tarifa-unica-de-1-000\/","title":{"rendered":"Sube el pasaje de taxis colectivos en tarifa \u00fanica de $1.000"},"content":{"rendered":"<p>Supimos de una posible alza en las tarifas de los taxis colectivos en nuestra comuna. Tras esto, preguntamos a la Federaci\u00f3n de Taxis Colectivos de San Felipe,\u00a0donde su presidente, <strong>Francisco Rivera<\/strong>, confirm\u00f3 una subida a $1.000 y explic\u00f3 la decisi\u00f3n.<\/p>\n<p>&#8211; <strong>Nos lleg\u00f3 informaci\u00f3n que hab\u00eda subido el pasaje a una tarifa redonda de $1.000 \u00bfQu\u00e9 hay de cierto presidente?<\/strong><\/p>\n<p>&#8211; S\u00ed, nos reunimos con todos los presidentes de las l\u00edneas de taxis colectivos que pertenecen a la federaci\u00f3n y optamos por subir 100 pesos la tarifa \u00fanica hasta las 8 de la noche. Algunos tienen hasta esa hora, otros desde las 9 es tarifa nocturna\u2026 otros desde las 8 (PM). Domingos y festivos queda igual a 1.000 pesos, lo que es para Almendral tambi\u00e9n se subieron 100 pesos y para todo lo que son los extremos, igual se subieron 100 pesos.<\/p>\n<p>&nbsp;<\/p>\n<p><strong>RESOLUCI\u00d3N DE LA SEREMI DE TRANSPORTE<\/strong><\/p>\n<p>\u00ab<em>Se sabe que nosotros mandamos al Seremi de Transporte a pedir la autorizaci\u00f3n o la resoluci\u00f3n que se llama. Los que la tienen lista, partieron el 1 de mayo con la tarifa nueva. Otros se demoran un poquito m\u00e1s, porque a veces cometen un peque\u00f1o error, el Seremi de Transporte no se la autoriza hasta que no manden los formularios que corresponde\u00bb<\/em>, detall\u00f3 Rivera.<\/p>\n<p>&#8211; <strong>\u00bfEsta determinaci\u00f3n se toma para redondear en los mil pesos, estaban en el periodo o est\u00e1n m\u00e1s caros los repuestos y combustibles?<\/strong><\/p>\n<p>&#8211; Est\u00e1bamos en el periodo, porque se aumenta una vez al a\u00f1o. Dependiendo c\u00f3mo est\u00e9n los combustibles, se suben y me recuerdo que hace un a\u00f1o hab\u00edamos quedado en 900 pesos y la tarifa nocturna era diferente. Ahora qued\u00f3 parejo, no subimos nocturno. Ahora, desconozco si alguna l\u00ednea que no est\u00e9 en la federaci\u00f3n tenga otra tarifa en la noche o domingos y festivos; usted sabe que no podemos monopolizar esto, porque es penado, eso se sabe. Cada uno somos aut\u00f3nomos, pero s\u00ed nos reunimos para ponernos de acuerdo que en equis fecha suben las tarifas, nada m\u00e1s que eso.<\/p>\n<p>La Federaci\u00f3n de Taxis Colectivos de San Felipe la conforman las l\u00edneas 1, 2, 3, 4, 7, 9 y 11, a parte de las l\u00edneas rurales que van a Los Andes, Putaendo, Llay Llay y Catemu.<\/p>\n<figure id=\"attachment_137286\" aria-describedby=\"caption-attachment-137286\" style=\"width: 699px\" class=\"wp-caption alignnone\"><img loading=\"lazy\" decoding=\"async\" class=\"size-full wp-image-137286\" src=\"http:\/\/eltrabajo.cl\/web\/wp-content\/uploads\/2025\/05\/colectivo.jpg\" alt=\"Un colectivo pasando por calle Santo Domingo.\" width=\"699\" height=\"386\" srcset=\"https:\/\/eltrabajo.cl\/web\/wp-content\/uploads\/2025\/05\/colectivo.jpg 699w, https:\/\/eltrabajo.cl\/web\/wp-content\/uploads\/2025\/05\/colectivo-300x166.jpg 300w, https:\/\/eltrabajo.cl\/web\/wp-content\/uploads\/2025\/05\/colectivo-150x83.jpg 150w, https:\/\/eltrabajo.cl\/web\/wp-content\/uploads\/2025\/05\/colectivo-696x384.jpg 696w\" sizes=\"auto, (max-width: 699px) 100vw, 699px\" \/><figcaption id=\"caption-attachment-137286\" class=\"wp-caption-text\">Un colectivo pasando por calle Santo Domingo.<\/figcaption><\/figure>\n","protected":false},"excerpt":{"rendered":"<p>Supimos de una posible alza en las tarifas de los taxis colectivos en nuestra comuna. Tras esto, preguntamos a la Federaci\u00f3n de Taxis Colectivos de San Felipe,\u00a0donde su presidente, Francisco Rivera, confirm\u00f3 una subida a $1.000 y explic\u00f3 la decisi\u00f3n. &#8211; Nos lleg\u00f3 informaci\u00f3n que hab\u00eda subido el pasaje a una tarifa redonda de $1.000 [&hellip;]<\/p>\n","protected":false},"author":1,"featured_media":137286,"comment_status":"open","ping_status":"closed","sticky":false,"template":"","format":"standard","meta":{"footnotes":""},"categories":[4],"tags":[],"class_list":{"0":"post-137285","1":"post","2":"type-post","3":"status-publish","4":"format-standard","5":"has-post-thumbnail","7":"category-comunidad"},"yoast_head":"<!-- This site is optimized with the Yoast SEO plugin v27.4 - https:\/\/yoast.com\/product\/yoast-seo-wordpress\/ -->\n<title>Sube el pasaje de taxis colectivos en tarifa \u00fanica de $1.000 - Diario El Trabajo<\/title>\n<meta name=\"robots\" content=\"index, follow, max-snippet:-1, max-image-preview:large, max-video-preview:-1\" \/>\n<link rel=\"canonical\" href=\"https:\/\/eltrabajo.cl\/web\/sube-el-pasaje-de-taxis-colectivos-en-tarifa-unica-de-1-000\/\" \/>\n<meta property=\"og:locale\" content=\"es_ES\" \/>\n<meta property=\"og:type\" content=\"article\" \/>\n<meta property=\"og:title\" content=\"Sube el pasaje de taxis colectivos en tarifa \u00fanica de $1.000 - Diario El Trabajo\" \/>\n<meta property=\"og:description\" content=\"Supimos de una posible alza en las tarifas de los taxis colectivos en nuestra comuna. Tras esto, preguntamos a la Federaci\u00f3n de Taxis Colectivos de San Felipe,\u00a0donde su presidente, Francisco Rivera, confirm\u00f3 una subida a $1.000 y explic\u00f3 la decisi\u00f3n. &#8211; Nos lleg\u00f3 informaci\u00f3n que hab\u00eda subido el pasaje a una tarifa redonda de $1.000 [&hellip;]\" \/>\n<meta property=\"og:url\" content=\"https:\/\/eltrabajo.cl\/web\/sube-el-pasaje-de-taxis-colectivos-en-tarifa-unica-de-1-000\/\" \/>\n<meta property=\"og:site_name\" content=\"Diario El Trabajo\" \/>\n<meta property=\"article:publisher\" content=\"https:\/\/www.facebook.com\/ElTrabajoDiario\" \/>\n<meta property=\"article:published_time\" content=\"2025-05-09T00:52:28+00:00\" \/>\n<meta property=\"og:image\" content=\"https:\/\/eltrabajo.cl\/web\/wp-content\/uploads\/2025\/05\/colectivo.jpg\" \/>\n\t<meta property=\"og:image:width\" content=\"699\" \/>\n\t<meta property=\"og:image:height\" content=\"386\" \/>\n\t<meta property=\"og:image:type\" content=\"image\/jpeg\" \/>\n<meta name=\"author\" content=\"Diario El Trabajo\" \/>\n<meta name=\"twitter:card\" content=\"summary_large_image\" \/>\n<meta name=\"twitter:creator\" content=\"@diarioeltrabajo\" \/>\n<meta name=\"twitter:site\" content=\"@diarioeltrabajo\" \/>\n<meta name=\"twitter:label1\" content=\"Escrito por\" \/>\n\t<meta name=\"twitter:data1\" content=\"Diario El Trabajo\" \/>\n\t<meta name=\"twitter:label2\" content=\"Tiempo estimado de lectura\" \/>\n\t<meta name=\"twitter:data2\" content=\"3 minutos\" \/>\n<script type=\"application\/ld+json\" class=\"yoast-schema-graph\">{\"@context\":\"https:\\\/\\\/schema.org\",\"@graph\":[{\"@type\":\"Article\",\"@id\":\"https:\\\/\\\/eltrabajo.cl\\\/web\\\/sube-el-pasaje-de-taxis-colectivos-en-tarifa-unica-de-1-000\\\/#article\",\"isPartOf\":{\"@id\":\"https:\\\/\\\/eltrabajo.cl\\\/web\\\/sube-el-pasaje-de-taxis-colectivos-en-tarifa-unica-de-1-000\\\/\"},\"author\":{\"name\":\"Diario El Trabajo\",\"@id\":\"https:\\\/\\\/eltrabajo.cl\\\/web\\\/#\\\/schema\\\/person\\\/45efd3d17f86ec456e44dd7debe1bf19\"},\"headline\":\"Sube el pasaje de taxis colectivos en tarifa \u00fanica de $1.000\",\"datePublished\":\"2025-05-09T00:52:28+00:00\",\"mainEntityOfPage\":{\"@id\":\"https:\\\/\\\/eltrabajo.cl\\\/web\\\/sube-el-pasaje-de-taxis-colectivos-en-tarifa-unica-de-1-000\\\/\"},\"wordCount\":407,\"commentCount\":0,\"publisher\":{\"@id\":\"https:\\\/\\\/eltrabajo.cl\\\/web\\\/#organization\"},\"image\":{\"@id\":\"https:\\\/\\\/eltrabajo.cl\\\/web\\\/sube-el-pasaje-de-taxis-colectivos-en-tarifa-unica-de-1-000\\\/#primaryimage\"},\"thumbnailUrl\":\"https:\\\/\\\/eltrabajo.cl\\\/web\\\/wp-content\\\/uploads\\\/2025\\\/05\\\/colectivo.jpg\",\"articleSection\":[\"Comunidad\"],\"inLanguage\":\"es-CL\",\"potentialAction\":[{\"@type\":\"CommentAction\",\"name\":\"Comment\",\"target\":[\"https:\\\/\\\/eltrabajo.cl\\\/web\\\/sube-el-pasaje-de-taxis-colectivos-en-tarifa-unica-de-1-000\\\/#respond\"]}]},{\"@type\":\"WebPage\",\"@id\":\"https:\\\/\\\/eltrabajo.cl\\\/web\\\/sube-el-pasaje-de-taxis-colectivos-en-tarifa-unica-de-1-000\\\/\",\"url\":\"https:\\\/\\\/eltrabajo.cl\\\/web\\\/sube-el-pasaje-de-taxis-colectivos-en-tarifa-unica-de-1-000\\\/\",\"name\":\"Sube el pasaje de taxis colectivos en tarifa \u00fanica de $1.000 - Diario El Trabajo\",\"isPartOf\":{\"@id\":\"https:\\\/\\\/eltrabajo.cl\\\/web\\\/#website\"},\"primaryImageOfPage\":{\"@id\":\"https:\\\/\\\/eltrabajo.cl\\\/web\\\/sube-el-pasaje-de-taxis-colectivos-en-tarifa-unica-de-1-000\\\/#primaryimage\"},\"image\":{\"@id\":\"https:\\\/\\\/eltrabajo.cl\\\/web\\\/sube-el-pasaje-de-taxis-colectivos-en-tarifa-unica-de-1-000\\\/#primaryimage\"},\"thumbnailUrl\":\"https:\\\/\\\/eltrabajo.cl\\\/web\\\/wp-content\\\/uploads\\\/2025\\\/05\\\/colectivo.jpg\",\"datePublished\":\"2025-05-09T00:52:28+00:00\",\"breadcrumb\":{\"@id\":\"https:\\\/\\\/eltrabajo.cl\\\/web\\\/sube-el-pasaje-de-taxis-colectivos-en-tarifa-unica-de-1-000\\\/#breadcrumb\"},\"inLanguage\":\"es-CL\",\"potentialAction\":[{\"@type\":\"ReadAction\",\"target\":[\"https:\\\/\\\/eltrabajo.cl\\\/web\\\/sube-el-pasaje-de-taxis-colectivos-en-tarifa-unica-de-1-000\\\/\"]}]},{\"@type\":\"ImageObject\",\"inLanguage\":\"es-CL\",\"@id\":\"https:\\\/\\\/eltrabajo.cl\\\/web\\\/sube-el-pasaje-de-taxis-colectivos-en-tarifa-unica-de-1-000\\\/#primaryimage\",\"url\":\"https:\\\/\\\/eltrabajo.cl\\\/web\\\/wp-content\\\/uploads\\\/2025\\\/05\\\/colectivo.jpg\",\"contentUrl\":\"https:\\\/\\\/eltrabajo.cl\\\/web\\\/wp-content\\\/uploads\\\/2025\\\/05\\\/colectivo.jpg\",\"width\":699,\"height\":386,\"caption\":\"Un colectivo pasando por calle Santo Domingo.\"},{\"@type\":\"BreadcrumbList\",\"@id\":\"https:\\\/\\\/eltrabajo.cl\\\/web\\\/sube-el-pasaje-de-taxis-colectivos-en-tarifa-unica-de-1-000\\\/#breadcrumb\",\"itemListElement\":[{\"@type\":\"ListItem\",\"position\":1,\"name\":\"Portada\",\"item\":\"https:\\\/\\\/eltrabajo.cl\\\/web\\\/\"},{\"@type\":\"ListItem\",\"position\":2,\"name\":\"Sube el pasaje de taxis colectivos en tarifa \u00fanica de $1.000\"}]},{\"@type\":\"WebSite\",\"@id\":\"https:\\\/\\\/eltrabajo.cl\\\/web\\\/#website\",\"url\":\"https:\\\/\\\/eltrabajo.cl\\\/web\\\/\",\"name\":\"Diario El Trabajo\",\"description\":\"Desde 1929 construyendo Identidad Local\",\"publisher\":{\"@id\":\"https:\\\/\\\/eltrabajo.cl\\\/web\\\/#organization\"},\"potentialAction\":[{\"@type\":\"SearchAction\",\"target\":{\"@type\":\"EntryPoint\",\"urlTemplate\":\"https:\\\/\\\/eltrabajo.cl\\\/web\\\/?s={search_term_string}\"},\"query-input\":{\"@type\":\"PropertyValueSpecification\",\"valueRequired\":true,\"valueName\":\"search_term_string\"}}],\"inLanguage\":\"es-CL\"},{\"@type\":\"Organization\",\"@id\":\"https:\\\/\\\/eltrabajo.cl\\\/web\\\/#organization\",\"name\":\"Diario El Trabajo\",\"url\":\"https:\\\/\\\/eltrabajo.cl\\\/web\\\/\",\"logo\":{\"@type\":\"ImageObject\",\"inLanguage\":\"es-CL\",\"@id\":\"https:\\\/\\\/eltrabajo.cl\\\/web\\\/#\\\/schema\\\/logo\\\/image\\\/\",\"url\":\"https:\\\/\\\/eltrabajo.cl\\\/web\\\/wp-content\\\/uploads\\\/2024\\\/06\\\/profile-image-ig-page-diarioeltrabajo.jpg\",\"contentUrl\":\"https:\\\/\\\/eltrabajo.cl\\\/web\\\/wp-content\\\/uploads\\\/2024\\\/06\\\/profile-image-ig-page-diarioeltrabajo.jpg\",\"width\":823,\"height\":823,\"caption\":\"Diario El Trabajo\"},\"image\":{\"@id\":\"https:\\\/\\\/eltrabajo.cl\\\/web\\\/#\\\/schema\\\/logo\\\/image\\\/\"},\"sameAs\":[\"https:\\\/\\\/www.facebook.com\\\/ElTrabajoDiario\",\"https:\\\/\\\/x.com\\\/diarioeltrabajo\"]},{\"@type\":\"Person\",\"@id\":\"https:\\\/\\\/eltrabajo.cl\\\/web\\\/#\\\/schema\\\/person\\\/45efd3d17f86ec456e44dd7debe1bf19\",\"name\":\"Diario El Trabajo\",\"image\":{\"@type\":\"ImageObject\",\"inLanguage\":\"es-CL\",\"@id\":\"https:\\\/\\\/secure.gravatar.com\\\/avatar\\\/7e6ec277dc4aea2677c2dc301d4227957219329c985ab69a3efc12518b5161aa?s=96&d=mm&r=g\",\"url\":\"https:\\\/\\\/secure.gravatar.com\\\/avatar\\\/7e6ec277dc4aea2677c2dc301d4227957219329c985ab69a3efc12518b5161aa?s=96&d=mm&r=g\",\"contentUrl\":\"https:\\\/\\\/secure.gravatar.com\\\/avatar\\\/7e6ec277dc4aea2677c2dc301d4227957219329c985ab69a3efc12518b5161aa?s=96&d=mm&r=g\",\"caption\":\"Diario El Trabajo\"},\"sameAs\":[\"https:\\\/\\\/eltrabajo.cl\\\/web\"],\"url\":\"https:\\\/\\\/eltrabajo.cl\\\/web\\\/author\\\/diario-el-trabajo\\\/\"}]}<\/script>\n<!-- \/ Yoast SEO plugin. -->","yoast_head_json":{"title":"Sube el pasaje de taxis colectivos en tarifa \u00fanica de $1.000 - Diario El Trabajo","robots":{"index":"index","follow":"follow","max-snippet":"max-snippet:-1","max-image-preview":"max-image-preview:large","max-video-preview":"max-video-preview:-1"},"canonical":"https:\/\/eltrabajo.cl\/web\/sube-el-pasaje-de-taxis-colectivos-en-tarifa-unica-de-1-000\/","og_locale":"es_ES","og_type":"article","og_title":"Sube el pasaje de taxis colectivos en tarifa \u00fanica de $1.000 - Diario El Trabajo","og_description":"Supimos de una posible alza en las tarifas de los taxis colectivos en nuestra comuna. Tras esto, preguntamos a la Federaci\u00f3n de Taxis Colectivos de San Felipe,\u00a0donde su presidente, Francisco Rivera, confirm\u00f3 una subida a $1.000 y explic\u00f3 la decisi\u00f3n. &#8211; Nos lleg\u00f3 informaci\u00f3n que hab\u00eda subido el pasaje a una tarifa redonda de $1.000 [&hellip;]","og_url":"https:\/\/eltrabajo.cl\/web\/sube-el-pasaje-de-taxis-colectivos-en-tarifa-unica-de-1-000\/","og_site_name":"Diario El Trabajo","article_publisher":"https:\/\/www.facebook.com\/ElTrabajoDiario","article_published_time":"2025-05-09T00:52:28+00:00","og_image":[{"width":699,"height":386,"url":"https:\/\/eltrabajo.cl\/web\/wp-content\/uploads\/2025\/05\/colectivo.jpg","type":"image\/jpeg"}],"author":"Diario El Trabajo","twitter_card":"summary_large_image","twitter_creator":"@diarioeltrabajo","twitter_site":"@diarioeltrabajo","twitter_misc":{"Escrito por":"Diario El Trabajo","Tiempo estimado de lectura":"3 minutos"},"schema":{"@context":"https:\/\/schema.org","@graph":[{"@type":"Article","@id":"https:\/\/eltrabajo.cl\/web\/sube-el-pasaje-de-taxis-colectivos-en-tarifa-unica-de-1-000\/#article","isPartOf":{"@id":"https:\/\/eltrabajo.cl\/web\/sube-el-pasaje-de-taxis-colectivos-en-tarifa-unica-de-1-000\/"},"author":{"name":"Diario El Trabajo","@id":"https:\/\/eltrabajo.cl\/web\/#\/schema\/person\/45efd3d17f86ec456e44dd7debe1bf19"},"headline":"Sube el pasaje de taxis colectivos en tarifa \u00fanica de $1.000","datePublished":"2025-05-09T00:52:28+00:00","mainEntityOfPage":{"@id":"https:\/\/eltrabajo.cl\/web\/sube-el-pasaje-de-taxis-colectivos-en-tarifa-unica-de-1-000\/"},"wordCount":407,"commentCount":0,"publisher":{"@id":"https:\/\/eltrabajo.cl\/web\/#organization"},"image":{"@id":"https:\/\/eltrabajo.cl\/web\/sube-el-pasaje-de-taxis-colectivos-en-tarifa-unica-de-1-000\/#primaryimage"},"thumbnailUrl":"https:\/\/eltrabajo.cl\/web\/wp-content\/uploads\/2025\/05\/colectivo.jpg","articleSection":["Comunidad"],"inLanguage":"es-CL","potentialAction":[{"@type":"CommentAction","name":"Comment","target":["https:\/\/eltrabajo.cl\/web\/sube-el-pasaje-de-taxis-colectivos-en-tarifa-unica-de-1-000\/#respond"]}]},{"@type":"WebPage","@id":"https:\/\/eltrabajo.cl\/web\/sube-el-pasaje-de-taxis-colectivos-en-tarifa-unica-de-1-000\/","url":"https:\/\/eltrabajo.cl\/web\/sube-el-pasaje-de-taxis-colectivos-en-tarifa-unica-de-1-000\/","name":"Sube el pasaje de taxis colectivos en tarifa \u00fanica de $1.000 - Diario El Trabajo","isPartOf":{"@id":"https:\/\/eltrabajo.cl\/web\/#website"},"primaryImageOfPage":{"@id":"https:\/\/eltrabajo.cl\/web\/sube-el-pasaje-de-taxis-colectivos-en-tarifa-unica-de-1-000\/#primaryimage"},"image":{"@id":"https:\/\/eltrabajo.cl\/web\/sube-el-pasaje-de-taxis-colectivos-en-tarifa-unica-de-1-000\/#primaryimage"},"thumbnailUrl":"https:\/\/eltrabajo.cl\/web\/wp-content\/uploads\/2025\/05\/colectivo.jpg","datePublished":"2025-05-09T00:52:28+00:00","breadcrumb":{"@id":"https:\/\/eltrabajo.cl\/web\/sube-el-pasaje-de-taxis-colectivos-en-tarifa-unica-de-1-000\/#breadcrumb"},"inLanguage":"es-CL","potentialAction":[{"@type":"ReadAction","target":["https:\/\/eltrabajo.cl\/web\/sube-el-pasaje-de-taxis-colectivos-en-tarifa-unica-de-1-000\/"]}]},{"@type":"ImageObject","inLanguage":"es-CL","@id":"https:\/\/eltrabajo.cl\/web\/sube-el-pasaje-de-taxis-colectivos-en-tarifa-unica-de-1-000\/#primaryimage","url":"https:\/\/eltrabajo.cl\/web\/wp-content\/uploads\/2025\/05\/colectivo.jpg","contentUrl":"https:\/\/eltrabajo.cl\/web\/wp-content\/uploads\/2025\/05\/colectivo.jpg","width":699,"height":386,"caption":"Un colectivo pasando por calle Santo Domingo."},{"@type":"BreadcrumbList","@id":"https:\/\/eltrabajo.cl\/web\/sube-el-pasaje-de-taxis-colectivos-en-tarifa-unica-de-1-000\/#breadcrumb","itemListElement":[{"@type":"ListItem","position":1,"name":"Portada","item":"https:\/\/eltrabajo.cl\/web\/"},{"@type":"ListItem","position":2,"name":"Sube el pasaje de taxis colectivos en tarifa \u00fanica de $1.000"}]},{"@type":"WebSite","@id":"https:\/\/eltrabajo.cl\/web\/#website","url":"https:\/\/eltrabajo.cl\/web\/","name":"Diario El Trabajo","description":"Desde 1929 construyendo Identidad Local","publisher":{"@id":"https:\/\/eltrabajo.cl\/web\/#organization"},"potentialAction":[{"@type":"SearchAction","target":{"@type":"EntryPoint","urlTemplate":"https:\/\/eltrabajo.cl\/web\/?s={search_term_string}"},"query-input":{"@type":"PropertyValueSpecification","valueRequired":true,"valueName":"search_term_string"}}],"inLanguage":"es-CL"},{"@type":"Organization","@id":"https:\/\/eltrabajo.cl\/web\/#organization","name":"Diario El Trabajo","url":"https:\/\/eltrabajo.cl\/web\/","logo":{"@type":"ImageObject","inLanguage":"es-CL","@id":"https:\/\/eltrabajo.cl\/web\/#\/schema\/logo\/image\/","url":"https:\/\/eltrabajo.cl\/web\/wp-content\/uploads\/2024\/06\/profile-image-ig-page-diarioeltrabajo.jpg","contentUrl":"https:\/\/eltrabajo.cl\/web\/wp-content\/uploads\/2024\/06\/profile-image-ig-page-diarioeltrabajo.jpg","width":823,"height":823,"caption":"Diario El Trabajo"},"image":{"@id":"https:\/\/eltrabajo.cl\/web\/#\/schema\/logo\/image\/"},"sameAs":["https:\/\/www.facebook.com\/ElTrabajoDiario","https:\/\/x.com\/diarioeltrabajo"]},{"@type":"Person","@id":"https:\/\/eltrabajo.cl\/web\/#\/schema\/person\/45efd3d17f86ec456e44dd7debe1bf19","name":"Diario El Trabajo","image":{"@type":"ImageObject","inLanguage":"es-CL","@id":"https:\/\/secure.gravatar.com\/avatar\/7e6ec277dc4aea2677c2dc301d4227957219329c985ab69a3efc12518b5161aa?s=96&d=mm&r=g","url":"https:\/\/secure.gravatar.com\/avatar\/7e6ec277dc4aea2677c2dc301d4227957219329c985ab69a3efc12518b5161aa?s=96&d=mm&r=g","contentUrl":"https:\/\/secure.gravatar.com\/avatar\/7e6ec277dc4aea2677c2dc301d4227957219329c985ab69a3efc12518b5161aa?s=96&d=mm&r=g","caption":"Diario El Trabajo"},"sameAs":["https:\/\/eltrabajo.cl\/web"],"url":"https:\/\/eltrabajo.cl\/web\/author\/diario-el-trabajo\/"}]}},"_links":{"self":[{"href":"https:\/\/eltrabajo.cl\/web\/wp-json\/wp\/v2\/posts\/137285","targetHints":{"allow":["GET"]}}],"collection":[{"href":"https:\/\/eltrabajo.cl\/web\/wp-json\/wp\/v2\/posts"}],"about":[{"href":"https:\/\/eltrabajo.cl\/web\/wp-json\/wp\/v2\/types\/post"}],"author":[{"embeddable":true,"href":"https:\/\/eltrabajo.cl\/web\/wp-json\/wp\/v2\/users\/1"}],"replies":[{"embeddable":true,"href":"https:\/\/eltrabajo.cl\/web\/wp-json\/wp\/v2\/comments?post=137285"}],"version-history":[{"count":1,"href":"https:\/\/eltrabajo.cl\/web\/wp-json\/wp\/v2\/posts\/137285\/revisions"}],"predecessor-version":[{"id":137287,"href":"https:\/\/eltrabajo.cl\/web\/wp-json\/wp\/v2\/posts\/137285\/revisions\/137287"}],"wp:featuredmedia":[{"embeddable":true,"href":"https:\/\/eltrabajo.cl\/web\/wp-json\/wp\/v2\/media\/137286"}],"wp:attachment":[{"href":"https:\/\/eltrabajo.cl\/web\/wp-json\/wp\/v2\/media?parent=137285"}],"wp:term":[{"taxonomy":"category","embeddable":true,"href":"https:\/\/eltrabajo.cl\/web\/wp-json\/wp\/v2\/categories?post=137285"},{"taxonomy":"post_tag","embeddable":true,"href":"https:\/\/eltrabajo.cl\/web\/wp-json\/wp\/v2\/tags?post=137285"}],"curies":[{"name":"wp","href":"https:\/\/api.w.org\/{rel}","templated":true}]}}