{"id":137288,"date":"2025-05-08T21:54:35","date_gmt":"2025-05-09T00:54:35","guid":{"rendered":"https:\/\/eltrabajo.cl\/web\/?p=137288"},"modified":"2025-05-08T21:54:35","modified_gmt":"2025-05-09T00:54:35","slug":"catolicos-alegres-por-rapido-nombramiento-del-nuevo-papa-y-llaman-a-orar-por-leon-xiv","status":"publish","type":"post","link":"https:\/\/eltrabajo.cl\/web\/catolicos-alegres-por-rapido-nombramiento-del-nuevo-papa-y-llaman-a-orar-por-leon-xiv\/","title":{"rendered":"Cat\u00f3licos alegres por r\u00e1pido nombramiento del nuevo Papa y llaman a orar por Le\u00f3n XIV"},"content":{"rendered":"<p>Este jueves, pasadas las 13:00 horas en Chile, el cardenal <strong>Dominique Mamberti<\/strong> confirm\u00f3 la noticia al mundo:\u00a0<em>\u00bbAnnuntio vobis gaudium magnum, habemus Papam\u00bb<\/em> (Os anuncio una gran alegr\u00eda, tenemos Papa). Dando a conocer el nombre del cardenal estadounidense,\u00a0<strong>Robert Prevost,<\/strong> como nuevo l\u00edder de la Iglesia Cat\u00f3lica bajo el nombre de <strong>Le\u00f3n XIV<\/strong>. Recordamos que, el nombramiento del pont\u00edfice se da luego del fallecimiento hace algunas semanas de <strong>Francisco I<\/strong>.<\/p>\n<p>En <strong>Diario El Trabajo<\/strong>, nos abocamos de inmediato a conocer las reacciones luego de esta noticia de repercusi\u00f3n internacional y en la calle encontramos a <strong>H\u00e9ctor Sa\u00e1 Z\u00fa\u00f1iga<\/strong>, tambi\u00e9n conocido como \u2018Titi\u2019, quien se\u00f1al\u00f3 lo siguiente:<\/p>\n<p>\u00ab<em>Para m\u00ed, lo encontr\u00e9 muy bueno, muy jovial, es muy alegre y le encontr\u00e9 un esp\u00edritu de santidad, y se nota que va a ayudar a la gente pobre y a toda la humanidad. Va ayudar mucho a la Iglesia Cat\u00f3lica, yo lo encontr\u00e9 bueno, me gust\u00f3 como es, tiene algo angelical, muy entregado a Dios\u00bb<\/em>, indic\u00f3.<\/p>\n<p>Adem\u00e1s, estableci\u00f3 que le pareci\u00f3 bien que saludara a la comunidad de Chiclayo, Per\u00fa. <em>\u00abEstuvo bien lo que hizo \u00e9l\u00bb<\/em>.<\/p>\n<p>Tiene fe en que el nuevo Papa va a dirigir de gran manera la Iglesia Cat\u00f3lica. <em>\u00abEn perfectas condiciones, se nota que es un Papa muy recto y correcto\u00bb<\/em>, se\u00f1al\u00f3.<\/p>\n<p>\u00ab<em>Qued\u00e9 conforme, tiene un parecido a Juan Pablo I. Cuando sali\u00f3 al balc\u00f3n, cuando dijeron \u2018Habemus Papam\u2019, me imagin\u00e9 un Juan Pablo I\u00bb<\/em>, culmin\u00f3.<\/p>\n<p>&nbsp;<\/p>\n<p><strong>OBISPO DE SAN FELIPE LLAMA A REZAR POR EL NUEVO PAPA LEON XIV<\/strong><\/p>\n<p>En tanto, el obispo de San Felipe, <strong>Gonzalo Bravo<\/strong>, precis\u00f3 que sent\u00eda, primero que todo, una gran alegr\u00eda, porque <em>\u00aben corto tiempo los cardenales supieron escuchar la voz del esp\u00edritu y decidieron por una persona que es muy sencilla, un misionero que vivi\u00f3 tantos a\u00f1os en Per\u00fa cerca de nosotros, destac\u00e1ndose por la misi\u00f3n encuentro, una persona de paz; de hecho, en su discurso inicial lo primero que hace nos desea la paz, entendiendo que es una necesidad del mundo muy acuciante y tambi\u00e9n es una persona que conoce el entorno romano, porque estuvo los \u00faltimos a\u00f1os trabajando en la congregaci\u00f3n dicasterio para los obispos.<\/em><\/p>\n<p>\u00ab<em>Es una persona que el mismo Papa Francisco llev\u00f3 hace pocos a\u00f1os, me parece que es una linda decisi\u00f3n para poder seguir adelante en lo que significa la Iglesia Cat\u00f3lica como servicio de alabanza a Dios y servicio a la sociedad\u00bb<\/em>, explic\u00f3.<\/p>\n<p>&#8211; <strong>\u00bfC\u00f3mo toma usted que hace un a\u00f1o y tanto haya sido nombrado cardenal y ya est\u00e9 siendo la m\u00e1xima autoridad eclesi\u00e1stica? <\/strong><\/p>\n<p>&#8211; S\u00ed, lo que pasa que los servicios en las iglesias\u2026 no hay carrera. Esto, es que cuando el Esp\u00edritu Santo est\u00e9 en lugar, se las ingenia para poder llevarlo ah\u00ed, en este caso para la Gloria de Dios, no hay mayor jerarqu\u00eda. No es que tenga m\u00e1s o menos a\u00f1os y eso se vio en esta elecci\u00f3n; se ven las condiciones, me imagino que los cardenales en alg\u00fan momento todos dijeron \u2018mira, \u00bfcu\u00e1l es el hombre que se requiere para la Iglesia, que viene para los desaf\u00edos que hay de la paz, evangelizaci\u00f3n, la misi\u00f3n de la desinstalaci\u00f3n de la simplicidad, la cercan\u00eda?\u2019 y fueron viendo entre ellos y \u2018mira, esta persona que est\u00e1 ac\u00e1\u2019. Da lo mismo que tenga muchos o pocos a\u00f1os de cardenal, en realidad no es una cosa que pesa. Esto no es una carrera militar donde los a\u00f1os constituyen grado; ac\u00e1 no, es m\u00e1s bien lo que el Esp\u00edritu Santo vaya suscitando.<\/p>\n<p>&#8211; <strong>Para cerrar y agradecer. \u00bfQu\u00e9 espera de \u00e9l? Ya se vio ese mensaje conciliador de di\u00e1logo que llam\u00f3 poderosamente y tambi\u00e9n saludar a Per\u00fa, Chiclayo espec\u00edficamente<\/strong><\/p>\n<p>&#8211; S\u00ed, eso es un poco lo que uno espera de un padre, un vicario de Cristo; la cercan\u00eda, la reflexi\u00f3n, la profundidad, la valent\u00eda. Existe un concepto que se llama parres\u00eda, que tiene que ver con la valent\u00eda; es decir, poder salirse del esquema y entrar en una conexi\u00f3n din\u00e1mica con Dios. Esas ternuras que se tienen, esas simplicidades, es lo que el mundo valora, porque es la simplicidad de Cristo en la cruz y en la eucarist\u00eda de cada d\u00eda. Esperar que mi oraci\u00f3n pueda servirle de algo y que se deje iluminar por el Esp\u00edritu Santo, que lo ha nombrado a \u00e9l con la conjunci\u00f3n de los cardenales; no tengo la menor duda que lo seguir\u00e1 acompa\u00f1ando. As\u00ed es que a rezar por nuestro nuevo Papa Le\u00f3n XIV.<\/p>\n<figure id=\"attachment_137291\" aria-describedby=\"caption-attachment-137291\" style=\"width: 698px\" class=\"wp-caption alignnone\"><img loading=\"lazy\" decoding=\"async\" class=\"size-full wp-image-137291\" src=\"http:\/\/eltrabajo.cl\/web\/wp-content\/uploads\/2025\/05\/Papa-Leon-XIV-2.jpg\" alt=\"El ahora l\u00edder de la Iglesia Cat\u00f3lica, hablando a feligreses; sin pensar en que quiz\u00e1s que alg\u00fan d\u00eda ser\u00eda la m\u00e1xima autoridad eclesi\u00e1stica, como sucedi\u00f3 este jueves.\" width=\"698\" height=\"569\" srcset=\"https:\/\/eltrabajo.cl\/web\/wp-content\/uploads\/2025\/05\/Papa-Leon-XIV-2.jpg 698w, https:\/\/eltrabajo.cl\/web\/wp-content\/uploads\/2025\/05\/Papa-Leon-XIV-2-300x245.jpg 300w, https:\/\/eltrabajo.cl\/web\/wp-content\/uploads\/2025\/05\/Papa-Leon-XIV-2-515x420.jpg 515w, https:\/\/eltrabajo.cl\/web\/wp-content\/uploads\/2025\/05\/Papa-Leon-XIV-2-150x122.jpg 150w, https:\/\/eltrabajo.cl\/web\/wp-content\/uploads\/2025\/05\/Papa-Leon-XIV-2-696x567.jpg 696w\" sizes=\"auto, (max-width: 698px) 100vw, 698px\" \/><figcaption id=\"caption-attachment-137291\" class=\"wp-caption-text\">El ahora l\u00edder de la Iglesia Cat\u00f3lica hablando a feligreses, sin pensar en que quiz\u00e1s que alg\u00fan d\u00eda ser\u00eda la m\u00e1xima autoridad eclesi\u00e1stica, tal como sucedi\u00f3 este jueves.<\/figcaption><\/figure>\n<figure id=\"attachment_137289\" aria-describedby=\"caption-attachment-137289\" style=\"width: 700px\" class=\"wp-caption alignnone\"><img loading=\"lazy\" decoding=\"async\" class=\"size-full wp-image-137289\" src=\"http:\/\/eltrabajo.cl\/web\/wp-content\/uploads\/2025\/05\/Papa-Leon-XIV-3.jpg\" alt=\"Imagen de este jueves, ya investido como el Papa Le\u00f3n XIV.\" width=\"700\" height=\"589\" srcset=\"https:\/\/eltrabajo.cl\/web\/wp-content\/uploads\/2025\/05\/Papa-Leon-XIV-3.jpg 700w, https:\/\/eltrabajo.cl\/web\/wp-content\/uploads\/2025\/05\/Papa-Leon-XIV-3-300x252.jpg 300w, https:\/\/eltrabajo.cl\/web\/wp-content\/uploads\/2025\/05\/Papa-Leon-XIV-3-499x420.jpg 499w, https:\/\/eltrabajo.cl\/web\/wp-content\/uploads\/2025\/05\/Papa-Leon-XIV-3-150x126.jpg 150w, https:\/\/eltrabajo.cl\/web\/wp-content\/uploads\/2025\/05\/Papa-Leon-XIV-3-696x586.jpg 696w\" sizes=\"auto, (max-width: 700px) 100vw, 700px\" \/><figcaption id=\"caption-attachment-137289\" class=\"wp-caption-text\">Imagen de este jueves, ya investido como el Papa Le\u00f3n XIV.<\/figcaption><\/figure>\n<figure id=\"attachment_137290\" aria-describedby=\"caption-attachment-137290\" style=\"width: 699px\" class=\"wp-caption alignnone\"><img loading=\"lazy\" decoding=\"async\" class=\"size-full wp-image-137290\" src=\"http:\/\/eltrabajo.cl\/web\/wp-content\/uploads\/2025\/05\/Papa-Leon-XIV-1.jpg\" alt=\"El nuevo Papa en Per\u00fa, donde estuvo 40 a\u00f1os al servicio social, consiguiendo incluso la nacionalidad de ese pa\u00eds.\" width=\"699\" height=\"627\" srcset=\"https:\/\/eltrabajo.cl\/web\/wp-content\/uploads\/2025\/05\/Papa-Leon-XIV-1.jpg 699w, https:\/\/eltrabajo.cl\/web\/wp-content\/uploads\/2025\/05\/Papa-Leon-XIV-1-300x269.jpg 300w, https:\/\/eltrabajo.cl\/web\/wp-content\/uploads\/2025\/05\/Papa-Leon-XIV-1-468x420.jpg 468w, https:\/\/eltrabajo.cl\/web\/wp-content\/uploads\/2025\/05\/Papa-Leon-XIV-1-150x135.jpg 150w, https:\/\/eltrabajo.cl\/web\/wp-content\/uploads\/2025\/05\/Papa-Leon-XIV-1-696x624.jpg 696w\" sizes=\"auto, (max-width: 699px) 100vw, 699px\" \/><figcaption id=\"caption-attachment-137290\" class=\"wp-caption-text\">El nuevo Papa en Per\u00fa, donde estuvo 40 a\u00f1os al servicio social, consiguiendo incluso la nacionalidad de ese pa\u00eds.<\/figcaption><\/figure>\n","protected":false},"excerpt":{"rendered":"<p>Este jueves, pasadas las 13:00 horas en Chile, el cardenal Dominique Mamberti confirm\u00f3 la noticia al mundo:\u00a0\u00bbAnnuntio vobis gaudium magnum, habemus Papam\u00bb (Os anuncio una gran alegr\u00eda, tenemos Papa). Dando a conocer el nombre del cardenal estadounidense,\u00a0Robert Prevost, como nuevo l\u00edder de la Iglesia Cat\u00f3lica bajo el nombre de Le\u00f3n XIV. Recordamos que, el nombramiento [&hellip;]<\/p>\n","protected":false},"author":1,"featured_media":137289,"comment_status":"open","ping_status":"closed","sticky":false,"template":"","format":"standard","meta":{"footnotes":""},"categories":[4],"tags":[],"class_list":{"0":"post-137288","1":"post","2":"type-post","3":"status-publish","4":"format-standard","5":"has-post-thumbnail","7":"category-comunidad"},"yoast_head":"<!-- This site is optimized with the Yoast SEO plugin v27.4 - https:\/\/yoast.com\/product\/yoast-seo-wordpress\/ -->\n<title>Cat\u00f3licos alegres por r\u00e1pido nombramiento del nuevo Papa y llaman a orar por Le\u00f3n XIV - Diario El Trabajo<\/title>\n<meta name=\"robots\" content=\"index, follow, max-snippet:-1, max-image-preview:large, max-video-preview:-1\" \/>\n<link rel=\"canonical\" href=\"https:\/\/eltrabajo.cl\/web\/catolicos-alegres-por-rapido-nombramiento-del-nuevo-papa-y-llaman-a-orar-por-leon-xiv\/\" \/>\n<meta property=\"og:locale\" content=\"es_ES\" \/>\n<meta property=\"og:type\" content=\"article\" \/>\n<meta property=\"og:title\" content=\"Cat\u00f3licos alegres por r\u00e1pido nombramiento del nuevo Papa y llaman a orar por Le\u00f3n XIV - Diario El Trabajo\" \/>\n<meta property=\"og:description\" content=\"Este jueves, pasadas las 13:00 horas en Chile, el cardenal Dominique Mamberti confirm\u00f3 la noticia al mundo:\u00a0\u00bbAnnuntio vobis gaudium magnum, habemus Papam\u00bb (Os anuncio una gran alegr\u00eda, tenemos Papa). Dando a conocer el nombre del cardenal estadounidense,\u00a0Robert Prevost, como nuevo l\u00edder de la Iglesia Cat\u00f3lica bajo el nombre de Le\u00f3n XIV. Recordamos que, el nombramiento [&hellip;]\" \/>\n<meta property=\"og:url\" content=\"https:\/\/eltrabajo.cl\/web\/catolicos-alegres-por-rapido-nombramiento-del-nuevo-papa-y-llaman-a-orar-por-leon-xiv\/\" \/>\n<meta property=\"og:site_name\" content=\"Diario El Trabajo\" \/>\n<meta property=\"article:publisher\" content=\"https:\/\/www.facebook.com\/ElTrabajoDiario\" \/>\n<meta property=\"article:published_time\" content=\"2025-05-09T00:54:35+00:00\" \/>\n<meta property=\"og:image\" content=\"https:\/\/eltrabajo.cl\/web\/wp-content\/uploads\/2025\/05\/Papa-Leon-XIV-3.jpg\" \/>\n\t<meta property=\"og:image:width\" content=\"700\" \/>\n\t<meta property=\"og:image:height\" content=\"589\" \/>\n\t<meta property=\"og:image:type\" content=\"image\/jpeg\" \/>\n<meta name=\"author\" content=\"Diario El Trabajo\" \/>\n<meta name=\"twitter:card\" content=\"summary_large_image\" \/>\n<meta name=\"twitter:creator\" content=\"@diarioeltrabajo\" \/>\n<meta name=\"twitter:site\" content=\"@diarioeltrabajo\" \/>\n<meta name=\"twitter:label1\" content=\"Escrito por\" \/>\n\t<meta name=\"twitter:data1\" content=\"Diario El Trabajo\" \/>\n\t<meta name=\"twitter:label2\" content=\"Tiempo estimado de lectura\" \/>\n\t<meta name=\"twitter:data2\" content=\"5 minutos\" \/>\n<script type=\"application\/ld+json\" class=\"yoast-schema-graph\">{\"@context\":\"https:\\\/\\\/schema.org\",\"@graph\":[{\"@type\":\"Article\",\"@id\":\"https:\\\/\\\/eltrabajo.cl\\\/web\\\/catolicos-alegres-por-rapido-nombramiento-del-nuevo-papa-y-llaman-a-orar-por-leon-xiv\\\/#article\",\"isPartOf\":{\"@id\":\"https:\\\/\\\/eltrabajo.cl\\\/web\\\/catolicos-alegres-por-rapido-nombramiento-del-nuevo-papa-y-llaman-a-orar-por-leon-xiv\\\/\"},\"author\":{\"name\":\"Diario El Trabajo\",\"@id\":\"https:\\\/\\\/eltrabajo.cl\\\/web\\\/#\\\/schema\\\/person\\\/45efd3d17f86ec456e44dd7debe1bf19\"},\"headline\":\"Cat\u00f3licos alegres por r\u00e1pido nombramiento del nuevo Papa y llaman a orar por Le\u00f3n XIV\",\"datePublished\":\"2025-05-09T00:54:35+00:00\",\"mainEntityOfPage\":{\"@id\":\"https:\\\/\\\/eltrabajo.cl\\\/web\\\/catolicos-alegres-por-rapido-nombramiento-del-nuevo-papa-y-llaman-a-orar-por-leon-xiv\\\/\"},\"wordCount\":907,\"commentCount\":0,\"publisher\":{\"@id\":\"https:\\\/\\\/eltrabajo.cl\\\/web\\\/#organization\"},\"image\":{\"@id\":\"https:\\\/\\\/eltrabajo.cl\\\/web\\\/catolicos-alegres-por-rapido-nombramiento-del-nuevo-papa-y-llaman-a-orar-por-leon-xiv\\\/#primaryimage\"},\"thumbnailUrl\":\"https:\\\/\\\/eltrabajo.cl\\\/web\\\/wp-content\\\/uploads\\\/2025\\\/05\\\/Papa-Leon-XIV-3.jpg\",\"articleSection\":[\"Comunidad\"],\"inLanguage\":\"es-CL\",\"potentialAction\":[{\"@type\":\"CommentAction\",\"name\":\"Comment\",\"target\":[\"https:\\\/\\\/eltrabajo.cl\\\/web\\\/catolicos-alegres-por-rapido-nombramiento-del-nuevo-papa-y-llaman-a-orar-por-leon-xiv\\\/#respond\"]}]},{\"@type\":\"WebPage\",\"@id\":\"https:\\\/\\\/eltrabajo.cl\\\/web\\\/catolicos-alegres-por-rapido-nombramiento-del-nuevo-papa-y-llaman-a-orar-por-leon-xiv\\\/\",\"url\":\"https:\\\/\\\/eltrabajo.cl\\\/web\\\/catolicos-alegres-por-rapido-nombramiento-del-nuevo-papa-y-llaman-a-orar-por-leon-xiv\\\/\",\"name\":\"Cat\u00f3licos alegres por r\u00e1pido nombramiento del nuevo Papa y llaman a orar por Le\u00f3n XIV - Diario El Trabajo\",\"isPartOf\":{\"@id\":\"https:\\\/\\\/eltrabajo.cl\\\/web\\\/#website\"},\"primaryImageOfPage\":{\"@id\":\"https:\\\/\\\/eltrabajo.cl\\\/web\\\/catolicos-alegres-por-rapido-nombramiento-del-nuevo-papa-y-llaman-a-orar-por-leon-xiv\\\/#primaryimage\"},\"image\":{\"@id\":\"https:\\\/\\\/eltrabajo.cl\\\/web\\\/catolicos-alegres-por-rapido-nombramiento-del-nuevo-papa-y-llaman-a-orar-por-leon-xiv\\\/#primaryimage\"},\"thumbnailUrl\":\"https:\\\/\\\/eltrabajo.cl\\\/web\\\/wp-content\\\/uploads\\\/2025\\\/05\\\/Papa-Leon-XIV-3.jpg\",\"datePublished\":\"2025-05-09T00:54:35+00:00\",\"breadcrumb\":{\"@id\":\"https:\\\/\\\/eltrabajo.cl\\\/web\\\/catolicos-alegres-por-rapido-nombramiento-del-nuevo-papa-y-llaman-a-orar-por-leon-xiv\\\/#breadcrumb\"},\"inLanguage\":\"es-CL\",\"potentialAction\":[{\"@type\":\"ReadAction\",\"target\":[\"https:\\\/\\\/eltrabajo.cl\\\/web\\\/catolicos-alegres-por-rapido-nombramiento-del-nuevo-papa-y-llaman-a-orar-por-leon-xiv\\\/\"]}]},{\"@type\":\"ImageObject\",\"inLanguage\":\"es-CL\",\"@id\":\"https:\\\/\\\/eltrabajo.cl\\\/web\\\/catolicos-alegres-por-rapido-nombramiento-del-nuevo-papa-y-llaman-a-orar-por-leon-xiv\\\/#primaryimage\",\"url\":\"https:\\\/\\\/eltrabajo.cl\\\/web\\\/wp-content\\\/uploads\\\/2025\\\/05\\\/Papa-Leon-XIV-3.jpg\",\"contentUrl\":\"https:\\\/\\\/eltrabajo.cl\\\/web\\\/wp-content\\\/uploads\\\/2025\\\/05\\\/Papa-Leon-XIV-3.jpg\",\"width\":700,\"height\":589,\"caption\":\"Imagen de este jueves, ya investido como el Papa Le\u00f3n XIV.\"},{\"@type\":\"BreadcrumbList\",\"@id\":\"https:\\\/\\\/eltrabajo.cl\\\/web\\\/catolicos-alegres-por-rapido-nombramiento-del-nuevo-papa-y-llaman-a-orar-por-leon-xiv\\\/#breadcrumb\",\"itemListElement\":[{\"@type\":\"ListItem\",\"position\":1,\"name\":\"Portada\",\"item\":\"https:\\\/\\\/eltrabajo.cl\\\/web\\\/\"},{\"@type\":\"ListItem\",\"position\":2,\"name\":\"Cat\u00f3licos alegres por r\u00e1pido nombramiento del nuevo Papa y llaman a orar por Le\u00f3n XIV\"}]},{\"@type\":\"WebSite\",\"@id\":\"https:\\\/\\\/eltrabajo.cl\\\/web\\\/#website\",\"url\":\"https:\\\/\\\/eltrabajo.cl\\\/web\\\/\",\"name\":\"Diario El Trabajo\",\"description\":\"Desde 1929 construyendo Identidad Local\",\"publisher\":{\"@id\":\"https:\\\/\\\/eltrabajo.cl\\\/web\\\/#organization\"},\"potentialAction\":[{\"@type\":\"SearchAction\",\"target\":{\"@type\":\"EntryPoint\",\"urlTemplate\":\"https:\\\/\\\/eltrabajo.cl\\\/web\\\/?s={search_term_string}\"},\"query-input\":{\"@type\":\"PropertyValueSpecification\",\"valueRequired\":true,\"valueName\":\"search_term_string\"}}],\"inLanguage\":\"es-CL\"},{\"@type\":\"Organization\",\"@id\":\"https:\\\/\\\/eltrabajo.cl\\\/web\\\/#organization\",\"name\":\"Diario El Trabajo\",\"url\":\"https:\\\/\\\/eltrabajo.cl\\\/web\\\/\",\"logo\":{\"@type\":\"ImageObject\",\"inLanguage\":\"es-CL\",\"@id\":\"https:\\\/\\\/eltrabajo.cl\\\/web\\\/#\\\/schema\\\/logo\\\/image\\\/\",\"url\":\"https:\\\/\\\/eltrabajo.cl\\\/web\\\/wp-content\\\/uploads\\\/2024\\\/06\\\/profile-image-ig-page-diarioeltrabajo.jpg\",\"contentUrl\":\"https:\\\/\\\/eltrabajo.cl\\\/web\\\/wp-content\\\/uploads\\\/2024\\\/06\\\/profile-image-ig-page-diarioeltrabajo.jpg\",\"width\":823,\"height\":823,\"caption\":\"Diario El Trabajo\"},\"image\":{\"@id\":\"https:\\\/\\\/eltrabajo.cl\\\/web\\\/#\\\/schema\\\/logo\\\/image\\\/\"},\"sameAs\":[\"https:\\\/\\\/www.facebook.com\\\/ElTrabajoDiario\",\"https:\\\/\\\/x.com\\\/diarioeltrabajo\"]},{\"@type\":\"Person\",\"@id\":\"https:\\\/\\\/eltrabajo.cl\\\/web\\\/#\\\/schema\\\/person\\\/45efd3d17f86ec456e44dd7debe1bf19\",\"name\":\"Diario El Trabajo\",\"image\":{\"@type\":\"ImageObject\",\"inLanguage\":\"es-CL\",\"@id\":\"https:\\\/\\\/secure.gravatar.com\\\/avatar\\\/7e6ec277dc4aea2677c2dc301d4227957219329c985ab69a3efc12518b5161aa?s=96&d=mm&r=g\",\"url\":\"https:\\\/\\\/secure.gravatar.com\\\/avatar\\\/7e6ec277dc4aea2677c2dc301d4227957219329c985ab69a3efc12518b5161aa?s=96&d=mm&r=g\",\"contentUrl\":\"https:\\\/\\\/secure.gravatar.com\\\/avatar\\\/7e6ec277dc4aea2677c2dc301d4227957219329c985ab69a3efc12518b5161aa?s=96&d=mm&r=g\",\"caption\":\"Diario El Trabajo\"},\"sameAs\":[\"https:\\\/\\\/eltrabajo.cl\\\/web\"],\"url\":\"https:\\\/\\\/eltrabajo.cl\\\/web\\\/author\\\/diario-el-trabajo\\\/\"}]}<\/script>\n<!-- \/ Yoast SEO plugin. -->","yoast_head_json":{"title":"Cat\u00f3licos alegres por r\u00e1pido nombramiento del nuevo Papa y llaman a orar por Le\u00f3n XIV - Diario El Trabajo","robots":{"index":"index","follow":"follow","max-snippet":"max-snippet:-1","max-image-preview":"max-image-preview:large","max-video-preview":"max-video-preview:-1"},"canonical":"https:\/\/eltrabajo.cl\/web\/catolicos-alegres-por-rapido-nombramiento-del-nuevo-papa-y-llaman-a-orar-por-leon-xiv\/","og_locale":"es_ES","og_type":"article","og_title":"Cat\u00f3licos alegres por r\u00e1pido nombramiento del nuevo Papa y llaman a orar por Le\u00f3n XIV - Diario El Trabajo","og_description":"Este jueves, pasadas las 13:00 horas en Chile, el cardenal Dominique Mamberti confirm\u00f3 la noticia al mundo:\u00a0\u00bbAnnuntio vobis gaudium magnum, habemus Papam\u00bb (Os anuncio una gran alegr\u00eda, tenemos Papa). Dando a conocer el nombre del cardenal estadounidense,\u00a0Robert Prevost, como nuevo l\u00edder de la Iglesia Cat\u00f3lica bajo el nombre de Le\u00f3n XIV. Recordamos que, el nombramiento [&hellip;]","og_url":"https:\/\/eltrabajo.cl\/web\/catolicos-alegres-por-rapido-nombramiento-del-nuevo-papa-y-llaman-a-orar-por-leon-xiv\/","og_site_name":"Diario El Trabajo","article_publisher":"https:\/\/www.facebook.com\/ElTrabajoDiario","article_published_time":"2025-05-09T00:54:35+00:00","og_image":[{"width":700,"height":589,"url":"https:\/\/eltrabajo.cl\/web\/wp-content\/uploads\/2025\/05\/Papa-Leon-XIV-3.jpg","type":"image\/jpeg"}],"author":"Diario El Trabajo","twitter_card":"summary_large_image","twitter_creator":"@diarioeltrabajo","twitter_site":"@diarioeltrabajo","twitter_misc":{"Escrito por":"Diario El Trabajo","Tiempo estimado de lectura":"5 minutos"},"schema":{"@context":"https:\/\/schema.org","@graph":[{"@type":"Article","@id":"https:\/\/eltrabajo.cl\/web\/catolicos-alegres-por-rapido-nombramiento-del-nuevo-papa-y-llaman-a-orar-por-leon-xiv\/#article","isPartOf":{"@id":"https:\/\/eltrabajo.cl\/web\/catolicos-alegres-por-rapido-nombramiento-del-nuevo-papa-y-llaman-a-orar-por-leon-xiv\/"},"author":{"name":"Diario El Trabajo","@id":"https:\/\/eltrabajo.cl\/web\/#\/schema\/person\/45efd3d17f86ec456e44dd7debe1bf19"},"headline":"Cat\u00f3licos alegres por r\u00e1pido nombramiento del nuevo Papa y llaman a orar por Le\u00f3n XIV","datePublished":"2025-05-09T00:54:35+00:00","mainEntityOfPage":{"@id":"https:\/\/eltrabajo.cl\/web\/catolicos-alegres-por-rapido-nombramiento-del-nuevo-papa-y-llaman-a-orar-por-leon-xiv\/"},"wordCount":907,"commentCount":0,"publisher":{"@id":"https:\/\/eltrabajo.cl\/web\/#organization"},"image":{"@id":"https:\/\/eltrabajo.cl\/web\/catolicos-alegres-por-rapido-nombramiento-del-nuevo-papa-y-llaman-a-orar-por-leon-xiv\/#primaryimage"},"thumbnailUrl":"https:\/\/eltrabajo.cl\/web\/wp-content\/uploads\/2025\/05\/Papa-Leon-XIV-3.jpg","articleSection":["Comunidad"],"inLanguage":"es-CL","potentialAction":[{"@type":"CommentAction","name":"Comment","target":["https:\/\/eltrabajo.cl\/web\/catolicos-alegres-por-rapido-nombramiento-del-nuevo-papa-y-llaman-a-orar-por-leon-xiv\/#respond"]}]},{"@type":"WebPage","@id":"https:\/\/eltrabajo.cl\/web\/catolicos-alegres-por-rapido-nombramiento-del-nuevo-papa-y-llaman-a-orar-por-leon-xiv\/","url":"https:\/\/eltrabajo.cl\/web\/catolicos-alegres-por-rapido-nombramiento-del-nuevo-papa-y-llaman-a-orar-por-leon-xiv\/","name":"Cat\u00f3licos alegres por r\u00e1pido nombramiento del nuevo Papa y llaman a orar por Le\u00f3n XIV - Diario El Trabajo","isPartOf":{"@id":"https:\/\/eltrabajo.cl\/web\/#website"},"primaryImageOfPage":{"@id":"https:\/\/eltrabajo.cl\/web\/catolicos-alegres-por-rapido-nombramiento-del-nuevo-papa-y-llaman-a-orar-por-leon-xiv\/#primaryimage"},"image":{"@id":"https:\/\/eltrabajo.cl\/web\/catolicos-alegres-por-rapido-nombramiento-del-nuevo-papa-y-llaman-a-orar-por-leon-xiv\/#primaryimage"},"thumbnailUrl":"https:\/\/eltrabajo.cl\/web\/wp-content\/uploads\/2025\/05\/Papa-Leon-XIV-3.jpg","datePublished":"2025-05-09T00:54:35+00:00","breadcrumb":{"@id":"https:\/\/eltrabajo.cl\/web\/catolicos-alegres-por-rapido-nombramiento-del-nuevo-papa-y-llaman-a-orar-por-leon-xiv\/#breadcrumb"},"inLanguage":"es-CL","potentialAction":[{"@type":"ReadAction","target":["https:\/\/eltrabajo.cl\/web\/catolicos-alegres-por-rapido-nombramiento-del-nuevo-papa-y-llaman-a-orar-por-leon-xiv\/"]}]},{"@type":"ImageObject","inLanguage":"es-CL","@id":"https:\/\/eltrabajo.cl\/web\/catolicos-alegres-por-rapido-nombramiento-del-nuevo-papa-y-llaman-a-orar-por-leon-xiv\/#primaryimage","url":"https:\/\/eltrabajo.cl\/web\/wp-content\/uploads\/2025\/05\/Papa-Leon-XIV-3.jpg","contentUrl":"https:\/\/eltrabajo.cl\/web\/wp-content\/uploads\/2025\/05\/Papa-Leon-XIV-3.jpg","width":700,"height":589,"caption":"Imagen de este jueves, ya investido como el Papa Le\u00f3n XIV."},{"@type":"BreadcrumbList","@id":"https:\/\/eltrabajo.cl\/web\/catolicos-alegres-por-rapido-nombramiento-del-nuevo-papa-y-llaman-a-orar-por-leon-xiv\/#breadcrumb","itemListElement":[{"@type":"ListItem","position":1,"name":"Portada","item":"https:\/\/eltrabajo.cl\/web\/"},{"@type":"ListItem","position":2,"name":"Cat\u00f3licos alegres por r\u00e1pido nombramiento del nuevo Papa y llaman a orar por Le\u00f3n XIV"}]},{"@type":"WebSite","@id":"https:\/\/eltrabajo.cl\/web\/#website","url":"https:\/\/eltrabajo.cl\/web\/","name":"Diario El Trabajo","description":"Desde 1929 construyendo Identidad Local","publisher":{"@id":"https:\/\/eltrabajo.cl\/web\/#organization"},"potentialAction":[{"@type":"SearchAction","target":{"@type":"EntryPoint","urlTemplate":"https:\/\/eltrabajo.cl\/web\/?s={search_term_string}"},"query-input":{"@type":"PropertyValueSpecification","valueRequired":true,"valueName":"search_term_string"}}],"inLanguage":"es-CL"},{"@type":"Organization","@id":"https:\/\/eltrabajo.cl\/web\/#organization","name":"Diario El Trabajo","url":"https:\/\/eltrabajo.cl\/web\/","logo":{"@type":"ImageObject","inLanguage":"es-CL","@id":"https:\/\/eltrabajo.cl\/web\/#\/schema\/logo\/image\/","url":"https:\/\/eltrabajo.cl\/web\/wp-content\/uploads\/2024\/06\/profile-image-ig-page-diarioeltrabajo.jpg","contentUrl":"https:\/\/eltrabajo.cl\/web\/wp-content\/uploads\/2024\/06\/profile-image-ig-page-diarioeltrabajo.jpg","width":823,"height":823,"caption":"Diario El Trabajo"},"image":{"@id":"https:\/\/eltrabajo.cl\/web\/#\/schema\/logo\/image\/"},"sameAs":["https:\/\/www.facebook.com\/ElTrabajoDiario","https:\/\/x.com\/diarioeltrabajo"]},{"@type":"Person","@id":"https:\/\/eltrabajo.cl\/web\/#\/schema\/person\/45efd3d17f86ec456e44dd7debe1bf19","name":"Diario El Trabajo","image":{"@type":"ImageObject","inLanguage":"es-CL","@id":"https:\/\/secure.gravatar.com\/avatar\/7e6ec277dc4aea2677c2dc301d4227957219329c985ab69a3efc12518b5161aa?s=96&d=mm&r=g","url":"https:\/\/secure.gravatar.com\/avatar\/7e6ec277dc4aea2677c2dc301d4227957219329c985ab69a3efc12518b5161aa?s=96&d=mm&r=g","contentUrl":"https:\/\/secure.gravatar.com\/avatar\/7e6ec277dc4aea2677c2dc301d4227957219329c985ab69a3efc12518b5161aa?s=96&d=mm&r=g","caption":"Diario El Trabajo"},"sameAs":["https:\/\/eltrabajo.cl\/web"],"url":"https:\/\/eltrabajo.cl\/web\/author\/diario-el-trabajo\/"}]}},"_links":{"self":[{"href":"https:\/\/eltrabajo.cl\/web\/wp-json\/wp\/v2\/posts\/137288","targetHints":{"allow":["GET"]}}],"collection":[{"href":"https:\/\/eltrabajo.cl\/web\/wp-json\/wp\/v2\/posts"}],"about":[{"href":"https:\/\/eltrabajo.cl\/web\/wp-json\/wp\/v2\/types\/post"}],"author":[{"embeddable":true,"href":"https:\/\/eltrabajo.cl\/web\/wp-json\/wp\/v2\/users\/1"}],"replies":[{"embeddable":true,"href":"https:\/\/eltrabajo.cl\/web\/wp-json\/wp\/v2\/comments?post=137288"}],"version-history":[{"count":1,"href":"https:\/\/eltrabajo.cl\/web\/wp-json\/wp\/v2\/posts\/137288\/revisions"}],"predecessor-version":[{"id":137292,"href":"https:\/\/eltrabajo.cl\/web\/wp-json\/wp\/v2\/posts\/137288\/revisions\/137292"}],"wp:featuredmedia":[{"embeddable":true,"href":"https:\/\/eltrabajo.cl\/web\/wp-json\/wp\/v2\/media\/137289"}],"wp:attachment":[{"href":"https:\/\/eltrabajo.cl\/web\/wp-json\/wp\/v2\/media?parent=137288"}],"wp:term":[{"taxonomy":"category","embeddable":true,"href":"https:\/\/eltrabajo.cl\/web\/wp-json\/wp\/v2\/categories?post=137288"},{"taxonomy":"post_tag","embeddable":true,"href":"https:\/\/eltrabajo.cl\/web\/wp-json\/wp\/v2\/tags?post=137288"}],"curies":[{"name":"wp","href":"https:\/\/api.w.org\/{rel}","templated":true}]}}