{"id":137293,"date":"2025-05-08T21:55:26","date_gmt":"2025-05-09T00:55:26","guid":{"rendered":"https:\/\/eltrabajo.cl\/web\/?p=137293"},"modified":"2025-05-08T21:55:26","modified_gmt":"2025-05-09T00:55:26","slug":"hospital-de-los-andes-es-el-que-realiza-mas-cirugias-ortognaticas-en-la-region","status":"publish","type":"post","link":"https:\/\/eltrabajo.cl\/web\/hospital-de-los-andes-es-el-que-realiza-mas-cirugias-ortognaticas-en-la-region\/","title":{"rendered":"Hospital de Los Andes es el que realiza m\u00e1s cirug\u00edas ortogn\u00e1ticas en la regi\u00f3n"},"content":{"rendered":"<ul>\n<li><strong>El procedimiento es una soluci\u00f3n que mejora la apariencia, la autoestima y la calidad de vida de los pacientes.-<\/strong><\/li>\n<\/ul>\n<p>Las deformidades del complejo \u00f3seo del rostro afectan mucho m\u00e1s que la apariencia de las personas; son problemas que conllevan tambi\u00e9n dificultades en el proceso del habla, la alimentaci\u00f3n, la percepci\u00f3n de s\u00ed mismos y otras actividades de la vida cotidiana. Del mismo modo, influyen en la autoestima de quienes muchas veces son objeto de burlas por estas evidentes desarmon\u00edas faciales.<\/p>\n<p>En el Hospital San Juan de Dios de Los Andes (HOSLA) conocen de cerca este problema, ya que desde hace m\u00e1s de una d\u00e9cada los especialistas de cirug\u00eda maxilofacial est\u00e1n trabajando con personas que presentan desarmon\u00edas como desv\u00edo del ment\u00f3n o prominencia de la mand\u00edbula.<\/p>\n<p>Para ello, realizan un procedimiento denominado cirug\u00eda ortogn\u00e1tica, que consiste en modificar el complejo \u00f3seo (huesos) de la mand\u00edbula y maxilar, a fin de conseguir un equilibrio entre la funcionalidad y la est\u00e9tica facial. En este proceso, los cirujanos maxilofaciales presentan maquetas digitales a los pacientes, las que permiten obtener una proyecci\u00f3n con un error de 1 mil\u00edmetro en el resultado final.<\/p>\n<p>En cuanto a n\u00fameros, las estad\u00edsticas reflejan que el a\u00f1o 2023 se realizaron 22 cirug\u00edas ortogn\u00e1ticas y diez el a\u00f1o 2024, convirtiendo al HOSLA en el hospital p\u00fablico que m\u00e1s cirug\u00edas de este tipo realiza en la Regi\u00f3n de Valpara\u00edso.<\/p>\n<p>As\u00ed lo explica la Dra. <strong>Carolina Dodds<\/strong>, jefa de la Unidad de Especialidades Odontol\u00f3gicas del hospital andino. La profesional, agreg\u00f3 que son procesos que duran a\u00f1os, donde los pacientes pasan por procedimientos y evaluaciones previas de diferentes especialistas del \u00e1rea odontol\u00f3gica, e incluso por profesionales de otras especialidades como salud mental, para garantizar la satisfacci\u00f3n plena de las personas sometidas a estas cirug\u00edas. Indic\u00f3 tambi\u00e9n, que cada cirug\u00eda demanda hasta 8 horas de pabell\u00f3n.<\/p>\n<p>Un caso exitoso de cirug\u00eda ortogn\u00e1tica es <strong>Mar\u00eda Fernanda Moncada<\/strong>, una joven de San Esteban que se prepara para ingresar a la universidad y tuvo la oportunidad de acceder a esta cirug\u00eda para corregir su mordida y aumentar su autoestima. Gracias a su perseverancia, Mar\u00eda Fernanda hoy presenta un rostro arm\u00f3nico y mejor\u00f3 su calidad de vida, expresando profundos agradecimientos al equipo de profesionales de especialidades odontol\u00f3gicas del HOSLA.<\/p>\n<p>Uno de los especialistas con mayor experiencia en cirug\u00edas ortogn\u00e1ticas es el Dr. <strong>Gonzalo Ibaceta<\/strong>, cirujano maxilofacial del HOSLA, que desde el a\u00f1o 2006 realiza est\u00e1s cirug\u00edas a pacientes de Aconcagua. El profesional, se\u00f1al\u00f3 que <em>\u00ablos resultados de estos procedimientos son altamente gratificantes no solo para los pacientes, sino tambi\u00e9n para el equipo de trabajo de la Unidad de Especialidades Odontol\u00f3gicas, por cuanto pueden ver c\u00f3mo las personas mejoran en muchos aspectos de su vida despu\u00e9s de esta cirug\u00eda\u00bb<\/em>.<\/p>\n<p>Respecto al desarrollo de la cirug\u00eda ortogn\u00e1tica en el establecimiento, la doctora Dodds coment\u00f3 que cuentan con el respaldo de la Direcci\u00f3n del HOSLA para seguir potenciando este procedimiento y as\u00ed dar respuesta a una necesidad que no solo tiene que ver con lo est\u00e9tico, sino tambi\u00e9n con la funcionalidad y la calidad de vida de las personas.<\/p>\n<figure id=\"attachment_137294\" aria-describedby=\"caption-attachment-137294\" style=\"width: 698px\" class=\"wp-caption alignnone\"><img loading=\"lazy\" decoding=\"async\" class=\"size-full wp-image-137294\" src=\"http:\/\/eltrabajo.cl\/web\/wp-content\/uploads\/2025\/05\/cirugia-ortognatica-Los-Andes.jpg\" alt=\"As\u00ed es el cambio en los pacientes que se someten a esta intervenci\u00f3n. \" width=\"698\" height=\"336\" srcset=\"https:\/\/eltrabajo.cl\/web\/wp-content\/uploads\/2025\/05\/cirugia-ortognatica-Los-Andes.jpg 698w, https:\/\/eltrabajo.cl\/web\/wp-content\/uploads\/2025\/05\/cirugia-ortognatica-Los-Andes-300x144.jpg 300w, https:\/\/eltrabajo.cl\/web\/wp-content\/uploads\/2025\/05\/cirugia-ortognatica-Los-Andes-150x72.jpg 150w, https:\/\/eltrabajo.cl\/web\/wp-content\/uploads\/2025\/05\/cirugia-ortognatica-Los-Andes-696x335.jpg 696w\" sizes=\"auto, (max-width: 698px) 100vw, 698px\" \/><figcaption id=\"caption-attachment-137294\" class=\"wp-caption-text\">As\u00ed es el cambio en los pacientes que se someten a esta intervenci\u00f3n.<\/figcaption><\/figure>\n","protected":false},"excerpt":{"rendered":"<p>El procedimiento es una soluci\u00f3n que mejora la apariencia, la autoestima y la calidad de vida de los pacientes.- Las deformidades del complejo \u00f3seo del rostro afectan mucho m\u00e1s que la apariencia de las personas; son problemas que conllevan tambi\u00e9n dificultades en el proceso del habla, la alimentaci\u00f3n, la percepci\u00f3n de s\u00ed mismos y otras [&hellip;]<\/p>\n","protected":false},"author":1,"featured_media":137294,"comment_status":"open","ping_status":"closed","sticky":false,"template":"","format":"standard","meta":{"footnotes":""},"categories":[3],"tags":[],"class_list":{"0":"post-137293","1":"post","2":"type-post","3":"status-publish","4":"format-standard","5":"has-post-thumbnail","7":"category-cronica-2"},"yoast_head":"<!-- This site is optimized with the Yoast SEO plugin v27.5 - https:\/\/yoast.com\/product\/yoast-seo-wordpress\/ -->\n<title>Hospital de Los Andes es el que realiza m\u00e1s cirug\u00edas ortogn\u00e1ticas en la regi\u00f3n - Diario El Trabajo<\/title>\n<meta name=\"robots\" content=\"index, follow, max-snippet:-1, max-image-preview:large, max-video-preview:-1\" \/>\n<link rel=\"canonical\" href=\"https:\/\/eltrabajo.cl\/web\/hospital-de-los-andes-es-el-que-realiza-mas-cirugias-ortognaticas-en-la-region\/\" \/>\n<meta property=\"og:locale\" content=\"es_ES\" \/>\n<meta property=\"og:type\" content=\"article\" \/>\n<meta property=\"og:title\" content=\"Hospital de Los Andes es el que realiza m\u00e1s cirug\u00edas ortogn\u00e1ticas en la regi\u00f3n - Diario El Trabajo\" \/>\n<meta property=\"og:description\" content=\"El procedimiento es una soluci\u00f3n que mejora la apariencia, la autoestima y la calidad de vida de los pacientes.- Las deformidades del complejo \u00f3seo del rostro afectan mucho m\u00e1s que la apariencia de las personas; son problemas que conllevan tambi\u00e9n dificultades en el proceso del habla, la alimentaci\u00f3n, la percepci\u00f3n de s\u00ed mismos y otras [&hellip;]\" \/>\n<meta property=\"og:url\" content=\"https:\/\/eltrabajo.cl\/web\/hospital-de-los-andes-es-el-que-realiza-mas-cirugias-ortognaticas-en-la-region\/\" \/>\n<meta property=\"og:site_name\" content=\"Diario El Trabajo\" \/>\n<meta property=\"article:publisher\" content=\"https:\/\/www.facebook.com\/ElTrabajoDiario\" \/>\n<meta property=\"article:published_time\" content=\"2025-05-09T00:55:26+00:00\" \/>\n<meta property=\"og:image\" content=\"https:\/\/eltrabajo.cl\/web\/wp-content\/uploads\/2025\/05\/cirugia-ortognatica-Los-Andes.jpg\" \/>\n\t<meta property=\"og:image:width\" content=\"698\" \/>\n\t<meta property=\"og:image:height\" content=\"336\" \/>\n\t<meta property=\"og:image:type\" content=\"image\/jpeg\" \/>\n<meta name=\"author\" content=\"Diario El Trabajo\" \/>\n<meta name=\"twitter:card\" content=\"summary_large_image\" \/>\n<meta name=\"twitter:creator\" content=\"@diarioeltrabajo\" \/>\n<meta name=\"twitter:site\" content=\"@diarioeltrabajo\" \/>\n<meta name=\"twitter:label1\" content=\"Escrito por\" \/>\n\t<meta name=\"twitter:data1\" content=\"Diario El Trabajo\" \/>\n\t<meta name=\"twitter:label2\" content=\"Tiempo estimado de lectura\" \/>\n\t<meta name=\"twitter:data2\" content=\"3 minutos\" \/>\n<script type=\"application\/ld+json\" class=\"yoast-schema-graph\">{\"@context\":\"https:\\\/\\\/schema.org\",\"@graph\":[{\"@type\":\"Article\",\"@id\":\"https:\\\/\\\/eltrabajo.cl\\\/web\\\/hospital-de-los-andes-es-el-que-realiza-mas-cirugias-ortognaticas-en-la-region\\\/#article\",\"isPartOf\":{\"@id\":\"https:\\\/\\\/eltrabajo.cl\\\/web\\\/hospital-de-los-andes-es-el-que-realiza-mas-cirugias-ortognaticas-en-la-region\\\/\"},\"author\":{\"name\":\"Diario El Trabajo\",\"@id\":\"https:\\\/\\\/eltrabajo.cl\\\/web\\\/#\\\/schema\\\/person\\\/45efd3d17f86ec456e44dd7debe1bf19\"},\"headline\":\"Hospital de Los Andes es el que realiza m\u00e1s cirug\u00edas ortogn\u00e1ticas en la regi\u00f3n\",\"datePublished\":\"2025-05-09T00:55:26+00:00\",\"mainEntityOfPage\":{\"@id\":\"https:\\\/\\\/eltrabajo.cl\\\/web\\\/hospital-de-los-andes-es-el-que-realiza-mas-cirugias-ortognaticas-en-la-region\\\/\"},\"wordCount\":603,\"commentCount\":0,\"publisher\":{\"@id\":\"https:\\\/\\\/eltrabajo.cl\\\/web\\\/#organization\"},\"image\":{\"@id\":\"https:\\\/\\\/eltrabajo.cl\\\/web\\\/hospital-de-los-andes-es-el-que-realiza-mas-cirugias-ortognaticas-en-la-region\\\/#primaryimage\"},\"thumbnailUrl\":\"https:\\\/\\\/eltrabajo.cl\\\/web\\\/wp-content\\\/uploads\\\/2025\\\/05\\\/cirugia-ortognatica-Los-Andes.jpg\",\"articleSection\":[\"Cr\u00f3nica\"],\"inLanguage\":\"es-CL\",\"potentialAction\":[{\"@type\":\"CommentAction\",\"name\":\"Comment\",\"target\":[\"https:\\\/\\\/eltrabajo.cl\\\/web\\\/hospital-de-los-andes-es-el-que-realiza-mas-cirugias-ortognaticas-en-la-region\\\/#respond\"]}]},{\"@type\":\"WebPage\",\"@id\":\"https:\\\/\\\/eltrabajo.cl\\\/web\\\/hospital-de-los-andes-es-el-que-realiza-mas-cirugias-ortognaticas-en-la-region\\\/\",\"url\":\"https:\\\/\\\/eltrabajo.cl\\\/web\\\/hospital-de-los-andes-es-el-que-realiza-mas-cirugias-ortognaticas-en-la-region\\\/\",\"name\":\"Hospital de Los Andes es el que realiza m\u00e1s cirug\u00edas ortogn\u00e1ticas en la regi\u00f3n - Diario El Trabajo\",\"isPartOf\":{\"@id\":\"https:\\\/\\\/eltrabajo.cl\\\/web\\\/#website\"},\"primaryImageOfPage\":{\"@id\":\"https:\\\/\\\/eltrabajo.cl\\\/web\\\/hospital-de-los-andes-es-el-que-realiza-mas-cirugias-ortognaticas-en-la-region\\\/#primaryimage\"},\"image\":{\"@id\":\"https:\\\/\\\/eltrabajo.cl\\\/web\\\/hospital-de-los-andes-es-el-que-realiza-mas-cirugias-ortognaticas-en-la-region\\\/#primaryimage\"},\"thumbnailUrl\":\"https:\\\/\\\/eltrabajo.cl\\\/web\\\/wp-content\\\/uploads\\\/2025\\\/05\\\/cirugia-ortognatica-Los-Andes.jpg\",\"datePublished\":\"2025-05-09T00:55:26+00:00\",\"breadcrumb\":{\"@id\":\"https:\\\/\\\/eltrabajo.cl\\\/web\\\/hospital-de-los-andes-es-el-que-realiza-mas-cirugias-ortognaticas-en-la-region\\\/#breadcrumb\"},\"inLanguage\":\"es-CL\",\"potentialAction\":[{\"@type\":\"ReadAction\",\"target\":[\"https:\\\/\\\/eltrabajo.cl\\\/web\\\/hospital-de-los-andes-es-el-que-realiza-mas-cirugias-ortognaticas-en-la-region\\\/\"]}]},{\"@type\":\"ImageObject\",\"inLanguage\":\"es-CL\",\"@id\":\"https:\\\/\\\/eltrabajo.cl\\\/web\\\/hospital-de-los-andes-es-el-que-realiza-mas-cirugias-ortognaticas-en-la-region\\\/#primaryimage\",\"url\":\"https:\\\/\\\/eltrabajo.cl\\\/web\\\/wp-content\\\/uploads\\\/2025\\\/05\\\/cirugia-ortognatica-Los-Andes.jpg\",\"contentUrl\":\"https:\\\/\\\/eltrabajo.cl\\\/web\\\/wp-content\\\/uploads\\\/2025\\\/05\\\/cirugia-ortognatica-Los-Andes.jpg\",\"width\":698,\"height\":336,\"caption\":\"As\u00ed es el cambio en los pacientes que se someten a esta intervenci\u00f3n.\"},{\"@type\":\"BreadcrumbList\",\"@id\":\"https:\\\/\\\/eltrabajo.cl\\\/web\\\/hospital-de-los-andes-es-el-que-realiza-mas-cirugias-ortognaticas-en-la-region\\\/#breadcrumb\",\"itemListElement\":[{\"@type\":\"ListItem\",\"position\":1,\"name\":\"Portada\",\"item\":\"https:\\\/\\\/eltrabajo.cl\\\/web\\\/\"},{\"@type\":\"ListItem\",\"position\":2,\"name\":\"Hospital de Los Andes es el que realiza m\u00e1s cirug\u00edas ortogn\u00e1ticas en la regi\u00f3n\"}]},{\"@type\":\"WebSite\",\"@id\":\"https:\\\/\\\/eltrabajo.cl\\\/web\\\/#website\",\"url\":\"https:\\\/\\\/eltrabajo.cl\\\/web\\\/\",\"name\":\"Diario El Trabajo\",\"description\":\"Desde 1929 construyendo Identidad Local\",\"publisher\":{\"@id\":\"https:\\\/\\\/eltrabajo.cl\\\/web\\\/#organization\"},\"potentialAction\":[{\"@type\":\"SearchAction\",\"target\":{\"@type\":\"EntryPoint\",\"urlTemplate\":\"https:\\\/\\\/eltrabajo.cl\\\/web\\\/?s={search_term_string}\"},\"query-input\":{\"@type\":\"PropertyValueSpecification\",\"valueRequired\":true,\"valueName\":\"search_term_string\"}}],\"inLanguage\":\"es-CL\"},{\"@type\":\"Organization\",\"@id\":\"https:\\\/\\\/eltrabajo.cl\\\/web\\\/#organization\",\"name\":\"Diario El Trabajo\",\"url\":\"https:\\\/\\\/eltrabajo.cl\\\/web\\\/\",\"logo\":{\"@type\":\"ImageObject\",\"inLanguage\":\"es-CL\",\"@id\":\"https:\\\/\\\/eltrabajo.cl\\\/web\\\/#\\\/schema\\\/logo\\\/image\\\/\",\"url\":\"https:\\\/\\\/eltrabajo.cl\\\/web\\\/wp-content\\\/uploads\\\/2024\\\/06\\\/profile-image-ig-page-diarioeltrabajo.jpg\",\"contentUrl\":\"https:\\\/\\\/eltrabajo.cl\\\/web\\\/wp-content\\\/uploads\\\/2024\\\/06\\\/profile-image-ig-page-diarioeltrabajo.jpg\",\"width\":823,\"height\":823,\"caption\":\"Diario El Trabajo\"},\"image\":{\"@id\":\"https:\\\/\\\/eltrabajo.cl\\\/web\\\/#\\\/schema\\\/logo\\\/image\\\/\"},\"sameAs\":[\"https:\\\/\\\/www.facebook.com\\\/ElTrabajoDiario\",\"https:\\\/\\\/x.com\\\/diarioeltrabajo\"]},{\"@type\":\"Person\",\"@id\":\"https:\\\/\\\/eltrabajo.cl\\\/web\\\/#\\\/schema\\\/person\\\/45efd3d17f86ec456e44dd7debe1bf19\",\"name\":\"Diario El Trabajo\",\"image\":{\"@type\":\"ImageObject\",\"inLanguage\":\"es-CL\",\"@id\":\"https:\\\/\\\/secure.gravatar.com\\\/avatar\\\/7e6ec277dc4aea2677c2dc301d4227957219329c985ab69a3efc12518b5161aa?s=96&d=mm&r=g\",\"url\":\"https:\\\/\\\/secure.gravatar.com\\\/avatar\\\/7e6ec277dc4aea2677c2dc301d4227957219329c985ab69a3efc12518b5161aa?s=96&d=mm&r=g\",\"contentUrl\":\"https:\\\/\\\/secure.gravatar.com\\\/avatar\\\/7e6ec277dc4aea2677c2dc301d4227957219329c985ab69a3efc12518b5161aa?s=96&d=mm&r=g\",\"caption\":\"Diario El Trabajo\"},\"sameAs\":[\"https:\\\/\\\/eltrabajo.cl\\\/web\"],\"url\":\"https:\\\/\\\/eltrabajo.cl\\\/web\\\/author\\\/diario-el-trabajo\\\/\"}]}<\/script>\n<!-- \/ Yoast SEO plugin. -->","yoast_head_json":{"title":"Hospital de Los Andes es el que realiza m\u00e1s cirug\u00edas ortogn\u00e1ticas en la regi\u00f3n - Diario El Trabajo","robots":{"index":"index","follow":"follow","max-snippet":"max-snippet:-1","max-image-preview":"max-image-preview:large","max-video-preview":"max-video-preview:-1"},"canonical":"https:\/\/eltrabajo.cl\/web\/hospital-de-los-andes-es-el-que-realiza-mas-cirugias-ortognaticas-en-la-region\/","og_locale":"es_ES","og_type":"article","og_title":"Hospital de Los Andes es el que realiza m\u00e1s cirug\u00edas ortogn\u00e1ticas en la regi\u00f3n - Diario El Trabajo","og_description":"El procedimiento es una soluci\u00f3n que mejora la apariencia, la autoestima y la calidad de vida de los pacientes.- Las deformidades del complejo \u00f3seo del rostro afectan mucho m\u00e1s que la apariencia de las personas; son problemas que conllevan tambi\u00e9n dificultades en el proceso del habla, la alimentaci\u00f3n, la percepci\u00f3n de s\u00ed mismos y otras [&hellip;]","og_url":"https:\/\/eltrabajo.cl\/web\/hospital-de-los-andes-es-el-que-realiza-mas-cirugias-ortognaticas-en-la-region\/","og_site_name":"Diario El Trabajo","article_publisher":"https:\/\/www.facebook.com\/ElTrabajoDiario","article_published_time":"2025-05-09T00:55:26+00:00","og_image":[{"width":698,"height":336,"url":"https:\/\/eltrabajo.cl\/web\/wp-content\/uploads\/2025\/05\/cirugia-ortognatica-Los-Andes.jpg","type":"image\/jpeg"}],"author":"Diario El Trabajo","twitter_card":"summary_large_image","twitter_creator":"@diarioeltrabajo","twitter_site":"@diarioeltrabajo","twitter_misc":{"Escrito por":"Diario El Trabajo","Tiempo estimado de lectura":"3 minutos"},"schema":{"@context":"https:\/\/schema.org","@graph":[{"@type":"Article","@id":"https:\/\/eltrabajo.cl\/web\/hospital-de-los-andes-es-el-que-realiza-mas-cirugias-ortognaticas-en-la-region\/#article","isPartOf":{"@id":"https:\/\/eltrabajo.cl\/web\/hospital-de-los-andes-es-el-que-realiza-mas-cirugias-ortognaticas-en-la-region\/"},"author":{"name":"Diario El Trabajo","@id":"https:\/\/eltrabajo.cl\/web\/#\/schema\/person\/45efd3d17f86ec456e44dd7debe1bf19"},"headline":"Hospital de Los Andes es el que realiza m\u00e1s cirug\u00edas ortogn\u00e1ticas en la regi\u00f3n","datePublished":"2025-05-09T00:55:26+00:00","mainEntityOfPage":{"@id":"https:\/\/eltrabajo.cl\/web\/hospital-de-los-andes-es-el-que-realiza-mas-cirugias-ortognaticas-en-la-region\/"},"wordCount":603,"commentCount":0,"publisher":{"@id":"https:\/\/eltrabajo.cl\/web\/#organization"},"image":{"@id":"https:\/\/eltrabajo.cl\/web\/hospital-de-los-andes-es-el-que-realiza-mas-cirugias-ortognaticas-en-la-region\/#primaryimage"},"thumbnailUrl":"https:\/\/eltrabajo.cl\/web\/wp-content\/uploads\/2025\/05\/cirugia-ortognatica-Los-Andes.jpg","articleSection":["Cr\u00f3nica"],"inLanguage":"es-CL","potentialAction":[{"@type":"CommentAction","name":"Comment","target":["https:\/\/eltrabajo.cl\/web\/hospital-de-los-andes-es-el-que-realiza-mas-cirugias-ortognaticas-en-la-region\/#respond"]}]},{"@type":"WebPage","@id":"https:\/\/eltrabajo.cl\/web\/hospital-de-los-andes-es-el-que-realiza-mas-cirugias-ortognaticas-en-la-region\/","url":"https:\/\/eltrabajo.cl\/web\/hospital-de-los-andes-es-el-que-realiza-mas-cirugias-ortognaticas-en-la-region\/","name":"Hospital de Los Andes es el que realiza m\u00e1s cirug\u00edas ortogn\u00e1ticas en la regi\u00f3n - Diario El Trabajo","isPartOf":{"@id":"https:\/\/eltrabajo.cl\/web\/#website"},"primaryImageOfPage":{"@id":"https:\/\/eltrabajo.cl\/web\/hospital-de-los-andes-es-el-que-realiza-mas-cirugias-ortognaticas-en-la-region\/#primaryimage"},"image":{"@id":"https:\/\/eltrabajo.cl\/web\/hospital-de-los-andes-es-el-que-realiza-mas-cirugias-ortognaticas-en-la-region\/#primaryimage"},"thumbnailUrl":"https:\/\/eltrabajo.cl\/web\/wp-content\/uploads\/2025\/05\/cirugia-ortognatica-Los-Andes.jpg","datePublished":"2025-05-09T00:55:26+00:00","breadcrumb":{"@id":"https:\/\/eltrabajo.cl\/web\/hospital-de-los-andes-es-el-que-realiza-mas-cirugias-ortognaticas-en-la-region\/#breadcrumb"},"inLanguage":"es-CL","potentialAction":[{"@type":"ReadAction","target":["https:\/\/eltrabajo.cl\/web\/hospital-de-los-andes-es-el-que-realiza-mas-cirugias-ortognaticas-en-la-region\/"]}]},{"@type":"ImageObject","inLanguage":"es-CL","@id":"https:\/\/eltrabajo.cl\/web\/hospital-de-los-andes-es-el-que-realiza-mas-cirugias-ortognaticas-en-la-region\/#primaryimage","url":"https:\/\/eltrabajo.cl\/web\/wp-content\/uploads\/2025\/05\/cirugia-ortognatica-Los-Andes.jpg","contentUrl":"https:\/\/eltrabajo.cl\/web\/wp-content\/uploads\/2025\/05\/cirugia-ortognatica-Los-Andes.jpg","width":698,"height":336,"caption":"As\u00ed es el cambio en los pacientes que se someten a esta intervenci\u00f3n."},{"@type":"BreadcrumbList","@id":"https:\/\/eltrabajo.cl\/web\/hospital-de-los-andes-es-el-que-realiza-mas-cirugias-ortognaticas-en-la-region\/#breadcrumb","itemListElement":[{"@type":"ListItem","position":1,"name":"Portada","item":"https:\/\/eltrabajo.cl\/web\/"},{"@type":"ListItem","position":2,"name":"Hospital de Los Andes es el que realiza m\u00e1s cirug\u00edas ortogn\u00e1ticas en la regi\u00f3n"}]},{"@type":"WebSite","@id":"https:\/\/eltrabajo.cl\/web\/#website","url":"https:\/\/eltrabajo.cl\/web\/","name":"Diario El Trabajo","description":"Desde 1929 construyendo Identidad Local","publisher":{"@id":"https:\/\/eltrabajo.cl\/web\/#organization"},"potentialAction":[{"@type":"SearchAction","target":{"@type":"EntryPoint","urlTemplate":"https:\/\/eltrabajo.cl\/web\/?s={search_term_string}"},"query-input":{"@type":"PropertyValueSpecification","valueRequired":true,"valueName":"search_term_string"}}],"inLanguage":"es-CL"},{"@type":"Organization","@id":"https:\/\/eltrabajo.cl\/web\/#organization","name":"Diario El Trabajo","url":"https:\/\/eltrabajo.cl\/web\/","logo":{"@type":"ImageObject","inLanguage":"es-CL","@id":"https:\/\/eltrabajo.cl\/web\/#\/schema\/logo\/image\/","url":"https:\/\/eltrabajo.cl\/web\/wp-content\/uploads\/2024\/06\/profile-image-ig-page-diarioeltrabajo.jpg","contentUrl":"https:\/\/eltrabajo.cl\/web\/wp-content\/uploads\/2024\/06\/profile-image-ig-page-diarioeltrabajo.jpg","width":823,"height":823,"caption":"Diario El Trabajo"},"image":{"@id":"https:\/\/eltrabajo.cl\/web\/#\/schema\/logo\/image\/"},"sameAs":["https:\/\/www.facebook.com\/ElTrabajoDiario","https:\/\/x.com\/diarioeltrabajo"]},{"@type":"Person","@id":"https:\/\/eltrabajo.cl\/web\/#\/schema\/person\/45efd3d17f86ec456e44dd7debe1bf19","name":"Diario El Trabajo","image":{"@type":"ImageObject","inLanguage":"es-CL","@id":"https:\/\/secure.gravatar.com\/avatar\/7e6ec277dc4aea2677c2dc301d4227957219329c985ab69a3efc12518b5161aa?s=96&d=mm&r=g","url":"https:\/\/secure.gravatar.com\/avatar\/7e6ec277dc4aea2677c2dc301d4227957219329c985ab69a3efc12518b5161aa?s=96&d=mm&r=g","contentUrl":"https:\/\/secure.gravatar.com\/avatar\/7e6ec277dc4aea2677c2dc301d4227957219329c985ab69a3efc12518b5161aa?s=96&d=mm&r=g","caption":"Diario El Trabajo"},"sameAs":["https:\/\/eltrabajo.cl\/web"],"url":"https:\/\/eltrabajo.cl\/web\/author\/diario-el-trabajo\/"}]}},"_links":{"self":[{"href":"https:\/\/eltrabajo.cl\/web\/wp-json\/wp\/v2\/posts\/137293","targetHints":{"allow":["GET"]}}],"collection":[{"href":"https:\/\/eltrabajo.cl\/web\/wp-json\/wp\/v2\/posts"}],"about":[{"href":"https:\/\/eltrabajo.cl\/web\/wp-json\/wp\/v2\/types\/post"}],"author":[{"embeddable":true,"href":"https:\/\/eltrabajo.cl\/web\/wp-json\/wp\/v2\/users\/1"}],"replies":[{"embeddable":true,"href":"https:\/\/eltrabajo.cl\/web\/wp-json\/wp\/v2\/comments?post=137293"}],"version-history":[{"count":1,"href":"https:\/\/eltrabajo.cl\/web\/wp-json\/wp\/v2\/posts\/137293\/revisions"}],"predecessor-version":[{"id":137295,"href":"https:\/\/eltrabajo.cl\/web\/wp-json\/wp\/v2\/posts\/137293\/revisions\/137295"}],"wp:featuredmedia":[{"embeddable":true,"href":"https:\/\/eltrabajo.cl\/web\/wp-json\/wp\/v2\/media\/137294"}],"wp:attachment":[{"href":"https:\/\/eltrabajo.cl\/web\/wp-json\/wp\/v2\/media?parent=137293"}],"wp:term":[{"taxonomy":"category","embeddable":true,"href":"https:\/\/eltrabajo.cl\/web\/wp-json\/wp\/v2\/categories?post=137293"},{"taxonomy":"post_tag","embeddable":true,"href":"https:\/\/eltrabajo.cl\/web\/wp-json\/wp\/v2\/tags?post=137293"}],"curies":[{"name":"wp","href":"https:\/\/api.w.org\/{rel}","templated":true}]}}