{"id":137296,"date":"2025-05-08T21:56:33","date_gmt":"2025-05-09T00:56:33","guid":{"rendered":"https:\/\/eltrabajo.cl\/web\/?p=137296"},"modified":"2025-05-08T21:56:33","modified_gmt":"2025-05-09T00:56:33","slug":"carabineros-detuvo-a-boliviano-por-asesinato-ocurrido-en-2024-en-la-toma-de-san-felipe","status":"publish","type":"post","link":"https:\/\/eltrabajo.cl\/web\/carabineros-detuvo-a-boliviano-por-asesinato-ocurrido-en-2024-en-la-toma-de-san-felipe\/","title":{"rendered":"Carabineros detuvo a boliviano por asesinato ocurrido en 2024 en la Toma de San Felipe"},"content":{"rendered":"<ul>\n<li><strong>Delincuente pasar\u00e1 a control de detenci\u00f3n este viernes.\u2013<\/strong><\/li>\n<\/ul>\n<p>Personal de la Secci\u00f3n de Investigaci\u00f3n Policial (SIP) de la Segunda Comisar\u00eda de Carabineros de San Felipe detuvo a un sujeto boliviano identificado como <strong>Y<\/strong>.<strong>C<\/strong>.<strong>H<\/strong>.<strong>J<\/strong>., de 25 a\u00f1os, quien estaba pr\u00f3fugo de la justicia tras ser el autor de un asesinato de un haitiano en la Toma de San Felipe.<\/p>\n<p>Personal policial logr\u00f3 dar con su paradero al mediod\u00eda del jueves, tras realizar diversas diligencias propias de esta unidad. El delincuente, se ocultaba en distintos lugares y sectores para evitar ser capturado por Carabineros. sin embargo, efectivos de la SIP lograron encontrarlo para que enfrente a la justicia.<\/p>\n<p>Los hechos, se remontan al mes de agosto del a\u00f1o 2024, cuando un hombre de nacionalidad haitiana fue asesinado al exterior de una discoteque clandestina en la Toma.<\/p>\n<p>En ese momento, el entonces comisario de Carabineros de San Felipe, mayor <strong>Jorge Guzm\u00e1n<\/strong>, indicaba que <em>\u00abla madrugada del d\u00eda de hoy<\/em> (domingo)<em>, ingresa fallecido hacia el servicio de urgencia del Hospital San Camilo, un sujeto de sexo masculino, mayor de edad, de nacionalidad extranjera, quien hab\u00eda recibido una herida cortopunzante en el sector del cuello\u00bb<\/em>.<\/p>\n<p>En este contexto, y tras las primeras diligencias en el lugar, se pudo establecer que la v\u00edctima se encontraba en esta discoteca de la Toma, lugar donde recibi\u00f3 este ataque. <em>\u00abEfectuado un empadronamiento de testigos, se logra acreditar que la v\u00edctima se hab\u00eda encontrado en una discoteca clandestina en el sector del asentamiento <\/em>(Toma) <em>\u2018Yevide\u2019, en donde sujetos desconocidos le propinaron esta mortal herida\u00bb<\/em>, agregaba.<\/p>\n<p>Asimismo, el mayor Guzm\u00e1n dijo que la v\u00edctima fue trasladada por su pareja hacia el Hospital San Camilo, aunque lamentablemente, este \u00faltimo ingres\u00f3 ya fallecido producto de la herida. <em>\u00abEs trasladado por su pareja hasta el servicio m\u00e9dico de urgencia, no alcanzado a llegar a este, ingresando fallecido\u00bb<\/em>, asegur\u00f3.<\/p>\n<p>Tras varios meses de investigaci\u00f3n, se pudo dar con el paradero de este delincuente como responsable de uno de los tantos cr\u00edmenes ocurridos en la Toma. El sujeto pasar\u00e1 a control de detenci\u00f3n en el Juzgado de Garant\u00eda de San Felipe hoy viernes.<\/p>\n<figure id=\"attachment_137297\" aria-describedby=\"caption-attachment-137297\" style=\"width: 698px\" class=\"wp-caption alignnone\"><img loading=\"lazy\" decoding=\"async\" class=\"size-full wp-image-137297\" src=\"http:\/\/eltrabajo.cl\/web\/wp-content\/uploads\/2025\/05\/boliviano-detenido.jpg\" alt=\"Detienen a boliviano pr\u00f3fugo por asesinato de un haitiano en la Toma de San Felipe. \" width=\"698\" height=\"369\" srcset=\"https:\/\/eltrabajo.cl\/web\/wp-content\/uploads\/2025\/05\/boliviano-detenido.jpg 698w, https:\/\/eltrabajo.cl\/web\/wp-content\/uploads\/2025\/05\/boliviano-detenido-300x159.jpg 300w, https:\/\/eltrabajo.cl\/web\/wp-content\/uploads\/2025\/05\/boliviano-detenido-150x79.jpg 150w, https:\/\/eltrabajo.cl\/web\/wp-content\/uploads\/2025\/05\/boliviano-detenido-696x368.jpg 696w\" sizes=\"auto, (max-width: 698px) 100vw, 698px\" \/><figcaption id=\"caption-attachment-137297\" class=\"wp-caption-text\">Detienen a boliviano pr\u00f3fugo por asesinato de un haitiano en la Toma de San Felipe.<\/figcaption><\/figure>\n","protected":false},"excerpt":{"rendered":"<p>Delincuente pasar\u00e1 a control de detenci\u00f3n este viernes.\u2013 Personal de la Secci\u00f3n de Investigaci\u00f3n Policial (SIP) de la Segunda Comisar\u00eda de Carabineros de San Felipe detuvo a un sujeto boliviano identificado como Y.C.H.J., de 25 a\u00f1os, quien estaba pr\u00f3fugo de la justicia tras ser el autor de un asesinato de un haitiano en la Toma [&hellip;]<\/p>\n","protected":false},"author":1,"featured_media":137297,"comment_status":"open","ping_status":"closed","sticky":false,"template":"","format":"standard","meta":{"footnotes":""},"categories":[5],"tags":[],"class_list":{"0":"post-137296","1":"post","2":"type-post","3":"status-publish","4":"format-standard","5":"has-post-thumbnail","7":"category-policial"},"yoast_head":"<!-- This site is optimized with the Yoast SEO plugin v27.4 - https:\/\/yoast.com\/product\/yoast-seo-wordpress\/ -->\n<title>Carabineros detuvo a boliviano por asesinato ocurrido en 2024 en la Toma de San Felipe - Diario El Trabajo<\/title>\n<meta name=\"robots\" content=\"index, follow, max-snippet:-1, max-image-preview:large, max-video-preview:-1\" \/>\n<link rel=\"canonical\" href=\"https:\/\/eltrabajo.cl\/web\/carabineros-detuvo-a-boliviano-por-asesinato-ocurrido-en-2024-en-la-toma-de-san-felipe\/\" \/>\n<meta property=\"og:locale\" content=\"es_ES\" \/>\n<meta property=\"og:type\" content=\"article\" \/>\n<meta property=\"og:title\" content=\"Carabineros detuvo a boliviano por asesinato ocurrido en 2024 en la Toma de San Felipe - Diario El Trabajo\" \/>\n<meta property=\"og:description\" content=\"Delincuente pasar\u00e1 a control de detenci\u00f3n este viernes.\u2013 Personal de la Secci\u00f3n de Investigaci\u00f3n Policial (SIP) de la Segunda Comisar\u00eda de Carabineros de San Felipe detuvo a un sujeto boliviano identificado como Y.C.H.J., de 25 a\u00f1os, quien estaba pr\u00f3fugo de la justicia tras ser el autor de un asesinato de un haitiano en la Toma [&hellip;]\" \/>\n<meta property=\"og:url\" content=\"https:\/\/eltrabajo.cl\/web\/carabineros-detuvo-a-boliviano-por-asesinato-ocurrido-en-2024-en-la-toma-de-san-felipe\/\" \/>\n<meta property=\"og:site_name\" content=\"Diario El Trabajo\" \/>\n<meta property=\"article:publisher\" content=\"https:\/\/www.facebook.com\/ElTrabajoDiario\" \/>\n<meta property=\"article:published_time\" content=\"2025-05-09T00:56:33+00:00\" \/>\n<meta property=\"og:image\" content=\"https:\/\/eltrabajo.cl\/web\/wp-content\/uploads\/2025\/05\/boliviano-detenido.jpg\" \/>\n\t<meta property=\"og:image:width\" content=\"698\" \/>\n\t<meta property=\"og:image:height\" content=\"369\" \/>\n\t<meta property=\"og:image:type\" content=\"image\/jpeg\" \/>\n<meta name=\"author\" content=\"Diario El Trabajo\" \/>\n<meta name=\"twitter:card\" content=\"summary_large_image\" \/>\n<meta name=\"twitter:creator\" content=\"@diarioeltrabajo\" \/>\n<meta name=\"twitter:site\" content=\"@diarioeltrabajo\" \/>\n<meta name=\"twitter:label1\" content=\"Escrito por\" \/>\n\t<meta name=\"twitter:data1\" content=\"Diario El Trabajo\" \/>\n\t<meta name=\"twitter:label2\" content=\"Tiempo estimado de lectura\" \/>\n\t<meta name=\"twitter:data2\" content=\"3 minutos\" \/>\n<script type=\"application\/ld+json\" class=\"yoast-schema-graph\">{\"@context\":\"https:\\\/\\\/schema.org\",\"@graph\":[{\"@type\":\"Article\",\"@id\":\"https:\\\/\\\/eltrabajo.cl\\\/web\\\/carabineros-detuvo-a-boliviano-por-asesinato-ocurrido-en-2024-en-la-toma-de-san-felipe\\\/#article\",\"isPartOf\":{\"@id\":\"https:\\\/\\\/eltrabajo.cl\\\/web\\\/carabineros-detuvo-a-boliviano-por-asesinato-ocurrido-en-2024-en-la-toma-de-san-felipe\\\/\"},\"author\":{\"name\":\"Diario El Trabajo\",\"@id\":\"https:\\\/\\\/eltrabajo.cl\\\/web\\\/#\\\/schema\\\/person\\\/45efd3d17f86ec456e44dd7debe1bf19\"},\"headline\":\"Carabineros detuvo a boliviano por asesinato ocurrido en 2024 en la Toma de San Felipe\",\"datePublished\":\"2025-05-09T00:56:33+00:00\",\"mainEntityOfPage\":{\"@id\":\"https:\\\/\\\/eltrabajo.cl\\\/web\\\/carabineros-detuvo-a-boliviano-por-asesinato-ocurrido-en-2024-en-la-toma-de-san-felipe\\\/\"},\"wordCount\":406,\"commentCount\":0,\"publisher\":{\"@id\":\"https:\\\/\\\/eltrabajo.cl\\\/web\\\/#organization\"},\"image\":{\"@id\":\"https:\\\/\\\/eltrabajo.cl\\\/web\\\/carabineros-detuvo-a-boliviano-por-asesinato-ocurrido-en-2024-en-la-toma-de-san-felipe\\\/#primaryimage\"},\"thumbnailUrl\":\"https:\\\/\\\/eltrabajo.cl\\\/web\\\/wp-content\\\/uploads\\\/2025\\\/05\\\/boliviano-detenido.jpg\",\"articleSection\":[\"Policial\"],\"inLanguage\":\"es-CL\",\"potentialAction\":[{\"@type\":\"CommentAction\",\"name\":\"Comment\",\"target\":[\"https:\\\/\\\/eltrabajo.cl\\\/web\\\/carabineros-detuvo-a-boliviano-por-asesinato-ocurrido-en-2024-en-la-toma-de-san-felipe\\\/#respond\"]}]},{\"@type\":\"WebPage\",\"@id\":\"https:\\\/\\\/eltrabajo.cl\\\/web\\\/carabineros-detuvo-a-boliviano-por-asesinato-ocurrido-en-2024-en-la-toma-de-san-felipe\\\/\",\"url\":\"https:\\\/\\\/eltrabajo.cl\\\/web\\\/carabineros-detuvo-a-boliviano-por-asesinato-ocurrido-en-2024-en-la-toma-de-san-felipe\\\/\",\"name\":\"Carabineros detuvo a boliviano por asesinato ocurrido en 2024 en la Toma de San Felipe - Diario El Trabajo\",\"isPartOf\":{\"@id\":\"https:\\\/\\\/eltrabajo.cl\\\/web\\\/#website\"},\"primaryImageOfPage\":{\"@id\":\"https:\\\/\\\/eltrabajo.cl\\\/web\\\/carabineros-detuvo-a-boliviano-por-asesinato-ocurrido-en-2024-en-la-toma-de-san-felipe\\\/#primaryimage\"},\"image\":{\"@id\":\"https:\\\/\\\/eltrabajo.cl\\\/web\\\/carabineros-detuvo-a-boliviano-por-asesinato-ocurrido-en-2024-en-la-toma-de-san-felipe\\\/#primaryimage\"},\"thumbnailUrl\":\"https:\\\/\\\/eltrabajo.cl\\\/web\\\/wp-content\\\/uploads\\\/2025\\\/05\\\/boliviano-detenido.jpg\",\"datePublished\":\"2025-05-09T00:56:33+00:00\",\"breadcrumb\":{\"@id\":\"https:\\\/\\\/eltrabajo.cl\\\/web\\\/carabineros-detuvo-a-boliviano-por-asesinato-ocurrido-en-2024-en-la-toma-de-san-felipe\\\/#breadcrumb\"},\"inLanguage\":\"es-CL\",\"potentialAction\":[{\"@type\":\"ReadAction\",\"target\":[\"https:\\\/\\\/eltrabajo.cl\\\/web\\\/carabineros-detuvo-a-boliviano-por-asesinato-ocurrido-en-2024-en-la-toma-de-san-felipe\\\/\"]}]},{\"@type\":\"ImageObject\",\"inLanguage\":\"es-CL\",\"@id\":\"https:\\\/\\\/eltrabajo.cl\\\/web\\\/carabineros-detuvo-a-boliviano-por-asesinato-ocurrido-en-2024-en-la-toma-de-san-felipe\\\/#primaryimage\",\"url\":\"https:\\\/\\\/eltrabajo.cl\\\/web\\\/wp-content\\\/uploads\\\/2025\\\/05\\\/boliviano-detenido.jpg\",\"contentUrl\":\"https:\\\/\\\/eltrabajo.cl\\\/web\\\/wp-content\\\/uploads\\\/2025\\\/05\\\/boliviano-detenido.jpg\",\"width\":698,\"height\":369,\"caption\":\"Detienen a boliviano pr\u00f3fugo por asesinato de un haitiano en la Toma de San Felipe.\"},{\"@type\":\"BreadcrumbList\",\"@id\":\"https:\\\/\\\/eltrabajo.cl\\\/web\\\/carabineros-detuvo-a-boliviano-por-asesinato-ocurrido-en-2024-en-la-toma-de-san-felipe\\\/#breadcrumb\",\"itemListElement\":[{\"@type\":\"ListItem\",\"position\":1,\"name\":\"Portada\",\"item\":\"https:\\\/\\\/eltrabajo.cl\\\/web\\\/\"},{\"@type\":\"ListItem\",\"position\":2,\"name\":\"Carabineros detuvo a boliviano por asesinato ocurrido en 2024 en la Toma de San Felipe\"}]},{\"@type\":\"WebSite\",\"@id\":\"https:\\\/\\\/eltrabajo.cl\\\/web\\\/#website\",\"url\":\"https:\\\/\\\/eltrabajo.cl\\\/web\\\/\",\"name\":\"Diario El Trabajo\",\"description\":\"Desde 1929 construyendo Identidad Local\",\"publisher\":{\"@id\":\"https:\\\/\\\/eltrabajo.cl\\\/web\\\/#organization\"},\"potentialAction\":[{\"@type\":\"SearchAction\",\"target\":{\"@type\":\"EntryPoint\",\"urlTemplate\":\"https:\\\/\\\/eltrabajo.cl\\\/web\\\/?s={search_term_string}\"},\"query-input\":{\"@type\":\"PropertyValueSpecification\",\"valueRequired\":true,\"valueName\":\"search_term_string\"}}],\"inLanguage\":\"es-CL\"},{\"@type\":\"Organization\",\"@id\":\"https:\\\/\\\/eltrabajo.cl\\\/web\\\/#organization\",\"name\":\"Diario El Trabajo\",\"url\":\"https:\\\/\\\/eltrabajo.cl\\\/web\\\/\",\"logo\":{\"@type\":\"ImageObject\",\"inLanguage\":\"es-CL\",\"@id\":\"https:\\\/\\\/eltrabajo.cl\\\/web\\\/#\\\/schema\\\/logo\\\/image\\\/\",\"url\":\"https:\\\/\\\/eltrabajo.cl\\\/web\\\/wp-content\\\/uploads\\\/2024\\\/06\\\/profile-image-ig-page-diarioeltrabajo.jpg\",\"contentUrl\":\"https:\\\/\\\/eltrabajo.cl\\\/web\\\/wp-content\\\/uploads\\\/2024\\\/06\\\/profile-image-ig-page-diarioeltrabajo.jpg\",\"width\":823,\"height\":823,\"caption\":\"Diario El Trabajo\"},\"image\":{\"@id\":\"https:\\\/\\\/eltrabajo.cl\\\/web\\\/#\\\/schema\\\/logo\\\/image\\\/\"},\"sameAs\":[\"https:\\\/\\\/www.facebook.com\\\/ElTrabajoDiario\",\"https:\\\/\\\/x.com\\\/diarioeltrabajo\"]},{\"@type\":\"Person\",\"@id\":\"https:\\\/\\\/eltrabajo.cl\\\/web\\\/#\\\/schema\\\/person\\\/45efd3d17f86ec456e44dd7debe1bf19\",\"name\":\"Diario El Trabajo\",\"image\":{\"@type\":\"ImageObject\",\"inLanguage\":\"es-CL\",\"@id\":\"https:\\\/\\\/secure.gravatar.com\\\/avatar\\\/7e6ec277dc4aea2677c2dc301d4227957219329c985ab69a3efc12518b5161aa?s=96&d=mm&r=g\",\"url\":\"https:\\\/\\\/secure.gravatar.com\\\/avatar\\\/7e6ec277dc4aea2677c2dc301d4227957219329c985ab69a3efc12518b5161aa?s=96&d=mm&r=g\",\"contentUrl\":\"https:\\\/\\\/secure.gravatar.com\\\/avatar\\\/7e6ec277dc4aea2677c2dc301d4227957219329c985ab69a3efc12518b5161aa?s=96&d=mm&r=g\",\"caption\":\"Diario El Trabajo\"},\"sameAs\":[\"https:\\\/\\\/eltrabajo.cl\\\/web\"],\"url\":\"https:\\\/\\\/eltrabajo.cl\\\/web\\\/author\\\/diario-el-trabajo\\\/\"}]}<\/script>\n<!-- \/ Yoast SEO plugin. -->","yoast_head_json":{"title":"Carabineros detuvo a boliviano por asesinato ocurrido en 2024 en la Toma de San Felipe - Diario El Trabajo","robots":{"index":"index","follow":"follow","max-snippet":"max-snippet:-1","max-image-preview":"max-image-preview:large","max-video-preview":"max-video-preview:-1"},"canonical":"https:\/\/eltrabajo.cl\/web\/carabineros-detuvo-a-boliviano-por-asesinato-ocurrido-en-2024-en-la-toma-de-san-felipe\/","og_locale":"es_ES","og_type":"article","og_title":"Carabineros detuvo a boliviano por asesinato ocurrido en 2024 en la Toma de San Felipe - Diario El Trabajo","og_description":"Delincuente pasar\u00e1 a control de detenci\u00f3n este viernes.\u2013 Personal de la Secci\u00f3n de Investigaci\u00f3n Policial (SIP) de la Segunda Comisar\u00eda de Carabineros de San Felipe detuvo a un sujeto boliviano identificado como Y.C.H.J., de 25 a\u00f1os, quien estaba pr\u00f3fugo de la justicia tras ser el autor de un asesinato de un haitiano en la Toma [&hellip;]","og_url":"https:\/\/eltrabajo.cl\/web\/carabineros-detuvo-a-boliviano-por-asesinato-ocurrido-en-2024-en-la-toma-de-san-felipe\/","og_site_name":"Diario El Trabajo","article_publisher":"https:\/\/www.facebook.com\/ElTrabajoDiario","article_published_time":"2025-05-09T00:56:33+00:00","og_image":[{"width":698,"height":369,"url":"https:\/\/eltrabajo.cl\/web\/wp-content\/uploads\/2025\/05\/boliviano-detenido.jpg","type":"image\/jpeg"}],"author":"Diario El Trabajo","twitter_card":"summary_large_image","twitter_creator":"@diarioeltrabajo","twitter_site":"@diarioeltrabajo","twitter_misc":{"Escrito por":"Diario El Trabajo","Tiempo estimado de lectura":"3 minutos"},"schema":{"@context":"https:\/\/schema.org","@graph":[{"@type":"Article","@id":"https:\/\/eltrabajo.cl\/web\/carabineros-detuvo-a-boliviano-por-asesinato-ocurrido-en-2024-en-la-toma-de-san-felipe\/#article","isPartOf":{"@id":"https:\/\/eltrabajo.cl\/web\/carabineros-detuvo-a-boliviano-por-asesinato-ocurrido-en-2024-en-la-toma-de-san-felipe\/"},"author":{"name":"Diario El Trabajo","@id":"https:\/\/eltrabajo.cl\/web\/#\/schema\/person\/45efd3d17f86ec456e44dd7debe1bf19"},"headline":"Carabineros detuvo a boliviano por asesinato ocurrido en 2024 en la Toma de San Felipe","datePublished":"2025-05-09T00:56:33+00:00","mainEntityOfPage":{"@id":"https:\/\/eltrabajo.cl\/web\/carabineros-detuvo-a-boliviano-por-asesinato-ocurrido-en-2024-en-la-toma-de-san-felipe\/"},"wordCount":406,"commentCount":0,"publisher":{"@id":"https:\/\/eltrabajo.cl\/web\/#organization"},"image":{"@id":"https:\/\/eltrabajo.cl\/web\/carabineros-detuvo-a-boliviano-por-asesinato-ocurrido-en-2024-en-la-toma-de-san-felipe\/#primaryimage"},"thumbnailUrl":"https:\/\/eltrabajo.cl\/web\/wp-content\/uploads\/2025\/05\/boliviano-detenido.jpg","articleSection":["Policial"],"inLanguage":"es-CL","potentialAction":[{"@type":"CommentAction","name":"Comment","target":["https:\/\/eltrabajo.cl\/web\/carabineros-detuvo-a-boliviano-por-asesinato-ocurrido-en-2024-en-la-toma-de-san-felipe\/#respond"]}]},{"@type":"WebPage","@id":"https:\/\/eltrabajo.cl\/web\/carabineros-detuvo-a-boliviano-por-asesinato-ocurrido-en-2024-en-la-toma-de-san-felipe\/","url":"https:\/\/eltrabajo.cl\/web\/carabineros-detuvo-a-boliviano-por-asesinato-ocurrido-en-2024-en-la-toma-de-san-felipe\/","name":"Carabineros detuvo a boliviano por asesinato ocurrido en 2024 en la Toma de San Felipe - Diario El Trabajo","isPartOf":{"@id":"https:\/\/eltrabajo.cl\/web\/#website"},"primaryImageOfPage":{"@id":"https:\/\/eltrabajo.cl\/web\/carabineros-detuvo-a-boliviano-por-asesinato-ocurrido-en-2024-en-la-toma-de-san-felipe\/#primaryimage"},"image":{"@id":"https:\/\/eltrabajo.cl\/web\/carabineros-detuvo-a-boliviano-por-asesinato-ocurrido-en-2024-en-la-toma-de-san-felipe\/#primaryimage"},"thumbnailUrl":"https:\/\/eltrabajo.cl\/web\/wp-content\/uploads\/2025\/05\/boliviano-detenido.jpg","datePublished":"2025-05-09T00:56:33+00:00","breadcrumb":{"@id":"https:\/\/eltrabajo.cl\/web\/carabineros-detuvo-a-boliviano-por-asesinato-ocurrido-en-2024-en-la-toma-de-san-felipe\/#breadcrumb"},"inLanguage":"es-CL","potentialAction":[{"@type":"ReadAction","target":["https:\/\/eltrabajo.cl\/web\/carabineros-detuvo-a-boliviano-por-asesinato-ocurrido-en-2024-en-la-toma-de-san-felipe\/"]}]},{"@type":"ImageObject","inLanguage":"es-CL","@id":"https:\/\/eltrabajo.cl\/web\/carabineros-detuvo-a-boliviano-por-asesinato-ocurrido-en-2024-en-la-toma-de-san-felipe\/#primaryimage","url":"https:\/\/eltrabajo.cl\/web\/wp-content\/uploads\/2025\/05\/boliviano-detenido.jpg","contentUrl":"https:\/\/eltrabajo.cl\/web\/wp-content\/uploads\/2025\/05\/boliviano-detenido.jpg","width":698,"height":369,"caption":"Detienen a boliviano pr\u00f3fugo por asesinato de un haitiano en la Toma de San Felipe."},{"@type":"BreadcrumbList","@id":"https:\/\/eltrabajo.cl\/web\/carabineros-detuvo-a-boliviano-por-asesinato-ocurrido-en-2024-en-la-toma-de-san-felipe\/#breadcrumb","itemListElement":[{"@type":"ListItem","position":1,"name":"Portada","item":"https:\/\/eltrabajo.cl\/web\/"},{"@type":"ListItem","position":2,"name":"Carabineros detuvo a boliviano por asesinato ocurrido en 2024 en la Toma de San Felipe"}]},{"@type":"WebSite","@id":"https:\/\/eltrabajo.cl\/web\/#website","url":"https:\/\/eltrabajo.cl\/web\/","name":"Diario El Trabajo","description":"Desde 1929 construyendo Identidad Local","publisher":{"@id":"https:\/\/eltrabajo.cl\/web\/#organization"},"potentialAction":[{"@type":"SearchAction","target":{"@type":"EntryPoint","urlTemplate":"https:\/\/eltrabajo.cl\/web\/?s={search_term_string}"},"query-input":{"@type":"PropertyValueSpecification","valueRequired":true,"valueName":"search_term_string"}}],"inLanguage":"es-CL"},{"@type":"Organization","@id":"https:\/\/eltrabajo.cl\/web\/#organization","name":"Diario El Trabajo","url":"https:\/\/eltrabajo.cl\/web\/","logo":{"@type":"ImageObject","inLanguage":"es-CL","@id":"https:\/\/eltrabajo.cl\/web\/#\/schema\/logo\/image\/","url":"https:\/\/eltrabajo.cl\/web\/wp-content\/uploads\/2024\/06\/profile-image-ig-page-diarioeltrabajo.jpg","contentUrl":"https:\/\/eltrabajo.cl\/web\/wp-content\/uploads\/2024\/06\/profile-image-ig-page-diarioeltrabajo.jpg","width":823,"height":823,"caption":"Diario El Trabajo"},"image":{"@id":"https:\/\/eltrabajo.cl\/web\/#\/schema\/logo\/image\/"},"sameAs":["https:\/\/www.facebook.com\/ElTrabajoDiario","https:\/\/x.com\/diarioeltrabajo"]},{"@type":"Person","@id":"https:\/\/eltrabajo.cl\/web\/#\/schema\/person\/45efd3d17f86ec456e44dd7debe1bf19","name":"Diario El Trabajo","image":{"@type":"ImageObject","inLanguage":"es-CL","@id":"https:\/\/secure.gravatar.com\/avatar\/7e6ec277dc4aea2677c2dc301d4227957219329c985ab69a3efc12518b5161aa?s=96&d=mm&r=g","url":"https:\/\/secure.gravatar.com\/avatar\/7e6ec277dc4aea2677c2dc301d4227957219329c985ab69a3efc12518b5161aa?s=96&d=mm&r=g","contentUrl":"https:\/\/secure.gravatar.com\/avatar\/7e6ec277dc4aea2677c2dc301d4227957219329c985ab69a3efc12518b5161aa?s=96&d=mm&r=g","caption":"Diario El Trabajo"},"sameAs":["https:\/\/eltrabajo.cl\/web"],"url":"https:\/\/eltrabajo.cl\/web\/author\/diario-el-trabajo\/"}]}},"_links":{"self":[{"href":"https:\/\/eltrabajo.cl\/web\/wp-json\/wp\/v2\/posts\/137296","targetHints":{"allow":["GET"]}}],"collection":[{"href":"https:\/\/eltrabajo.cl\/web\/wp-json\/wp\/v2\/posts"}],"about":[{"href":"https:\/\/eltrabajo.cl\/web\/wp-json\/wp\/v2\/types\/post"}],"author":[{"embeddable":true,"href":"https:\/\/eltrabajo.cl\/web\/wp-json\/wp\/v2\/users\/1"}],"replies":[{"embeddable":true,"href":"https:\/\/eltrabajo.cl\/web\/wp-json\/wp\/v2\/comments?post=137296"}],"version-history":[{"count":1,"href":"https:\/\/eltrabajo.cl\/web\/wp-json\/wp\/v2\/posts\/137296\/revisions"}],"predecessor-version":[{"id":137298,"href":"https:\/\/eltrabajo.cl\/web\/wp-json\/wp\/v2\/posts\/137296\/revisions\/137298"}],"wp:featuredmedia":[{"embeddable":true,"href":"https:\/\/eltrabajo.cl\/web\/wp-json\/wp\/v2\/media\/137297"}],"wp:attachment":[{"href":"https:\/\/eltrabajo.cl\/web\/wp-json\/wp\/v2\/media?parent=137296"}],"wp:term":[{"taxonomy":"category","embeddable":true,"href":"https:\/\/eltrabajo.cl\/web\/wp-json\/wp\/v2\/categories?post=137296"},{"taxonomy":"post_tag","embeddable":true,"href":"https:\/\/eltrabajo.cl\/web\/wp-json\/wp\/v2\/tags?post=137296"}],"curies":[{"name":"wp","href":"https:\/\/api.w.org\/{rel}","templated":true}]}}