{"id":137372,"date":"2025-05-13T22:04:00","date_gmt":"2025-05-14T01:04:00","guid":{"rendered":"https:\/\/eltrabajo.cl\/web\/?p=137372"},"modified":"2025-05-13T22:04:00","modified_gmt":"2025-05-14T01:04:00","slug":"acusado-de-homicidio-en-la-toma-el-2024-queda-libre-tras-pagar-fianza-de-un-millon-de-pesos","status":"publish","type":"post","link":"https:\/\/eltrabajo.cl\/web\/acusado-de-homicidio-en-la-toma-el-2024-queda-libre-tras-pagar-fianza-de-un-millon-de-pesos\/","title":{"rendered":"Acusado de homicidio en la Toma el 2024 queda libre tras pagar fianza de un mill\u00f3n de pesos"},"content":{"rendered":"<p>Hace unas semanas personal de la Secci\u00f3n de Investigaci\u00f3n Policial (SIP) de la Segunda Comisar\u00eda de Carabineros de San Felipe detuvo a un sujeto boliviano identificado como Y.C.H.J., de 25 a\u00f1os de edad, quien estaba pr\u00f3fugo de la justicia tras ser acusado del asesinato de un ciudadano haitiano en la Toma de San Felipe, en el mes de agosto del a\u00f1o 2024.<\/p>\n<p>El imputado, pas\u00f3 a control de detenci\u00f3n el viernes en la ma\u00f1ana, donde el tribunal decret\u00f3 su prisi\u00f3n preventiva, pero por el hecho de haberlo hecho bajo el motivo de peligro de fuga, la defensa pidi\u00f3 -conforme a un art\u00edculo determinado- que se fijara una fianza para recuperar su libertad. Por lo anterior, el juzgado accedi\u00f3 y pidi\u00f3 el pago de un mill\u00f3n de pesos, algo que seg\u00fan su abogado Jos\u00e9 N\u00fa\u00f1ez Avil\u00e9s, se realiz\u00f3 este s\u00e1bado 10 de mayo.<\/p>\n<p>As\u00ed lo coment\u00f3 en conversaci\u00f3n sostenida con Diario El Trabajo, donde admite que \u00abefectivamente estoy representando a un imputado en la causa que usted se refiere, que fue el fallecimiento de un ciudadano haitiano el pasado 18 de agosto del 2024, en el cual la fiscal\u00eda imput\u00f3 cargos a mi representado por el delito de homicidio. La fiscal\u00eda solicit\u00f3 la prisi\u00f3n preventiva por considerarlo un peligro para la sociedad, nosotros nos opusimos y cuestionamos principalmente la participaci\u00f3n de mi defendido y finalmente el tribunal al resolver, concedi\u00f3 la prisi\u00f3n preventiva, pero solamente por peligro de fuga\u00bb, dijo.<\/p>\n<p>De acuerdo a lo anterior, el abogado N\u00fa\u00f1ez Avil\u00e9s se\u00f1al\u00f3 que \u00abnosotros solicitamos que este peligro de fuga se caucionara a trav\u00e9s de una fianza de acuerdo al art\u00edculo 146, que finalmente fue de 1 mill\u00f3n de pesos, la cual tengo entendido mi representado la habr\u00eda pagado el d\u00eda s\u00e1bado y adem\u00e1s, qued\u00f3 con la cautelar en caso que recuperara su libertad y pagara esta fianza, de firma diaria ac\u00e1 en la Segunda Comisar\u00eda de San Felipe y arraigo nacional, obviamente\u00bb, detall\u00f3.<\/p>\n<p><strong>&#8211; Abogado, esto se puede hacer de acuerdo a ese art\u00edculo, porque quiz\u00e1s la opini\u00f3n p\u00fablica puede decir \u2018chuta, pag\u00f3 una fianza, est\u00e1 libre y est\u00e1 acusado de matar a una persona. \u00bfEsto lo permite la ley?\u00a0<\/strong><\/p>\n<p>&#8211; Tal como le expliqu\u00e9, nosotros cuestionamos la participaci\u00f3n y el tribunal, si bien es cierto, consider\u00f3 de que hab\u00edan indicios que eventualmente acreditaban la participaci\u00f3n de mi representado, finalmente consider\u00f3 y de acuerdo a nuestra alegaci\u00f3n, de que ac\u00e1 no habr\u00eda ning\u00fan tipo de peligro para la sociedad, sino m\u00e1s bien un peligro de fuga y como le dec\u00eda, el peligro de fuga se puede caucionar con una fianza que finalmente qued\u00f3 de un mill\u00f3n de pesos, algo que la ley permite cuando la persona solamente quedan en prisi\u00f3n preventiva por peligro de fuga, no por peligro para la sociedad.<\/p>\n<p><strong>&#8211; Lo otro abogado, \u00bfpor qu\u00e9 est\u00e1n esas dudas de la participaci\u00f3n de su representado?<\/strong><\/p>\n<p>&#8211; A juicio de la defensa, nosotros creemos de que no exist\u00edan antecedentes muy imperiosos de mayor fuerza que acreditaran la participaci\u00f3n de mi representado; de hecho, la verdad de las cosas, insisto, a juicio m\u00edo, hab\u00eda bastante poco. Una declaraci\u00f3n de una persona que era un testigo protegido, pero no lo reconoce la pareja del caballero fallecido ni una amiga que andaba ese d\u00eda de los hechos, un amigo de \u00e9l que tambi\u00e9n es de nacionalidad haitiana. La verdad de las cosas que no, a juicio de nosotros hab\u00edan pocos antecedentes que dieran cuenta de la participaci\u00f3n. Igualmente el Tribunal la tuvo por acreditada, pero creemos nosotros que de una forma un poco m\u00e1s d\u00e9bil y por eso, finalmente decret\u00f3 la prisi\u00f3n preventiva por peligro de fuga solamente y no peligro para la sociedad.<\/p>\n<p><strong>&#8211; \u00bfAlgo m\u00e1s que agregar de este caso abogado?<\/strong><\/p>\n<p>&#8211; Solo que se fij\u00f3 un plazo de cierre de investigaci\u00f3n de 70 d\u00edas y nosotros vamos a intentar hacer todas las diligencias posibles para poder desacreditar la participaci\u00f3n de este caballero, porque seg\u00fan lo que \u00e9l me dice y la verdad que de cierta forma le creo, porque los antecedentes dan cuenta que al parecer no habr\u00eda sido la persona que habr\u00eda cometido estos hechos.<\/p>\n<p><strong>&#8211; \u00bfO sea no tendr\u00eda participaci\u00f3n en el hecho?<\/strong><\/p>\n<p>&#8211; Eso es lo que nosotros estamos alegando desde un primer momento\u2026 la falta de participaci\u00f3n.<\/p>\n<p>&nbsp;<\/p>\n<p><strong>UN POCO DE CONTEXTO<\/strong><\/p>\n<p>En ese momento del homicidio, el entonces comisario de Carabineros de San Felipe, mayor Jorge Guzm\u00e1n, indicaba que <em>&#8220;la madrugada del d\u00eda de hoy<\/em> (domingo)<em>, ingresa fallecido hacia el servicio de urgencia del Hospital San Camilo, un sujeto de sexo masculino, mayor de edad, de nacionalidad extranjera, quien hab\u00eda recibido una herida cortopunzante en el sector del cuello&#8221;<\/em>.<\/p>\n<p>En este contexto, y tras las primeras diligencias en el lugar, se pudo establecer que la v\u00edctima se encontraba en esta discoteca de la Toma, lugar donde recibi\u00f3 este ataque. <em>&#8220;Efectuado un empadronamiento de testigos, se logra acreditar que la v\u00edctima se hab\u00eda encontrado en una discoteca clandestina en el sector del asentamiento\u00a0<\/em> (Toma) <em>\u2018Yevide\u2019, en donde sujetos desconocidos le propinaron esta mortal herida&#8221;<\/em>, agregaba.<\/p>\n<p>Asimismo, el mayor Guzm\u00e1n dijo que la v\u00edctima fue trasladada por su pareja hacia el Hospital San Camilo, aunque lamentablemente, este \u00faltimo ingres\u00f3 ya fallecido producto de la herida. <em>&#8220;Es trasladado por su pareja hasta el servicio m\u00e9dico de urgencia, no alcanzado a llegar a este, ingresando fallecido&#8221;<\/em>, asegur\u00f3.<\/p>\n<figure id=\"attachment_137373\" aria-describedby=\"caption-attachment-137373\" style=\"width: 698px\" class=\"wp-caption alignnone\"><img loading=\"lazy\" decoding=\"async\" class=\"size-full wp-image-137373\" src=\"http:\/\/eltrabajo.cl\/web\/wp-content\/uploads\/2025\/05\/boliviano-detenido-1.jpg\" alt=\"El Imputado en los momentos que era escoltado por Carabineros tras ser detenido.\" width=\"698\" height=\"385\" srcset=\"https:\/\/eltrabajo.cl\/web\/wp-content\/uploads\/2025\/05\/boliviano-detenido-1.jpg 698w, https:\/\/eltrabajo.cl\/web\/wp-content\/uploads\/2025\/05\/boliviano-detenido-1-300x165.jpg 300w, https:\/\/eltrabajo.cl\/web\/wp-content\/uploads\/2025\/05\/boliviano-detenido-1-150x83.jpg 150w, https:\/\/eltrabajo.cl\/web\/wp-content\/uploads\/2025\/05\/boliviano-detenido-1-696x384.jpg 696w\" sizes=\"auto, (max-width: 698px) 100vw, 698px\" \/><figcaption id=\"caption-attachment-137373\" class=\"wp-caption-text\">El Imputado en los momentos que era escoltado por Carabineros tras ser detenido (Foto de archivo).<\/figcaption><\/figure>\n","protected":false},"excerpt":{"rendered":"<p>Hace unas semanas personal de la Secci\u00f3n de Investigaci\u00f3n Policial (SIP) de la Segunda Comisar\u00eda de Carabineros de San Felipe detuvo a un sujeto boliviano identificado como Y.C.H.J., de 25 a\u00f1os de edad, quien estaba pr\u00f3fugo de la justicia tras ser acusado del asesinato de un ciudadano haitiano en la Toma de San Felipe, en [&hellip;]<\/p>\n","protected":false},"author":1,"featured_media":137373,"comment_status":"closed","ping_status":"closed","sticky":false,"template":"","format":"standard","meta":{"footnotes":""},"categories":[13],"tags":[],"class_list":{"0":"post-137372","1":"post","2":"type-post","3":"status-publish","4":"format-standard","5":"has-post-thumbnail","7":"category-tribunales"},"yoast_head":"<!-- This site is optimized with the Yoast SEO plugin v27.4 - https:\/\/yoast.com\/product\/yoast-seo-wordpress\/ -->\n<title>Acusado de homicidio en la Toma el 2024 queda libre tras pagar fianza de un mill\u00f3n de pesos - Diario El Trabajo<\/title>\n<meta name=\"robots\" content=\"index, follow, max-snippet:-1, max-image-preview:large, max-video-preview:-1\" \/>\n<link rel=\"canonical\" href=\"https:\/\/eltrabajo.cl\/web\/acusado-de-homicidio-en-la-toma-el-2024-queda-libre-tras-pagar-fianza-de-un-millon-de-pesos\/\" \/>\n<meta property=\"og:locale\" content=\"es_ES\" \/>\n<meta property=\"og:type\" content=\"article\" \/>\n<meta property=\"og:title\" content=\"Acusado de homicidio en la Toma el 2024 queda libre tras pagar fianza de un mill\u00f3n de pesos - Diario El Trabajo\" \/>\n<meta property=\"og:description\" content=\"Hace unas semanas personal de la Secci\u00f3n de Investigaci\u00f3n Policial (SIP) de la Segunda Comisar\u00eda de Carabineros de San Felipe detuvo a un sujeto boliviano identificado como Y.C.H.J., de 25 a\u00f1os de edad, quien estaba pr\u00f3fugo de la justicia tras ser acusado del asesinato de un ciudadano haitiano en la Toma de San Felipe, en [&hellip;]\" \/>\n<meta property=\"og:url\" content=\"https:\/\/eltrabajo.cl\/web\/acusado-de-homicidio-en-la-toma-el-2024-queda-libre-tras-pagar-fianza-de-un-millon-de-pesos\/\" \/>\n<meta property=\"og:site_name\" content=\"Diario El Trabajo\" \/>\n<meta property=\"article:publisher\" content=\"https:\/\/www.facebook.com\/ElTrabajoDiario\" \/>\n<meta property=\"article:published_time\" content=\"2025-05-14T01:04:00+00:00\" \/>\n<meta property=\"og:image\" content=\"https:\/\/eltrabajo.cl\/web\/wp-content\/uploads\/2025\/05\/boliviano-detenido-1.jpg\" \/>\n\t<meta property=\"og:image:width\" content=\"698\" \/>\n\t<meta property=\"og:image:height\" content=\"385\" \/>\n\t<meta property=\"og:image:type\" content=\"image\/jpeg\" \/>\n<meta name=\"author\" content=\"Diario El Trabajo\" \/>\n<meta name=\"twitter:card\" content=\"summary_large_image\" \/>\n<meta name=\"twitter:creator\" content=\"@diarioeltrabajo\" \/>\n<meta name=\"twitter:site\" content=\"@diarioeltrabajo\" \/>\n<meta name=\"twitter:label1\" content=\"Escrito por\" \/>\n\t<meta name=\"twitter:data1\" content=\"Diario El Trabajo\" \/>\n\t<meta name=\"twitter:label2\" content=\"Tiempo estimado de lectura\" \/>\n\t<meta name=\"twitter:data2\" content=\"5 minutos\" \/>\n<script type=\"application\/ld+json\" class=\"yoast-schema-graph\">{\"@context\":\"https:\\\/\\\/schema.org\",\"@graph\":[{\"@type\":\"Article\",\"@id\":\"https:\\\/\\\/eltrabajo.cl\\\/web\\\/acusado-de-homicidio-en-la-toma-el-2024-queda-libre-tras-pagar-fianza-de-un-millon-de-pesos\\\/#article\",\"isPartOf\":{\"@id\":\"https:\\\/\\\/eltrabajo.cl\\\/web\\\/acusado-de-homicidio-en-la-toma-el-2024-queda-libre-tras-pagar-fianza-de-un-millon-de-pesos\\\/\"},\"author\":{\"name\":\"Diario El Trabajo\",\"@id\":\"https:\\\/\\\/eltrabajo.cl\\\/web\\\/#\\\/schema\\\/person\\\/45efd3d17f86ec456e44dd7debe1bf19\"},\"headline\":\"Acusado de homicidio en la Toma el 2024 queda libre tras pagar fianza de un mill\u00f3n de pesos\",\"datePublished\":\"2025-05-14T01:04:00+00:00\",\"mainEntityOfPage\":{\"@id\":\"https:\\\/\\\/eltrabajo.cl\\\/web\\\/acusado-de-homicidio-en-la-toma-el-2024-queda-libre-tras-pagar-fianza-de-un-millon-de-pesos\\\/\"},\"wordCount\":1001,\"publisher\":{\"@id\":\"https:\\\/\\\/eltrabajo.cl\\\/web\\\/#organization\"},\"image\":{\"@id\":\"https:\\\/\\\/eltrabajo.cl\\\/web\\\/acusado-de-homicidio-en-la-toma-el-2024-queda-libre-tras-pagar-fianza-de-un-millon-de-pesos\\\/#primaryimage\"},\"thumbnailUrl\":\"https:\\\/\\\/eltrabajo.cl\\\/web\\\/wp-content\\\/uploads\\\/2025\\\/05\\\/boliviano-detenido-1.jpg\",\"articleSection\":[\"Tribunales\"],\"inLanguage\":\"es-CL\"},{\"@type\":\"WebPage\",\"@id\":\"https:\\\/\\\/eltrabajo.cl\\\/web\\\/acusado-de-homicidio-en-la-toma-el-2024-queda-libre-tras-pagar-fianza-de-un-millon-de-pesos\\\/\",\"url\":\"https:\\\/\\\/eltrabajo.cl\\\/web\\\/acusado-de-homicidio-en-la-toma-el-2024-queda-libre-tras-pagar-fianza-de-un-millon-de-pesos\\\/\",\"name\":\"Acusado de homicidio en la Toma el 2024 queda libre tras pagar fianza de un mill\u00f3n de pesos - Diario El Trabajo\",\"isPartOf\":{\"@id\":\"https:\\\/\\\/eltrabajo.cl\\\/web\\\/#website\"},\"primaryImageOfPage\":{\"@id\":\"https:\\\/\\\/eltrabajo.cl\\\/web\\\/acusado-de-homicidio-en-la-toma-el-2024-queda-libre-tras-pagar-fianza-de-un-millon-de-pesos\\\/#primaryimage\"},\"image\":{\"@id\":\"https:\\\/\\\/eltrabajo.cl\\\/web\\\/acusado-de-homicidio-en-la-toma-el-2024-queda-libre-tras-pagar-fianza-de-un-millon-de-pesos\\\/#primaryimage\"},\"thumbnailUrl\":\"https:\\\/\\\/eltrabajo.cl\\\/web\\\/wp-content\\\/uploads\\\/2025\\\/05\\\/boliviano-detenido-1.jpg\",\"datePublished\":\"2025-05-14T01:04:00+00:00\",\"breadcrumb\":{\"@id\":\"https:\\\/\\\/eltrabajo.cl\\\/web\\\/acusado-de-homicidio-en-la-toma-el-2024-queda-libre-tras-pagar-fianza-de-un-millon-de-pesos\\\/#breadcrumb\"},\"inLanguage\":\"es-CL\",\"potentialAction\":[{\"@type\":\"ReadAction\",\"target\":[\"https:\\\/\\\/eltrabajo.cl\\\/web\\\/acusado-de-homicidio-en-la-toma-el-2024-queda-libre-tras-pagar-fianza-de-un-millon-de-pesos\\\/\"]}]},{\"@type\":\"ImageObject\",\"inLanguage\":\"es-CL\",\"@id\":\"https:\\\/\\\/eltrabajo.cl\\\/web\\\/acusado-de-homicidio-en-la-toma-el-2024-queda-libre-tras-pagar-fianza-de-un-millon-de-pesos\\\/#primaryimage\",\"url\":\"https:\\\/\\\/eltrabajo.cl\\\/web\\\/wp-content\\\/uploads\\\/2025\\\/05\\\/boliviano-detenido-1.jpg\",\"contentUrl\":\"https:\\\/\\\/eltrabajo.cl\\\/web\\\/wp-content\\\/uploads\\\/2025\\\/05\\\/boliviano-detenido-1.jpg\",\"width\":698,\"height\":385,\"caption\":\"El Imputado en los momentos que era escoltado por Carabineros tras ser detenido.\"},{\"@type\":\"BreadcrumbList\",\"@id\":\"https:\\\/\\\/eltrabajo.cl\\\/web\\\/acusado-de-homicidio-en-la-toma-el-2024-queda-libre-tras-pagar-fianza-de-un-millon-de-pesos\\\/#breadcrumb\",\"itemListElement\":[{\"@type\":\"ListItem\",\"position\":1,\"name\":\"Portada\",\"item\":\"https:\\\/\\\/eltrabajo.cl\\\/web\\\/\"},{\"@type\":\"ListItem\",\"position\":2,\"name\":\"Acusado de homicidio en la Toma el 2024 queda libre tras pagar fianza de un mill\u00f3n de pesos\"}]},{\"@type\":\"WebSite\",\"@id\":\"https:\\\/\\\/eltrabajo.cl\\\/web\\\/#website\",\"url\":\"https:\\\/\\\/eltrabajo.cl\\\/web\\\/\",\"name\":\"Diario El Trabajo\",\"description\":\"Desde 1929 construyendo Identidad Local\",\"publisher\":{\"@id\":\"https:\\\/\\\/eltrabajo.cl\\\/web\\\/#organization\"},\"potentialAction\":[{\"@type\":\"SearchAction\",\"target\":{\"@type\":\"EntryPoint\",\"urlTemplate\":\"https:\\\/\\\/eltrabajo.cl\\\/web\\\/?s={search_term_string}\"},\"query-input\":{\"@type\":\"PropertyValueSpecification\",\"valueRequired\":true,\"valueName\":\"search_term_string\"}}],\"inLanguage\":\"es-CL\"},{\"@type\":\"Organization\",\"@id\":\"https:\\\/\\\/eltrabajo.cl\\\/web\\\/#organization\",\"name\":\"Diario El Trabajo\",\"url\":\"https:\\\/\\\/eltrabajo.cl\\\/web\\\/\",\"logo\":{\"@type\":\"ImageObject\",\"inLanguage\":\"es-CL\",\"@id\":\"https:\\\/\\\/eltrabajo.cl\\\/web\\\/#\\\/schema\\\/logo\\\/image\\\/\",\"url\":\"https:\\\/\\\/eltrabajo.cl\\\/web\\\/wp-content\\\/uploads\\\/2024\\\/06\\\/profile-image-ig-page-diarioeltrabajo.jpg\",\"contentUrl\":\"https:\\\/\\\/eltrabajo.cl\\\/web\\\/wp-content\\\/uploads\\\/2024\\\/06\\\/profile-image-ig-page-diarioeltrabajo.jpg\",\"width\":823,\"height\":823,\"caption\":\"Diario El Trabajo\"},\"image\":{\"@id\":\"https:\\\/\\\/eltrabajo.cl\\\/web\\\/#\\\/schema\\\/logo\\\/image\\\/\"},\"sameAs\":[\"https:\\\/\\\/www.facebook.com\\\/ElTrabajoDiario\",\"https:\\\/\\\/x.com\\\/diarioeltrabajo\"]},{\"@type\":\"Person\",\"@id\":\"https:\\\/\\\/eltrabajo.cl\\\/web\\\/#\\\/schema\\\/person\\\/45efd3d17f86ec456e44dd7debe1bf19\",\"name\":\"Diario El Trabajo\",\"image\":{\"@type\":\"ImageObject\",\"inLanguage\":\"es-CL\",\"@id\":\"https:\\\/\\\/secure.gravatar.com\\\/avatar\\\/7e6ec277dc4aea2677c2dc301d4227957219329c985ab69a3efc12518b5161aa?s=96&d=mm&r=g\",\"url\":\"https:\\\/\\\/secure.gravatar.com\\\/avatar\\\/7e6ec277dc4aea2677c2dc301d4227957219329c985ab69a3efc12518b5161aa?s=96&d=mm&r=g\",\"contentUrl\":\"https:\\\/\\\/secure.gravatar.com\\\/avatar\\\/7e6ec277dc4aea2677c2dc301d4227957219329c985ab69a3efc12518b5161aa?s=96&d=mm&r=g\",\"caption\":\"Diario El Trabajo\"},\"sameAs\":[\"https:\\\/\\\/eltrabajo.cl\\\/web\"],\"url\":\"https:\\\/\\\/eltrabajo.cl\\\/web\\\/author\\\/diario-el-trabajo\\\/\"}]}<\/script>\n<!-- \/ Yoast SEO plugin. -->","yoast_head_json":{"title":"Acusado de homicidio en la Toma el 2024 queda libre tras pagar fianza de un mill\u00f3n de pesos - Diario El Trabajo","robots":{"index":"index","follow":"follow","max-snippet":"max-snippet:-1","max-image-preview":"max-image-preview:large","max-video-preview":"max-video-preview:-1"},"canonical":"https:\/\/eltrabajo.cl\/web\/acusado-de-homicidio-en-la-toma-el-2024-queda-libre-tras-pagar-fianza-de-un-millon-de-pesos\/","og_locale":"es_ES","og_type":"article","og_title":"Acusado de homicidio en la Toma el 2024 queda libre tras pagar fianza de un mill\u00f3n de pesos - Diario El Trabajo","og_description":"Hace unas semanas personal de la Secci\u00f3n de Investigaci\u00f3n Policial (SIP) de la Segunda Comisar\u00eda de Carabineros de San Felipe detuvo a un sujeto boliviano identificado como Y.C.H.J., de 25 a\u00f1os de edad, quien estaba pr\u00f3fugo de la justicia tras ser acusado del asesinato de un ciudadano haitiano en la Toma de San Felipe, en [&hellip;]","og_url":"https:\/\/eltrabajo.cl\/web\/acusado-de-homicidio-en-la-toma-el-2024-queda-libre-tras-pagar-fianza-de-un-millon-de-pesos\/","og_site_name":"Diario El Trabajo","article_publisher":"https:\/\/www.facebook.com\/ElTrabajoDiario","article_published_time":"2025-05-14T01:04:00+00:00","og_image":[{"width":698,"height":385,"url":"https:\/\/eltrabajo.cl\/web\/wp-content\/uploads\/2025\/05\/boliviano-detenido-1.jpg","type":"image\/jpeg"}],"author":"Diario El Trabajo","twitter_card":"summary_large_image","twitter_creator":"@diarioeltrabajo","twitter_site":"@diarioeltrabajo","twitter_misc":{"Escrito por":"Diario El Trabajo","Tiempo estimado de lectura":"5 minutos"},"schema":{"@context":"https:\/\/schema.org","@graph":[{"@type":"Article","@id":"https:\/\/eltrabajo.cl\/web\/acusado-de-homicidio-en-la-toma-el-2024-queda-libre-tras-pagar-fianza-de-un-millon-de-pesos\/#article","isPartOf":{"@id":"https:\/\/eltrabajo.cl\/web\/acusado-de-homicidio-en-la-toma-el-2024-queda-libre-tras-pagar-fianza-de-un-millon-de-pesos\/"},"author":{"name":"Diario El Trabajo","@id":"https:\/\/eltrabajo.cl\/web\/#\/schema\/person\/45efd3d17f86ec456e44dd7debe1bf19"},"headline":"Acusado de homicidio en la Toma el 2024 queda libre tras pagar fianza de un mill\u00f3n de pesos","datePublished":"2025-05-14T01:04:00+00:00","mainEntityOfPage":{"@id":"https:\/\/eltrabajo.cl\/web\/acusado-de-homicidio-en-la-toma-el-2024-queda-libre-tras-pagar-fianza-de-un-millon-de-pesos\/"},"wordCount":1001,"publisher":{"@id":"https:\/\/eltrabajo.cl\/web\/#organization"},"image":{"@id":"https:\/\/eltrabajo.cl\/web\/acusado-de-homicidio-en-la-toma-el-2024-queda-libre-tras-pagar-fianza-de-un-millon-de-pesos\/#primaryimage"},"thumbnailUrl":"https:\/\/eltrabajo.cl\/web\/wp-content\/uploads\/2025\/05\/boliviano-detenido-1.jpg","articleSection":["Tribunales"],"inLanguage":"es-CL"},{"@type":"WebPage","@id":"https:\/\/eltrabajo.cl\/web\/acusado-de-homicidio-en-la-toma-el-2024-queda-libre-tras-pagar-fianza-de-un-millon-de-pesos\/","url":"https:\/\/eltrabajo.cl\/web\/acusado-de-homicidio-en-la-toma-el-2024-queda-libre-tras-pagar-fianza-de-un-millon-de-pesos\/","name":"Acusado de homicidio en la Toma el 2024 queda libre tras pagar fianza de un mill\u00f3n de pesos - Diario El Trabajo","isPartOf":{"@id":"https:\/\/eltrabajo.cl\/web\/#website"},"primaryImageOfPage":{"@id":"https:\/\/eltrabajo.cl\/web\/acusado-de-homicidio-en-la-toma-el-2024-queda-libre-tras-pagar-fianza-de-un-millon-de-pesos\/#primaryimage"},"image":{"@id":"https:\/\/eltrabajo.cl\/web\/acusado-de-homicidio-en-la-toma-el-2024-queda-libre-tras-pagar-fianza-de-un-millon-de-pesos\/#primaryimage"},"thumbnailUrl":"https:\/\/eltrabajo.cl\/web\/wp-content\/uploads\/2025\/05\/boliviano-detenido-1.jpg","datePublished":"2025-05-14T01:04:00+00:00","breadcrumb":{"@id":"https:\/\/eltrabajo.cl\/web\/acusado-de-homicidio-en-la-toma-el-2024-queda-libre-tras-pagar-fianza-de-un-millon-de-pesos\/#breadcrumb"},"inLanguage":"es-CL","potentialAction":[{"@type":"ReadAction","target":["https:\/\/eltrabajo.cl\/web\/acusado-de-homicidio-en-la-toma-el-2024-queda-libre-tras-pagar-fianza-de-un-millon-de-pesos\/"]}]},{"@type":"ImageObject","inLanguage":"es-CL","@id":"https:\/\/eltrabajo.cl\/web\/acusado-de-homicidio-en-la-toma-el-2024-queda-libre-tras-pagar-fianza-de-un-millon-de-pesos\/#primaryimage","url":"https:\/\/eltrabajo.cl\/web\/wp-content\/uploads\/2025\/05\/boliviano-detenido-1.jpg","contentUrl":"https:\/\/eltrabajo.cl\/web\/wp-content\/uploads\/2025\/05\/boliviano-detenido-1.jpg","width":698,"height":385,"caption":"El Imputado en los momentos que era escoltado por Carabineros tras ser detenido."},{"@type":"BreadcrumbList","@id":"https:\/\/eltrabajo.cl\/web\/acusado-de-homicidio-en-la-toma-el-2024-queda-libre-tras-pagar-fianza-de-un-millon-de-pesos\/#breadcrumb","itemListElement":[{"@type":"ListItem","position":1,"name":"Portada","item":"https:\/\/eltrabajo.cl\/web\/"},{"@type":"ListItem","position":2,"name":"Acusado de homicidio en la Toma el 2024 queda libre tras pagar fianza de un mill\u00f3n de pesos"}]},{"@type":"WebSite","@id":"https:\/\/eltrabajo.cl\/web\/#website","url":"https:\/\/eltrabajo.cl\/web\/","name":"Diario El Trabajo","description":"Desde 1929 construyendo Identidad Local","publisher":{"@id":"https:\/\/eltrabajo.cl\/web\/#organization"},"potentialAction":[{"@type":"SearchAction","target":{"@type":"EntryPoint","urlTemplate":"https:\/\/eltrabajo.cl\/web\/?s={search_term_string}"},"query-input":{"@type":"PropertyValueSpecification","valueRequired":true,"valueName":"search_term_string"}}],"inLanguage":"es-CL"},{"@type":"Organization","@id":"https:\/\/eltrabajo.cl\/web\/#organization","name":"Diario El Trabajo","url":"https:\/\/eltrabajo.cl\/web\/","logo":{"@type":"ImageObject","inLanguage":"es-CL","@id":"https:\/\/eltrabajo.cl\/web\/#\/schema\/logo\/image\/","url":"https:\/\/eltrabajo.cl\/web\/wp-content\/uploads\/2024\/06\/profile-image-ig-page-diarioeltrabajo.jpg","contentUrl":"https:\/\/eltrabajo.cl\/web\/wp-content\/uploads\/2024\/06\/profile-image-ig-page-diarioeltrabajo.jpg","width":823,"height":823,"caption":"Diario El Trabajo"},"image":{"@id":"https:\/\/eltrabajo.cl\/web\/#\/schema\/logo\/image\/"},"sameAs":["https:\/\/www.facebook.com\/ElTrabajoDiario","https:\/\/x.com\/diarioeltrabajo"]},{"@type":"Person","@id":"https:\/\/eltrabajo.cl\/web\/#\/schema\/person\/45efd3d17f86ec456e44dd7debe1bf19","name":"Diario El Trabajo","image":{"@type":"ImageObject","inLanguage":"es-CL","@id":"https:\/\/secure.gravatar.com\/avatar\/7e6ec277dc4aea2677c2dc301d4227957219329c985ab69a3efc12518b5161aa?s=96&d=mm&r=g","url":"https:\/\/secure.gravatar.com\/avatar\/7e6ec277dc4aea2677c2dc301d4227957219329c985ab69a3efc12518b5161aa?s=96&d=mm&r=g","contentUrl":"https:\/\/secure.gravatar.com\/avatar\/7e6ec277dc4aea2677c2dc301d4227957219329c985ab69a3efc12518b5161aa?s=96&d=mm&r=g","caption":"Diario El Trabajo"},"sameAs":["https:\/\/eltrabajo.cl\/web"],"url":"https:\/\/eltrabajo.cl\/web\/author\/diario-el-trabajo\/"}]}},"_links":{"self":[{"href":"https:\/\/eltrabajo.cl\/web\/wp-json\/wp\/v2\/posts\/137372","targetHints":{"allow":["GET"]}}],"collection":[{"href":"https:\/\/eltrabajo.cl\/web\/wp-json\/wp\/v2\/posts"}],"about":[{"href":"https:\/\/eltrabajo.cl\/web\/wp-json\/wp\/v2\/types\/post"}],"author":[{"embeddable":true,"href":"https:\/\/eltrabajo.cl\/web\/wp-json\/wp\/v2\/users\/1"}],"replies":[{"embeddable":true,"href":"https:\/\/eltrabajo.cl\/web\/wp-json\/wp\/v2\/comments?post=137372"}],"version-history":[{"count":1,"href":"https:\/\/eltrabajo.cl\/web\/wp-json\/wp\/v2\/posts\/137372\/revisions"}],"predecessor-version":[{"id":137374,"href":"https:\/\/eltrabajo.cl\/web\/wp-json\/wp\/v2\/posts\/137372\/revisions\/137374"}],"wp:featuredmedia":[{"embeddable":true,"href":"https:\/\/eltrabajo.cl\/web\/wp-json\/wp\/v2\/media\/137373"}],"wp:attachment":[{"href":"https:\/\/eltrabajo.cl\/web\/wp-json\/wp\/v2\/media?parent=137372"}],"wp:term":[{"taxonomy":"category","embeddable":true,"href":"https:\/\/eltrabajo.cl\/web\/wp-json\/wp\/v2\/categories?post=137372"},{"taxonomy":"post_tag","embeddable":true,"href":"https:\/\/eltrabajo.cl\/web\/wp-json\/wp\/v2\/tags?post=137372"}],"curies":[{"name":"wp","href":"https:\/\/api.w.org\/{rel}","templated":true}]}}