{"id":137749,"date":"2025-06-01T21:27:35","date_gmt":"2025-06-02T00:27:35","guid":{"rendered":"https:\/\/eltrabajo.cl\/web\/?p=137749"},"modified":"2025-06-01T21:27:35","modified_gmt":"2025-06-02T00:27:35","slug":"en-prision-preventiva-quedaron-los-tres-sujetos-colombianos-acusados-del-homicidio-de-empresario-de-los-andes","status":"publish","type":"post","link":"https:\/\/eltrabajo.cl\/web\/en-prision-preventiva-quedaron-los-tres-sujetos-colombianos-acusados-del-homicidio-de-empresario-de-los-andes\/","title":{"rendered":"En prisi\u00f3n preventiva quedaron los tres sujetos colombianos acusados del homicidio de empresario de Los Andes"},"content":{"rendered":"<ul>\n<li><strong>Formalizados por robo calificado e inhumaci\u00f3n ilegal.-<\/strong><\/li>\n<\/ul>\n<p>Este s\u00e1bado 31 de mayo, el Juzgado de Garant\u00eda de Los Andes decret\u00f3 la medida cautelar de prisi\u00f3n preventiva en contra de tres imputados como autores de los delitos consumados por robo calificado e inhumaci\u00f3n ilegal, en perjuicio del empresario <strong>Juan Campos Arancibia<\/strong>.<\/p>\n<p>Adem\u00e1s, uno de los imputados tambi\u00e9n fue formalizado por porte ilegal de arma prohibida. Todos estos Il\u00edcitos, perpetrados el pasado viernes 23 de mayo en la comuna andina. En cuanto al plazo de investigaci\u00f3n se fijaron seis meses.<\/p>\n<p>Cabe recordar que estos tres sujetos fueron detenidos por la PDI durante la semana \u00faltima, donde uno de ellos confes\u00f3 a la polic\u00eda el lugar en que se encontraba enterrado el cuerpo del empresario, lo que finalmente result\u00f3 cierto y se logra identificar tras realizar los ex\u00e1menes pertinentes.<\/p>\n<p>De acuerdo a lo informado p\u00fablicamente en su momento por el Jefe de la Brigada de Homicidios, subprefecto <strong>Hern\u00e1n Garc\u00eda Silva<\/strong>, coment\u00f3 que tras la investigaci\u00f3n y declaraciones de los imputados, el crimen fue cometido la noche del mismo viernes, horas despu\u00e9s de haberse retirado del parqueadero, indicando de manera preliminar que el motivo ser\u00eda el robo de dinero en efectivo y tarjetas bancarias que portaba la v\u00edctima.<\/p>\n<p>Se\u00f1alar que todo esto nace por una denuncia por presunta desgracia presentada en esa unidad policial el s\u00e1bado 24 de mayo por una persona a quien se le pierde el rastro el d\u00eda anterior, viernes 23. <em>\u00abConforme a lo anterior, se realizan diligencias de las cuales resultan tres personas <\/em>(detenidas) <em>que tienen relaci\u00f3n o responsabilidad en el extrav\u00edo de esta persona y, a ra\u00edz de lo anterior, de las diligencias consecuentes de estas detenciones, el d\u00eda de hoy <\/em>(jueves)<em> se concurri\u00f3 hasta este sector <\/em>(Portezuelo Amarillo)<em>, a fin de poder hacer un trabajo con los canes busca cad\u00e1veres, resultando positivo, encontrando un cad\u00e1ver en una acequia de una persona que hasta el momento no se ha hecho la extracci\u00f3n, porque estamos a la espera del laboratorio de criminal\u00edstica regional Valpara\u00edso, con la finalidad de trabajar el sitio del suceso y hacer el examen externo policial del cad\u00e1ver, determinar su identidad y tambi\u00e9n poder determinar la causa precisa de su muerte\u00bb<\/em>, se\u00f1alaba el jefe (s) de la BH.<\/p>\n<p>Al momento de su deceso, Juan Campos ten\u00eda 62 a\u00f1os de edad y era representante de una empresa de transportes internacional brasile\u00f1a.<\/p>\n<p>Hern\u00e1n Garc\u00eda Silva, adem\u00e1s comentaba que solo faltaba determinar c\u00f3mo ocurri\u00f3 el homicidio, si fue dentro del veh\u00edculo o no, ya que manten\u00eda rastros de sangre. La causa fue declarada secreta y los imputados fueron enviados por seguridad a la c\u00e1rcel de Valpara\u00edso.<\/p>\n<figure id=\"attachment_137750\" aria-describedby=\"caption-attachment-137750\" style=\"width: 698px\" class=\"wp-caption alignnone\"><img loading=\"lazy\" decoding=\"async\" class=\"size-full wp-image-137750\" src=\"http:\/\/eltrabajo.cl\/web\/wp-content\/uploads\/2025\/06\/Juan-Campos-2.jpg\" alt=\"Sitio en el que se encontr\u00f3 el cuerpo de Juan Campos.\" width=\"698\" height=\"432\" srcset=\"https:\/\/eltrabajo.cl\/web\/wp-content\/uploads\/2025\/06\/Juan-Campos-2.jpg 698w, https:\/\/eltrabajo.cl\/web\/wp-content\/uploads\/2025\/06\/Juan-Campos-2-300x186.jpg 300w, https:\/\/eltrabajo.cl\/web\/wp-content\/uploads\/2025\/06\/Juan-Campos-2-679x420.jpg 679w, https:\/\/eltrabajo.cl\/web\/wp-content\/uploads\/2025\/06\/Juan-Campos-2-150x93.jpg 150w, https:\/\/eltrabajo.cl\/web\/wp-content\/uploads\/2025\/06\/Juan-Campos-2-696x431.jpg 696w\" sizes=\"auto, (max-width: 698px) 100vw, 698px\" \/><figcaption id=\"caption-attachment-137750\" class=\"wp-caption-text\">Sitio en el que se encontr\u00f3 el cuerpo de Juan Campos.<\/figcaption><\/figure>\n<figure id=\"attachment_137751\" aria-describedby=\"caption-attachment-137751\" style=\"width: 699px\" class=\"wp-caption alignnone\"><img loading=\"lazy\" decoding=\"async\" class=\"size-full wp-image-137751\" src=\"http:\/\/eltrabajo.cl\/web\/wp-content\/uploads\/2025\/06\/Juan-Campos-1.jpg\" alt=\"Empresario Juan Campos Arancibia. \" width=\"699\" height=\"667\" srcset=\"https:\/\/eltrabajo.cl\/web\/wp-content\/uploads\/2025\/06\/Juan-Campos-1.jpg 699w, https:\/\/eltrabajo.cl\/web\/wp-content\/uploads\/2025\/06\/Juan-Campos-1-300x286.jpg 300w, https:\/\/eltrabajo.cl\/web\/wp-content\/uploads\/2025\/06\/Juan-Campos-1-440x420.jpg 440w, https:\/\/eltrabajo.cl\/web\/wp-content\/uploads\/2025\/06\/Juan-Campos-1-150x143.jpg 150w, https:\/\/eltrabajo.cl\/web\/wp-content\/uploads\/2025\/06\/Juan-Campos-1-696x664.jpg 696w\" sizes=\"auto, (max-width: 699px) 100vw, 699px\" \/><figcaption id=\"caption-attachment-137751\" class=\"wp-caption-text\">Empresario Juan Campos Arancibia.<\/figcaption><\/figure>\n","protected":false},"excerpt":{"rendered":"<p>Formalizados por robo calificado e inhumaci\u00f3n ilegal.- Este s\u00e1bado 31 de mayo, el Juzgado de Garant\u00eda de Los Andes decret\u00f3 la medida cautelar de prisi\u00f3n preventiva en contra de tres imputados como autores de los delitos consumados por robo calificado e inhumaci\u00f3n ilegal, en perjuicio del empresario Juan Campos Arancibia. Adem\u00e1s, uno de los imputados [&hellip;]<\/p>\n","protected":false},"author":1,"featured_media":137750,"comment_status":"closed","ping_status":"closed","sticky":false,"template":"","format":"standard","meta":{"footnotes":""},"categories":[13],"tags":[],"class_list":{"0":"post-137749","1":"post","2":"type-post","3":"status-publish","4":"format-standard","5":"has-post-thumbnail","7":"category-tribunales"},"yoast_head":"<!-- This site is optimized with the Yoast SEO plugin v27.4 - https:\/\/yoast.com\/product\/yoast-seo-wordpress\/ -->\n<title>En prisi\u00f3n preventiva quedaron los tres sujetos colombianos acusados del homicidio de empresario de Los Andes - Diario El Trabajo<\/title>\n<meta name=\"robots\" content=\"index, follow, max-snippet:-1, max-image-preview:large, max-video-preview:-1\" \/>\n<link rel=\"canonical\" href=\"https:\/\/eltrabajo.cl\/web\/en-prision-preventiva-quedaron-los-tres-sujetos-colombianos-acusados-del-homicidio-de-empresario-de-los-andes\/\" \/>\n<meta property=\"og:locale\" content=\"es_ES\" \/>\n<meta property=\"og:type\" content=\"article\" \/>\n<meta property=\"og:title\" content=\"En prisi\u00f3n preventiva quedaron los tres sujetos colombianos acusados del homicidio de empresario de Los Andes - Diario El Trabajo\" \/>\n<meta property=\"og:description\" content=\"Formalizados por robo calificado e inhumaci\u00f3n ilegal.- Este s\u00e1bado 31 de mayo, el Juzgado de Garant\u00eda de Los Andes decret\u00f3 la medida cautelar de prisi\u00f3n preventiva en contra de tres imputados como autores de los delitos consumados por robo calificado e inhumaci\u00f3n ilegal, en perjuicio del empresario Juan Campos Arancibia. Adem\u00e1s, uno de los imputados [&hellip;]\" \/>\n<meta property=\"og:url\" content=\"https:\/\/eltrabajo.cl\/web\/en-prision-preventiva-quedaron-los-tres-sujetos-colombianos-acusados-del-homicidio-de-empresario-de-los-andes\/\" \/>\n<meta property=\"og:site_name\" content=\"Diario El Trabajo\" \/>\n<meta property=\"article:publisher\" content=\"https:\/\/www.facebook.com\/ElTrabajoDiario\" \/>\n<meta property=\"article:published_time\" content=\"2025-06-02T00:27:35+00:00\" \/>\n<meta property=\"og:image\" content=\"https:\/\/eltrabajo.cl\/web\/wp-content\/uploads\/2025\/06\/Juan-Campos-2.jpg\" \/>\n\t<meta property=\"og:image:width\" content=\"698\" \/>\n\t<meta property=\"og:image:height\" content=\"432\" \/>\n\t<meta property=\"og:image:type\" content=\"image\/jpeg\" \/>\n<meta name=\"author\" content=\"Diario El Trabajo\" \/>\n<meta name=\"twitter:card\" content=\"summary_large_image\" \/>\n<meta name=\"twitter:creator\" content=\"@diarioeltrabajo\" \/>\n<meta name=\"twitter:site\" content=\"@diarioeltrabajo\" \/>\n<meta name=\"twitter:label1\" content=\"Escrito por\" \/>\n\t<meta name=\"twitter:data1\" content=\"Diario El Trabajo\" \/>\n\t<meta name=\"twitter:label2\" content=\"Tiempo estimado de lectura\" \/>\n\t<meta name=\"twitter:data2\" content=\"3 minutos\" \/>\n<script type=\"application\/ld+json\" class=\"yoast-schema-graph\">{\"@context\":\"https:\\\/\\\/schema.org\",\"@graph\":[{\"@type\":\"Article\",\"@id\":\"https:\\\/\\\/eltrabajo.cl\\\/web\\\/en-prision-preventiva-quedaron-los-tres-sujetos-colombianos-acusados-del-homicidio-de-empresario-de-los-andes\\\/#article\",\"isPartOf\":{\"@id\":\"https:\\\/\\\/eltrabajo.cl\\\/web\\\/en-prision-preventiva-quedaron-los-tres-sujetos-colombianos-acusados-del-homicidio-de-empresario-de-los-andes\\\/\"},\"author\":{\"name\":\"Diario El Trabajo\",\"@id\":\"https:\\\/\\\/eltrabajo.cl\\\/web\\\/#\\\/schema\\\/person\\\/45efd3d17f86ec456e44dd7debe1bf19\"},\"headline\":\"En prisi\u00f3n preventiva quedaron los tres sujetos colombianos acusados del homicidio de empresario de Los Andes\",\"datePublished\":\"2025-06-02T00:27:35+00:00\",\"mainEntityOfPage\":{\"@id\":\"https:\\\/\\\/eltrabajo.cl\\\/web\\\/en-prision-preventiva-quedaron-los-tres-sujetos-colombianos-acusados-del-homicidio-de-empresario-de-los-andes\\\/\"},\"wordCount\":522,\"publisher\":{\"@id\":\"https:\\\/\\\/eltrabajo.cl\\\/web\\\/#organization\"},\"image\":{\"@id\":\"https:\\\/\\\/eltrabajo.cl\\\/web\\\/en-prision-preventiva-quedaron-los-tres-sujetos-colombianos-acusados-del-homicidio-de-empresario-de-los-andes\\\/#primaryimage\"},\"thumbnailUrl\":\"https:\\\/\\\/eltrabajo.cl\\\/web\\\/wp-content\\\/uploads\\\/2025\\\/06\\\/Juan-Campos-2.jpg\",\"articleSection\":[\"Tribunales\"],\"inLanguage\":\"es-CL\"},{\"@type\":\"WebPage\",\"@id\":\"https:\\\/\\\/eltrabajo.cl\\\/web\\\/en-prision-preventiva-quedaron-los-tres-sujetos-colombianos-acusados-del-homicidio-de-empresario-de-los-andes\\\/\",\"url\":\"https:\\\/\\\/eltrabajo.cl\\\/web\\\/en-prision-preventiva-quedaron-los-tres-sujetos-colombianos-acusados-del-homicidio-de-empresario-de-los-andes\\\/\",\"name\":\"En prisi\u00f3n preventiva quedaron los tres sujetos colombianos acusados del homicidio de empresario de Los Andes - Diario El Trabajo\",\"isPartOf\":{\"@id\":\"https:\\\/\\\/eltrabajo.cl\\\/web\\\/#website\"},\"primaryImageOfPage\":{\"@id\":\"https:\\\/\\\/eltrabajo.cl\\\/web\\\/en-prision-preventiva-quedaron-los-tres-sujetos-colombianos-acusados-del-homicidio-de-empresario-de-los-andes\\\/#primaryimage\"},\"image\":{\"@id\":\"https:\\\/\\\/eltrabajo.cl\\\/web\\\/en-prision-preventiva-quedaron-los-tres-sujetos-colombianos-acusados-del-homicidio-de-empresario-de-los-andes\\\/#primaryimage\"},\"thumbnailUrl\":\"https:\\\/\\\/eltrabajo.cl\\\/web\\\/wp-content\\\/uploads\\\/2025\\\/06\\\/Juan-Campos-2.jpg\",\"datePublished\":\"2025-06-02T00:27:35+00:00\",\"breadcrumb\":{\"@id\":\"https:\\\/\\\/eltrabajo.cl\\\/web\\\/en-prision-preventiva-quedaron-los-tres-sujetos-colombianos-acusados-del-homicidio-de-empresario-de-los-andes\\\/#breadcrumb\"},\"inLanguage\":\"es-CL\",\"potentialAction\":[{\"@type\":\"ReadAction\",\"target\":[\"https:\\\/\\\/eltrabajo.cl\\\/web\\\/en-prision-preventiva-quedaron-los-tres-sujetos-colombianos-acusados-del-homicidio-de-empresario-de-los-andes\\\/\"]}]},{\"@type\":\"ImageObject\",\"inLanguage\":\"es-CL\",\"@id\":\"https:\\\/\\\/eltrabajo.cl\\\/web\\\/en-prision-preventiva-quedaron-los-tres-sujetos-colombianos-acusados-del-homicidio-de-empresario-de-los-andes\\\/#primaryimage\",\"url\":\"https:\\\/\\\/eltrabajo.cl\\\/web\\\/wp-content\\\/uploads\\\/2025\\\/06\\\/Juan-Campos-2.jpg\",\"contentUrl\":\"https:\\\/\\\/eltrabajo.cl\\\/web\\\/wp-content\\\/uploads\\\/2025\\\/06\\\/Juan-Campos-2.jpg\",\"width\":698,\"height\":432,\"caption\":\"Sitio en el que se encontr\u00f3 el cuerpo de Juan Campos.\"},{\"@type\":\"BreadcrumbList\",\"@id\":\"https:\\\/\\\/eltrabajo.cl\\\/web\\\/en-prision-preventiva-quedaron-los-tres-sujetos-colombianos-acusados-del-homicidio-de-empresario-de-los-andes\\\/#breadcrumb\",\"itemListElement\":[{\"@type\":\"ListItem\",\"position\":1,\"name\":\"Portada\",\"item\":\"https:\\\/\\\/eltrabajo.cl\\\/web\\\/\"},{\"@type\":\"ListItem\",\"position\":2,\"name\":\"En prisi\u00f3n preventiva quedaron los tres sujetos colombianos acusados del homicidio de empresario de Los Andes\"}]},{\"@type\":\"WebSite\",\"@id\":\"https:\\\/\\\/eltrabajo.cl\\\/web\\\/#website\",\"url\":\"https:\\\/\\\/eltrabajo.cl\\\/web\\\/\",\"name\":\"Diario El Trabajo\",\"description\":\"Desde 1929 construyendo Identidad Local\",\"publisher\":{\"@id\":\"https:\\\/\\\/eltrabajo.cl\\\/web\\\/#organization\"},\"potentialAction\":[{\"@type\":\"SearchAction\",\"target\":{\"@type\":\"EntryPoint\",\"urlTemplate\":\"https:\\\/\\\/eltrabajo.cl\\\/web\\\/?s={search_term_string}\"},\"query-input\":{\"@type\":\"PropertyValueSpecification\",\"valueRequired\":true,\"valueName\":\"search_term_string\"}}],\"inLanguage\":\"es-CL\"},{\"@type\":\"Organization\",\"@id\":\"https:\\\/\\\/eltrabajo.cl\\\/web\\\/#organization\",\"name\":\"Diario El Trabajo\",\"url\":\"https:\\\/\\\/eltrabajo.cl\\\/web\\\/\",\"logo\":{\"@type\":\"ImageObject\",\"inLanguage\":\"es-CL\",\"@id\":\"https:\\\/\\\/eltrabajo.cl\\\/web\\\/#\\\/schema\\\/logo\\\/image\\\/\",\"url\":\"https:\\\/\\\/eltrabajo.cl\\\/web\\\/wp-content\\\/uploads\\\/2024\\\/06\\\/profile-image-ig-page-diarioeltrabajo.jpg\",\"contentUrl\":\"https:\\\/\\\/eltrabajo.cl\\\/web\\\/wp-content\\\/uploads\\\/2024\\\/06\\\/profile-image-ig-page-diarioeltrabajo.jpg\",\"width\":823,\"height\":823,\"caption\":\"Diario El Trabajo\"},\"image\":{\"@id\":\"https:\\\/\\\/eltrabajo.cl\\\/web\\\/#\\\/schema\\\/logo\\\/image\\\/\"},\"sameAs\":[\"https:\\\/\\\/www.facebook.com\\\/ElTrabajoDiario\",\"https:\\\/\\\/x.com\\\/diarioeltrabajo\"]},{\"@type\":\"Person\",\"@id\":\"https:\\\/\\\/eltrabajo.cl\\\/web\\\/#\\\/schema\\\/person\\\/45efd3d17f86ec456e44dd7debe1bf19\",\"name\":\"Diario El Trabajo\",\"image\":{\"@type\":\"ImageObject\",\"inLanguage\":\"es-CL\",\"@id\":\"https:\\\/\\\/secure.gravatar.com\\\/avatar\\\/7e6ec277dc4aea2677c2dc301d4227957219329c985ab69a3efc12518b5161aa?s=96&d=mm&r=g\",\"url\":\"https:\\\/\\\/secure.gravatar.com\\\/avatar\\\/7e6ec277dc4aea2677c2dc301d4227957219329c985ab69a3efc12518b5161aa?s=96&d=mm&r=g\",\"contentUrl\":\"https:\\\/\\\/secure.gravatar.com\\\/avatar\\\/7e6ec277dc4aea2677c2dc301d4227957219329c985ab69a3efc12518b5161aa?s=96&d=mm&r=g\",\"caption\":\"Diario El Trabajo\"},\"sameAs\":[\"https:\\\/\\\/eltrabajo.cl\\\/web\"],\"url\":\"https:\\\/\\\/eltrabajo.cl\\\/web\\\/author\\\/diario-el-trabajo\\\/\"}]}<\/script>\n<!-- \/ Yoast SEO plugin. -->","yoast_head_json":{"title":"En prisi\u00f3n preventiva quedaron los tres sujetos colombianos acusados del homicidio de empresario de Los Andes - Diario El Trabajo","robots":{"index":"index","follow":"follow","max-snippet":"max-snippet:-1","max-image-preview":"max-image-preview:large","max-video-preview":"max-video-preview:-1"},"canonical":"https:\/\/eltrabajo.cl\/web\/en-prision-preventiva-quedaron-los-tres-sujetos-colombianos-acusados-del-homicidio-de-empresario-de-los-andes\/","og_locale":"es_ES","og_type":"article","og_title":"En prisi\u00f3n preventiva quedaron los tres sujetos colombianos acusados del homicidio de empresario de Los Andes - Diario El Trabajo","og_description":"Formalizados por robo calificado e inhumaci\u00f3n ilegal.- Este s\u00e1bado 31 de mayo, el Juzgado de Garant\u00eda de Los Andes decret\u00f3 la medida cautelar de prisi\u00f3n preventiva en contra de tres imputados como autores de los delitos consumados por robo calificado e inhumaci\u00f3n ilegal, en perjuicio del empresario Juan Campos Arancibia. Adem\u00e1s, uno de los imputados [&hellip;]","og_url":"https:\/\/eltrabajo.cl\/web\/en-prision-preventiva-quedaron-los-tres-sujetos-colombianos-acusados-del-homicidio-de-empresario-de-los-andes\/","og_site_name":"Diario El Trabajo","article_publisher":"https:\/\/www.facebook.com\/ElTrabajoDiario","article_published_time":"2025-06-02T00:27:35+00:00","og_image":[{"width":698,"height":432,"url":"https:\/\/eltrabajo.cl\/web\/wp-content\/uploads\/2025\/06\/Juan-Campos-2.jpg","type":"image\/jpeg"}],"author":"Diario El Trabajo","twitter_card":"summary_large_image","twitter_creator":"@diarioeltrabajo","twitter_site":"@diarioeltrabajo","twitter_misc":{"Escrito por":"Diario El Trabajo","Tiempo estimado de lectura":"3 minutos"},"schema":{"@context":"https:\/\/schema.org","@graph":[{"@type":"Article","@id":"https:\/\/eltrabajo.cl\/web\/en-prision-preventiva-quedaron-los-tres-sujetos-colombianos-acusados-del-homicidio-de-empresario-de-los-andes\/#article","isPartOf":{"@id":"https:\/\/eltrabajo.cl\/web\/en-prision-preventiva-quedaron-los-tres-sujetos-colombianos-acusados-del-homicidio-de-empresario-de-los-andes\/"},"author":{"name":"Diario El Trabajo","@id":"https:\/\/eltrabajo.cl\/web\/#\/schema\/person\/45efd3d17f86ec456e44dd7debe1bf19"},"headline":"En prisi\u00f3n preventiva quedaron los tres sujetos colombianos acusados del homicidio de empresario de Los Andes","datePublished":"2025-06-02T00:27:35+00:00","mainEntityOfPage":{"@id":"https:\/\/eltrabajo.cl\/web\/en-prision-preventiva-quedaron-los-tres-sujetos-colombianos-acusados-del-homicidio-de-empresario-de-los-andes\/"},"wordCount":522,"publisher":{"@id":"https:\/\/eltrabajo.cl\/web\/#organization"},"image":{"@id":"https:\/\/eltrabajo.cl\/web\/en-prision-preventiva-quedaron-los-tres-sujetos-colombianos-acusados-del-homicidio-de-empresario-de-los-andes\/#primaryimage"},"thumbnailUrl":"https:\/\/eltrabajo.cl\/web\/wp-content\/uploads\/2025\/06\/Juan-Campos-2.jpg","articleSection":["Tribunales"],"inLanguage":"es-CL"},{"@type":"WebPage","@id":"https:\/\/eltrabajo.cl\/web\/en-prision-preventiva-quedaron-los-tres-sujetos-colombianos-acusados-del-homicidio-de-empresario-de-los-andes\/","url":"https:\/\/eltrabajo.cl\/web\/en-prision-preventiva-quedaron-los-tres-sujetos-colombianos-acusados-del-homicidio-de-empresario-de-los-andes\/","name":"En prisi\u00f3n preventiva quedaron los tres sujetos colombianos acusados del homicidio de empresario de Los Andes - Diario El Trabajo","isPartOf":{"@id":"https:\/\/eltrabajo.cl\/web\/#website"},"primaryImageOfPage":{"@id":"https:\/\/eltrabajo.cl\/web\/en-prision-preventiva-quedaron-los-tres-sujetos-colombianos-acusados-del-homicidio-de-empresario-de-los-andes\/#primaryimage"},"image":{"@id":"https:\/\/eltrabajo.cl\/web\/en-prision-preventiva-quedaron-los-tres-sujetos-colombianos-acusados-del-homicidio-de-empresario-de-los-andes\/#primaryimage"},"thumbnailUrl":"https:\/\/eltrabajo.cl\/web\/wp-content\/uploads\/2025\/06\/Juan-Campos-2.jpg","datePublished":"2025-06-02T00:27:35+00:00","breadcrumb":{"@id":"https:\/\/eltrabajo.cl\/web\/en-prision-preventiva-quedaron-los-tres-sujetos-colombianos-acusados-del-homicidio-de-empresario-de-los-andes\/#breadcrumb"},"inLanguage":"es-CL","potentialAction":[{"@type":"ReadAction","target":["https:\/\/eltrabajo.cl\/web\/en-prision-preventiva-quedaron-los-tres-sujetos-colombianos-acusados-del-homicidio-de-empresario-de-los-andes\/"]}]},{"@type":"ImageObject","inLanguage":"es-CL","@id":"https:\/\/eltrabajo.cl\/web\/en-prision-preventiva-quedaron-los-tres-sujetos-colombianos-acusados-del-homicidio-de-empresario-de-los-andes\/#primaryimage","url":"https:\/\/eltrabajo.cl\/web\/wp-content\/uploads\/2025\/06\/Juan-Campos-2.jpg","contentUrl":"https:\/\/eltrabajo.cl\/web\/wp-content\/uploads\/2025\/06\/Juan-Campos-2.jpg","width":698,"height":432,"caption":"Sitio en el que se encontr\u00f3 el cuerpo de Juan Campos."},{"@type":"BreadcrumbList","@id":"https:\/\/eltrabajo.cl\/web\/en-prision-preventiva-quedaron-los-tres-sujetos-colombianos-acusados-del-homicidio-de-empresario-de-los-andes\/#breadcrumb","itemListElement":[{"@type":"ListItem","position":1,"name":"Portada","item":"https:\/\/eltrabajo.cl\/web\/"},{"@type":"ListItem","position":2,"name":"En prisi\u00f3n preventiva quedaron los tres sujetos colombianos acusados del homicidio de empresario de Los Andes"}]},{"@type":"WebSite","@id":"https:\/\/eltrabajo.cl\/web\/#website","url":"https:\/\/eltrabajo.cl\/web\/","name":"Diario El Trabajo","description":"Desde 1929 construyendo Identidad Local","publisher":{"@id":"https:\/\/eltrabajo.cl\/web\/#organization"},"potentialAction":[{"@type":"SearchAction","target":{"@type":"EntryPoint","urlTemplate":"https:\/\/eltrabajo.cl\/web\/?s={search_term_string}"},"query-input":{"@type":"PropertyValueSpecification","valueRequired":true,"valueName":"search_term_string"}}],"inLanguage":"es-CL"},{"@type":"Organization","@id":"https:\/\/eltrabajo.cl\/web\/#organization","name":"Diario El Trabajo","url":"https:\/\/eltrabajo.cl\/web\/","logo":{"@type":"ImageObject","inLanguage":"es-CL","@id":"https:\/\/eltrabajo.cl\/web\/#\/schema\/logo\/image\/","url":"https:\/\/eltrabajo.cl\/web\/wp-content\/uploads\/2024\/06\/profile-image-ig-page-diarioeltrabajo.jpg","contentUrl":"https:\/\/eltrabajo.cl\/web\/wp-content\/uploads\/2024\/06\/profile-image-ig-page-diarioeltrabajo.jpg","width":823,"height":823,"caption":"Diario El Trabajo"},"image":{"@id":"https:\/\/eltrabajo.cl\/web\/#\/schema\/logo\/image\/"},"sameAs":["https:\/\/www.facebook.com\/ElTrabajoDiario","https:\/\/x.com\/diarioeltrabajo"]},{"@type":"Person","@id":"https:\/\/eltrabajo.cl\/web\/#\/schema\/person\/45efd3d17f86ec456e44dd7debe1bf19","name":"Diario El Trabajo","image":{"@type":"ImageObject","inLanguage":"es-CL","@id":"https:\/\/secure.gravatar.com\/avatar\/7e6ec277dc4aea2677c2dc301d4227957219329c985ab69a3efc12518b5161aa?s=96&d=mm&r=g","url":"https:\/\/secure.gravatar.com\/avatar\/7e6ec277dc4aea2677c2dc301d4227957219329c985ab69a3efc12518b5161aa?s=96&d=mm&r=g","contentUrl":"https:\/\/secure.gravatar.com\/avatar\/7e6ec277dc4aea2677c2dc301d4227957219329c985ab69a3efc12518b5161aa?s=96&d=mm&r=g","caption":"Diario El Trabajo"},"sameAs":["https:\/\/eltrabajo.cl\/web"],"url":"https:\/\/eltrabajo.cl\/web\/author\/diario-el-trabajo\/"}]}},"_links":{"self":[{"href":"https:\/\/eltrabajo.cl\/web\/wp-json\/wp\/v2\/posts\/137749","targetHints":{"allow":["GET"]}}],"collection":[{"href":"https:\/\/eltrabajo.cl\/web\/wp-json\/wp\/v2\/posts"}],"about":[{"href":"https:\/\/eltrabajo.cl\/web\/wp-json\/wp\/v2\/types\/post"}],"author":[{"embeddable":true,"href":"https:\/\/eltrabajo.cl\/web\/wp-json\/wp\/v2\/users\/1"}],"replies":[{"embeddable":true,"href":"https:\/\/eltrabajo.cl\/web\/wp-json\/wp\/v2\/comments?post=137749"}],"version-history":[{"count":1,"href":"https:\/\/eltrabajo.cl\/web\/wp-json\/wp\/v2\/posts\/137749\/revisions"}],"predecessor-version":[{"id":137752,"href":"https:\/\/eltrabajo.cl\/web\/wp-json\/wp\/v2\/posts\/137749\/revisions\/137752"}],"wp:featuredmedia":[{"embeddable":true,"href":"https:\/\/eltrabajo.cl\/web\/wp-json\/wp\/v2\/media\/137750"}],"wp:attachment":[{"href":"https:\/\/eltrabajo.cl\/web\/wp-json\/wp\/v2\/media?parent=137749"}],"wp:term":[{"taxonomy":"category","embeddable":true,"href":"https:\/\/eltrabajo.cl\/web\/wp-json\/wp\/v2\/categories?post=137749"},{"taxonomy":"post_tag","embeddable":true,"href":"https:\/\/eltrabajo.cl\/web\/wp-json\/wp\/v2\/tags?post=137749"}],"curies":[{"name":"wp","href":"https:\/\/api.w.org\/{rel}","templated":true}]}}