{"id":137846,"date":"2025-06-04T21:44:48","date_gmt":"2025-06-05T00:44:48","guid":{"rendered":"https:\/\/eltrabajo.cl\/web\/?p=137846"},"modified":"2025-06-04T21:44:48","modified_gmt":"2025-06-05T00:44:48","slug":"un-total-de-7-detenidos-deja-nuevo-operativo-de-ronda-impacto","status":"publish","type":"post","link":"https:\/\/eltrabajo.cl\/web\/un-total-de-7-detenidos-deja-nuevo-operativo-de-ronda-impacto\/","title":{"rendered":"Un total de 7 detenidos deja nuevo operativo de Ronda Impacto"},"content":{"rendered":"<ul>\n<li><strong>El despliegue de Carabineros estuvo focalizado en el sector c\u00e9ntrico de la comuna.\u2013<\/strong><\/li>\n<\/ul>\n<p>Un nuevo operativo de Ronda Impacto realiz\u00f3 Carabineros en San Felipe, espec\u00edficamente concentrada en el centro de la comuna. Efectivos policiales recorrieron las calles realizando diversos controles, lo que arroj\u00f3 un saldo total de 7 personas detenidas por diversos delitos.<\/p>\n<p>Al respecto, el delegado presidencial provincial de San Felipe de Aconcagua, <strong>Daniel Mu\u00f1oz Pereira<\/strong>, se\u00f1al\u00f3 que <em>\u00aben la comuna de San Felipe se realiz\u00f3 por parte de Carabineros junto al apoyo municipal una nueva Ronda Impacto en la zona c\u00e9ntrica de la comuna, que dej\u00f3 una labor bien importante que dice relaci\u00f3n con 7 detenidos; 3 por orden vigente, 1 por hurto, tambi\u00e9n 1 por conducir sin licencia debida, 1 por receptaci\u00f3n y tambi\u00e9n 1 por amenazas simples\u00bb<\/em>.<\/p>\n<p>En este contexto, la autoridad provincial coment\u00f3 que este <em>\u00abfue un servicio bien importante y productivo que viene a entregar despliegue policial en la zona c\u00e9ntrica de la comuna de San Felipe para las personas, para que tengan mayor sensaci\u00f3n de seguridad\u00bb<\/em>.<\/p>\n<p>Asimismo, Mu\u00f1oz indic\u00f3 que estos operativos se ir\u00e1n realizando en las dem\u00e1s comunas de la provincia; todo, con la finalidad de aumentar el despliegue policial y mejorar la percepci\u00f3n de seguridad.<\/p>\n<p>\u00ab<em>Es importante destacar que este tipo de servicios se est\u00e1 llevando a cabo en toda nuestra provincia, hemos trabajado junto a la Prefectura de Carabineros para realizar distintos operativos con la agrupaci\u00f3n Centauro de Carabineros, para llevar un operativo policial en los puntos rurales y tambi\u00e9n es relevante fomentar la denuncia. Cuando tenemos mayor cantidad de denuncias, se movilizan los recursos policiales focalizados en los sectores que lo requieren\u00bb<\/em>, cerr\u00f3.<\/p>\n<figure id=\"attachment_137847\" aria-describedby=\"caption-attachment-137847\" style=\"width: 698px\" class=\"wp-caption alignnone\"><img loading=\"lazy\" decoding=\"async\" class=\"size-full wp-image-137847\" src=\"http:\/\/eltrabajo.cl\/web\/wp-content\/uploads\/2025\/06\/Ronda-Impacto-San-Felipe.jpg\" alt=\"Un total de 7 detenidos en Ronda Impacto en San Felipe. \" width=\"698\" height=\"303\" srcset=\"https:\/\/eltrabajo.cl\/web\/wp-content\/uploads\/2025\/06\/Ronda-Impacto-San-Felipe.jpg 698w, https:\/\/eltrabajo.cl\/web\/wp-content\/uploads\/2025\/06\/Ronda-Impacto-San-Felipe-300x130.jpg 300w, https:\/\/eltrabajo.cl\/web\/wp-content\/uploads\/2025\/06\/Ronda-Impacto-San-Felipe-150x65.jpg 150w, https:\/\/eltrabajo.cl\/web\/wp-content\/uploads\/2025\/06\/Ronda-Impacto-San-Felipe-696x302.jpg 696w\" sizes=\"auto, (max-width: 698px) 100vw, 698px\" \/><figcaption id=\"caption-attachment-137847\" class=\"wp-caption-text\">Un total de 7 detenidos en Ronda Impacto en San Felipe.<\/figcaption><\/figure>\n","protected":false},"excerpt":{"rendered":"<p>El despliegue de Carabineros estuvo focalizado en el sector c\u00e9ntrico de la comuna.\u2013 Un nuevo operativo de Ronda Impacto realiz\u00f3 Carabineros en San Felipe, espec\u00edficamente concentrada en el centro de la comuna. Efectivos policiales recorrieron las calles realizando diversos controles, lo que arroj\u00f3 un saldo total de 7 personas detenidas por diversos delitos. Al respecto, [&hellip;]<\/p>\n","protected":false},"author":1,"featured_media":137847,"comment_status":"closed","ping_status":"closed","sticky":false,"template":"","format":"standard","meta":{"footnotes":""},"categories":[5],"tags":[],"class_list":{"0":"post-137846","1":"post","2":"type-post","3":"status-publish","4":"format-standard","5":"has-post-thumbnail","7":"category-policial"},"yoast_head":"<!-- This site is optimized with the Yoast SEO plugin v27.5 - https:\/\/yoast.com\/product\/yoast-seo-wordpress\/ -->\n<title>Un total de 7 detenidos deja nuevo operativo de Ronda Impacto - Diario El Trabajo<\/title>\n<meta name=\"robots\" content=\"index, follow, max-snippet:-1, max-image-preview:large, max-video-preview:-1\" \/>\n<link rel=\"canonical\" href=\"https:\/\/eltrabajo.cl\/web\/un-total-de-7-detenidos-deja-nuevo-operativo-de-ronda-impacto\/\" \/>\n<meta property=\"og:locale\" content=\"es_ES\" \/>\n<meta property=\"og:type\" content=\"article\" \/>\n<meta property=\"og:title\" content=\"Un total de 7 detenidos deja nuevo operativo de Ronda Impacto - Diario El Trabajo\" \/>\n<meta property=\"og:description\" content=\"El despliegue de Carabineros estuvo focalizado en el sector c\u00e9ntrico de la comuna.\u2013 Un nuevo operativo de Ronda Impacto realiz\u00f3 Carabineros en San Felipe, espec\u00edficamente concentrada en el centro de la comuna. Efectivos policiales recorrieron las calles realizando diversos controles, lo que arroj\u00f3 un saldo total de 7 personas detenidas por diversos delitos. Al respecto, [&hellip;]\" \/>\n<meta property=\"og:url\" content=\"https:\/\/eltrabajo.cl\/web\/un-total-de-7-detenidos-deja-nuevo-operativo-de-ronda-impacto\/\" \/>\n<meta property=\"og:site_name\" content=\"Diario El Trabajo\" \/>\n<meta property=\"article:publisher\" content=\"https:\/\/www.facebook.com\/ElTrabajoDiario\" \/>\n<meta property=\"article:published_time\" content=\"2025-06-05T00:44:48+00:00\" \/>\n<meta property=\"og:image\" content=\"https:\/\/eltrabajo.cl\/web\/wp-content\/uploads\/2025\/06\/Ronda-Impacto-San-Felipe.jpg\" \/>\n\t<meta property=\"og:image:width\" content=\"698\" \/>\n\t<meta property=\"og:image:height\" content=\"303\" \/>\n\t<meta property=\"og:image:type\" content=\"image\/jpeg\" \/>\n<meta name=\"author\" content=\"Diario El Trabajo\" \/>\n<meta name=\"twitter:card\" content=\"summary_large_image\" \/>\n<meta name=\"twitter:creator\" content=\"@diarioeltrabajo\" \/>\n<meta name=\"twitter:site\" content=\"@diarioeltrabajo\" \/>\n<meta name=\"twitter:label1\" content=\"Escrito por\" \/>\n\t<meta name=\"twitter:data1\" content=\"Diario El Trabajo\" \/>\n\t<meta name=\"twitter:label2\" content=\"Tiempo estimado de lectura\" \/>\n\t<meta name=\"twitter:data2\" content=\"2 minutos\" \/>\n<script type=\"application\/ld+json\" class=\"yoast-schema-graph\">{\"@context\":\"https:\\\/\\\/schema.org\",\"@graph\":[{\"@type\":\"Article\",\"@id\":\"https:\\\/\\\/eltrabajo.cl\\\/web\\\/un-total-de-7-detenidos-deja-nuevo-operativo-de-ronda-impacto\\\/#article\",\"isPartOf\":{\"@id\":\"https:\\\/\\\/eltrabajo.cl\\\/web\\\/un-total-de-7-detenidos-deja-nuevo-operativo-de-ronda-impacto\\\/\"},\"author\":{\"name\":\"Diario El Trabajo\",\"@id\":\"https:\\\/\\\/eltrabajo.cl\\\/web\\\/#\\\/schema\\\/person\\\/45efd3d17f86ec456e44dd7debe1bf19\"},\"headline\":\"Un total de 7 detenidos deja nuevo operativo de Ronda Impacto\",\"datePublished\":\"2025-06-05T00:44:48+00:00\",\"mainEntityOfPage\":{\"@id\":\"https:\\\/\\\/eltrabajo.cl\\\/web\\\/un-total-de-7-detenidos-deja-nuevo-operativo-de-ronda-impacto\\\/\"},\"wordCount\":311,\"publisher\":{\"@id\":\"https:\\\/\\\/eltrabajo.cl\\\/web\\\/#organization\"},\"image\":{\"@id\":\"https:\\\/\\\/eltrabajo.cl\\\/web\\\/un-total-de-7-detenidos-deja-nuevo-operativo-de-ronda-impacto\\\/#primaryimage\"},\"thumbnailUrl\":\"https:\\\/\\\/eltrabajo.cl\\\/web\\\/wp-content\\\/uploads\\\/2025\\\/06\\\/Ronda-Impacto-San-Felipe.jpg\",\"articleSection\":[\"Policial\"],\"inLanguage\":\"es-CL\"},{\"@type\":\"WebPage\",\"@id\":\"https:\\\/\\\/eltrabajo.cl\\\/web\\\/un-total-de-7-detenidos-deja-nuevo-operativo-de-ronda-impacto\\\/\",\"url\":\"https:\\\/\\\/eltrabajo.cl\\\/web\\\/un-total-de-7-detenidos-deja-nuevo-operativo-de-ronda-impacto\\\/\",\"name\":\"Un total de 7 detenidos deja nuevo operativo de Ronda Impacto - Diario El Trabajo\",\"isPartOf\":{\"@id\":\"https:\\\/\\\/eltrabajo.cl\\\/web\\\/#website\"},\"primaryImageOfPage\":{\"@id\":\"https:\\\/\\\/eltrabajo.cl\\\/web\\\/un-total-de-7-detenidos-deja-nuevo-operativo-de-ronda-impacto\\\/#primaryimage\"},\"image\":{\"@id\":\"https:\\\/\\\/eltrabajo.cl\\\/web\\\/un-total-de-7-detenidos-deja-nuevo-operativo-de-ronda-impacto\\\/#primaryimage\"},\"thumbnailUrl\":\"https:\\\/\\\/eltrabajo.cl\\\/web\\\/wp-content\\\/uploads\\\/2025\\\/06\\\/Ronda-Impacto-San-Felipe.jpg\",\"datePublished\":\"2025-06-05T00:44:48+00:00\",\"breadcrumb\":{\"@id\":\"https:\\\/\\\/eltrabajo.cl\\\/web\\\/un-total-de-7-detenidos-deja-nuevo-operativo-de-ronda-impacto\\\/#breadcrumb\"},\"inLanguage\":\"es-CL\",\"potentialAction\":[{\"@type\":\"ReadAction\",\"target\":[\"https:\\\/\\\/eltrabajo.cl\\\/web\\\/un-total-de-7-detenidos-deja-nuevo-operativo-de-ronda-impacto\\\/\"]}]},{\"@type\":\"ImageObject\",\"inLanguage\":\"es-CL\",\"@id\":\"https:\\\/\\\/eltrabajo.cl\\\/web\\\/un-total-de-7-detenidos-deja-nuevo-operativo-de-ronda-impacto\\\/#primaryimage\",\"url\":\"https:\\\/\\\/eltrabajo.cl\\\/web\\\/wp-content\\\/uploads\\\/2025\\\/06\\\/Ronda-Impacto-San-Felipe.jpg\",\"contentUrl\":\"https:\\\/\\\/eltrabajo.cl\\\/web\\\/wp-content\\\/uploads\\\/2025\\\/06\\\/Ronda-Impacto-San-Felipe.jpg\",\"width\":698,\"height\":303,\"caption\":\"Un total de 7 detenidos en Ronda Impacto en San Felipe.\"},{\"@type\":\"BreadcrumbList\",\"@id\":\"https:\\\/\\\/eltrabajo.cl\\\/web\\\/un-total-de-7-detenidos-deja-nuevo-operativo-de-ronda-impacto\\\/#breadcrumb\",\"itemListElement\":[{\"@type\":\"ListItem\",\"position\":1,\"name\":\"Portada\",\"item\":\"https:\\\/\\\/eltrabajo.cl\\\/web\\\/\"},{\"@type\":\"ListItem\",\"position\":2,\"name\":\"Un total de 7 detenidos deja nuevo operativo de Ronda Impacto\"}]},{\"@type\":\"WebSite\",\"@id\":\"https:\\\/\\\/eltrabajo.cl\\\/web\\\/#website\",\"url\":\"https:\\\/\\\/eltrabajo.cl\\\/web\\\/\",\"name\":\"Diario El Trabajo\",\"description\":\"Desde 1929 construyendo Identidad Local\",\"publisher\":{\"@id\":\"https:\\\/\\\/eltrabajo.cl\\\/web\\\/#organization\"},\"potentialAction\":[{\"@type\":\"SearchAction\",\"target\":{\"@type\":\"EntryPoint\",\"urlTemplate\":\"https:\\\/\\\/eltrabajo.cl\\\/web\\\/?s={search_term_string}\"},\"query-input\":{\"@type\":\"PropertyValueSpecification\",\"valueRequired\":true,\"valueName\":\"search_term_string\"}}],\"inLanguage\":\"es-CL\"},{\"@type\":\"Organization\",\"@id\":\"https:\\\/\\\/eltrabajo.cl\\\/web\\\/#organization\",\"name\":\"Diario El Trabajo\",\"url\":\"https:\\\/\\\/eltrabajo.cl\\\/web\\\/\",\"logo\":{\"@type\":\"ImageObject\",\"inLanguage\":\"es-CL\",\"@id\":\"https:\\\/\\\/eltrabajo.cl\\\/web\\\/#\\\/schema\\\/logo\\\/image\\\/\",\"url\":\"https:\\\/\\\/eltrabajo.cl\\\/web\\\/wp-content\\\/uploads\\\/2024\\\/06\\\/profile-image-ig-page-diarioeltrabajo.jpg\",\"contentUrl\":\"https:\\\/\\\/eltrabajo.cl\\\/web\\\/wp-content\\\/uploads\\\/2024\\\/06\\\/profile-image-ig-page-diarioeltrabajo.jpg\",\"width\":823,\"height\":823,\"caption\":\"Diario El Trabajo\"},\"image\":{\"@id\":\"https:\\\/\\\/eltrabajo.cl\\\/web\\\/#\\\/schema\\\/logo\\\/image\\\/\"},\"sameAs\":[\"https:\\\/\\\/www.facebook.com\\\/ElTrabajoDiario\",\"https:\\\/\\\/x.com\\\/diarioeltrabajo\"]},{\"@type\":\"Person\",\"@id\":\"https:\\\/\\\/eltrabajo.cl\\\/web\\\/#\\\/schema\\\/person\\\/45efd3d17f86ec456e44dd7debe1bf19\",\"name\":\"Diario El Trabajo\",\"image\":{\"@type\":\"ImageObject\",\"inLanguage\":\"es-CL\",\"@id\":\"https:\\\/\\\/secure.gravatar.com\\\/avatar\\\/7e6ec277dc4aea2677c2dc301d4227957219329c985ab69a3efc12518b5161aa?s=96&d=mm&r=g\",\"url\":\"https:\\\/\\\/secure.gravatar.com\\\/avatar\\\/7e6ec277dc4aea2677c2dc301d4227957219329c985ab69a3efc12518b5161aa?s=96&d=mm&r=g\",\"contentUrl\":\"https:\\\/\\\/secure.gravatar.com\\\/avatar\\\/7e6ec277dc4aea2677c2dc301d4227957219329c985ab69a3efc12518b5161aa?s=96&d=mm&r=g\",\"caption\":\"Diario El Trabajo\"},\"sameAs\":[\"https:\\\/\\\/eltrabajo.cl\\\/web\"],\"url\":\"https:\\\/\\\/eltrabajo.cl\\\/web\\\/author\\\/diario-el-trabajo\\\/\"}]}<\/script>\n<!-- \/ Yoast SEO plugin. -->","yoast_head_json":{"title":"Un total de 7 detenidos deja nuevo operativo de Ronda Impacto - Diario El Trabajo","robots":{"index":"index","follow":"follow","max-snippet":"max-snippet:-1","max-image-preview":"max-image-preview:large","max-video-preview":"max-video-preview:-1"},"canonical":"https:\/\/eltrabajo.cl\/web\/un-total-de-7-detenidos-deja-nuevo-operativo-de-ronda-impacto\/","og_locale":"es_ES","og_type":"article","og_title":"Un total de 7 detenidos deja nuevo operativo de Ronda Impacto - Diario El Trabajo","og_description":"El despliegue de Carabineros estuvo focalizado en el sector c\u00e9ntrico de la comuna.\u2013 Un nuevo operativo de Ronda Impacto realiz\u00f3 Carabineros en San Felipe, espec\u00edficamente concentrada en el centro de la comuna. Efectivos policiales recorrieron las calles realizando diversos controles, lo que arroj\u00f3 un saldo total de 7 personas detenidas por diversos delitos. Al respecto, [&hellip;]","og_url":"https:\/\/eltrabajo.cl\/web\/un-total-de-7-detenidos-deja-nuevo-operativo-de-ronda-impacto\/","og_site_name":"Diario El Trabajo","article_publisher":"https:\/\/www.facebook.com\/ElTrabajoDiario","article_published_time":"2025-06-05T00:44:48+00:00","og_image":[{"width":698,"height":303,"url":"https:\/\/eltrabajo.cl\/web\/wp-content\/uploads\/2025\/06\/Ronda-Impacto-San-Felipe.jpg","type":"image\/jpeg"}],"author":"Diario El Trabajo","twitter_card":"summary_large_image","twitter_creator":"@diarioeltrabajo","twitter_site":"@diarioeltrabajo","twitter_misc":{"Escrito por":"Diario El Trabajo","Tiempo estimado de lectura":"2 minutos"},"schema":{"@context":"https:\/\/schema.org","@graph":[{"@type":"Article","@id":"https:\/\/eltrabajo.cl\/web\/un-total-de-7-detenidos-deja-nuevo-operativo-de-ronda-impacto\/#article","isPartOf":{"@id":"https:\/\/eltrabajo.cl\/web\/un-total-de-7-detenidos-deja-nuevo-operativo-de-ronda-impacto\/"},"author":{"name":"Diario El Trabajo","@id":"https:\/\/eltrabajo.cl\/web\/#\/schema\/person\/45efd3d17f86ec456e44dd7debe1bf19"},"headline":"Un total de 7 detenidos deja nuevo operativo de Ronda Impacto","datePublished":"2025-06-05T00:44:48+00:00","mainEntityOfPage":{"@id":"https:\/\/eltrabajo.cl\/web\/un-total-de-7-detenidos-deja-nuevo-operativo-de-ronda-impacto\/"},"wordCount":311,"publisher":{"@id":"https:\/\/eltrabajo.cl\/web\/#organization"},"image":{"@id":"https:\/\/eltrabajo.cl\/web\/un-total-de-7-detenidos-deja-nuevo-operativo-de-ronda-impacto\/#primaryimage"},"thumbnailUrl":"https:\/\/eltrabajo.cl\/web\/wp-content\/uploads\/2025\/06\/Ronda-Impacto-San-Felipe.jpg","articleSection":["Policial"],"inLanguage":"es-CL"},{"@type":"WebPage","@id":"https:\/\/eltrabajo.cl\/web\/un-total-de-7-detenidos-deja-nuevo-operativo-de-ronda-impacto\/","url":"https:\/\/eltrabajo.cl\/web\/un-total-de-7-detenidos-deja-nuevo-operativo-de-ronda-impacto\/","name":"Un total de 7 detenidos deja nuevo operativo de Ronda Impacto - Diario El Trabajo","isPartOf":{"@id":"https:\/\/eltrabajo.cl\/web\/#website"},"primaryImageOfPage":{"@id":"https:\/\/eltrabajo.cl\/web\/un-total-de-7-detenidos-deja-nuevo-operativo-de-ronda-impacto\/#primaryimage"},"image":{"@id":"https:\/\/eltrabajo.cl\/web\/un-total-de-7-detenidos-deja-nuevo-operativo-de-ronda-impacto\/#primaryimage"},"thumbnailUrl":"https:\/\/eltrabajo.cl\/web\/wp-content\/uploads\/2025\/06\/Ronda-Impacto-San-Felipe.jpg","datePublished":"2025-06-05T00:44:48+00:00","breadcrumb":{"@id":"https:\/\/eltrabajo.cl\/web\/un-total-de-7-detenidos-deja-nuevo-operativo-de-ronda-impacto\/#breadcrumb"},"inLanguage":"es-CL","potentialAction":[{"@type":"ReadAction","target":["https:\/\/eltrabajo.cl\/web\/un-total-de-7-detenidos-deja-nuevo-operativo-de-ronda-impacto\/"]}]},{"@type":"ImageObject","inLanguage":"es-CL","@id":"https:\/\/eltrabajo.cl\/web\/un-total-de-7-detenidos-deja-nuevo-operativo-de-ronda-impacto\/#primaryimage","url":"https:\/\/eltrabajo.cl\/web\/wp-content\/uploads\/2025\/06\/Ronda-Impacto-San-Felipe.jpg","contentUrl":"https:\/\/eltrabajo.cl\/web\/wp-content\/uploads\/2025\/06\/Ronda-Impacto-San-Felipe.jpg","width":698,"height":303,"caption":"Un total de 7 detenidos en Ronda Impacto en San Felipe."},{"@type":"BreadcrumbList","@id":"https:\/\/eltrabajo.cl\/web\/un-total-de-7-detenidos-deja-nuevo-operativo-de-ronda-impacto\/#breadcrumb","itemListElement":[{"@type":"ListItem","position":1,"name":"Portada","item":"https:\/\/eltrabajo.cl\/web\/"},{"@type":"ListItem","position":2,"name":"Un total de 7 detenidos deja nuevo operativo de Ronda Impacto"}]},{"@type":"WebSite","@id":"https:\/\/eltrabajo.cl\/web\/#website","url":"https:\/\/eltrabajo.cl\/web\/","name":"Diario El Trabajo","description":"Desde 1929 construyendo Identidad Local","publisher":{"@id":"https:\/\/eltrabajo.cl\/web\/#organization"},"potentialAction":[{"@type":"SearchAction","target":{"@type":"EntryPoint","urlTemplate":"https:\/\/eltrabajo.cl\/web\/?s={search_term_string}"},"query-input":{"@type":"PropertyValueSpecification","valueRequired":true,"valueName":"search_term_string"}}],"inLanguage":"es-CL"},{"@type":"Organization","@id":"https:\/\/eltrabajo.cl\/web\/#organization","name":"Diario El Trabajo","url":"https:\/\/eltrabajo.cl\/web\/","logo":{"@type":"ImageObject","inLanguage":"es-CL","@id":"https:\/\/eltrabajo.cl\/web\/#\/schema\/logo\/image\/","url":"https:\/\/eltrabajo.cl\/web\/wp-content\/uploads\/2024\/06\/profile-image-ig-page-diarioeltrabajo.jpg","contentUrl":"https:\/\/eltrabajo.cl\/web\/wp-content\/uploads\/2024\/06\/profile-image-ig-page-diarioeltrabajo.jpg","width":823,"height":823,"caption":"Diario El Trabajo"},"image":{"@id":"https:\/\/eltrabajo.cl\/web\/#\/schema\/logo\/image\/"},"sameAs":["https:\/\/www.facebook.com\/ElTrabajoDiario","https:\/\/x.com\/diarioeltrabajo"]},{"@type":"Person","@id":"https:\/\/eltrabajo.cl\/web\/#\/schema\/person\/45efd3d17f86ec456e44dd7debe1bf19","name":"Diario El Trabajo","image":{"@type":"ImageObject","inLanguage":"es-CL","@id":"https:\/\/secure.gravatar.com\/avatar\/7e6ec277dc4aea2677c2dc301d4227957219329c985ab69a3efc12518b5161aa?s=96&d=mm&r=g","url":"https:\/\/secure.gravatar.com\/avatar\/7e6ec277dc4aea2677c2dc301d4227957219329c985ab69a3efc12518b5161aa?s=96&d=mm&r=g","contentUrl":"https:\/\/secure.gravatar.com\/avatar\/7e6ec277dc4aea2677c2dc301d4227957219329c985ab69a3efc12518b5161aa?s=96&d=mm&r=g","caption":"Diario El Trabajo"},"sameAs":["https:\/\/eltrabajo.cl\/web"],"url":"https:\/\/eltrabajo.cl\/web\/author\/diario-el-trabajo\/"}]}},"_links":{"self":[{"href":"https:\/\/eltrabajo.cl\/web\/wp-json\/wp\/v2\/posts\/137846","targetHints":{"allow":["GET"]}}],"collection":[{"href":"https:\/\/eltrabajo.cl\/web\/wp-json\/wp\/v2\/posts"}],"about":[{"href":"https:\/\/eltrabajo.cl\/web\/wp-json\/wp\/v2\/types\/post"}],"author":[{"embeddable":true,"href":"https:\/\/eltrabajo.cl\/web\/wp-json\/wp\/v2\/users\/1"}],"replies":[{"embeddable":true,"href":"https:\/\/eltrabajo.cl\/web\/wp-json\/wp\/v2\/comments?post=137846"}],"version-history":[{"count":1,"href":"https:\/\/eltrabajo.cl\/web\/wp-json\/wp\/v2\/posts\/137846\/revisions"}],"predecessor-version":[{"id":137848,"href":"https:\/\/eltrabajo.cl\/web\/wp-json\/wp\/v2\/posts\/137846\/revisions\/137848"}],"wp:featuredmedia":[{"embeddable":true,"href":"https:\/\/eltrabajo.cl\/web\/wp-json\/wp\/v2\/media\/137847"}],"wp:attachment":[{"href":"https:\/\/eltrabajo.cl\/web\/wp-json\/wp\/v2\/media?parent=137846"}],"wp:term":[{"taxonomy":"category","embeddable":true,"href":"https:\/\/eltrabajo.cl\/web\/wp-json\/wp\/v2\/categories?post=137846"},{"taxonomy":"post_tag","embeddable":true,"href":"https:\/\/eltrabajo.cl\/web\/wp-json\/wp\/v2\/tags?post=137846"}],"curies":[{"name":"wp","href":"https:\/\/api.w.org\/{rel}","templated":true}]}}