{"id":138007,"date":"2025-06-12T21:53:49","date_gmt":"2025-06-13T00:53:49","guid":{"rendered":"https:\/\/eltrabajo.cl\/web\/?p=138007"},"modified":"2025-06-12T21:53:49","modified_gmt":"2025-06-13T00:53:49","slug":"un-duelo-de-alcances-psicologicos-es-el-que-este-domingo-sostendra-union-san-felipe-frente-a-santiago-morning","status":"publish","type":"post","link":"https:\/\/eltrabajo.cl\/web\/un-duelo-de-alcances-psicologicos-es-el-que-este-domingo-sostendra-union-san-felipe-frente-a-santiago-morning\/","title":{"rendered":"Un duelo de alcances psicol\u00f3gicos es el que este domingo sostendr\u00e1 Uni\u00f3n San Felipe frente a Santiago Morning"},"content":{"rendered":"<p>Para no caer al \u00faltimo casillero de la tabla de posiciones, este domingo Uni\u00f3n San Felipe no tiene otro camino que no perder ante Santiago Morning. Por m\u00e1s que resulte ir contra la esencia misma del deporte, que no es otra cosa que ganar, a estas alturas y casi en el cierre de la primera rueda, ya se entiende como un buen resultado para los albirrojos simplemente no perder; o sea, empatar.<\/p>\n<p>Santiago Morning es un cuadro que solo de manera circunstancial es colista, a ra\u00edz que debi\u00f3 purgar un castigo de 9 puntos. Sin ese castigo el cuadro \u2018microbusero\u2019 ocupar\u00eda la d\u00e9cimo segunda posici\u00f3n, dato a tener en cuenta porque futbol\u00edsticamente los aconcag\u00fcinos no tendr\u00e1n al frente al equipo de peor rendimiento del campeonato.<\/p>\n<p>El juego correspondiente a la decimocuarta jornada del torneo de plata del f\u00fatbol chileno, se jugar\u00e1 este domingo en el Estadio Municipal de la comuna de La Pintana, recinto en el cual albirrojos y bohemios se citar\u00e1n a partir de las 15:00 horas.<\/p>\n<p>En este trascendental pleito, el t\u00e9cnico <strong>Francisco Palladino<\/strong>, no podr\u00e1 contar con el zaguero central <strong>Facundo Monteseir\u00edn<\/strong> y el extremo <strong>Sergio Vergara<\/strong>, quienes recibieron respectivamente, dos y una fecha de castigo por parte del Tribunal de Penalidades de la ANFP.<\/p>\n<p>Programaci\u00f3n fecha 14\u00ba<\/p>\n<p>S\u00e1bado 14<\/p>\n<p>12:30: Deportes Temuco \u2013 Universidad de Concepci\u00f3n.<\/p>\n<p>15:00: Curic\u00f3 Unido \u2013 Recoleta.<\/p>\n<p>17:30: Santiago Wanderers \u2013 Cobreloa.<\/p>\n<p>20:00: San Marcos \u2013 Santa Cruz.<\/p>\n<p>Domingo 15<\/p>\n<p>12:30: Deportes Antofagasta \u2013 Magallanes.<\/p>\n<p>15:00: Santiago Morning \u2013 Union San Felipe.<\/p>\n<p>17:30: Deportes Concepci\u00f3n \u2013 Rangers de Talca.<\/p>\n<p>Lunes 16<\/p>\n<p>20:00: Deportes Copiap\u00f3 \u2013 San Luis.<\/p>\n<p>Tabla de Posiciones<\/p>\n<p>Lugar Ptos.<\/p>\n<p>San Marcos 25<\/p>\n<p>Copiap\u00f3 24<\/p>\n<p>U. de Concepci\u00f3n 20<\/p>\n<p>San Luis 19<\/p>\n<p>Dep. Concepci\u00f3n 18<\/p>\n<p>Cobreloa 18<\/p>\n<p>Recoleta 18<\/p>\n<p>Stgo. Wanderers 17<\/p>\n<p>Curic\u00f3\u00a0\u00a0 16<\/p>\n<p>Rangers 16<\/p>\n<p>Temuco 15<\/p>\n<p>Dep. Antofagasta 14<\/p>\n<p>Magallanes 13<\/p>\n<p>Santa Cruz 10<\/p>\n<p>Uni\u00f3n San Felipe 7<\/p>\n<p>Santiago Morning 4<\/p>\n<figure id=\"attachment_138008\" aria-describedby=\"caption-attachment-138008\" style=\"width: 699px\" class=\"wp-caption alignnone\"><img loading=\"lazy\" decoding=\"async\" class=\"size-full wp-image-138008\" src=\"http:\/\/eltrabajo.cl\/web\/wp-content\/uploads\/2025\/06\/Uni-Uni-1.jpg\" alt=\"El t\u00e9cnico Palladino da instrucciones a sus dirigidos.\" width=\"699\" height=\"506\" srcset=\"https:\/\/eltrabajo.cl\/web\/wp-content\/uploads\/2025\/06\/Uni-Uni-1.jpg 699w, https:\/\/eltrabajo.cl\/web\/wp-content\/uploads\/2025\/06\/Uni-Uni-1-300x217.jpg 300w, https:\/\/eltrabajo.cl\/web\/wp-content\/uploads\/2025\/06\/Uni-Uni-1-580x420.jpg 580w, https:\/\/eltrabajo.cl\/web\/wp-content\/uploads\/2025\/06\/Uni-Uni-1-150x109.jpg 150w, https:\/\/eltrabajo.cl\/web\/wp-content\/uploads\/2025\/06\/Uni-Uni-1-696x504.jpg 696w\" sizes=\"auto, (max-width: 699px) 100vw, 699px\" \/><figcaption id=\"caption-attachment-138008\" class=\"wp-caption-text\">El t\u00e9cnico Palladino da instrucciones a sus dirigidos.<\/figcaption><\/figure>\n<figure id=\"attachment_138009\" aria-describedby=\"caption-attachment-138009\" style=\"width: 699px\" class=\"wp-caption alignnone\"><img loading=\"lazy\" decoding=\"async\" class=\"size-full wp-image-138009\" src=\"http:\/\/eltrabajo.cl\/web\/wp-content\/uploads\/2025\/06\/Cordova-y-Sagredo.jpg\" alt=\"Los experimentados Boris Sagredo y Juan C\u00f3rdova en uno de los entrenamientos de esta semana. \" width=\"699\" height=\"507\" srcset=\"https:\/\/eltrabajo.cl\/web\/wp-content\/uploads\/2025\/06\/Cordova-y-Sagredo.jpg 699w, https:\/\/eltrabajo.cl\/web\/wp-content\/uploads\/2025\/06\/Cordova-y-Sagredo-300x218.jpg 300w, https:\/\/eltrabajo.cl\/web\/wp-content\/uploads\/2025\/06\/Cordova-y-Sagredo-579x420.jpg 579w, https:\/\/eltrabajo.cl\/web\/wp-content\/uploads\/2025\/06\/Cordova-y-Sagredo-150x109.jpg 150w, https:\/\/eltrabajo.cl\/web\/wp-content\/uploads\/2025\/06\/Cordova-y-Sagredo-696x505.jpg 696w\" sizes=\"auto, (max-width: 699px) 100vw, 699px\" \/><figcaption id=\"caption-attachment-138009\" class=\"wp-caption-text\">Los experimentados Boris Sagredo y Juan C\u00f3rdova en uno de los entrenamientos de esta semana.<\/figcaption><\/figure>\n","protected":false},"excerpt":{"rendered":"<p>Para no caer al \u00faltimo casillero de la tabla de posiciones, este domingo Uni\u00f3n San Felipe no tiene otro camino que no perder ante Santiago Morning. Por m\u00e1s que resulte ir contra la esencia misma del deporte, que no es otra cosa que ganar, a estas alturas y casi en el cierre de la primera [&hellip;]<\/p>\n","protected":false},"author":1,"featured_media":138008,"comment_status":"closed","ping_status":"closed","sticky":false,"template":"","format":"standard","meta":{"footnotes":""},"categories":[2],"tags":[],"class_list":{"0":"post-138007","1":"post","2":"type-post","3":"status-publish","4":"format-standard","5":"has-post-thumbnail","7":"category-deportes"},"yoast_head":"<!-- This site is optimized with the Yoast SEO plugin v27.5 - https:\/\/yoast.com\/product\/yoast-seo-wordpress\/ -->\n<title>Un duelo de alcances psicol\u00f3gicos es el que este domingo sostendr\u00e1 Uni\u00f3n San Felipe frente a Santiago Morning - Diario El Trabajo<\/title>\n<meta name=\"robots\" content=\"index, follow, max-snippet:-1, max-image-preview:large, max-video-preview:-1\" \/>\n<link rel=\"canonical\" href=\"https:\/\/eltrabajo.cl\/web\/un-duelo-de-alcances-psicologicos-es-el-que-este-domingo-sostendra-union-san-felipe-frente-a-santiago-morning\/\" \/>\n<meta property=\"og:locale\" content=\"es_ES\" \/>\n<meta property=\"og:type\" content=\"article\" \/>\n<meta property=\"og:title\" content=\"Un duelo de alcances psicol\u00f3gicos es el que este domingo sostendr\u00e1 Uni\u00f3n San Felipe frente a Santiago Morning - Diario El Trabajo\" \/>\n<meta property=\"og:description\" content=\"Para no caer al \u00faltimo casillero de la tabla de posiciones, este domingo Uni\u00f3n San Felipe no tiene otro camino que no perder ante Santiago Morning. Por m\u00e1s que resulte ir contra la esencia misma del deporte, que no es otra cosa que ganar, a estas alturas y casi en el cierre de la primera [&hellip;]\" \/>\n<meta property=\"og:url\" content=\"https:\/\/eltrabajo.cl\/web\/un-duelo-de-alcances-psicologicos-es-el-que-este-domingo-sostendra-union-san-felipe-frente-a-santiago-morning\/\" \/>\n<meta property=\"og:site_name\" content=\"Diario El Trabajo\" \/>\n<meta property=\"article:publisher\" content=\"https:\/\/www.facebook.com\/ElTrabajoDiario\" \/>\n<meta property=\"article:published_time\" content=\"2025-06-13T00:53:49+00:00\" \/>\n<meta property=\"og:image\" content=\"https:\/\/eltrabajo.cl\/web\/wp-content\/uploads\/2025\/06\/Uni-Uni-1.jpg\" \/>\n\t<meta property=\"og:image:width\" content=\"699\" \/>\n\t<meta property=\"og:image:height\" content=\"506\" \/>\n\t<meta property=\"og:image:type\" content=\"image\/jpeg\" \/>\n<meta name=\"author\" content=\"Diario El Trabajo\" \/>\n<meta name=\"twitter:card\" content=\"summary_large_image\" \/>\n<meta name=\"twitter:creator\" content=\"@diarioeltrabajo\" \/>\n<meta name=\"twitter:site\" content=\"@diarioeltrabajo\" \/>\n<meta name=\"twitter:label1\" content=\"Escrito por\" \/>\n\t<meta name=\"twitter:data1\" content=\"Diario El Trabajo\" \/>\n\t<meta name=\"twitter:label2\" content=\"Tiempo estimado de lectura\" \/>\n\t<meta name=\"twitter:data2\" content=\"3 minutos\" \/>\n<script type=\"application\/ld+json\" class=\"yoast-schema-graph\">{\"@context\":\"https:\\\/\\\/schema.org\",\"@graph\":[{\"@type\":\"Article\",\"@id\":\"https:\\\/\\\/eltrabajo.cl\\\/web\\\/un-duelo-de-alcances-psicologicos-es-el-que-este-domingo-sostendra-union-san-felipe-frente-a-santiago-morning\\\/#article\",\"isPartOf\":{\"@id\":\"https:\\\/\\\/eltrabajo.cl\\\/web\\\/un-duelo-de-alcances-psicologicos-es-el-que-este-domingo-sostendra-union-san-felipe-frente-a-santiago-morning\\\/\"},\"author\":{\"name\":\"Diario El Trabajo\",\"@id\":\"https:\\\/\\\/eltrabajo.cl\\\/web\\\/#\\\/schema\\\/person\\\/45efd3d17f86ec456e44dd7debe1bf19\"},\"headline\":\"Un duelo de alcances psicol\u00f3gicos es el que este domingo sostendr\u00e1 Uni\u00f3n San Felipe frente a Santiago Morning\",\"datePublished\":\"2025-06-13T00:53:49+00:00\",\"mainEntityOfPage\":{\"@id\":\"https:\\\/\\\/eltrabajo.cl\\\/web\\\/un-duelo-de-alcances-psicologicos-es-el-que-este-domingo-sostendra-union-san-felipe-frente-a-santiago-morning\\\/\"},\"wordCount\":354,\"publisher\":{\"@id\":\"https:\\\/\\\/eltrabajo.cl\\\/web\\\/#organization\"},\"image\":{\"@id\":\"https:\\\/\\\/eltrabajo.cl\\\/web\\\/un-duelo-de-alcances-psicologicos-es-el-que-este-domingo-sostendra-union-san-felipe-frente-a-santiago-morning\\\/#primaryimage\"},\"thumbnailUrl\":\"https:\\\/\\\/eltrabajo.cl\\\/web\\\/wp-content\\\/uploads\\\/2025\\\/06\\\/Uni-Uni-1.jpg\",\"articleSection\":[\"Deportes\"],\"inLanguage\":\"es-CL\"},{\"@type\":\"WebPage\",\"@id\":\"https:\\\/\\\/eltrabajo.cl\\\/web\\\/un-duelo-de-alcances-psicologicos-es-el-que-este-domingo-sostendra-union-san-felipe-frente-a-santiago-morning\\\/\",\"url\":\"https:\\\/\\\/eltrabajo.cl\\\/web\\\/un-duelo-de-alcances-psicologicos-es-el-que-este-domingo-sostendra-union-san-felipe-frente-a-santiago-morning\\\/\",\"name\":\"Un duelo de alcances psicol\u00f3gicos es el que este domingo sostendr\u00e1 Uni\u00f3n San Felipe frente a Santiago Morning - Diario El Trabajo\",\"isPartOf\":{\"@id\":\"https:\\\/\\\/eltrabajo.cl\\\/web\\\/#website\"},\"primaryImageOfPage\":{\"@id\":\"https:\\\/\\\/eltrabajo.cl\\\/web\\\/un-duelo-de-alcances-psicologicos-es-el-que-este-domingo-sostendra-union-san-felipe-frente-a-santiago-morning\\\/#primaryimage\"},\"image\":{\"@id\":\"https:\\\/\\\/eltrabajo.cl\\\/web\\\/un-duelo-de-alcances-psicologicos-es-el-que-este-domingo-sostendra-union-san-felipe-frente-a-santiago-morning\\\/#primaryimage\"},\"thumbnailUrl\":\"https:\\\/\\\/eltrabajo.cl\\\/web\\\/wp-content\\\/uploads\\\/2025\\\/06\\\/Uni-Uni-1.jpg\",\"datePublished\":\"2025-06-13T00:53:49+00:00\",\"breadcrumb\":{\"@id\":\"https:\\\/\\\/eltrabajo.cl\\\/web\\\/un-duelo-de-alcances-psicologicos-es-el-que-este-domingo-sostendra-union-san-felipe-frente-a-santiago-morning\\\/#breadcrumb\"},\"inLanguage\":\"es-CL\",\"potentialAction\":[{\"@type\":\"ReadAction\",\"target\":[\"https:\\\/\\\/eltrabajo.cl\\\/web\\\/un-duelo-de-alcances-psicologicos-es-el-que-este-domingo-sostendra-union-san-felipe-frente-a-santiago-morning\\\/\"]}]},{\"@type\":\"ImageObject\",\"inLanguage\":\"es-CL\",\"@id\":\"https:\\\/\\\/eltrabajo.cl\\\/web\\\/un-duelo-de-alcances-psicologicos-es-el-que-este-domingo-sostendra-union-san-felipe-frente-a-santiago-morning\\\/#primaryimage\",\"url\":\"https:\\\/\\\/eltrabajo.cl\\\/web\\\/wp-content\\\/uploads\\\/2025\\\/06\\\/Uni-Uni-1.jpg\",\"contentUrl\":\"https:\\\/\\\/eltrabajo.cl\\\/web\\\/wp-content\\\/uploads\\\/2025\\\/06\\\/Uni-Uni-1.jpg\",\"width\":699,\"height\":506,\"caption\":\"El t\u00e9cnico Palladino da instrucciones a sus dirigidos.\"},{\"@type\":\"BreadcrumbList\",\"@id\":\"https:\\\/\\\/eltrabajo.cl\\\/web\\\/un-duelo-de-alcances-psicologicos-es-el-que-este-domingo-sostendra-union-san-felipe-frente-a-santiago-morning\\\/#breadcrumb\",\"itemListElement\":[{\"@type\":\"ListItem\",\"position\":1,\"name\":\"Portada\",\"item\":\"https:\\\/\\\/eltrabajo.cl\\\/web\\\/\"},{\"@type\":\"ListItem\",\"position\":2,\"name\":\"Un duelo de alcances psicol\u00f3gicos es el que este domingo sostendr\u00e1 Uni\u00f3n San Felipe frente a Santiago Morning\"}]},{\"@type\":\"WebSite\",\"@id\":\"https:\\\/\\\/eltrabajo.cl\\\/web\\\/#website\",\"url\":\"https:\\\/\\\/eltrabajo.cl\\\/web\\\/\",\"name\":\"Diario El Trabajo\",\"description\":\"Desde 1929 construyendo Identidad Local\",\"publisher\":{\"@id\":\"https:\\\/\\\/eltrabajo.cl\\\/web\\\/#organization\"},\"potentialAction\":[{\"@type\":\"SearchAction\",\"target\":{\"@type\":\"EntryPoint\",\"urlTemplate\":\"https:\\\/\\\/eltrabajo.cl\\\/web\\\/?s={search_term_string}\"},\"query-input\":{\"@type\":\"PropertyValueSpecification\",\"valueRequired\":true,\"valueName\":\"search_term_string\"}}],\"inLanguage\":\"es-CL\"},{\"@type\":\"Organization\",\"@id\":\"https:\\\/\\\/eltrabajo.cl\\\/web\\\/#organization\",\"name\":\"Diario El Trabajo\",\"url\":\"https:\\\/\\\/eltrabajo.cl\\\/web\\\/\",\"logo\":{\"@type\":\"ImageObject\",\"inLanguage\":\"es-CL\",\"@id\":\"https:\\\/\\\/eltrabajo.cl\\\/web\\\/#\\\/schema\\\/logo\\\/image\\\/\",\"url\":\"https:\\\/\\\/eltrabajo.cl\\\/web\\\/wp-content\\\/uploads\\\/2024\\\/06\\\/profile-image-ig-page-diarioeltrabajo.jpg\",\"contentUrl\":\"https:\\\/\\\/eltrabajo.cl\\\/web\\\/wp-content\\\/uploads\\\/2024\\\/06\\\/profile-image-ig-page-diarioeltrabajo.jpg\",\"width\":823,\"height\":823,\"caption\":\"Diario El Trabajo\"},\"image\":{\"@id\":\"https:\\\/\\\/eltrabajo.cl\\\/web\\\/#\\\/schema\\\/logo\\\/image\\\/\"},\"sameAs\":[\"https:\\\/\\\/www.facebook.com\\\/ElTrabajoDiario\",\"https:\\\/\\\/x.com\\\/diarioeltrabajo\"]},{\"@type\":\"Person\",\"@id\":\"https:\\\/\\\/eltrabajo.cl\\\/web\\\/#\\\/schema\\\/person\\\/45efd3d17f86ec456e44dd7debe1bf19\",\"name\":\"Diario El Trabajo\",\"image\":{\"@type\":\"ImageObject\",\"inLanguage\":\"es-CL\",\"@id\":\"https:\\\/\\\/secure.gravatar.com\\\/avatar\\\/7e6ec277dc4aea2677c2dc301d4227957219329c985ab69a3efc12518b5161aa?s=96&d=mm&r=g\",\"url\":\"https:\\\/\\\/secure.gravatar.com\\\/avatar\\\/7e6ec277dc4aea2677c2dc301d4227957219329c985ab69a3efc12518b5161aa?s=96&d=mm&r=g\",\"contentUrl\":\"https:\\\/\\\/secure.gravatar.com\\\/avatar\\\/7e6ec277dc4aea2677c2dc301d4227957219329c985ab69a3efc12518b5161aa?s=96&d=mm&r=g\",\"caption\":\"Diario El Trabajo\"},\"sameAs\":[\"https:\\\/\\\/eltrabajo.cl\\\/web\"],\"url\":\"https:\\\/\\\/eltrabajo.cl\\\/web\\\/author\\\/diario-el-trabajo\\\/\"}]}<\/script>\n<!-- \/ Yoast SEO plugin. -->","yoast_head_json":{"title":"Un duelo de alcances psicol\u00f3gicos es el que este domingo sostendr\u00e1 Uni\u00f3n San Felipe frente a Santiago Morning - Diario El Trabajo","robots":{"index":"index","follow":"follow","max-snippet":"max-snippet:-1","max-image-preview":"max-image-preview:large","max-video-preview":"max-video-preview:-1"},"canonical":"https:\/\/eltrabajo.cl\/web\/un-duelo-de-alcances-psicologicos-es-el-que-este-domingo-sostendra-union-san-felipe-frente-a-santiago-morning\/","og_locale":"es_ES","og_type":"article","og_title":"Un duelo de alcances psicol\u00f3gicos es el que este domingo sostendr\u00e1 Uni\u00f3n San Felipe frente a Santiago Morning - Diario El Trabajo","og_description":"Para no caer al \u00faltimo casillero de la tabla de posiciones, este domingo Uni\u00f3n San Felipe no tiene otro camino que no perder ante Santiago Morning. Por m\u00e1s que resulte ir contra la esencia misma del deporte, que no es otra cosa que ganar, a estas alturas y casi en el cierre de la primera [&hellip;]","og_url":"https:\/\/eltrabajo.cl\/web\/un-duelo-de-alcances-psicologicos-es-el-que-este-domingo-sostendra-union-san-felipe-frente-a-santiago-morning\/","og_site_name":"Diario El Trabajo","article_publisher":"https:\/\/www.facebook.com\/ElTrabajoDiario","article_published_time":"2025-06-13T00:53:49+00:00","og_image":[{"width":699,"height":506,"url":"https:\/\/eltrabajo.cl\/web\/wp-content\/uploads\/2025\/06\/Uni-Uni-1.jpg","type":"image\/jpeg"}],"author":"Diario El Trabajo","twitter_card":"summary_large_image","twitter_creator":"@diarioeltrabajo","twitter_site":"@diarioeltrabajo","twitter_misc":{"Escrito por":"Diario El Trabajo","Tiempo estimado de lectura":"3 minutos"},"schema":{"@context":"https:\/\/schema.org","@graph":[{"@type":"Article","@id":"https:\/\/eltrabajo.cl\/web\/un-duelo-de-alcances-psicologicos-es-el-que-este-domingo-sostendra-union-san-felipe-frente-a-santiago-morning\/#article","isPartOf":{"@id":"https:\/\/eltrabajo.cl\/web\/un-duelo-de-alcances-psicologicos-es-el-que-este-domingo-sostendra-union-san-felipe-frente-a-santiago-morning\/"},"author":{"name":"Diario El Trabajo","@id":"https:\/\/eltrabajo.cl\/web\/#\/schema\/person\/45efd3d17f86ec456e44dd7debe1bf19"},"headline":"Un duelo de alcances psicol\u00f3gicos es el que este domingo sostendr\u00e1 Uni\u00f3n San Felipe frente a Santiago Morning","datePublished":"2025-06-13T00:53:49+00:00","mainEntityOfPage":{"@id":"https:\/\/eltrabajo.cl\/web\/un-duelo-de-alcances-psicologicos-es-el-que-este-domingo-sostendra-union-san-felipe-frente-a-santiago-morning\/"},"wordCount":354,"publisher":{"@id":"https:\/\/eltrabajo.cl\/web\/#organization"},"image":{"@id":"https:\/\/eltrabajo.cl\/web\/un-duelo-de-alcances-psicologicos-es-el-que-este-domingo-sostendra-union-san-felipe-frente-a-santiago-morning\/#primaryimage"},"thumbnailUrl":"https:\/\/eltrabajo.cl\/web\/wp-content\/uploads\/2025\/06\/Uni-Uni-1.jpg","articleSection":["Deportes"],"inLanguage":"es-CL"},{"@type":"WebPage","@id":"https:\/\/eltrabajo.cl\/web\/un-duelo-de-alcances-psicologicos-es-el-que-este-domingo-sostendra-union-san-felipe-frente-a-santiago-morning\/","url":"https:\/\/eltrabajo.cl\/web\/un-duelo-de-alcances-psicologicos-es-el-que-este-domingo-sostendra-union-san-felipe-frente-a-santiago-morning\/","name":"Un duelo de alcances psicol\u00f3gicos es el que este domingo sostendr\u00e1 Uni\u00f3n San Felipe frente a Santiago Morning - Diario El Trabajo","isPartOf":{"@id":"https:\/\/eltrabajo.cl\/web\/#website"},"primaryImageOfPage":{"@id":"https:\/\/eltrabajo.cl\/web\/un-duelo-de-alcances-psicologicos-es-el-que-este-domingo-sostendra-union-san-felipe-frente-a-santiago-morning\/#primaryimage"},"image":{"@id":"https:\/\/eltrabajo.cl\/web\/un-duelo-de-alcances-psicologicos-es-el-que-este-domingo-sostendra-union-san-felipe-frente-a-santiago-morning\/#primaryimage"},"thumbnailUrl":"https:\/\/eltrabajo.cl\/web\/wp-content\/uploads\/2025\/06\/Uni-Uni-1.jpg","datePublished":"2025-06-13T00:53:49+00:00","breadcrumb":{"@id":"https:\/\/eltrabajo.cl\/web\/un-duelo-de-alcances-psicologicos-es-el-que-este-domingo-sostendra-union-san-felipe-frente-a-santiago-morning\/#breadcrumb"},"inLanguage":"es-CL","potentialAction":[{"@type":"ReadAction","target":["https:\/\/eltrabajo.cl\/web\/un-duelo-de-alcances-psicologicos-es-el-que-este-domingo-sostendra-union-san-felipe-frente-a-santiago-morning\/"]}]},{"@type":"ImageObject","inLanguage":"es-CL","@id":"https:\/\/eltrabajo.cl\/web\/un-duelo-de-alcances-psicologicos-es-el-que-este-domingo-sostendra-union-san-felipe-frente-a-santiago-morning\/#primaryimage","url":"https:\/\/eltrabajo.cl\/web\/wp-content\/uploads\/2025\/06\/Uni-Uni-1.jpg","contentUrl":"https:\/\/eltrabajo.cl\/web\/wp-content\/uploads\/2025\/06\/Uni-Uni-1.jpg","width":699,"height":506,"caption":"El t\u00e9cnico Palladino da instrucciones a sus dirigidos."},{"@type":"BreadcrumbList","@id":"https:\/\/eltrabajo.cl\/web\/un-duelo-de-alcances-psicologicos-es-el-que-este-domingo-sostendra-union-san-felipe-frente-a-santiago-morning\/#breadcrumb","itemListElement":[{"@type":"ListItem","position":1,"name":"Portada","item":"https:\/\/eltrabajo.cl\/web\/"},{"@type":"ListItem","position":2,"name":"Un duelo de alcances psicol\u00f3gicos es el que este domingo sostendr\u00e1 Uni\u00f3n San Felipe frente a Santiago Morning"}]},{"@type":"WebSite","@id":"https:\/\/eltrabajo.cl\/web\/#website","url":"https:\/\/eltrabajo.cl\/web\/","name":"Diario El Trabajo","description":"Desde 1929 construyendo Identidad Local","publisher":{"@id":"https:\/\/eltrabajo.cl\/web\/#organization"},"potentialAction":[{"@type":"SearchAction","target":{"@type":"EntryPoint","urlTemplate":"https:\/\/eltrabajo.cl\/web\/?s={search_term_string}"},"query-input":{"@type":"PropertyValueSpecification","valueRequired":true,"valueName":"search_term_string"}}],"inLanguage":"es-CL"},{"@type":"Organization","@id":"https:\/\/eltrabajo.cl\/web\/#organization","name":"Diario El Trabajo","url":"https:\/\/eltrabajo.cl\/web\/","logo":{"@type":"ImageObject","inLanguage":"es-CL","@id":"https:\/\/eltrabajo.cl\/web\/#\/schema\/logo\/image\/","url":"https:\/\/eltrabajo.cl\/web\/wp-content\/uploads\/2024\/06\/profile-image-ig-page-diarioeltrabajo.jpg","contentUrl":"https:\/\/eltrabajo.cl\/web\/wp-content\/uploads\/2024\/06\/profile-image-ig-page-diarioeltrabajo.jpg","width":823,"height":823,"caption":"Diario El Trabajo"},"image":{"@id":"https:\/\/eltrabajo.cl\/web\/#\/schema\/logo\/image\/"},"sameAs":["https:\/\/www.facebook.com\/ElTrabajoDiario","https:\/\/x.com\/diarioeltrabajo"]},{"@type":"Person","@id":"https:\/\/eltrabajo.cl\/web\/#\/schema\/person\/45efd3d17f86ec456e44dd7debe1bf19","name":"Diario El Trabajo","image":{"@type":"ImageObject","inLanguage":"es-CL","@id":"https:\/\/secure.gravatar.com\/avatar\/7e6ec277dc4aea2677c2dc301d4227957219329c985ab69a3efc12518b5161aa?s=96&d=mm&r=g","url":"https:\/\/secure.gravatar.com\/avatar\/7e6ec277dc4aea2677c2dc301d4227957219329c985ab69a3efc12518b5161aa?s=96&d=mm&r=g","contentUrl":"https:\/\/secure.gravatar.com\/avatar\/7e6ec277dc4aea2677c2dc301d4227957219329c985ab69a3efc12518b5161aa?s=96&d=mm&r=g","caption":"Diario El Trabajo"},"sameAs":["https:\/\/eltrabajo.cl\/web"],"url":"https:\/\/eltrabajo.cl\/web\/author\/diario-el-trabajo\/"}]}},"_links":{"self":[{"href":"https:\/\/eltrabajo.cl\/web\/wp-json\/wp\/v2\/posts\/138007","targetHints":{"allow":["GET"]}}],"collection":[{"href":"https:\/\/eltrabajo.cl\/web\/wp-json\/wp\/v2\/posts"}],"about":[{"href":"https:\/\/eltrabajo.cl\/web\/wp-json\/wp\/v2\/types\/post"}],"author":[{"embeddable":true,"href":"https:\/\/eltrabajo.cl\/web\/wp-json\/wp\/v2\/users\/1"}],"replies":[{"embeddable":true,"href":"https:\/\/eltrabajo.cl\/web\/wp-json\/wp\/v2\/comments?post=138007"}],"version-history":[{"count":1,"href":"https:\/\/eltrabajo.cl\/web\/wp-json\/wp\/v2\/posts\/138007\/revisions"}],"predecessor-version":[{"id":138010,"href":"https:\/\/eltrabajo.cl\/web\/wp-json\/wp\/v2\/posts\/138007\/revisions\/138010"}],"wp:featuredmedia":[{"embeddable":true,"href":"https:\/\/eltrabajo.cl\/web\/wp-json\/wp\/v2\/media\/138008"}],"wp:attachment":[{"href":"https:\/\/eltrabajo.cl\/web\/wp-json\/wp\/v2\/media?parent=138007"}],"wp:term":[{"taxonomy":"category","embeddable":true,"href":"https:\/\/eltrabajo.cl\/web\/wp-json\/wp\/v2\/categories?post=138007"},{"taxonomy":"post_tag","embeddable":true,"href":"https:\/\/eltrabajo.cl\/web\/wp-json\/wp\/v2\/tags?post=138007"}],"curies":[{"name":"wp","href":"https:\/\/api.w.org\/{rel}","templated":true}]}}