{"id":138011,"date":"2025-06-12T21:55:22","date_gmt":"2025-06-13T00:55:22","guid":{"rendered":"https:\/\/eltrabajo.cl\/web\/?p=138011"},"modified":"2025-06-12T21:55:22","modified_gmt":"2025-06-13T00:55:22","slug":"estudiantes-del-liceo-corina-urbina-vivieron-experiencia-legislativa-en-taller-del-senado","status":"publish","type":"post","link":"https:\/\/eltrabajo.cl\/web\/estudiantes-del-liceo-corina-urbina-vivieron-experiencia-legislativa-en-taller-del-senado\/","title":{"rendered":"Estudiantes del Liceo Corina Urbina vivieron experiencia legislativa en taller del Senado"},"content":{"rendered":"<ul>\n<li><strong>Actividad del programa \u2018Poder Legislativo y Formaci\u00f3n de la Ley\u2019 acerc\u00f3 a alumnas de ense\u00f1anza media al proceso de creaci\u00f3n legislativa, con apoyo directo del equipo del Senado.-<\/strong><\/li>\n<\/ul>\n<p>Una jornada educativa y ciudadana vivieron 40 estudiantes del Liceo Corina Urbina (LCU) de San Felipe, quienes participaron por primera vez en el taller \u2018Poder Legislativo y Formaci\u00f3n de la Ley\u2019, programa impulsado por la Unidad de Vinculaci\u00f3n Ciudadana del Senado.<\/p>\n<p>La actividad, que incluy\u00f3 charlas te\u00f3ricas y talleres pr\u00e1cticos, tuvo por objetivo ense\u00f1ar de manera did\u00e1ctica c\u00f3mo se elabora una ley en Chile. Las estudiantes trabajaron en grupos para proponer o modificar proyectos legislativos, en una simulaci\u00f3n que las puso en el rol de senadoras de la Rep\u00fablica.<\/p>\n<p><strong>Tom\u00e1s Sim\u00f3n Guti\u00e9rrez Parada<\/strong>, profesor de historia y gestor de la jornada en el liceo, valor\u00f3 la iniciativa.<em> \u00abSe trata m\u00e1s que nada de que las estudiantes expliquen las fases y las etapas de un proyecto de ley <\/em>(&#8230;)<em> En este caso no ser\u00edan leyes vinculadas a gasto p\u00fablico, sino modificaciones de ley\u00bb,<\/em> explic\u00f3. Asimismo, agreg\u00f3 que los temas abordados por las alumnas incluyeron salud mental y aborto, seg\u00fan sus propios intereses.<\/p>\n<p>El taller, que se desarrolla en todo el pa\u00eds lleg\u00f3 por primera vez a San Felipe y a la Regi\u00f3n de Valpara\u00edso. El programa busca entregar educaci\u00f3n c\u00edvica a las y los estudiantes de c\u00f3mo funciona el Congreso Nacional, para educarlos tambi\u00e9n del rol que senadores, diputados y diputadas tienen y c\u00f3mo es su funci\u00f3n de representarlos.<\/p>\n<p>Adem\u00e1s, el programa se ejecuta con enfoque de g\u00e9nero y contempla contenidos sobre la participaci\u00f3n pol\u00edtica de las mujeres en el Congreso. Est\u00e1 compuesto por un equipo interdisciplinario de abogadas y abogados de la secretar\u00eda del Senado, as\u00ed como por un equipo de comunicaciones que, en ocasiones, realiza cobertura audiovisual.<\/p>\n<p>El profesor Guti\u00e9rrez se refiri\u00f3 a la actividad como una herramienta para fomentar la participaci\u00f3n juvenil.<em> \u00abEs muy relevante, porque acerca la pol\u00edtica partidista y el mundo pol\u00edtico a los ciudadanos, a las ciudadanas, a los j\u00f3venes que sobre todo hoy en d\u00eda est\u00e1n m\u00e1s desinteresados en pensar pol\u00edticamente\u00bb<\/em>.<\/p>\n<p>Tambi\u00e9n, hizo un llamado a que m\u00e1s establecimientos se sumen a este tipo de programas. <em>\u00abEsperemos que salga alguna autoridad pol\u00edtica de este sal\u00f3n. Que ellos puedan construir tambi\u00e9n una ley y que no es necesario ser de un sector pol\u00edtico o una clase social, sino que puede ser cualquiera\u00bb<\/em>.<\/p>\n<p>La gesti\u00f3n del taller fue posible gracias al inter\u00e9s del docente, quien conoci\u00f3 el programa a trav\u00e9s del canal del Congreso Nacional.<em> \u00abMe comuniqu\u00e9 al correo que incluso sale ah\u00ed en el mismo canal de televisi\u00f3n y ellos me respondieron de inmediato y se gestion\u00f3 r\u00e1pidamente el poder venir ac\u00e1\u00bb,<\/em> relat\u00f3.<\/p>\n<p>Los establecimientos que deseen postular, pueden hacerlo a trav\u00e9s de la web del Senado, en www.senado.cl\/ciudadan\u00eda, donde encontrar\u00e1n toda la informaci\u00f3n sobre el programa.<\/p>\n<p>As\u00ed, el Liceo Corina Urbina se convirti\u00f3 en el primer establecimiento de San Felipe en recibir esta valiosa experiencia legislativa que refuerza la educaci\u00f3n c\u00edvica y promueve el pensamiento cr\u00edtico entre los j\u00f3venes.<\/p>\n<figure id=\"attachment_138013\" aria-describedby=\"caption-attachment-138013\" style=\"width: 697px\" class=\"wp-caption alignnone\"><img loading=\"lazy\" decoding=\"async\" class=\"size-full wp-image-138013\" src=\"http:\/\/eltrabajo.cl\/web\/wp-content\/uploads\/2025\/06\/Congreso-Liceo-de-Ninas-1.jpg\" alt=\"Este jueves 12 de junio alumnas del Liceo Corina Urbina participaron del taller \u2018Poder Legislativo y Formaci\u00f3n de la Ley\u2019, programa impulsado por la Unidad de Vinculaci\u00f3n Ciudadana del Senado.\" width=\"697\" height=\"250\" srcset=\"https:\/\/eltrabajo.cl\/web\/wp-content\/uploads\/2025\/06\/Congreso-Liceo-de-Ninas-1.jpg 697w, https:\/\/eltrabajo.cl\/web\/wp-content\/uploads\/2025\/06\/Congreso-Liceo-de-Ninas-1-300x108.jpg 300w, https:\/\/eltrabajo.cl\/web\/wp-content\/uploads\/2025\/06\/Congreso-Liceo-de-Ninas-1-150x54.jpg 150w\" sizes=\"auto, (max-width: 697px) 100vw, 697px\" \/><figcaption id=\"caption-attachment-138013\" class=\"wp-caption-text\">Este jueves 12 de junio alumnas del Liceo Corina Urbina participaron del taller \u2018Poder Legislativo y Formaci\u00f3n de la Ley\u2019, programa impulsado por la Unidad de Vinculaci\u00f3n Ciudadana del Senado.<\/figcaption><\/figure>\n<figure id=\"attachment_138012\" aria-describedby=\"caption-attachment-138012\" style=\"width: 698px\" class=\"wp-caption alignnone\"><img loading=\"lazy\" decoding=\"async\" class=\"size-full wp-image-138012\" src=\"http:\/\/eltrabajo.cl\/web\/wp-content\/uploads\/2025\/06\/Congreso-Liceo-de-Ninas-3.jpg\" alt=\"Por primera vez el taller se realiz\u00f3 en un establecimiento de San Felipe y de la Regi\u00f3n de Valpara\u00edso.\" width=\"698\" height=\"345\" srcset=\"https:\/\/eltrabajo.cl\/web\/wp-content\/uploads\/2025\/06\/Congreso-Liceo-de-Ninas-3.jpg 698w, https:\/\/eltrabajo.cl\/web\/wp-content\/uploads\/2025\/06\/Congreso-Liceo-de-Ninas-3-300x148.jpg 300w, https:\/\/eltrabajo.cl\/web\/wp-content\/uploads\/2025\/06\/Congreso-Liceo-de-Ninas-3-150x74.jpg 150w, https:\/\/eltrabajo.cl\/web\/wp-content\/uploads\/2025\/06\/Congreso-Liceo-de-Ninas-3-696x344.jpg 696w\" sizes=\"auto, (max-width: 698px) 100vw, 698px\" \/><figcaption id=\"caption-attachment-138012\" class=\"wp-caption-text\">Por primera vez el taller se realiz\u00f3 en un establecimiento de San Felipe y de la Regi\u00f3n de Valpara\u00edso.<\/figcaption><\/figure>\n<figure id=\"attachment_138014\" aria-describedby=\"caption-attachment-138014\" style=\"width: 700px\" class=\"wp-caption alignnone\"><img loading=\"lazy\" decoding=\"async\" class=\"size-full wp-image-138014\" src=\"http:\/\/eltrabajo.cl\/web\/wp-content\/uploads\/2025\/06\/Congreso-Liceo-de-Ninas-2.jpg\" alt=\"Un total de 40 estudiantes propusieron y modificaron proyectos legislativos, en una simulaci\u00f3n que los puso en el rol de senadoras de la Rep\u00fablica.\" width=\"700\" height=\"525\" srcset=\"https:\/\/eltrabajo.cl\/web\/wp-content\/uploads\/2025\/06\/Congreso-Liceo-de-Ninas-2.jpg 700w, https:\/\/eltrabajo.cl\/web\/wp-content\/uploads\/2025\/06\/Congreso-Liceo-de-Ninas-2-300x225.jpg 300w, https:\/\/eltrabajo.cl\/web\/wp-content\/uploads\/2025\/06\/Congreso-Liceo-de-Ninas-2-560x420.jpg 560w, https:\/\/eltrabajo.cl\/web\/wp-content\/uploads\/2025\/06\/Congreso-Liceo-de-Ninas-2-80x60.jpg 80w, https:\/\/eltrabajo.cl\/web\/wp-content\/uploads\/2025\/06\/Congreso-Liceo-de-Ninas-2-150x113.jpg 150w, https:\/\/eltrabajo.cl\/web\/wp-content\/uploads\/2025\/06\/Congreso-Liceo-de-Ninas-2-696x522.jpg 696w\" sizes=\"auto, (max-width: 700px) 100vw, 700px\" \/><figcaption id=\"caption-attachment-138014\" class=\"wp-caption-text\">Un total de 40 estudiantes propusieron y modificaron proyectos legislativos, en una simulaci\u00f3n que los puso en el rol de senadoras de la Rep\u00fablica.<\/figcaption><\/figure>\n","protected":false},"excerpt":{"rendered":"<p>Actividad del programa \u2018Poder Legislativo y Formaci\u00f3n de la Ley\u2019 acerc\u00f3 a alumnas de ense\u00f1anza media al proceso de creaci\u00f3n legislativa, con apoyo directo del equipo del Senado.- Una jornada educativa y ciudadana vivieron 40 estudiantes del Liceo Corina Urbina (LCU) de San Felipe, quienes participaron por primera vez en el taller \u2018Poder Legislativo y [&hellip;]<\/p>\n","protected":false},"author":1,"featured_media":138014,"comment_status":"closed","ping_status":"closed","sticky":false,"template":"","format":"standard","meta":{"footnotes":""},"categories":[4],"tags":[],"class_list":{"0":"post-138011","1":"post","2":"type-post","3":"status-publish","4":"format-standard","5":"has-post-thumbnail","7":"category-comunidad"},"yoast_head":"<!-- This site is optimized with the Yoast SEO plugin v27.5 - https:\/\/yoast.com\/product\/yoast-seo-wordpress\/ -->\n<title>Estudiantes del Liceo Corina Urbina vivieron experiencia legislativa en taller del Senado - Diario El Trabajo<\/title>\n<meta name=\"robots\" content=\"index, follow, max-snippet:-1, max-image-preview:large, max-video-preview:-1\" \/>\n<link rel=\"canonical\" href=\"https:\/\/eltrabajo.cl\/web\/estudiantes-del-liceo-corina-urbina-vivieron-experiencia-legislativa-en-taller-del-senado\/\" \/>\n<meta property=\"og:locale\" content=\"es_ES\" \/>\n<meta property=\"og:type\" content=\"article\" \/>\n<meta property=\"og:title\" content=\"Estudiantes del Liceo Corina Urbina vivieron experiencia legislativa en taller del Senado - Diario El Trabajo\" \/>\n<meta property=\"og:description\" content=\"Actividad del programa \u2018Poder Legislativo y Formaci\u00f3n de la Ley\u2019 acerc\u00f3 a alumnas de ense\u00f1anza media al proceso de creaci\u00f3n legislativa, con apoyo directo del equipo del Senado.- Una jornada educativa y ciudadana vivieron 40 estudiantes del Liceo Corina Urbina (LCU) de San Felipe, quienes participaron por primera vez en el taller \u2018Poder Legislativo y [&hellip;]\" \/>\n<meta property=\"og:url\" content=\"https:\/\/eltrabajo.cl\/web\/estudiantes-del-liceo-corina-urbina-vivieron-experiencia-legislativa-en-taller-del-senado\/\" \/>\n<meta property=\"og:site_name\" content=\"Diario El Trabajo\" \/>\n<meta property=\"article:publisher\" content=\"https:\/\/www.facebook.com\/ElTrabajoDiario\" \/>\n<meta property=\"article:published_time\" content=\"2025-06-13T00:55:22+00:00\" \/>\n<meta property=\"og:image\" content=\"https:\/\/eltrabajo.cl\/web\/wp-content\/uploads\/2025\/06\/Congreso-Liceo-de-Ninas-2.jpg\" \/>\n\t<meta property=\"og:image:width\" content=\"700\" \/>\n\t<meta property=\"og:image:height\" content=\"525\" \/>\n\t<meta property=\"og:image:type\" content=\"image\/jpeg\" \/>\n<meta name=\"author\" content=\"Diario El Trabajo\" \/>\n<meta name=\"twitter:card\" content=\"summary_large_image\" \/>\n<meta name=\"twitter:creator\" content=\"@diarioeltrabajo\" \/>\n<meta name=\"twitter:site\" content=\"@diarioeltrabajo\" \/>\n<meta name=\"twitter:label1\" content=\"Escrito por\" \/>\n\t<meta name=\"twitter:data1\" content=\"Diario El Trabajo\" \/>\n\t<meta name=\"twitter:label2\" content=\"Tiempo estimado de lectura\" \/>\n\t<meta name=\"twitter:data2\" content=\"4 minutos\" \/>\n<script type=\"application\/ld+json\" class=\"yoast-schema-graph\">{\"@context\":\"https:\\\/\\\/schema.org\",\"@graph\":[{\"@type\":\"Article\",\"@id\":\"https:\\\/\\\/eltrabajo.cl\\\/web\\\/estudiantes-del-liceo-corina-urbina-vivieron-experiencia-legislativa-en-taller-del-senado\\\/#article\",\"isPartOf\":{\"@id\":\"https:\\\/\\\/eltrabajo.cl\\\/web\\\/estudiantes-del-liceo-corina-urbina-vivieron-experiencia-legislativa-en-taller-del-senado\\\/\"},\"author\":{\"name\":\"Diario El Trabajo\",\"@id\":\"https:\\\/\\\/eltrabajo.cl\\\/web\\\/#\\\/schema\\\/person\\\/45efd3d17f86ec456e44dd7debe1bf19\"},\"headline\":\"Estudiantes del Liceo Corina Urbina vivieron experiencia legislativa en taller del Senado\",\"datePublished\":\"2025-06-13T00:55:22+00:00\",\"mainEntityOfPage\":{\"@id\":\"https:\\\/\\\/eltrabajo.cl\\\/web\\\/estudiantes-del-liceo-corina-urbina-vivieron-experiencia-legislativa-en-taller-del-senado\\\/\"},\"wordCount\":676,\"publisher\":{\"@id\":\"https:\\\/\\\/eltrabajo.cl\\\/web\\\/#organization\"},\"image\":{\"@id\":\"https:\\\/\\\/eltrabajo.cl\\\/web\\\/estudiantes-del-liceo-corina-urbina-vivieron-experiencia-legislativa-en-taller-del-senado\\\/#primaryimage\"},\"thumbnailUrl\":\"https:\\\/\\\/eltrabajo.cl\\\/web\\\/wp-content\\\/uploads\\\/2025\\\/06\\\/Congreso-Liceo-de-Ninas-2.jpg\",\"articleSection\":[\"Comunidad\"],\"inLanguage\":\"es-CL\"},{\"@type\":\"WebPage\",\"@id\":\"https:\\\/\\\/eltrabajo.cl\\\/web\\\/estudiantes-del-liceo-corina-urbina-vivieron-experiencia-legislativa-en-taller-del-senado\\\/\",\"url\":\"https:\\\/\\\/eltrabajo.cl\\\/web\\\/estudiantes-del-liceo-corina-urbina-vivieron-experiencia-legislativa-en-taller-del-senado\\\/\",\"name\":\"Estudiantes del Liceo Corina Urbina vivieron experiencia legislativa en taller del Senado - Diario El Trabajo\",\"isPartOf\":{\"@id\":\"https:\\\/\\\/eltrabajo.cl\\\/web\\\/#website\"},\"primaryImageOfPage\":{\"@id\":\"https:\\\/\\\/eltrabajo.cl\\\/web\\\/estudiantes-del-liceo-corina-urbina-vivieron-experiencia-legislativa-en-taller-del-senado\\\/#primaryimage\"},\"image\":{\"@id\":\"https:\\\/\\\/eltrabajo.cl\\\/web\\\/estudiantes-del-liceo-corina-urbina-vivieron-experiencia-legislativa-en-taller-del-senado\\\/#primaryimage\"},\"thumbnailUrl\":\"https:\\\/\\\/eltrabajo.cl\\\/web\\\/wp-content\\\/uploads\\\/2025\\\/06\\\/Congreso-Liceo-de-Ninas-2.jpg\",\"datePublished\":\"2025-06-13T00:55:22+00:00\",\"breadcrumb\":{\"@id\":\"https:\\\/\\\/eltrabajo.cl\\\/web\\\/estudiantes-del-liceo-corina-urbina-vivieron-experiencia-legislativa-en-taller-del-senado\\\/#breadcrumb\"},\"inLanguage\":\"es-CL\",\"potentialAction\":[{\"@type\":\"ReadAction\",\"target\":[\"https:\\\/\\\/eltrabajo.cl\\\/web\\\/estudiantes-del-liceo-corina-urbina-vivieron-experiencia-legislativa-en-taller-del-senado\\\/\"]}]},{\"@type\":\"ImageObject\",\"inLanguage\":\"es-CL\",\"@id\":\"https:\\\/\\\/eltrabajo.cl\\\/web\\\/estudiantes-del-liceo-corina-urbina-vivieron-experiencia-legislativa-en-taller-del-senado\\\/#primaryimage\",\"url\":\"https:\\\/\\\/eltrabajo.cl\\\/web\\\/wp-content\\\/uploads\\\/2025\\\/06\\\/Congreso-Liceo-de-Ninas-2.jpg\",\"contentUrl\":\"https:\\\/\\\/eltrabajo.cl\\\/web\\\/wp-content\\\/uploads\\\/2025\\\/06\\\/Congreso-Liceo-de-Ninas-2.jpg\",\"width\":700,\"height\":525,\"caption\":\"Un total de 40 estudiantes propusieron y modificaron proyectos legislativos, en una simulaci\u00f3n que los puso en el rol de senadoras de la Rep\u00fablica.\"},{\"@type\":\"BreadcrumbList\",\"@id\":\"https:\\\/\\\/eltrabajo.cl\\\/web\\\/estudiantes-del-liceo-corina-urbina-vivieron-experiencia-legislativa-en-taller-del-senado\\\/#breadcrumb\",\"itemListElement\":[{\"@type\":\"ListItem\",\"position\":1,\"name\":\"Portada\",\"item\":\"https:\\\/\\\/eltrabajo.cl\\\/web\\\/\"},{\"@type\":\"ListItem\",\"position\":2,\"name\":\"Estudiantes del Liceo Corina Urbina vivieron experiencia legislativa en taller del Senado\"}]},{\"@type\":\"WebSite\",\"@id\":\"https:\\\/\\\/eltrabajo.cl\\\/web\\\/#website\",\"url\":\"https:\\\/\\\/eltrabajo.cl\\\/web\\\/\",\"name\":\"Diario El Trabajo\",\"description\":\"Desde 1929 construyendo Identidad Local\",\"publisher\":{\"@id\":\"https:\\\/\\\/eltrabajo.cl\\\/web\\\/#organization\"},\"potentialAction\":[{\"@type\":\"SearchAction\",\"target\":{\"@type\":\"EntryPoint\",\"urlTemplate\":\"https:\\\/\\\/eltrabajo.cl\\\/web\\\/?s={search_term_string}\"},\"query-input\":{\"@type\":\"PropertyValueSpecification\",\"valueRequired\":true,\"valueName\":\"search_term_string\"}}],\"inLanguage\":\"es-CL\"},{\"@type\":\"Organization\",\"@id\":\"https:\\\/\\\/eltrabajo.cl\\\/web\\\/#organization\",\"name\":\"Diario El Trabajo\",\"url\":\"https:\\\/\\\/eltrabajo.cl\\\/web\\\/\",\"logo\":{\"@type\":\"ImageObject\",\"inLanguage\":\"es-CL\",\"@id\":\"https:\\\/\\\/eltrabajo.cl\\\/web\\\/#\\\/schema\\\/logo\\\/image\\\/\",\"url\":\"https:\\\/\\\/eltrabajo.cl\\\/web\\\/wp-content\\\/uploads\\\/2024\\\/06\\\/profile-image-ig-page-diarioeltrabajo.jpg\",\"contentUrl\":\"https:\\\/\\\/eltrabajo.cl\\\/web\\\/wp-content\\\/uploads\\\/2024\\\/06\\\/profile-image-ig-page-diarioeltrabajo.jpg\",\"width\":823,\"height\":823,\"caption\":\"Diario El Trabajo\"},\"image\":{\"@id\":\"https:\\\/\\\/eltrabajo.cl\\\/web\\\/#\\\/schema\\\/logo\\\/image\\\/\"},\"sameAs\":[\"https:\\\/\\\/www.facebook.com\\\/ElTrabajoDiario\",\"https:\\\/\\\/x.com\\\/diarioeltrabajo\"]},{\"@type\":\"Person\",\"@id\":\"https:\\\/\\\/eltrabajo.cl\\\/web\\\/#\\\/schema\\\/person\\\/45efd3d17f86ec456e44dd7debe1bf19\",\"name\":\"Diario El Trabajo\",\"image\":{\"@type\":\"ImageObject\",\"inLanguage\":\"es-CL\",\"@id\":\"https:\\\/\\\/secure.gravatar.com\\\/avatar\\\/7e6ec277dc4aea2677c2dc301d4227957219329c985ab69a3efc12518b5161aa?s=96&d=mm&r=g\",\"url\":\"https:\\\/\\\/secure.gravatar.com\\\/avatar\\\/7e6ec277dc4aea2677c2dc301d4227957219329c985ab69a3efc12518b5161aa?s=96&d=mm&r=g\",\"contentUrl\":\"https:\\\/\\\/secure.gravatar.com\\\/avatar\\\/7e6ec277dc4aea2677c2dc301d4227957219329c985ab69a3efc12518b5161aa?s=96&d=mm&r=g\",\"caption\":\"Diario El Trabajo\"},\"sameAs\":[\"https:\\\/\\\/eltrabajo.cl\\\/web\"],\"url\":\"https:\\\/\\\/eltrabajo.cl\\\/web\\\/author\\\/diario-el-trabajo\\\/\"}]}<\/script>\n<!-- \/ Yoast SEO plugin. -->","yoast_head_json":{"title":"Estudiantes del Liceo Corina Urbina vivieron experiencia legislativa en taller del Senado - Diario El Trabajo","robots":{"index":"index","follow":"follow","max-snippet":"max-snippet:-1","max-image-preview":"max-image-preview:large","max-video-preview":"max-video-preview:-1"},"canonical":"https:\/\/eltrabajo.cl\/web\/estudiantes-del-liceo-corina-urbina-vivieron-experiencia-legislativa-en-taller-del-senado\/","og_locale":"es_ES","og_type":"article","og_title":"Estudiantes del Liceo Corina Urbina vivieron experiencia legislativa en taller del Senado - Diario El Trabajo","og_description":"Actividad del programa \u2018Poder Legislativo y Formaci\u00f3n de la Ley\u2019 acerc\u00f3 a alumnas de ense\u00f1anza media al proceso de creaci\u00f3n legislativa, con apoyo directo del equipo del Senado.- Una jornada educativa y ciudadana vivieron 40 estudiantes del Liceo Corina Urbina (LCU) de San Felipe, quienes participaron por primera vez en el taller \u2018Poder Legislativo y [&hellip;]","og_url":"https:\/\/eltrabajo.cl\/web\/estudiantes-del-liceo-corina-urbina-vivieron-experiencia-legislativa-en-taller-del-senado\/","og_site_name":"Diario El Trabajo","article_publisher":"https:\/\/www.facebook.com\/ElTrabajoDiario","article_published_time":"2025-06-13T00:55:22+00:00","og_image":[{"width":700,"height":525,"url":"https:\/\/eltrabajo.cl\/web\/wp-content\/uploads\/2025\/06\/Congreso-Liceo-de-Ninas-2.jpg","type":"image\/jpeg"}],"author":"Diario El Trabajo","twitter_card":"summary_large_image","twitter_creator":"@diarioeltrabajo","twitter_site":"@diarioeltrabajo","twitter_misc":{"Escrito por":"Diario El Trabajo","Tiempo estimado de lectura":"4 minutos"},"schema":{"@context":"https:\/\/schema.org","@graph":[{"@type":"Article","@id":"https:\/\/eltrabajo.cl\/web\/estudiantes-del-liceo-corina-urbina-vivieron-experiencia-legislativa-en-taller-del-senado\/#article","isPartOf":{"@id":"https:\/\/eltrabajo.cl\/web\/estudiantes-del-liceo-corina-urbina-vivieron-experiencia-legislativa-en-taller-del-senado\/"},"author":{"name":"Diario El Trabajo","@id":"https:\/\/eltrabajo.cl\/web\/#\/schema\/person\/45efd3d17f86ec456e44dd7debe1bf19"},"headline":"Estudiantes del Liceo Corina Urbina vivieron experiencia legislativa en taller del Senado","datePublished":"2025-06-13T00:55:22+00:00","mainEntityOfPage":{"@id":"https:\/\/eltrabajo.cl\/web\/estudiantes-del-liceo-corina-urbina-vivieron-experiencia-legislativa-en-taller-del-senado\/"},"wordCount":676,"publisher":{"@id":"https:\/\/eltrabajo.cl\/web\/#organization"},"image":{"@id":"https:\/\/eltrabajo.cl\/web\/estudiantes-del-liceo-corina-urbina-vivieron-experiencia-legislativa-en-taller-del-senado\/#primaryimage"},"thumbnailUrl":"https:\/\/eltrabajo.cl\/web\/wp-content\/uploads\/2025\/06\/Congreso-Liceo-de-Ninas-2.jpg","articleSection":["Comunidad"],"inLanguage":"es-CL"},{"@type":"WebPage","@id":"https:\/\/eltrabajo.cl\/web\/estudiantes-del-liceo-corina-urbina-vivieron-experiencia-legislativa-en-taller-del-senado\/","url":"https:\/\/eltrabajo.cl\/web\/estudiantes-del-liceo-corina-urbina-vivieron-experiencia-legislativa-en-taller-del-senado\/","name":"Estudiantes del Liceo Corina Urbina vivieron experiencia legislativa en taller del Senado - Diario El Trabajo","isPartOf":{"@id":"https:\/\/eltrabajo.cl\/web\/#website"},"primaryImageOfPage":{"@id":"https:\/\/eltrabajo.cl\/web\/estudiantes-del-liceo-corina-urbina-vivieron-experiencia-legislativa-en-taller-del-senado\/#primaryimage"},"image":{"@id":"https:\/\/eltrabajo.cl\/web\/estudiantes-del-liceo-corina-urbina-vivieron-experiencia-legislativa-en-taller-del-senado\/#primaryimage"},"thumbnailUrl":"https:\/\/eltrabajo.cl\/web\/wp-content\/uploads\/2025\/06\/Congreso-Liceo-de-Ninas-2.jpg","datePublished":"2025-06-13T00:55:22+00:00","breadcrumb":{"@id":"https:\/\/eltrabajo.cl\/web\/estudiantes-del-liceo-corina-urbina-vivieron-experiencia-legislativa-en-taller-del-senado\/#breadcrumb"},"inLanguage":"es-CL","potentialAction":[{"@type":"ReadAction","target":["https:\/\/eltrabajo.cl\/web\/estudiantes-del-liceo-corina-urbina-vivieron-experiencia-legislativa-en-taller-del-senado\/"]}]},{"@type":"ImageObject","inLanguage":"es-CL","@id":"https:\/\/eltrabajo.cl\/web\/estudiantes-del-liceo-corina-urbina-vivieron-experiencia-legislativa-en-taller-del-senado\/#primaryimage","url":"https:\/\/eltrabajo.cl\/web\/wp-content\/uploads\/2025\/06\/Congreso-Liceo-de-Ninas-2.jpg","contentUrl":"https:\/\/eltrabajo.cl\/web\/wp-content\/uploads\/2025\/06\/Congreso-Liceo-de-Ninas-2.jpg","width":700,"height":525,"caption":"Un total de 40 estudiantes propusieron y modificaron proyectos legislativos, en una simulaci\u00f3n que los puso en el rol de senadoras de la Rep\u00fablica."},{"@type":"BreadcrumbList","@id":"https:\/\/eltrabajo.cl\/web\/estudiantes-del-liceo-corina-urbina-vivieron-experiencia-legislativa-en-taller-del-senado\/#breadcrumb","itemListElement":[{"@type":"ListItem","position":1,"name":"Portada","item":"https:\/\/eltrabajo.cl\/web\/"},{"@type":"ListItem","position":2,"name":"Estudiantes del Liceo Corina Urbina vivieron experiencia legislativa en taller del Senado"}]},{"@type":"WebSite","@id":"https:\/\/eltrabajo.cl\/web\/#website","url":"https:\/\/eltrabajo.cl\/web\/","name":"Diario El Trabajo","description":"Desde 1929 construyendo Identidad Local","publisher":{"@id":"https:\/\/eltrabajo.cl\/web\/#organization"},"potentialAction":[{"@type":"SearchAction","target":{"@type":"EntryPoint","urlTemplate":"https:\/\/eltrabajo.cl\/web\/?s={search_term_string}"},"query-input":{"@type":"PropertyValueSpecification","valueRequired":true,"valueName":"search_term_string"}}],"inLanguage":"es-CL"},{"@type":"Organization","@id":"https:\/\/eltrabajo.cl\/web\/#organization","name":"Diario El Trabajo","url":"https:\/\/eltrabajo.cl\/web\/","logo":{"@type":"ImageObject","inLanguage":"es-CL","@id":"https:\/\/eltrabajo.cl\/web\/#\/schema\/logo\/image\/","url":"https:\/\/eltrabajo.cl\/web\/wp-content\/uploads\/2024\/06\/profile-image-ig-page-diarioeltrabajo.jpg","contentUrl":"https:\/\/eltrabajo.cl\/web\/wp-content\/uploads\/2024\/06\/profile-image-ig-page-diarioeltrabajo.jpg","width":823,"height":823,"caption":"Diario El Trabajo"},"image":{"@id":"https:\/\/eltrabajo.cl\/web\/#\/schema\/logo\/image\/"},"sameAs":["https:\/\/www.facebook.com\/ElTrabajoDiario","https:\/\/x.com\/diarioeltrabajo"]},{"@type":"Person","@id":"https:\/\/eltrabajo.cl\/web\/#\/schema\/person\/45efd3d17f86ec456e44dd7debe1bf19","name":"Diario El Trabajo","image":{"@type":"ImageObject","inLanguage":"es-CL","@id":"https:\/\/secure.gravatar.com\/avatar\/7e6ec277dc4aea2677c2dc301d4227957219329c985ab69a3efc12518b5161aa?s=96&d=mm&r=g","url":"https:\/\/secure.gravatar.com\/avatar\/7e6ec277dc4aea2677c2dc301d4227957219329c985ab69a3efc12518b5161aa?s=96&d=mm&r=g","contentUrl":"https:\/\/secure.gravatar.com\/avatar\/7e6ec277dc4aea2677c2dc301d4227957219329c985ab69a3efc12518b5161aa?s=96&d=mm&r=g","caption":"Diario El Trabajo"},"sameAs":["https:\/\/eltrabajo.cl\/web"],"url":"https:\/\/eltrabajo.cl\/web\/author\/diario-el-trabajo\/"}]}},"_links":{"self":[{"href":"https:\/\/eltrabajo.cl\/web\/wp-json\/wp\/v2\/posts\/138011","targetHints":{"allow":["GET"]}}],"collection":[{"href":"https:\/\/eltrabajo.cl\/web\/wp-json\/wp\/v2\/posts"}],"about":[{"href":"https:\/\/eltrabajo.cl\/web\/wp-json\/wp\/v2\/types\/post"}],"author":[{"embeddable":true,"href":"https:\/\/eltrabajo.cl\/web\/wp-json\/wp\/v2\/users\/1"}],"replies":[{"embeddable":true,"href":"https:\/\/eltrabajo.cl\/web\/wp-json\/wp\/v2\/comments?post=138011"}],"version-history":[{"count":1,"href":"https:\/\/eltrabajo.cl\/web\/wp-json\/wp\/v2\/posts\/138011\/revisions"}],"predecessor-version":[{"id":138015,"href":"https:\/\/eltrabajo.cl\/web\/wp-json\/wp\/v2\/posts\/138011\/revisions\/138015"}],"wp:featuredmedia":[{"embeddable":true,"href":"https:\/\/eltrabajo.cl\/web\/wp-json\/wp\/v2\/media\/138014"}],"wp:attachment":[{"href":"https:\/\/eltrabajo.cl\/web\/wp-json\/wp\/v2\/media?parent=138011"}],"wp:term":[{"taxonomy":"category","embeddable":true,"href":"https:\/\/eltrabajo.cl\/web\/wp-json\/wp\/v2\/categories?post=138011"},{"taxonomy":"post_tag","embeddable":true,"href":"https:\/\/eltrabajo.cl\/web\/wp-json\/wp\/v2\/tags?post=138011"}],"curies":[{"name":"wp","href":"https:\/\/api.w.org\/{rel}","templated":true}]}}