{"id":138215,"date":"2025-06-24T21:35:25","date_gmt":"2025-06-25T00:35:25","guid":{"rendered":"https:\/\/eltrabajo.cl\/web\/?p=138215"},"modified":"2025-06-24T21:35:25","modified_gmt":"2025-06-25T00:35:25","slug":"emotivo-adios-al-ultimo-integrante-del-emblematico-grupo-musical-los-celos","status":"publish","type":"post","link":"https:\/\/eltrabajo.cl\/web\/emotivo-adios-al-ultimo-integrante-del-emblematico-grupo-musical-los-celos\/","title":{"rendered":"Emotivo adi\u00f3s al \u00faltimo integrante del emblem\u00e1tico grupo musical \u2018Los Celos\u2019"},"content":{"rendered":"<ul>\n<li><strong>Luciano Gonz\u00e1lez dej\u00f3 este mundo a los 82 a\u00f1os de edad.-<\/strong><\/li>\n<\/ul>\n<p>As\u00ed como es la vida\u2026 todo tiene un final. Falleci\u00f3 el \u00faltimo integrante del emblem\u00e1tico grupo musical \u2018Los Celos\u2019, muy conocidos por amenizar las noches de fin de semana en el sal\u00f3n de baile \u2018El Negro Bueno\u2019, ubicado en Rinconada de Silva. Se trata de ni m\u00e1s ni menos que <strong>Luciano Hern\u00e1n Gonz\u00e1lez Carvajal<\/strong>, m\u00fasico que nos dej\u00f3 a la edad de 82 a\u00f1os.<\/p>\n<p>Este martes se realiz\u00f3 su funeral, por otro lado su velatorio se realiz\u00f3 en el sal\u00f3n de la Parroquia Andacollo, donde estuvo acompa\u00f1ado por sus seres queridos, incluyendo a su fiel compa\u00f1era, su nieta perruna \u2013como le llamaba cari\u00f1osamente Luciano- \u2018<strong>Mizuki<\/strong>\u2019. Hasta ah\u00ed lleg\u00f3 <strong>Diario El Trabajo<\/strong>, para conversar con su hija mayor <strong>Carolina Gonz\u00e1lez Bruna<\/strong>, quien recuerda emotivamente el legado de su padre.<\/p>\n<p>Por una cuesti\u00f3n generacional, a algunos no les sonar\u00e1 su nombre, pero Luciano fue la \u00faltima cara de una banda que dej\u00f3 huella en nuestra zona. <em>\u00ab\u00c9l fue el \u00faltimo sobreviviente de sus amigos, \u00e9l los extra\u00f1aba mucho, ya que todos se fueron antes que \u00e9l y dec\u00eda \u2018que lo estaban esperando\u2019\u00bb<\/em>, se\u00f1al\u00f3.<\/p>\n<p>Carolina cuenta que su padre llevaba a\u00f1os postrado, ten\u00eda varios problemas de salud, se sent\u00eda cansado <em>\u00aby tambi\u00e9n desde su alma quer\u00eda pronto partir. Tampoco quedaban de sus hermanos, ellos eran seis y todos fallecidos. Fallecieron todos sus amigos los del grupo \u2018Los Celos\u2019, que fue un grupo que ellos formaron cuando \u00e9l era adolescente, comenzando a tocar cuando ten\u00eda 16, 18 a\u00f1os. Y esos son sus amigos, con quien estuvo toda la vida con ellos, entonces, era muy triste para \u00e9l ver que cada uno de ellos fue partiendo y fue quedando solo\u00bb<\/em>, manifest\u00f3.<\/p>\n<p>&#8211; <strong>Le preguntaba a su mam\u00e1, \u00bfc\u00f3mo era ser familia de un m\u00fasico que toca en las principales fiestas? Desaparecen los fines de semana<\/strong><\/p>\n<p>&#8211; Era especial, porque yo viv\u00ed mi adolescencia con mi pap\u00e1 como m\u00fasico, entonces ir a La Chaya y verlo afuera del Cuerpo de Bomberos tocando era muy emocionante; tambi\u00e9n fuimos a verlo al \u2018Negro Bueno\u2019, a \u2018Los Artesanos\u2019, en el Club San Felipe hac\u00edan unos A\u00f1os Nuevos donde ellos eran los que animaban la fiesta\u2026 era muy bonito. Pero tambi\u00e9n estaba este sacrificio que desde el viernes en la tarde uno ve\u00eda que el pap\u00e1 se arreglaba, porque ellos ten\u00edan su vestimenta, para salir a trabajar. Ese era el trabajo de mi pap\u00e1, ser m\u00fasico, y era uno educado, porque le\u00edan m\u00fasica ellos, la profesionalizaron. Yo siempre bromeo que nosotros como hijos aprendimos primero a leer m\u00fasica que a leer, porque \u00e9l nos ense\u00f1aba. Hab\u00eda sacrificios como la Navidad, A\u00f1os Nuevos, donde no los pasaba con nosotros y abr\u00edamos los regalos al otro d\u00eda, porque llegaba en la madrugada, nos despertaba con los regalos y eran las 6, 7 de la ma\u00f1ana, que era la hora que llegaba de trabajar y ah\u00ed los abr\u00edamos y sal\u00edamos andar en bicicleta nueva con pijama, porque mi mam\u00e1 siempre respet\u00f3 a que mi pap\u00e1 estuviera para estar todos como familia y celebrar las fiestas.<\/p>\n<p>&#8211; <strong>\u00bfQu\u00e9 recuerdos van a tener ustedes de su padre?<\/strong><\/p>\n<p>&#8211; Much\u00edsimos, porque era un hombre muy inteligente, muy educado, autodidacta. Le dec\u00edamos \u2018giro sin tornillo\u2019, porque de pocas cosas inventaba muchas, muy bueno para generar, crear cosas mec\u00e1nicas, para ense\u00f1arnos m\u00fasica, para escucharla. En mi casa siempre hubo m\u00fasica y siempre que escucho canciones es el recuerdo de mi padre, me s\u00e9 todas las de \u2018La Nueva Ola\u2019 y est\u00e1n como en mi ADN. Yo a veces escucho la canci\u00f3n y me pongo a cantar, porque estaba acostumbrada a escucharlo a \u00e9l. Muy elegante para vestirse y cumplir con el trabajo que le correspond\u00eda, \u00e9l no iba de fiesta, iba a trabajar para que la gente se divirtiera, siempre nos dijo eso.<\/p>\n<p>&#8211;<strong> \u00bfAlguna reflexi\u00f3n final?<\/strong><\/p>\n<p>&#8211; Que \u00e9l vivi\u00f3 su vida, la disfrut\u00f3, aprendi\u00f3, entreg\u00f3 mucho. Nos mostr\u00f3 como uno puede sacar la mejor versi\u00f3n de uno mismo, en que es posible tener amigos para toda la vida y disfrutar del trabajo que se hace. \u00c9l lo disfrutaba mucho y nos lo mostraba, nosotros \u00edbamos donde \u00e9l estaba tocando a veces en el D\u00eda de la Mam\u00e1, \u00edbamos al \u2018Negro Bueno\u2019 a verlo a \u00e9l, pero tambi\u00e9n a disfrutar con su m\u00fasica.<\/p>\n<p>Luciano Hern\u00e1n Gonz\u00e1lez Carvajal estuvo casado 56 a\u00f1os con <strong>Mar\u00eda In\u00e9s Bruna Malbr\u00e1n<\/strong>, con quien tuvo cuatro hijos: Carolina, <strong>Mar\u00eda Ang\u00e9lica<\/strong>, <strong>Carlos Alfonso<\/strong> y <strong>Luciano Hern\u00e1n<\/strong>. Adem\u00e1s, est\u00e1n sus nietos <strong>Arturo<\/strong>, <strong>Valentina<\/strong>, <strong>Catalina<\/strong>, <strong>Mart\u00edn<\/strong> y <strong>Agustina<\/strong>.<\/p>\n<figure id=\"attachment_138217\" aria-describedby=\"caption-attachment-138217\" style=\"width: 699px\" class=\"wp-caption alignnone\"><img loading=\"lazy\" decoding=\"async\" class=\"size-full wp-image-138217\" src=\"http:\/\/eltrabajo.cl\/web\/wp-content\/uploads\/2025\/06\/Luciano-Gonzalez-1.jpg\" alt=\"Ac\u00e1 lo vemos a Luciano, el primero de abajo a la izquierda, compartiendo con su familia.\" width=\"699\" height=\"394\" srcset=\"https:\/\/eltrabajo.cl\/web\/wp-content\/uploads\/2025\/06\/Luciano-Gonzalez-1.jpg 699w, https:\/\/eltrabajo.cl\/web\/wp-content\/uploads\/2025\/06\/Luciano-Gonzalez-1-300x169.jpg 300w, https:\/\/eltrabajo.cl\/web\/wp-content\/uploads\/2025\/06\/Luciano-Gonzalez-1-150x85.jpg 150w, https:\/\/eltrabajo.cl\/web\/wp-content\/uploads\/2025\/06\/Luciano-Gonzalez-1-696x392.jpg 696w\" sizes=\"auto, (max-width: 699px) 100vw, 699px\" \/><figcaption id=\"caption-attachment-138217\" class=\"wp-caption-text\">Ac\u00e1 lo vemos a Luciano, el primero de abajo a la izquierda, compartiendo con su familia.<\/figcaption><\/figure>\n<figure id=\"attachment_138218\" aria-describedby=\"caption-attachment-138218\" style=\"width: 699px\" class=\"wp-caption alignnone\"><img loading=\"lazy\" decoding=\"async\" class=\"size-full wp-image-138218\" src=\"http:\/\/eltrabajo.cl\/web\/wp-content\/uploads\/2025\/06\/Luciano-Gonzalez-2.jpg\" alt=\"Luciano, segundo de izquierda a derecha, tocando el bajo en uno de los tantos eventos.\" width=\"699\" height=\"432\" srcset=\"https:\/\/eltrabajo.cl\/web\/wp-content\/uploads\/2025\/06\/Luciano-Gonzalez-2.jpg 699w, https:\/\/eltrabajo.cl\/web\/wp-content\/uploads\/2025\/06\/Luciano-Gonzalez-2-300x185.jpg 300w, https:\/\/eltrabajo.cl\/web\/wp-content\/uploads\/2025\/06\/Luciano-Gonzalez-2-680x420.jpg 680w, https:\/\/eltrabajo.cl\/web\/wp-content\/uploads\/2025\/06\/Luciano-Gonzalez-2-150x93.jpg 150w, https:\/\/eltrabajo.cl\/web\/wp-content\/uploads\/2025\/06\/Luciano-Gonzalez-2-696x430.jpg 696w\" sizes=\"auto, (max-width: 699px) 100vw, 699px\" \/><figcaption id=\"caption-attachment-138218\" class=\"wp-caption-text\">Luciano, segundo de izquierda a derecha, tocando el bajo en uno de los tantos eventos.<\/figcaption><\/figure>\n<figure id=\"attachment_138219\" aria-describedby=\"caption-attachment-138219\" style=\"width: 698px\" class=\"wp-caption alignnone\"><img loading=\"lazy\" decoding=\"async\" class=\"size-full wp-image-138219\" src=\"http:\/\/eltrabajo.cl\/web\/wp-content\/uploads\/2025\/06\/Luciano-Gonzalez-3.jpg\" alt=\"Ac\u00e1 en foto a color, el cuarto de izquierda a derecha, al lado del cantante \u2018Chinito\u2019 Z\u00fa\u00f1iga. Todos de esmoquin.\" width=\"698\" height=\"460\" srcset=\"https:\/\/eltrabajo.cl\/web\/wp-content\/uploads\/2025\/06\/Luciano-Gonzalez-3.jpg 698w, https:\/\/eltrabajo.cl\/web\/wp-content\/uploads\/2025\/06\/Luciano-Gonzalez-3-300x198.jpg 300w, https:\/\/eltrabajo.cl\/web\/wp-content\/uploads\/2025\/06\/Luciano-Gonzalez-3-637x420.jpg 637w, https:\/\/eltrabajo.cl\/web\/wp-content\/uploads\/2025\/06\/Luciano-Gonzalez-3-150x99.jpg 150w, https:\/\/eltrabajo.cl\/web\/wp-content\/uploads\/2025\/06\/Luciano-Gonzalez-3-696x459.jpg 696w\" sizes=\"auto, (max-width: 698px) 100vw, 698px\" \/><figcaption id=\"caption-attachment-138219\" class=\"wp-caption-text\">Ac\u00e1 en foto a color, el cuarto de izquierda a derecha, al lado del cantante \u2018Chinito\u2019 Z\u00fa\u00f1iga. Todos de esmoquin.<\/figcaption><\/figure>\n<figure id=\"attachment_138216\" aria-describedby=\"caption-attachment-138216\" style=\"width: 698px\" class=\"wp-caption alignnone\"><img loading=\"lazy\" decoding=\"async\" class=\"size-full wp-image-138216\" src=\"http:\/\/eltrabajo.cl\/web\/wp-content\/uploads\/2025\/06\/Luciano-Gonzalez-4.jpg\" alt=\"\u2018Mizuki\u2019, su nieta perruna que tambi\u00e9n lleg\u00f3 a despedirlo. Se paseaba bajo la urna.\" width=\"698\" height=\"510\" srcset=\"https:\/\/eltrabajo.cl\/web\/wp-content\/uploads\/2025\/06\/Luciano-Gonzalez-4.jpg 698w, https:\/\/eltrabajo.cl\/web\/wp-content\/uploads\/2025\/06\/Luciano-Gonzalez-4-300x219.jpg 300w, https:\/\/eltrabajo.cl\/web\/wp-content\/uploads\/2025\/06\/Luciano-Gonzalez-4-575x420.jpg 575w, https:\/\/eltrabajo.cl\/web\/wp-content\/uploads\/2025\/06\/Luciano-Gonzalez-4-150x110.jpg 150w, https:\/\/eltrabajo.cl\/web\/wp-content\/uploads\/2025\/06\/Luciano-Gonzalez-4-696x509.jpg 696w\" sizes=\"auto, (max-width: 698px) 100vw, 698px\" \/><figcaption id=\"caption-attachment-138216\" class=\"wp-caption-text\">\u2018Mizuki\u2019, su nieta perruna que tambi\u00e9n lleg\u00f3 a despedirlo. Se paseaba bajo la urna.<\/figcaption><\/figure>\n","protected":false},"excerpt":{"rendered":"<p>Luciano Gonz\u00e1lez dej\u00f3 este mundo a los 82 a\u00f1os de edad.- As\u00ed como es la vida\u2026 todo tiene un final. Falleci\u00f3 el \u00faltimo integrante del emblem\u00e1tico grupo musical \u2018Los Celos\u2019, muy conocidos por amenizar las noches de fin de semana en el sal\u00f3n de baile \u2018El Negro Bueno\u2019, ubicado en Rinconada de Silva. Se trata [&hellip;]<\/p>\n","protected":false},"author":1,"featured_media":138219,"comment_status":"closed","ping_status":"closed","sticky":false,"template":"","format":"standard","meta":{"footnotes":""},"categories":[4],"tags":[],"class_list":{"0":"post-138215","1":"post","2":"type-post","3":"status-publish","4":"format-standard","5":"has-post-thumbnail","7":"category-comunidad"},"yoast_head":"<!-- This site is optimized with the Yoast SEO plugin v27.5 - https:\/\/yoast.com\/product\/yoast-seo-wordpress\/ -->\n<title>Emotivo adi\u00f3s al \u00faltimo integrante del emblem\u00e1tico grupo musical \u2018Los Celos\u2019 - Diario El Trabajo<\/title>\n<meta name=\"robots\" content=\"index, follow, max-snippet:-1, max-image-preview:large, max-video-preview:-1\" \/>\n<link rel=\"canonical\" href=\"https:\/\/eltrabajo.cl\/web\/emotivo-adios-al-ultimo-integrante-del-emblematico-grupo-musical-los-celos\/\" \/>\n<meta property=\"og:locale\" content=\"es_ES\" \/>\n<meta property=\"og:type\" content=\"article\" \/>\n<meta property=\"og:title\" content=\"Emotivo adi\u00f3s al \u00faltimo integrante del emblem\u00e1tico grupo musical \u2018Los Celos\u2019 - Diario El Trabajo\" \/>\n<meta property=\"og:description\" content=\"Luciano Gonz\u00e1lez dej\u00f3 este mundo a los 82 a\u00f1os de edad.- As\u00ed como es la vida\u2026 todo tiene un final. Falleci\u00f3 el \u00faltimo integrante del emblem\u00e1tico grupo musical \u2018Los Celos\u2019, muy conocidos por amenizar las noches de fin de semana en el sal\u00f3n de baile \u2018El Negro Bueno\u2019, ubicado en Rinconada de Silva. Se trata [&hellip;]\" \/>\n<meta property=\"og:url\" content=\"https:\/\/eltrabajo.cl\/web\/emotivo-adios-al-ultimo-integrante-del-emblematico-grupo-musical-los-celos\/\" \/>\n<meta property=\"og:site_name\" content=\"Diario El Trabajo\" \/>\n<meta property=\"article:publisher\" content=\"https:\/\/www.facebook.com\/ElTrabajoDiario\" \/>\n<meta property=\"article:published_time\" content=\"2025-06-25T00:35:25+00:00\" \/>\n<meta property=\"og:image\" content=\"https:\/\/eltrabajo.cl\/web\/wp-content\/uploads\/2025\/06\/Luciano-Gonzalez-3.jpg\" \/>\n\t<meta property=\"og:image:width\" content=\"698\" \/>\n\t<meta property=\"og:image:height\" content=\"460\" \/>\n\t<meta property=\"og:image:type\" content=\"image\/jpeg\" \/>\n<meta name=\"author\" content=\"Diario El Trabajo\" \/>\n<meta name=\"twitter:card\" content=\"summary_large_image\" \/>\n<meta name=\"twitter:creator\" content=\"@diarioeltrabajo\" \/>\n<meta name=\"twitter:site\" content=\"@diarioeltrabajo\" \/>\n<meta name=\"twitter:label1\" content=\"Escrito por\" \/>\n\t<meta name=\"twitter:data1\" content=\"Diario El Trabajo\" \/>\n\t<meta name=\"twitter:label2\" content=\"Tiempo estimado de lectura\" \/>\n\t<meta name=\"twitter:data2\" content=\"5 minutos\" \/>\n<script type=\"application\/ld+json\" class=\"yoast-schema-graph\">{\"@context\":\"https:\\\/\\\/schema.org\",\"@graph\":[{\"@type\":\"Article\",\"@id\":\"https:\\\/\\\/eltrabajo.cl\\\/web\\\/emotivo-adios-al-ultimo-integrante-del-emblematico-grupo-musical-los-celos\\\/#article\",\"isPartOf\":{\"@id\":\"https:\\\/\\\/eltrabajo.cl\\\/web\\\/emotivo-adios-al-ultimo-integrante-del-emblematico-grupo-musical-los-celos\\\/\"},\"author\":{\"name\":\"Diario El Trabajo\",\"@id\":\"https:\\\/\\\/eltrabajo.cl\\\/web\\\/#\\\/schema\\\/person\\\/45efd3d17f86ec456e44dd7debe1bf19\"},\"headline\":\"Emotivo adi\u00f3s al \u00faltimo integrante del emblem\u00e1tico grupo musical \u2018Los Celos\u2019\",\"datePublished\":\"2025-06-25T00:35:25+00:00\",\"mainEntityOfPage\":{\"@id\":\"https:\\\/\\\/eltrabajo.cl\\\/web\\\/emotivo-adios-al-ultimo-integrante-del-emblematico-grupo-musical-los-celos\\\/\"},\"wordCount\":927,\"publisher\":{\"@id\":\"https:\\\/\\\/eltrabajo.cl\\\/web\\\/#organization\"},\"image\":{\"@id\":\"https:\\\/\\\/eltrabajo.cl\\\/web\\\/emotivo-adios-al-ultimo-integrante-del-emblematico-grupo-musical-los-celos\\\/#primaryimage\"},\"thumbnailUrl\":\"https:\\\/\\\/eltrabajo.cl\\\/web\\\/wp-content\\\/uploads\\\/2025\\\/06\\\/Luciano-Gonzalez-3.jpg\",\"articleSection\":[\"Comunidad\"],\"inLanguage\":\"es-CL\"},{\"@type\":\"WebPage\",\"@id\":\"https:\\\/\\\/eltrabajo.cl\\\/web\\\/emotivo-adios-al-ultimo-integrante-del-emblematico-grupo-musical-los-celos\\\/\",\"url\":\"https:\\\/\\\/eltrabajo.cl\\\/web\\\/emotivo-adios-al-ultimo-integrante-del-emblematico-grupo-musical-los-celos\\\/\",\"name\":\"Emotivo adi\u00f3s al \u00faltimo integrante del emblem\u00e1tico grupo musical \u2018Los Celos\u2019 - Diario El Trabajo\",\"isPartOf\":{\"@id\":\"https:\\\/\\\/eltrabajo.cl\\\/web\\\/#website\"},\"primaryImageOfPage\":{\"@id\":\"https:\\\/\\\/eltrabajo.cl\\\/web\\\/emotivo-adios-al-ultimo-integrante-del-emblematico-grupo-musical-los-celos\\\/#primaryimage\"},\"image\":{\"@id\":\"https:\\\/\\\/eltrabajo.cl\\\/web\\\/emotivo-adios-al-ultimo-integrante-del-emblematico-grupo-musical-los-celos\\\/#primaryimage\"},\"thumbnailUrl\":\"https:\\\/\\\/eltrabajo.cl\\\/web\\\/wp-content\\\/uploads\\\/2025\\\/06\\\/Luciano-Gonzalez-3.jpg\",\"datePublished\":\"2025-06-25T00:35:25+00:00\",\"breadcrumb\":{\"@id\":\"https:\\\/\\\/eltrabajo.cl\\\/web\\\/emotivo-adios-al-ultimo-integrante-del-emblematico-grupo-musical-los-celos\\\/#breadcrumb\"},\"inLanguage\":\"es-CL\",\"potentialAction\":[{\"@type\":\"ReadAction\",\"target\":[\"https:\\\/\\\/eltrabajo.cl\\\/web\\\/emotivo-adios-al-ultimo-integrante-del-emblematico-grupo-musical-los-celos\\\/\"]}]},{\"@type\":\"ImageObject\",\"inLanguage\":\"es-CL\",\"@id\":\"https:\\\/\\\/eltrabajo.cl\\\/web\\\/emotivo-adios-al-ultimo-integrante-del-emblematico-grupo-musical-los-celos\\\/#primaryimage\",\"url\":\"https:\\\/\\\/eltrabajo.cl\\\/web\\\/wp-content\\\/uploads\\\/2025\\\/06\\\/Luciano-Gonzalez-3.jpg\",\"contentUrl\":\"https:\\\/\\\/eltrabajo.cl\\\/web\\\/wp-content\\\/uploads\\\/2025\\\/06\\\/Luciano-Gonzalez-3.jpg\",\"width\":698,\"height\":460,\"caption\":\"Ac\u00e1 en foto a color, el cuarto de izquierda a derecha, al lado del cantante \u2018Chinito\u2019 Z\u00fa\u00f1iga. Todos de esmoquin.\"},{\"@type\":\"BreadcrumbList\",\"@id\":\"https:\\\/\\\/eltrabajo.cl\\\/web\\\/emotivo-adios-al-ultimo-integrante-del-emblematico-grupo-musical-los-celos\\\/#breadcrumb\",\"itemListElement\":[{\"@type\":\"ListItem\",\"position\":1,\"name\":\"Portada\",\"item\":\"https:\\\/\\\/eltrabajo.cl\\\/web\\\/\"},{\"@type\":\"ListItem\",\"position\":2,\"name\":\"Emotivo adi\u00f3s al \u00faltimo integrante del emblem\u00e1tico grupo musical \u2018Los Celos\u2019\"}]},{\"@type\":\"WebSite\",\"@id\":\"https:\\\/\\\/eltrabajo.cl\\\/web\\\/#website\",\"url\":\"https:\\\/\\\/eltrabajo.cl\\\/web\\\/\",\"name\":\"Diario El Trabajo\",\"description\":\"Desde 1929 construyendo Identidad Local\",\"publisher\":{\"@id\":\"https:\\\/\\\/eltrabajo.cl\\\/web\\\/#organization\"},\"potentialAction\":[{\"@type\":\"SearchAction\",\"target\":{\"@type\":\"EntryPoint\",\"urlTemplate\":\"https:\\\/\\\/eltrabajo.cl\\\/web\\\/?s={search_term_string}\"},\"query-input\":{\"@type\":\"PropertyValueSpecification\",\"valueRequired\":true,\"valueName\":\"search_term_string\"}}],\"inLanguage\":\"es-CL\"},{\"@type\":\"Organization\",\"@id\":\"https:\\\/\\\/eltrabajo.cl\\\/web\\\/#organization\",\"name\":\"Diario El Trabajo\",\"url\":\"https:\\\/\\\/eltrabajo.cl\\\/web\\\/\",\"logo\":{\"@type\":\"ImageObject\",\"inLanguage\":\"es-CL\",\"@id\":\"https:\\\/\\\/eltrabajo.cl\\\/web\\\/#\\\/schema\\\/logo\\\/image\\\/\",\"url\":\"https:\\\/\\\/eltrabajo.cl\\\/web\\\/wp-content\\\/uploads\\\/2024\\\/06\\\/profile-image-ig-page-diarioeltrabajo.jpg\",\"contentUrl\":\"https:\\\/\\\/eltrabajo.cl\\\/web\\\/wp-content\\\/uploads\\\/2024\\\/06\\\/profile-image-ig-page-diarioeltrabajo.jpg\",\"width\":823,\"height\":823,\"caption\":\"Diario El Trabajo\"},\"image\":{\"@id\":\"https:\\\/\\\/eltrabajo.cl\\\/web\\\/#\\\/schema\\\/logo\\\/image\\\/\"},\"sameAs\":[\"https:\\\/\\\/www.facebook.com\\\/ElTrabajoDiario\",\"https:\\\/\\\/x.com\\\/diarioeltrabajo\"]},{\"@type\":\"Person\",\"@id\":\"https:\\\/\\\/eltrabajo.cl\\\/web\\\/#\\\/schema\\\/person\\\/45efd3d17f86ec456e44dd7debe1bf19\",\"name\":\"Diario El Trabajo\",\"image\":{\"@type\":\"ImageObject\",\"inLanguage\":\"es-CL\",\"@id\":\"https:\\\/\\\/secure.gravatar.com\\\/avatar\\\/7e6ec277dc4aea2677c2dc301d4227957219329c985ab69a3efc12518b5161aa?s=96&d=mm&r=g\",\"url\":\"https:\\\/\\\/secure.gravatar.com\\\/avatar\\\/7e6ec277dc4aea2677c2dc301d4227957219329c985ab69a3efc12518b5161aa?s=96&d=mm&r=g\",\"contentUrl\":\"https:\\\/\\\/secure.gravatar.com\\\/avatar\\\/7e6ec277dc4aea2677c2dc301d4227957219329c985ab69a3efc12518b5161aa?s=96&d=mm&r=g\",\"caption\":\"Diario El Trabajo\"},\"sameAs\":[\"https:\\\/\\\/eltrabajo.cl\\\/web\"],\"url\":\"https:\\\/\\\/eltrabajo.cl\\\/web\\\/author\\\/diario-el-trabajo\\\/\"}]}<\/script>\n<!-- \/ Yoast SEO plugin. -->","yoast_head_json":{"title":"Emotivo adi\u00f3s al \u00faltimo integrante del emblem\u00e1tico grupo musical \u2018Los Celos\u2019 - Diario El Trabajo","robots":{"index":"index","follow":"follow","max-snippet":"max-snippet:-1","max-image-preview":"max-image-preview:large","max-video-preview":"max-video-preview:-1"},"canonical":"https:\/\/eltrabajo.cl\/web\/emotivo-adios-al-ultimo-integrante-del-emblematico-grupo-musical-los-celos\/","og_locale":"es_ES","og_type":"article","og_title":"Emotivo adi\u00f3s al \u00faltimo integrante del emblem\u00e1tico grupo musical \u2018Los Celos\u2019 - Diario El Trabajo","og_description":"Luciano Gonz\u00e1lez dej\u00f3 este mundo a los 82 a\u00f1os de edad.- As\u00ed como es la vida\u2026 todo tiene un final. Falleci\u00f3 el \u00faltimo integrante del emblem\u00e1tico grupo musical \u2018Los Celos\u2019, muy conocidos por amenizar las noches de fin de semana en el sal\u00f3n de baile \u2018El Negro Bueno\u2019, ubicado en Rinconada de Silva. Se trata [&hellip;]","og_url":"https:\/\/eltrabajo.cl\/web\/emotivo-adios-al-ultimo-integrante-del-emblematico-grupo-musical-los-celos\/","og_site_name":"Diario El Trabajo","article_publisher":"https:\/\/www.facebook.com\/ElTrabajoDiario","article_published_time":"2025-06-25T00:35:25+00:00","og_image":[{"width":698,"height":460,"url":"https:\/\/eltrabajo.cl\/web\/wp-content\/uploads\/2025\/06\/Luciano-Gonzalez-3.jpg","type":"image\/jpeg"}],"author":"Diario El Trabajo","twitter_card":"summary_large_image","twitter_creator":"@diarioeltrabajo","twitter_site":"@diarioeltrabajo","twitter_misc":{"Escrito por":"Diario El Trabajo","Tiempo estimado de lectura":"5 minutos"},"schema":{"@context":"https:\/\/schema.org","@graph":[{"@type":"Article","@id":"https:\/\/eltrabajo.cl\/web\/emotivo-adios-al-ultimo-integrante-del-emblematico-grupo-musical-los-celos\/#article","isPartOf":{"@id":"https:\/\/eltrabajo.cl\/web\/emotivo-adios-al-ultimo-integrante-del-emblematico-grupo-musical-los-celos\/"},"author":{"name":"Diario El Trabajo","@id":"https:\/\/eltrabajo.cl\/web\/#\/schema\/person\/45efd3d17f86ec456e44dd7debe1bf19"},"headline":"Emotivo adi\u00f3s al \u00faltimo integrante del emblem\u00e1tico grupo musical \u2018Los Celos\u2019","datePublished":"2025-06-25T00:35:25+00:00","mainEntityOfPage":{"@id":"https:\/\/eltrabajo.cl\/web\/emotivo-adios-al-ultimo-integrante-del-emblematico-grupo-musical-los-celos\/"},"wordCount":927,"publisher":{"@id":"https:\/\/eltrabajo.cl\/web\/#organization"},"image":{"@id":"https:\/\/eltrabajo.cl\/web\/emotivo-adios-al-ultimo-integrante-del-emblematico-grupo-musical-los-celos\/#primaryimage"},"thumbnailUrl":"https:\/\/eltrabajo.cl\/web\/wp-content\/uploads\/2025\/06\/Luciano-Gonzalez-3.jpg","articleSection":["Comunidad"],"inLanguage":"es-CL"},{"@type":"WebPage","@id":"https:\/\/eltrabajo.cl\/web\/emotivo-adios-al-ultimo-integrante-del-emblematico-grupo-musical-los-celos\/","url":"https:\/\/eltrabajo.cl\/web\/emotivo-adios-al-ultimo-integrante-del-emblematico-grupo-musical-los-celos\/","name":"Emotivo adi\u00f3s al \u00faltimo integrante del emblem\u00e1tico grupo musical \u2018Los Celos\u2019 - Diario El Trabajo","isPartOf":{"@id":"https:\/\/eltrabajo.cl\/web\/#website"},"primaryImageOfPage":{"@id":"https:\/\/eltrabajo.cl\/web\/emotivo-adios-al-ultimo-integrante-del-emblematico-grupo-musical-los-celos\/#primaryimage"},"image":{"@id":"https:\/\/eltrabajo.cl\/web\/emotivo-adios-al-ultimo-integrante-del-emblematico-grupo-musical-los-celos\/#primaryimage"},"thumbnailUrl":"https:\/\/eltrabajo.cl\/web\/wp-content\/uploads\/2025\/06\/Luciano-Gonzalez-3.jpg","datePublished":"2025-06-25T00:35:25+00:00","breadcrumb":{"@id":"https:\/\/eltrabajo.cl\/web\/emotivo-adios-al-ultimo-integrante-del-emblematico-grupo-musical-los-celos\/#breadcrumb"},"inLanguage":"es-CL","potentialAction":[{"@type":"ReadAction","target":["https:\/\/eltrabajo.cl\/web\/emotivo-adios-al-ultimo-integrante-del-emblematico-grupo-musical-los-celos\/"]}]},{"@type":"ImageObject","inLanguage":"es-CL","@id":"https:\/\/eltrabajo.cl\/web\/emotivo-adios-al-ultimo-integrante-del-emblematico-grupo-musical-los-celos\/#primaryimage","url":"https:\/\/eltrabajo.cl\/web\/wp-content\/uploads\/2025\/06\/Luciano-Gonzalez-3.jpg","contentUrl":"https:\/\/eltrabajo.cl\/web\/wp-content\/uploads\/2025\/06\/Luciano-Gonzalez-3.jpg","width":698,"height":460,"caption":"Ac\u00e1 en foto a color, el cuarto de izquierda a derecha, al lado del cantante \u2018Chinito\u2019 Z\u00fa\u00f1iga. Todos de esmoquin."},{"@type":"BreadcrumbList","@id":"https:\/\/eltrabajo.cl\/web\/emotivo-adios-al-ultimo-integrante-del-emblematico-grupo-musical-los-celos\/#breadcrumb","itemListElement":[{"@type":"ListItem","position":1,"name":"Portada","item":"https:\/\/eltrabajo.cl\/web\/"},{"@type":"ListItem","position":2,"name":"Emotivo adi\u00f3s al \u00faltimo integrante del emblem\u00e1tico grupo musical \u2018Los Celos\u2019"}]},{"@type":"WebSite","@id":"https:\/\/eltrabajo.cl\/web\/#website","url":"https:\/\/eltrabajo.cl\/web\/","name":"Diario El Trabajo","description":"Desde 1929 construyendo Identidad Local","publisher":{"@id":"https:\/\/eltrabajo.cl\/web\/#organization"},"potentialAction":[{"@type":"SearchAction","target":{"@type":"EntryPoint","urlTemplate":"https:\/\/eltrabajo.cl\/web\/?s={search_term_string}"},"query-input":{"@type":"PropertyValueSpecification","valueRequired":true,"valueName":"search_term_string"}}],"inLanguage":"es-CL"},{"@type":"Organization","@id":"https:\/\/eltrabajo.cl\/web\/#organization","name":"Diario El Trabajo","url":"https:\/\/eltrabajo.cl\/web\/","logo":{"@type":"ImageObject","inLanguage":"es-CL","@id":"https:\/\/eltrabajo.cl\/web\/#\/schema\/logo\/image\/","url":"https:\/\/eltrabajo.cl\/web\/wp-content\/uploads\/2024\/06\/profile-image-ig-page-diarioeltrabajo.jpg","contentUrl":"https:\/\/eltrabajo.cl\/web\/wp-content\/uploads\/2024\/06\/profile-image-ig-page-diarioeltrabajo.jpg","width":823,"height":823,"caption":"Diario El Trabajo"},"image":{"@id":"https:\/\/eltrabajo.cl\/web\/#\/schema\/logo\/image\/"},"sameAs":["https:\/\/www.facebook.com\/ElTrabajoDiario","https:\/\/x.com\/diarioeltrabajo"]},{"@type":"Person","@id":"https:\/\/eltrabajo.cl\/web\/#\/schema\/person\/45efd3d17f86ec456e44dd7debe1bf19","name":"Diario El Trabajo","image":{"@type":"ImageObject","inLanguage":"es-CL","@id":"https:\/\/secure.gravatar.com\/avatar\/7e6ec277dc4aea2677c2dc301d4227957219329c985ab69a3efc12518b5161aa?s=96&d=mm&r=g","url":"https:\/\/secure.gravatar.com\/avatar\/7e6ec277dc4aea2677c2dc301d4227957219329c985ab69a3efc12518b5161aa?s=96&d=mm&r=g","contentUrl":"https:\/\/secure.gravatar.com\/avatar\/7e6ec277dc4aea2677c2dc301d4227957219329c985ab69a3efc12518b5161aa?s=96&d=mm&r=g","caption":"Diario El Trabajo"},"sameAs":["https:\/\/eltrabajo.cl\/web"],"url":"https:\/\/eltrabajo.cl\/web\/author\/diario-el-trabajo\/"}]}},"_links":{"self":[{"href":"https:\/\/eltrabajo.cl\/web\/wp-json\/wp\/v2\/posts\/138215","targetHints":{"allow":["GET"]}}],"collection":[{"href":"https:\/\/eltrabajo.cl\/web\/wp-json\/wp\/v2\/posts"}],"about":[{"href":"https:\/\/eltrabajo.cl\/web\/wp-json\/wp\/v2\/types\/post"}],"author":[{"embeddable":true,"href":"https:\/\/eltrabajo.cl\/web\/wp-json\/wp\/v2\/users\/1"}],"replies":[{"embeddable":true,"href":"https:\/\/eltrabajo.cl\/web\/wp-json\/wp\/v2\/comments?post=138215"}],"version-history":[{"count":1,"href":"https:\/\/eltrabajo.cl\/web\/wp-json\/wp\/v2\/posts\/138215\/revisions"}],"predecessor-version":[{"id":138220,"href":"https:\/\/eltrabajo.cl\/web\/wp-json\/wp\/v2\/posts\/138215\/revisions\/138220"}],"wp:featuredmedia":[{"embeddable":true,"href":"https:\/\/eltrabajo.cl\/web\/wp-json\/wp\/v2\/media\/138219"}],"wp:attachment":[{"href":"https:\/\/eltrabajo.cl\/web\/wp-json\/wp\/v2\/media?parent=138215"}],"wp:term":[{"taxonomy":"category","embeddable":true,"href":"https:\/\/eltrabajo.cl\/web\/wp-json\/wp\/v2\/categories?post=138215"},{"taxonomy":"post_tag","embeddable":true,"href":"https:\/\/eltrabajo.cl\/web\/wp-json\/wp\/v2\/tags?post=138215"}],"curies":[{"name":"wp","href":"https:\/\/api.w.org\/{rel}","templated":true}]}}