{"id":138663,"date":"2025-07-17T22:05:02","date_gmt":"2025-07-18T01:05:02","guid":{"rendered":"https:\/\/eltrabajo.cl\/web\/?p=138663"},"modified":"2025-07-17T22:05:02","modified_gmt":"2025-07-18T01:05:02","slug":"con-la-ilusion-intacta-trasandino-regresa-al-ruedo-competitivo","status":"publish","type":"post","link":"https:\/\/eltrabajo.cl\/web\/con-la-ilusion-intacta-trasandino-regresa-al-ruedo-competitivo\/","title":{"rendered":"Con la ilusi\u00f3n intacta Trasandino regresa al ruedo competitivo"},"content":{"rendered":"<p>Este domingo, frente a Santiago City, Trasandino de Los Andes pondr\u00e1 fin al largo receso del torneo C del f\u00fatbol chileno. Este encuentro tendr\u00e1 lugar en el Estadio Regional de Los Andes, siendo las cinco y media de la tarde la hora se\u00f1alada para el pleito que cerrar\u00e1 la decimocuarta jornada del campeonato.<\/p>\n<p>A este partido, el cuadro andino llega en el octavo lugar de la tabla de posiciones con 15 puntos, estando a 10 del l\u00edder Deportes Puerto Montt, equipo que fue un claro dominador durante la primera rueda del certamen que otorga un solo cupo para ascender a la Primera Divisi\u00f3n B, meta que, por ahora, parece lejana para \u2018El C\u00f3ndor\u2019.<\/p>\n<p>Programaci\u00f3n fecha 14\u00ba:<\/p>\n<p>Viernes 18<\/p>\n<p>19:00: Provincial Ovalle \u2013 Deportes Rengo.<\/p>\n<p>S\u00e1bado 19<\/p>\n<p>12:00: Brujas de Salamanca \u2013 Deportes Puerto Montt.<\/p>\n<p>15:00: Linares \u2013 San Antonio Unido.<\/p>\n<p>Domingo 20<\/p>\n<p>12:30: Deportes Melipilla \u2013 Provincial Osorno.<\/p>\n<p>15:00: General Vel\u00e1squez \u2013 Conc\u00f3n National.<\/p>\n<p>17:30: Trasandino \u2013 Santiago City.<\/p>\n<p><strong>Tabla de Posiciones <\/strong><\/p>\n<p>Lugar\u00a0\u00a0 Ptos.<\/p>\n<p>Puerto Montt 25<\/p>\n<p>Osorno 22<\/p>\n<p>Ovalle 20<\/p>\n<p>Conc\u00f3n National 19<\/p>\n<p>Linares 19<\/p>\n<p>San Antonio 18<\/p>\n<p>Melipilla 16<\/p>\n<p>Trasandino 15<\/p>\n<p>Brujas de Salamanca 14<\/p>\n<p>Deportes Rengo 14<\/p>\n<p>General Vel\u00e1squez 13<\/p>\n<p>Santiago City 11<\/p>\n<p>Real San Joaqu\u00edn 9<\/p>\n<p>AC Barnechea 0<\/p>\n<figure id=\"attachment_138664\" aria-describedby=\"caption-attachment-138664\" style=\"width: 699px\" class=\"wp-caption alignnone\"><img loading=\"lazy\" decoding=\"async\" class=\"size-full wp-image-138664\" src=\"http:\/\/eltrabajo.cl\/web\/wp-content\/uploads\/2025\/07\/Trasandino.jpg\" alt=\"Los andinos buscar\u00e1n celebrar este domingo en el reinicio de la liga de bronce del f\u00fatbol chileno. \" width=\"699\" height=\"453\" srcset=\"https:\/\/eltrabajo.cl\/web\/wp-content\/uploads\/2025\/07\/Trasandino.jpg 699w, https:\/\/eltrabajo.cl\/web\/wp-content\/uploads\/2025\/07\/Trasandino-300x194.jpg 300w, https:\/\/eltrabajo.cl\/web\/wp-content\/uploads\/2025\/07\/Trasandino-648x420.jpg 648w, https:\/\/eltrabajo.cl\/web\/wp-content\/uploads\/2025\/07\/Trasandino-150x97.jpg 150w, https:\/\/eltrabajo.cl\/web\/wp-content\/uploads\/2025\/07\/Trasandino-696x451.jpg 696w\" sizes=\"auto, (max-width: 699px) 100vw, 699px\" \/><figcaption id=\"caption-attachment-138664\" class=\"wp-caption-text\">Los andinos buscar\u00e1n celebrar este domingo en el reinicio de la liga de bronce del f\u00fatbol chileno.<\/figcaption><\/figure>\n","protected":false},"excerpt":{"rendered":"<p>Este domingo, frente a Santiago City, Trasandino de Los Andes pondr\u00e1 fin al largo receso del torneo C del f\u00fatbol chileno. Este encuentro tendr\u00e1 lugar en el Estadio Regional de Los Andes, siendo las cinco y media de la tarde la hora se\u00f1alada para el pleito que cerrar\u00e1 la decimocuarta jornada del campeonato. A este [&hellip;]<\/p>\n","protected":false},"author":1,"featured_media":138664,"comment_status":"closed","ping_status":"closed","sticky":false,"template":"","format":"standard","meta":{"footnotes":""},"categories":[2],"tags":[],"class_list":{"0":"post-138663","1":"post","2":"type-post","3":"status-publish","4":"format-standard","5":"has-post-thumbnail","7":"category-deportes"},"yoast_head":"<!-- This site is optimized with the Yoast SEO plugin v27.5 - https:\/\/yoast.com\/product\/yoast-seo-wordpress\/ -->\n<title>Con la ilusi\u00f3n intacta Trasandino regresa al ruedo competitivo - Diario El Trabajo<\/title>\n<meta name=\"robots\" content=\"index, follow, max-snippet:-1, max-image-preview:large, max-video-preview:-1\" \/>\n<link rel=\"canonical\" href=\"https:\/\/eltrabajo.cl\/web\/con-la-ilusion-intacta-trasandino-regresa-al-ruedo-competitivo\/\" \/>\n<meta property=\"og:locale\" content=\"es_ES\" \/>\n<meta property=\"og:type\" content=\"article\" \/>\n<meta property=\"og:title\" content=\"Con la ilusi\u00f3n intacta Trasandino regresa al ruedo competitivo - Diario El Trabajo\" \/>\n<meta property=\"og:description\" content=\"Este domingo, frente a Santiago City, Trasandino de Los Andes pondr\u00e1 fin al largo receso del torneo C del f\u00fatbol chileno. Este encuentro tendr\u00e1 lugar en el Estadio Regional de Los Andes, siendo las cinco y media de la tarde la hora se\u00f1alada para el pleito que cerrar\u00e1 la decimocuarta jornada del campeonato. A este [&hellip;]\" \/>\n<meta property=\"og:url\" content=\"https:\/\/eltrabajo.cl\/web\/con-la-ilusion-intacta-trasandino-regresa-al-ruedo-competitivo\/\" \/>\n<meta property=\"og:site_name\" content=\"Diario El Trabajo\" \/>\n<meta property=\"article:publisher\" content=\"https:\/\/www.facebook.com\/ElTrabajoDiario\" \/>\n<meta property=\"article:published_time\" content=\"2025-07-18T01:05:02+00:00\" \/>\n<meta property=\"og:image\" content=\"https:\/\/eltrabajo.cl\/web\/wp-content\/uploads\/2025\/07\/Trasandino.jpg\" \/>\n\t<meta property=\"og:image:width\" content=\"699\" \/>\n\t<meta property=\"og:image:height\" content=\"453\" \/>\n\t<meta property=\"og:image:type\" content=\"image\/jpeg\" \/>\n<meta name=\"author\" content=\"Diario El Trabajo\" \/>\n<meta name=\"twitter:card\" content=\"summary_large_image\" \/>\n<meta name=\"twitter:creator\" content=\"@diarioeltrabajo\" \/>\n<meta name=\"twitter:site\" content=\"@diarioeltrabajo\" \/>\n<meta name=\"twitter:label1\" content=\"Escrito por\" \/>\n\t<meta name=\"twitter:data1\" content=\"Diario El Trabajo\" \/>\n\t<meta name=\"twitter:label2\" content=\"Tiempo estimado de lectura\" \/>\n\t<meta name=\"twitter:data2\" content=\"2 minutos\" \/>\n<script type=\"application\/ld+json\" class=\"yoast-schema-graph\">{\"@context\":\"https:\\\/\\\/schema.org\",\"@graph\":[{\"@type\":\"Article\",\"@id\":\"https:\\\/\\\/eltrabajo.cl\\\/web\\\/con-la-ilusion-intacta-trasandino-regresa-al-ruedo-competitivo\\\/#article\",\"isPartOf\":{\"@id\":\"https:\\\/\\\/eltrabajo.cl\\\/web\\\/con-la-ilusion-intacta-trasandino-regresa-al-ruedo-competitivo\\\/\"},\"author\":{\"name\":\"Diario El Trabajo\",\"@id\":\"https:\\\/\\\/eltrabajo.cl\\\/web\\\/#\\\/schema\\\/person\\\/45efd3d17f86ec456e44dd7debe1bf19\"},\"headline\":\"Con la ilusi\u00f3n intacta Trasandino regresa al ruedo competitivo\",\"datePublished\":\"2025-07-18T01:05:02+00:00\",\"mainEntityOfPage\":{\"@id\":\"https:\\\/\\\/eltrabajo.cl\\\/web\\\/con-la-ilusion-intacta-trasandino-regresa-al-ruedo-competitivo\\\/\"},\"wordCount\":219,\"publisher\":{\"@id\":\"https:\\\/\\\/eltrabajo.cl\\\/web\\\/#organization\"},\"image\":{\"@id\":\"https:\\\/\\\/eltrabajo.cl\\\/web\\\/con-la-ilusion-intacta-trasandino-regresa-al-ruedo-competitivo\\\/#primaryimage\"},\"thumbnailUrl\":\"https:\\\/\\\/eltrabajo.cl\\\/web\\\/wp-content\\\/uploads\\\/2025\\\/07\\\/Trasandino.jpg\",\"articleSection\":[\"Deportes\"],\"inLanguage\":\"es-CL\"},{\"@type\":\"WebPage\",\"@id\":\"https:\\\/\\\/eltrabajo.cl\\\/web\\\/con-la-ilusion-intacta-trasandino-regresa-al-ruedo-competitivo\\\/\",\"url\":\"https:\\\/\\\/eltrabajo.cl\\\/web\\\/con-la-ilusion-intacta-trasandino-regresa-al-ruedo-competitivo\\\/\",\"name\":\"Con la ilusi\u00f3n intacta Trasandino regresa al ruedo competitivo - Diario El Trabajo\",\"isPartOf\":{\"@id\":\"https:\\\/\\\/eltrabajo.cl\\\/web\\\/#website\"},\"primaryImageOfPage\":{\"@id\":\"https:\\\/\\\/eltrabajo.cl\\\/web\\\/con-la-ilusion-intacta-trasandino-regresa-al-ruedo-competitivo\\\/#primaryimage\"},\"image\":{\"@id\":\"https:\\\/\\\/eltrabajo.cl\\\/web\\\/con-la-ilusion-intacta-trasandino-regresa-al-ruedo-competitivo\\\/#primaryimage\"},\"thumbnailUrl\":\"https:\\\/\\\/eltrabajo.cl\\\/web\\\/wp-content\\\/uploads\\\/2025\\\/07\\\/Trasandino.jpg\",\"datePublished\":\"2025-07-18T01:05:02+00:00\",\"breadcrumb\":{\"@id\":\"https:\\\/\\\/eltrabajo.cl\\\/web\\\/con-la-ilusion-intacta-trasandino-regresa-al-ruedo-competitivo\\\/#breadcrumb\"},\"inLanguage\":\"es-CL\",\"potentialAction\":[{\"@type\":\"ReadAction\",\"target\":[\"https:\\\/\\\/eltrabajo.cl\\\/web\\\/con-la-ilusion-intacta-trasandino-regresa-al-ruedo-competitivo\\\/\"]}]},{\"@type\":\"ImageObject\",\"inLanguage\":\"es-CL\",\"@id\":\"https:\\\/\\\/eltrabajo.cl\\\/web\\\/con-la-ilusion-intacta-trasandino-regresa-al-ruedo-competitivo\\\/#primaryimage\",\"url\":\"https:\\\/\\\/eltrabajo.cl\\\/web\\\/wp-content\\\/uploads\\\/2025\\\/07\\\/Trasandino.jpg\",\"contentUrl\":\"https:\\\/\\\/eltrabajo.cl\\\/web\\\/wp-content\\\/uploads\\\/2025\\\/07\\\/Trasandino.jpg\",\"width\":699,\"height\":453,\"caption\":\"Los andinos buscar\u00e1n celebrar este domingo en el reinicio de la liga de bronce del f\u00fatbol chileno.\"},{\"@type\":\"BreadcrumbList\",\"@id\":\"https:\\\/\\\/eltrabajo.cl\\\/web\\\/con-la-ilusion-intacta-trasandino-regresa-al-ruedo-competitivo\\\/#breadcrumb\",\"itemListElement\":[{\"@type\":\"ListItem\",\"position\":1,\"name\":\"Portada\",\"item\":\"https:\\\/\\\/eltrabajo.cl\\\/web\\\/\"},{\"@type\":\"ListItem\",\"position\":2,\"name\":\"Con la ilusi\u00f3n intacta Trasandino regresa al ruedo competitivo\"}]},{\"@type\":\"WebSite\",\"@id\":\"https:\\\/\\\/eltrabajo.cl\\\/web\\\/#website\",\"url\":\"https:\\\/\\\/eltrabajo.cl\\\/web\\\/\",\"name\":\"Diario El Trabajo\",\"description\":\"Desde 1929 construyendo Identidad Local\",\"publisher\":{\"@id\":\"https:\\\/\\\/eltrabajo.cl\\\/web\\\/#organization\"},\"potentialAction\":[{\"@type\":\"SearchAction\",\"target\":{\"@type\":\"EntryPoint\",\"urlTemplate\":\"https:\\\/\\\/eltrabajo.cl\\\/web\\\/?s={search_term_string}\"},\"query-input\":{\"@type\":\"PropertyValueSpecification\",\"valueRequired\":true,\"valueName\":\"search_term_string\"}}],\"inLanguage\":\"es-CL\"},{\"@type\":\"Organization\",\"@id\":\"https:\\\/\\\/eltrabajo.cl\\\/web\\\/#organization\",\"name\":\"Diario El Trabajo\",\"url\":\"https:\\\/\\\/eltrabajo.cl\\\/web\\\/\",\"logo\":{\"@type\":\"ImageObject\",\"inLanguage\":\"es-CL\",\"@id\":\"https:\\\/\\\/eltrabajo.cl\\\/web\\\/#\\\/schema\\\/logo\\\/image\\\/\",\"url\":\"https:\\\/\\\/eltrabajo.cl\\\/web\\\/wp-content\\\/uploads\\\/2024\\\/06\\\/profile-image-ig-page-diarioeltrabajo.jpg\",\"contentUrl\":\"https:\\\/\\\/eltrabajo.cl\\\/web\\\/wp-content\\\/uploads\\\/2024\\\/06\\\/profile-image-ig-page-diarioeltrabajo.jpg\",\"width\":823,\"height\":823,\"caption\":\"Diario El Trabajo\"},\"image\":{\"@id\":\"https:\\\/\\\/eltrabajo.cl\\\/web\\\/#\\\/schema\\\/logo\\\/image\\\/\"},\"sameAs\":[\"https:\\\/\\\/www.facebook.com\\\/ElTrabajoDiario\",\"https:\\\/\\\/x.com\\\/diarioeltrabajo\"]},{\"@type\":\"Person\",\"@id\":\"https:\\\/\\\/eltrabajo.cl\\\/web\\\/#\\\/schema\\\/person\\\/45efd3d17f86ec456e44dd7debe1bf19\",\"name\":\"Diario El Trabajo\",\"image\":{\"@type\":\"ImageObject\",\"inLanguage\":\"es-CL\",\"@id\":\"https:\\\/\\\/secure.gravatar.com\\\/avatar\\\/7e6ec277dc4aea2677c2dc301d4227957219329c985ab69a3efc12518b5161aa?s=96&d=mm&r=g\",\"url\":\"https:\\\/\\\/secure.gravatar.com\\\/avatar\\\/7e6ec277dc4aea2677c2dc301d4227957219329c985ab69a3efc12518b5161aa?s=96&d=mm&r=g\",\"contentUrl\":\"https:\\\/\\\/secure.gravatar.com\\\/avatar\\\/7e6ec277dc4aea2677c2dc301d4227957219329c985ab69a3efc12518b5161aa?s=96&d=mm&r=g\",\"caption\":\"Diario El Trabajo\"},\"sameAs\":[\"https:\\\/\\\/eltrabajo.cl\\\/web\"],\"url\":\"https:\\\/\\\/eltrabajo.cl\\\/web\\\/author\\\/diario-el-trabajo\\\/\"}]}<\/script>\n<!-- \/ Yoast SEO plugin. -->","yoast_head_json":{"title":"Con la ilusi\u00f3n intacta Trasandino regresa al ruedo competitivo - Diario El Trabajo","robots":{"index":"index","follow":"follow","max-snippet":"max-snippet:-1","max-image-preview":"max-image-preview:large","max-video-preview":"max-video-preview:-1"},"canonical":"https:\/\/eltrabajo.cl\/web\/con-la-ilusion-intacta-trasandino-regresa-al-ruedo-competitivo\/","og_locale":"es_ES","og_type":"article","og_title":"Con la ilusi\u00f3n intacta Trasandino regresa al ruedo competitivo - Diario El Trabajo","og_description":"Este domingo, frente a Santiago City, Trasandino de Los Andes pondr\u00e1 fin al largo receso del torneo C del f\u00fatbol chileno. Este encuentro tendr\u00e1 lugar en el Estadio Regional de Los Andes, siendo las cinco y media de la tarde la hora se\u00f1alada para el pleito que cerrar\u00e1 la decimocuarta jornada del campeonato. A este [&hellip;]","og_url":"https:\/\/eltrabajo.cl\/web\/con-la-ilusion-intacta-trasandino-regresa-al-ruedo-competitivo\/","og_site_name":"Diario El Trabajo","article_publisher":"https:\/\/www.facebook.com\/ElTrabajoDiario","article_published_time":"2025-07-18T01:05:02+00:00","og_image":[{"width":699,"height":453,"url":"https:\/\/eltrabajo.cl\/web\/wp-content\/uploads\/2025\/07\/Trasandino.jpg","type":"image\/jpeg"}],"author":"Diario El Trabajo","twitter_card":"summary_large_image","twitter_creator":"@diarioeltrabajo","twitter_site":"@diarioeltrabajo","twitter_misc":{"Escrito por":"Diario El Trabajo","Tiempo estimado de lectura":"2 minutos"},"schema":{"@context":"https:\/\/schema.org","@graph":[{"@type":"Article","@id":"https:\/\/eltrabajo.cl\/web\/con-la-ilusion-intacta-trasandino-regresa-al-ruedo-competitivo\/#article","isPartOf":{"@id":"https:\/\/eltrabajo.cl\/web\/con-la-ilusion-intacta-trasandino-regresa-al-ruedo-competitivo\/"},"author":{"name":"Diario El Trabajo","@id":"https:\/\/eltrabajo.cl\/web\/#\/schema\/person\/45efd3d17f86ec456e44dd7debe1bf19"},"headline":"Con la ilusi\u00f3n intacta Trasandino regresa al ruedo competitivo","datePublished":"2025-07-18T01:05:02+00:00","mainEntityOfPage":{"@id":"https:\/\/eltrabajo.cl\/web\/con-la-ilusion-intacta-trasandino-regresa-al-ruedo-competitivo\/"},"wordCount":219,"publisher":{"@id":"https:\/\/eltrabajo.cl\/web\/#organization"},"image":{"@id":"https:\/\/eltrabajo.cl\/web\/con-la-ilusion-intacta-trasandino-regresa-al-ruedo-competitivo\/#primaryimage"},"thumbnailUrl":"https:\/\/eltrabajo.cl\/web\/wp-content\/uploads\/2025\/07\/Trasandino.jpg","articleSection":["Deportes"],"inLanguage":"es-CL"},{"@type":"WebPage","@id":"https:\/\/eltrabajo.cl\/web\/con-la-ilusion-intacta-trasandino-regresa-al-ruedo-competitivo\/","url":"https:\/\/eltrabajo.cl\/web\/con-la-ilusion-intacta-trasandino-regresa-al-ruedo-competitivo\/","name":"Con la ilusi\u00f3n intacta Trasandino regresa al ruedo competitivo - Diario El Trabajo","isPartOf":{"@id":"https:\/\/eltrabajo.cl\/web\/#website"},"primaryImageOfPage":{"@id":"https:\/\/eltrabajo.cl\/web\/con-la-ilusion-intacta-trasandino-regresa-al-ruedo-competitivo\/#primaryimage"},"image":{"@id":"https:\/\/eltrabajo.cl\/web\/con-la-ilusion-intacta-trasandino-regresa-al-ruedo-competitivo\/#primaryimage"},"thumbnailUrl":"https:\/\/eltrabajo.cl\/web\/wp-content\/uploads\/2025\/07\/Trasandino.jpg","datePublished":"2025-07-18T01:05:02+00:00","breadcrumb":{"@id":"https:\/\/eltrabajo.cl\/web\/con-la-ilusion-intacta-trasandino-regresa-al-ruedo-competitivo\/#breadcrumb"},"inLanguage":"es-CL","potentialAction":[{"@type":"ReadAction","target":["https:\/\/eltrabajo.cl\/web\/con-la-ilusion-intacta-trasandino-regresa-al-ruedo-competitivo\/"]}]},{"@type":"ImageObject","inLanguage":"es-CL","@id":"https:\/\/eltrabajo.cl\/web\/con-la-ilusion-intacta-trasandino-regresa-al-ruedo-competitivo\/#primaryimage","url":"https:\/\/eltrabajo.cl\/web\/wp-content\/uploads\/2025\/07\/Trasandino.jpg","contentUrl":"https:\/\/eltrabajo.cl\/web\/wp-content\/uploads\/2025\/07\/Trasandino.jpg","width":699,"height":453,"caption":"Los andinos buscar\u00e1n celebrar este domingo en el reinicio de la liga de bronce del f\u00fatbol chileno."},{"@type":"BreadcrumbList","@id":"https:\/\/eltrabajo.cl\/web\/con-la-ilusion-intacta-trasandino-regresa-al-ruedo-competitivo\/#breadcrumb","itemListElement":[{"@type":"ListItem","position":1,"name":"Portada","item":"https:\/\/eltrabajo.cl\/web\/"},{"@type":"ListItem","position":2,"name":"Con la ilusi\u00f3n intacta Trasandino regresa al ruedo competitivo"}]},{"@type":"WebSite","@id":"https:\/\/eltrabajo.cl\/web\/#website","url":"https:\/\/eltrabajo.cl\/web\/","name":"Diario El Trabajo","description":"Desde 1929 construyendo Identidad Local","publisher":{"@id":"https:\/\/eltrabajo.cl\/web\/#organization"},"potentialAction":[{"@type":"SearchAction","target":{"@type":"EntryPoint","urlTemplate":"https:\/\/eltrabajo.cl\/web\/?s={search_term_string}"},"query-input":{"@type":"PropertyValueSpecification","valueRequired":true,"valueName":"search_term_string"}}],"inLanguage":"es-CL"},{"@type":"Organization","@id":"https:\/\/eltrabajo.cl\/web\/#organization","name":"Diario El Trabajo","url":"https:\/\/eltrabajo.cl\/web\/","logo":{"@type":"ImageObject","inLanguage":"es-CL","@id":"https:\/\/eltrabajo.cl\/web\/#\/schema\/logo\/image\/","url":"https:\/\/eltrabajo.cl\/web\/wp-content\/uploads\/2024\/06\/profile-image-ig-page-diarioeltrabajo.jpg","contentUrl":"https:\/\/eltrabajo.cl\/web\/wp-content\/uploads\/2024\/06\/profile-image-ig-page-diarioeltrabajo.jpg","width":823,"height":823,"caption":"Diario El Trabajo"},"image":{"@id":"https:\/\/eltrabajo.cl\/web\/#\/schema\/logo\/image\/"},"sameAs":["https:\/\/www.facebook.com\/ElTrabajoDiario","https:\/\/x.com\/diarioeltrabajo"]},{"@type":"Person","@id":"https:\/\/eltrabajo.cl\/web\/#\/schema\/person\/45efd3d17f86ec456e44dd7debe1bf19","name":"Diario El Trabajo","image":{"@type":"ImageObject","inLanguage":"es-CL","@id":"https:\/\/secure.gravatar.com\/avatar\/7e6ec277dc4aea2677c2dc301d4227957219329c985ab69a3efc12518b5161aa?s=96&d=mm&r=g","url":"https:\/\/secure.gravatar.com\/avatar\/7e6ec277dc4aea2677c2dc301d4227957219329c985ab69a3efc12518b5161aa?s=96&d=mm&r=g","contentUrl":"https:\/\/secure.gravatar.com\/avatar\/7e6ec277dc4aea2677c2dc301d4227957219329c985ab69a3efc12518b5161aa?s=96&d=mm&r=g","caption":"Diario El Trabajo"},"sameAs":["https:\/\/eltrabajo.cl\/web"],"url":"https:\/\/eltrabajo.cl\/web\/author\/diario-el-trabajo\/"}]}},"_links":{"self":[{"href":"https:\/\/eltrabajo.cl\/web\/wp-json\/wp\/v2\/posts\/138663","targetHints":{"allow":["GET"]}}],"collection":[{"href":"https:\/\/eltrabajo.cl\/web\/wp-json\/wp\/v2\/posts"}],"about":[{"href":"https:\/\/eltrabajo.cl\/web\/wp-json\/wp\/v2\/types\/post"}],"author":[{"embeddable":true,"href":"https:\/\/eltrabajo.cl\/web\/wp-json\/wp\/v2\/users\/1"}],"replies":[{"embeddable":true,"href":"https:\/\/eltrabajo.cl\/web\/wp-json\/wp\/v2\/comments?post=138663"}],"version-history":[{"count":1,"href":"https:\/\/eltrabajo.cl\/web\/wp-json\/wp\/v2\/posts\/138663\/revisions"}],"predecessor-version":[{"id":138665,"href":"https:\/\/eltrabajo.cl\/web\/wp-json\/wp\/v2\/posts\/138663\/revisions\/138665"}],"wp:featuredmedia":[{"embeddable":true,"href":"https:\/\/eltrabajo.cl\/web\/wp-json\/wp\/v2\/media\/138664"}],"wp:attachment":[{"href":"https:\/\/eltrabajo.cl\/web\/wp-json\/wp\/v2\/media?parent=138663"}],"wp:term":[{"taxonomy":"category","embeddable":true,"href":"https:\/\/eltrabajo.cl\/web\/wp-json\/wp\/v2\/categories?post=138663"},{"taxonomy":"post_tag","embeddable":true,"href":"https:\/\/eltrabajo.cl\/web\/wp-json\/wp\/v2\/tags?post=138663"}],"curies":[{"name":"wp","href":"https:\/\/api.w.org\/{rel}","templated":true}]}}