{"id":139070,"date":"2025-08-05T21:36:10","date_gmt":"2025-08-06T00:36:10","guid":{"rendered":"https:\/\/eltrabajo.cl\/web\/?p=139070"},"modified":"2025-08-06T19:50:42","modified_gmt":"2025-08-06T22:50:42","slug":"una-mano-para-wilyannah-nina-haitiana-de-8-anos-hospitalizada-en-san-felipe-necesita-apoyo-de-la-comunidad","status":"publish","type":"post","link":"https:\/\/eltrabajo.cl\/web\/una-mano-para-wilyannah-nina-haitiana-de-8-anos-hospitalizada-en-san-felipe-necesita-apoyo-de-la-comunidad\/","title":{"rendered":"\u2018Una mano para Wilyannah\u2019: Ni\u00f1a haitiana de 8 a\u00f1os hospitalizada en San Felipe necesita apoyo de la comunidad"},"content":{"rendered":"<ul>\n<li><strong>La menor, que lleva dos semanas en Chile, sufri\u00f3 graves quemaduras que la mantienen en tratamiento m\u00e9dico.-<\/strong><\/li>\n<\/ul>\n<p><strong>Wilyannah<\/strong> <strong>Pierre<\/strong> es una ni\u00f1a de 8 a\u00f1os de edad y lleg\u00f3 a Chile hace apenas dos semanas. Vive junto a su padre, <strong>Wilson<\/strong>, y sus dos hermanos de 15 y 11 a\u00f1os en la comuna de Llay Llay, pero Wilson trabaja largas jornadas como guardia de seguridad en un supermercado, espec\u00edficamente desde las 9 de la ma\u00f1ana hasta las 20:00 horas, por lo que no puede estar al cuidado de sus hijos todo el d\u00eda.<\/p>\n<p>La historia de Wilyannah conmueve hoy a la comunidad del Valle de Aconcagua, ya que la peque\u00f1a se encuentra hospitalizada en el Hospital San Camilo, luego de sufrir una quemadura por agua hirviendo en uno de sus brazos. Como su padre no puede dejar el trabajo por miedo a perderlo, en el transcurso del d\u00eda una vecina la cuida y le brinda compa\u00f1\u00eda. Lo anterior, sin duda que gener\u00f3 una crisis familiar. Mientras recibe atenci\u00f3n m\u00e9dica, atraviesa una dif\u00edcil situaci\u00f3n que requiere con urgencia del apoyo solidario de la comunidad.<\/p>\n<p>La madre de la peque\u00f1a a\u00fan permanece en Hait\u00ed, a la espera de la aprobaci\u00f3n de su visa de trabajo, mientras sus hijos ya cuentan con la documentaci\u00f3n necesaria para estar en el pa\u00eds. Esta separaci\u00f3n ha significado un doloroso desaf\u00edo para toda la familia.<\/p>\n<p>A las dificultades emocionales se suma la precariedad material. Actualmente, Wilyannah no cuenta con ropa ni \u00fatiles de aseo, lo que ha hecho m\u00e1s compleja su estad\u00eda en el hospital. Por ello, se realiza un llamado solidario a la comunidad sanfelipe\u00f1a y de todo el Valle de Aconcagua para colaborar con vestimenta de ni\u00f1a, ropa interior, pijama, juguetes y art\u00edculos de aseo personal como champ\u00fa, cremas de peinar, toallas h\u00famedas, entre otros.<\/p>\n<p>Cada aporte ser\u00e1 un gesto de esperanza y cari\u00f1o que permitir\u00e1 que Wilyannah y su familia puedan sobrellevar este complejo momento con un poco m\u00e1s de alivio.<\/p>\n<p>Quienes deseen colaborar pueden acercarse directamente al <strong>Departamento Social del Hospital San Camilo de San Felipe<\/strong> o a trav\u00e9s del fono: <strong>34 2 493276<\/strong>.<\/p>\n<figure id=\"attachment_139071\" aria-describedby=\"caption-attachment-139071\" style=\"width: 698px\" class=\"wp-caption alignnone\"><img loading=\"lazy\" decoding=\"async\" class=\"size-full wp-image-139071\" src=\"http:\/\/eltrabajo.cl\/web\/wp-content\/uploads\/2025\/08\/Wilyannah-Pierre.jpg\" alt=\"La peque\u00f1a est\u00e1 internada en el Hospital San Camilo y necesita apoyo de la comunidad. \" width=\"698\" height=\"393\" srcset=\"https:\/\/eltrabajo.cl\/web\/wp-content\/uploads\/2025\/08\/Wilyannah-Pierre.jpg 698w, https:\/\/eltrabajo.cl\/web\/wp-content\/uploads\/2025\/08\/Wilyannah-Pierre-300x169.jpg 300w, https:\/\/eltrabajo.cl\/web\/wp-content\/uploads\/2025\/08\/Wilyannah-Pierre-150x84.jpg 150w, https:\/\/eltrabajo.cl\/web\/wp-content\/uploads\/2025\/08\/Wilyannah-Pierre-696x392.jpg 696w\" sizes=\"auto, (max-width: 698px) 100vw, 698px\" \/><figcaption id=\"caption-attachment-139071\" class=\"wp-caption-text\">La peque\u00f1a est\u00e1 internada en el Hospital San Camilo y necesita apoyo de la comunidad.<\/figcaption><\/figure>\n","protected":false},"excerpt":{"rendered":"<p>La menor, que lleva dos semanas en Chile, sufri\u00f3 graves quemaduras que la mantienen en tratamiento m\u00e9dico.- Wilyannah Pierre es una ni\u00f1a de 8 a\u00f1os de edad y lleg\u00f3 a Chile hace apenas dos semanas. Vive junto a su padre, Wilson, y sus dos hermanos de 15 y 11 a\u00f1os en la comuna de Llay [&hellip;]<\/p>\n","protected":false},"author":1,"featured_media":139071,"comment_status":"closed","ping_status":"closed","sticky":false,"template":"","format":"standard","meta":{"footnotes":""},"categories":[4],"tags":[],"class_list":{"0":"post-139070","1":"post","2":"type-post","3":"status-publish","4":"format-standard","5":"has-post-thumbnail","7":"category-comunidad"},"yoast_head":"<!-- This site is optimized with the Yoast SEO plugin v27.5 - https:\/\/yoast.com\/product\/yoast-seo-wordpress\/ -->\n<title>\u2018Una mano para Wilyannah\u2019: Ni\u00f1a haitiana de 8 a\u00f1os hospitalizada en San Felipe necesita apoyo de la comunidad - Diario El Trabajo<\/title>\n<meta name=\"robots\" content=\"index, follow, max-snippet:-1, max-image-preview:large, max-video-preview:-1\" \/>\n<link rel=\"canonical\" href=\"https:\/\/eltrabajo.cl\/web\/una-mano-para-wilyannah-nina-haitiana-de-8-anos-hospitalizada-en-san-felipe-necesita-apoyo-de-la-comunidad\/\" \/>\n<meta property=\"og:locale\" content=\"es_ES\" \/>\n<meta property=\"og:type\" content=\"article\" \/>\n<meta property=\"og:title\" content=\"\u2018Una mano para Wilyannah\u2019: Ni\u00f1a haitiana de 8 a\u00f1os hospitalizada en San Felipe necesita apoyo de la comunidad - Diario El Trabajo\" \/>\n<meta property=\"og:description\" content=\"La menor, que lleva dos semanas en Chile, sufri\u00f3 graves quemaduras que la mantienen en tratamiento m\u00e9dico.- Wilyannah Pierre es una ni\u00f1a de 8 a\u00f1os de edad y lleg\u00f3 a Chile hace apenas dos semanas. Vive junto a su padre, Wilson, y sus dos hermanos de 15 y 11 a\u00f1os en la comuna de Llay [&hellip;]\" \/>\n<meta property=\"og:url\" content=\"https:\/\/eltrabajo.cl\/web\/una-mano-para-wilyannah-nina-haitiana-de-8-anos-hospitalizada-en-san-felipe-necesita-apoyo-de-la-comunidad\/\" \/>\n<meta property=\"og:site_name\" content=\"Diario El Trabajo\" \/>\n<meta property=\"article:publisher\" content=\"https:\/\/www.facebook.com\/ElTrabajoDiario\" \/>\n<meta property=\"article:published_time\" content=\"2025-08-06T00:36:10+00:00\" \/>\n<meta property=\"article:modified_time\" content=\"2025-08-06T22:50:42+00:00\" \/>\n<meta property=\"og:image\" content=\"https:\/\/eltrabajo.cl\/web\/wp-content\/uploads\/2025\/08\/Wilyannah-Pierre.jpg\" \/>\n\t<meta property=\"og:image:width\" content=\"698\" \/>\n\t<meta property=\"og:image:height\" content=\"393\" \/>\n\t<meta property=\"og:image:type\" content=\"image\/jpeg\" \/>\n<meta name=\"author\" content=\"Diario El Trabajo\" \/>\n<meta name=\"twitter:card\" content=\"summary_large_image\" \/>\n<meta name=\"twitter:creator\" content=\"@diarioeltrabajo\" \/>\n<meta name=\"twitter:site\" content=\"@diarioeltrabajo\" \/>\n<meta name=\"twitter:label1\" content=\"Escrito por\" \/>\n\t<meta name=\"twitter:data1\" content=\"Diario El Trabajo\" \/>\n\t<meta name=\"twitter:label2\" content=\"Tiempo estimado de lectura\" \/>\n\t<meta name=\"twitter:data2\" content=\"3 minutos\" \/>\n<script type=\"application\/ld+json\" class=\"yoast-schema-graph\">{\"@context\":\"https:\\\/\\\/schema.org\",\"@graph\":[{\"@type\":\"Article\",\"@id\":\"https:\\\/\\\/eltrabajo.cl\\\/web\\\/una-mano-para-wilyannah-nina-haitiana-de-8-anos-hospitalizada-en-san-felipe-necesita-apoyo-de-la-comunidad\\\/#article\",\"isPartOf\":{\"@id\":\"https:\\\/\\\/eltrabajo.cl\\\/web\\\/una-mano-para-wilyannah-nina-haitiana-de-8-anos-hospitalizada-en-san-felipe-necesita-apoyo-de-la-comunidad\\\/\"},\"author\":{\"name\":\"Diario El Trabajo\",\"@id\":\"https:\\\/\\\/eltrabajo.cl\\\/web\\\/#\\\/schema\\\/person\\\/45efd3d17f86ec456e44dd7debe1bf19\"},\"headline\":\"\u2018Una mano para Wilyannah\u2019: Ni\u00f1a haitiana de 8 a\u00f1os hospitalizada en San Felipe necesita apoyo de la comunidad\",\"datePublished\":\"2025-08-06T00:36:10+00:00\",\"dateModified\":\"2025-08-06T22:50:42+00:00\",\"mainEntityOfPage\":{\"@id\":\"https:\\\/\\\/eltrabajo.cl\\\/web\\\/una-mano-para-wilyannah-nina-haitiana-de-8-anos-hospitalizada-en-san-felipe-necesita-apoyo-de-la-comunidad\\\/\"},\"wordCount\":416,\"publisher\":{\"@id\":\"https:\\\/\\\/eltrabajo.cl\\\/web\\\/#organization\"},\"image\":{\"@id\":\"https:\\\/\\\/eltrabajo.cl\\\/web\\\/una-mano-para-wilyannah-nina-haitiana-de-8-anos-hospitalizada-en-san-felipe-necesita-apoyo-de-la-comunidad\\\/#primaryimage\"},\"thumbnailUrl\":\"https:\\\/\\\/eltrabajo.cl\\\/web\\\/wp-content\\\/uploads\\\/2025\\\/08\\\/Wilyannah-Pierre.jpg\",\"articleSection\":[\"Comunidad\"],\"inLanguage\":\"es-CL\"},{\"@type\":\"WebPage\",\"@id\":\"https:\\\/\\\/eltrabajo.cl\\\/web\\\/una-mano-para-wilyannah-nina-haitiana-de-8-anos-hospitalizada-en-san-felipe-necesita-apoyo-de-la-comunidad\\\/\",\"url\":\"https:\\\/\\\/eltrabajo.cl\\\/web\\\/una-mano-para-wilyannah-nina-haitiana-de-8-anos-hospitalizada-en-san-felipe-necesita-apoyo-de-la-comunidad\\\/\",\"name\":\"\u2018Una mano para Wilyannah\u2019: Ni\u00f1a haitiana de 8 a\u00f1os hospitalizada en San Felipe necesita apoyo de la comunidad - Diario El Trabajo\",\"isPartOf\":{\"@id\":\"https:\\\/\\\/eltrabajo.cl\\\/web\\\/#website\"},\"primaryImageOfPage\":{\"@id\":\"https:\\\/\\\/eltrabajo.cl\\\/web\\\/una-mano-para-wilyannah-nina-haitiana-de-8-anos-hospitalizada-en-san-felipe-necesita-apoyo-de-la-comunidad\\\/#primaryimage\"},\"image\":{\"@id\":\"https:\\\/\\\/eltrabajo.cl\\\/web\\\/una-mano-para-wilyannah-nina-haitiana-de-8-anos-hospitalizada-en-san-felipe-necesita-apoyo-de-la-comunidad\\\/#primaryimage\"},\"thumbnailUrl\":\"https:\\\/\\\/eltrabajo.cl\\\/web\\\/wp-content\\\/uploads\\\/2025\\\/08\\\/Wilyannah-Pierre.jpg\",\"datePublished\":\"2025-08-06T00:36:10+00:00\",\"dateModified\":\"2025-08-06T22:50:42+00:00\",\"breadcrumb\":{\"@id\":\"https:\\\/\\\/eltrabajo.cl\\\/web\\\/una-mano-para-wilyannah-nina-haitiana-de-8-anos-hospitalizada-en-san-felipe-necesita-apoyo-de-la-comunidad\\\/#breadcrumb\"},\"inLanguage\":\"es-CL\",\"potentialAction\":[{\"@type\":\"ReadAction\",\"target\":[\"https:\\\/\\\/eltrabajo.cl\\\/web\\\/una-mano-para-wilyannah-nina-haitiana-de-8-anos-hospitalizada-en-san-felipe-necesita-apoyo-de-la-comunidad\\\/\"]}]},{\"@type\":\"ImageObject\",\"inLanguage\":\"es-CL\",\"@id\":\"https:\\\/\\\/eltrabajo.cl\\\/web\\\/una-mano-para-wilyannah-nina-haitiana-de-8-anos-hospitalizada-en-san-felipe-necesita-apoyo-de-la-comunidad\\\/#primaryimage\",\"url\":\"https:\\\/\\\/eltrabajo.cl\\\/web\\\/wp-content\\\/uploads\\\/2025\\\/08\\\/Wilyannah-Pierre.jpg\",\"contentUrl\":\"https:\\\/\\\/eltrabajo.cl\\\/web\\\/wp-content\\\/uploads\\\/2025\\\/08\\\/Wilyannah-Pierre.jpg\",\"width\":698,\"height\":393,\"caption\":\"La peque\u00f1a est\u00e1 internada en el Hospital San Camilo y necesita apoyo de la comunidad.\"},{\"@type\":\"BreadcrumbList\",\"@id\":\"https:\\\/\\\/eltrabajo.cl\\\/web\\\/una-mano-para-wilyannah-nina-haitiana-de-8-anos-hospitalizada-en-san-felipe-necesita-apoyo-de-la-comunidad\\\/#breadcrumb\",\"itemListElement\":[{\"@type\":\"ListItem\",\"position\":1,\"name\":\"Portada\",\"item\":\"https:\\\/\\\/eltrabajo.cl\\\/web\\\/\"},{\"@type\":\"ListItem\",\"position\":2,\"name\":\"\u2018Una mano para Wilyannah\u2019: Ni\u00f1a haitiana de 8 a\u00f1os hospitalizada en San Felipe necesita apoyo de la comunidad\"}]},{\"@type\":\"WebSite\",\"@id\":\"https:\\\/\\\/eltrabajo.cl\\\/web\\\/#website\",\"url\":\"https:\\\/\\\/eltrabajo.cl\\\/web\\\/\",\"name\":\"Diario El Trabajo\",\"description\":\"Desde 1929 construyendo Identidad Local\",\"publisher\":{\"@id\":\"https:\\\/\\\/eltrabajo.cl\\\/web\\\/#organization\"},\"potentialAction\":[{\"@type\":\"SearchAction\",\"target\":{\"@type\":\"EntryPoint\",\"urlTemplate\":\"https:\\\/\\\/eltrabajo.cl\\\/web\\\/?s={search_term_string}\"},\"query-input\":{\"@type\":\"PropertyValueSpecification\",\"valueRequired\":true,\"valueName\":\"search_term_string\"}}],\"inLanguage\":\"es-CL\"},{\"@type\":\"Organization\",\"@id\":\"https:\\\/\\\/eltrabajo.cl\\\/web\\\/#organization\",\"name\":\"Diario El Trabajo\",\"url\":\"https:\\\/\\\/eltrabajo.cl\\\/web\\\/\",\"logo\":{\"@type\":\"ImageObject\",\"inLanguage\":\"es-CL\",\"@id\":\"https:\\\/\\\/eltrabajo.cl\\\/web\\\/#\\\/schema\\\/logo\\\/image\\\/\",\"url\":\"https:\\\/\\\/eltrabajo.cl\\\/web\\\/wp-content\\\/uploads\\\/2024\\\/06\\\/profile-image-ig-page-diarioeltrabajo.jpg\",\"contentUrl\":\"https:\\\/\\\/eltrabajo.cl\\\/web\\\/wp-content\\\/uploads\\\/2024\\\/06\\\/profile-image-ig-page-diarioeltrabajo.jpg\",\"width\":823,\"height\":823,\"caption\":\"Diario El Trabajo\"},\"image\":{\"@id\":\"https:\\\/\\\/eltrabajo.cl\\\/web\\\/#\\\/schema\\\/logo\\\/image\\\/\"},\"sameAs\":[\"https:\\\/\\\/www.facebook.com\\\/ElTrabajoDiario\",\"https:\\\/\\\/x.com\\\/diarioeltrabajo\"]},{\"@type\":\"Person\",\"@id\":\"https:\\\/\\\/eltrabajo.cl\\\/web\\\/#\\\/schema\\\/person\\\/45efd3d17f86ec456e44dd7debe1bf19\",\"name\":\"Diario El Trabajo\",\"image\":{\"@type\":\"ImageObject\",\"inLanguage\":\"es-CL\",\"@id\":\"https:\\\/\\\/secure.gravatar.com\\\/avatar\\\/7e6ec277dc4aea2677c2dc301d4227957219329c985ab69a3efc12518b5161aa?s=96&d=mm&r=g\",\"url\":\"https:\\\/\\\/secure.gravatar.com\\\/avatar\\\/7e6ec277dc4aea2677c2dc301d4227957219329c985ab69a3efc12518b5161aa?s=96&d=mm&r=g\",\"contentUrl\":\"https:\\\/\\\/secure.gravatar.com\\\/avatar\\\/7e6ec277dc4aea2677c2dc301d4227957219329c985ab69a3efc12518b5161aa?s=96&d=mm&r=g\",\"caption\":\"Diario El Trabajo\"},\"sameAs\":[\"https:\\\/\\\/eltrabajo.cl\\\/web\"],\"url\":\"https:\\\/\\\/eltrabajo.cl\\\/web\\\/author\\\/diario-el-trabajo\\\/\"}]}<\/script>\n<!-- \/ Yoast SEO plugin. -->","yoast_head_json":{"title":"\u2018Una mano para Wilyannah\u2019: Ni\u00f1a haitiana de 8 a\u00f1os hospitalizada en San Felipe necesita apoyo de la comunidad - Diario El Trabajo","robots":{"index":"index","follow":"follow","max-snippet":"max-snippet:-1","max-image-preview":"max-image-preview:large","max-video-preview":"max-video-preview:-1"},"canonical":"https:\/\/eltrabajo.cl\/web\/una-mano-para-wilyannah-nina-haitiana-de-8-anos-hospitalizada-en-san-felipe-necesita-apoyo-de-la-comunidad\/","og_locale":"es_ES","og_type":"article","og_title":"\u2018Una mano para Wilyannah\u2019: Ni\u00f1a haitiana de 8 a\u00f1os hospitalizada en San Felipe necesita apoyo de la comunidad - Diario El Trabajo","og_description":"La menor, que lleva dos semanas en Chile, sufri\u00f3 graves quemaduras que la mantienen en tratamiento m\u00e9dico.- Wilyannah Pierre es una ni\u00f1a de 8 a\u00f1os de edad y lleg\u00f3 a Chile hace apenas dos semanas. Vive junto a su padre, Wilson, y sus dos hermanos de 15 y 11 a\u00f1os en la comuna de Llay [&hellip;]","og_url":"https:\/\/eltrabajo.cl\/web\/una-mano-para-wilyannah-nina-haitiana-de-8-anos-hospitalizada-en-san-felipe-necesita-apoyo-de-la-comunidad\/","og_site_name":"Diario El Trabajo","article_publisher":"https:\/\/www.facebook.com\/ElTrabajoDiario","article_published_time":"2025-08-06T00:36:10+00:00","article_modified_time":"2025-08-06T22:50:42+00:00","og_image":[{"width":698,"height":393,"url":"https:\/\/eltrabajo.cl\/web\/wp-content\/uploads\/2025\/08\/Wilyannah-Pierre.jpg","type":"image\/jpeg"}],"author":"Diario El Trabajo","twitter_card":"summary_large_image","twitter_creator":"@diarioeltrabajo","twitter_site":"@diarioeltrabajo","twitter_misc":{"Escrito por":"Diario El Trabajo","Tiempo estimado de lectura":"3 minutos"},"schema":{"@context":"https:\/\/schema.org","@graph":[{"@type":"Article","@id":"https:\/\/eltrabajo.cl\/web\/una-mano-para-wilyannah-nina-haitiana-de-8-anos-hospitalizada-en-san-felipe-necesita-apoyo-de-la-comunidad\/#article","isPartOf":{"@id":"https:\/\/eltrabajo.cl\/web\/una-mano-para-wilyannah-nina-haitiana-de-8-anos-hospitalizada-en-san-felipe-necesita-apoyo-de-la-comunidad\/"},"author":{"name":"Diario El Trabajo","@id":"https:\/\/eltrabajo.cl\/web\/#\/schema\/person\/45efd3d17f86ec456e44dd7debe1bf19"},"headline":"\u2018Una mano para Wilyannah\u2019: Ni\u00f1a haitiana de 8 a\u00f1os hospitalizada en San Felipe necesita apoyo de la comunidad","datePublished":"2025-08-06T00:36:10+00:00","dateModified":"2025-08-06T22:50:42+00:00","mainEntityOfPage":{"@id":"https:\/\/eltrabajo.cl\/web\/una-mano-para-wilyannah-nina-haitiana-de-8-anos-hospitalizada-en-san-felipe-necesita-apoyo-de-la-comunidad\/"},"wordCount":416,"publisher":{"@id":"https:\/\/eltrabajo.cl\/web\/#organization"},"image":{"@id":"https:\/\/eltrabajo.cl\/web\/una-mano-para-wilyannah-nina-haitiana-de-8-anos-hospitalizada-en-san-felipe-necesita-apoyo-de-la-comunidad\/#primaryimage"},"thumbnailUrl":"https:\/\/eltrabajo.cl\/web\/wp-content\/uploads\/2025\/08\/Wilyannah-Pierre.jpg","articleSection":["Comunidad"],"inLanguage":"es-CL"},{"@type":"WebPage","@id":"https:\/\/eltrabajo.cl\/web\/una-mano-para-wilyannah-nina-haitiana-de-8-anos-hospitalizada-en-san-felipe-necesita-apoyo-de-la-comunidad\/","url":"https:\/\/eltrabajo.cl\/web\/una-mano-para-wilyannah-nina-haitiana-de-8-anos-hospitalizada-en-san-felipe-necesita-apoyo-de-la-comunidad\/","name":"\u2018Una mano para Wilyannah\u2019: Ni\u00f1a haitiana de 8 a\u00f1os hospitalizada en San Felipe necesita apoyo de la comunidad - Diario El Trabajo","isPartOf":{"@id":"https:\/\/eltrabajo.cl\/web\/#website"},"primaryImageOfPage":{"@id":"https:\/\/eltrabajo.cl\/web\/una-mano-para-wilyannah-nina-haitiana-de-8-anos-hospitalizada-en-san-felipe-necesita-apoyo-de-la-comunidad\/#primaryimage"},"image":{"@id":"https:\/\/eltrabajo.cl\/web\/una-mano-para-wilyannah-nina-haitiana-de-8-anos-hospitalizada-en-san-felipe-necesita-apoyo-de-la-comunidad\/#primaryimage"},"thumbnailUrl":"https:\/\/eltrabajo.cl\/web\/wp-content\/uploads\/2025\/08\/Wilyannah-Pierre.jpg","datePublished":"2025-08-06T00:36:10+00:00","dateModified":"2025-08-06T22:50:42+00:00","breadcrumb":{"@id":"https:\/\/eltrabajo.cl\/web\/una-mano-para-wilyannah-nina-haitiana-de-8-anos-hospitalizada-en-san-felipe-necesita-apoyo-de-la-comunidad\/#breadcrumb"},"inLanguage":"es-CL","potentialAction":[{"@type":"ReadAction","target":["https:\/\/eltrabajo.cl\/web\/una-mano-para-wilyannah-nina-haitiana-de-8-anos-hospitalizada-en-san-felipe-necesita-apoyo-de-la-comunidad\/"]}]},{"@type":"ImageObject","inLanguage":"es-CL","@id":"https:\/\/eltrabajo.cl\/web\/una-mano-para-wilyannah-nina-haitiana-de-8-anos-hospitalizada-en-san-felipe-necesita-apoyo-de-la-comunidad\/#primaryimage","url":"https:\/\/eltrabajo.cl\/web\/wp-content\/uploads\/2025\/08\/Wilyannah-Pierre.jpg","contentUrl":"https:\/\/eltrabajo.cl\/web\/wp-content\/uploads\/2025\/08\/Wilyannah-Pierre.jpg","width":698,"height":393,"caption":"La peque\u00f1a est\u00e1 internada en el Hospital San Camilo y necesita apoyo de la comunidad."},{"@type":"BreadcrumbList","@id":"https:\/\/eltrabajo.cl\/web\/una-mano-para-wilyannah-nina-haitiana-de-8-anos-hospitalizada-en-san-felipe-necesita-apoyo-de-la-comunidad\/#breadcrumb","itemListElement":[{"@type":"ListItem","position":1,"name":"Portada","item":"https:\/\/eltrabajo.cl\/web\/"},{"@type":"ListItem","position":2,"name":"\u2018Una mano para Wilyannah\u2019: Ni\u00f1a haitiana de 8 a\u00f1os hospitalizada en San Felipe necesita apoyo de la comunidad"}]},{"@type":"WebSite","@id":"https:\/\/eltrabajo.cl\/web\/#website","url":"https:\/\/eltrabajo.cl\/web\/","name":"Diario El Trabajo","description":"Desde 1929 construyendo Identidad Local","publisher":{"@id":"https:\/\/eltrabajo.cl\/web\/#organization"},"potentialAction":[{"@type":"SearchAction","target":{"@type":"EntryPoint","urlTemplate":"https:\/\/eltrabajo.cl\/web\/?s={search_term_string}"},"query-input":{"@type":"PropertyValueSpecification","valueRequired":true,"valueName":"search_term_string"}}],"inLanguage":"es-CL"},{"@type":"Organization","@id":"https:\/\/eltrabajo.cl\/web\/#organization","name":"Diario El Trabajo","url":"https:\/\/eltrabajo.cl\/web\/","logo":{"@type":"ImageObject","inLanguage":"es-CL","@id":"https:\/\/eltrabajo.cl\/web\/#\/schema\/logo\/image\/","url":"https:\/\/eltrabajo.cl\/web\/wp-content\/uploads\/2024\/06\/profile-image-ig-page-diarioeltrabajo.jpg","contentUrl":"https:\/\/eltrabajo.cl\/web\/wp-content\/uploads\/2024\/06\/profile-image-ig-page-diarioeltrabajo.jpg","width":823,"height":823,"caption":"Diario El Trabajo"},"image":{"@id":"https:\/\/eltrabajo.cl\/web\/#\/schema\/logo\/image\/"},"sameAs":["https:\/\/www.facebook.com\/ElTrabajoDiario","https:\/\/x.com\/diarioeltrabajo"]},{"@type":"Person","@id":"https:\/\/eltrabajo.cl\/web\/#\/schema\/person\/45efd3d17f86ec456e44dd7debe1bf19","name":"Diario El Trabajo","image":{"@type":"ImageObject","inLanguage":"es-CL","@id":"https:\/\/secure.gravatar.com\/avatar\/7e6ec277dc4aea2677c2dc301d4227957219329c985ab69a3efc12518b5161aa?s=96&d=mm&r=g","url":"https:\/\/secure.gravatar.com\/avatar\/7e6ec277dc4aea2677c2dc301d4227957219329c985ab69a3efc12518b5161aa?s=96&d=mm&r=g","contentUrl":"https:\/\/secure.gravatar.com\/avatar\/7e6ec277dc4aea2677c2dc301d4227957219329c985ab69a3efc12518b5161aa?s=96&d=mm&r=g","caption":"Diario El Trabajo"},"sameAs":["https:\/\/eltrabajo.cl\/web"],"url":"https:\/\/eltrabajo.cl\/web\/author\/diario-el-trabajo\/"}]}},"_links":{"self":[{"href":"https:\/\/eltrabajo.cl\/web\/wp-json\/wp\/v2\/posts\/139070","targetHints":{"allow":["GET"]}}],"collection":[{"href":"https:\/\/eltrabajo.cl\/web\/wp-json\/wp\/v2\/posts"}],"about":[{"href":"https:\/\/eltrabajo.cl\/web\/wp-json\/wp\/v2\/types\/post"}],"author":[{"embeddable":true,"href":"https:\/\/eltrabajo.cl\/web\/wp-json\/wp\/v2\/users\/1"}],"replies":[{"embeddable":true,"href":"https:\/\/eltrabajo.cl\/web\/wp-json\/wp\/v2\/comments?post=139070"}],"version-history":[{"count":1,"href":"https:\/\/eltrabajo.cl\/web\/wp-json\/wp\/v2\/posts\/139070\/revisions"}],"predecessor-version":[{"id":139072,"href":"https:\/\/eltrabajo.cl\/web\/wp-json\/wp\/v2\/posts\/139070\/revisions\/139072"}],"wp:featuredmedia":[{"embeddable":true,"href":"https:\/\/eltrabajo.cl\/web\/wp-json\/wp\/v2\/media\/139071"}],"wp:attachment":[{"href":"https:\/\/eltrabajo.cl\/web\/wp-json\/wp\/v2\/media?parent=139070"}],"wp:term":[{"taxonomy":"category","embeddable":true,"href":"https:\/\/eltrabajo.cl\/web\/wp-json\/wp\/v2\/categories?post=139070"},{"taxonomy":"post_tag","embeddable":true,"href":"https:\/\/eltrabajo.cl\/web\/wp-json\/wp\/v2\/tags?post=139070"}],"curies":[{"name":"wp","href":"https:\/\/api.w.org\/{rel}","templated":true}]}}