{"id":139126,"date":"2025-08-07T21:55:36","date_gmt":"2025-08-08T00:55:36","guid":{"rendered":"https:\/\/eltrabajo.cl\/web\/?p=139126"},"modified":"2025-08-07T21:55:36","modified_gmt":"2025-08-08T00:55:36","slug":"karatecas-aconcaguinos-compiten-en-mundial-youth-league-en-mexico","status":"publish","type":"post","link":"https:\/\/eltrabajo.cl\/web\/karatecas-aconcaguinos-compiten-en-mundial-youth-league-en-mexico\/","title":{"rendered":"Karatecas aconcag\u00fcinos compiten en mundial Youth League en M\u00e9xico"},"content":{"rendered":"<ul>\n<li><strong>Tras largas jornadas de entrenamiento y apoyo familiar, las j\u00f3venes promesas del karate buscan sumar puntos en el ranking mundial.-<\/strong><\/li>\n<\/ul>\n<p>Cinco j\u00f3venes karatecas del Dojo Dragones Blancos Regi\u00f3n de Valpara\u00edso, ubicado en la comuna de Llay Llay, se encuentran representando a Chile en la cuarta jornada de la Liga Juvenil Mundial Karate 1 Youth League, organizada por la Federaci\u00f3n Mundial de Karate (WKF), en Monterrey, M\u00e9xico. Esta competencia de alto nivel re\u00fane a los mejores exponentes juveniles del planeta.<\/p>\n<p>Los deportistas, bajo la direcci\u00f3n del sensei <strong>Juan Francisco Oyaneder Reyes<\/strong>, arribaron el pasado martes 5 de agosto, tras un extenuante viaje de 15 horas. Permanecer\u00e1n en tierras aztecas hasta el mi\u00e9rcoles 13, con la esperanza de regresar con medallas y valiosos puntos para el ranking mundial.<\/p>\n<p>A diferencia de otros campeonatos como el Sudamericano o el Panamericano, para participar en la Youth League no es necesario clasificar a nivel nacional. Seg\u00fan explic\u00f3 el sensei Oyaneder, <em>\u00abesta liga forma parte del ranking mundial de la WKF, lo que permite que nuestros atletas sumen puntos sin necesidad de pasar por un proceso clasificatorio nacional\u00bb<\/em>.<\/p>\n<p>Los karatecas que actualmente compiten en Monterrey son:<\/p>\n<p><strong>Francisca Flores<\/strong> (18 a\u00f1os, cintur\u00f3n caf\u00e9): Compiti\u00f3 este jueves 7 de agosto en Kumite femenino Under 21 hasta 55 kilogramos.<\/p>\n<p><strong>Pablo Castro<\/strong> (16 a\u00f1os, cintur\u00f3n p\u00farpura): Compite este viernes 8 en Kata masculino Junior y Kumite masculino Junior hasta 76 kilogramos.<\/p>\n<p><strong>Felix Hoehn<\/strong> (14 a\u00f1os, cintur\u00f3n p\u00farpura): Subir\u00e1 al tatami el s\u00e1bado 9 en Kumite Cadetes hasta 70 kilogramos.<\/p>\n<p><strong>Jos\u00e9 Le\u00f3nidas Casta\u00f1eda<\/strong> (12 a\u00f1os, cintur\u00f3n azul): Lo har\u00e1 el domingo 10 en Kata y Kumite masculino U14 hasta 55 kilogramos.<\/p>\n<p><strong>Ricardo Vergara<\/strong> (12 a\u00f1os, cintur\u00f3n naranjo): Tambi\u00e9n competir\u00e1 el domingo 10 en Kumite masculino U14 hasta 55 kilogramos.<\/p>\n<p>El sensei Juan Francisco Oyaneder destac\u00f3 que esta es una de las instancias m\u00e1s importantes del calendario competitivo. <em>\u00abDurante el a\u00f1o nos preparamos con intensidad para instancias como esta. Adem\u00e1s de los torneos zonales y nacionales en noviembre y marzo, tambi\u00e9n tenemos clasificaciones a sudamericanos y panamericanos. La Youth League es una oportunidad \u00fanica para nuestros j\u00f3venes para medirse en las competencias\u00bb,<\/em> se\u00f1al\u00f3.<\/p>\n<p>Para costear el viaje y la estad\u00eda en M\u00e9xico, las familias de los deportistas realizaron diversas actividades solidarias, demostrando su compromiso con el desarrollo deportivo de sus hijos. Al mismo tiempo, los compa\u00f1eros de Dojo que no viajaron estar\u00e1n apoyando a trav\u00e9s del canal oficial de YouTube de la WKF, donde se transmite el campeonato en vivo, y al que la comunidad tambi\u00e9n puede acceder gratis: https:\/\/www.youtube.com\/@WKFKarateWorldChamps\/streams.<\/p>\n<p>\u00ab<em>Hay una agenda bastante copada de torneos importantes y los atletas se preparan con mucha anticipaci\u00f3n para estas fechas, despu\u00e9s de las cuales les toca el merecido descanso. Hay que considerar que la mayor\u00eda de ellos son muy j\u00f3venes y se encuentran en plena etapa de crecimiento y desarrollo. Adem\u00e1s, se les exige cumplir cabalmente con sus obligaciones escolares\u00bb,<\/em> concluy\u00f3 el sensei Oyaneder.<\/p>\n<p>Desde el Valle del Aconcagua, el mundo del karate sigue con atenci\u00f3n la participaci\u00f3n de estos j\u00f3venes guerreros que hoy luchan por dejar en alto el nombre de Chile.<\/p>\n<figure id=\"attachment_139128\" aria-describedby=\"caption-attachment-139128\" style=\"width: 700px\" class=\"wp-caption alignnone\"><img loading=\"lazy\" decoding=\"async\" class=\"size-full wp-image-139128\" src=\"http:\/\/eltrabajo.cl\/web\/wp-content\/uploads\/2025\/08\/karate-dragones-1.jpg\" alt=\"Las j\u00f3venes promesas del karate de nuestra zona, junto a su sensei Juan Oyaneder.\" width=\"700\" height=\"496\" srcset=\"https:\/\/eltrabajo.cl\/web\/wp-content\/uploads\/2025\/08\/karate-dragones-1.jpg 700w, https:\/\/eltrabajo.cl\/web\/wp-content\/uploads\/2025\/08\/karate-dragones-1-300x213.jpg 300w, https:\/\/eltrabajo.cl\/web\/wp-content\/uploads\/2025\/08\/karate-dragones-1-593x420.jpg 593w, https:\/\/eltrabajo.cl\/web\/wp-content\/uploads\/2025\/08\/karate-dragones-1-150x106.jpg 150w, https:\/\/eltrabajo.cl\/web\/wp-content\/uploads\/2025\/08\/karate-dragones-1-696x493.jpg 696w\" sizes=\"auto, (max-width: 700px) 100vw, 700px\" \/><figcaption id=\"caption-attachment-139128\" class=\"wp-caption-text\">Las j\u00f3venes promesas del karate de nuestra zona, junto a su sensei Juan Oyaneder.<\/figcaption><\/figure>\n<figure id=\"attachment_139127\" aria-describedby=\"caption-attachment-139127\" style=\"width: 700px\" class=\"wp-caption alignnone\"><img loading=\"lazy\" decoding=\"async\" class=\"size-full wp-image-139127\" src=\"http:\/\/eltrabajo.cl\/web\/wp-content\/uploads\/2025\/08\/karate-dragones-2.jpg\" alt=\"El pr\u00f3ximo mi\u00e9rcoles 13 de agosto regresan, con la esperanza de traer medallas y valiosos puntos para el ranking mundial.\" width=\"700\" height=\"510\" srcset=\"https:\/\/eltrabajo.cl\/web\/wp-content\/uploads\/2025\/08\/karate-dragones-2.jpg 700w, https:\/\/eltrabajo.cl\/web\/wp-content\/uploads\/2025\/08\/karate-dragones-2-300x219.jpg 300w, https:\/\/eltrabajo.cl\/web\/wp-content\/uploads\/2025\/08\/karate-dragones-2-576x420.jpg 576w, https:\/\/eltrabajo.cl\/web\/wp-content\/uploads\/2025\/08\/karate-dragones-2-150x109.jpg 150w, https:\/\/eltrabajo.cl\/web\/wp-content\/uploads\/2025\/08\/karate-dragones-2-696x507.jpg 696w\" sizes=\"auto, (max-width: 700px) 100vw, 700px\" \/><figcaption id=\"caption-attachment-139127\" class=\"wp-caption-text\">El pr\u00f3ximo mi\u00e9rcoles 13 de agosto regresan, con la esperanza de traer medallas y valiosos puntos para el ranking mundial.<\/figcaption><\/figure>\n","protected":false},"excerpt":{"rendered":"<p>Tras largas jornadas de entrenamiento y apoyo familiar, las j\u00f3venes promesas del karate buscan sumar puntos en el ranking mundial.- Cinco j\u00f3venes karatecas del Dojo Dragones Blancos Regi\u00f3n de Valpara\u00edso, ubicado en la comuna de Llay Llay, se encuentran representando a Chile en la cuarta jornada de la Liga Juvenil Mundial Karate 1 Youth League, [&hellip;]<\/p>\n","protected":false},"author":1,"featured_media":139128,"comment_status":"closed","ping_status":"closed","sticky":false,"template":"","format":"standard","meta":{"footnotes":""},"categories":[4],"tags":[],"class_list":{"0":"post-139126","1":"post","2":"type-post","3":"status-publish","4":"format-standard","5":"has-post-thumbnail","7":"category-comunidad"},"yoast_head":"<!-- This site is optimized with the Yoast SEO plugin v27.5 - https:\/\/yoast.com\/product\/yoast-seo-wordpress\/ -->\n<title>Karatecas aconcag\u00fcinos compiten en mundial Youth League en M\u00e9xico - Diario El Trabajo<\/title>\n<meta name=\"robots\" content=\"index, follow, max-snippet:-1, max-image-preview:large, max-video-preview:-1\" \/>\n<link rel=\"canonical\" href=\"https:\/\/eltrabajo.cl\/web\/karatecas-aconcaguinos-compiten-en-mundial-youth-league-en-mexico\/\" \/>\n<meta property=\"og:locale\" content=\"es_ES\" \/>\n<meta property=\"og:type\" content=\"article\" \/>\n<meta property=\"og:title\" content=\"Karatecas aconcag\u00fcinos compiten en mundial Youth League en M\u00e9xico - Diario El Trabajo\" \/>\n<meta property=\"og:description\" content=\"Tras largas jornadas de entrenamiento y apoyo familiar, las j\u00f3venes promesas del karate buscan sumar puntos en el ranking mundial.- Cinco j\u00f3venes karatecas del Dojo Dragones Blancos Regi\u00f3n de Valpara\u00edso, ubicado en la comuna de Llay Llay, se encuentran representando a Chile en la cuarta jornada de la Liga Juvenil Mundial Karate 1 Youth League, [&hellip;]\" \/>\n<meta property=\"og:url\" content=\"https:\/\/eltrabajo.cl\/web\/karatecas-aconcaguinos-compiten-en-mundial-youth-league-en-mexico\/\" \/>\n<meta property=\"og:site_name\" content=\"Diario El Trabajo\" \/>\n<meta property=\"article:publisher\" content=\"https:\/\/www.facebook.com\/ElTrabajoDiario\" \/>\n<meta property=\"article:published_time\" content=\"2025-08-08T00:55:36+00:00\" \/>\n<meta property=\"og:image\" content=\"https:\/\/eltrabajo.cl\/web\/wp-content\/uploads\/2025\/08\/karate-dragones-1.jpg\" \/>\n\t<meta property=\"og:image:width\" content=\"700\" \/>\n\t<meta property=\"og:image:height\" content=\"496\" \/>\n\t<meta property=\"og:image:type\" content=\"image\/jpeg\" \/>\n<meta name=\"author\" content=\"Diario El Trabajo\" \/>\n<meta name=\"twitter:card\" content=\"summary_large_image\" \/>\n<meta name=\"twitter:creator\" content=\"@diarioeltrabajo\" \/>\n<meta name=\"twitter:site\" content=\"@diarioeltrabajo\" \/>\n<meta name=\"twitter:label1\" content=\"Escrito por\" \/>\n\t<meta name=\"twitter:data1\" content=\"Diario El Trabajo\" \/>\n\t<meta name=\"twitter:label2\" content=\"Tiempo estimado de lectura\" \/>\n\t<meta name=\"twitter:data2\" content=\"4 minutos\" \/>\n<script type=\"application\/ld+json\" class=\"yoast-schema-graph\">{\"@context\":\"https:\\\/\\\/schema.org\",\"@graph\":[{\"@type\":\"Article\",\"@id\":\"https:\\\/\\\/eltrabajo.cl\\\/web\\\/karatecas-aconcaguinos-compiten-en-mundial-youth-league-en-mexico\\\/#article\",\"isPartOf\":{\"@id\":\"https:\\\/\\\/eltrabajo.cl\\\/web\\\/karatecas-aconcaguinos-compiten-en-mundial-youth-league-en-mexico\\\/\"},\"author\":{\"name\":\"Diario El Trabajo\",\"@id\":\"https:\\\/\\\/eltrabajo.cl\\\/web\\\/#\\\/schema\\\/person\\\/45efd3d17f86ec456e44dd7debe1bf19\"},\"headline\":\"Karatecas aconcag\u00fcinos compiten en mundial Youth League en M\u00e9xico\",\"datePublished\":\"2025-08-08T00:55:36+00:00\",\"mainEntityOfPage\":{\"@id\":\"https:\\\/\\\/eltrabajo.cl\\\/web\\\/karatecas-aconcaguinos-compiten-en-mundial-youth-league-en-mexico\\\/\"},\"wordCount\":604,\"publisher\":{\"@id\":\"https:\\\/\\\/eltrabajo.cl\\\/web\\\/#organization\"},\"image\":{\"@id\":\"https:\\\/\\\/eltrabajo.cl\\\/web\\\/karatecas-aconcaguinos-compiten-en-mundial-youth-league-en-mexico\\\/#primaryimage\"},\"thumbnailUrl\":\"https:\\\/\\\/eltrabajo.cl\\\/web\\\/wp-content\\\/uploads\\\/2025\\\/08\\\/karate-dragones-1.jpg\",\"articleSection\":[\"Comunidad\"],\"inLanguage\":\"es-CL\"},{\"@type\":\"WebPage\",\"@id\":\"https:\\\/\\\/eltrabajo.cl\\\/web\\\/karatecas-aconcaguinos-compiten-en-mundial-youth-league-en-mexico\\\/\",\"url\":\"https:\\\/\\\/eltrabajo.cl\\\/web\\\/karatecas-aconcaguinos-compiten-en-mundial-youth-league-en-mexico\\\/\",\"name\":\"Karatecas aconcag\u00fcinos compiten en mundial Youth League en M\u00e9xico - Diario El Trabajo\",\"isPartOf\":{\"@id\":\"https:\\\/\\\/eltrabajo.cl\\\/web\\\/#website\"},\"primaryImageOfPage\":{\"@id\":\"https:\\\/\\\/eltrabajo.cl\\\/web\\\/karatecas-aconcaguinos-compiten-en-mundial-youth-league-en-mexico\\\/#primaryimage\"},\"image\":{\"@id\":\"https:\\\/\\\/eltrabajo.cl\\\/web\\\/karatecas-aconcaguinos-compiten-en-mundial-youth-league-en-mexico\\\/#primaryimage\"},\"thumbnailUrl\":\"https:\\\/\\\/eltrabajo.cl\\\/web\\\/wp-content\\\/uploads\\\/2025\\\/08\\\/karate-dragones-1.jpg\",\"datePublished\":\"2025-08-08T00:55:36+00:00\",\"breadcrumb\":{\"@id\":\"https:\\\/\\\/eltrabajo.cl\\\/web\\\/karatecas-aconcaguinos-compiten-en-mundial-youth-league-en-mexico\\\/#breadcrumb\"},\"inLanguage\":\"es-CL\",\"potentialAction\":[{\"@type\":\"ReadAction\",\"target\":[\"https:\\\/\\\/eltrabajo.cl\\\/web\\\/karatecas-aconcaguinos-compiten-en-mundial-youth-league-en-mexico\\\/\"]}]},{\"@type\":\"ImageObject\",\"inLanguage\":\"es-CL\",\"@id\":\"https:\\\/\\\/eltrabajo.cl\\\/web\\\/karatecas-aconcaguinos-compiten-en-mundial-youth-league-en-mexico\\\/#primaryimage\",\"url\":\"https:\\\/\\\/eltrabajo.cl\\\/web\\\/wp-content\\\/uploads\\\/2025\\\/08\\\/karate-dragones-1.jpg\",\"contentUrl\":\"https:\\\/\\\/eltrabajo.cl\\\/web\\\/wp-content\\\/uploads\\\/2025\\\/08\\\/karate-dragones-1.jpg\",\"width\":700,\"height\":496,\"caption\":\"Las j\u00f3venes promesas del karate de nuestra zona, junto a su sensei Juan Oyaneder.\"},{\"@type\":\"BreadcrumbList\",\"@id\":\"https:\\\/\\\/eltrabajo.cl\\\/web\\\/karatecas-aconcaguinos-compiten-en-mundial-youth-league-en-mexico\\\/#breadcrumb\",\"itemListElement\":[{\"@type\":\"ListItem\",\"position\":1,\"name\":\"Portada\",\"item\":\"https:\\\/\\\/eltrabajo.cl\\\/web\\\/\"},{\"@type\":\"ListItem\",\"position\":2,\"name\":\"Karatecas aconcag\u00fcinos compiten en mundial Youth League en M\u00e9xico\"}]},{\"@type\":\"WebSite\",\"@id\":\"https:\\\/\\\/eltrabajo.cl\\\/web\\\/#website\",\"url\":\"https:\\\/\\\/eltrabajo.cl\\\/web\\\/\",\"name\":\"Diario El Trabajo\",\"description\":\"Desde 1929 construyendo Identidad Local\",\"publisher\":{\"@id\":\"https:\\\/\\\/eltrabajo.cl\\\/web\\\/#organization\"},\"potentialAction\":[{\"@type\":\"SearchAction\",\"target\":{\"@type\":\"EntryPoint\",\"urlTemplate\":\"https:\\\/\\\/eltrabajo.cl\\\/web\\\/?s={search_term_string}\"},\"query-input\":{\"@type\":\"PropertyValueSpecification\",\"valueRequired\":true,\"valueName\":\"search_term_string\"}}],\"inLanguage\":\"es-CL\"},{\"@type\":\"Organization\",\"@id\":\"https:\\\/\\\/eltrabajo.cl\\\/web\\\/#organization\",\"name\":\"Diario El Trabajo\",\"url\":\"https:\\\/\\\/eltrabajo.cl\\\/web\\\/\",\"logo\":{\"@type\":\"ImageObject\",\"inLanguage\":\"es-CL\",\"@id\":\"https:\\\/\\\/eltrabajo.cl\\\/web\\\/#\\\/schema\\\/logo\\\/image\\\/\",\"url\":\"https:\\\/\\\/eltrabajo.cl\\\/web\\\/wp-content\\\/uploads\\\/2024\\\/06\\\/profile-image-ig-page-diarioeltrabajo.jpg\",\"contentUrl\":\"https:\\\/\\\/eltrabajo.cl\\\/web\\\/wp-content\\\/uploads\\\/2024\\\/06\\\/profile-image-ig-page-diarioeltrabajo.jpg\",\"width\":823,\"height\":823,\"caption\":\"Diario El Trabajo\"},\"image\":{\"@id\":\"https:\\\/\\\/eltrabajo.cl\\\/web\\\/#\\\/schema\\\/logo\\\/image\\\/\"},\"sameAs\":[\"https:\\\/\\\/www.facebook.com\\\/ElTrabajoDiario\",\"https:\\\/\\\/x.com\\\/diarioeltrabajo\"]},{\"@type\":\"Person\",\"@id\":\"https:\\\/\\\/eltrabajo.cl\\\/web\\\/#\\\/schema\\\/person\\\/45efd3d17f86ec456e44dd7debe1bf19\",\"name\":\"Diario El Trabajo\",\"image\":{\"@type\":\"ImageObject\",\"inLanguage\":\"es-CL\",\"@id\":\"https:\\\/\\\/secure.gravatar.com\\\/avatar\\\/7e6ec277dc4aea2677c2dc301d4227957219329c985ab69a3efc12518b5161aa?s=96&d=mm&r=g\",\"url\":\"https:\\\/\\\/secure.gravatar.com\\\/avatar\\\/7e6ec277dc4aea2677c2dc301d4227957219329c985ab69a3efc12518b5161aa?s=96&d=mm&r=g\",\"contentUrl\":\"https:\\\/\\\/secure.gravatar.com\\\/avatar\\\/7e6ec277dc4aea2677c2dc301d4227957219329c985ab69a3efc12518b5161aa?s=96&d=mm&r=g\",\"caption\":\"Diario El Trabajo\"},\"sameAs\":[\"https:\\\/\\\/eltrabajo.cl\\\/web\"],\"url\":\"https:\\\/\\\/eltrabajo.cl\\\/web\\\/author\\\/diario-el-trabajo\\\/\"}]}<\/script>\n<!-- \/ Yoast SEO plugin. -->","yoast_head_json":{"title":"Karatecas aconcag\u00fcinos compiten en mundial Youth League en M\u00e9xico - Diario El Trabajo","robots":{"index":"index","follow":"follow","max-snippet":"max-snippet:-1","max-image-preview":"max-image-preview:large","max-video-preview":"max-video-preview:-1"},"canonical":"https:\/\/eltrabajo.cl\/web\/karatecas-aconcaguinos-compiten-en-mundial-youth-league-en-mexico\/","og_locale":"es_ES","og_type":"article","og_title":"Karatecas aconcag\u00fcinos compiten en mundial Youth League en M\u00e9xico - Diario El Trabajo","og_description":"Tras largas jornadas de entrenamiento y apoyo familiar, las j\u00f3venes promesas del karate buscan sumar puntos en el ranking mundial.- Cinco j\u00f3venes karatecas del Dojo Dragones Blancos Regi\u00f3n de Valpara\u00edso, ubicado en la comuna de Llay Llay, se encuentran representando a Chile en la cuarta jornada de la Liga Juvenil Mundial Karate 1 Youth League, [&hellip;]","og_url":"https:\/\/eltrabajo.cl\/web\/karatecas-aconcaguinos-compiten-en-mundial-youth-league-en-mexico\/","og_site_name":"Diario El Trabajo","article_publisher":"https:\/\/www.facebook.com\/ElTrabajoDiario","article_published_time":"2025-08-08T00:55:36+00:00","og_image":[{"width":700,"height":496,"url":"https:\/\/eltrabajo.cl\/web\/wp-content\/uploads\/2025\/08\/karate-dragones-1.jpg","type":"image\/jpeg"}],"author":"Diario El Trabajo","twitter_card":"summary_large_image","twitter_creator":"@diarioeltrabajo","twitter_site":"@diarioeltrabajo","twitter_misc":{"Escrito por":"Diario El Trabajo","Tiempo estimado de lectura":"4 minutos"},"schema":{"@context":"https:\/\/schema.org","@graph":[{"@type":"Article","@id":"https:\/\/eltrabajo.cl\/web\/karatecas-aconcaguinos-compiten-en-mundial-youth-league-en-mexico\/#article","isPartOf":{"@id":"https:\/\/eltrabajo.cl\/web\/karatecas-aconcaguinos-compiten-en-mundial-youth-league-en-mexico\/"},"author":{"name":"Diario El Trabajo","@id":"https:\/\/eltrabajo.cl\/web\/#\/schema\/person\/45efd3d17f86ec456e44dd7debe1bf19"},"headline":"Karatecas aconcag\u00fcinos compiten en mundial Youth League en M\u00e9xico","datePublished":"2025-08-08T00:55:36+00:00","mainEntityOfPage":{"@id":"https:\/\/eltrabajo.cl\/web\/karatecas-aconcaguinos-compiten-en-mundial-youth-league-en-mexico\/"},"wordCount":604,"publisher":{"@id":"https:\/\/eltrabajo.cl\/web\/#organization"},"image":{"@id":"https:\/\/eltrabajo.cl\/web\/karatecas-aconcaguinos-compiten-en-mundial-youth-league-en-mexico\/#primaryimage"},"thumbnailUrl":"https:\/\/eltrabajo.cl\/web\/wp-content\/uploads\/2025\/08\/karate-dragones-1.jpg","articleSection":["Comunidad"],"inLanguage":"es-CL"},{"@type":"WebPage","@id":"https:\/\/eltrabajo.cl\/web\/karatecas-aconcaguinos-compiten-en-mundial-youth-league-en-mexico\/","url":"https:\/\/eltrabajo.cl\/web\/karatecas-aconcaguinos-compiten-en-mundial-youth-league-en-mexico\/","name":"Karatecas aconcag\u00fcinos compiten en mundial Youth League en M\u00e9xico - Diario El Trabajo","isPartOf":{"@id":"https:\/\/eltrabajo.cl\/web\/#website"},"primaryImageOfPage":{"@id":"https:\/\/eltrabajo.cl\/web\/karatecas-aconcaguinos-compiten-en-mundial-youth-league-en-mexico\/#primaryimage"},"image":{"@id":"https:\/\/eltrabajo.cl\/web\/karatecas-aconcaguinos-compiten-en-mundial-youth-league-en-mexico\/#primaryimage"},"thumbnailUrl":"https:\/\/eltrabajo.cl\/web\/wp-content\/uploads\/2025\/08\/karate-dragones-1.jpg","datePublished":"2025-08-08T00:55:36+00:00","breadcrumb":{"@id":"https:\/\/eltrabajo.cl\/web\/karatecas-aconcaguinos-compiten-en-mundial-youth-league-en-mexico\/#breadcrumb"},"inLanguage":"es-CL","potentialAction":[{"@type":"ReadAction","target":["https:\/\/eltrabajo.cl\/web\/karatecas-aconcaguinos-compiten-en-mundial-youth-league-en-mexico\/"]}]},{"@type":"ImageObject","inLanguage":"es-CL","@id":"https:\/\/eltrabajo.cl\/web\/karatecas-aconcaguinos-compiten-en-mundial-youth-league-en-mexico\/#primaryimage","url":"https:\/\/eltrabajo.cl\/web\/wp-content\/uploads\/2025\/08\/karate-dragones-1.jpg","contentUrl":"https:\/\/eltrabajo.cl\/web\/wp-content\/uploads\/2025\/08\/karate-dragones-1.jpg","width":700,"height":496,"caption":"Las j\u00f3venes promesas del karate de nuestra zona, junto a su sensei Juan Oyaneder."},{"@type":"BreadcrumbList","@id":"https:\/\/eltrabajo.cl\/web\/karatecas-aconcaguinos-compiten-en-mundial-youth-league-en-mexico\/#breadcrumb","itemListElement":[{"@type":"ListItem","position":1,"name":"Portada","item":"https:\/\/eltrabajo.cl\/web\/"},{"@type":"ListItem","position":2,"name":"Karatecas aconcag\u00fcinos compiten en mundial Youth League en M\u00e9xico"}]},{"@type":"WebSite","@id":"https:\/\/eltrabajo.cl\/web\/#website","url":"https:\/\/eltrabajo.cl\/web\/","name":"Diario El Trabajo","description":"Desde 1929 construyendo Identidad Local","publisher":{"@id":"https:\/\/eltrabajo.cl\/web\/#organization"},"potentialAction":[{"@type":"SearchAction","target":{"@type":"EntryPoint","urlTemplate":"https:\/\/eltrabajo.cl\/web\/?s={search_term_string}"},"query-input":{"@type":"PropertyValueSpecification","valueRequired":true,"valueName":"search_term_string"}}],"inLanguage":"es-CL"},{"@type":"Organization","@id":"https:\/\/eltrabajo.cl\/web\/#organization","name":"Diario El Trabajo","url":"https:\/\/eltrabajo.cl\/web\/","logo":{"@type":"ImageObject","inLanguage":"es-CL","@id":"https:\/\/eltrabajo.cl\/web\/#\/schema\/logo\/image\/","url":"https:\/\/eltrabajo.cl\/web\/wp-content\/uploads\/2024\/06\/profile-image-ig-page-diarioeltrabajo.jpg","contentUrl":"https:\/\/eltrabajo.cl\/web\/wp-content\/uploads\/2024\/06\/profile-image-ig-page-diarioeltrabajo.jpg","width":823,"height":823,"caption":"Diario El Trabajo"},"image":{"@id":"https:\/\/eltrabajo.cl\/web\/#\/schema\/logo\/image\/"},"sameAs":["https:\/\/www.facebook.com\/ElTrabajoDiario","https:\/\/x.com\/diarioeltrabajo"]},{"@type":"Person","@id":"https:\/\/eltrabajo.cl\/web\/#\/schema\/person\/45efd3d17f86ec456e44dd7debe1bf19","name":"Diario El Trabajo","image":{"@type":"ImageObject","inLanguage":"es-CL","@id":"https:\/\/secure.gravatar.com\/avatar\/7e6ec277dc4aea2677c2dc301d4227957219329c985ab69a3efc12518b5161aa?s=96&d=mm&r=g","url":"https:\/\/secure.gravatar.com\/avatar\/7e6ec277dc4aea2677c2dc301d4227957219329c985ab69a3efc12518b5161aa?s=96&d=mm&r=g","contentUrl":"https:\/\/secure.gravatar.com\/avatar\/7e6ec277dc4aea2677c2dc301d4227957219329c985ab69a3efc12518b5161aa?s=96&d=mm&r=g","caption":"Diario El Trabajo"},"sameAs":["https:\/\/eltrabajo.cl\/web"],"url":"https:\/\/eltrabajo.cl\/web\/author\/diario-el-trabajo\/"}]}},"_links":{"self":[{"href":"https:\/\/eltrabajo.cl\/web\/wp-json\/wp\/v2\/posts\/139126","targetHints":{"allow":["GET"]}}],"collection":[{"href":"https:\/\/eltrabajo.cl\/web\/wp-json\/wp\/v2\/posts"}],"about":[{"href":"https:\/\/eltrabajo.cl\/web\/wp-json\/wp\/v2\/types\/post"}],"author":[{"embeddable":true,"href":"https:\/\/eltrabajo.cl\/web\/wp-json\/wp\/v2\/users\/1"}],"replies":[{"embeddable":true,"href":"https:\/\/eltrabajo.cl\/web\/wp-json\/wp\/v2\/comments?post=139126"}],"version-history":[{"count":1,"href":"https:\/\/eltrabajo.cl\/web\/wp-json\/wp\/v2\/posts\/139126\/revisions"}],"predecessor-version":[{"id":139129,"href":"https:\/\/eltrabajo.cl\/web\/wp-json\/wp\/v2\/posts\/139126\/revisions\/139129"}],"wp:featuredmedia":[{"embeddable":true,"href":"https:\/\/eltrabajo.cl\/web\/wp-json\/wp\/v2\/media\/139128"}],"wp:attachment":[{"href":"https:\/\/eltrabajo.cl\/web\/wp-json\/wp\/v2\/media?parent=139126"}],"wp:term":[{"taxonomy":"category","embeddable":true,"href":"https:\/\/eltrabajo.cl\/web\/wp-json\/wp\/v2\/categories?post=139126"},{"taxonomy":"post_tag","embeddable":true,"href":"https:\/\/eltrabajo.cl\/web\/wp-json\/wp\/v2\/tags?post=139126"}],"curies":[{"name":"wp","href":"https:\/\/api.w.org\/{rel}","templated":true}]}}