{"id":140577,"date":"2025-10-16T20:49:29","date_gmt":"2025-10-16T23:49:29","guid":{"rendered":"https:\/\/eltrabajo.cl\/web\/?p=140577"},"modified":"2025-10-16T20:49:29","modified_gmt":"2025-10-16T23:49:29","slug":"cocinerias-ilegales-pan-de-cada-dia-en-avenida-diego-de-almagro","status":"publish","type":"post","link":"https:\/\/eltrabajo.cl\/web\/cocinerias-ilegales-pan-de-cada-dia-en-avenida-diego-de-almagro\/","title":{"rendered":"Cociner\u00edas ilegales: &#8216;Pan de cada d\u00eda&#8217; en Avenida Diego de Almagro"},"content":{"rendered":"<ul>\n<li><strong>Siete decomisos en labor por parte de Carabineros, Delegaci\u00f3n Provincial y municipio.\u2013<\/strong><\/li>\n<\/ul>\n<p>La ma\u00f1ana del jueves se realiz\u00f3 un importante operativo de fiscalizaci\u00f3n y control en el sector de Avenida Diego de Almagro en San Felipe. Punto neur\u00e1lgico durante las primeras horas del d\u00eda, dado que desde ese lugar salen decenas de veh\u00edculos que transportan trabajadores, por lo cual, y asociado a este acto, se instalan decenas de cociner\u00edas ilegales a vender alimentos.<\/p>\n<p>El tema ha generado una serie de problemas e incivilidades que han sido denunciados por los vecinos y vecinas; es por esto, que estos operativos se han realizado en ocasiones anteriores. Sin embargo, luego de un tiempo, se vuelven a instalar, generando casi un c\u00edrculo vicioso entre la instalaci\u00f3n y la fiscalizaci\u00f3n.<\/p>\n<p>En esta oportunidad, se logr\u00f3 el decomiso de siete cociner\u00edas ilegales en el sector, y al respecto, el subcomisario de Carabineros, capit\u00e1n <strong>Manuel Sep\u00falveda<\/strong>, se\u00f1al\u00f3 que <em>\u00abCarabineros de Chile en un trabajo colaborativo con la Ilustre Municipalidad de San Felipe m\u00e1s de la Delegaci\u00f3n Presidencial Provincial, en raz\u00f3n a una serie de incivilidades que la gente hab\u00eda denunciado previamente<\/em> (\u2026) <em>Nos trasladamos hasta un sector determinado de esta comuna con la finalidad de fiscalizar principalmente lo que es el comercio ilegal y algunas cociner\u00edas ilegales. Raz\u00f3n importante para proceder a una fiscalizaci\u00f3n conjunta\u00bb<\/em>, estableci\u00f3.<\/p>\n<p>En este contexto, el capit\u00e1n Sep\u00falveda detall\u00f3 que se logr\u00f3 el decomiso de un n\u00famero importante de cociner\u00edas ilegales en el lugar. <em>\u00abDe aquella fiscalizaci\u00f3n se tuvo como resultado siete incautaciones de diferentes tipos, por no contar con ninguna regularizaci\u00f3n para la venta\u00bb<\/em>.<\/p>\n<p>Junto con esto, el subcomisario asegur\u00f3 que se continuar\u00e1n desarrollando estos operativos de fiscalizaci\u00f3n en el lugar. <em>\u00abPor cuanto, Carabineros a disposici\u00f3n de la comunidad, va a seguir trabajando en este trabajo colaborativo para el orden p\u00fablico y mantener el control de estas situaciones ilegales e incivilidades que provocan da\u00f1o a la sociedad en general\u00bb<\/em>, precis\u00f3.<\/p>\n<p>Por su parte, el delegado presidencial provincial de San Felipe de Aconcagua, <strong>Daniel Mu\u00f1oz Pereira<\/strong>, coment\u00f3 que este trabajo tuvo por finalidad brindar mayor seguridad a los vecinos y vecinas del sector.<\/p>\n<p>\u00ab<em>El d\u00eda de hoy, muy temprano junto a personal de Carabineros de Chile y la Municipalidad de San Felipe, se ha realizado un operativo importante de decomiso y controles en el sector de la Avenida Diego de Almagro en la misma comuna. Es importante se\u00f1alar que este tipo de operativos coordinados entre los servicios p\u00fablicos busca dar mayor seguridad y tranquilidad a los vecinos de este sector\u00bb<\/em>, expres\u00f3.<\/p>\n<p>Asimismo, la alcaldesa <strong>Carmen Castillo<\/strong>, valor\u00f3 esta labor en conjunto entre los diversos organismos p\u00fablicos. <em>\u00abAgradecer a la Delegaci\u00f3n Provincial de San Felipe por esta coordinaci\u00f3n que se ha hecho con Carabineros y nuestros fiscalizadores, con un decomiso importante de carros de alimentos. Esto en el \u00e1rea de Diego de Almagro, que nos produce problemas para toda la comunidad\u00bb<\/em>.<\/p>\n<p>En esta misma l\u00ednea, la edil asegur\u00f3 que estos operativos continuar\u00e1n desarroll\u00e1ndose en el sector. <em>\u00abEsto se va a mantener en forma constante, esperamos que la comunidad nos pueda ayudar, que es lo que vimos, reacciones de todo tipo, pero aqu\u00ed la calidad es muy importante en cuanto a la venta de estos alimentos\u00bb<\/em>, enfatiz\u00f3.<\/p>\n<p>Finalmente, Castillo hizo hincapi\u00e9 en las condiciones en las que estos alimentos eran vendidos, los que no cumpl\u00edan con las normas sanitarias correspondientes. <em>\u00abEstamos muy preocupados por el hecho de que las condiciones de c\u00f3mo se est\u00e1n preparando son inseguras, y adem\u00e1s, se producen incivilidades que, por supuesto, Carabineros tambi\u00e9n tiene que enfrentar junto con todo lo que significa el equipo que lo respalda. Vamos a continuar con todo el apoyo del municipio en estas acciones\u00bb<\/em>, cerr\u00f3.<\/p>\n<p>De este operativo no hubo personas detenidas, solo el decomiso de las cociner\u00edas antes se\u00f1aladas.<\/p>\n<figure id=\"attachment_140580\" aria-describedby=\"caption-attachment-140580\" style=\"width: 699px\" class=\"wp-caption alignnone\"><img loading=\"lazy\" decoding=\"async\" class=\"size-full wp-image-140580\" src=\"https:\/\/eltrabajo.cl\/web\/wp-content\/uploads\/2025\/10\/decomisan-cocinerias-1.jpg\" alt=\"Carabineros fiscaliz\u00f3 decenas de cociner\u00edas ilegales en calle Diego de Almagro.\" width=\"699\" height=\"343\" srcset=\"https:\/\/eltrabajo.cl\/web\/wp-content\/uploads\/2025\/10\/decomisan-cocinerias-1.jpg 699w, https:\/\/eltrabajo.cl\/web\/wp-content\/uploads\/2025\/10\/decomisan-cocinerias-1-300x147.jpg 300w, https:\/\/eltrabajo.cl\/web\/wp-content\/uploads\/2025\/10\/decomisan-cocinerias-1-150x74.jpg 150w, https:\/\/eltrabajo.cl\/web\/wp-content\/uploads\/2025\/10\/decomisan-cocinerias-1-696x342.jpg 696w\" sizes=\"auto, (max-width: 699px) 100vw, 699px\" \/><figcaption id=\"caption-attachment-140580\" class=\"wp-caption-text\">Carabineros fiscaliz\u00f3 decenas de cociner\u00edas ilegales en calle Diego de Almagro.<\/figcaption><\/figure>\n<figure id=\"attachment_140578\" aria-describedby=\"caption-attachment-140578\" style=\"width: 698px\" class=\"wp-caption alignnone\"><img loading=\"lazy\" decoding=\"async\" class=\"size-full wp-image-140578\" src=\"https:\/\/eltrabajo.cl\/web\/wp-content\/uploads\/2025\/10\/decomisan-cocinerias-3.jpg\" alt=\"Fiscalizadores municipales tambi\u00e9n se hicieron parte en el sector. \" width=\"698\" height=\"370\" srcset=\"https:\/\/eltrabajo.cl\/web\/wp-content\/uploads\/2025\/10\/decomisan-cocinerias-3.jpg 698w, https:\/\/eltrabajo.cl\/web\/wp-content\/uploads\/2025\/10\/decomisan-cocinerias-3-300x159.jpg 300w, https:\/\/eltrabajo.cl\/web\/wp-content\/uploads\/2025\/10\/decomisan-cocinerias-3-150x80.jpg 150w, https:\/\/eltrabajo.cl\/web\/wp-content\/uploads\/2025\/10\/decomisan-cocinerias-3-696x369.jpg 696w\" sizes=\"auto, (max-width: 698px) 100vw, 698px\" \/><figcaption id=\"caption-attachment-140578\" class=\"wp-caption-text\">Fiscalizadores municipales tambi\u00e9n se hicieron parte en el sector.<\/figcaption><\/figure>\n<figure id=\"attachment_140579\" aria-describedby=\"caption-attachment-140579\" style=\"width: 698px\" class=\"wp-caption alignnone\"><img loading=\"lazy\" decoding=\"async\" class=\"size-full wp-image-140579\" src=\"https:\/\/eltrabajo.cl\/web\/wp-content\/uploads\/2025\/10\/decomisan-cocinerias-4.jpg\" alt=\"Efectivos policiales se desplegaron desde temprano en el lugar. \" width=\"698\" height=\"379\" srcset=\"https:\/\/eltrabajo.cl\/web\/wp-content\/uploads\/2025\/10\/decomisan-cocinerias-4.jpg 698w, https:\/\/eltrabajo.cl\/web\/wp-content\/uploads\/2025\/10\/decomisan-cocinerias-4-300x163.jpg 300w, https:\/\/eltrabajo.cl\/web\/wp-content\/uploads\/2025\/10\/decomisan-cocinerias-4-150x81.jpg 150w, https:\/\/eltrabajo.cl\/web\/wp-content\/uploads\/2025\/10\/decomisan-cocinerias-4-696x378.jpg 696w\" sizes=\"auto, (max-width: 698px) 100vw, 698px\" \/><figcaption id=\"caption-attachment-140579\" class=\"wp-caption-text\">Efectivos policiales se desplegaron desde temprano en el lugar.<\/figcaption><\/figure>\n","protected":false},"excerpt":{"rendered":"<p>Siete decomisos en labor por parte de Carabineros, Delegaci\u00f3n Provincial y municipio.\u2013 La ma\u00f1ana del jueves se realiz\u00f3 un importante operativo de fiscalizaci\u00f3n y control en el sector de Avenida Diego de Almagro en San Felipe. Punto neur\u00e1lgico durante las primeras horas del d\u00eda, dado que desde ese lugar salen decenas de veh\u00edculos que transportan [&hellip;]<\/p>\n","protected":false},"author":1,"featured_media":140579,"comment_status":"closed","ping_status":"closed","sticky":false,"template":"","format":"standard","meta":{"footnotes":""},"categories":[5],"tags":[],"class_list":{"0":"post-140577","1":"post","2":"type-post","3":"status-publish","4":"format-standard","5":"has-post-thumbnail","7":"category-policial"},"yoast_head":"<!-- This site is optimized with the Yoast SEO plugin v27.5 - https:\/\/yoast.com\/product\/yoast-seo-wordpress\/ -->\n<title>Cociner\u00edas ilegales: &#039;Pan de cada d\u00eda&#039; en Avenida Diego de Almagro - Diario El Trabajo<\/title>\n<meta name=\"robots\" content=\"index, follow, max-snippet:-1, max-image-preview:large, max-video-preview:-1\" \/>\n<link rel=\"canonical\" href=\"https:\/\/eltrabajo.cl\/web\/cocinerias-ilegales-pan-de-cada-dia-en-avenida-diego-de-almagro\/\" \/>\n<meta property=\"og:locale\" content=\"es_ES\" \/>\n<meta property=\"og:type\" content=\"article\" \/>\n<meta property=\"og:title\" content=\"Cociner\u00edas ilegales: &#039;Pan de cada d\u00eda&#039; en Avenida Diego de Almagro - Diario El Trabajo\" \/>\n<meta property=\"og:description\" content=\"Siete decomisos en labor por parte de Carabineros, Delegaci\u00f3n Provincial y municipio.\u2013 La ma\u00f1ana del jueves se realiz\u00f3 un importante operativo de fiscalizaci\u00f3n y control en el sector de Avenida Diego de Almagro en San Felipe. Punto neur\u00e1lgico durante las primeras horas del d\u00eda, dado que desde ese lugar salen decenas de veh\u00edculos que transportan [&hellip;]\" \/>\n<meta property=\"og:url\" content=\"https:\/\/eltrabajo.cl\/web\/cocinerias-ilegales-pan-de-cada-dia-en-avenida-diego-de-almagro\/\" \/>\n<meta property=\"og:site_name\" content=\"Diario El Trabajo\" \/>\n<meta property=\"article:publisher\" content=\"https:\/\/www.facebook.com\/ElTrabajoDiario\" \/>\n<meta property=\"article:published_time\" content=\"2025-10-16T23:49:29+00:00\" \/>\n<meta property=\"og:image\" content=\"https:\/\/eltrabajo.cl\/web\/wp-content\/uploads\/2025\/10\/decomisan-cocinerias-4.jpg\" \/>\n\t<meta property=\"og:image:width\" content=\"698\" \/>\n\t<meta property=\"og:image:height\" content=\"379\" \/>\n\t<meta property=\"og:image:type\" content=\"image\/jpeg\" \/>\n<meta name=\"author\" content=\"Diario El Trabajo\" \/>\n<meta name=\"twitter:card\" content=\"summary_large_image\" \/>\n<meta name=\"twitter:creator\" content=\"@diarioeltrabajo\" \/>\n<meta name=\"twitter:site\" content=\"@diarioeltrabajo\" \/>\n<meta name=\"twitter:label1\" content=\"Escrito por\" \/>\n\t<meta name=\"twitter:data1\" content=\"Diario El Trabajo\" \/>\n\t<meta name=\"twitter:label2\" content=\"Tiempo estimado de lectura\" \/>\n\t<meta name=\"twitter:data2\" content=\"4 minutos\" \/>\n<script type=\"application\/ld+json\" class=\"yoast-schema-graph\">{\"@context\":\"https:\\\/\\\/schema.org\",\"@graph\":[{\"@type\":\"Article\",\"@id\":\"https:\\\/\\\/eltrabajo.cl\\\/web\\\/cocinerias-ilegales-pan-de-cada-dia-en-avenida-diego-de-almagro\\\/#article\",\"isPartOf\":{\"@id\":\"https:\\\/\\\/eltrabajo.cl\\\/web\\\/cocinerias-ilegales-pan-de-cada-dia-en-avenida-diego-de-almagro\\\/\"},\"author\":{\"name\":\"Diario El Trabajo\",\"@id\":\"https:\\\/\\\/eltrabajo.cl\\\/web\\\/#\\\/schema\\\/person\\\/45efd3d17f86ec456e44dd7debe1bf19\"},\"headline\":\"Cociner\u00edas ilegales: &#8216;Pan de cada d\u00eda&#8217; en Avenida Diego de Almagro\",\"datePublished\":\"2025-10-16T23:49:29+00:00\",\"mainEntityOfPage\":{\"@id\":\"https:\\\/\\\/eltrabajo.cl\\\/web\\\/cocinerias-ilegales-pan-de-cada-dia-en-avenida-diego-de-almagro\\\/\"},\"wordCount\":737,\"publisher\":{\"@id\":\"https:\\\/\\\/eltrabajo.cl\\\/web\\\/#organization\"},\"image\":{\"@id\":\"https:\\\/\\\/eltrabajo.cl\\\/web\\\/cocinerias-ilegales-pan-de-cada-dia-en-avenida-diego-de-almagro\\\/#primaryimage\"},\"thumbnailUrl\":\"https:\\\/\\\/eltrabajo.cl\\\/web\\\/wp-content\\\/uploads\\\/2025\\\/10\\\/decomisan-cocinerias-4.jpg\",\"articleSection\":[\"Policial\"],\"inLanguage\":\"es-CL\"},{\"@type\":\"WebPage\",\"@id\":\"https:\\\/\\\/eltrabajo.cl\\\/web\\\/cocinerias-ilegales-pan-de-cada-dia-en-avenida-diego-de-almagro\\\/\",\"url\":\"https:\\\/\\\/eltrabajo.cl\\\/web\\\/cocinerias-ilegales-pan-de-cada-dia-en-avenida-diego-de-almagro\\\/\",\"name\":\"Cociner\u00edas ilegales: 'Pan de cada d\u00eda' en Avenida Diego de Almagro - Diario El Trabajo\",\"isPartOf\":{\"@id\":\"https:\\\/\\\/eltrabajo.cl\\\/web\\\/#website\"},\"primaryImageOfPage\":{\"@id\":\"https:\\\/\\\/eltrabajo.cl\\\/web\\\/cocinerias-ilegales-pan-de-cada-dia-en-avenida-diego-de-almagro\\\/#primaryimage\"},\"image\":{\"@id\":\"https:\\\/\\\/eltrabajo.cl\\\/web\\\/cocinerias-ilegales-pan-de-cada-dia-en-avenida-diego-de-almagro\\\/#primaryimage\"},\"thumbnailUrl\":\"https:\\\/\\\/eltrabajo.cl\\\/web\\\/wp-content\\\/uploads\\\/2025\\\/10\\\/decomisan-cocinerias-4.jpg\",\"datePublished\":\"2025-10-16T23:49:29+00:00\",\"breadcrumb\":{\"@id\":\"https:\\\/\\\/eltrabajo.cl\\\/web\\\/cocinerias-ilegales-pan-de-cada-dia-en-avenida-diego-de-almagro\\\/#breadcrumb\"},\"inLanguage\":\"es-CL\",\"potentialAction\":[{\"@type\":\"ReadAction\",\"target\":[\"https:\\\/\\\/eltrabajo.cl\\\/web\\\/cocinerias-ilegales-pan-de-cada-dia-en-avenida-diego-de-almagro\\\/\"]}]},{\"@type\":\"ImageObject\",\"inLanguage\":\"es-CL\",\"@id\":\"https:\\\/\\\/eltrabajo.cl\\\/web\\\/cocinerias-ilegales-pan-de-cada-dia-en-avenida-diego-de-almagro\\\/#primaryimage\",\"url\":\"https:\\\/\\\/eltrabajo.cl\\\/web\\\/wp-content\\\/uploads\\\/2025\\\/10\\\/decomisan-cocinerias-4.jpg\",\"contentUrl\":\"https:\\\/\\\/eltrabajo.cl\\\/web\\\/wp-content\\\/uploads\\\/2025\\\/10\\\/decomisan-cocinerias-4.jpg\",\"width\":698,\"height\":379,\"caption\":\"Efectivos policiales se desplegaron desde temprano en el lugar.\"},{\"@type\":\"BreadcrumbList\",\"@id\":\"https:\\\/\\\/eltrabajo.cl\\\/web\\\/cocinerias-ilegales-pan-de-cada-dia-en-avenida-diego-de-almagro\\\/#breadcrumb\",\"itemListElement\":[{\"@type\":\"ListItem\",\"position\":1,\"name\":\"Portada\",\"item\":\"https:\\\/\\\/eltrabajo.cl\\\/web\\\/\"},{\"@type\":\"ListItem\",\"position\":2,\"name\":\"Cociner\u00edas ilegales: &#8216;Pan de cada d\u00eda&#8217; en Avenida Diego de Almagro\"}]},{\"@type\":\"WebSite\",\"@id\":\"https:\\\/\\\/eltrabajo.cl\\\/web\\\/#website\",\"url\":\"https:\\\/\\\/eltrabajo.cl\\\/web\\\/\",\"name\":\"Diario El Trabajo\",\"description\":\"Desde 1929 construyendo Identidad Local\",\"publisher\":{\"@id\":\"https:\\\/\\\/eltrabajo.cl\\\/web\\\/#organization\"},\"potentialAction\":[{\"@type\":\"SearchAction\",\"target\":{\"@type\":\"EntryPoint\",\"urlTemplate\":\"https:\\\/\\\/eltrabajo.cl\\\/web\\\/?s={search_term_string}\"},\"query-input\":{\"@type\":\"PropertyValueSpecification\",\"valueRequired\":true,\"valueName\":\"search_term_string\"}}],\"inLanguage\":\"es-CL\"},{\"@type\":\"Organization\",\"@id\":\"https:\\\/\\\/eltrabajo.cl\\\/web\\\/#organization\",\"name\":\"Diario El Trabajo\",\"url\":\"https:\\\/\\\/eltrabajo.cl\\\/web\\\/\",\"logo\":{\"@type\":\"ImageObject\",\"inLanguage\":\"es-CL\",\"@id\":\"https:\\\/\\\/eltrabajo.cl\\\/web\\\/#\\\/schema\\\/logo\\\/image\\\/\",\"url\":\"https:\\\/\\\/eltrabajo.cl\\\/web\\\/wp-content\\\/uploads\\\/2024\\\/06\\\/profile-image-ig-page-diarioeltrabajo.jpg\",\"contentUrl\":\"https:\\\/\\\/eltrabajo.cl\\\/web\\\/wp-content\\\/uploads\\\/2024\\\/06\\\/profile-image-ig-page-diarioeltrabajo.jpg\",\"width\":823,\"height\":823,\"caption\":\"Diario El Trabajo\"},\"image\":{\"@id\":\"https:\\\/\\\/eltrabajo.cl\\\/web\\\/#\\\/schema\\\/logo\\\/image\\\/\"},\"sameAs\":[\"https:\\\/\\\/www.facebook.com\\\/ElTrabajoDiario\",\"https:\\\/\\\/x.com\\\/diarioeltrabajo\"]},{\"@type\":\"Person\",\"@id\":\"https:\\\/\\\/eltrabajo.cl\\\/web\\\/#\\\/schema\\\/person\\\/45efd3d17f86ec456e44dd7debe1bf19\",\"name\":\"Diario El Trabajo\",\"image\":{\"@type\":\"ImageObject\",\"inLanguage\":\"es-CL\",\"@id\":\"https:\\\/\\\/secure.gravatar.com\\\/avatar\\\/7e6ec277dc4aea2677c2dc301d4227957219329c985ab69a3efc12518b5161aa?s=96&d=mm&r=g\",\"url\":\"https:\\\/\\\/secure.gravatar.com\\\/avatar\\\/7e6ec277dc4aea2677c2dc301d4227957219329c985ab69a3efc12518b5161aa?s=96&d=mm&r=g\",\"contentUrl\":\"https:\\\/\\\/secure.gravatar.com\\\/avatar\\\/7e6ec277dc4aea2677c2dc301d4227957219329c985ab69a3efc12518b5161aa?s=96&d=mm&r=g\",\"caption\":\"Diario El Trabajo\"},\"sameAs\":[\"https:\\\/\\\/eltrabajo.cl\\\/web\"],\"url\":\"https:\\\/\\\/eltrabajo.cl\\\/web\\\/author\\\/diario-el-trabajo\\\/\"}]}<\/script>\n<!-- \/ Yoast SEO plugin. -->","yoast_head_json":{"title":"Cociner\u00edas ilegales: 'Pan de cada d\u00eda' en Avenida Diego de Almagro - Diario El Trabajo","robots":{"index":"index","follow":"follow","max-snippet":"max-snippet:-1","max-image-preview":"max-image-preview:large","max-video-preview":"max-video-preview:-1"},"canonical":"https:\/\/eltrabajo.cl\/web\/cocinerias-ilegales-pan-de-cada-dia-en-avenida-diego-de-almagro\/","og_locale":"es_ES","og_type":"article","og_title":"Cociner\u00edas ilegales: 'Pan de cada d\u00eda' en Avenida Diego de Almagro - Diario El Trabajo","og_description":"Siete decomisos en labor por parte de Carabineros, Delegaci\u00f3n Provincial y municipio.\u2013 La ma\u00f1ana del jueves se realiz\u00f3 un importante operativo de fiscalizaci\u00f3n y control en el sector de Avenida Diego de Almagro en San Felipe. Punto neur\u00e1lgico durante las primeras horas del d\u00eda, dado que desde ese lugar salen decenas de veh\u00edculos que transportan [&hellip;]","og_url":"https:\/\/eltrabajo.cl\/web\/cocinerias-ilegales-pan-de-cada-dia-en-avenida-diego-de-almagro\/","og_site_name":"Diario El Trabajo","article_publisher":"https:\/\/www.facebook.com\/ElTrabajoDiario","article_published_time":"2025-10-16T23:49:29+00:00","og_image":[{"width":698,"height":379,"url":"https:\/\/eltrabajo.cl\/web\/wp-content\/uploads\/2025\/10\/decomisan-cocinerias-4.jpg","type":"image\/jpeg"}],"author":"Diario El Trabajo","twitter_card":"summary_large_image","twitter_creator":"@diarioeltrabajo","twitter_site":"@diarioeltrabajo","twitter_misc":{"Escrito por":"Diario El Trabajo","Tiempo estimado de lectura":"4 minutos"},"schema":{"@context":"https:\/\/schema.org","@graph":[{"@type":"Article","@id":"https:\/\/eltrabajo.cl\/web\/cocinerias-ilegales-pan-de-cada-dia-en-avenida-diego-de-almagro\/#article","isPartOf":{"@id":"https:\/\/eltrabajo.cl\/web\/cocinerias-ilegales-pan-de-cada-dia-en-avenida-diego-de-almagro\/"},"author":{"name":"Diario El Trabajo","@id":"https:\/\/eltrabajo.cl\/web\/#\/schema\/person\/45efd3d17f86ec456e44dd7debe1bf19"},"headline":"Cociner\u00edas ilegales: &#8216;Pan de cada d\u00eda&#8217; en Avenida Diego de Almagro","datePublished":"2025-10-16T23:49:29+00:00","mainEntityOfPage":{"@id":"https:\/\/eltrabajo.cl\/web\/cocinerias-ilegales-pan-de-cada-dia-en-avenida-diego-de-almagro\/"},"wordCount":737,"publisher":{"@id":"https:\/\/eltrabajo.cl\/web\/#organization"},"image":{"@id":"https:\/\/eltrabajo.cl\/web\/cocinerias-ilegales-pan-de-cada-dia-en-avenida-diego-de-almagro\/#primaryimage"},"thumbnailUrl":"https:\/\/eltrabajo.cl\/web\/wp-content\/uploads\/2025\/10\/decomisan-cocinerias-4.jpg","articleSection":["Policial"],"inLanguage":"es-CL"},{"@type":"WebPage","@id":"https:\/\/eltrabajo.cl\/web\/cocinerias-ilegales-pan-de-cada-dia-en-avenida-diego-de-almagro\/","url":"https:\/\/eltrabajo.cl\/web\/cocinerias-ilegales-pan-de-cada-dia-en-avenida-diego-de-almagro\/","name":"Cociner\u00edas ilegales: 'Pan de cada d\u00eda' en Avenida Diego de Almagro - Diario El Trabajo","isPartOf":{"@id":"https:\/\/eltrabajo.cl\/web\/#website"},"primaryImageOfPage":{"@id":"https:\/\/eltrabajo.cl\/web\/cocinerias-ilegales-pan-de-cada-dia-en-avenida-diego-de-almagro\/#primaryimage"},"image":{"@id":"https:\/\/eltrabajo.cl\/web\/cocinerias-ilegales-pan-de-cada-dia-en-avenida-diego-de-almagro\/#primaryimage"},"thumbnailUrl":"https:\/\/eltrabajo.cl\/web\/wp-content\/uploads\/2025\/10\/decomisan-cocinerias-4.jpg","datePublished":"2025-10-16T23:49:29+00:00","breadcrumb":{"@id":"https:\/\/eltrabajo.cl\/web\/cocinerias-ilegales-pan-de-cada-dia-en-avenida-diego-de-almagro\/#breadcrumb"},"inLanguage":"es-CL","potentialAction":[{"@type":"ReadAction","target":["https:\/\/eltrabajo.cl\/web\/cocinerias-ilegales-pan-de-cada-dia-en-avenida-diego-de-almagro\/"]}]},{"@type":"ImageObject","inLanguage":"es-CL","@id":"https:\/\/eltrabajo.cl\/web\/cocinerias-ilegales-pan-de-cada-dia-en-avenida-diego-de-almagro\/#primaryimage","url":"https:\/\/eltrabajo.cl\/web\/wp-content\/uploads\/2025\/10\/decomisan-cocinerias-4.jpg","contentUrl":"https:\/\/eltrabajo.cl\/web\/wp-content\/uploads\/2025\/10\/decomisan-cocinerias-4.jpg","width":698,"height":379,"caption":"Efectivos policiales se desplegaron desde temprano en el lugar."},{"@type":"BreadcrumbList","@id":"https:\/\/eltrabajo.cl\/web\/cocinerias-ilegales-pan-de-cada-dia-en-avenida-diego-de-almagro\/#breadcrumb","itemListElement":[{"@type":"ListItem","position":1,"name":"Portada","item":"https:\/\/eltrabajo.cl\/web\/"},{"@type":"ListItem","position":2,"name":"Cociner\u00edas ilegales: &#8216;Pan de cada d\u00eda&#8217; en Avenida Diego de Almagro"}]},{"@type":"WebSite","@id":"https:\/\/eltrabajo.cl\/web\/#website","url":"https:\/\/eltrabajo.cl\/web\/","name":"Diario El Trabajo","description":"Desde 1929 construyendo Identidad Local","publisher":{"@id":"https:\/\/eltrabajo.cl\/web\/#organization"},"potentialAction":[{"@type":"SearchAction","target":{"@type":"EntryPoint","urlTemplate":"https:\/\/eltrabajo.cl\/web\/?s={search_term_string}"},"query-input":{"@type":"PropertyValueSpecification","valueRequired":true,"valueName":"search_term_string"}}],"inLanguage":"es-CL"},{"@type":"Organization","@id":"https:\/\/eltrabajo.cl\/web\/#organization","name":"Diario El Trabajo","url":"https:\/\/eltrabajo.cl\/web\/","logo":{"@type":"ImageObject","inLanguage":"es-CL","@id":"https:\/\/eltrabajo.cl\/web\/#\/schema\/logo\/image\/","url":"https:\/\/eltrabajo.cl\/web\/wp-content\/uploads\/2024\/06\/profile-image-ig-page-diarioeltrabajo.jpg","contentUrl":"https:\/\/eltrabajo.cl\/web\/wp-content\/uploads\/2024\/06\/profile-image-ig-page-diarioeltrabajo.jpg","width":823,"height":823,"caption":"Diario El Trabajo"},"image":{"@id":"https:\/\/eltrabajo.cl\/web\/#\/schema\/logo\/image\/"},"sameAs":["https:\/\/www.facebook.com\/ElTrabajoDiario","https:\/\/x.com\/diarioeltrabajo"]},{"@type":"Person","@id":"https:\/\/eltrabajo.cl\/web\/#\/schema\/person\/45efd3d17f86ec456e44dd7debe1bf19","name":"Diario El Trabajo","image":{"@type":"ImageObject","inLanguage":"es-CL","@id":"https:\/\/secure.gravatar.com\/avatar\/7e6ec277dc4aea2677c2dc301d4227957219329c985ab69a3efc12518b5161aa?s=96&d=mm&r=g","url":"https:\/\/secure.gravatar.com\/avatar\/7e6ec277dc4aea2677c2dc301d4227957219329c985ab69a3efc12518b5161aa?s=96&d=mm&r=g","contentUrl":"https:\/\/secure.gravatar.com\/avatar\/7e6ec277dc4aea2677c2dc301d4227957219329c985ab69a3efc12518b5161aa?s=96&d=mm&r=g","caption":"Diario El Trabajo"},"sameAs":["https:\/\/eltrabajo.cl\/web"],"url":"https:\/\/eltrabajo.cl\/web\/author\/diario-el-trabajo\/"}]}},"_links":{"self":[{"href":"https:\/\/eltrabajo.cl\/web\/wp-json\/wp\/v2\/posts\/140577","targetHints":{"allow":["GET"]}}],"collection":[{"href":"https:\/\/eltrabajo.cl\/web\/wp-json\/wp\/v2\/posts"}],"about":[{"href":"https:\/\/eltrabajo.cl\/web\/wp-json\/wp\/v2\/types\/post"}],"author":[{"embeddable":true,"href":"https:\/\/eltrabajo.cl\/web\/wp-json\/wp\/v2\/users\/1"}],"replies":[{"embeddable":true,"href":"https:\/\/eltrabajo.cl\/web\/wp-json\/wp\/v2\/comments?post=140577"}],"version-history":[{"count":1,"href":"https:\/\/eltrabajo.cl\/web\/wp-json\/wp\/v2\/posts\/140577\/revisions"}],"predecessor-version":[{"id":140582,"href":"https:\/\/eltrabajo.cl\/web\/wp-json\/wp\/v2\/posts\/140577\/revisions\/140582"}],"wp:featuredmedia":[{"embeddable":true,"href":"https:\/\/eltrabajo.cl\/web\/wp-json\/wp\/v2\/media\/140579"}],"wp:attachment":[{"href":"https:\/\/eltrabajo.cl\/web\/wp-json\/wp\/v2\/media?parent=140577"}],"wp:term":[{"taxonomy":"category","embeddable":true,"href":"https:\/\/eltrabajo.cl\/web\/wp-json\/wp\/v2\/categories?post=140577"},{"taxonomy":"post_tag","embeddable":true,"href":"https:\/\/eltrabajo.cl\/web\/wp-json\/wp\/v2\/tags?post=140577"}],"curies":[{"name":"wp","href":"https:\/\/api.w.org\/{rel}","templated":true}]}}