{"id":144252,"date":"2026-04-26T21:21:50","date_gmt":"2026-04-27T00:21:50","guid":{"rendered":"https:\/\/eltrabajo.cl\/web\/?p=144252"},"modified":"2026-04-26T21:21:50","modified_gmt":"2026-04-27T00:21:50","slug":"subsecretario-de-redes-asistenciales-visita-el-hospital-san-camilo-y-conoce-el-mars","status":"publish","type":"post","link":"https:\/\/eltrabajo.cl\/web\/subsecretario-de-redes-asistenciales-visita-el-hospital-san-camilo-y-conoce-el-mars\/","title":{"rendered":"Subsecretario de Redes Asistenciales visita el Hospital San Camilo y conoce el MARS"},"content":{"rendered":"<ul>\n<li><strong>Julio Montt destac\u00f3 que el recinto es el primer centro p\u00fablico de regiones en contar con esta tecnolog\u00eda.-<\/strong><\/li>\n<\/ul>\n<p>El subsecretario de Redes Asistenciales, <strong>Julio Montt<\/strong>,\u00a0 junto a diversas autoridades, certificaron el avance que introduce tecnolog\u00eda de alta complejidad para realizar intervenciones m\u00e1s seguras, menos invasivas y con una recuperaci\u00f3n significativamente m\u00e1s r\u00e1pida.<\/p>\n<p>La autoridad de Gobierno, conoci\u00f3 la implementaci\u00f3n de cirug\u00eda rob\u00f3tica MARS en el establecimiento, instancia en la que destac\u00f3 al recinto como el primer centro p\u00fablico de regiones en incorporar esta tecnolog\u00eda de avanzada.<\/p>\n<p>Tal como se lo contamos en <strong>Diario El Trabajo<\/strong>, desde diciembre el hospital realiza intervenciones quir\u00fargicas asistidas por el sistema rob\u00f3tico MARS, desarrollado por la startup Levita, gracias a un innovador convenio que ha permitido fortalecer la capacidad resolutiva del establecimiento.<\/p>\n<p>Al respecto, Montt se\u00f1al\u00f3 que <em>\u00ablo destacable de este hecho, es que favorece directamente a los pacientes con una t\u00e9cnica menos dolorosa, con menos incisiones y una recuperaci\u00f3n m\u00e1s r\u00e1pida, pero, sobre todo, que se trata de tecnolog\u00eda inventada por chilenos que beneficia a chilenos. Eso le da un valor agregado al pa\u00eds y a la salud p\u00fablica que estamos impulsando\u00bb<\/em>.<\/p>\n<p>La incorporaci\u00f3n de esta tecnolog\u00eda ha significado importantes beneficios. <em>\u00abEn los pacientes, se traduce en cirug\u00edas menos invasivas, con menor dolor postoperatorio, incisiones m\u00e1s peque\u00f1as y una recuperaci\u00f3n m\u00e1s r\u00e1pida, permitiendo en algunos casos el alta m\u00e9dica durante el mismo d\u00eda. En tanto, para los equipos cl\u00ednicos, mejora la visualizaci\u00f3n del campo quir\u00fargico y la precisi\u00f3n en los procedimientos, favoreciendo resultados m\u00e1s seguros\u00bb<\/em>, destac\u00f3 el fundador de Levita, Dr. <strong>Alberto Rodr\u00edguez-Navarro<\/strong>.<\/p>\n<p>Asimismo, desde el punto de vista de la gesti\u00f3n hospitalaria, esta innovaci\u00f3n permite optimizar el uso de pabellones, aumentar el n\u00famero de intervenciones y contribuir a la disminuci\u00f3n de las listas de espera.<\/p>\n<p>\u00ab<em>Hoy agradecemos la visita del subsecretario en este reconocimiento del Hospital San Camilo como el primer hospital de regi\u00f3n que cuenta con esta tecnolog\u00eda rob\u00f3tica, lo que nos va a permitir disminuir las listas de espera, duplicar las cirug\u00edas y obtener una mayor satisfacci\u00f3n de los usuarios, por lo que felicitamos tambi\u00e9n al director del San Camilo por jug\u00e1rsela e incorporar esta tecnolog\u00eda que esperamos poder replicar en otros centros\u00bb<\/em>, agreg\u00f3 la directora del Servicio de Salud Aconcagua (SSA), <strong>Susan Porras<\/strong>.<\/p>\n<p>Finalmente, el director del establecimiento, Dr. <strong>Rodrigo Gonz\u00e1lez Escobar<\/strong>, se\u00f1al\u00f3 que <em>\u00abla incorporaci\u00f3n de cirug\u00eda rob\u00f3tica ya ha beneficiado a m\u00e1s de diez usuarios, tanto adultos como pedi\u00e1tricos, con excelentes resultados, reflejando el compromiso de nuestro hospital con la innovaci\u00f3n y con la entrega de una atenci\u00f3n m\u00e1s segura, eficiente y centrada en las personas, lo cual esperamos siga creciendo con la incorporaci\u00f3n de nuevas especialidades como la ginecol\u00f3gica, en donde ser\u00edamos los primeros en el pa\u00eds en desarrollarla\u00bb<\/em>, concluy\u00f3.<\/p>\n<figure id=\"attachment_144253\" aria-describedby=\"caption-attachment-144253\" style=\"width: 699px\" class=\"wp-caption alignnone\"><img loading=\"lazy\" decoding=\"async\" class=\"size-full wp-image-144253\" src=\"https:\/\/eltrabajo.cl\/web\/wp-content\/uploads\/2026\/04\/subsecretario-de-redes-asistenciales.jpg\" alt=\"Subsecretario de Redes Asistenciales visit\u00f3 el Hospital San Camilo.\" width=\"699\" height=\"476\" srcset=\"https:\/\/eltrabajo.cl\/web\/wp-content\/uploads\/2026\/04\/subsecretario-de-redes-asistenciales.jpg 699w, https:\/\/eltrabajo.cl\/web\/wp-content\/uploads\/2026\/04\/subsecretario-de-redes-asistenciales-300x204.jpg 300w, https:\/\/eltrabajo.cl\/web\/wp-content\/uploads\/2026\/04\/subsecretario-de-redes-asistenciales-617x420.jpg 617w, https:\/\/eltrabajo.cl\/web\/wp-content\/uploads\/2026\/04\/subsecretario-de-redes-asistenciales-150x102.jpg 150w, https:\/\/eltrabajo.cl\/web\/wp-content\/uploads\/2026\/04\/subsecretario-de-redes-asistenciales-696x474.jpg 696w\" sizes=\"auto, (max-width: 699px) 100vw, 699px\" \/><figcaption id=\"caption-attachment-144253\" class=\"wp-caption-text\">Subsecretario de Redes Asistenciales visit\u00f3 el Hospital San Camilo.<\/figcaption><\/figure>\n","protected":false},"excerpt":{"rendered":"<p>Julio Montt destac\u00f3 que el recinto es el primer centro p\u00fablico de regiones en contar con esta tecnolog\u00eda.- El subsecretario de Redes Asistenciales, Julio Montt,\u00a0 junto a diversas autoridades, certificaron el avance que introduce tecnolog\u00eda de alta complejidad para realizar intervenciones m\u00e1s seguras, menos invasivas y con una recuperaci\u00f3n significativamente m\u00e1s r\u00e1pida. La autoridad de [&hellip;]<\/p>\n","protected":false},"author":1,"featured_media":144253,"comment_status":"open","ping_status":"closed","sticky":false,"template":"","format":"standard","meta":{"footnotes":""},"categories":[3],"tags":[],"class_list":{"0":"post-144252","1":"post","2":"type-post","3":"status-publish","4":"format-standard","5":"has-post-thumbnail","7":"category-cronica-2"},"yoast_head":"<!-- This site is optimized with the Yoast SEO plugin v27.4 - https:\/\/yoast.com\/product\/yoast-seo-wordpress\/ -->\n<title>Subsecretario de Redes Asistenciales visita el Hospital San Camilo y conoce el MARS - Diario El Trabajo<\/title>\n<meta name=\"robots\" content=\"index, follow, max-snippet:-1, max-image-preview:large, max-video-preview:-1\" \/>\n<link rel=\"canonical\" href=\"https:\/\/eltrabajo.cl\/web\/subsecretario-de-redes-asistenciales-visita-el-hospital-san-camilo-y-conoce-el-mars\/\" \/>\n<meta property=\"og:locale\" content=\"es_ES\" \/>\n<meta property=\"og:type\" content=\"article\" \/>\n<meta property=\"og:title\" content=\"Subsecretario de Redes Asistenciales visita el Hospital San Camilo y conoce el MARS - Diario El Trabajo\" \/>\n<meta property=\"og:description\" content=\"Julio Montt destac\u00f3 que el recinto es el primer centro p\u00fablico de regiones en contar con esta tecnolog\u00eda.- El subsecretario de Redes Asistenciales, Julio Montt,\u00a0 junto a diversas autoridades, certificaron el avance que introduce tecnolog\u00eda de alta complejidad para realizar intervenciones m\u00e1s seguras, menos invasivas y con una recuperaci\u00f3n significativamente m\u00e1s r\u00e1pida. La autoridad de [&hellip;]\" \/>\n<meta property=\"og:url\" content=\"https:\/\/eltrabajo.cl\/web\/subsecretario-de-redes-asistenciales-visita-el-hospital-san-camilo-y-conoce-el-mars\/\" \/>\n<meta property=\"og:site_name\" content=\"Diario El Trabajo\" \/>\n<meta property=\"article:publisher\" content=\"https:\/\/www.facebook.com\/ElTrabajoDiario\" \/>\n<meta property=\"article:published_time\" content=\"2026-04-27T00:21:50+00:00\" \/>\n<meta property=\"og:image\" content=\"https:\/\/eltrabajo.cl\/web\/wp-content\/uploads\/2026\/04\/subsecretario-de-redes-asistenciales.jpg\" \/>\n\t<meta property=\"og:image:width\" content=\"699\" \/>\n\t<meta property=\"og:image:height\" content=\"476\" \/>\n\t<meta property=\"og:image:type\" content=\"image\/jpeg\" \/>\n<meta name=\"author\" content=\"Diario El Trabajo\" \/>\n<meta name=\"twitter:card\" content=\"summary_large_image\" \/>\n<meta name=\"twitter:creator\" content=\"@diarioeltrabajo\" \/>\n<meta name=\"twitter:site\" content=\"@diarioeltrabajo\" \/>\n<meta name=\"twitter:label1\" content=\"Escrito por\" \/>\n\t<meta name=\"twitter:data1\" content=\"Diario El Trabajo\" \/>\n\t<meta name=\"twitter:label2\" content=\"Tiempo estimado de lectura\" \/>\n\t<meta name=\"twitter:data2\" content=\"3 minutos\" \/>\n<script type=\"application\/ld+json\" class=\"yoast-schema-graph\">{\"@context\":\"https:\\\/\\\/schema.org\",\"@graph\":[{\"@type\":\"Article\",\"@id\":\"https:\\\/\\\/eltrabajo.cl\\\/web\\\/subsecretario-de-redes-asistenciales-visita-el-hospital-san-camilo-y-conoce-el-mars\\\/#article\",\"isPartOf\":{\"@id\":\"https:\\\/\\\/eltrabajo.cl\\\/web\\\/subsecretario-de-redes-asistenciales-visita-el-hospital-san-camilo-y-conoce-el-mars\\\/\"},\"author\":{\"name\":\"Diario El Trabajo\",\"@id\":\"https:\\\/\\\/eltrabajo.cl\\\/web\\\/#\\\/schema\\\/person\\\/45efd3d17f86ec456e44dd7debe1bf19\"},\"headline\":\"Subsecretario de Redes Asistenciales visita el Hospital San Camilo y conoce el MARS\",\"datePublished\":\"2026-04-27T00:21:50+00:00\",\"mainEntityOfPage\":{\"@id\":\"https:\\\/\\\/eltrabajo.cl\\\/web\\\/subsecretario-de-redes-asistenciales-visita-el-hospital-san-camilo-y-conoce-el-mars\\\/\"},\"wordCount\":547,\"commentCount\":0,\"publisher\":{\"@id\":\"https:\\\/\\\/eltrabajo.cl\\\/web\\\/#organization\"},\"image\":{\"@id\":\"https:\\\/\\\/eltrabajo.cl\\\/web\\\/subsecretario-de-redes-asistenciales-visita-el-hospital-san-camilo-y-conoce-el-mars\\\/#primaryimage\"},\"thumbnailUrl\":\"https:\\\/\\\/eltrabajo.cl\\\/web\\\/wp-content\\\/uploads\\\/2026\\\/04\\\/subsecretario-de-redes-asistenciales.jpg\",\"articleSection\":[\"Cr\u00f3nica\"],\"inLanguage\":\"es-CL\",\"potentialAction\":[{\"@type\":\"CommentAction\",\"name\":\"Comment\",\"target\":[\"https:\\\/\\\/eltrabajo.cl\\\/web\\\/subsecretario-de-redes-asistenciales-visita-el-hospital-san-camilo-y-conoce-el-mars\\\/#respond\"]}]},{\"@type\":\"WebPage\",\"@id\":\"https:\\\/\\\/eltrabajo.cl\\\/web\\\/subsecretario-de-redes-asistenciales-visita-el-hospital-san-camilo-y-conoce-el-mars\\\/\",\"url\":\"https:\\\/\\\/eltrabajo.cl\\\/web\\\/subsecretario-de-redes-asistenciales-visita-el-hospital-san-camilo-y-conoce-el-mars\\\/\",\"name\":\"Subsecretario de Redes Asistenciales visita el Hospital San Camilo y conoce el MARS - Diario El Trabajo\",\"isPartOf\":{\"@id\":\"https:\\\/\\\/eltrabajo.cl\\\/web\\\/#website\"},\"primaryImageOfPage\":{\"@id\":\"https:\\\/\\\/eltrabajo.cl\\\/web\\\/subsecretario-de-redes-asistenciales-visita-el-hospital-san-camilo-y-conoce-el-mars\\\/#primaryimage\"},\"image\":{\"@id\":\"https:\\\/\\\/eltrabajo.cl\\\/web\\\/subsecretario-de-redes-asistenciales-visita-el-hospital-san-camilo-y-conoce-el-mars\\\/#primaryimage\"},\"thumbnailUrl\":\"https:\\\/\\\/eltrabajo.cl\\\/web\\\/wp-content\\\/uploads\\\/2026\\\/04\\\/subsecretario-de-redes-asistenciales.jpg\",\"datePublished\":\"2026-04-27T00:21:50+00:00\",\"breadcrumb\":{\"@id\":\"https:\\\/\\\/eltrabajo.cl\\\/web\\\/subsecretario-de-redes-asistenciales-visita-el-hospital-san-camilo-y-conoce-el-mars\\\/#breadcrumb\"},\"inLanguage\":\"es-CL\",\"potentialAction\":[{\"@type\":\"ReadAction\",\"target\":[\"https:\\\/\\\/eltrabajo.cl\\\/web\\\/subsecretario-de-redes-asistenciales-visita-el-hospital-san-camilo-y-conoce-el-mars\\\/\"]}]},{\"@type\":\"ImageObject\",\"inLanguage\":\"es-CL\",\"@id\":\"https:\\\/\\\/eltrabajo.cl\\\/web\\\/subsecretario-de-redes-asistenciales-visita-el-hospital-san-camilo-y-conoce-el-mars\\\/#primaryimage\",\"url\":\"https:\\\/\\\/eltrabajo.cl\\\/web\\\/wp-content\\\/uploads\\\/2026\\\/04\\\/subsecretario-de-redes-asistenciales.jpg\",\"contentUrl\":\"https:\\\/\\\/eltrabajo.cl\\\/web\\\/wp-content\\\/uploads\\\/2026\\\/04\\\/subsecretario-de-redes-asistenciales.jpg\",\"width\":699,\"height\":476,\"caption\":\"Subsecretario de Redes Asistenciales visit\u00f3 el Hospital San Camilo.\"},{\"@type\":\"BreadcrumbList\",\"@id\":\"https:\\\/\\\/eltrabajo.cl\\\/web\\\/subsecretario-de-redes-asistenciales-visita-el-hospital-san-camilo-y-conoce-el-mars\\\/#breadcrumb\",\"itemListElement\":[{\"@type\":\"ListItem\",\"position\":1,\"name\":\"Portada\",\"item\":\"https:\\\/\\\/eltrabajo.cl\\\/web\\\/\"},{\"@type\":\"ListItem\",\"position\":2,\"name\":\"Subsecretario de Redes Asistenciales visita el Hospital San Camilo y conoce el MARS\"}]},{\"@type\":\"WebSite\",\"@id\":\"https:\\\/\\\/eltrabajo.cl\\\/web\\\/#website\",\"url\":\"https:\\\/\\\/eltrabajo.cl\\\/web\\\/\",\"name\":\"Diario El Trabajo\",\"description\":\"Desde 1929 construyendo Identidad Local\",\"publisher\":{\"@id\":\"https:\\\/\\\/eltrabajo.cl\\\/web\\\/#organization\"},\"potentialAction\":[{\"@type\":\"SearchAction\",\"target\":{\"@type\":\"EntryPoint\",\"urlTemplate\":\"https:\\\/\\\/eltrabajo.cl\\\/web\\\/?s={search_term_string}\"},\"query-input\":{\"@type\":\"PropertyValueSpecification\",\"valueRequired\":true,\"valueName\":\"search_term_string\"}}],\"inLanguage\":\"es-CL\"},{\"@type\":\"Organization\",\"@id\":\"https:\\\/\\\/eltrabajo.cl\\\/web\\\/#organization\",\"name\":\"Diario El Trabajo\",\"url\":\"https:\\\/\\\/eltrabajo.cl\\\/web\\\/\",\"logo\":{\"@type\":\"ImageObject\",\"inLanguage\":\"es-CL\",\"@id\":\"https:\\\/\\\/eltrabajo.cl\\\/web\\\/#\\\/schema\\\/logo\\\/image\\\/\",\"url\":\"https:\\\/\\\/eltrabajo.cl\\\/web\\\/wp-content\\\/uploads\\\/2024\\\/06\\\/profile-image-ig-page-diarioeltrabajo.jpg\",\"contentUrl\":\"https:\\\/\\\/eltrabajo.cl\\\/web\\\/wp-content\\\/uploads\\\/2024\\\/06\\\/profile-image-ig-page-diarioeltrabajo.jpg\",\"width\":823,\"height\":823,\"caption\":\"Diario El Trabajo\"},\"image\":{\"@id\":\"https:\\\/\\\/eltrabajo.cl\\\/web\\\/#\\\/schema\\\/logo\\\/image\\\/\"},\"sameAs\":[\"https:\\\/\\\/www.facebook.com\\\/ElTrabajoDiario\",\"https:\\\/\\\/x.com\\\/diarioeltrabajo\"]},{\"@type\":\"Person\",\"@id\":\"https:\\\/\\\/eltrabajo.cl\\\/web\\\/#\\\/schema\\\/person\\\/45efd3d17f86ec456e44dd7debe1bf19\",\"name\":\"Diario El Trabajo\",\"image\":{\"@type\":\"ImageObject\",\"inLanguage\":\"es-CL\",\"@id\":\"https:\\\/\\\/secure.gravatar.com\\\/avatar\\\/7e6ec277dc4aea2677c2dc301d4227957219329c985ab69a3efc12518b5161aa?s=96&d=mm&r=g\",\"url\":\"https:\\\/\\\/secure.gravatar.com\\\/avatar\\\/7e6ec277dc4aea2677c2dc301d4227957219329c985ab69a3efc12518b5161aa?s=96&d=mm&r=g\",\"contentUrl\":\"https:\\\/\\\/secure.gravatar.com\\\/avatar\\\/7e6ec277dc4aea2677c2dc301d4227957219329c985ab69a3efc12518b5161aa?s=96&d=mm&r=g\",\"caption\":\"Diario El Trabajo\"},\"sameAs\":[\"https:\\\/\\\/eltrabajo.cl\\\/web\"],\"url\":\"https:\\\/\\\/eltrabajo.cl\\\/web\\\/author\\\/diario-el-trabajo\\\/\"}]}<\/script>\n<!-- \/ Yoast SEO plugin. -->","yoast_head_json":{"title":"Subsecretario de Redes Asistenciales visita el Hospital San Camilo y conoce el MARS - Diario El Trabajo","robots":{"index":"index","follow":"follow","max-snippet":"max-snippet:-1","max-image-preview":"max-image-preview:large","max-video-preview":"max-video-preview:-1"},"canonical":"https:\/\/eltrabajo.cl\/web\/subsecretario-de-redes-asistenciales-visita-el-hospital-san-camilo-y-conoce-el-mars\/","og_locale":"es_ES","og_type":"article","og_title":"Subsecretario de Redes Asistenciales visita el Hospital San Camilo y conoce el MARS - Diario El Trabajo","og_description":"Julio Montt destac\u00f3 que el recinto es el primer centro p\u00fablico de regiones en contar con esta tecnolog\u00eda.- El subsecretario de Redes Asistenciales, Julio Montt,\u00a0 junto a diversas autoridades, certificaron el avance que introduce tecnolog\u00eda de alta complejidad para realizar intervenciones m\u00e1s seguras, menos invasivas y con una recuperaci\u00f3n significativamente m\u00e1s r\u00e1pida. La autoridad de [&hellip;]","og_url":"https:\/\/eltrabajo.cl\/web\/subsecretario-de-redes-asistenciales-visita-el-hospital-san-camilo-y-conoce-el-mars\/","og_site_name":"Diario El Trabajo","article_publisher":"https:\/\/www.facebook.com\/ElTrabajoDiario","article_published_time":"2026-04-27T00:21:50+00:00","og_image":[{"width":699,"height":476,"url":"https:\/\/eltrabajo.cl\/web\/wp-content\/uploads\/2026\/04\/subsecretario-de-redes-asistenciales.jpg","type":"image\/jpeg"}],"author":"Diario El Trabajo","twitter_card":"summary_large_image","twitter_creator":"@diarioeltrabajo","twitter_site":"@diarioeltrabajo","twitter_misc":{"Escrito por":"Diario El Trabajo","Tiempo estimado de lectura":"3 minutos"},"schema":{"@context":"https:\/\/schema.org","@graph":[{"@type":"Article","@id":"https:\/\/eltrabajo.cl\/web\/subsecretario-de-redes-asistenciales-visita-el-hospital-san-camilo-y-conoce-el-mars\/#article","isPartOf":{"@id":"https:\/\/eltrabajo.cl\/web\/subsecretario-de-redes-asistenciales-visita-el-hospital-san-camilo-y-conoce-el-mars\/"},"author":{"name":"Diario El Trabajo","@id":"https:\/\/eltrabajo.cl\/web\/#\/schema\/person\/45efd3d17f86ec456e44dd7debe1bf19"},"headline":"Subsecretario de Redes Asistenciales visita el Hospital San Camilo y conoce el MARS","datePublished":"2026-04-27T00:21:50+00:00","mainEntityOfPage":{"@id":"https:\/\/eltrabajo.cl\/web\/subsecretario-de-redes-asistenciales-visita-el-hospital-san-camilo-y-conoce-el-mars\/"},"wordCount":547,"commentCount":0,"publisher":{"@id":"https:\/\/eltrabajo.cl\/web\/#organization"},"image":{"@id":"https:\/\/eltrabajo.cl\/web\/subsecretario-de-redes-asistenciales-visita-el-hospital-san-camilo-y-conoce-el-mars\/#primaryimage"},"thumbnailUrl":"https:\/\/eltrabajo.cl\/web\/wp-content\/uploads\/2026\/04\/subsecretario-de-redes-asistenciales.jpg","articleSection":["Cr\u00f3nica"],"inLanguage":"es-CL","potentialAction":[{"@type":"CommentAction","name":"Comment","target":["https:\/\/eltrabajo.cl\/web\/subsecretario-de-redes-asistenciales-visita-el-hospital-san-camilo-y-conoce-el-mars\/#respond"]}]},{"@type":"WebPage","@id":"https:\/\/eltrabajo.cl\/web\/subsecretario-de-redes-asistenciales-visita-el-hospital-san-camilo-y-conoce-el-mars\/","url":"https:\/\/eltrabajo.cl\/web\/subsecretario-de-redes-asistenciales-visita-el-hospital-san-camilo-y-conoce-el-mars\/","name":"Subsecretario de Redes Asistenciales visita el Hospital San Camilo y conoce el MARS - Diario El Trabajo","isPartOf":{"@id":"https:\/\/eltrabajo.cl\/web\/#website"},"primaryImageOfPage":{"@id":"https:\/\/eltrabajo.cl\/web\/subsecretario-de-redes-asistenciales-visita-el-hospital-san-camilo-y-conoce-el-mars\/#primaryimage"},"image":{"@id":"https:\/\/eltrabajo.cl\/web\/subsecretario-de-redes-asistenciales-visita-el-hospital-san-camilo-y-conoce-el-mars\/#primaryimage"},"thumbnailUrl":"https:\/\/eltrabajo.cl\/web\/wp-content\/uploads\/2026\/04\/subsecretario-de-redes-asistenciales.jpg","datePublished":"2026-04-27T00:21:50+00:00","breadcrumb":{"@id":"https:\/\/eltrabajo.cl\/web\/subsecretario-de-redes-asistenciales-visita-el-hospital-san-camilo-y-conoce-el-mars\/#breadcrumb"},"inLanguage":"es-CL","potentialAction":[{"@type":"ReadAction","target":["https:\/\/eltrabajo.cl\/web\/subsecretario-de-redes-asistenciales-visita-el-hospital-san-camilo-y-conoce-el-mars\/"]}]},{"@type":"ImageObject","inLanguage":"es-CL","@id":"https:\/\/eltrabajo.cl\/web\/subsecretario-de-redes-asistenciales-visita-el-hospital-san-camilo-y-conoce-el-mars\/#primaryimage","url":"https:\/\/eltrabajo.cl\/web\/wp-content\/uploads\/2026\/04\/subsecretario-de-redes-asistenciales.jpg","contentUrl":"https:\/\/eltrabajo.cl\/web\/wp-content\/uploads\/2026\/04\/subsecretario-de-redes-asistenciales.jpg","width":699,"height":476,"caption":"Subsecretario de Redes Asistenciales visit\u00f3 el Hospital San Camilo."},{"@type":"BreadcrumbList","@id":"https:\/\/eltrabajo.cl\/web\/subsecretario-de-redes-asistenciales-visita-el-hospital-san-camilo-y-conoce-el-mars\/#breadcrumb","itemListElement":[{"@type":"ListItem","position":1,"name":"Portada","item":"https:\/\/eltrabajo.cl\/web\/"},{"@type":"ListItem","position":2,"name":"Subsecretario de Redes Asistenciales visita el Hospital San Camilo y conoce el MARS"}]},{"@type":"WebSite","@id":"https:\/\/eltrabajo.cl\/web\/#website","url":"https:\/\/eltrabajo.cl\/web\/","name":"Diario El Trabajo","description":"Desde 1929 construyendo Identidad Local","publisher":{"@id":"https:\/\/eltrabajo.cl\/web\/#organization"},"potentialAction":[{"@type":"SearchAction","target":{"@type":"EntryPoint","urlTemplate":"https:\/\/eltrabajo.cl\/web\/?s={search_term_string}"},"query-input":{"@type":"PropertyValueSpecification","valueRequired":true,"valueName":"search_term_string"}}],"inLanguage":"es-CL"},{"@type":"Organization","@id":"https:\/\/eltrabajo.cl\/web\/#organization","name":"Diario El Trabajo","url":"https:\/\/eltrabajo.cl\/web\/","logo":{"@type":"ImageObject","inLanguage":"es-CL","@id":"https:\/\/eltrabajo.cl\/web\/#\/schema\/logo\/image\/","url":"https:\/\/eltrabajo.cl\/web\/wp-content\/uploads\/2024\/06\/profile-image-ig-page-diarioeltrabajo.jpg","contentUrl":"https:\/\/eltrabajo.cl\/web\/wp-content\/uploads\/2024\/06\/profile-image-ig-page-diarioeltrabajo.jpg","width":823,"height":823,"caption":"Diario El Trabajo"},"image":{"@id":"https:\/\/eltrabajo.cl\/web\/#\/schema\/logo\/image\/"},"sameAs":["https:\/\/www.facebook.com\/ElTrabajoDiario","https:\/\/x.com\/diarioeltrabajo"]},{"@type":"Person","@id":"https:\/\/eltrabajo.cl\/web\/#\/schema\/person\/45efd3d17f86ec456e44dd7debe1bf19","name":"Diario El Trabajo","image":{"@type":"ImageObject","inLanguage":"es-CL","@id":"https:\/\/secure.gravatar.com\/avatar\/7e6ec277dc4aea2677c2dc301d4227957219329c985ab69a3efc12518b5161aa?s=96&d=mm&r=g","url":"https:\/\/secure.gravatar.com\/avatar\/7e6ec277dc4aea2677c2dc301d4227957219329c985ab69a3efc12518b5161aa?s=96&d=mm&r=g","contentUrl":"https:\/\/secure.gravatar.com\/avatar\/7e6ec277dc4aea2677c2dc301d4227957219329c985ab69a3efc12518b5161aa?s=96&d=mm&r=g","caption":"Diario El Trabajo"},"sameAs":["https:\/\/eltrabajo.cl\/web"],"url":"https:\/\/eltrabajo.cl\/web\/author\/diario-el-trabajo\/"}]}},"_links":{"self":[{"href":"https:\/\/eltrabajo.cl\/web\/wp-json\/wp\/v2\/posts\/144252","targetHints":{"allow":["GET"]}}],"collection":[{"href":"https:\/\/eltrabajo.cl\/web\/wp-json\/wp\/v2\/posts"}],"about":[{"href":"https:\/\/eltrabajo.cl\/web\/wp-json\/wp\/v2\/types\/post"}],"author":[{"embeddable":true,"href":"https:\/\/eltrabajo.cl\/web\/wp-json\/wp\/v2\/users\/1"}],"replies":[{"embeddable":true,"href":"https:\/\/eltrabajo.cl\/web\/wp-json\/wp\/v2\/comments?post=144252"}],"version-history":[{"count":1,"href":"https:\/\/eltrabajo.cl\/web\/wp-json\/wp\/v2\/posts\/144252\/revisions"}],"predecessor-version":[{"id":144254,"href":"https:\/\/eltrabajo.cl\/web\/wp-json\/wp\/v2\/posts\/144252\/revisions\/144254"}],"wp:featuredmedia":[{"embeddable":true,"href":"https:\/\/eltrabajo.cl\/web\/wp-json\/wp\/v2\/media\/144253"}],"wp:attachment":[{"href":"https:\/\/eltrabajo.cl\/web\/wp-json\/wp\/v2\/media?parent=144252"}],"wp:term":[{"taxonomy":"category","embeddable":true,"href":"https:\/\/eltrabajo.cl\/web\/wp-json\/wp\/v2\/categories?post=144252"},{"taxonomy":"post_tag","embeddable":true,"href":"https:\/\/eltrabajo.cl\/web\/wp-json\/wp\/v2\/tags?post=144252"}],"curies":[{"name":"wp","href":"https:\/\/api.w.org\/{rel}","templated":true}]}}