{"id":144255,"date":"2026-04-26T21:22:42","date_gmt":"2026-04-27T00:22:42","guid":{"rendered":"https:\/\/eltrabajo.cl\/web\/?p=144255"},"modified":"2026-04-26T21:22:42","modified_gmt":"2026-04-27T00:22:42","slug":"finaliza-resiembra-de-la-cancha-del-estadio-municipal","status":"publish","type":"post","link":"https:\/\/eltrabajo.cl\/web\/finaliza-resiembra-de-la-cancha-del-estadio-municipal\/","title":{"rendered":"Finaliza resiembra de la cancha del Estadio Municipal"},"content":{"rendered":"<ul>\n<li><strong>Arreglos en la galer\u00eda norte e instalaci\u00f3n de butacas se ejecutan en este momento.\u2013<\/strong><\/li>\n<\/ul>\n<p>Con \u00e9xito se llev\u00f3 a cabo el proceso de la resiembra de la cancha del Estadio Municipal de San Felipe. Como todos los a\u00f1os, y seg\u00fan el contrato con la empresa respectiva de parte del municipio, se ejecut\u00f3 este trabajo para mejorar las condiciones del c\u00e9sped del principal recinto deportivo de la ciudad.<\/p>\n<p>Es as\u00ed, que para este 2026 se realiz\u00f3 durante este mes de abril, considerando los factores clim\u00e1ticos \u00f3ptimos para el desarrollo de este proceso. Al respecto, el encargado del Departamento de Deportes del municipio de San Felipe, <strong>Esteban Herrera<\/strong>, coment\u00f3 los resultados y el balance de este trabajo 2026.<\/p>\n<p>\u00ab<em>Satisfactoriamente, el proceso de resiembra que se desarroll\u00f3 durante el mes de abril est\u00e1 finalizando en un grado \u00f3ptimo, en lo que compete en estricto rigor lo que es contrato con la empresa de mantenci\u00f3n, el uso de maquinaria, el grado de fertilizaci\u00f3n y una cantidad importante de semillas, en lo cual los trabajos se desarrollaron en tiempo y forma para poder lograr una carpeta \u00f3ptima\u00bb<\/em>, se\u00f1al\u00f3.<\/p>\n<p>En este contexto, Herrera agreg\u00f3 que <em>\u00abya est\u00e1 en \u00f3ptimas condiciones para que se pueda seguir cursando todo un campeonato o una competencia de alto tr\u00e1fico para el f\u00fatbol profesional\u00bb<\/em>. Junto con esto, agreg\u00f3 que tambi\u00e9n se realizaron trabajos de nivelaci\u00f3n de cancha.<\/p>\n<p>\u00ab<em>En lo que es el nivel que entendamos, se acumula un porcentaje en el centro de la cancha, aprovechando la resiembra que dentro de su proceso, su trabajo, permite sacar todo el pasto y quedar como en tierra, precisamente con una m\u00e1quina que se trajo desde, entiendo, Vi\u00f1a del Mar, se pudo desarrollar esta nivelaci\u00f3n del campo\u00bb<\/em>, indic\u00f3.<\/p>\n<p>Asimismo, y en relaci\u00f3n a las dem\u00e1s obras que se ejecutar\u00e1n en el Estadio Municipal, como la instalaci\u00f3n de butacas y el mejoramiento de la galer\u00eda norte, el encargado del Departamento de Deportes del municipio de San Felipe sostuvo que <em>\u00abtenemos pendiente lo que es la instalaci\u00f3n de las butacas, que por lo dem\u00e1s ya est\u00e1n listas<\/em>.<\/p>\n<p>\u00ab<em>Estamos en un tiempo en el cual es prudente informar y que estamos relacion\u00e1ndonos con la empresa que este caso nos hizo el reacondicionamiento de este elemento, para con sus funcionarios puedan instalar de buena manera y quede externalizado este proceso para la instalaci\u00f3n de las primeras 60 butacas de un total de 120\u00bb<\/em>, a\u00f1adi\u00f3.<\/p>\n<p>Finalmente, Esteban Herrera sostuvo que <em>\u00abel trabajo de la galer\u00eda norte, que por lo dem\u00e1s no est\u00e1 habilitada para el uso de partidos de f\u00fatbol profesional, entendiendo las medidas de seguridad respectivas, tiene un proceso de trabajo de 30 d\u00edas, en aproximadamente en fecha debiese estar listo cerca de la quincena de mayo\u00bb<\/em>, cerr\u00f3.<\/p>\n<figure id=\"attachment_144256\" aria-describedby=\"caption-attachment-144256\" style=\"width: 700px\" class=\"wp-caption alignnone\"><img loading=\"lazy\" decoding=\"async\" class=\"size-full wp-image-144256\" src=\"https:\/\/eltrabajo.cl\/web\/wp-content\/uploads\/2026\/04\/cancha-Estadio-Municipal-1.jpg\" alt=\"As\u00ed luce el recinto tras la resiembra.\" width=\"700\" height=\"525\" srcset=\"https:\/\/eltrabajo.cl\/web\/wp-content\/uploads\/2026\/04\/cancha-Estadio-Municipal-1.jpg 700w, https:\/\/eltrabajo.cl\/web\/wp-content\/uploads\/2026\/04\/cancha-Estadio-Municipal-1-300x225.jpg 300w, https:\/\/eltrabajo.cl\/web\/wp-content\/uploads\/2026\/04\/cancha-Estadio-Municipal-1-560x420.jpg 560w, https:\/\/eltrabajo.cl\/web\/wp-content\/uploads\/2026\/04\/cancha-Estadio-Municipal-1-80x60.jpg 80w, https:\/\/eltrabajo.cl\/web\/wp-content\/uploads\/2026\/04\/cancha-Estadio-Municipal-1-150x113.jpg 150w, https:\/\/eltrabajo.cl\/web\/wp-content\/uploads\/2026\/04\/cancha-Estadio-Municipal-1-696x522.jpg 696w\" sizes=\"auto, (max-width: 700px) 100vw, 700px\" \/><figcaption id=\"caption-attachment-144256\" class=\"wp-caption-text\">As\u00ed luce el recinto tras la resiembra.<\/figcaption><\/figure>\n","protected":false},"excerpt":{"rendered":"<p>Arreglos en la galer\u00eda norte e instalaci\u00f3n de butacas se ejecutan en este momento.\u2013 Con \u00e9xito se llev\u00f3 a cabo el proceso de la resiembra de la cancha del Estadio Municipal de San Felipe. Como todos los a\u00f1os, y seg\u00fan el contrato con la empresa respectiva de parte del municipio, se ejecut\u00f3 este trabajo para [&hellip;]<\/p>\n","protected":false},"author":1,"featured_media":144256,"comment_status":"open","ping_status":"closed","sticky":false,"template":"","format":"standard","meta":{"footnotes":""},"categories":[3],"tags":[],"class_list":{"0":"post-144255","1":"post","2":"type-post","3":"status-publish","4":"format-standard","5":"has-post-thumbnail","7":"category-cronica-2"},"yoast_head":"<!-- This site is optimized with the Yoast SEO plugin v27.4 - https:\/\/yoast.com\/product\/yoast-seo-wordpress\/ -->\n<title>Finaliza resiembra de la cancha del Estadio Municipal - Diario El Trabajo<\/title>\n<meta name=\"robots\" content=\"index, follow, max-snippet:-1, max-image-preview:large, max-video-preview:-1\" \/>\n<link rel=\"canonical\" href=\"https:\/\/eltrabajo.cl\/web\/finaliza-resiembra-de-la-cancha-del-estadio-municipal\/\" \/>\n<meta property=\"og:locale\" content=\"es_ES\" \/>\n<meta property=\"og:type\" content=\"article\" \/>\n<meta property=\"og:title\" content=\"Finaliza resiembra de la cancha del Estadio Municipal - Diario El Trabajo\" \/>\n<meta property=\"og:description\" content=\"Arreglos en la galer\u00eda norte e instalaci\u00f3n de butacas se ejecutan en este momento.\u2013 Con \u00e9xito se llev\u00f3 a cabo el proceso de la resiembra de la cancha del Estadio Municipal de San Felipe. Como todos los a\u00f1os, y seg\u00fan el contrato con la empresa respectiva de parte del municipio, se ejecut\u00f3 este trabajo para [&hellip;]\" \/>\n<meta property=\"og:url\" content=\"https:\/\/eltrabajo.cl\/web\/finaliza-resiembra-de-la-cancha-del-estadio-municipal\/\" \/>\n<meta property=\"og:site_name\" content=\"Diario El Trabajo\" \/>\n<meta property=\"article:publisher\" content=\"https:\/\/www.facebook.com\/ElTrabajoDiario\" \/>\n<meta property=\"article:published_time\" content=\"2026-04-27T00:22:42+00:00\" \/>\n<meta property=\"og:image\" content=\"https:\/\/eltrabajo.cl\/web\/wp-content\/uploads\/2026\/04\/cancha-Estadio-Municipal-1.jpg\" \/>\n\t<meta property=\"og:image:width\" content=\"700\" \/>\n\t<meta property=\"og:image:height\" content=\"525\" \/>\n\t<meta property=\"og:image:type\" content=\"image\/jpeg\" \/>\n<meta name=\"author\" content=\"Diario El Trabajo\" \/>\n<meta name=\"twitter:card\" content=\"summary_large_image\" \/>\n<meta name=\"twitter:creator\" content=\"@diarioeltrabajo\" \/>\n<meta name=\"twitter:site\" content=\"@diarioeltrabajo\" \/>\n<meta name=\"twitter:label1\" content=\"Escrito por\" \/>\n\t<meta name=\"twitter:data1\" content=\"Diario El Trabajo\" \/>\n\t<meta name=\"twitter:label2\" content=\"Tiempo estimado de lectura\" \/>\n\t<meta name=\"twitter:data2\" content=\"3 minutos\" \/>\n<script type=\"application\/ld+json\" class=\"yoast-schema-graph\">{\"@context\":\"https:\\\/\\\/schema.org\",\"@graph\":[{\"@type\":\"Article\",\"@id\":\"https:\\\/\\\/eltrabajo.cl\\\/web\\\/finaliza-resiembra-de-la-cancha-del-estadio-municipal\\\/#article\",\"isPartOf\":{\"@id\":\"https:\\\/\\\/eltrabajo.cl\\\/web\\\/finaliza-resiembra-de-la-cancha-del-estadio-municipal\\\/\"},\"author\":{\"name\":\"Diario El Trabajo\",\"@id\":\"https:\\\/\\\/eltrabajo.cl\\\/web\\\/#\\\/schema\\\/person\\\/45efd3d17f86ec456e44dd7debe1bf19\"},\"headline\":\"Finaliza resiembra de la cancha del Estadio Municipal\",\"datePublished\":\"2026-04-27T00:22:42+00:00\",\"mainEntityOfPage\":{\"@id\":\"https:\\\/\\\/eltrabajo.cl\\\/web\\\/finaliza-resiembra-de-la-cancha-del-estadio-municipal\\\/\"},\"wordCount\":498,\"commentCount\":0,\"publisher\":{\"@id\":\"https:\\\/\\\/eltrabajo.cl\\\/web\\\/#organization\"},\"image\":{\"@id\":\"https:\\\/\\\/eltrabajo.cl\\\/web\\\/finaliza-resiembra-de-la-cancha-del-estadio-municipal\\\/#primaryimage\"},\"thumbnailUrl\":\"https:\\\/\\\/eltrabajo.cl\\\/web\\\/wp-content\\\/uploads\\\/2026\\\/04\\\/cancha-Estadio-Municipal-1.jpg\",\"articleSection\":[\"Cr\u00f3nica\"],\"inLanguage\":\"es-CL\",\"potentialAction\":[{\"@type\":\"CommentAction\",\"name\":\"Comment\",\"target\":[\"https:\\\/\\\/eltrabajo.cl\\\/web\\\/finaliza-resiembra-de-la-cancha-del-estadio-municipal\\\/#respond\"]}]},{\"@type\":\"WebPage\",\"@id\":\"https:\\\/\\\/eltrabajo.cl\\\/web\\\/finaliza-resiembra-de-la-cancha-del-estadio-municipal\\\/\",\"url\":\"https:\\\/\\\/eltrabajo.cl\\\/web\\\/finaliza-resiembra-de-la-cancha-del-estadio-municipal\\\/\",\"name\":\"Finaliza resiembra de la cancha del Estadio Municipal - Diario El Trabajo\",\"isPartOf\":{\"@id\":\"https:\\\/\\\/eltrabajo.cl\\\/web\\\/#website\"},\"primaryImageOfPage\":{\"@id\":\"https:\\\/\\\/eltrabajo.cl\\\/web\\\/finaliza-resiembra-de-la-cancha-del-estadio-municipal\\\/#primaryimage\"},\"image\":{\"@id\":\"https:\\\/\\\/eltrabajo.cl\\\/web\\\/finaliza-resiembra-de-la-cancha-del-estadio-municipal\\\/#primaryimage\"},\"thumbnailUrl\":\"https:\\\/\\\/eltrabajo.cl\\\/web\\\/wp-content\\\/uploads\\\/2026\\\/04\\\/cancha-Estadio-Municipal-1.jpg\",\"datePublished\":\"2026-04-27T00:22:42+00:00\",\"breadcrumb\":{\"@id\":\"https:\\\/\\\/eltrabajo.cl\\\/web\\\/finaliza-resiembra-de-la-cancha-del-estadio-municipal\\\/#breadcrumb\"},\"inLanguage\":\"es-CL\",\"potentialAction\":[{\"@type\":\"ReadAction\",\"target\":[\"https:\\\/\\\/eltrabajo.cl\\\/web\\\/finaliza-resiembra-de-la-cancha-del-estadio-municipal\\\/\"]}]},{\"@type\":\"ImageObject\",\"inLanguage\":\"es-CL\",\"@id\":\"https:\\\/\\\/eltrabajo.cl\\\/web\\\/finaliza-resiembra-de-la-cancha-del-estadio-municipal\\\/#primaryimage\",\"url\":\"https:\\\/\\\/eltrabajo.cl\\\/web\\\/wp-content\\\/uploads\\\/2026\\\/04\\\/cancha-Estadio-Municipal-1.jpg\",\"contentUrl\":\"https:\\\/\\\/eltrabajo.cl\\\/web\\\/wp-content\\\/uploads\\\/2026\\\/04\\\/cancha-Estadio-Municipal-1.jpg\",\"width\":700,\"height\":525,\"caption\":\"As\u00ed luce el recinto tras la resiembra.\"},{\"@type\":\"BreadcrumbList\",\"@id\":\"https:\\\/\\\/eltrabajo.cl\\\/web\\\/finaliza-resiembra-de-la-cancha-del-estadio-municipal\\\/#breadcrumb\",\"itemListElement\":[{\"@type\":\"ListItem\",\"position\":1,\"name\":\"Portada\",\"item\":\"https:\\\/\\\/eltrabajo.cl\\\/web\\\/\"},{\"@type\":\"ListItem\",\"position\":2,\"name\":\"Finaliza resiembra de la cancha del Estadio Municipal\"}]},{\"@type\":\"WebSite\",\"@id\":\"https:\\\/\\\/eltrabajo.cl\\\/web\\\/#website\",\"url\":\"https:\\\/\\\/eltrabajo.cl\\\/web\\\/\",\"name\":\"Diario El Trabajo\",\"description\":\"Desde 1929 construyendo Identidad Local\",\"publisher\":{\"@id\":\"https:\\\/\\\/eltrabajo.cl\\\/web\\\/#organization\"},\"potentialAction\":[{\"@type\":\"SearchAction\",\"target\":{\"@type\":\"EntryPoint\",\"urlTemplate\":\"https:\\\/\\\/eltrabajo.cl\\\/web\\\/?s={search_term_string}\"},\"query-input\":{\"@type\":\"PropertyValueSpecification\",\"valueRequired\":true,\"valueName\":\"search_term_string\"}}],\"inLanguage\":\"es-CL\"},{\"@type\":\"Organization\",\"@id\":\"https:\\\/\\\/eltrabajo.cl\\\/web\\\/#organization\",\"name\":\"Diario El Trabajo\",\"url\":\"https:\\\/\\\/eltrabajo.cl\\\/web\\\/\",\"logo\":{\"@type\":\"ImageObject\",\"inLanguage\":\"es-CL\",\"@id\":\"https:\\\/\\\/eltrabajo.cl\\\/web\\\/#\\\/schema\\\/logo\\\/image\\\/\",\"url\":\"https:\\\/\\\/eltrabajo.cl\\\/web\\\/wp-content\\\/uploads\\\/2024\\\/06\\\/profile-image-ig-page-diarioeltrabajo.jpg\",\"contentUrl\":\"https:\\\/\\\/eltrabajo.cl\\\/web\\\/wp-content\\\/uploads\\\/2024\\\/06\\\/profile-image-ig-page-diarioeltrabajo.jpg\",\"width\":823,\"height\":823,\"caption\":\"Diario El Trabajo\"},\"image\":{\"@id\":\"https:\\\/\\\/eltrabajo.cl\\\/web\\\/#\\\/schema\\\/logo\\\/image\\\/\"},\"sameAs\":[\"https:\\\/\\\/www.facebook.com\\\/ElTrabajoDiario\",\"https:\\\/\\\/x.com\\\/diarioeltrabajo\"]},{\"@type\":\"Person\",\"@id\":\"https:\\\/\\\/eltrabajo.cl\\\/web\\\/#\\\/schema\\\/person\\\/45efd3d17f86ec456e44dd7debe1bf19\",\"name\":\"Diario El Trabajo\",\"image\":{\"@type\":\"ImageObject\",\"inLanguage\":\"es-CL\",\"@id\":\"https:\\\/\\\/secure.gravatar.com\\\/avatar\\\/7e6ec277dc4aea2677c2dc301d4227957219329c985ab69a3efc12518b5161aa?s=96&d=mm&r=g\",\"url\":\"https:\\\/\\\/secure.gravatar.com\\\/avatar\\\/7e6ec277dc4aea2677c2dc301d4227957219329c985ab69a3efc12518b5161aa?s=96&d=mm&r=g\",\"contentUrl\":\"https:\\\/\\\/secure.gravatar.com\\\/avatar\\\/7e6ec277dc4aea2677c2dc301d4227957219329c985ab69a3efc12518b5161aa?s=96&d=mm&r=g\",\"caption\":\"Diario El Trabajo\"},\"sameAs\":[\"https:\\\/\\\/eltrabajo.cl\\\/web\"],\"url\":\"https:\\\/\\\/eltrabajo.cl\\\/web\\\/author\\\/diario-el-trabajo\\\/\"}]}<\/script>\n<!-- \/ Yoast SEO plugin. -->","yoast_head_json":{"title":"Finaliza resiembra de la cancha del Estadio Municipal - Diario El Trabajo","robots":{"index":"index","follow":"follow","max-snippet":"max-snippet:-1","max-image-preview":"max-image-preview:large","max-video-preview":"max-video-preview:-1"},"canonical":"https:\/\/eltrabajo.cl\/web\/finaliza-resiembra-de-la-cancha-del-estadio-municipal\/","og_locale":"es_ES","og_type":"article","og_title":"Finaliza resiembra de la cancha del Estadio Municipal - Diario El Trabajo","og_description":"Arreglos en la galer\u00eda norte e instalaci\u00f3n de butacas se ejecutan en este momento.\u2013 Con \u00e9xito se llev\u00f3 a cabo el proceso de la resiembra de la cancha del Estadio Municipal de San Felipe. Como todos los a\u00f1os, y seg\u00fan el contrato con la empresa respectiva de parte del municipio, se ejecut\u00f3 este trabajo para [&hellip;]","og_url":"https:\/\/eltrabajo.cl\/web\/finaliza-resiembra-de-la-cancha-del-estadio-municipal\/","og_site_name":"Diario El Trabajo","article_publisher":"https:\/\/www.facebook.com\/ElTrabajoDiario","article_published_time":"2026-04-27T00:22:42+00:00","og_image":[{"width":700,"height":525,"url":"https:\/\/eltrabajo.cl\/web\/wp-content\/uploads\/2026\/04\/cancha-Estadio-Municipal-1.jpg","type":"image\/jpeg"}],"author":"Diario El Trabajo","twitter_card":"summary_large_image","twitter_creator":"@diarioeltrabajo","twitter_site":"@diarioeltrabajo","twitter_misc":{"Escrito por":"Diario El Trabajo","Tiempo estimado de lectura":"3 minutos"},"schema":{"@context":"https:\/\/schema.org","@graph":[{"@type":"Article","@id":"https:\/\/eltrabajo.cl\/web\/finaliza-resiembra-de-la-cancha-del-estadio-municipal\/#article","isPartOf":{"@id":"https:\/\/eltrabajo.cl\/web\/finaliza-resiembra-de-la-cancha-del-estadio-municipal\/"},"author":{"name":"Diario El Trabajo","@id":"https:\/\/eltrabajo.cl\/web\/#\/schema\/person\/45efd3d17f86ec456e44dd7debe1bf19"},"headline":"Finaliza resiembra de la cancha del Estadio Municipal","datePublished":"2026-04-27T00:22:42+00:00","mainEntityOfPage":{"@id":"https:\/\/eltrabajo.cl\/web\/finaliza-resiembra-de-la-cancha-del-estadio-municipal\/"},"wordCount":498,"commentCount":0,"publisher":{"@id":"https:\/\/eltrabajo.cl\/web\/#organization"},"image":{"@id":"https:\/\/eltrabajo.cl\/web\/finaliza-resiembra-de-la-cancha-del-estadio-municipal\/#primaryimage"},"thumbnailUrl":"https:\/\/eltrabajo.cl\/web\/wp-content\/uploads\/2026\/04\/cancha-Estadio-Municipal-1.jpg","articleSection":["Cr\u00f3nica"],"inLanguage":"es-CL","potentialAction":[{"@type":"CommentAction","name":"Comment","target":["https:\/\/eltrabajo.cl\/web\/finaliza-resiembra-de-la-cancha-del-estadio-municipal\/#respond"]}]},{"@type":"WebPage","@id":"https:\/\/eltrabajo.cl\/web\/finaliza-resiembra-de-la-cancha-del-estadio-municipal\/","url":"https:\/\/eltrabajo.cl\/web\/finaliza-resiembra-de-la-cancha-del-estadio-municipal\/","name":"Finaliza resiembra de la cancha del Estadio Municipal - Diario El Trabajo","isPartOf":{"@id":"https:\/\/eltrabajo.cl\/web\/#website"},"primaryImageOfPage":{"@id":"https:\/\/eltrabajo.cl\/web\/finaliza-resiembra-de-la-cancha-del-estadio-municipal\/#primaryimage"},"image":{"@id":"https:\/\/eltrabajo.cl\/web\/finaliza-resiembra-de-la-cancha-del-estadio-municipal\/#primaryimage"},"thumbnailUrl":"https:\/\/eltrabajo.cl\/web\/wp-content\/uploads\/2026\/04\/cancha-Estadio-Municipal-1.jpg","datePublished":"2026-04-27T00:22:42+00:00","breadcrumb":{"@id":"https:\/\/eltrabajo.cl\/web\/finaliza-resiembra-de-la-cancha-del-estadio-municipal\/#breadcrumb"},"inLanguage":"es-CL","potentialAction":[{"@type":"ReadAction","target":["https:\/\/eltrabajo.cl\/web\/finaliza-resiembra-de-la-cancha-del-estadio-municipal\/"]}]},{"@type":"ImageObject","inLanguage":"es-CL","@id":"https:\/\/eltrabajo.cl\/web\/finaliza-resiembra-de-la-cancha-del-estadio-municipal\/#primaryimage","url":"https:\/\/eltrabajo.cl\/web\/wp-content\/uploads\/2026\/04\/cancha-Estadio-Municipal-1.jpg","contentUrl":"https:\/\/eltrabajo.cl\/web\/wp-content\/uploads\/2026\/04\/cancha-Estadio-Municipal-1.jpg","width":700,"height":525,"caption":"As\u00ed luce el recinto tras la resiembra."},{"@type":"BreadcrumbList","@id":"https:\/\/eltrabajo.cl\/web\/finaliza-resiembra-de-la-cancha-del-estadio-municipal\/#breadcrumb","itemListElement":[{"@type":"ListItem","position":1,"name":"Portada","item":"https:\/\/eltrabajo.cl\/web\/"},{"@type":"ListItem","position":2,"name":"Finaliza resiembra de la cancha del Estadio Municipal"}]},{"@type":"WebSite","@id":"https:\/\/eltrabajo.cl\/web\/#website","url":"https:\/\/eltrabajo.cl\/web\/","name":"Diario El Trabajo","description":"Desde 1929 construyendo Identidad Local","publisher":{"@id":"https:\/\/eltrabajo.cl\/web\/#organization"},"potentialAction":[{"@type":"SearchAction","target":{"@type":"EntryPoint","urlTemplate":"https:\/\/eltrabajo.cl\/web\/?s={search_term_string}"},"query-input":{"@type":"PropertyValueSpecification","valueRequired":true,"valueName":"search_term_string"}}],"inLanguage":"es-CL"},{"@type":"Organization","@id":"https:\/\/eltrabajo.cl\/web\/#organization","name":"Diario El Trabajo","url":"https:\/\/eltrabajo.cl\/web\/","logo":{"@type":"ImageObject","inLanguage":"es-CL","@id":"https:\/\/eltrabajo.cl\/web\/#\/schema\/logo\/image\/","url":"https:\/\/eltrabajo.cl\/web\/wp-content\/uploads\/2024\/06\/profile-image-ig-page-diarioeltrabajo.jpg","contentUrl":"https:\/\/eltrabajo.cl\/web\/wp-content\/uploads\/2024\/06\/profile-image-ig-page-diarioeltrabajo.jpg","width":823,"height":823,"caption":"Diario El Trabajo"},"image":{"@id":"https:\/\/eltrabajo.cl\/web\/#\/schema\/logo\/image\/"},"sameAs":["https:\/\/www.facebook.com\/ElTrabajoDiario","https:\/\/x.com\/diarioeltrabajo"]},{"@type":"Person","@id":"https:\/\/eltrabajo.cl\/web\/#\/schema\/person\/45efd3d17f86ec456e44dd7debe1bf19","name":"Diario El Trabajo","image":{"@type":"ImageObject","inLanguage":"es-CL","@id":"https:\/\/secure.gravatar.com\/avatar\/7e6ec277dc4aea2677c2dc301d4227957219329c985ab69a3efc12518b5161aa?s=96&d=mm&r=g","url":"https:\/\/secure.gravatar.com\/avatar\/7e6ec277dc4aea2677c2dc301d4227957219329c985ab69a3efc12518b5161aa?s=96&d=mm&r=g","contentUrl":"https:\/\/secure.gravatar.com\/avatar\/7e6ec277dc4aea2677c2dc301d4227957219329c985ab69a3efc12518b5161aa?s=96&d=mm&r=g","caption":"Diario El Trabajo"},"sameAs":["https:\/\/eltrabajo.cl\/web"],"url":"https:\/\/eltrabajo.cl\/web\/author\/diario-el-trabajo\/"}]}},"_links":{"self":[{"href":"https:\/\/eltrabajo.cl\/web\/wp-json\/wp\/v2\/posts\/144255","targetHints":{"allow":["GET"]}}],"collection":[{"href":"https:\/\/eltrabajo.cl\/web\/wp-json\/wp\/v2\/posts"}],"about":[{"href":"https:\/\/eltrabajo.cl\/web\/wp-json\/wp\/v2\/types\/post"}],"author":[{"embeddable":true,"href":"https:\/\/eltrabajo.cl\/web\/wp-json\/wp\/v2\/users\/1"}],"replies":[{"embeddable":true,"href":"https:\/\/eltrabajo.cl\/web\/wp-json\/wp\/v2\/comments?post=144255"}],"version-history":[{"count":1,"href":"https:\/\/eltrabajo.cl\/web\/wp-json\/wp\/v2\/posts\/144255\/revisions"}],"predecessor-version":[{"id":144257,"href":"https:\/\/eltrabajo.cl\/web\/wp-json\/wp\/v2\/posts\/144255\/revisions\/144257"}],"wp:featuredmedia":[{"embeddable":true,"href":"https:\/\/eltrabajo.cl\/web\/wp-json\/wp\/v2\/media\/144256"}],"wp:attachment":[{"href":"https:\/\/eltrabajo.cl\/web\/wp-json\/wp\/v2\/media?parent=144255"}],"wp:term":[{"taxonomy":"category","embeddable":true,"href":"https:\/\/eltrabajo.cl\/web\/wp-json\/wp\/v2\/categories?post=144255"},{"taxonomy":"post_tag","embeddable":true,"href":"https:\/\/eltrabajo.cl\/web\/wp-json\/wp\/v2\/tags?post=144255"}],"curies":[{"name":"wp","href":"https:\/\/api.w.org\/{rel}","templated":true}]}}