{"id":144258,"date":"2026-04-26T21:24:35","date_gmt":"2026-04-27T00:24:35","guid":{"rendered":"https:\/\/eltrabajo.cl\/web\/?p=144258"},"modified":"2026-04-26T21:24:35","modified_gmt":"2026-04-27T00:24:35","slug":"union-san-felipe-vuelve-a-su-realidad-tras-caer-por-la-minina-ante-magallanes","status":"publish","type":"post","link":"https:\/\/eltrabajo.cl\/web\/union-san-felipe-vuelve-a-su-realidad-tras-caer-por-la-minina-ante-magallanes\/","title":{"rendered":"Uni\u00f3n San Felipe vuelve a su realidad tras caer\u00a0por la m\u00ednina ante Magallanes"},"content":{"rendered":"<p>En un partido en el cual una vez m\u00e1s repiti\u00f3 las mismas falencias de construcci\u00f3n futbol\u00edstica que lo han convertido en un equipo extremadamente r\u00fastico, sin mayores ideas que le impiden proponer, Uni\u00f3n San Felipe perdi\u00f3 el invicto como local al caer por 1 a 0 frente a un ordenado y elaborado Magallanes.<\/p>\n<p>El mediod\u00eda del s\u00e1bado pasado la escuadra carabelera desnud\u00f3 por completo a los sanfelipe\u00f1os al hacerse evidente y visible las distancias que se separan en el juego, a un conjunto cerebral que entiende que los partidos se resuelven desde el mediocampo, y otro que equ\u00edvocamente cree que prescindiendo de esa zona puede imponerse en los duelos.<\/p>\n<p>Mientras Magallanes siempre intentaba desde la elaboraci\u00f3n llegar hasta la \u00faltima l\u00ednea albirroja, los de <strong>Landeros<\/strong> abusaban de los pases en trazos largos o simplemente enviaban pelotazos que en m\u00e1s de alguna oportunidad complicaron a la feble zaga magall\u00e1nica y un arquero que se vio nervioso e inseguro durante casi todo el lance. As\u00ed y todo, el Un\u00ed Un\u00ed no pudo hacer da\u00f1o, porque las escasas ocasiones fueron desaprovechadas por sus delanteros, especialmente <strong>Agust\u00edn Fontana<\/strong>.<\/p>\n<p>Seamos claros, Uni\u00f3n San Felipe fue superado en todas las facetas del juego, y si los forasteros no se llevaron un triunfo m\u00e1s amplio en los n\u00fameros, solo de debi\u00f3 a que <strong>Leandro Ca\u00f1ete<\/strong> nuevamente tuvo una actuaci\u00f3n destacada, m\u00e1s all\u00e1 de su error en el 27\u2019 cuando permiti\u00f3 el gol de <strong>Rub\u00e9n Farf\u00e1n<\/strong>, que fue el argumento que inclin\u00f3 la balanza hacia el lado de la academia.<\/p>\n<p>Es cierto, el hierro del golero fue determinante en el resultado, pero tampoco se puede obviar en el an\u00e1lisis que un equipo sea tan d\u00e9bil en su armado futbol\u00edstico que le impida encontrar respuestas para empatar o incluso cambiar la historia de un pleito. Lo diremos o escribiremos hasta el cansancio, este cuadro no puede permitirse tener fuera a <strong>Axel Le\u00f3n<\/strong>, el \u00fanico jugador con caracter\u00edsticas de regulador que ordena y adem\u00e1s va al raspe.<\/p>\n<p>Lo del s\u00e1bado fue penoso, b\u00e1sicamente por el hecho que Magallanes dej\u00f3 muy en claro que San Felipe tiene mucho por mejorar y crecer si no quiere pasar sustos a fines de a\u00f1o. De esta manera es muy claro que los empates se podr\u00e1n considerar buenos resultados, porque los rivales rara vez cometer\u00e1n los pecados que en su momento tuvo Santa Cruz, que en su af\u00e1n de ir por el triunfo cedieron tantos espacios que facilitaron en extremo la tarea a los delanteros y volantes albirrojos.<\/p>\n<p>La gente se ve cansada por la propuesta sanfelipe\u00f1a y lo hizo saber al final del cotejo, ya que se sintieron pifias e incluso algunos insultos hacia los jugadores y cuerpo t\u00e9cnico, quedando claro que la paciencia se est\u00e1 acabando. Jugando de esta manera ser\u00e1 muy dif\u00edcil, por no decir imposible, que Uni\u00f3n San Felipe pueda convocar mucha m\u00e1s gente al estadio.<\/p>\n<p>Dentro de un universo competido negativo, igual hay espacios para cosas positivas, y una de ellas es que el equipo se ve completamente recuperado y afinado en el tema f\u00edsico. Eso es bueno, porque intentar mejorar sin ese aval es imposible.<\/p>\n<p>Lo positivo que dej\u00f3 la fecha 9 del torneo de Ascenso para las huestes sanfelipe\u00f1as, fue la derrota (2-1) de Rangers de Talca a manos de Deportes Temuco, resultado que le permite mantener a 7 puntos de distancia al actual colista de la serie de bronce del f\u00fatbol chileno.<\/p>\n<figure id=\"attachment_144259\" aria-describedby=\"caption-attachment-144259\" style=\"width: 699px\" class=\"wp-caption alignnone\"><img loading=\"lazy\" decoding=\"async\" class=\"size-full wp-image-144259\" src=\"https:\/\/eltrabajo.cl\/web\/wp-content\/uploads\/2026\/04\/uni-uni-2.jpg\" alt=\"Este fue once titular albirrojo que empez\u00f3 el \u00faltimo encuentro (Foto: Jaime G\u00f3mez Corales).  \" width=\"699\" height=\"400\" srcset=\"https:\/\/eltrabajo.cl\/web\/wp-content\/uploads\/2026\/04\/uni-uni-2.jpg 699w, https:\/\/eltrabajo.cl\/web\/wp-content\/uploads\/2026\/04\/uni-uni-2-300x172.jpg 300w, https:\/\/eltrabajo.cl\/web\/wp-content\/uploads\/2026\/04\/uni-uni-2-150x86.jpg 150w, https:\/\/eltrabajo.cl\/web\/wp-content\/uploads\/2026\/04\/uni-uni-2-696x398.jpg 696w\" sizes=\"auto, (max-width: 699px) 100vw, 699px\" \/><figcaption id=\"caption-attachment-144259\" class=\"wp-caption-text\">Este fue once titular albirrojo que empez\u00f3 el \u00faltimo encuentro (Foto: Jaime G\u00f3mez Corales).<\/figcaption><\/figure>\n<figure id=\"attachment_144260\" aria-describedby=\"caption-attachment-144260\" style=\"width: 698px\" class=\"wp-caption alignnone\"><img loading=\"lazy\" decoding=\"async\" class=\"size-full wp-image-144260\" src=\"https:\/\/eltrabajo.cl\/web\/wp-content\/uploads\/2026\/04\/jugada.jpg\" alt=\"Albirrojos y carabeleros sostuvieron un encuentro muy desnivelado en el futbol\u00edstico (Foto: Jaime G\u00f3mez Corales).\" width=\"698\" height=\"504\" srcset=\"https:\/\/eltrabajo.cl\/web\/wp-content\/uploads\/2026\/04\/jugada.jpg 698w, https:\/\/eltrabajo.cl\/web\/wp-content\/uploads\/2026\/04\/jugada-300x217.jpg 300w, https:\/\/eltrabajo.cl\/web\/wp-content\/uploads\/2026\/04\/jugada-582x420.jpg 582w, https:\/\/eltrabajo.cl\/web\/wp-content\/uploads\/2026\/04\/jugada-150x108.jpg 150w, https:\/\/eltrabajo.cl\/web\/wp-content\/uploads\/2026\/04\/jugada-696x503.jpg 696w\" sizes=\"auto, (max-width: 698px) 100vw, 698px\" \/><figcaption id=\"caption-attachment-144260\" class=\"wp-caption-text\">Albirrojos y carabeleros sostuvieron un encuentro muy desnivelado en el futbol\u00edstico (Foto: Jaime G\u00f3mez Corales).<\/figcaption><\/figure>\n<figure id=\"attachment_144261\" aria-describedby=\"caption-attachment-144261\" style=\"width: 699px\" class=\"wp-caption alignnone\"><img loading=\"lazy\" decoding=\"async\" class=\"size-full wp-image-144261\" src=\"https:\/\/eltrabajo.cl\/web\/wp-content\/uploads\/2026\/04\/riveros.jpg\" alt=\"Ignacio Jara controla ante la f\u00e9rrea marca de un defensor de Magallanes (Foto: Jaime G\u00f3mez Corales).\" width=\"699\" height=\"505\" srcset=\"https:\/\/eltrabajo.cl\/web\/wp-content\/uploads\/2026\/04\/riveros.jpg 699w, https:\/\/eltrabajo.cl\/web\/wp-content\/uploads\/2026\/04\/riveros-300x217.jpg 300w, https:\/\/eltrabajo.cl\/web\/wp-content\/uploads\/2026\/04\/riveros-581x420.jpg 581w, https:\/\/eltrabajo.cl\/web\/wp-content\/uploads\/2026\/04\/riveros-150x108.jpg 150w, https:\/\/eltrabajo.cl\/web\/wp-content\/uploads\/2026\/04\/riveros-696x503.jpg 696w\" sizes=\"auto, (max-width: 699px) 100vw, 699px\" \/><figcaption id=\"caption-attachment-144261\" class=\"wp-caption-text\">Ignacio Jara controla ante la f\u00e9rrea marca de un defensor de Magallanes (Foto: Jaime G\u00f3mez Corales).<\/figcaption><\/figure>\n","protected":false},"excerpt":{"rendered":"<p>En un partido en el cual una vez m\u00e1s repiti\u00f3 las mismas falencias de construcci\u00f3n futbol\u00edstica que lo han convertido en un equipo extremadamente r\u00fastico, sin mayores ideas que le impiden proponer, Uni\u00f3n San Felipe perdi\u00f3 el invicto como local al caer por 1 a 0 frente a un ordenado y elaborado Magallanes. El mediod\u00eda [&hellip;]<\/p>\n","protected":false},"author":1,"featured_media":144259,"comment_status":"open","ping_status":"closed","sticky":false,"template":"","format":"standard","meta":{"footnotes":""},"categories":[2],"tags":[],"class_list":{"0":"post-144258","1":"post","2":"type-post","3":"status-publish","4":"format-standard","5":"has-post-thumbnail","7":"category-deportes"},"yoast_head":"<!-- This site is optimized with the Yoast SEO plugin v27.4 - https:\/\/yoast.com\/product\/yoast-seo-wordpress\/ -->\n<title>Uni\u00f3n San Felipe vuelve a su realidad tras caer\u00a0por la m\u00ednina ante Magallanes - Diario El Trabajo<\/title>\n<meta name=\"robots\" content=\"index, follow, max-snippet:-1, max-image-preview:large, max-video-preview:-1\" \/>\n<link rel=\"canonical\" href=\"https:\/\/eltrabajo.cl\/web\/union-san-felipe-vuelve-a-su-realidad-tras-caer-por-la-minina-ante-magallanes\/\" \/>\n<meta property=\"og:locale\" content=\"es_ES\" \/>\n<meta property=\"og:type\" content=\"article\" \/>\n<meta property=\"og:title\" content=\"Uni\u00f3n San Felipe vuelve a su realidad tras caer\u00a0por la m\u00ednina ante Magallanes - Diario El Trabajo\" \/>\n<meta property=\"og:description\" content=\"En un partido en el cual una vez m\u00e1s repiti\u00f3 las mismas falencias de construcci\u00f3n futbol\u00edstica que lo han convertido en un equipo extremadamente r\u00fastico, sin mayores ideas que le impiden proponer, Uni\u00f3n San Felipe perdi\u00f3 el invicto como local al caer por 1 a 0 frente a un ordenado y elaborado Magallanes. El mediod\u00eda [&hellip;]\" \/>\n<meta property=\"og:url\" content=\"https:\/\/eltrabajo.cl\/web\/union-san-felipe-vuelve-a-su-realidad-tras-caer-por-la-minina-ante-magallanes\/\" \/>\n<meta property=\"og:site_name\" content=\"Diario El Trabajo\" \/>\n<meta property=\"article:publisher\" content=\"https:\/\/www.facebook.com\/ElTrabajoDiario\" \/>\n<meta property=\"article:published_time\" content=\"2026-04-27T00:24:35+00:00\" \/>\n<meta property=\"og:image\" content=\"https:\/\/eltrabajo.cl\/web\/wp-content\/uploads\/2026\/04\/uni-uni-2.jpg\" \/>\n\t<meta property=\"og:image:width\" content=\"699\" \/>\n\t<meta property=\"og:image:height\" content=\"400\" \/>\n\t<meta property=\"og:image:type\" content=\"image\/jpeg\" \/>\n<meta name=\"author\" content=\"Diario El Trabajo\" \/>\n<meta name=\"twitter:card\" content=\"summary_large_image\" \/>\n<meta name=\"twitter:creator\" content=\"@diarioeltrabajo\" \/>\n<meta name=\"twitter:site\" content=\"@diarioeltrabajo\" \/>\n<meta name=\"twitter:label1\" content=\"Escrito por\" \/>\n\t<meta name=\"twitter:data1\" content=\"Diario El Trabajo\" \/>\n\t<meta name=\"twitter:label2\" content=\"Tiempo estimado de lectura\" \/>\n\t<meta name=\"twitter:data2\" content=\"4 minutos\" \/>\n<script type=\"application\/ld+json\" class=\"yoast-schema-graph\">{\"@context\":\"https:\\\/\\\/schema.org\",\"@graph\":[{\"@type\":\"Article\",\"@id\":\"https:\\\/\\\/eltrabajo.cl\\\/web\\\/union-san-felipe-vuelve-a-su-realidad-tras-caer-por-la-minina-ante-magallanes\\\/#article\",\"isPartOf\":{\"@id\":\"https:\\\/\\\/eltrabajo.cl\\\/web\\\/union-san-felipe-vuelve-a-su-realidad-tras-caer-por-la-minina-ante-magallanes\\\/\"},\"author\":{\"name\":\"Diario El Trabajo\",\"@id\":\"https:\\\/\\\/eltrabajo.cl\\\/web\\\/#\\\/schema\\\/person\\\/45efd3d17f86ec456e44dd7debe1bf19\"},\"headline\":\"Uni\u00f3n San Felipe vuelve a su realidad tras caer\u00a0por la m\u00ednina ante Magallanes\",\"datePublished\":\"2026-04-27T00:24:35+00:00\",\"mainEntityOfPage\":{\"@id\":\"https:\\\/\\\/eltrabajo.cl\\\/web\\\/union-san-felipe-vuelve-a-su-realidad-tras-caer-por-la-minina-ante-magallanes\\\/\"},\"wordCount\":690,\"commentCount\":0,\"publisher\":{\"@id\":\"https:\\\/\\\/eltrabajo.cl\\\/web\\\/#organization\"},\"image\":{\"@id\":\"https:\\\/\\\/eltrabajo.cl\\\/web\\\/union-san-felipe-vuelve-a-su-realidad-tras-caer-por-la-minina-ante-magallanes\\\/#primaryimage\"},\"thumbnailUrl\":\"https:\\\/\\\/eltrabajo.cl\\\/web\\\/wp-content\\\/uploads\\\/2026\\\/04\\\/uni-uni-2.jpg\",\"articleSection\":[\"Deportes\"],\"inLanguage\":\"es-CL\",\"potentialAction\":[{\"@type\":\"CommentAction\",\"name\":\"Comment\",\"target\":[\"https:\\\/\\\/eltrabajo.cl\\\/web\\\/union-san-felipe-vuelve-a-su-realidad-tras-caer-por-la-minina-ante-magallanes\\\/#respond\"]}]},{\"@type\":\"WebPage\",\"@id\":\"https:\\\/\\\/eltrabajo.cl\\\/web\\\/union-san-felipe-vuelve-a-su-realidad-tras-caer-por-la-minina-ante-magallanes\\\/\",\"url\":\"https:\\\/\\\/eltrabajo.cl\\\/web\\\/union-san-felipe-vuelve-a-su-realidad-tras-caer-por-la-minina-ante-magallanes\\\/\",\"name\":\"Uni\u00f3n San Felipe vuelve a su realidad tras caer\u00a0por la m\u00ednina ante Magallanes - Diario El Trabajo\",\"isPartOf\":{\"@id\":\"https:\\\/\\\/eltrabajo.cl\\\/web\\\/#website\"},\"primaryImageOfPage\":{\"@id\":\"https:\\\/\\\/eltrabajo.cl\\\/web\\\/union-san-felipe-vuelve-a-su-realidad-tras-caer-por-la-minina-ante-magallanes\\\/#primaryimage\"},\"image\":{\"@id\":\"https:\\\/\\\/eltrabajo.cl\\\/web\\\/union-san-felipe-vuelve-a-su-realidad-tras-caer-por-la-minina-ante-magallanes\\\/#primaryimage\"},\"thumbnailUrl\":\"https:\\\/\\\/eltrabajo.cl\\\/web\\\/wp-content\\\/uploads\\\/2026\\\/04\\\/uni-uni-2.jpg\",\"datePublished\":\"2026-04-27T00:24:35+00:00\",\"breadcrumb\":{\"@id\":\"https:\\\/\\\/eltrabajo.cl\\\/web\\\/union-san-felipe-vuelve-a-su-realidad-tras-caer-por-la-minina-ante-magallanes\\\/#breadcrumb\"},\"inLanguage\":\"es-CL\",\"potentialAction\":[{\"@type\":\"ReadAction\",\"target\":[\"https:\\\/\\\/eltrabajo.cl\\\/web\\\/union-san-felipe-vuelve-a-su-realidad-tras-caer-por-la-minina-ante-magallanes\\\/\"]}]},{\"@type\":\"ImageObject\",\"inLanguage\":\"es-CL\",\"@id\":\"https:\\\/\\\/eltrabajo.cl\\\/web\\\/union-san-felipe-vuelve-a-su-realidad-tras-caer-por-la-minina-ante-magallanes\\\/#primaryimage\",\"url\":\"https:\\\/\\\/eltrabajo.cl\\\/web\\\/wp-content\\\/uploads\\\/2026\\\/04\\\/uni-uni-2.jpg\",\"contentUrl\":\"https:\\\/\\\/eltrabajo.cl\\\/web\\\/wp-content\\\/uploads\\\/2026\\\/04\\\/uni-uni-2.jpg\",\"width\":699,\"height\":400,\"caption\":\"Este fue once titular albirrojo que empez\u00f3 el \u00faltimo encuentro (Foto: Jaime G\u00f3mez Corales).\"},{\"@type\":\"BreadcrumbList\",\"@id\":\"https:\\\/\\\/eltrabajo.cl\\\/web\\\/union-san-felipe-vuelve-a-su-realidad-tras-caer-por-la-minina-ante-magallanes\\\/#breadcrumb\",\"itemListElement\":[{\"@type\":\"ListItem\",\"position\":1,\"name\":\"Portada\",\"item\":\"https:\\\/\\\/eltrabajo.cl\\\/web\\\/\"},{\"@type\":\"ListItem\",\"position\":2,\"name\":\"Uni\u00f3n San Felipe vuelve a su realidad tras caer\u00a0por la m\u00ednina ante Magallanes\"}]},{\"@type\":\"WebSite\",\"@id\":\"https:\\\/\\\/eltrabajo.cl\\\/web\\\/#website\",\"url\":\"https:\\\/\\\/eltrabajo.cl\\\/web\\\/\",\"name\":\"Diario El Trabajo\",\"description\":\"Desde 1929 construyendo Identidad Local\",\"publisher\":{\"@id\":\"https:\\\/\\\/eltrabajo.cl\\\/web\\\/#organization\"},\"potentialAction\":[{\"@type\":\"SearchAction\",\"target\":{\"@type\":\"EntryPoint\",\"urlTemplate\":\"https:\\\/\\\/eltrabajo.cl\\\/web\\\/?s={search_term_string}\"},\"query-input\":{\"@type\":\"PropertyValueSpecification\",\"valueRequired\":true,\"valueName\":\"search_term_string\"}}],\"inLanguage\":\"es-CL\"},{\"@type\":\"Organization\",\"@id\":\"https:\\\/\\\/eltrabajo.cl\\\/web\\\/#organization\",\"name\":\"Diario El Trabajo\",\"url\":\"https:\\\/\\\/eltrabajo.cl\\\/web\\\/\",\"logo\":{\"@type\":\"ImageObject\",\"inLanguage\":\"es-CL\",\"@id\":\"https:\\\/\\\/eltrabajo.cl\\\/web\\\/#\\\/schema\\\/logo\\\/image\\\/\",\"url\":\"https:\\\/\\\/eltrabajo.cl\\\/web\\\/wp-content\\\/uploads\\\/2024\\\/06\\\/profile-image-ig-page-diarioeltrabajo.jpg\",\"contentUrl\":\"https:\\\/\\\/eltrabajo.cl\\\/web\\\/wp-content\\\/uploads\\\/2024\\\/06\\\/profile-image-ig-page-diarioeltrabajo.jpg\",\"width\":823,\"height\":823,\"caption\":\"Diario El Trabajo\"},\"image\":{\"@id\":\"https:\\\/\\\/eltrabajo.cl\\\/web\\\/#\\\/schema\\\/logo\\\/image\\\/\"},\"sameAs\":[\"https:\\\/\\\/www.facebook.com\\\/ElTrabajoDiario\",\"https:\\\/\\\/x.com\\\/diarioeltrabajo\"]},{\"@type\":\"Person\",\"@id\":\"https:\\\/\\\/eltrabajo.cl\\\/web\\\/#\\\/schema\\\/person\\\/45efd3d17f86ec456e44dd7debe1bf19\",\"name\":\"Diario El Trabajo\",\"image\":{\"@type\":\"ImageObject\",\"inLanguage\":\"es-CL\",\"@id\":\"https:\\\/\\\/secure.gravatar.com\\\/avatar\\\/7e6ec277dc4aea2677c2dc301d4227957219329c985ab69a3efc12518b5161aa?s=96&d=mm&r=g\",\"url\":\"https:\\\/\\\/secure.gravatar.com\\\/avatar\\\/7e6ec277dc4aea2677c2dc301d4227957219329c985ab69a3efc12518b5161aa?s=96&d=mm&r=g\",\"contentUrl\":\"https:\\\/\\\/secure.gravatar.com\\\/avatar\\\/7e6ec277dc4aea2677c2dc301d4227957219329c985ab69a3efc12518b5161aa?s=96&d=mm&r=g\",\"caption\":\"Diario El Trabajo\"},\"sameAs\":[\"https:\\\/\\\/eltrabajo.cl\\\/web\"],\"url\":\"https:\\\/\\\/eltrabajo.cl\\\/web\\\/author\\\/diario-el-trabajo\\\/\"}]}<\/script>\n<!-- \/ Yoast SEO plugin. -->","yoast_head_json":{"title":"Uni\u00f3n San Felipe vuelve a su realidad tras caer\u00a0por la m\u00ednina ante Magallanes - Diario El Trabajo","robots":{"index":"index","follow":"follow","max-snippet":"max-snippet:-1","max-image-preview":"max-image-preview:large","max-video-preview":"max-video-preview:-1"},"canonical":"https:\/\/eltrabajo.cl\/web\/union-san-felipe-vuelve-a-su-realidad-tras-caer-por-la-minina-ante-magallanes\/","og_locale":"es_ES","og_type":"article","og_title":"Uni\u00f3n San Felipe vuelve a su realidad tras caer\u00a0por la m\u00ednina ante Magallanes - Diario El Trabajo","og_description":"En un partido en el cual una vez m\u00e1s repiti\u00f3 las mismas falencias de construcci\u00f3n futbol\u00edstica que lo han convertido en un equipo extremadamente r\u00fastico, sin mayores ideas que le impiden proponer, Uni\u00f3n San Felipe perdi\u00f3 el invicto como local al caer por 1 a 0 frente a un ordenado y elaborado Magallanes. El mediod\u00eda [&hellip;]","og_url":"https:\/\/eltrabajo.cl\/web\/union-san-felipe-vuelve-a-su-realidad-tras-caer-por-la-minina-ante-magallanes\/","og_site_name":"Diario El Trabajo","article_publisher":"https:\/\/www.facebook.com\/ElTrabajoDiario","article_published_time":"2026-04-27T00:24:35+00:00","og_image":[{"width":699,"height":400,"url":"https:\/\/eltrabajo.cl\/web\/wp-content\/uploads\/2026\/04\/uni-uni-2.jpg","type":"image\/jpeg"}],"author":"Diario El Trabajo","twitter_card":"summary_large_image","twitter_creator":"@diarioeltrabajo","twitter_site":"@diarioeltrabajo","twitter_misc":{"Escrito por":"Diario El Trabajo","Tiempo estimado de lectura":"4 minutos"},"schema":{"@context":"https:\/\/schema.org","@graph":[{"@type":"Article","@id":"https:\/\/eltrabajo.cl\/web\/union-san-felipe-vuelve-a-su-realidad-tras-caer-por-la-minina-ante-magallanes\/#article","isPartOf":{"@id":"https:\/\/eltrabajo.cl\/web\/union-san-felipe-vuelve-a-su-realidad-tras-caer-por-la-minina-ante-magallanes\/"},"author":{"name":"Diario El Trabajo","@id":"https:\/\/eltrabajo.cl\/web\/#\/schema\/person\/45efd3d17f86ec456e44dd7debe1bf19"},"headline":"Uni\u00f3n San Felipe vuelve a su realidad tras caer\u00a0por la m\u00ednina ante Magallanes","datePublished":"2026-04-27T00:24:35+00:00","mainEntityOfPage":{"@id":"https:\/\/eltrabajo.cl\/web\/union-san-felipe-vuelve-a-su-realidad-tras-caer-por-la-minina-ante-magallanes\/"},"wordCount":690,"commentCount":0,"publisher":{"@id":"https:\/\/eltrabajo.cl\/web\/#organization"},"image":{"@id":"https:\/\/eltrabajo.cl\/web\/union-san-felipe-vuelve-a-su-realidad-tras-caer-por-la-minina-ante-magallanes\/#primaryimage"},"thumbnailUrl":"https:\/\/eltrabajo.cl\/web\/wp-content\/uploads\/2026\/04\/uni-uni-2.jpg","articleSection":["Deportes"],"inLanguage":"es-CL","potentialAction":[{"@type":"CommentAction","name":"Comment","target":["https:\/\/eltrabajo.cl\/web\/union-san-felipe-vuelve-a-su-realidad-tras-caer-por-la-minina-ante-magallanes\/#respond"]}]},{"@type":"WebPage","@id":"https:\/\/eltrabajo.cl\/web\/union-san-felipe-vuelve-a-su-realidad-tras-caer-por-la-minina-ante-magallanes\/","url":"https:\/\/eltrabajo.cl\/web\/union-san-felipe-vuelve-a-su-realidad-tras-caer-por-la-minina-ante-magallanes\/","name":"Uni\u00f3n San Felipe vuelve a su realidad tras caer\u00a0por la m\u00ednina ante Magallanes - Diario El Trabajo","isPartOf":{"@id":"https:\/\/eltrabajo.cl\/web\/#website"},"primaryImageOfPage":{"@id":"https:\/\/eltrabajo.cl\/web\/union-san-felipe-vuelve-a-su-realidad-tras-caer-por-la-minina-ante-magallanes\/#primaryimage"},"image":{"@id":"https:\/\/eltrabajo.cl\/web\/union-san-felipe-vuelve-a-su-realidad-tras-caer-por-la-minina-ante-magallanes\/#primaryimage"},"thumbnailUrl":"https:\/\/eltrabajo.cl\/web\/wp-content\/uploads\/2026\/04\/uni-uni-2.jpg","datePublished":"2026-04-27T00:24:35+00:00","breadcrumb":{"@id":"https:\/\/eltrabajo.cl\/web\/union-san-felipe-vuelve-a-su-realidad-tras-caer-por-la-minina-ante-magallanes\/#breadcrumb"},"inLanguage":"es-CL","potentialAction":[{"@type":"ReadAction","target":["https:\/\/eltrabajo.cl\/web\/union-san-felipe-vuelve-a-su-realidad-tras-caer-por-la-minina-ante-magallanes\/"]}]},{"@type":"ImageObject","inLanguage":"es-CL","@id":"https:\/\/eltrabajo.cl\/web\/union-san-felipe-vuelve-a-su-realidad-tras-caer-por-la-minina-ante-magallanes\/#primaryimage","url":"https:\/\/eltrabajo.cl\/web\/wp-content\/uploads\/2026\/04\/uni-uni-2.jpg","contentUrl":"https:\/\/eltrabajo.cl\/web\/wp-content\/uploads\/2026\/04\/uni-uni-2.jpg","width":699,"height":400,"caption":"Este fue once titular albirrojo que empez\u00f3 el \u00faltimo encuentro (Foto: Jaime G\u00f3mez Corales)."},{"@type":"BreadcrumbList","@id":"https:\/\/eltrabajo.cl\/web\/union-san-felipe-vuelve-a-su-realidad-tras-caer-por-la-minina-ante-magallanes\/#breadcrumb","itemListElement":[{"@type":"ListItem","position":1,"name":"Portada","item":"https:\/\/eltrabajo.cl\/web\/"},{"@type":"ListItem","position":2,"name":"Uni\u00f3n San Felipe vuelve a su realidad tras caer\u00a0por la m\u00ednina ante Magallanes"}]},{"@type":"WebSite","@id":"https:\/\/eltrabajo.cl\/web\/#website","url":"https:\/\/eltrabajo.cl\/web\/","name":"Diario El Trabajo","description":"Desde 1929 construyendo Identidad Local","publisher":{"@id":"https:\/\/eltrabajo.cl\/web\/#organization"},"potentialAction":[{"@type":"SearchAction","target":{"@type":"EntryPoint","urlTemplate":"https:\/\/eltrabajo.cl\/web\/?s={search_term_string}"},"query-input":{"@type":"PropertyValueSpecification","valueRequired":true,"valueName":"search_term_string"}}],"inLanguage":"es-CL"},{"@type":"Organization","@id":"https:\/\/eltrabajo.cl\/web\/#organization","name":"Diario El Trabajo","url":"https:\/\/eltrabajo.cl\/web\/","logo":{"@type":"ImageObject","inLanguage":"es-CL","@id":"https:\/\/eltrabajo.cl\/web\/#\/schema\/logo\/image\/","url":"https:\/\/eltrabajo.cl\/web\/wp-content\/uploads\/2024\/06\/profile-image-ig-page-diarioeltrabajo.jpg","contentUrl":"https:\/\/eltrabajo.cl\/web\/wp-content\/uploads\/2024\/06\/profile-image-ig-page-diarioeltrabajo.jpg","width":823,"height":823,"caption":"Diario El Trabajo"},"image":{"@id":"https:\/\/eltrabajo.cl\/web\/#\/schema\/logo\/image\/"},"sameAs":["https:\/\/www.facebook.com\/ElTrabajoDiario","https:\/\/x.com\/diarioeltrabajo"]},{"@type":"Person","@id":"https:\/\/eltrabajo.cl\/web\/#\/schema\/person\/45efd3d17f86ec456e44dd7debe1bf19","name":"Diario El Trabajo","image":{"@type":"ImageObject","inLanguage":"es-CL","@id":"https:\/\/secure.gravatar.com\/avatar\/7e6ec277dc4aea2677c2dc301d4227957219329c985ab69a3efc12518b5161aa?s=96&d=mm&r=g","url":"https:\/\/secure.gravatar.com\/avatar\/7e6ec277dc4aea2677c2dc301d4227957219329c985ab69a3efc12518b5161aa?s=96&d=mm&r=g","contentUrl":"https:\/\/secure.gravatar.com\/avatar\/7e6ec277dc4aea2677c2dc301d4227957219329c985ab69a3efc12518b5161aa?s=96&d=mm&r=g","caption":"Diario El Trabajo"},"sameAs":["https:\/\/eltrabajo.cl\/web"],"url":"https:\/\/eltrabajo.cl\/web\/author\/diario-el-trabajo\/"}]}},"_links":{"self":[{"href":"https:\/\/eltrabajo.cl\/web\/wp-json\/wp\/v2\/posts\/144258","targetHints":{"allow":["GET"]}}],"collection":[{"href":"https:\/\/eltrabajo.cl\/web\/wp-json\/wp\/v2\/posts"}],"about":[{"href":"https:\/\/eltrabajo.cl\/web\/wp-json\/wp\/v2\/types\/post"}],"author":[{"embeddable":true,"href":"https:\/\/eltrabajo.cl\/web\/wp-json\/wp\/v2\/users\/1"}],"replies":[{"embeddable":true,"href":"https:\/\/eltrabajo.cl\/web\/wp-json\/wp\/v2\/comments?post=144258"}],"version-history":[{"count":1,"href":"https:\/\/eltrabajo.cl\/web\/wp-json\/wp\/v2\/posts\/144258\/revisions"}],"predecessor-version":[{"id":144262,"href":"https:\/\/eltrabajo.cl\/web\/wp-json\/wp\/v2\/posts\/144258\/revisions\/144262"}],"wp:featuredmedia":[{"embeddable":true,"href":"https:\/\/eltrabajo.cl\/web\/wp-json\/wp\/v2\/media\/144259"}],"wp:attachment":[{"href":"https:\/\/eltrabajo.cl\/web\/wp-json\/wp\/v2\/media?parent=144258"}],"wp:term":[{"taxonomy":"category","embeddable":true,"href":"https:\/\/eltrabajo.cl\/web\/wp-json\/wp\/v2\/categories?post=144258"},{"taxonomy":"post_tag","embeddable":true,"href":"https:\/\/eltrabajo.cl\/web\/wp-json\/wp\/v2\/tags?post=144258"}],"curies":[{"name":"wp","href":"https:\/\/api.w.org\/{rel}","templated":true}]}}