{"id":144263,"date":"2026-04-26T21:25:32","date_gmt":"2026-04-27T00:25:32","guid":{"rendered":"https:\/\/eltrabajo.cl\/web\/?p=144263"},"modified":"2026-04-26T21:25:32","modified_gmt":"2026-04-27T00:25:32","slug":"demetrio-cuevas-se-corona-campeon-del-torneo-g2-sub-14-en-arica-y-sigue-en-ascenso-en-el-tenis-nacional","status":"publish","type":"post","link":"https:\/\/eltrabajo.cl\/web\/demetrio-cuevas-se-corona-campeon-del-torneo-g2-sub-14-en-arica-y-sigue-en-ascenso-en-el-tenis-nacional\/","title":{"rendered":"Demetrio Cuevas se corona campe\u00f3n del torneo G2 Sub-14\u00a0en Arica y sigue en ascenso en el tenis nacional"},"content":{"rendered":"<ul>\n<li><strong>El joven tenista sanfelipe\u00f1o se qued\u00f3 con el t\u00edtulo en el torneo disputado este fin de semana, sumando puntos clave para el ranking nacional y acerc\u00e1ndose al Top 30 de Chile en su categor\u00eda.-<\/strong><\/li>\n<\/ul>\n<p>Un nuevo e importante logro sum\u00f3 el tenista sanfelipe\u00f1o <strong>Demetrio Cuevas Salinas<\/strong>, quien este fin de semana se coron\u00f3 campe\u00f3n del torneo G2 \u2018Zona I Arica \u2013 Torneo Jallalla\u2019, disputado en el recinto Casa Degli Italiani de Azapa, en la ciudad de Arica.<\/p>\n<p>El campeonato, correspondiente a la categor\u00eda varones 14 a\u00f1os de edad en modalidad singles, reuni\u00f3 a destacados exponentes del tenis juvenil nacional, consolid\u00e1ndose como una competencia relevante dentro del circuito federado.<\/p>\n<p>En la final, Demetrio enfrent\u00f3 a <strong>Joao Quintana<\/strong>, en un partido de alta exigencia que tuvo un intenso desarrollo, especialmente en el primer set. Su padre, <strong>\u00d3scar Cuevas<\/strong>, relat\u00f3 detalladamente el encuentro. <em>\u00abLa final fue de alta intensidad, Demetrio jugando un excelente tenis y finiquitando los puntos importantes. Lleg\u00f3 a estar 1-3 abajo, despu\u00e9s 1-4. Luego logr\u00f3 quebrar y remontar hasta igualar 4-4 y lo cierra en 6-4. Despu\u00e9s el rival sinti\u00f3 una contractura y el segundo set termin\u00f3 6-0\u00bb<\/em>.<\/p>\n<p>El encuentro estuvo marcado por la intensidad del juego y un momento clave en el que el rival sufri\u00f3 molestias f\u00edsicas tras una jugada exigente. <em>\u00abEsto tambi\u00e9n pasa por los d\u00edas del torneo, por jugar varios partidos seguidos. En finales, con los nervios, suele ocurrir que los jugadores se lesionen\u00bb<\/em>, explic\u00f3 Cuevas.<\/p>\n<p>Con este triunfo, Demetrio sum\u00f3 30 puntos para el ranking nacional, lo que le permitir\u00e1 seguir avanzando en el circuito y acceder a competencias de mayor nivel. \u00ab<em>Esto le permite jugar el torneo G1 en la Universidad San Sebasti\u00e1n\u00bb<\/em>, se\u00f1al\u00f3 su padre.<\/p>\n<p>Adem\u00e1s, este resultado lo proyecta directamente dentro de los mejores del pa\u00eds en su categor\u00eda. <em>\u00abQuedar\u00eda en el ranking n\u00famero 27 de Chile en la categor\u00eda Sub-14\u00bb<\/em>, agreg\u00f3.<\/p>\n<p>El t\u00edtulo en Arica se suma a una serie de destacadas participaciones recientes. En el Nacional G3 disputado en el Estadio Nacional, Demetrio alcanz\u00f3 los cuartos de final, sumando experiencia y puntos en un torneo donde fue seguido de cerca por entrenadores de nivel nacional. <em>\u00abDieron muy buena opini\u00f3n de Demetrio, muy buena opini\u00f3n\u00bb<\/em>, coment\u00f3 su padre respecto a la evaluaci\u00f3n recibida.<\/p>\n<p>Previamente, el joven tenista tambi\u00e9n lleg\u00f3 a la final de un G2 en Copiap\u00f3, donde cay\u00f3 ante el n\u00famero 12 de Chile, y adem\u00e1s, a otra final G3 en San Felipe.<\/p>\n<p>&nbsp;<\/p>\n<p><strong>LO QUE VIENE<\/strong><\/p>\n<p>El calendario no se detiene para el deportista. Esta misma semana participar\u00e1 en un nuevo torneo G2 en el Club Valle del Aconcagua, en San Felipe, y en mayo proyecta competir en un G1 en la Universidad San Sebasti\u00e1n. <em>\u00abNuestro objetivo es ser Top Ten, quedaremos a 50 puntos del n\u00famero 10 de Chile sub-14\u00bb<\/em>, afirm\u00f3 \u00d3scar Cuevas.<\/p>\n<p>Finalmente, la familia quiso agradecer el apoyo al desarrollo del tenis en la zona. <em>\u00abAgradecemos al presidente de la ATV, <strong>Milovan Kegevic<\/strong>, por gestionar los torneos G1, G2 y G3 para el Valle del Aconcagua, y a toda la directiva\u00bb<\/em>.<\/p>\n<p>Con este nuevo t\u00edtulo, Demetrio Cuevas reafirma su proyecci\u00f3n como una de las grandes promesas del tenis aconcag\u00fcino, avanzando con paso firme en el circuito nacional juvenil.<\/p>\n<figure id=\"attachment_144264\" aria-describedby=\"caption-attachment-144264\" style=\"width: 700px\" class=\"wp-caption alignnone\"><img loading=\"lazy\" decoding=\"async\" class=\"size-full wp-image-144264\" src=\"https:\/\/eltrabajo.cl\/web\/wp-content\/uploads\/2026\/04\/Demetrio-Cuevas.jpg\" alt=\"Demetrio Cuevas se coron\u00f3 campe\u00f3n del torneo G2 Jallalla en Arica, consolidando su ascenso en el tenis juvenil nacional.\" width=\"700\" height=\"564\" srcset=\"https:\/\/eltrabajo.cl\/web\/wp-content\/uploads\/2026\/04\/Demetrio-Cuevas.jpg 700w, https:\/\/eltrabajo.cl\/web\/wp-content\/uploads\/2026\/04\/Demetrio-Cuevas-300x242.jpg 300w, https:\/\/eltrabajo.cl\/web\/wp-content\/uploads\/2026\/04\/Demetrio-Cuevas-521x420.jpg 521w, https:\/\/eltrabajo.cl\/web\/wp-content\/uploads\/2026\/04\/Demetrio-Cuevas-150x121.jpg 150w, https:\/\/eltrabajo.cl\/web\/wp-content\/uploads\/2026\/04\/Demetrio-Cuevas-696x561.jpg 696w\" sizes=\"auto, (max-width: 700px) 100vw, 700px\" \/><figcaption id=\"caption-attachment-144264\" class=\"wp-caption-text\">Demetrio Cuevas se coron\u00f3 campe\u00f3n del torneo G2 Jallalla en Arica, consolidando su ascenso en el tenis juvenil nacional.<\/figcaption><\/figure>\n","protected":false},"excerpt":{"rendered":"<p>El joven tenista sanfelipe\u00f1o se qued\u00f3 con el t\u00edtulo en el torneo disputado este fin de semana, sumando puntos clave para el ranking nacional y acerc\u00e1ndose al Top 30 de Chile en su categor\u00eda.- Un nuevo e importante logro sum\u00f3 el tenista sanfelipe\u00f1o Demetrio Cuevas Salinas, quien este fin de semana se coron\u00f3 campe\u00f3n del [&hellip;]<\/p>\n","protected":false},"author":1,"featured_media":144264,"comment_status":"open","ping_status":"closed","sticky":false,"template":"","format":"standard","meta":{"footnotes":""},"categories":[4],"tags":[],"class_list":{"0":"post-144263","1":"post","2":"type-post","3":"status-publish","4":"format-standard","5":"has-post-thumbnail","7":"category-comunidad"},"yoast_head":"<!-- This site is optimized with the Yoast SEO plugin v27.4 - https:\/\/yoast.com\/product\/yoast-seo-wordpress\/ -->\n<title>Demetrio Cuevas se corona campe\u00f3n del torneo G2 Sub-14\u00a0en Arica y sigue en ascenso en el tenis nacional - Diario El Trabajo<\/title>\n<meta name=\"robots\" content=\"index, follow, max-snippet:-1, max-image-preview:large, max-video-preview:-1\" \/>\n<link rel=\"canonical\" href=\"https:\/\/eltrabajo.cl\/web\/demetrio-cuevas-se-corona-campeon-del-torneo-g2-sub-14-en-arica-y-sigue-en-ascenso-en-el-tenis-nacional\/\" \/>\n<meta property=\"og:locale\" content=\"es_ES\" \/>\n<meta property=\"og:type\" content=\"article\" \/>\n<meta property=\"og:title\" content=\"Demetrio Cuevas se corona campe\u00f3n del torneo G2 Sub-14\u00a0en Arica y sigue en ascenso en el tenis nacional - Diario El Trabajo\" \/>\n<meta property=\"og:description\" content=\"El joven tenista sanfelipe\u00f1o se qued\u00f3 con el t\u00edtulo en el torneo disputado este fin de semana, sumando puntos clave para el ranking nacional y acerc\u00e1ndose al Top 30 de Chile en su categor\u00eda.- Un nuevo e importante logro sum\u00f3 el tenista sanfelipe\u00f1o Demetrio Cuevas Salinas, quien este fin de semana se coron\u00f3 campe\u00f3n del [&hellip;]\" \/>\n<meta property=\"og:url\" content=\"https:\/\/eltrabajo.cl\/web\/demetrio-cuevas-se-corona-campeon-del-torneo-g2-sub-14-en-arica-y-sigue-en-ascenso-en-el-tenis-nacional\/\" \/>\n<meta property=\"og:site_name\" content=\"Diario El Trabajo\" \/>\n<meta property=\"article:publisher\" content=\"https:\/\/www.facebook.com\/ElTrabajoDiario\" \/>\n<meta property=\"article:published_time\" content=\"2026-04-27T00:25:32+00:00\" \/>\n<meta property=\"og:image\" content=\"https:\/\/eltrabajo.cl\/web\/wp-content\/uploads\/2026\/04\/Demetrio-Cuevas.jpg\" \/>\n\t<meta property=\"og:image:width\" content=\"700\" \/>\n\t<meta property=\"og:image:height\" content=\"564\" \/>\n\t<meta property=\"og:image:type\" content=\"image\/jpeg\" \/>\n<meta name=\"author\" content=\"Diario El Trabajo\" \/>\n<meta name=\"twitter:card\" content=\"summary_large_image\" \/>\n<meta name=\"twitter:creator\" content=\"@diarioeltrabajo\" \/>\n<meta name=\"twitter:site\" content=\"@diarioeltrabajo\" \/>\n<meta name=\"twitter:label1\" content=\"Escrito por\" \/>\n\t<meta name=\"twitter:data1\" content=\"Diario El Trabajo\" \/>\n\t<meta name=\"twitter:label2\" content=\"Tiempo estimado de lectura\" \/>\n\t<meta name=\"twitter:data2\" content=\"3 minutos\" \/>\n<script type=\"application\/ld+json\" class=\"yoast-schema-graph\">{\"@context\":\"https:\\\/\\\/schema.org\",\"@graph\":[{\"@type\":\"Article\",\"@id\":\"https:\\\/\\\/eltrabajo.cl\\\/web\\\/demetrio-cuevas-se-corona-campeon-del-torneo-g2-sub-14-en-arica-y-sigue-en-ascenso-en-el-tenis-nacional\\\/#article\",\"isPartOf\":{\"@id\":\"https:\\\/\\\/eltrabajo.cl\\\/web\\\/demetrio-cuevas-se-corona-campeon-del-torneo-g2-sub-14-en-arica-y-sigue-en-ascenso-en-el-tenis-nacional\\\/\"},\"author\":{\"name\":\"Diario El Trabajo\",\"@id\":\"https:\\\/\\\/eltrabajo.cl\\\/web\\\/#\\\/schema\\\/person\\\/45efd3d17f86ec456e44dd7debe1bf19\"},\"headline\":\"Demetrio Cuevas se corona campe\u00f3n del torneo G2 Sub-14\u00a0en Arica y sigue en ascenso en el tenis nacional\",\"datePublished\":\"2026-04-27T00:25:32+00:00\",\"mainEntityOfPage\":{\"@id\":\"https:\\\/\\\/eltrabajo.cl\\\/web\\\/demetrio-cuevas-se-corona-campeon-del-torneo-g2-sub-14-en-arica-y-sigue-en-ascenso-en-el-tenis-nacional\\\/\"},\"wordCount\":606,\"commentCount\":0,\"publisher\":{\"@id\":\"https:\\\/\\\/eltrabajo.cl\\\/web\\\/#organization\"},\"image\":{\"@id\":\"https:\\\/\\\/eltrabajo.cl\\\/web\\\/demetrio-cuevas-se-corona-campeon-del-torneo-g2-sub-14-en-arica-y-sigue-en-ascenso-en-el-tenis-nacional\\\/#primaryimage\"},\"thumbnailUrl\":\"https:\\\/\\\/eltrabajo.cl\\\/web\\\/wp-content\\\/uploads\\\/2026\\\/04\\\/Demetrio-Cuevas.jpg\",\"articleSection\":[\"Comunidad\"],\"inLanguage\":\"es-CL\",\"potentialAction\":[{\"@type\":\"CommentAction\",\"name\":\"Comment\",\"target\":[\"https:\\\/\\\/eltrabajo.cl\\\/web\\\/demetrio-cuevas-se-corona-campeon-del-torneo-g2-sub-14-en-arica-y-sigue-en-ascenso-en-el-tenis-nacional\\\/#respond\"]}]},{\"@type\":\"WebPage\",\"@id\":\"https:\\\/\\\/eltrabajo.cl\\\/web\\\/demetrio-cuevas-se-corona-campeon-del-torneo-g2-sub-14-en-arica-y-sigue-en-ascenso-en-el-tenis-nacional\\\/\",\"url\":\"https:\\\/\\\/eltrabajo.cl\\\/web\\\/demetrio-cuevas-se-corona-campeon-del-torneo-g2-sub-14-en-arica-y-sigue-en-ascenso-en-el-tenis-nacional\\\/\",\"name\":\"Demetrio Cuevas se corona campe\u00f3n del torneo G2 Sub-14\u00a0en Arica y sigue en ascenso en el tenis nacional - Diario El Trabajo\",\"isPartOf\":{\"@id\":\"https:\\\/\\\/eltrabajo.cl\\\/web\\\/#website\"},\"primaryImageOfPage\":{\"@id\":\"https:\\\/\\\/eltrabajo.cl\\\/web\\\/demetrio-cuevas-se-corona-campeon-del-torneo-g2-sub-14-en-arica-y-sigue-en-ascenso-en-el-tenis-nacional\\\/#primaryimage\"},\"image\":{\"@id\":\"https:\\\/\\\/eltrabajo.cl\\\/web\\\/demetrio-cuevas-se-corona-campeon-del-torneo-g2-sub-14-en-arica-y-sigue-en-ascenso-en-el-tenis-nacional\\\/#primaryimage\"},\"thumbnailUrl\":\"https:\\\/\\\/eltrabajo.cl\\\/web\\\/wp-content\\\/uploads\\\/2026\\\/04\\\/Demetrio-Cuevas.jpg\",\"datePublished\":\"2026-04-27T00:25:32+00:00\",\"breadcrumb\":{\"@id\":\"https:\\\/\\\/eltrabajo.cl\\\/web\\\/demetrio-cuevas-se-corona-campeon-del-torneo-g2-sub-14-en-arica-y-sigue-en-ascenso-en-el-tenis-nacional\\\/#breadcrumb\"},\"inLanguage\":\"es-CL\",\"potentialAction\":[{\"@type\":\"ReadAction\",\"target\":[\"https:\\\/\\\/eltrabajo.cl\\\/web\\\/demetrio-cuevas-se-corona-campeon-del-torneo-g2-sub-14-en-arica-y-sigue-en-ascenso-en-el-tenis-nacional\\\/\"]}]},{\"@type\":\"ImageObject\",\"inLanguage\":\"es-CL\",\"@id\":\"https:\\\/\\\/eltrabajo.cl\\\/web\\\/demetrio-cuevas-se-corona-campeon-del-torneo-g2-sub-14-en-arica-y-sigue-en-ascenso-en-el-tenis-nacional\\\/#primaryimage\",\"url\":\"https:\\\/\\\/eltrabajo.cl\\\/web\\\/wp-content\\\/uploads\\\/2026\\\/04\\\/Demetrio-Cuevas.jpg\",\"contentUrl\":\"https:\\\/\\\/eltrabajo.cl\\\/web\\\/wp-content\\\/uploads\\\/2026\\\/04\\\/Demetrio-Cuevas.jpg\",\"width\":700,\"height\":564,\"caption\":\"Demetrio Cuevas se coron\u00f3 campe\u00f3n del torneo G2 Jallalla en Arica, consolidando su ascenso en el tenis juvenil nacional.\"},{\"@type\":\"BreadcrumbList\",\"@id\":\"https:\\\/\\\/eltrabajo.cl\\\/web\\\/demetrio-cuevas-se-corona-campeon-del-torneo-g2-sub-14-en-arica-y-sigue-en-ascenso-en-el-tenis-nacional\\\/#breadcrumb\",\"itemListElement\":[{\"@type\":\"ListItem\",\"position\":1,\"name\":\"Portada\",\"item\":\"https:\\\/\\\/eltrabajo.cl\\\/web\\\/\"},{\"@type\":\"ListItem\",\"position\":2,\"name\":\"Demetrio Cuevas se corona campe\u00f3n del torneo G2 Sub-14\u00a0en Arica y sigue en ascenso en el tenis nacional\"}]},{\"@type\":\"WebSite\",\"@id\":\"https:\\\/\\\/eltrabajo.cl\\\/web\\\/#website\",\"url\":\"https:\\\/\\\/eltrabajo.cl\\\/web\\\/\",\"name\":\"Diario El Trabajo\",\"description\":\"Desde 1929 construyendo Identidad Local\",\"publisher\":{\"@id\":\"https:\\\/\\\/eltrabajo.cl\\\/web\\\/#organization\"},\"potentialAction\":[{\"@type\":\"SearchAction\",\"target\":{\"@type\":\"EntryPoint\",\"urlTemplate\":\"https:\\\/\\\/eltrabajo.cl\\\/web\\\/?s={search_term_string}\"},\"query-input\":{\"@type\":\"PropertyValueSpecification\",\"valueRequired\":true,\"valueName\":\"search_term_string\"}}],\"inLanguage\":\"es-CL\"},{\"@type\":\"Organization\",\"@id\":\"https:\\\/\\\/eltrabajo.cl\\\/web\\\/#organization\",\"name\":\"Diario El Trabajo\",\"url\":\"https:\\\/\\\/eltrabajo.cl\\\/web\\\/\",\"logo\":{\"@type\":\"ImageObject\",\"inLanguage\":\"es-CL\",\"@id\":\"https:\\\/\\\/eltrabajo.cl\\\/web\\\/#\\\/schema\\\/logo\\\/image\\\/\",\"url\":\"https:\\\/\\\/eltrabajo.cl\\\/web\\\/wp-content\\\/uploads\\\/2024\\\/06\\\/profile-image-ig-page-diarioeltrabajo.jpg\",\"contentUrl\":\"https:\\\/\\\/eltrabajo.cl\\\/web\\\/wp-content\\\/uploads\\\/2024\\\/06\\\/profile-image-ig-page-diarioeltrabajo.jpg\",\"width\":823,\"height\":823,\"caption\":\"Diario El Trabajo\"},\"image\":{\"@id\":\"https:\\\/\\\/eltrabajo.cl\\\/web\\\/#\\\/schema\\\/logo\\\/image\\\/\"},\"sameAs\":[\"https:\\\/\\\/www.facebook.com\\\/ElTrabajoDiario\",\"https:\\\/\\\/x.com\\\/diarioeltrabajo\"]},{\"@type\":\"Person\",\"@id\":\"https:\\\/\\\/eltrabajo.cl\\\/web\\\/#\\\/schema\\\/person\\\/45efd3d17f86ec456e44dd7debe1bf19\",\"name\":\"Diario El Trabajo\",\"image\":{\"@type\":\"ImageObject\",\"inLanguage\":\"es-CL\",\"@id\":\"https:\\\/\\\/secure.gravatar.com\\\/avatar\\\/7e6ec277dc4aea2677c2dc301d4227957219329c985ab69a3efc12518b5161aa?s=96&d=mm&r=g\",\"url\":\"https:\\\/\\\/secure.gravatar.com\\\/avatar\\\/7e6ec277dc4aea2677c2dc301d4227957219329c985ab69a3efc12518b5161aa?s=96&d=mm&r=g\",\"contentUrl\":\"https:\\\/\\\/secure.gravatar.com\\\/avatar\\\/7e6ec277dc4aea2677c2dc301d4227957219329c985ab69a3efc12518b5161aa?s=96&d=mm&r=g\",\"caption\":\"Diario El Trabajo\"},\"sameAs\":[\"https:\\\/\\\/eltrabajo.cl\\\/web\"],\"url\":\"https:\\\/\\\/eltrabajo.cl\\\/web\\\/author\\\/diario-el-trabajo\\\/\"}]}<\/script>\n<!-- \/ Yoast SEO plugin. -->","yoast_head_json":{"title":"Demetrio Cuevas se corona campe\u00f3n del torneo G2 Sub-14\u00a0en Arica y sigue en ascenso en el tenis nacional - Diario El Trabajo","robots":{"index":"index","follow":"follow","max-snippet":"max-snippet:-1","max-image-preview":"max-image-preview:large","max-video-preview":"max-video-preview:-1"},"canonical":"https:\/\/eltrabajo.cl\/web\/demetrio-cuevas-se-corona-campeon-del-torneo-g2-sub-14-en-arica-y-sigue-en-ascenso-en-el-tenis-nacional\/","og_locale":"es_ES","og_type":"article","og_title":"Demetrio Cuevas se corona campe\u00f3n del torneo G2 Sub-14\u00a0en Arica y sigue en ascenso en el tenis nacional - Diario El Trabajo","og_description":"El joven tenista sanfelipe\u00f1o se qued\u00f3 con el t\u00edtulo en el torneo disputado este fin de semana, sumando puntos clave para el ranking nacional y acerc\u00e1ndose al Top 30 de Chile en su categor\u00eda.- Un nuevo e importante logro sum\u00f3 el tenista sanfelipe\u00f1o Demetrio Cuevas Salinas, quien este fin de semana se coron\u00f3 campe\u00f3n del [&hellip;]","og_url":"https:\/\/eltrabajo.cl\/web\/demetrio-cuevas-se-corona-campeon-del-torneo-g2-sub-14-en-arica-y-sigue-en-ascenso-en-el-tenis-nacional\/","og_site_name":"Diario El Trabajo","article_publisher":"https:\/\/www.facebook.com\/ElTrabajoDiario","article_published_time":"2026-04-27T00:25:32+00:00","og_image":[{"width":700,"height":564,"url":"https:\/\/eltrabajo.cl\/web\/wp-content\/uploads\/2026\/04\/Demetrio-Cuevas.jpg","type":"image\/jpeg"}],"author":"Diario El Trabajo","twitter_card":"summary_large_image","twitter_creator":"@diarioeltrabajo","twitter_site":"@diarioeltrabajo","twitter_misc":{"Escrito por":"Diario El Trabajo","Tiempo estimado de lectura":"3 minutos"},"schema":{"@context":"https:\/\/schema.org","@graph":[{"@type":"Article","@id":"https:\/\/eltrabajo.cl\/web\/demetrio-cuevas-se-corona-campeon-del-torneo-g2-sub-14-en-arica-y-sigue-en-ascenso-en-el-tenis-nacional\/#article","isPartOf":{"@id":"https:\/\/eltrabajo.cl\/web\/demetrio-cuevas-se-corona-campeon-del-torneo-g2-sub-14-en-arica-y-sigue-en-ascenso-en-el-tenis-nacional\/"},"author":{"name":"Diario El Trabajo","@id":"https:\/\/eltrabajo.cl\/web\/#\/schema\/person\/45efd3d17f86ec456e44dd7debe1bf19"},"headline":"Demetrio Cuevas se corona campe\u00f3n del torneo G2 Sub-14\u00a0en Arica y sigue en ascenso en el tenis nacional","datePublished":"2026-04-27T00:25:32+00:00","mainEntityOfPage":{"@id":"https:\/\/eltrabajo.cl\/web\/demetrio-cuevas-se-corona-campeon-del-torneo-g2-sub-14-en-arica-y-sigue-en-ascenso-en-el-tenis-nacional\/"},"wordCount":606,"commentCount":0,"publisher":{"@id":"https:\/\/eltrabajo.cl\/web\/#organization"},"image":{"@id":"https:\/\/eltrabajo.cl\/web\/demetrio-cuevas-se-corona-campeon-del-torneo-g2-sub-14-en-arica-y-sigue-en-ascenso-en-el-tenis-nacional\/#primaryimage"},"thumbnailUrl":"https:\/\/eltrabajo.cl\/web\/wp-content\/uploads\/2026\/04\/Demetrio-Cuevas.jpg","articleSection":["Comunidad"],"inLanguage":"es-CL","potentialAction":[{"@type":"CommentAction","name":"Comment","target":["https:\/\/eltrabajo.cl\/web\/demetrio-cuevas-se-corona-campeon-del-torneo-g2-sub-14-en-arica-y-sigue-en-ascenso-en-el-tenis-nacional\/#respond"]}]},{"@type":"WebPage","@id":"https:\/\/eltrabajo.cl\/web\/demetrio-cuevas-se-corona-campeon-del-torneo-g2-sub-14-en-arica-y-sigue-en-ascenso-en-el-tenis-nacional\/","url":"https:\/\/eltrabajo.cl\/web\/demetrio-cuevas-se-corona-campeon-del-torneo-g2-sub-14-en-arica-y-sigue-en-ascenso-en-el-tenis-nacional\/","name":"Demetrio Cuevas se corona campe\u00f3n del torneo G2 Sub-14\u00a0en Arica y sigue en ascenso en el tenis nacional - Diario El Trabajo","isPartOf":{"@id":"https:\/\/eltrabajo.cl\/web\/#website"},"primaryImageOfPage":{"@id":"https:\/\/eltrabajo.cl\/web\/demetrio-cuevas-se-corona-campeon-del-torneo-g2-sub-14-en-arica-y-sigue-en-ascenso-en-el-tenis-nacional\/#primaryimage"},"image":{"@id":"https:\/\/eltrabajo.cl\/web\/demetrio-cuevas-se-corona-campeon-del-torneo-g2-sub-14-en-arica-y-sigue-en-ascenso-en-el-tenis-nacional\/#primaryimage"},"thumbnailUrl":"https:\/\/eltrabajo.cl\/web\/wp-content\/uploads\/2026\/04\/Demetrio-Cuevas.jpg","datePublished":"2026-04-27T00:25:32+00:00","breadcrumb":{"@id":"https:\/\/eltrabajo.cl\/web\/demetrio-cuevas-se-corona-campeon-del-torneo-g2-sub-14-en-arica-y-sigue-en-ascenso-en-el-tenis-nacional\/#breadcrumb"},"inLanguage":"es-CL","potentialAction":[{"@type":"ReadAction","target":["https:\/\/eltrabajo.cl\/web\/demetrio-cuevas-se-corona-campeon-del-torneo-g2-sub-14-en-arica-y-sigue-en-ascenso-en-el-tenis-nacional\/"]}]},{"@type":"ImageObject","inLanguage":"es-CL","@id":"https:\/\/eltrabajo.cl\/web\/demetrio-cuevas-se-corona-campeon-del-torneo-g2-sub-14-en-arica-y-sigue-en-ascenso-en-el-tenis-nacional\/#primaryimage","url":"https:\/\/eltrabajo.cl\/web\/wp-content\/uploads\/2026\/04\/Demetrio-Cuevas.jpg","contentUrl":"https:\/\/eltrabajo.cl\/web\/wp-content\/uploads\/2026\/04\/Demetrio-Cuevas.jpg","width":700,"height":564,"caption":"Demetrio Cuevas se coron\u00f3 campe\u00f3n del torneo G2 Jallalla en Arica, consolidando su ascenso en el tenis juvenil nacional."},{"@type":"BreadcrumbList","@id":"https:\/\/eltrabajo.cl\/web\/demetrio-cuevas-se-corona-campeon-del-torneo-g2-sub-14-en-arica-y-sigue-en-ascenso-en-el-tenis-nacional\/#breadcrumb","itemListElement":[{"@type":"ListItem","position":1,"name":"Portada","item":"https:\/\/eltrabajo.cl\/web\/"},{"@type":"ListItem","position":2,"name":"Demetrio Cuevas se corona campe\u00f3n del torneo G2 Sub-14\u00a0en Arica y sigue en ascenso en el tenis nacional"}]},{"@type":"WebSite","@id":"https:\/\/eltrabajo.cl\/web\/#website","url":"https:\/\/eltrabajo.cl\/web\/","name":"Diario El Trabajo","description":"Desde 1929 construyendo Identidad Local","publisher":{"@id":"https:\/\/eltrabajo.cl\/web\/#organization"},"potentialAction":[{"@type":"SearchAction","target":{"@type":"EntryPoint","urlTemplate":"https:\/\/eltrabajo.cl\/web\/?s={search_term_string}"},"query-input":{"@type":"PropertyValueSpecification","valueRequired":true,"valueName":"search_term_string"}}],"inLanguage":"es-CL"},{"@type":"Organization","@id":"https:\/\/eltrabajo.cl\/web\/#organization","name":"Diario El Trabajo","url":"https:\/\/eltrabajo.cl\/web\/","logo":{"@type":"ImageObject","inLanguage":"es-CL","@id":"https:\/\/eltrabajo.cl\/web\/#\/schema\/logo\/image\/","url":"https:\/\/eltrabajo.cl\/web\/wp-content\/uploads\/2024\/06\/profile-image-ig-page-diarioeltrabajo.jpg","contentUrl":"https:\/\/eltrabajo.cl\/web\/wp-content\/uploads\/2024\/06\/profile-image-ig-page-diarioeltrabajo.jpg","width":823,"height":823,"caption":"Diario El Trabajo"},"image":{"@id":"https:\/\/eltrabajo.cl\/web\/#\/schema\/logo\/image\/"},"sameAs":["https:\/\/www.facebook.com\/ElTrabajoDiario","https:\/\/x.com\/diarioeltrabajo"]},{"@type":"Person","@id":"https:\/\/eltrabajo.cl\/web\/#\/schema\/person\/45efd3d17f86ec456e44dd7debe1bf19","name":"Diario El Trabajo","image":{"@type":"ImageObject","inLanguage":"es-CL","@id":"https:\/\/secure.gravatar.com\/avatar\/7e6ec277dc4aea2677c2dc301d4227957219329c985ab69a3efc12518b5161aa?s=96&d=mm&r=g","url":"https:\/\/secure.gravatar.com\/avatar\/7e6ec277dc4aea2677c2dc301d4227957219329c985ab69a3efc12518b5161aa?s=96&d=mm&r=g","contentUrl":"https:\/\/secure.gravatar.com\/avatar\/7e6ec277dc4aea2677c2dc301d4227957219329c985ab69a3efc12518b5161aa?s=96&d=mm&r=g","caption":"Diario El Trabajo"},"sameAs":["https:\/\/eltrabajo.cl\/web"],"url":"https:\/\/eltrabajo.cl\/web\/author\/diario-el-trabajo\/"}]}},"_links":{"self":[{"href":"https:\/\/eltrabajo.cl\/web\/wp-json\/wp\/v2\/posts\/144263","targetHints":{"allow":["GET"]}}],"collection":[{"href":"https:\/\/eltrabajo.cl\/web\/wp-json\/wp\/v2\/posts"}],"about":[{"href":"https:\/\/eltrabajo.cl\/web\/wp-json\/wp\/v2\/types\/post"}],"author":[{"embeddable":true,"href":"https:\/\/eltrabajo.cl\/web\/wp-json\/wp\/v2\/users\/1"}],"replies":[{"embeddable":true,"href":"https:\/\/eltrabajo.cl\/web\/wp-json\/wp\/v2\/comments?post=144263"}],"version-history":[{"count":1,"href":"https:\/\/eltrabajo.cl\/web\/wp-json\/wp\/v2\/posts\/144263\/revisions"}],"predecessor-version":[{"id":144265,"href":"https:\/\/eltrabajo.cl\/web\/wp-json\/wp\/v2\/posts\/144263\/revisions\/144265"}],"wp:featuredmedia":[{"embeddable":true,"href":"https:\/\/eltrabajo.cl\/web\/wp-json\/wp\/v2\/media\/144264"}],"wp:attachment":[{"href":"https:\/\/eltrabajo.cl\/web\/wp-json\/wp\/v2\/media?parent=144263"}],"wp:term":[{"taxonomy":"category","embeddable":true,"href":"https:\/\/eltrabajo.cl\/web\/wp-json\/wp\/v2\/categories?post=144263"},{"taxonomy":"post_tag","embeddable":true,"href":"https:\/\/eltrabajo.cl\/web\/wp-json\/wp\/v2\/tags?post=144263"}],"curies":[{"name":"wp","href":"https:\/\/api.w.org\/{rel}","templated":true}]}}