{"id":144271,"date":"2026-04-26T21:29:13","date_gmt":"2026-04-27T00:29:13","guid":{"rendered":"https:\/\/eltrabajo.cl\/web\/?p=144271"},"modified":"2026-04-26T21:29:13","modified_gmt":"2026-04-27T00:29:13","slug":"pequeno-futbolista-aconcaguino-renueva-contrato-con-independiente-de-avellaneda-de-argentina","status":"publish","type":"post","link":"https:\/\/eltrabajo.cl\/web\/pequeno-futbolista-aconcaguino-renueva-contrato-con-independiente-de-avellaneda-de-argentina\/","title":{"rendered":"Peque\u00f1o futbolista aconcag\u00fcino renueva contrato\u00a0con Independiente de Avellaneda de Argentina"},"content":{"rendered":"<ul>\n<li><strong>Con ra\u00edces en San Felipe y actualmente radicado en Panquehue, la joven promesa fue seleccionada entre m\u00e1s de 300 ni\u00f1os en Argentina.-<\/strong><\/li>\n<\/ul>\n<p>Una historia marcada por el esfuerzo, la constancia y el talento comienza a consolidarse en el f\u00fatbol internacional. Se trata de <strong>Felipe Andr\u00e9s Vargas Nacarate<\/strong>, ni\u00f1o de 10 a\u00f1os de edad, oriundo del Valle de Aconcagua, quien ha dado importantes pasos en su desarrollo deportivo tras firmar su renovaci\u00f3n contrato con el club argentino Atl\u00e9tico Independiente de Avellaneda, de Buenos Aires.<\/p>\n<p>Si bien Felipe tiene ra\u00edces en nuestra comuna, gran parte de su formaci\u00f3n la desarroll\u00f3 en el extremo sur del pa\u00eds. Su familia se traslad\u00f3 cuando \u00e9l ten\u00eda apenas meses de vida a Punta Arenas, donde creci\u00f3 y dio sus primeros pasos en el f\u00fatbol, integrando el Club Chile de dicha ciudad. Tras su regreso a la zona, actualmente se encuentran radicados en Panquehue.<\/p>\n<p>La oportunidad que cambiar\u00eda su camino futbol\u00edstico surgi\u00f3 en febrero de 2025, cuando su familia se enter\u00f3 de una convocatoria masiva del club en la ciudad de R\u00edo Gallegos. Hasta ese lugar llegaron cerca de 300 ni\u00f1os con el mismo sue\u00f1o, sin embargo, solo cuatro fueron seleccionados. Entre ellos, Felipe logr\u00f3 destacar gracias a sus condiciones dentro del campo de juego.<\/p>\n<p>A partir de ese momento, su v\u00ednculo con el club comenz\u00f3 a tomar forma. En junio de 2025 firm\u00f3 su primer contrato y, en abril de este a\u00f1o, concret\u00f3 su renovaci\u00f3n, lo que reafirma la confianza depositada en \u00e9l por la instituci\u00f3n. Actualmente, el joven futbolista integrar\u00e1 la categor\u00eda Sub-10, desempe\u00f1\u00e1ndose como extremo, continuando as\u00ed su proceso de formaci\u00f3n en \u2018Rey de Copas\u2019 del f\u00fatbol sudamericano.<\/p>\n<p>\u00ab<em>Es una experiencia \u00fanica, ya que el f\u00fatbol se ve y se vive distinto en Argentina\u00bb<\/em>, se\u00f1al\u00f3 su padre, <strong>Marcelo Vargas<\/strong>, quien ha acompa\u00f1ado de cerca cada paso de su hijo. En esa l\u00ednea, tambi\u00e9n destac\u00f3 la relevancia de haber renovado su v\u00ednculo, considerando la alta competencia que existe para ingresar y mantenerse en una instituci\u00f3n de este nivel.<\/p>\n<p>Por ahora, la familia no se trasladar\u00e1 de manera definitiva a Buenos Aires, pero s\u00ed realiza viajes constantes para que Felipe pueda entrenar y competir. Este proceso implica un importante esfuerzo, tanto log\u00edstico como econ\u00f3mico, lo que ha sido posible gracias al apoyo y la uni\u00f3n familiar. A futuro, eso s\u00ed, proyectan radicarse en la capital argentina en un plazo aproximado de dos a\u00f1os.<\/p>\n<p>En paralelo a su desarrollo deportivo, Felipe mantiene un destacado desempe\u00f1o acad\u00e9mico. Actualmente estudia en la Escuela Jorge Barros Bauchef del sector El Palomar, en Panquehue, establecimiento que ha mostrado flexibilidad frente a sus compromisos deportivos. Cada vez que debe viajar, sus compa\u00f1eros le env\u00edan el contenido de las clases a trav\u00e9s de WhatsApp, permiti\u00e9ndole mantenerse al d\u00eda con sus estudios. Seg\u00fan coment\u00f3 su padre, <em>\u00abPipe se ha destacado siempre en los primeros lugares de sus cursos\u00bb<\/em>.<\/p>\n<p>En lo futbol\u00edstico, el joven jugador sobresale por su velocidad, habilidad con el bal\u00f3n y fuerza, caracter\u00edsticas que le han permitido destacar tanto en Argentina como en Chile. De hecho, tambi\u00e9n ha formado parte de las divisiones cadetes de Huachipato, club donde sum\u00f3 experiencia y desarrollo competitivo.<\/p>\n<p>Respecto a sus objetivos, en el corto plazo Felipe busca seguir creciendo en el f\u00fatbol formativo, manteniendo su participaci\u00f3n tanto en Chile como en Argentina. Mientras que, a largo plazo, su meta es clara: radicarse en Buenos Aires, competir en la AFA y alcanzar el profesionalismo en el primer equipo de Independiente.<\/p>\n<figure id=\"attachment_144274\" aria-describedby=\"caption-attachment-144274\" style=\"width: 699px\" class=\"wp-caption alignnone\"><img loading=\"lazy\" decoding=\"async\" class=\"size-full wp-image-144274\" src=\"https:\/\/eltrabajo.cl\/web\/wp-content\/uploads\/2026\/04\/Felipe-Vargas-3.jpg\" alt=\"Felipe junto a los profesores de su categor\u00eda en Independiente de Avellaneda.\" width=\"699\" height=\"458\" srcset=\"https:\/\/eltrabajo.cl\/web\/wp-content\/uploads\/2026\/04\/Felipe-Vargas-3.jpg 699w, https:\/\/eltrabajo.cl\/web\/wp-content\/uploads\/2026\/04\/Felipe-Vargas-3-300x197.jpg 300w, https:\/\/eltrabajo.cl\/web\/wp-content\/uploads\/2026\/04\/Felipe-Vargas-3-641x420.jpg 641w, https:\/\/eltrabajo.cl\/web\/wp-content\/uploads\/2026\/04\/Felipe-Vargas-3-150x98.jpg 150w, https:\/\/eltrabajo.cl\/web\/wp-content\/uploads\/2026\/04\/Felipe-Vargas-3-696x456.jpg 696w\" sizes=\"auto, (max-width: 699px) 100vw, 699px\" \/><figcaption id=\"caption-attachment-144274\" class=\"wp-caption-text\">Felipe junto a los profesores de su categor\u00eda en Independiente de Avellaneda.<\/figcaption><\/figure>\n<figure id=\"attachment_144272\" aria-describedby=\"caption-attachment-144272\" style=\"width: 700px\" class=\"wp-caption alignnone\"><img loading=\"lazy\" decoding=\"async\" class=\"size-full wp-image-144272\" src=\"https:\/\/eltrabajo.cl\/web\/wp-content\/uploads\/2026\/04\/Felipe-Vargas-1.jpg\" alt=\"El joven futbolista Felipe Andr\u00e9s Vargas Nacarate, de 10 a\u00f1os de edad.\" width=\"700\" height=\"494\" srcset=\"https:\/\/eltrabajo.cl\/web\/wp-content\/uploads\/2026\/04\/Felipe-Vargas-1.jpg 700w, https:\/\/eltrabajo.cl\/web\/wp-content\/uploads\/2026\/04\/Felipe-Vargas-1-300x212.jpg 300w, https:\/\/eltrabajo.cl\/web\/wp-content\/uploads\/2026\/04\/Felipe-Vargas-1-595x420.jpg 595w, https:\/\/eltrabajo.cl\/web\/wp-content\/uploads\/2026\/04\/Felipe-Vargas-1-150x106.jpg 150w, https:\/\/eltrabajo.cl\/web\/wp-content\/uploads\/2026\/04\/Felipe-Vargas-1-696x491.jpg 696w\" sizes=\"auto, (max-width: 700px) 100vw, 700px\" \/><figcaption id=\"caption-attachment-144272\" class=\"wp-caption-text\">El joven futbolista Felipe Andr\u00e9s Vargas Nacarate, de 10 a\u00f1os de edad.<\/figcaption><\/figure>\n<figure id=\"attachment_144273\" aria-describedby=\"caption-attachment-144273\" style=\"width: 700px\" class=\"wp-caption alignnone\"><img loading=\"lazy\" decoding=\"async\" class=\"size-full wp-image-144273\" src=\"https:\/\/eltrabajo.cl\/web\/wp-content\/uploads\/2026\/04\/Felipe-Vargas-2.jpg\" alt=\"Felipe Vargas durante la firma y renovaci\u00f3n de su contrato con Atl\u00e9tico Independiente.\" width=\"700\" height=\"671\" srcset=\"https:\/\/eltrabajo.cl\/web\/wp-content\/uploads\/2026\/04\/Felipe-Vargas-2.jpg 700w, https:\/\/eltrabajo.cl\/web\/wp-content\/uploads\/2026\/04\/Felipe-Vargas-2-300x288.jpg 300w, https:\/\/eltrabajo.cl\/web\/wp-content\/uploads\/2026\/04\/Felipe-Vargas-2-438x420.jpg 438w, https:\/\/eltrabajo.cl\/web\/wp-content\/uploads\/2026\/04\/Felipe-Vargas-2-150x144.jpg 150w, https:\/\/eltrabajo.cl\/web\/wp-content\/uploads\/2026\/04\/Felipe-Vargas-2-696x667.jpg 696w\" sizes=\"auto, (max-width: 700px) 100vw, 700px\" \/><figcaption id=\"caption-attachment-144273\" class=\"wp-caption-text\">Felipe Vargas durante la firma y renovaci\u00f3n de su contrato con Atl\u00e9tico Independiente.<\/figcaption><\/figure>\n","protected":false},"excerpt":{"rendered":"<p>Con ra\u00edces en San Felipe y actualmente radicado en Panquehue, la joven promesa fue seleccionada entre m\u00e1s de 300 ni\u00f1os en Argentina.- Una historia marcada por el esfuerzo, la constancia y el talento comienza a consolidarse en el f\u00fatbol internacional. Se trata de Felipe Andr\u00e9s Vargas Nacarate, ni\u00f1o de 10 a\u00f1os de edad, oriundo del [&hellip;]<\/p>\n","protected":false},"author":1,"featured_media":144274,"comment_status":"open","ping_status":"closed","sticky":false,"template":"","format":"standard","meta":{"footnotes":""},"categories":[4],"tags":[],"class_list":{"0":"post-144271","1":"post","2":"type-post","3":"status-publish","4":"format-standard","5":"has-post-thumbnail","7":"category-comunidad"},"yoast_head":"<!-- This site is optimized with the Yoast SEO plugin v27.4 - https:\/\/yoast.com\/product\/yoast-seo-wordpress\/ -->\n<title>Peque\u00f1o futbolista aconcag\u00fcino renueva contrato\u00a0con Independiente de Avellaneda de Argentina - Diario El Trabajo<\/title>\n<meta name=\"robots\" content=\"index, follow, max-snippet:-1, max-image-preview:large, max-video-preview:-1\" \/>\n<link rel=\"canonical\" href=\"https:\/\/eltrabajo.cl\/web\/pequeno-futbolista-aconcaguino-renueva-contrato-con-independiente-de-avellaneda-de-argentina\/\" \/>\n<meta property=\"og:locale\" content=\"es_ES\" \/>\n<meta property=\"og:type\" content=\"article\" \/>\n<meta property=\"og:title\" content=\"Peque\u00f1o futbolista aconcag\u00fcino renueva contrato\u00a0con Independiente de Avellaneda de Argentina - Diario El Trabajo\" \/>\n<meta property=\"og:description\" content=\"Con ra\u00edces en San Felipe y actualmente radicado en Panquehue, la joven promesa fue seleccionada entre m\u00e1s de 300 ni\u00f1os en Argentina.- Una historia marcada por el esfuerzo, la constancia y el talento comienza a consolidarse en el f\u00fatbol internacional. Se trata de Felipe Andr\u00e9s Vargas Nacarate, ni\u00f1o de 10 a\u00f1os de edad, oriundo del [&hellip;]\" \/>\n<meta property=\"og:url\" content=\"https:\/\/eltrabajo.cl\/web\/pequeno-futbolista-aconcaguino-renueva-contrato-con-independiente-de-avellaneda-de-argentina\/\" \/>\n<meta property=\"og:site_name\" content=\"Diario El Trabajo\" \/>\n<meta property=\"article:publisher\" content=\"https:\/\/www.facebook.com\/ElTrabajoDiario\" \/>\n<meta property=\"article:published_time\" content=\"2026-04-27T00:29:13+00:00\" \/>\n<meta property=\"og:image\" content=\"https:\/\/eltrabajo.cl\/web\/wp-content\/uploads\/2026\/04\/Felipe-Vargas-3.jpg\" \/>\n\t<meta property=\"og:image:width\" content=\"699\" \/>\n\t<meta property=\"og:image:height\" content=\"458\" \/>\n\t<meta property=\"og:image:type\" content=\"image\/jpeg\" \/>\n<meta name=\"author\" content=\"Diario El Trabajo\" \/>\n<meta name=\"twitter:card\" content=\"summary_large_image\" \/>\n<meta name=\"twitter:creator\" content=\"@diarioeltrabajo\" \/>\n<meta name=\"twitter:site\" content=\"@diarioeltrabajo\" \/>\n<meta name=\"twitter:label1\" content=\"Escrito por\" \/>\n\t<meta name=\"twitter:data1\" content=\"Diario El Trabajo\" \/>\n\t<meta name=\"twitter:label2\" content=\"Tiempo estimado de lectura\" \/>\n\t<meta name=\"twitter:data2\" content=\"4 minutos\" \/>\n<script type=\"application\/ld+json\" class=\"yoast-schema-graph\">{\"@context\":\"https:\\\/\\\/schema.org\",\"@graph\":[{\"@type\":\"Article\",\"@id\":\"https:\\\/\\\/eltrabajo.cl\\\/web\\\/pequeno-futbolista-aconcaguino-renueva-contrato-con-independiente-de-avellaneda-de-argentina\\\/#article\",\"isPartOf\":{\"@id\":\"https:\\\/\\\/eltrabajo.cl\\\/web\\\/pequeno-futbolista-aconcaguino-renueva-contrato-con-independiente-de-avellaneda-de-argentina\\\/\"},\"author\":{\"name\":\"Diario El Trabajo\",\"@id\":\"https:\\\/\\\/eltrabajo.cl\\\/web\\\/#\\\/schema\\\/person\\\/45efd3d17f86ec456e44dd7debe1bf19\"},\"headline\":\"Peque\u00f1o futbolista aconcag\u00fcino renueva contrato\u00a0con Independiente de Avellaneda de Argentina\",\"datePublished\":\"2026-04-27T00:29:13+00:00\",\"mainEntityOfPage\":{\"@id\":\"https:\\\/\\\/eltrabajo.cl\\\/web\\\/pequeno-futbolista-aconcaguino-renueva-contrato-con-independiente-de-avellaneda-de-argentina\\\/\"},\"wordCount\":696,\"commentCount\":0,\"publisher\":{\"@id\":\"https:\\\/\\\/eltrabajo.cl\\\/web\\\/#organization\"},\"image\":{\"@id\":\"https:\\\/\\\/eltrabajo.cl\\\/web\\\/pequeno-futbolista-aconcaguino-renueva-contrato-con-independiente-de-avellaneda-de-argentina\\\/#primaryimage\"},\"thumbnailUrl\":\"https:\\\/\\\/eltrabajo.cl\\\/web\\\/wp-content\\\/uploads\\\/2026\\\/04\\\/Felipe-Vargas-3.jpg\",\"articleSection\":[\"Comunidad\"],\"inLanguage\":\"es-CL\",\"potentialAction\":[{\"@type\":\"CommentAction\",\"name\":\"Comment\",\"target\":[\"https:\\\/\\\/eltrabajo.cl\\\/web\\\/pequeno-futbolista-aconcaguino-renueva-contrato-con-independiente-de-avellaneda-de-argentina\\\/#respond\"]}]},{\"@type\":\"WebPage\",\"@id\":\"https:\\\/\\\/eltrabajo.cl\\\/web\\\/pequeno-futbolista-aconcaguino-renueva-contrato-con-independiente-de-avellaneda-de-argentina\\\/\",\"url\":\"https:\\\/\\\/eltrabajo.cl\\\/web\\\/pequeno-futbolista-aconcaguino-renueva-contrato-con-independiente-de-avellaneda-de-argentina\\\/\",\"name\":\"Peque\u00f1o futbolista aconcag\u00fcino renueva contrato\u00a0con Independiente de Avellaneda de Argentina - Diario El Trabajo\",\"isPartOf\":{\"@id\":\"https:\\\/\\\/eltrabajo.cl\\\/web\\\/#website\"},\"primaryImageOfPage\":{\"@id\":\"https:\\\/\\\/eltrabajo.cl\\\/web\\\/pequeno-futbolista-aconcaguino-renueva-contrato-con-independiente-de-avellaneda-de-argentina\\\/#primaryimage\"},\"image\":{\"@id\":\"https:\\\/\\\/eltrabajo.cl\\\/web\\\/pequeno-futbolista-aconcaguino-renueva-contrato-con-independiente-de-avellaneda-de-argentina\\\/#primaryimage\"},\"thumbnailUrl\":\"https:\\\/\\\/eltrabajo.cl\\\/web\\\/wp-content\\\/uploads\\\/2026\\\/04\\\/Felipe-Vargas-3.jpg\",\"datePublished\":\"2026-04-27T00:29:13+00:00\",\"breadcrumb\":{\"@id\":\"https:\\\/\\\/eltrabajo.cl\\\/web\\\/pequeno-futbolista-aconcaguino-renueva-contrato-con-independiente-de-avellaneda-de-argentina\\\/#breadcrumb\"},\"inLanguage\":\"es-CL\",\"potentialAction\":[{\"@type\":\"ReadAction\",\"target\":[\"https:\\\/\\\/eltrabajo.cl\\\/web\\\/pequeno-futbolista-aconcaguino-renueva-contrato-con-independiente-de-avellaneda-de-argentina\\\/\"]}]},{\"@type\":\"ImageObject\",\"inLanguage\":\"es-CL\",\"@id\":\"https:\\\/\\\/eltrabajo.cl\\\/web\\\/pequeno-futbolista-aconcaguino-renueva-contrato-con-independiente-de-avellaneda-de-argentina\\\/#primaryimage\",\"url\":\"https:\\\/\\\/eltrabajo.cl\\\/web\\\/wp-content\\\/uploads\\\/2026\\\/04\\\/Felipe-Vargas-3.jpg\",\"contentUrl\":\"https:\\\/\\\/eltrabajo.cl\\\/web\\\/wp-content\\\/uploads\\\/2026\\\/04\\\/Felipe-Vargas-3.jpg\",\"width\":699,\"height\":458,\"caption\":\"Felipe junto a los profesores de su categor\u00eda en Independiente de Avellaneda.\"},{\"@type\":\"BreadcrumbList\",\"@id\":\"https:\\\/\\\/eltrabajo.cl\\\/web\\\/pequeno-futbolista-aconcaguino-renueva-contrato-con-independiente-de-avellaneda-de-argentina\\\/#breadcrumb\",\"itemListElement\":[{\"@type\":\"ListItem\",\"position\":1,\"name\":\"Portada\",\"item\":\"https:\\\/\\\/eltrabajo.cl\\\/web\\\/\"},{\"@type\":\"ListItem\",\"position\":2,\"name\":\"Peque\u00f1o futbolista aconcag\u00fcino renueva contrato\u00a0con Independiente de Avellaneda de Argentina\"}]},{\"@type\":\"WebSite\",\"@id\":\"https:\\\/\\\/eltrabajo.cl\\\/web\\\/#website\",\"url\":\"https:\\\/\\\/eltrabajo.cl\\\/web\\\/\",\"name\":\"Diario El Trabajo\",\"description\":\"Desde 1929 construyendo Identidad Local\",\"publisher\":{\"@id\":\"https:\\\/\\\/eltrabajo.cl\\\/web\\\/#organization\"},\"potentialAction\":[{\"@type\":\"SearchAction\",\"target\":{\"@type\":\"EntryPoint\",\"urlTemplate\":\"https:\\\/\\\/eltrabajo.cl\\\/web\\\/?s={search_term_string}\"},\"query-input\":{\"@type\":\"PropertyValueSpecification\",\"valueRequired\":true,\"valueName\":\"search_term_string\"}}],\"inLanguage\":\"es-CL\"},{\"@type\":\"Organization\",\"@id\":\"https:\\\/\\\/eltrabajo.cl\\\/web\\\/#organization\",\"name\":\"Diario El Trabajo\",\"url\":\"https:\\\/\\\/eltrabajo.cl\\\/web\\\/\",\"logo\":{\"@type\":\"ImageObject\",\"inLanguage\":\"es-CL\",\"@id\":\"https:\\\/\\\/eltrabajo.cl\\\/web\\\/#\\\/schema\\\/logo\\\/image\\\/\",\"url\":\"https:\\\/\\\/eltrabajo.cl\\\/web\\\/wp-content\\\/uploads\\\/2024\\\/06\\\/profile-image-ig-page-diarioeltrabajo.jpg\",\"contentUrl\":\"https:\\\/\\\/eltrabajo.cl\\\/web\\\/wp-content\\\/uploads\\\/2024\\\/06\\\/profile-image-ig-page-diarioeltrabajo.jpg\",\"width\":823,\"height\":823,\"caption\":\"Diario El Trabajo\"},\"image\":{\"@id\":\"https:\\\/\\\/eltrabajo.cl\\\/web\\\/#\\\/schema\\\/logo\\\/image\\\/\"},\"sameAs\":[\"https:\\\/\\\/www.facebook.com\\\/ElTrabajoDiario\",\"https:\\\/\\\/x.com\\\/diarioeltrabajo\"]},{\"@type\":\"Person\",\"@id\":\"https:\\\/\\\/eltrabajo.cl\\\/web\\\/#\\\/schema\\\/person\\\/45efd3d17f86ec456e44dd7debe1bf19\",\"name\":\"Diario El Trabajo\",\"image\":{\"@type\":\"ImageObject\",\"inLanguage\":\"es-CL\",\"@id\":\"https:\\\/\\\/secure.gravatar.com\\\/avatar\\\/7e6ec277dc4aea2677c2dc301d4227957219329c985ab69a3efc12518b5161aa?s=96&d=mm&r=g\",\"url\":\"https:\\\/\\\/secure.gravatar.com\\\/avatar\\\/7e6ec277dc4aea2677c2dc301d4227957219329c985ab69a3efc12518b5161aa?s=96&d=mm&r=g\",\"contentUrl\":\"https:\\\/\\\/secure.gravatar.com\\\/avatar\\\/7e6ec277dc4aea2677c2dc301d4227957219329c985ab69a3efc12518b5161aa?s=96&d=mm&r=g\",\"caption\":\"Diario El Trabajo\"},\"sameAs\":[\"https:\\\/\\\/eltrabajo.cl\\\/web\"],\"url\":\"https:\\\/\\\/eltrabajo.cl\\\/web\\\/author\\\/diario-el-trabajo\\\/\"}]}<\/script>\n<!-- \/ Yoast SEO plugin. -->","yoast_head_json":{"title":"Peque\u00f1o futbolista aconcag\u00fcino renueva contrato\u00a0con Independiente de Avellaneda de Argentina - Diario El Trabajo","robots":{"index":"index","follow":"follow","max-snippet":"max-snippet:-1","max-image-preview":"max-image-preview:large","max-video-preview":"max-video-preview:-1"},"canonical":"https:\/\/eltrabajo.cl\/web\/pequeno-futbolista-aconcaguino-renueva-contrato-con-independiente-de-avellaneda-de-argentina\/","og_locale":"es_ES","og_type":"article","og_title":"Peque\u00f1o futbolista aconcag\u00fcino renueva contrato\u00a0con Independiente de Avellaneda de Argentina - Diario El Trabajo","og_description":"Con ra\u00edces en San Felipe y actualmente radicado en Panquehue, la joven promesa fue seleccionada entre m\u00e1s de 300 ni\u00f1os en Argentina.- Una historia marcada por el esfuerzo, la constancia y el talento comienza a consolidarse en el f\u00fatbol internacional. Se trata de Felipe Andr\u00e9s Vargas Nacarate, ni\u00f1o de 10 a\u00f1os de edad, oriundo del [&hellip;]","og_url":"https:\/\/eltrabajo.cl\/web\/pequeno-futbolista-aconcaguino-renueva-contrato-con-independiente-de-avellaneda-de-argentina\/","og_site_name":"Diario El Trabajo","article_publisher":"https:\/\/www.facebook.com\/ElTrabajoDiario","article_published_time":"2026-04-27T00:29:13+00:00","og_image":[{"width":699,"height":458,"url":"https:\/\/eltrabajo.cl\/web\/wp-content\/uploads\/2026\/04\/Felipe-Vargas-3.jpg","type":"image\/jpeg"}],"author":"Diario El Trabajo","twitter_card":"summary_large_image","twitter_creator":"@diarioeltrabajo","twitter_site":"@diarioeltrabajo","twitter_misc":{"Escrito por":"Diario El Trabajo","Tiempo estimado de lectura":"4 minutos"},"schema":{"@context":"https:\/\/schema.org","@graph":[{"@type":"Article","@id":"https:\/\/eltrabajo.cl\/web\/pequeno-futbolista-aconcaguino-renueva-contrato-con-independiente-de-avellaneda-de-argentina\/#article","isPartOf":{"@id":"https:\/\/eltrabajo.cl\/web\/pequeno-futbolista-aconcaguino-renueva-contrato-con-independiente-de-avellaneda-de-argentina\/"},"author":{"name":"Diario El Trabajo","@id":"https:\/\/eltrabajo.cl\/web\/#\/schema\/person\/45efd3d17f86ec456e44dd7debe1bf19"},"headline":"Peque\u00f1o futbolista aconcag\u00fcino renueva contrato\u00a0con Independiente de Avellaneda de Argentina","datePublished":"2026-04-27T00:29:13+00:00","mainEntityOfPage":{"@id":"https:\/\/eltrabajo.cl\/web\/pequeno-futbolista-aconcaguino-renueva-contrato-con-independiente-de-avellaneda-de-argentina\/"},"wordCount":696,"commentCount":0,"publisher":{"@id":"https:\/\/eltrabajo.cl\/web\/#organization"},"image":{"@id":"https:\/\/eltrabajo.cl\/web\/pequeno-futbolista-aconcaguino-renueva-contrato-con-independiente-de-avellaneda-de-argentina\/#primaryimage"},"thumbnailUrl":"https:\/\/eltrabajo.cl\/web\/wp-content\/uploads\/2026\/04\/Felipe-Vargas-3.jpg","articleSection":["Comunidad"],"inLanguage":"es-CL","potentialAction":[{"@type":"CommentAction","name":"Comment","target":["https:\/\/eltrabajo.cl\/web\/pequeno-futbolista-aconcaguino-renueva-contrato-con-independiente-de-avellaneda-de-argentina\/#respond"]}]},{"@type":"WebPage","@id":"https:\/\/eltrabajo.cl\/web\/pequeno-futbolista-aconcaguino-renueva-contrato-con-independiente-de-avellaneda-de-argentina\/","url":"https:\/\/eltrabajo.cl\/web\/pequeno-futbolista-aconcaguino-renueva-contrato-con-independiente-de-avellaneda-de-argentina\/","name":"Peque\u00f1o futbolista aconcag\u00fcino renueva contrato\u00a0con Independiente de Avellaneda de Argentina - Diario El Trabajo","isPartOf":{"@id":"https:\/\/eltrabajo.cl\/web\/#website"},"primaryImageOfPage":{"@id":"https:\/\/eltrabajo.cl\/web\/pequeno-futbolista-aconcaguino-renueva-contrato-con-independiente-de-avellaneda-de-argentina\/#primaryimage"},"image":{"@id":"https:\/\/eltrabajo.cl\/web\/pequeno-futbolista-aconcaguino-renueva-contrato-con-independiente-de-avellaneda-de-argentina\/#primaryimage"},"thumbnailUrl":"https:\/\/eltrabajo.cl\/web\/wp-content\/uploads\/2026\/04\/Felipe-Vargas-3.jpg","datePublished":"2026-04-27T00:29:13+00:00","breadcrumb":{"@id":"https:\/\/eltrabajo.cl\/web\/pequeno-futbolista-aconcaguino-renueva-contrato-con-independiente-de-avellaneda-de-argentina\/#breadcrumb"},"inLanguage":"es-CL","potentialAction":[{"@type":"ReadAction","target":["https:\/\/eltrabajo.cl\/web\/pequeno-futbolista-aconcaguino-renueva-contrato-con-independiente-de-avellaneda-de-argentina\/"]}]},{"@type":"ImageObject","inLanguage":"es-CL","@id":"https:\/\/eltrabajo.cl\/web\/pequeno-futbolista-aconcaguino-renueva-contrato-con-independiente-de-avellaneda-de-argentina\/#primaryimage","url":"https:\/\/eltrabajo.cl\/web\/wp-content\/uploads\/2026\/04\/Felipe-Vargas-3.jpg","contentUrl":"https:\/\/eltrabajo.cl\/web\/wp-content\/uploads\/2026\/04\/Felipe-Vargas-3.jpg","width":699,"height":458,"caption":"Felipe junto a los profesores de su categor\u00eda en Independiente de Avellaneda."},{"@type":"BreadcrumbList","@id":"https:\/\/eltrabajo.cl\/web\/pequeno-futbolista-aconcaguino-renueva-contrato-con-independiente-de-avellaneda-de-argentina\/#breadcrumb","itemListElement":[{"@type":"ListItem","position":1,"name":"Portada","item":"https:\/\/eltrabajo.cl\/web\/"},{"@type":"ListItem","position":2,"name":"Peque\u00f1o futbolista aconcag\u00fcino renueva contrato\u00a0con Independiente de Avellaneda de Argentina"}]},{"@type":"WebSite","@id":"https:\/\/eltrabajo.cl\/web\/#website","url":"https:\/\/eltrabajo.cl\/web\/","name":"Diario El Trabajo","description":"Desde 1929 construyendo Identidad Local","publisher":{"@id":"https:\/\/eltrabajo.cl\/web\/#organization"},"potentialAction":[{"@type":"SearchAction","target":{"@type":"EntryPoint","urlTemplate":"https:\/\/eltrabajo.cl\/web\/?s={search_term_string}"},"query-input":{"@type":"PropertyValueSpecification","valueRequired":true,"valueName":"search_term_string"}}],"inLanguage":"es-CL"},{"@type":"Organization","@id":"https:\/\/eltrabajo.cl\/web\/#organization","name":"Diario El Trabajo","url":"https:\/\/eltrabajo.cl\/web\/","logo":{"@type":"ImageObject","inLanguage":"es-CL","@id":"https:\/\/eltrabajo.cl\/web\/#\/schema\/logo\/image\/","url":"https:\/\/eltrabajo.cl\/web\/wp-content\/uploads\/2024\/06\/profile-image-ig-page-diarioeltrabajo.jpg","contentUrl":"https:\/\/eltrabajo.cl\/web\/wp-content\/uploads\/2024\/06\/profile-image-ig-page-diarioeltrabajo.jpg","width":823,"height":823,"caption":"Diario El Trabajo"},"image":{"@id":"https:\/\/eltrabajo.cl\/web\/#\/schema\/logo\/image\/"},"sameAs":["https:\/\/www.facebook.com\/ElTrabajoDiario","https:\/\/x.com\/diarioeltrabajo"]},{"@type":"Person","@id":"https:\/\/eltrabajo.cl\/web\/#\/schema\/person\/45efd3d17f86ec456e44dd7debe1bf19","name":"Diario El Trabajo","image":{"@type":"ImageObject","inLanguage":"es-CL","@id":"https:\/\/secure.gravatar.com\/avatar\/7e6ec277dc4aea2677c2dc301d4227957219329c985ab69a3efc12518b5161aa?s=96&d=mm&r=g","url":"https:\/\/secure.gravatar.com\/avatar\/7e6ec277dc4aea2677c2dc301d4227957219329c985ab69a3efc12518b5161aa?s=96&d=mm&r=g","contentUrl":"https:\/\/secure.gravatar.com\/avatar\/7e6ec277dc4aea2677c2dc301d4227957219329c985ab69a3efc12518b5161aa?s=96&d=mm&r=g","caption":"Diario El Trabajo"},"sameAs":["https:\/\/eltrabajo.cl\/web"],"url":"https:\/\/eltrabajo.cl\/web\/author\/diario-el-trabajo\/"}]}},"_links":{"self":[{"href":"https:\/\/eltrabajo.cl\/web\/wp-json\/wp\/v2\/posts\/144271","targetHints":{"allow":["GET"]}}],"collection":[{"href":"https:\/\/eltrabajo.cl\/web\/wp-json\/wp\/v2\/posts"}],"about":[{"href":"https:\/\/eltrabajo.cl\/web\/wp-json\/wp\/v2\/types\/post"}],"author":[{"embeddable":true,"href":"https:\/\/eltrabajo.cl\/web\/wp-json\/wp\/v2\/users\/1"}],"replies":[{"embeddable":true,"href":"https:\/\/eltrabajo.cl\/web\/wp-json\/wp\/v2\/comments?post=144271"}],"version-history":[{"count":1,"href":"https:\/\/eltrabajo.cl\/web\/wp-json\/wp\/v2\/posts\/144271\/revisions"}],"predecessor-version":[{"id":144275,"href":"https:\/\/eltrabajo.cl\/web\/wp-json\/wp\/v2\/posts\/144271\/revisions\/144275"}],"wp:featuredmedia":[{"embeddable":true,"href":"https:\/\/eltrabajo.cl\/web\/wp-json\/wp\/v2\/media\/144274"}],"wp:attachment":[{"href":"https:\/\/eltrabajo.cl\/web\/wp-json\/wp\/v2\/media?parent=144271"}],"wp:term":[{"taxonomy":"category","embeddable":true,"href":"https:\/\/eltrabajo.cl\/web\/wp-json\/wp\/v2\/categories?post=144271"},{"taxonomy":"post_tag","embeddable":true,"href":"https:\/\/eltrabajo.cl\/web\/wp-json\/wp\/v2\/tags?post=144271"}],"curies":[{"name":"wp","href":"https:\/\/api.w.org\/{rel}","templated":true}]}}