{"id":144276,"date":"2026-04-26T21:30:03","date_gmt":"2026-04-27T00:30:03","guid":{"rendered":"https:\/\/eltrabajo.cl\/web\/?p=144276"},"modified":"2026-04-26T21:30:03","modified_gmt":"2026-04-27T00:30:03","slug":"detienen-a-sujeto-que-amenazo-y-lanzo-piedra-de-gran-tamano-a-vehiculo-municipal","status":"publish","type":"post","link":"https:\/\/eltrabajo.cl\/web\/detienen-a-sujeto-que-amenazo-y-lanzo-piedra-de-gran-tamano-a-vehiculo-municipal\/","title":{"rendered":"Detienen a sujeto que amenaz\u00f3 y lanz\u00f3 piedra de gran tama\u00f1o a veh\u00edculo municipal"},"content":{"rendered":"<ul>\n<li><strong>El elemento estaba dirigido a una inspectora que realizaba fiscalizaciones en la feria de Diego de Almagro.-<\/strong><\/li>\n<\/ul>\n<p>Este domingo se realiz\u00f3 un nuevo operativo de fiscalizaci\u00f3n en la feria de Diego de Almagro entre Carabineros y personal del municipio, coordinado con la Delegaci\u00f3n Presidencial Provincial (DPP). En el marco de este despliegue, se atacaron las principales incivilidades en el lugar, enfocado en el combate al comercio ambulante y la recuperaci\u00f3n de espacios p\u00fablicos.<\/p>\n<p>En este contexto, es que se cursaron diversas infracciones por ejercer el comercio ambulante, en un trabajo que no estuvo exento de complejidades; esto, dado a las amenazas y la resistencia de las personas que estaban cometiendo estos actos il\u00edcitos.<\/p>\n<p>Es as\u00ed, que se logr\u00f3 la detenci\u00f3n de dos personas, una por amenazas y otra por oponerse al actuar de carabineros de servicio. As\u00ed lo indic\u00f3 el capit\u00e1n <strong>Israel Parada<\/strong>, de la Segunda Comisar\u00eda de Carabineros de San Felipe.<\/p>\n<p>\u00ab<em>Gracias a la coordinaci\u00f3n con la municipalidad y delegaci\u00f3n<\/em> (provincial)<em>, logramos hoy d\u00eda<\/em> (domingo) <em>realizar un nuevo servicio en la feria de Diego de Almagro de la comuna de San Felipe. Se lograron realizar diferentes infracciones al comercio ambulante y de esto resultaron dos personas detenidas, una por amenazas y otro ciudadano que fue imputado por oponerse al actuar de carabineros en servicio\u00bb<\/em>, se\u00f1al\u00f3.<\/p>\n<p>Por su parte, la alcaldesa de San Felipe, <strong>Carmen Castillo<\/strong>, destac\u00f3 este nuevo operativo y conden\u00f3 las amenazas. <em>\u00abAgradecer a la Delegaci\u00f3n Provincial, porque une a distintas entidades que pueden ayudar en ir sacando todo lo que es ilegal en la feria de Diego de Almagro. Hoy d\u00eda Carabineros, con Seguridad P\u00fablica de nuestra municipalidad, efectuaron un trabajo muy importante, un decomiso y tambi\u00e9n detenci\u00f3n<\/em>.<\/p>\n<p>\u00ab<em>Todo eso va se\u00f1alando a las personas, a nuestros vecinos y vecinas, que estamos trabajando en forma perseverante para, ojal\u00e1, evitar que tengamos delincuencia en nuestra comuna\u00bb<\/em>, agreg\u00f3.<\/p>\n<p>Asimismo, el delegado presidencial provincial de San Felipe de Aconcagua, <strong>Sebasti\u00e1n Caldera<\/strong>, coment\u00f3 que <em>\u00absi bien no hubo mucho decomiso, s\u00ed hay una se\u00f1al de que se est\u00e1n haciendo bien las cosas. Se pudo visualizar que ya no est\u00e1n de fiesta, que la fiesta termin\u00f3 a los que hac\u00edan mal las cosas. Por nuestra parte, en lo ocurrido hoy d\u00eda<\/em> (domingo)<em>, vamos a tener tolerancia cero con la agresi\u00f3n, principalmente a nuestras polic\u00edas y, por supuesto, a los inspectores municipales\u00bb<\/em>.<\/p>\n<p>Por su parte, el director de la Direcci\u00f3n de Seguridad P\u00fablica de San Felipe, <strong>Felipe Olivares<\/strong>, indic\u00f3 que un sujeto lanz\u00f3 una piedra de gran tama\u00f1o que impact\u00f3 en uno de los veh\u00edculos municipales. El elemento, seg\u00fan asegur\u00f3, iba dirigido a una de las inspectoras municipales.<\/p>\n<p>\u00ab<em>En el desarrollo de este procedimiento, el personal municipal junto con Carabineros recibi\u00f3 diversos tipos de amenazas durante todo el desarrollo de esta labor, y esta amenaza culmina, cuando ya el agresor se dispone a tirar una piedra de gran tama\u00f1o a una inspectora municipal, una inspectora mujer que estaba conduciendo un veh\u00edculo fiscal\u00bb<\/em>, expres\u00f3.<\/p>\n<p>En esta misma l\u00ednea, Olivares a\u00f1adi\u00f3 que <em>\u00abgracias a Dios las medidas de seguridad del veh\u00edculo permitieron de que el cristal no reventara, y en ese instante, personal de esta direcci\u00f3n y Carabineros salen en persecuci\u00f3n de este sujeto, quien es reducido cuadras m\u00e1s adelante, imput\u00e1ndole los delitos de agresi\u00f3n, amenazas, entre otros hechos, para dar una se\u00f1al clara que los inspectores municipales como personal de Carabineros, como es cualquier funcionario p\u00fablico que est\u00e1 haciendo labores preventivas en su servicio, la tolerancia va a ser cero ante las amenazas y agresiones\u00bb<\/em>, asegur\u00f3.<\/p>\n<p>Las autoridades condenaron las agresiones y amenazas que ocurrieron en este operativo, y aseguraron que las fiscalizaciones continuar\u00e1n desarroll\u00e1ndose con mayor periodicidad en la feria de Diego de Almagro.<\/p>\n<figure id=\"attachment_144277\" aria-describedby=\"caption-attachment-144277\" style=\"width: 700px\" class=\"wp-caption alignnone\"><img loading=\"lazy\" decoding=\"async\" class=\"size-full wp-image-144277\" src=\"https:\/\/eltrabajo.cl\/web\/wp-content\/uploads\/2026\/04\/detenido-piedras-lanzadas.jpg\" alt=\"Estas son las piedras lanzadas al veh\u00edculo municipal.  \" width=\"700\" height=\"525\" srcset=\"https:\/\/eltrabajo.cl\/web\/wp-content\/uploads\/2026\/04\/detenido-piedras-lanzadas.jpg 700w, https:\/\/eltrabajo.cl\/web\/wp-content\/uploads\/2026\/04\/detenido-piedras-lanzadas-300x225.jpg 300w, https:\/\/eltrabajo.cl\/web\/wp-content\/uploads\/2026\/04\/detenido-piedras-lanzadas-560x420.jpg 560w, https:\/\/eltrabajo.cl\/web\/wp-content\/uploads\/2026\/04\/detenido-piedras-lanzadas-80x60.jpg 80w, https:\/\/eltrabajo.cl\/web\/wp-content\/uploads\/2026\/04\/detenido-piedras-lanzadas-150x113.jpg 150w, https:\/\/eltrabajo.cl\/web\/wp-content\/uploads\/2026\/04\/detenido-piedras-lanzadas-696x522.jpg 696w\" sizes=\"auto, (max-width: 700px) 100vw, 700px\" \/><figcaption id=\"caption-attachment-144277\" class=\"wp-caption-text\">Estas son las piedras lanzadas al veh\u00edculo municipal.<\/figcaption><\/figure>\n","protected":false},"excerpt":{"rendered":"<p>El elemento estaba dirigido a una inspectora que realizaba fiscalizaciones en la feria de Diego de Almagro.- Este domingo se realiz\u00f3 un nuevo operativo de fiscalizaci\u00f3n en la feria de Diego de Almagro entre Carabineros y personal del municipio, coordinado con la Delegaci\u00f3n Presidencial Provincial (DPP). En el marco de este despliegue, se atacaron las [&hellip;]<\/p>\n","protected":false},"author":1,"featured_media":144277,"comment_status":"open","ping_status":"closed","sticky":false,"template":"","format":"standard","meta":{"footnotes":""},"categories":[5],"tags":[],"class_list":{"0":"post-144276","1":"post","2":"type-post","3":"status-publish","4":"format-standard","5":"has-post-thumbnail","7":"category-policial"},"yoast_head":"<!-- This site is optimized with the Yoast SEO plugin v27.4 - https:\/\/yoast.com\/product\/yoast-seo-wordpress\/ -->\n<title>Detienen a sujeto que amenaz\u00f3 y lanz\u00f3 piedra de gran tama\u00f1o a veh\u00edculo municipal - Diario El Trabajo<\/title>\n<meta name=\"robots\" content=\"index, follow, max-snippet:-1, max-image-preview:large, max-video-preview:-1\" \/>\n<link rel=\"canonical\" href=\"https:\/\/eltrabajo.cl\/web\/detienen-a-sujeto-que-amenazo-y-lanzo-piedra-de-gran-tamano-a-vehiculo-municipal\/\" \/>\n<meta property=\"og:locale\" content=\"es_ES\" \/>\n<meta property=\"og:type\" content=\"article\" \/>\n<meta property=\"og:title\" content=\"Detienen a sujeto que amenaz\u00f3 y lanz\u00f3 piedra de gran tama\u00f1o a veh\u00edculo municipal - Diario El Trabajo\" \/>\n<meta property=\"og:description\" content=\"El elemento estaba dirigido a una inspectora que realizaba fiscalizaciones en la feria de Diego de Almagro.- Este domingo se realiz\u00f3 un nuevo operativo de fiscalizaci\u00f3n en la feria de Diego de Almagro entre Carabineros y personal del municipio, coordinado con la Delegaci\u00f3n Presidencial Provincial (DPP). En el marco de este despliegue, se atacaron las [&hellip;]\" \/>\n<meta property=\"og:url\" content=\"https:\/\/eltrabajo.cl\/web\/detienen-a-sujeto-que-amenazo-y-lanzo-piedra-de-gran-tamano-a-vehiculo-municipal\/\" \/>\n<meta property=\"og:site_name\" content=\"Diario El Trabajo\" \/>\n<meta property=\"article:publisher\" content=\"https:\/\/www.facebook.com\/ElTrabajoDiario\" \/>\n<meta property=\"article:published_time\" content=\"2026-04-27T00:30:03+00:00\" \/>\n<meta property=\"og:image\" content=\"https:\/\/eltrabajo.cl\/web\/wp-content\/uploads\/2026\/04\/detenido-piedras-lanzadas.jpg\" \/>\n\t<meta property=\"og:image:width\" content=\"700\" \/>\n\t<meta property=\"og:image:height\" content=\"525\" \/>\n\t<meta property=\"og:image:type\" content=\"image\/jpeg\" \/>\n<meta name=\"author\" content=\"Diario El Trabajo\" \/>\n<meta name=\"twitter:card\" content=\"summary_large_image\" \/>\n<meta name=\"twitter:creator\" content=\"@diarioeltrabajo\" \/>\n<meta name=\"twitter:site\" content=\"@diarioeltrabajo\" \/>\n<meta name=\"twitter:label1\" content=\"Escrito por\" \/>\n\t<meta name=\"twitter:data1\" content=\"Diario El Trabajo\" \/>\n\t<meta name=\"twitter:label2\" content=\"Tiempo estimado de lectura\" \/>\n\t<meta name=\"twitter:data2\" content=\"4 minutos\" \/>\n<script type=\"application\/ld+json\" class=\"yoast-schema-graph\">{\"@context\":\"https:\\\/\\\/schema.org\",\"@graph\":[{\"@type\":\"Article\",\"@id\":\"https:\\\/\\\/eltrabajo.cl\\\/web\\\/detienen-a-sujeto-que-amenazo-y-lanzo-piedra-de-gran-tamano-a-vehiculo-municipal\\\/#article\",\"isPartOf\":{\"@id\":\"https:\\\/\\\/eltrabajo.cl\\\/web\\\/detienen-a-sujeto-que-amenazo-y-lanzo-piedra-de-gran-tamano-a-vehiculo-municipal\\\/\"},\"author\":{\"name\":\"Diario El Trabajo\",\"@id\":\"https:\\\/\\\/eltrabajo.cl\\\/web\\\/#\\\/schema\\\/person\\\/45efd3d17f86ec456e44dd7debe1bf19\"},\"headline\":\"Detienen a sujeto que amenaz\u00f3 y lanz\u00f3 piedra de gran tama\u00f1o a veh\u00edculo municipal\",\"datePublished\":\"2026-04-27T00:30:03+00:00\",\"mainEntityOfPage\":{\"@id\":\"https:\\\/\\\/eltrabajo.cl\\\/web\\\/detienen-a-sujeto-que-amenazo-y-lanzo-piedra-de-gran-tamano-a-vehiculo-municipal\\\/\"},\"wordCount\":689,\"commentCount\":0,\"publisher\":{\"@id\":\"https:\\\/\\\/eltrabajo.cl\\\/web\\\/#organization\"},\"image\":{\"@id\":\"https:\\\/\\\/eltrabajo.cl\\\/web\\\/detienen-a-sujeto-que-amenazo-y-lanzo-piedra-de-gran-tamano-a-vehiculo-municipal\\\/#primaryimage\"},\"thumbnailUrl\":\"https:\\\/\\\/eltrabajo.cl\\\/web\\\/wp-content\\\/uploads\\\/2026\\\/04\\\/detenido-piedras-lanzadas.jpg\",\"articleSection\":[\"Policial\"],\"inLanguage\":\"es-CL\",\"potentialAction\":[{\"@type\":\"CommentAction\",\"name\":\"Comment\",\"target\":[\"https:\\\/\\\/eltrabajo.cl\\\/web\\\/detienen-a-sujeto-que-amenazo-y-lanzo-piedra-de-gran-tamano-a-vehiculo-municipal\\\/#respond\"]}]},{\"@type\":\"WebPage\",\"@id\":\"https:\\\/\\\/eltrabajo.cl\\\/web\\\/detienen-a-sujeto-que-amenazo-y-lanzo-piedra-de-gran-tamano-a-vehiculo-municipal\\\/\",\"url\":\"https:\\\/\\\/eltrabajo.cl\\\/web\\\/detienen-a-sujeto-que-amenazo-y-lanzo-piedra-de-gran-tamano-a-vehiculo-municipal\\\/\",\"name\":\"Detienen a sujeto que amenaz\u00f3 y lanz\u00f3 piedra de gran tama\u00f1o a veh\u00edculo municipal - Diario El Trabajo\",\"isPartOf\":{\"@id\":\"https:\\\/\\\/eltrabajo.cl\\\/web\\\/#website\"},\"primaryImageOfPage\":{\"@id\":\"https:\\\/\\\/eltrabajo.cl\\\/web\\\/detienen-a-sujeto-que-amenazo-y-lanzo-piedra-de-gran-tamano-a-vehiculo-municipal\\\/#primaryimage\"},\"image\":{\"@id\":\"https:\\\/\\\/eltrabajo.cl\\\/web\\\/detienen-a-sujeto-que-amenazo-y-lanzo-piedra-de-gran-tamano-a-vehiculo-municipal\\\/#primaryimage\"},\"thumbnailUrl\":\"https:\\\/\\\/eltrabajo.cl\\\/web\\\/wp-content\\\/uploads\\\/2026\\\/04\\\/detenido-piedras-lanzadas.jpg\",\"datePublished\":\"2026-04-27T00:30:03+00:00\",\"breadcrumb\":{\"@id\":\"https:\\\/\\\/eltrabajo.cl\\\/web\\\/detienen-a-sujeto-que-amenazo-y-lanzo-piedra-de-gran-tamano-a-vehiculo-municipal\\\/#breadcrumb\"},\"inLanguage\":\"es-CL\",\"potentialAction\":[{\"@type\":\"ReadAction\",\"target\":[\"https:\\\/\\\/eltrabajo.cl\\\/web\\\/detienen-a-sujeto-que-amenazo-y-lanzo-piedra-de-gran-tamano-a-vehiculo-municipal\\\/\"]}]},{\"@type\":\"ImageObject\",\"inLanguage\":\"es-CL\",\"@id\":\"https:\\\/\\\/eltrabajo.cl\\\/web\\\/detienen-a-sujeto-que-amenazo-y-lanzo-piedra-de-gran-tamano-a-vehiculo-municipal\\\/#primaryimage\",\"url\":\"https:\\\/\\\/eltrabajo.cl\\\/web\\\/wp-content\\\/uploads\\\/2026\\\/04\\\/detenido-piedras-lanzadas.jpg\",\"contentUrl\":\"https:\\\/\\\/eltrabajo.cl\\\/web\\\/wp-content\\\/uploads\\\/2026\\\/04\\\/detenido-piedras-lanzadas.jpg\",\"width\":700,\"height\":525,\"caption\":\"Estas son las piedras lanzadas al veh\u00edculo municipal.\"},{\"@type\":\"BreadcrumbList\",\"@id\":\"https:\\\/\\\/eltrabajo.cl\\\/web\\\/detienen-a-sujeto-que-amenazo-y-lanzo-piedra-de-gran-tamano-a-vehiculo-municipal\\\/#breadcrumb\",\"itemListElement\":[{\"@type\":\"ListItem\",\"position\":1,\"name\":\"Portada\",\"item\":\"https:\\\/\\\/eltrabajo.cl\\\/web\\\/\"},{\"@type\":\"ListItem\",\"position\":2,\"name\":\"Detienen a sujeto que amenaz\u00f3 y lanz\u00f3 piedra de gran tama\u00f1o a veh\u00edculo municipal\"}]},{\"@type\":\"WebSite\",\"@id\":\"https:\\\/\\\/eltrabajo.cl\\\/web\\\/#website\",\"url\":\"https:\\\/\\\/eltrabajo.cl\\\/web\\\/\",\"name\":\"Diario El Trabajo\",\"description\":\"Desde 1929 construyendo Identidad Local\",\"publisher\":{\"@id\":\"https:\\\/\\\/eltrabajo.cl\\\/web\\\/#organization\"},\"potentialAction\":[{\"@type\":\"SearchAction\",\"target\":{\"@type\":\"EntryPoint\",\"urlTemplate\":\"https:\\\/\\\/eltrabajo.cl\\\/web\\\/?s={search_term_string}\"},\"query-input\":{\"@type\":\"PropertyValueSpecification\",\"valueRequired\":true,\"valueName\":\"search_term_string\"}}],\"inLanguage\":\"es-CL\"},{\"@type\":\"Organization\",\"@id\":\"https:\\\/\\\/eltrabajo.cl\\\/web\\\/#organization\",\"name\":\"Diario El Trabajo\",\"url\":\"https:\\\/\\\/eltrabajo.cl\\\/web\\\/\",\"logo\":{\"@type\":\"ImageObject\",\"inLanguage\":\"es-CL\",\"@id\":\"https:\\\/\\\/eltrabajo.cl\\\/web\\\/#\\\/schema\\\/logo\\\/image\\\/\",\"url\":\"https:\\\/\\\/eltrabajo.cl\\\/web\\\/wp-content\\\/uploads\\\/2024\\\/06\\\/profile-image-ig-page-diarioeltrabajo.jpg\",\"contentUrl\":\"https:\\\/\\\/eltrabajo.cl\\\/web\\\/wp-content\\\/uploads\\\/2024\\\/06\\\/profile-image-ig-page-diarioeltrabajo.jpg\",\"width\":823,\"height\":823,\"caption\":\"Diario El Trabajo\"},\"image\":{\"@id\":\"https:\\\/\\\/eltrabajo.cl\\\/web\\\/#\\\/schema\\\/logo\\\/image\\\/\"},\"sameAs\":[\"https:\\\/\\\/www.facebook.com\\\/ElTrabajoDiario\",\"https:\\\/\\\/x.com\\\/diarioeltrabajo\"]},{\"@type\":\"Person\",\"@id\":\"https:\\\/\\\/eltrabajo.cl\\\/web\\\/#\\\/schema\\\/person\\\/45efd3d17f86ec456e44dd7debe1bf19\",\"name\":\"Diario El Trabajo\",\"image\":{\"@type\":\"ImageObject\",\"inLanguage\":\"es-CL\",\"@id\":\"https:\\\/\\\/secure.gravatar.com\\\/avatar\\\/7e6ec277dc4aea2677c2dc301d4227957219329c985ab69a3efc12518b5161aa?s=96&d=mm&r=g\",\"url\":\"https:\\\/\\\/secure.gravatar.com\\\/avatar\\\/7e6ec277dc4aea2677c2dc301d4227957219329c985ab69a3efc12518b5161aa?s=96&d=mm&r=g\",\"contentUrl\":\"https:\\\/\\\/secure.gravatar.com\\\/avatar\\\/7e6ec277dc4aea2677c2dc301d4227957219329c985ab69a3efc12518b5161aa?s=96&d=mm&r=g\",\"caption\":\"Diario El Trabajo\"},\"sameAs\":[\"https:\\\/\\\/eltrabajo.cl\\\/web\"],\"url\":\"https:\\\/\\\/eltrabajo.cl\\\/web\\\/author\\\/diario-el-trabajo\\\/\"}]}<\/script>\n<!-- \/ Yoast SEO plugin. -->","yoast_head_json":{"title":"Detienen a sujeto que amenaz\u00f3 y lanz\u00f3 piedra de gran tama\u00f1o a veh\u00edculo municipal - Diario El Trabajo","robots":{"index":"index","follow":"follow","max-snippet":"max-snippet:-1","max-image-preview":"max-image-preview:large","max-video-preview":"max-video-preview:-1"},"canonical":"https:\/\/eltrabajo.cl\/web\/detienen-a-sujeto-que-amenazo-y-lanzo-piedra-de-gran-tamano-a-vehiculo-municipal\/","og_locale":"es_ES","og_type":"article","og_title":"Detienen a sujeto que amenaz\u00f3 y lanz\u00f3 piedra de gran tama\u00f1o a veh\u00edculo municipal - Diario El Trabajo","og_description":"El elemento estaba dirigido a una inspectora que realizaba fiscalizaciones en la feria de Diego de Almagro.- Este domingo se realiz\u00f3 un nuevo operativo de fiscalizaci\u00f3n en la feria de Diego de Almagro entre Carabineros y personal del municipio, coordinado con la Delegaci\u00f3n Presidencial Provincial (DPP). En el marco de este despliegue, se atacaron las [&hellip;]","og_url":"https:\/\/eltrabajo.cl\/web\/detienen-a-sujeto-que-amenazo-y-lanzo-piedra-de-gran-tamano-a-vehiculo-municipal\/","og_site_name":"Diario El Trabajo","article_publisher":"https:\/\/www.facebook.com\/ElTrabajoDiario","article_published_time":"2026-04-27T00:30:03+00:00","og_image":[{"width":700,"height":525,"url":"https:\/\/eltrabajo.cl\/web\/wp-content\/uploads\/2026\/04\/detenido-piedras-lanzadas.jpg","type":"image\/jpeg"}],"author":"Diario El Trabajo","twitter_card":"summary_large_image","twitter_creator":"@diarioeltrabajo","twitter_site":"@diarioeltrabajo","twitter_misc":{"Escrito por":"Diario El Trabajo","Tiempo estimado de lectura":"4 minutos"},"schema":{"@context":"https:\/\/schema.org","@graph":[{"@type":"Article","@id":"https:\/\/eltrabajo.cl\/web\/detienen-a-sujeto-que-amenazo-y-lanzo-piedra-de-gran-tamano-a-vehiculo-municipal\/#article","isPartOf":{"@id":"https:\/\/eltrabajo.cl\/web\/detienen-a-sujeto-que-amenazo-y-lanzo-piedra-de-gran-tamano-a-vehiculo-municipal\/"},"author":{"name":"Diario El Trabajo","@id":"https:\/\/eltrabajo.cl\/web\/#\/schema\/person\/45efd3d17f86ec456e44dd7debe1bf19"},"headline":"Detienen a sujeto que amenaz\u00f3 y lanz\u00f3 piedra de gran tama\u00f1o a veh\u00edculo municipal","datePublished":"2026-04-27T00:30:03+00:00","mainEntityOfPage":{"@id":"https:\/\/eltrabajo.cl\/web\/detienen-a-sujeto-que-amenazo-y-lanzo-piedra-de-gran-tamano-a-vehiculo-municipal\/"},"wordCount":689,"commentCount":0,"publisher":{"@id":"https:\/\/eltrabajo.cl\/web\/#organization"},"image":{"@id":"https:\/\/eltrabajo.cl\/web\/detienen-a-sujeto-que-amenazo-y-lanzo-piedra-de-gran-tamano-a-vehiculo-municipal\/#primaryimage"},"thumbnailUrl":"https:\/\/eltrabajo.cl\/web\/wp-content\/uploads\/2026\/04\/detenido-piedras-lanzadas.jpg","articleSection":["Policial"],"inLanguage":"es-CL","potentialAction":[{"@type":"CommentAction","name":"Comment","target":["https:\/\/eltrabajo.cl\/web\/detienen-a-sujeto-que-amenazo-y-lanzo-piedra-de-gran-tamano-a-vehiculo-municipal\/#respond"]}]},{"@type":"WebPage","@id":"https:\/\/eltrabajo.cl\/web\/detienen-a-sujeto-que-amenazo-y-lanzo-piedra-de-gran-tamano-a-vehiculo-municipal\/","url":"https:\/\/eltrabajo.cl\/web\/detienen-a-sujeto-que-amenazo-y-lanzo-piedra-de-gran-tamano-a-vehiculo-municipal\/","name":"Detienen a sujeto que amenaz\u00f3 y lanz\u00f3 piedra de gran tama\u00f1o a veh\u00edculo municipal - Diario El Trabajo","isPartOf":{"@id":"https:\/\/eltrabajo.cl\/web\/#website"},"primaryImageOfPage":{"@id":"https:\/\/eltrabajo.cl\/web\/detienen-a-sujeto-que-amenazo-y-lanzo-piedra-de-gran-tamano-a-vehiculo-municipal\/#primaryimage"},"image":{"@id":"https:\/\/eltrabajo.cl\/web\/detienen-a-sujeto-que-amenazo-y-lanzo-piedra-de-gran-tamano-a-vehiculo-municipal\/#primaryimage"},"thumbnailUrl":"https:\/\/eltrabajo.cl\/web\/wp-content\/uploads\/2026\/04\/detenido-piedras-lanzadas.jpg","datePublished":"2026-04-27T00:30:03+00:00","breadcrumb":{"@id":"https:\/\/eltrabajo.cl\/web\/detienen-a-sujeto-que-amenazo-y-lanzo-piedra-de-gran-tamano-a-vehiculo-municipal\/#breadcrumb"},"inLanguage":"es-CL","potentialAction":[{"@type":"ReadAction","target":["https:\/\/eltrabajo.cl\/web\/detienen-a-sujeto-que-amenazo-y-lanzo-piedra-de-gran-tamano-a-vehiculo-municipal\/"]}]},{"@type":"ImageObject","inLanguage":"es-CL","@id":"https:\/\/eltrabajo.cl\/web\/detienen-a-sujeto-que-amenazo-y-lanzo-piedra-de-gran-tamano-a-vehiculo-municipal\/#primaryimage","url":"https:\/\/eltrabajo.cl\/web\/wp-content\/uploads\/2026\/04\/detenido-piedras-lanzadas.jpg","contentUrl":"https:\/\/eltrabajo.cl\/web\/wp-content\/uploads\/2026\/04\/detenido-piedras-lanzadas.jpg","width":700,"height":525,"caption":"Estas son las piedras lanzadas al veh\u00edculo municipal."},{"@type":"BreadcrumbList","@id":"https:\/\/eltrabajo.cl\/web\/detienen-a-sujeto-que-amenazo-y-lanzo-piedra-de-gran-tamano-a-vehiculo-municipal\/#breadcrumb","itemListElement":[{"@type":"ListItem","position":1,"name":"Portada","item":"https:\/\/eltrabajo.cl\/web\/"},{"@type":"ListItem","position":2,"name":"Detienen a sujeto que amenaz\u00f3 y lanz\u00f3 piedra de gran tama\u00f1o a veh\u00edculo municipal"}]},{"@type":"WebSite","@id":"https:\/\/eltrabajo.cl\/web\/#website","url":"https:\/\/eltrabajo.cl\/web\/","name":"Diario El Trabajo","description":"Desde 1929 construyendo Identidad Local","publisher":{"@id":"https:\/\/eltrabajo.cl\/web\/#organization"},"potentialAction":[{"@type":"SearchAction","target":{"@type":"EntryPoint","urlTemplate":"https:\/\/eltrabajo.cl\/web\/?s={search_term_string}"},"query-input":{"@type":"PropertyValueSpecification","valueRequired":true,"valueName":"search_term_string"}}],"inLanguage":"es-CL"},{"@type":"Organization","@id":"https:\/\/eltrabajo.cl\/web\/#organization","name":"Diario El Trabajo","url":"https:\/\/eltrabajo.cl\/web\/","logo":{"@type":"ImageObject","inLanguage":"es-CL","@id":"https:\/\/eltrabajo.cl\/web\/#\/schema\/logo\/image\/","url":"https:\/\/eltrabajo.cl\/web\/wp-content\/uploads\/2024\/06\/profile-image-ig-page-diarioeltrabajo.jpg","contentUrl":"https:\/\/eltrabajo.cl\/web\/wp-content\/uploads\/2024\/06\/profile-image-ig-page-diarioeltrabajo.jpg","width":823,"height":823,"caption":"Diario El Trabajo"},"image":{"@id":"https:\/\/eltrabajo.cl\/web\/#\/schema\/logo\/image\/"},"sameAs":["https:\/\/www.facebook.com\/ElTrabajoDiario","https:\/\/x.com\/diarioeltrabajo"]},{"@type":"Person","@id":"https:\/\/eltrabajo.cl\/web\/#\/schema\/person\/45efd3d17f86ec456e44dd7debe1bf19","name":"Diario El Trabajo","image":{"@type":"ImageObject","inLanguage":"es-CL","@id":"https:\/\/secure.gravatar.com\/avatar\/7e6ec277dc4aea2677c2dc301d4227957219329c985ab69a3efc12518b5161aa?s=96&d=mm&r=g","url":"https:\/\/secure.gravatar.com\/avatar\/7e6ec277dc4aea2677c2dc301d4227957219329c985ab69a3efc12518b5161aa?s=96&d=mm&r=g","contentUrl":"https:\/\/secure.gravatar.com\/avatar\/7e6ec277dc4aea2677c2dc301d4227957219329c985ab69a3efc12518b5161aa?s=96&d=mm&r=g","caption":"Diario El Trabajo"},"sameAs":["https:\/\/eltrabajo.cl\/web"],"url":"https:\/\/eltrabajo.cl\/web\/author\/diario-el-trabajo\/"}]}},"_links":{"self":[{"href":"https:\/\/eltrabajo.cl\/web\/wp-json\/wp\/v2\/posts\/144276","targetHints":{"allow":["GET"]}}],"collection":[{"href":"https:\/\/eltrabajo.cl\/web\/wp-json\/wp\/v2\/posts"}],"about":[{"href":"https:\/\/eltrabajo.cl\/web\/wp-json\/wp\/v2\/types\/post"}],"author":[{"embeddable":true,"href":"https:\/\/eltrabajo.cl\/web\/wp-json\/wp\/v2\/users\/1"}],"replies":[{"embeddable":true,"href":"https:\/\/eltrabajo.cl\/web\/wp-json\/wp\/v2\/comments?post=144276"}],"version-history":[{"count":1,"href":"https:\/\/eltrabajo.cl\/web\/wp-json\/wp\/v2\/posts\/144276\/revisions"}],"predecessor-version":[{"id":144278,"href":"https:\/\/eltrabajo.cl\/web\/wp-json\/wp\/v2\/posts\/144276\/revisions\/144278"}],"wp:featuredmedia":[{"embeddable":true,"href":"https:\/\/eltrabajo.cl\/web\/wp-json\/wp\/v2\/media\/144277"}],"wp:attachment":[{"href":"https:\/\/eltrabajo.cl\/web\/wp-json\/wp\/v2\/media?parent=144276"}],"wp:term":[{"taxonomy":"category","embeddable":true,"href":"https:\/\/eltrabajo.cl\/web\/wp-json\/wp\/v2\/categories?post=144276"},{"taxonomy":"post_tag","embeddable":true,"href":"https:\/\/eltrabajo.cl\/web\/wp-json\/wp\/v2\/tags?post=144276"}],"curies":[{"name":"wp","href":"https:\/\/api.w.org\/{rel}","templated":true}]}}