{"id":144280,"date":"2026-04-27T21:31:25","date_gmt":"2026-04-28T00:31:25","guid":{"rendered":"https:\/\/eltrabajo.cl\/web\/?p=144280"},"modified":"2026-04-27T21:31:25","modified_gmt":"2026-04-28T00:31:25","slug":"el-prat-no-pudo-contra-luis-matte-larrain-y-aun-no-conoce-de-victorias","status":"publish","type":"post","link":"https:\/\/eltrabajo.cl\/web\/el-prat-no-pudo-contra-luis-matte-larrain-y-aun-no-conoce-de-victorias\/","title":{"rendered":"El Prat no pudo contra Luis Matte Larra\u00edn y a\u00fan no conoce de victorias"},"content":{"rendered":"<p>En su reciente partido por una nueva jornada del torneo 2026 de la LNB2, el joven quinteto del Club Arturo Prat de San Felipe termin\u00f3 inclin\u00e1ndose 91 a 76 (14-16; 30-13; 23-20; 24-27) ante Luis Matte Larra\u00edn.<\/p>\n<p>Al ver las estad\u00edsticas del juego, queda claro que los pratinos perdieron pie en el segundo cuarto, el que cedieron por una distancia num\u00e9rica importante y que, en definitiva, termin\u00f3 pas\u00e1ndole la cuenta. El primer parcial fue positivo y llam\u00f3 a la ilusi\u00f3n porque lo terminaron ganando, sin embargo, no lograron sostener el juego y terminaron perdi\u00e9ndolo.<\/p>\n<p>Con esto, el Prat sum\u00f3 su quinta derrota en igual cantidad de partidos, situaci\u00f3n que lo tiene en la \u00faltima ubicaci\u00f3n de su grupo.<\/p>\n<p><strong>Resultados Grupo B:<\/strong><\/p>\n<p>San Luis 72 \u2013 Stadio italiano 69; Antofagasta 72 \u2013 Sergio Ceppi 80; Luis Matte Larra\u00edn 91 \u2013 Prat 76.<\/p>\n<figure id=\"attachment_144281\" aria-describedby=\"caption-attachment-144281\" style=\"width: 699px\" class=\"wp-caption alignnone\"><img loading=\"lazy\" decoding=\"async\" class=\"size-full wp-image-144281\" src=\"https:\/\/eltrabajo.cl\/web\/wp-content\/uploads\/2026\/04\/Prat-4.jpg\" alt=\"El Prat a\u00fan no puede encontrar el triunfo en la LNB2. \" width=\"699\" height=\"370\" srcset=\"https:\/\/eltrabajo.cl\/web\/wp-content\/uploads\/2026\/04\/Prat-4.jpg 699w, https:\/\/eltrabajo.cl\/web\/wp-content\/uploads\/2026\/04\/Prat-4-300x159.jpg 300w, https:\/\/eltrabajo.cl\/web\/wp-content\/uploads\/2026\/04\/Prat-4-150x79.jpg 150w, https:\/\/eltrabajo.cl\/web\/wp-content\/uploads\/2026\/04\/Prat-4-696x368.jpg 696w\" sizes=\"auto, (max-width: 699px) 100vw, 699px\" \/><figcaption id=\"caption-attachment-144281\" class=\"wp-caption-text\">El Prat a\u00fan no puede encontrar el triunfo en la LNB2.<\/figcaption><\/figure>\n","protected":false},"excerpt":{"rendered":"<p>En su reciente partido por una nueva jornada del torneo 2026 de la LNB2, el joven quinteto del Club Arturo Prat de San Felipe termin\u00f3 inclin\u00e1ndose 91 a 76 (14-16; 30-13; 23-20; 24-27) ante Luis Matte Larra\u00edn. Al ver las estad\u00edsticas del juego, queda claro que los pratinos perdieron pie en el segundo cuarto, el [&hellip;]<\/p>\n","protected":false},"author":1,"featured_media":144281,"comment_status":"open","ping_status":"closed","sticky":false,"template":"","format":"standard","meta":{"footnotes":""},"categories":[2],"tags":[],"class_list":{"0":"post-144280","1":"post","2":"type-post","3":"status-publish","4":"format-standard","5":"has-post-thumbnail","7":"category-deportes"},"yoast_head":"<!-- This site is optimized with the Yoast SEO plugin v27.4 - https:\/\/yoast.com\/product\/yoast-seo-wordpress\/ -->\n<title>El Prat no pudo contra Luis Matte Larra\u00edn y a\u00fan no conoce de victorias - Diario El Trabajo<\/title>\n<meta name=\"robots\" content=\"index, follow, max-snippet:-1, max-image-preview:large, max-video-preview:-1\" \/>\n<link rel=\"canonical\" href=\"https:\/\/eltrabajo.cl\/web\/el-prat-no-pudo-contra-luis-matte-larrain-y-aun-no-conoce-de-victorias\/\" \/>\n<meta property=\"og:locale\" content=\"es_ES\" \/>\n<meta property=\"og:type\" content=\"article\" \/>\n<meta property=\"og:title\" content=\"El Prat no pudo contra Luis Matte Larra\u00edn y a\u00fan no conoce de victorias - Diario El Trabajo\" \/>\n<meta property=\"og:description\" content=\"En su reciente partido por una nueva jornada del torneo 2026 de la LNB2, el joven quinteto del Club Arturo Prat de San Felipe termin\u00f3 inclin\u00e1ndose 91 a 76 (14-16; 30-13; 23-20; 24-27) ante Luis Matte Larra\u00edn. Al ver las estad\u00edsticas del juego, queda claro que los pratinos perdieron pie en el segundo cuarto, el [&hellip;]\" \/>\n<meta property=\"og:url\" content=\"https:\/\/eltrabajo.cl\/web\/el-prat-no-pudo-contra-luis-matte-larrain-y-aun-no-conoce-de-victorias\/\" \/>\n<meta property=\"og:site_name\" content=\"Diario El Trabajo\" \/>\n<meta property=\"article:publisher\" content=\"https:\/\/www.facebook.com\/ElTrabajoDiario\" \/>\n<meta property=\"article:published_time\" content=\"2026-04-28T00:31:25+00:00\" \/>\n<meta property=\"og:image\" content=\"https:\/\/eltrabajo.cl\/web\/wp-content\/uploads\/2026\/04\/Prat-4.jpg\" \/>\n\t<meta property=\"og:image:width\" content=\"699\" \/>\n\t<meta property=\"og:image:height\" content=\"370\" \/>\n\t<meta property=\"og:image:type\" content=\"image\/jpeg\" \/>\n<meta name=\"author\" content=\"Diario El Trabajo\" \/>\n<meta name=\"twitter:card\" content=\"summary_large_image\" \/>\n<meta name=\"twitter:creator\" content=\"@diarioeltrabajo\" \/>\n<meta name=\"twitter:site\" content=\"@diarioeltrabajo\" \/>\n<meta name=\"twitter:label1\" content=\"Escrito por\" \/>\n\t<meta name=\"twitter:data1\" content=\"Diario El Trabajo\" \/>\n\t<meta name=\"twitter:label2\" content=\"Tiempo estimado de lectura\" \/>\n\t<meta name=\"twitter:data2\" content=\"2 minutos\" \/>\n<script type=\"application\/ld+json\" class=\"yoast-schema-graph\">{\"@context\":\"https:\\\/\\\/schema.org\",\"@graph\":[{\"@type\":\"Article\",\"@id\":\"https:\\\/\\\/eltrabajo.cl\\\/web\\\/el-prat-no-pudo-contra-luis-matte-larrain-y-aun-no-conoce-de-victorias\\\/#article\",\"isPartOf\":{\"@id\":\"https:\\\/\\\/eltrabajo.cl\\\/web\\\/el-prat-no-pudo-contra-luis-matte-larrain-y-aun-no-conoce-de-victorias\\\/\"},\"author\":{\"name\":\"Diario El Trabajo\",\"@id\":\"https:\\\/\\\/eltrabajo.cl\\\/web\\\/#\\\/schema\\\/person\\\/45efd3d17f86ec456e44dd7debe1bf19\"},\"headline\":\"El Prat no pudo contra Luis Matte Larra\u00edn y a\u00fan no conoce de victorias\",\"datePublished\":\"2026-04-28T00:31:25+00:00\",\"mainEntityOfPage\":{\"@id\":\"https:\\\/\\\/eltrabajo.cl\\\/web\\\/el-prat-no-pudo-contra-luis-matte-larrain-y-aun-no-conoce-de-victorias\\\/\"},\"wordCount\":174,\"commentCount\":0,\"publisher\":{\"@id\":\"https:\\\/\\\/eltrabajo.cl\\\/web\\\/#organization\"},\"image\":{\"@id\":\"https:\\\/\\\/eltrabajo.cl\\\/web\\\/el-prat-no-pudo-contra-luis-matte-larrain-y-aun-no-conoce-de-victorias\\\/#primaryimage\"},\"thumbnailUrl\":\"https:\\\/\\\/eltrabajo.cl\\\/web\\\/wp-content\\\/uploads\\\/2026\\\/04\\\/Prat-4.jpg\",\"articleSection\":[\"Deportes\"],\"inLanguage\":\"es-CL\",\"potentialAction\":[{\"@type\":\"CommentAction\",\"name\":\"Comment\",\"target\":[\"https:\\\/\\\/eltrabajo.cl\\\/web\\\/el-prat-no-pudo-contra-luis-matte-larrain-y-aun-no-conoce-de-victorias\\\/#respond\"]}]},{\"@type\":\"WebPage\",\"@id\":\"https:\\\/\\\/eltrabajo.cl\\\/web\\\/el-prat-no-pudo-contra-luis-matte-larrain-y-aun-no-conoce-de-victorias\\\/\",\"url\":\"https:\\\/\\\/eltrabajo.cl\\\/web\\\/el-prat-no-pudo-contra-luis-matte-larrain-y-aun-no-conoce-de-victorias\\\/\",\"name\":\"El Prat no pudo contra Luis Matte Larra\u00edn y a\u00fan no conoce de victorias - Diario El Trabajo\",\"isPartOf\":{\"@id\":\"https:\\\/\\\/eltrabajo.cl\\\/web\\\/#website\"},\"primaryImageOfPage\":{\"@id\":\"https:\\\/\\\/eltrabajo.cl\\\/web\\\/el-prat-no-pudo-contra-luis-matte-larrain-y-aun-no-conoce-de-victorias\\\/#primaryimage\"},\"image\":{\"@id\":\"https:\\\/\\\/eltrabajo.cl\\\/web\\\/el-prat-no-pudo-contra-luis-matte-larrain-y-aun-no-conoce-de-victorias\\\/#primaryimage\"},\"thumbnailUrl\":\"https:\\\/\\\/eltrabajo.cl\\\/web\\\/wp-content\\\/uploads\\\/2026\\\/04\\\/Prat-4.jpg\",\"datePublished\":\"2026-04-28T00:31:25+00:00\",\"breadcrumb\":{\"@id\":\"https:\\\/\\\/eltrabajo.cl\\\/web\\\/el-prat-no-pudo-contra-luis-matte-larrain-y-aun-no-conoce-de-victorias\\\/#breadcrumb\"},\"inLanguage\":\"es-CL\",\"potentialAction\":[{\"@type\":\"ReadAction\",\"target\":[\"https:\\\/\\\/eltrabajo.cl\\\/web\\\/el-prat-no-pudo-contra-luis-matte-larrain-y-aun-no-conoce-de-victorias\\\/\"]}]},{\"@type\":\"ImageObject\",\"inLanguage\":\"es-CL\",\"@id\":\"https:\\\/\\\/eltrabajo.cl\\\/web\\\/el-prat-no-pudo-contra-luis-matte-larrain-y-aun-no-conoce-de-victorias\\\/#primaryimage\",\"url\":\"https:\\\/\\\/eltrabajo.cl\\\/web\\\/wp-content\\\/uploads\\\/2026\\\/04\\\/Prat-4.jpg\",\"contentUrl\":\"https:\\\/\\\/eltrabajo.cl\\\/web\\\/wp-content\\\/uploads\\\/2026\\\/04\\\/Prat-4.jpg\",\"width\":699,\"height\":370,\"caption\":\"El Prat a\u00fan no puede encontrar el triunfo en la LNB2.\"},{\"@type\":\"BreadcrumbList\",\"@id\":\"https:\\\/\\\/eltrabajo.cl\\\/web\\\/el-prat-no-pudo-contra-luis-matte-larrain-y-aun-no-conoce-de-victorias\\\/#breadcrumb\",\"itemListElement\":[{\"@type\":\"ListItem\",\"position\":1,\"name\":\"Portada\",\"item\":\"https:\\\/\\\/eltrabajo.cl\\\/web\\\/\"},{\"@type\":\"ListItem\",\"position\":2,\"name\":\"El Prat no pudo contra Luis Matte Larra\u00edn y a\u00fan no conoce de victorias\"}]},{\"@type\":\"WebSite\",\"@id\":\"https:\\\/\\\/eltrabajo.cl\\\/web\\\/#website\",\"url\":\"https:\\\/\\\/eltrabajo.cl\\\/web\\\/\",\"name\":\"Diario El Trabajo\",\"description\":\"Desde 1929 construyendo Identidad Local\",\"publisher\":{\"@id\":\"https:\\\/\\\/eltrabajo.cl\\\/web\\\/#organization\"},\"potentialAction\":[{\"@type\":\"SearchAction\",\"target\":{\"@type\":\"EntryPoint\",\"urlTemplate\":\"https:\\\/\\\/eltrabajo.cl\\\/web\\\/?s={search_term_string}\"},\"query-input\":{\"@type\":\"PropertyValueSpecification\",\"valueRequired\":true,\"valueName\":\"search_term_string\"}}],\"inLanguage\":\"es-CL\"},{\"@type\":\"Organization\",\"@id\":\"https:\\\/\\\/eltrabajo.cl\\\/web\\\/#organization\",\"name\":\"Diario El Trabajo\",\"url\":\"https:\\\/\\\/eltrabajo.cl\\\/web\\\/\",\"logo\":{\"@type\":\"ImageObject\",\"inLanguage\":\"es-CL\",\"@id\":\"https:\\\/\\\/eltrabajo.cl\\\/web\\\/#\\\/schema\\\/logo\\\/image\\\/\",\"url\":\"https:\\\/\\\/eltrabajo.cl\\\/web\\\/wp-content\\\/uploads\\\/2024\\\/06\\\/profile-image-ig-page-diarioeltrabajo.jpg\",\"contentUrl\":\"https:\\\/\\\/eltrabajo.cl\\\/web\\\/wp-content\\\/uploads\\\/2024\\\/06\\\/profile-image-ig-page-diarioeltrabajo.jpg\",\"width\":823,\"height\":823,\"caption\":\"Diario El Trabajo\"},\"image\":{\"@id\":\"https:\\\/\\\/eltrabajo.cl\\\/web\\\/#\\\/schema\\\/logo\\\/image\\\/\"},\"sameAs\":[\"https:\\\/\\\/www.facebook.com\\\/ElTrabajoDiario\",\"https:\\\/\\\/x.com\\\/diarioeltrabajo\"]},{\"@type\":\"Person\",\"@id\":\"https:\\\/\\\/eltrabajo.cl\\\/web\\\/#\\\/schema\\\/person\\\/45efd3d17f86ec456e44dd7debe1bf19\",\"name\":\"Diario El Trabajo\",\"image\":{\"@type\":\"ImageObject\",\"inLanguage\":\"es-CL\",\"@id\":\"https:\\\/\\\/secure.gravatar.com\\\/avatar\\\/7e6ec277dc4aea2677c2dc301d4227957219329c985ab69a3efc12518b5161aa?s=96&d=mm&r=g\",\"url\":\"https:\\\/\\\/secure.gravatar.com\\\/avatar\\\/7e6ec277dc4aea2677c2dc301d4227957219329c985ab69a3efc12518b5161aa?s=96&d=mm&r=g\",\"contentUrl\":\"https:\\\/\\\/secure.gravatar.com\\\/avatar\\\/7e6ec277dc4aea2677c2dc301d4227957219329c985ab69a3efc12518b5161aa?s=96&d=mm&r=g\",\"caption\":\"Diario El Trabajo\"},\"sameAs\":[\"https:\\\/\\\/eltrabajo.cl\\\/web\"],\"url\":\"https:\\\/\\\/eltrabajo.cl\\\/web\\\/author\\\/diario-el-trabajo\\\/\"}]}<\/script>\n<!-- \/ Yoast SEO plugin. -->","yoast_head_json":{"title":"El Prat no pudo contra Luis Matte Larra\u00edn y a\u00fan no conoce de victorias - Diario El Trabajo","robots":{"index":"index","follow":"follow","max-snippet":"max-snippet:-1","max-image-preview":"max-image-preview:large","max-video-preview":"max-video-preview:-1"},"canonical":"https:\/\/eltrabajo.cl\/web\/el-prat-no-pudo-contra-luis-matte-larrain-y-aun-no-conoce-de-victorias\/","og_locale":"es_ES","og_type":"article","og_title":"El Prat no pudo contra Luis Matte Larra\u00edn y a\u00fan no conoce de victorias - Diario El Trabajo","og_description":"En su reciente partido por una nueva jornada del torneo 2026 de la LNB2, el joven quinteto del Club Arturo Prat de San Felipe termin\u00f3 inclin\u00e1ndose 91 a 76 (14-16; 30-13; 23-20; 24-27) ante Luis Matte Larra\u00edn. Al ver las estad\u00edsticas del juego, queda claro que los pratinos perdieron pie en el segundo cuarto, el [&hellip;]","og_url":"https:\/\/eltrabajo.cl\/web\/el-prat-no-pudo-contra-luis-matte-larrain-y-aun-no-conoce-de-victorias\/","og_site_name":"Diario El Trabajo","article_publisher":"https:\/\/www.facebook.com\/ElTrabajoDiario","article_published_time":"2026-04-28T00:31:25+00:00","og_image":[{"width":699,"height":370,"url":"https:\/\/eltrabajo.cl\/web\/wp-content\/uploads\/2026\/04\/Prat-4.jpg","type":"image\/jpeg"}],"author":"Diario El Trabajo","twitter_card":"summary_large_image","twitter_creator":"@diarioeltrabajo","twitter_site":"@diarioeltrabajo","twitter_misc":{"Escrito por":"Diario El Trabajo","Tiempo estimado de lectura":"2 minutos"},"schema":{"@context":"https:\/\/schema.org","@graph":[{"@type":"Article","@id":"https:\/\/eltrabajo.cl\/web\/el-prat-no-pudo-contra-luis-matte-larrain-y-aun-no-conoce-de-victorias\/#article","isPartOf":{"@id":"https:\/\/eltrabajo.cl\/web\/el-prat-no-pudo-contra-luis-matte-larrain-y-aun-no-conoce-de-victorias\/"},"author":{"name":"Diario El Trabajo","@id":"https:\/\/eltrabajo.cl\/web\/#\/schema\/person\/45efd3d17f86ec456e44dd7debe1bf19"},"headline":"El Prat no pudo contra Luis Matte Larra\u00edn y a\u00fan no conoce de victorias","datePublished":"2026-04-28T00:31:25+00:00","mainEntityOfPage":{"@id":"https:\/\/eltrabajo.cl\/web\/el-prat-no-pudo-contra-luis-matte-larrain-y-aun-no-conoce-de-victorias\/"},"wordCount":174,"commentCount":0,"publisher":{"@id":"https:\/\/eltrabajo.cl\/web\/#organization"},"image":{"@id":"https:\/\/eltrabajo.cl\/web\/el-prat-no-pudo-contra-luis-matte-larrain-y-aun-no-conoce-de-victorias\/#primaryimage"},"thumbnailUrl":"https:\/\/eltrabajo.cl\/web\/wp-content\/uploads\/2026\/04\/Prat-4.jpg","articleSection":["Deportes"],"inLanguage":"es-CL","potentialAction":[{"@type":"CommentAction","name":"Comment","target":["https:\/\/eltrabajo.cl\/web\/el-prat-no-pudo-contra-luis-matte-larrain-y-aun-no-conoce-de-victorias\/#respond"]}]},{"@type":"WebPage","@id":"https:\/\/eltrabajo.cl\/web\/el-prat-no-pudo-contra-luis-matte-larrain-y-aun-no-conoce-de-victorias\/","url":"https:\/\/eltrabajo.cl\/web\/el-prat-no-pudo-contra-luis-matte-larrain-y-aun-no-conoce-de-victorias\/","name":"El Prat no pudo contra Luis Matte Larra\u00edn y a\u00fan no conoce de victorias - Diario El Trabajo","isPartOf":{"@id":"https:\/\/eltrabajo.cl\/web\/#website"},"primaryImageOfPage":{"@id":"https:\/\/eltrabajo.cl\/web\/el-prat-no-pudo-contra-luis-matte-larrain-y-aun-no-conoce-de-victorias\/#primaryimage"},"image":{"@id":"https:\/\/eltrabajo.cl\/web\/el-prat-no-pudo-contra-luis-matte-larrain-y-aun-no-conoce-de-victorias\/#primaryimage"},"thumbnailUrl":"https:\/\/eltrabajo.cl\/web\/wp-content\/uploads\/2026\/04\/Prat-4.jpg","datePublished":"2026-04-28T00:31:25+00:00","breadcrumb":{"@id":"https:\/\/eltrabajo.cl\/web\/el-prat-no-pudo-contra-luis-matte-larrain-y-aun-no-conoce-de-victorias\/#breadcrumb"},"inLanguage":"es-CL","potentialAction":[{"@type":"ReadAction","target":["https:\/\/eltrabajo.cl\/web\/el-prat-no-pudo-contra-luis-matte-larrain-y-aun-no-conoce-de-victorias\/"]}]},{"@type":"ImageObject","inLanguage":"es-CL","@id":"https:\/\/eltrabajo.cl\/web\/el-prat-no-pudo-contra-luis-matte-larrain-y-aun-no-conoce-de-victorias\/#primaryimage","url":"https:\/\/eltrabajo.cl\/web\/wp-content\/uploads\/2026\/04\/Prat-4.jpg","contentUrl":"https:\/\/eltrabajo.cl\/web\/wp-content\/uploads\/2026\/04\/Prat-4.jpg","width":699,"height":370,"caption":"El Prat a\u00fan no puede encontrar el triunfo en la LNB2."},{"@type":"BreadcrumbList","@id":"https:\/\/eltrabajo.cl\/web\/el-prat-no-pudo-contra-luis-matte-larrain-y-aun-no-conoce-de-victorias\/#breadcrumb","itemListElement":[{"@type":"ListItem","position":1,"name":"Portada","item":"https:\/\/eltrabajo.cl\/web\/"},{"@type":"ListItem","position":2,"name":"El Prat no pudo contra Luis Matte Larra\u00edn y a\u00fan no conoce de victorias"}]},{"@type":"WebSite","@id":"https:\/\/eltrabajo.cl\/web\/#website","url":"https:\/\/eltrabajo.cl\/web\/","name":"Diario El Trabajo","description":"Desde 1929 construyendo Identidad Local","publisher":{"@id":"https:\/\/eltrabajo.cl\/web\/#organization"},"potentialAction":[{"@type":"SearchAction","target":{"@type":"EntryPoint","urlTemplate":"https:\/\/eltrabajo.cl\/web\/?s={search_term_string}"},"query-input":{"@type":"PropertyValueSpecification","valueRequired":true,"valueName":"search_term_string"}}],"inLanguage":"es-CL"},{"@type":"Organization","@id":"https:\/\/eltrabajo.cl\/web\/#organization","name":"Diario El Trabajo","url":"https:\/\/eltrabajo.cl\/web\/","logo":{"@type":"ImageObject","inLanguage":"es-CL","@id":"https:\/\/eltrabajo.cl\/web\/#\/schema\/logo\/image\/","url":"https:\/\/eltrabajo.cl\/web\/wp-content\/uploads\/2024\/06\/profile-image-ig-page-diarioeltrabajo.jpg","contentUrl":"https:\/\/eltrabajo.cl\/web\/wp-content\/uploads\/2024\/06\/profile-image-ig-page-diarioeltrabajo.jpg","width":823,"height":823,"caption":"Diario El Trabajo"},"image":{"@id":"https:\/\/eltrabajo.cl\/web\/#\/schema\/logo\/image\/"},"sameAs":["https:\/\/www.facebook.com\/ElTrabajoDiario","https:\/\/x.com\/diarioeltrabajo"]},{"@type":"Person","@id":"https:\/\/eltrabajo.cl\/web\/#\/schema\/person\/45efd3d17f86ec456e44dd7debe1bf19","name":"Diario El Trabajo","image":{"@type":"ImageObject","inLanguage":"es-CL","@id":"https:\/\/secure.gravatar.com\/avatar\/7e6ec277dc4aea2677c2dc301d4227957219329c985ab69a3efc12518b5161aa?s=96&d=mm&r=g","url":"https:\/\/secure.gravatar.com\/avatar\/7e6ec277dc4aea2677c2dc301d4227957219329c985ab69a3efc12518b5161aa?s=96&d=mm&r=g","contentUrl":"https:\/\/secure.gravatar.com\/avatar\/7e6ec277dc4aea2677c2dc301d4227957219329c985ab69a3efc12518b5161aa?s=96&d=mm&r=g","caption":"Diario El Trabajo"},"sameAs":["https:\/\/eltrabajo.cl\/web"],"url":"https:\/\/eltrabajo.cl\/web\/author\/diario-el-trabajo\/"}]}},"_links":{"self":[{"href":"https:\/\/eltrabajo.cl\/web\/wp-json\/wp\/v2\/posts\/144280","targetHints":{"allow":["GET"]}}],"collection":[{"href":"https:\/\/eltrabajo.cl\/web\/wp-json\/wp\/v2\/posts"}],"about":[{"href":"https:\/\/eltrabajo.cl\/web\/wp-json\/wp\/v2\/types\/post"}],"author":[{"embeddable":true,"href":"https:\/\/eltrabajo.cl\/web\/wp-json\/wp\/v2\/users\/1"}],"replies":[{"embeddable":true,"href":"https:\/\/eltrabajo.cl\/web\/wp-json\/wp\/v2\/comments?post=144280"}],"version-history":[{"count":1,"href":"https:\/\/eltrabajo.cl\/web\/wp-json\/wp\/v2\/posts\/144280\/revisions"}],"predecessor-version":[{"id":144282,"href":"https:\/\/eltrabajo.cl\/web\/wp-json\/wp\/v2\/posts\/144280\/revisions\/144282"}],"wp:featuredmedia":[{"embeddable":true,"href":"https:\/\/eltrabajo.cl\/web\/wp-json\/wp\/v2\/media\/144281"}],"wp:attachment":[{"href":"https:\/\/eltrabajo.cl\/web\/wp-json\/wp\/v2\/media?parent=144280"}],"wp:term":[{"taxonomy":"category","embeddable":true,"href":"https:\/\/eltrabajo.cl\/web\/wp-json\/wp\/v2\/categories?post=144280"},{"taxonomy":"post_tag","embeddable":true,"href":"https:\/\/eltrabajo.cl\/web\/wp-json\/wp\/v2\/tags?post=144280"}],"curies":[{"name":"wp","href":"https:\/\/api.w.org\/{rel}","templated":true}]}}