{"id":144283,"date":"2026-04-27T21:32:36","date_gmt":"2026-04-28T00:32:36","guid":{"rendered":"https:\/\/eltrabajo.cl\/web\/?p=144283"},"modified":"2026-04-27T21:32:36","modified_gmt":"2026-04-28T00:32:36","slug":"el-expreso-estay-se-mete-en-el-top-50-de-su-serie-en-la-maraton-de-santiago","status":"publish","type":"post","link":"https:\/\/eltrabajo.cl\/web\/el-expreso-estay-se-mete-en-el-top-50-de-su-serie-en-la-maraton-de-santiago\/","title":{"rendered":"\u2018El Expreso\u2019 Estay se mete en el Top 50 de su serie en la Marat\u00f3n de Santiago"},"content":{"rendered":"<p>El puesto 46\u00ba en la serie para runners de ente 65 a 70 a\u00f1os, <strong>Jorge Estay<\/strong> lo toma como un verdadero premio al esfuerzo y dedicaci\u00f3n que puso para la reciente edici\u00f3n de la Marat\u00f3n Internacional de Santiago.<\/p>\n<p>Con bastante anticipaci\u00f3n, el longevo deportista hab\u00eda anticipado que la carrera de este a\u00f1o ser\u00eda una transici\u00f3n para la del 2027, a ra\u00edz que en esta ocasi\u00f3n dio ventaja al correr contra rivales m\u00e1s \u2018j\u00f3venes\u2019. <em>\u00abLo dije y cumpl\u00ed, solo quer\u00eda disfrutar la ruta y lo hice porque fue todo muy bonito. A ratos ni siquiera me preocupaba del ritmo, solo estaba enfocado en sentirme c\u00f3modo y llegar a la meta tras los 21 kil\u00f3metros\u00bb<\/em>, relat\u00f3 <strong>\u2018El Expreso\u2019<\/strong> a <strong>El trabajo Deportivo<\/strong>.<\/p>\n<p>Jorge Estay, hizo un crono de 2 horas con 14 minutos, es decir, subi\u00f3 en 240 segundos lo hecho el a\u00f1o pasado, cosa que tampoco le complica mucho debido a que <em>\u00abestoy un a\u00f1o m\u00e1s viejo<\/em> (risas)<em>, por lo que es evidente que habr\u00eda una baja en el rendimiento, es algo natural que suceda y por lo mismo dije que si consegu\u00eda hacer el tiempo del 2025 ser\u00eda como un triunfo, porque le estar\u00eda ganando al tiempo.<\/em><\/p>\n<p>\u00ab<em>En todo caso estoy feliz, porque pese a mis a\u00f1os pude hacer la ruta sin problemas, con lo que puedo estar tranquilo que de seguir as\u00ed, tengo muchas maratones de Santiago por delante\u00bb<\/em>, agreg\u00f3 el atleta aconcag\u00fcino, que ya tiene un objetivo para el a\u00f1o pr\u00f3ximo. <em>\u00abQuiero estar en el Top 10 entre los corredores de 70 a 75 a\u00f1os, esa ser\u00e1 mi meta. Ojal\u00e1 tenga la salud y las ganas para poder hacerlo\u00bb<\/em>, remat\u00f3.<\/p>\n<figure id=\"attachment_144287\" aria-describedby=\"caption-attachment-144287\" style=\"width: 699px\" class=\"wp-caption alignnone\"><img loading=\"lazy\" decoding=\"async\" class=\"size-full wp-image-144287\" src=\"https:\/\/eltrabajo.cl\/web\/wp-content\/uploads\/2026\/04\/Estay.jpg\" alt=\"Jorge Estay no tuvo problemas para completar los 21K en la Marat\u00f3n de Santiago. \" width=\"699\" height=\"864\" srcset=\"https:\/\/eltrabajo.cl\/web\/wp-content\/uploads\/2026\/04\/Estay.jpg 699w, https:\/\/eltrabajo.cl\/web\/wp-content\/uploads\/2026\/04\/Estay-243x300.jpg 243w, https:\/\/eltrabajo.cl\/web\/wp-content\/uploads\/2026\/04\/Estay-340x420.jpg 340w, https:\/\/eltrabajo.cl\/web\/wp-content\/uploads\/2026\/04\/Estay-150x185.jpg 150w, https:\/\/eltrabajo.cl\/web\/wp-content\/uploads\/2026\/04\/Estay-300x371.jpg 300w, https:\/\/eltrabajo.cl\/web\/wp-content\/uploads\/2026\/04\/Estay-324x400.jpg 324w, https:\/\/eltrabajo.cl\/web\/wp-content\/uploads\/2026\/04\/Estay-696x860.jpg 696w\" sizes=\"auto, (max-width: 699px) 100vw, 699px\" \/><figcaption id=\"caption-attachment-144287\" class=\"wp-caption-text\">Jorge Estay no tuvo problemas para completar los 21K en la Marat\u00f3n de Santiago.<\/figcaption><\/figure>\n","protected":false},"excerpt":{"rendered":"<p>El puesto 46\u00ba en la serie para runners de ente 65 a 70 a\u00f1os, Jorge Estay lo toma como un verdadero premio al esfuerzo y dedicaci\u00f3n que puso para la reciente edici\u00f3n de la Marat\u00f3n Internacional de Santiago. Con bastante anticipaci\u00f3n, el longevo deportista hab\u00eda anticipado que la carrera de este a\u00f1o ser\u00eda una transici\u00f3n [&hellip;]<\/p>\n","protected":false},"author":1,"featured_media":144286,"comment_status":"open","ping_status":"closed","sticky":false,"template":"","format":"standard","meta":{"footnotes":""},"categories":[2],"tags":[],"class_list":{"0":"post-144283","1":"post","2":"type-post","3":"status-publish","4":"format-standard","5":"has-post-thumbnail","7":"category-deportes"},"yoast_head":"<!-- This site is optimized with the Yoast SEO plugin v27.4 - https:\/\/yoast.com\/product\/yoast-seo-wordpress\/ -->\n<title>\u2018El Expreso\u2019 Estay se mete en el Top 50 de su serie en la Marat\u00f3n de Santiago - Diario El Trabajo<\/title>\n<meta name=\"robots\" content=\"index, follow, max-snippet:-1, max-image-preview:large, max-video-preview:-1\" \/>\n<link rel=\"canonical\" href=\"https:\/\/eltrabajo.cl\/web\/el-expreso-estay-se-mete-en-el-top-50-de-su-serie-en-la-maraton-de-santiago\/\" \/>\n<meta property=\"og:locale\" content=\"es_ES\" \/>\n<meta property=\"og:type\" content=\"article\" \/>\n<meta property=\"og:title\" content=\"\u2018El Expreso\u2019 Estay se mete en el Top 50 de su serie en la Marat\u00f3n de Santiago - Diario El Trabajo\" \/>\n<meta property=\"og:description\" content=\"El puesto 46\u00ba en la serie para runners de ente 65 a 70 a\u00f1os, Jorge Estay lo toma como un verdadero premio al esfuerzo y dedicaci\u00f3n que puso para la reciente edici\u00f3n de la Marat\u00f3n Internacional de Santiago. Con bastante anticipaci\u00f3n, el longevo deportista hab\u00eda anticipado que la carrera de este a\u00f1o ser\u00eda una transici\u00f3n [&hellip;]\" \/>\n<meta property=\"og:url\" content=\"https:\/\/eltrabajo.cl\/web\/el-expreso-estay-se-mete-en-el-top-50-de-su-serie-en-la-maraton-de-santiago\/\" \/>\n<meta property=\"og:site_name\" content=\"Diario El Trabajo\" \/>\n<meta property=\"article:publisher\" content=\"https:\/\/www.facebook.com\/ElTrabajoDiario\" \/>\n<meta property=\"article:published_time\" content=\"2026-04-28T00:32:36+00:00\" \/>\n<meta property=\"og:image\" content=\"https:\/\/eltrabajo.cl\/web\/wp-content\/uploads\/2026\/04\/Estay-copia.jpg\" \/>\n\t<meta property=\"og:image:width\" content=\"700\" \/>\n\t<meta property=\"og:image:height\" content=\"494\" \/>\n\t<meta property=\"og:image:type\" content=\"image\/jpeg\" \/>\n<meta name=\"author\" content=\"Diario El Trabajo\" \/>\n<meta name=\"twitter:card\" content=\"summary_large_image\" \/>\n<meta name=\"twitter:creator\" content=\"@diarioeltrabajo\" \/>\n<meta name=\"twitter:site\" content=\"@diarioeltrabajo\" \/>\n<meta name=\"twitter:label1\" content=\"Escrito por\" \/>\n\t<meta name=\"twitter:data1\" content=\"Diario El Trabajo\" \/>\n\t<meta name=\"twitter:label2\" content=\"Tiempo estimado de lectura\" \/>\n\t<meta name=\"twitter:data2\" content=\"2 minutos\" \/>\n<script type=\"application\/ld+json\" class=\"yoast-schema-graph\">{\"@context\":\"https:\\\/\\\/schema.org\",\"@graph\":[{\"@type\":\"Article\",\"@id\":\"https:\\\/\\\/eltrabajo.cl\\\/web\\\/el-expreso-estay-se-mete-en-el-top-50-de-su-serie-en-la-maraton-de-santiago\\\/#article\",\"isPartOf\":{\"@id\":\"https:\\\/\\\/eltrabajo.cl\\\/web\\\/el-expreso-estay-se-mete-en-el-top-50-de-su-serie-en-la-maraton-de-santiago\\\/\"},\"author\":{\"name\":\"Diario El Trabajo\",\"@id\":\"https:\\\/\\\/eltrabajo.cl\\\/web\\\/#\\\/schema\\\/person\\\/45efd3d17f86ec456e44dd7debe1bf19\"},\"headline\":\"\u2018El Expreso\u2019 Estay se mete en el Top 50 de su serie en la Marat\u00f3n de Santiago\",\"datePublished\":\"2026-04-28T00:32:36+00:00\",\"mainEntityOfPage\":{\"@id\":\"https:\\\/\\\/eltrabajo.cl\\\/web\\\/el-expreso-estay-se-mete-en-el-top-50-de-su-serie-en-la-maraton-de-santiago\\\/\"},\"wordCount\":327,\"commentCount\":0,\"publisher\":{\"@id\":\"https:\\\/\\\/eltrabajo.cl\\\/web\\\/#organization\"},\"image\":{\"@id\":\"https:\\\/\\\/eltrabajo.cl\\\/web\\\/el-expreso-estay-se-mete-en-el-top-50-de-su-serie-en-la-maraton-de-santiago\\\/#primaryimage\"},\"thumbnailUrl\":\"https:\\\/\\\/eltrabajo.cl\\\/web\\\/wp-content\\\/uploads\\\/2026\\\/04\\\/Estay-copia.jpg\",\"articleSection\":[\"Deportes\"],\"inLanguage\":\"es-CL\",\"potentialAction\":[{\"@type\":\"CommentAction\",\"name\":\"Comment\",\"target\":[\"https:\\\/\\\/eltrabajo.cl\\\/web\\\/el-expreso-estay-se-mete-en-el-top-50-de-su-serie-en-la-maraton-de-santiago\\\/#respond\"]}]},{\"@type\":\"WebPage\",\"@id\":\"https:\\\/\\\/eltrabajo.cl\\\/web\\\/el-expreso-estay-se-mete-en-el-top-50-de-su-serie-en-la-maraton-de-santiago\\\/\",\"url\":\"https:\\\/\\\/eltrabajo.cl\\\/web\\\/el-expreso-estay-se-mete-en-el-top-50-de-su-serie-en-la-maraton-de-santiago\\\/\",\"name\":\"\u2018El Expreso\u2019 Estay se mete en el Top 50 de su serie en la Marat\u00f3n de Santiago - Diario El Trabajo\",\"isPartOf\":{\"@id\":\"https:\\\/\\\/eltrabajo.cl\\\/web\\\/#website\"},\"primaryImageOfPage\":{\"@id\":\"https:\\\/\\\/eltrabajo.cl\\\/web\\\/el-expreso-estay-se-mete-en-el-top-50-de-su-serie-en-la-maraton-de-santiago\\\/#primaryimage\"},\"image\":{\"@id\":\"https:\\\/\\\/eltrabajo.cl\\\/web\\\/el-expreso-estay-se-mete-en-el-top-50-de-su-serie-en-la-maraton-de-santiago\\\/#primaryimage\"},\"thumbnailUrl\":\"https:\\\/\\\/eltrabajo.cl\\\/web\\\/wp-content\\\/uploads\\\/2026\\\/04\\\/Estay-copia.jpg\",\"datePublished\":\"2026-04-28T00:32:36+00:00\",\"breadcrumb\":{\"@id\":\"https:\\\/\\\/eltrabajo.cl\\\/web\\\/el-expreso-estay-se-mete-en-el-top-50-de-su-serie-en-la-maraton-de-santiago\\\/#breadcrumb\"},\"inLanguage\":\"es-CL\",\"potentialAction\":[{\"@type\":\"ReadAction\",\"target\":[\"https:\\\/\\\/eltrabajo.cl\\\/web\\\/el-expreso-estay-se-mete-en-el-top-50-de-su-serie-en-la-maraton-de-santiago\\\/\"]}]},{\"@type\":\"ImageObject\",\"inLanguage\":\"es-CL\",\"@id\":\"https:\\\/\\\/eltrabajo.cl\\\/web\\\/el-expreso-estay-se-mete-en-el-top-50-de-su-serie-en-la-maraton-de-santiago\\\/#primaryimage\",\"url\":\"https:\\\/\\\/eltrabajo.cl\\\/web\\\/wp-content\\\/uploads\\\/2026\\\/04\\\/Estay-copia.jpg\",\"contentUrl\":\"https:\\\/\\\/eltrabajo.cl\\\/web\\\/wp-content\\\/uploads\\\/2026\\\/04\\\/Estay-copia.jpg\",\"width\":700,\"height\":494},{\"@type\":\"BreadcrumbList\",\"@id\":\"https:\\\/\\\/eltrabajo.cl\\\/web\\\/el-expreso-estay-se-mete-en-el-top-50-de-su-serie-en-la-maraton-de-santiago\\\/#breadcrumb\",\"itemListElement\":[{\"@type\":\"ListItem\",\"position\":1,\"name\":\"Portada\",\"item\":\"https:\\\/\\\/eltrabajo.cl\\\/web\\\/\"},{\"@type\":\"ListItem\",\"position\":2,\"name\":\"\u2018El Expreso\u2019 Estay se mete en el Top 50 de su serie en la Marat\u00f3n de Santiago\"}]},{\"@type\":\"WebSite\",\"@id\":\"https:\\\/\\\/eltrabajo.cl\\\/web\\\/#website\",\"url\":\"https:\\\/\\\/eltrabajo.cl\\\/web\\\/\",\"name\":\"Diario El Trabajo\",\"description\":\"Desde 1929 construyendo Identidad Local\",\"publisher\":{\"@id\":\"https:\\\/\\\/eltrabajo.cl\\\/web\\\/#organization\"},\"potentialAction\":[{\"@type\":\"SearchAction\",\"target\":{\"@type\":\"EntryPoint\",\"urlTemplate\":\"https:\\\/\\\/eltrabajo.cl\\\/web\\\/?s={search_term_string}\"},\"query-input\":{\"@type\":\"PropertyValueSpecification\",\"valueRequired\":true,\"valueName\":\"search_term_string\"}}],\"inLanguage\":\"es-CL\"},{\"@type\":\"Organization\",\"@id\":\"https:\\\/\\\/eltrabajo.cl\\\/web\\\/#organization\",\"name\":\"Diario El Trabajo\",\"url\":\"https:\\\/\\\/eltrabajo.cl\\\/web\\\/\",\"logo\":{\"@type\":\"ImageObject\",\"inLanguage\":\"es-CL\",\"@id\":\"https:\\\/\\\/eltrabajo.cl\\\/web\\\/#\\\/schema\\\/logo\\\/image\\\/\",\"url\":\"https:\\\/\\\/eltrabajo.cl\\\/web\\\/wp-content\\\/uploads\\\/2024\\\/06\\\/profile-image-ig-page-diarioeltrabajo.jpg\",\"contentUrl\":\"https:\\\/\\\/eltrabajo.cl\\\/web\\\/wp-content\\\/uploads\\\/2024\\\/06\\\/profile-image-ig-page-diarioeltrabajo.jpg\",\"width\":823,\"height\":823,\"caption\":\"Diario El Trabajo\"},\"image\":{\"@id\":\"https:\\\/\\\/eltrabajo.cl\\\/web\\\/#\\\/schema\\\/logo\\\/image\\\/\"},\"sameAs\":[\"https:\\\/\\\/www.facebook.com\\\/ElTrabajoDiario\",\"https:\\\/\\\/x.com\\\/diarioeltrabajo\"]},{\"@type\":\"Person\",\"@id\":\"https:\\\/\\\/eltrabajo.cl\\\/web\\\/#\\\/schema\\\/person\\\/45efd3d17f86ec456e44dd7debe1bf19\",\"name\":\"Diario El Trabajo\",\"image\":{\"@type\":\"ImageObject\",\"inLanguage\":\"es-CL\",\"@id\":\"https:\\\/\\\/secure.gravatar.com\\\/avatar\\\/7e6ec277dc4aea2677c2dc301d4227957219329c985ab69a3efc12518b5161aa?s=96&d=mm&r=g\",\"url\":\"https:\\\/\\\/secure.gravatar.com\\\/avatar\\\/7e6ec277dc4aea2677c2dc301d4227957219329c985ab69a3efc12518b5161aa?s=96&d=mm&r=g\",\"contentUrl\":\"https:\\\/\\\/secure.gravatar.com\\\/avatar\\\/7e6ec277dc4aea2677c2dc301d4227957219329c985ab69a3efc12518b5161aa?s=96&d=mm&r=g\",\"caption\":\"Diario El Trabajo\"},\"sameAs\":[\"https:\\\/\\\/eltrabajo.cl\\\/web\"],\"url\":\"https:\\\/\\\/eltrabajo.cl\\\/web\\\/author\\\/diario-el-trabajo\\\/\"}]}<\/script>\n<!-- \/ Yoast SEO plugin. -->","yoast_head_json":{"title":"\u2018El Expreso\u2019 Estay se mete en el Top 50 de su serie en la Marat\u00f3n de Santiago - Diario El Trabajo","robots":{"index":"index","follow":"follow","max-snippet":"max-snippet:-1","max-image-preview":"max-image-preview:large","max-video-preview":"max-video-preview:-1"},"canonical":"https:\/\/eltrabajo.cl\/web\/el-expreso-estay-se-mete-en-el-top-50-de-su-serie-en-la-maraton-de-santiago\/","og_locale":"es_ES","og_type":"article","og_title":"\u2018El Expreso\u2019 Estay se mete en el Top 50 de su serie en la Marat\u00f3n de Santiago - Diario El Trabajo","og_description":"El puesto 46\u00ba en la serie para runners de ente 65 a 70 a\u00f1os, Jorge Estay lo toma como un verdadero premio al esfuerzo y dedicaci\u00f3n que puso para la reciente edici\u00f3n de la Marat\u00f3n Internacional de Santiago. Con bastante anticipaci\u00f3n, el longevo deportista hab\u00eda anticipado que la carrera de este a\u00f1o ser\u00eda una transici\u00f3n [&hellip;]","og_url":"https:\/\/eltrabajo.cl\/web\/el-expreso-estay-se-mete-en-el-top-50-de-su-serie-en-la-maraton-de-santiago\/","og_site_name":"Diario El Trabajo","article_publisher":"https:\/\/www.facebook.com\/ElTrabajoDiario","article_published_time":"2026-04-28T00:32:36+00:00","og_image":[{"width":700,"height":494,"url":"https:\/\/eltrabajo.cl\/web\/wp-content\/uploads\/2026\/04\/Estay-copia.jpg","type":"image\/jpeg"}],"author":"Diario El Trabajo","twitter_card":"summary_large_image","twitter_creator":"@diarioeltrabajo","twitter_site":"@diarioeltrabajo","twitter_misc":{"Escrito por":"Diario El Trabajo","Tiempo estimado de lectura":"2 minutos"},"schema":{"@context":"https:\/\/schema.org","@graph":[{"@type":"Article","@id":"https:\/\/eltrabajo.cl\/web\/el-expreso-estay-se-mete-en-el-top-50-de-su-serie-en-la-maraton-de-santiago\/#article","isPartOf":{"@id":"https:\/\/eltrabajo.cl\/web\/el-expreso-estay-se-mete-en-el-top-50-de-su-serie-en-la-maraton-de-santiago\/"},"author":{"name":"Diario El Trabajo","@id":"https:\/\/eltrabajo.cl\/web\/#\/schema\/person\/45efd3d17f86ec456e44dd7debe1bf19"},"headline":"\u2018El Expreso\u2019 Estay se mete en el Top 50 de su serie en la Marat\u00f3n de Santiago","datePublished":"2026-04-28T00:32:36+00:00","mainEntityOfPage":{"@id":"https:\/\/eltrabajo.cl\/web\/el-expreso-estay-se-mete-en-el-top-50-de-su-serie-en-la-maraton-de-santiago\/"},"wordCount":327,"commentCount":0,"publisher":{"@id":"https:\/\/eltrabajo.cl\/web\/#organization"},"image":{"@id":"https:\/\/eltrabajo.cl\/web\/el-expreso-estay-se-mete-en-el-top-50-de-su-serie-en-la-maraton-de-santiago\/#primaryimage"},"thumbnailUrl":"https:\/\/eltrabajo.cl\/web\/wp-content\/uploads\/2026\/04\/Estay-copia.jpg","articleSection":["Deportes"],"inLanguage":"es-CL","potentialAction":[{"@type":"CommentAction","name":"Comment","target":["https:\/\/eltrabajo.cl\/web\/el-expreso-estay-se-mete-en-el-top-50-de-su-serie-en-la-maraton-de-santiago\/#respond"]}]},{"@type":"WebPage","@id":"https:\/\/eltrabajo.cl\/web\/el-expreso-estay-se-mete-en-el-top-50-de-su-serie-en-la-maraton-de-santiago\/","url":"https:\/\/eltrabajo.cl\/web\/el-expreso-estay-se-mete-en-el-top-50-de-su-serie-en-la-maraton-de-santiago\/","name":"\u2018El Expreso\u2019 Estay se mete en el Top 50 de su serie en la Marat\u00f3n de Santiago - Diario El Trabajo","isPartOf":{"@id":"https:\/\/eltrabajo.cl\/web\/#website"},"primaryImageOfPage":{"@id":"https:\/\/eltrabajo.cl\/web\/el-expreso-estay-se-mete-en-el-top-50-de-su-serie-en-la-maraton-de-santiago\/#primaryimage"},"image":{"@id":"https:\/\/eltrabajo.cl\/web\/el-expreso-estay-se-mete-en-el-top-50-de-su-serie-en-la-maraton-de-santiago\/#primaryimage"},"thumbnailUrl":"https:\/\/eltrabajo.cl\/web\/wp-content\/uploads\/2026\/04\/Estay-copia.jpg","datePublished":"2026-04-28T00:32:36+00:00","breadcrumb":{"@id":"https:\/\/eltrabajo.cl\/web\/el-expreso-estay-se-mete-en-el-top-50-de-su-serie-en-la-maraton-de-santiago\/#breadcrumb"},"inLanguage":"es-CL","potentialAction":[{"@type":"ReadAction","target":["https:\/\/eltrabajo.cl\/web\/el-expreso-estay-se-mete-en-el-top-50-de-su-serie-en-la-maraton-de-santiago\/"]}]},{"@type":"ImageObject","inLanguage":"es-CL","@id":"https:\/\/eltrabajo.cl\/web\/el-expreso-estay-se-mete-en-el-top-50-de-su-serie-en-la-maraton-de-santiago\/#primaryimage","url":"https:\/\/eltrabajo.cl\/web\/wp-content\/uploads\/2026\/04\/Estay-copia.jpg","contentUrl":"https:\/\/eltrabajo.cl\/web\/wp-content\/uploads\/2026\/04\/Estay-copia.jpg","width":700,"height":494},{"@type":"BreadcrumbList","@id":"https:\/\/eltrabajo.cl\/web\/el-expreso-estay-se-mete-en-el-top-50-de-su-serie-en-la-maraton-de-santiago\/#breadcrumb","itemListElement":[{"@type":"ListItem","position":1,"name":"Portada","item":"https:\/\/eltrabajo.cl\/web\/"},{"@type":"ListItem","position":2,"name":"\u2018El Expreso\u2019 Estay se mete en el Top 50 de su serie en la Marat\u00f3n de Santiago"}]},{"@type":"WebSite","@id":"https:\/\/eltrabajo.cl\/web\/#website","url":"https:\/\/eltrabajo.cl\/web\/","name":"Diario El Trabajo","description":"Desde 1929 construyendo Identidad Local","publisher":{"@id":"https:\/\/eltrabajo.cl\/web\/#organization"},"potentialAction":[{"@type":"SearchAction","target":{"@type":"EntryPoint","urlTemplate":"https:\/\/eltrabajo.cl\/web\/?s={search_term_string}"},"query-input":{"@type":"PropertyValueSpecification","valueRequired":true,"valueName":"search_term_string"}}],"inLanguage":"es-CL"},{"@type":"Organization","@id":"https:\/\/eltrabajo.cl\/web\/#organization","name":"Diario El Trabajo","url":"https:\/\/eltrabajo.cl\/web\/","logo":{"@type":"ImageObject","inLanguage":"es-CL","@id":"https:\/\/eltrabajo.cl\/web\/#\/schema\/logo\/image\/","url":"https:\/\/eltrabajo.cl\/web\/wp-content\/uploads\/2024\/06\/profile-image-ig-page-diarioeltrabajo.jpg","contentUrl":"https:\/\/eltrabajo.cl\/web\/wp-content\/uploads\/2024\/06\/profile-image-ig-page-diarioeltrabajo.jpg","width":823,"height":823,"caption":"Diario El Trabajo"},"image":{"@id":"https:\/\/eltrabajo.cl\/web\/#\/schema\/logo\/image\/"},"sameAs":["https:\/\/www.facebook.com\/ElTrabajoDiario","https:\/\/x.com\/diarioeltrabajo"]},{"@type":"Person","@id":"https:\/\/eltrabajo.cl\/web\/#\/schema\/person\/45efd3d17f86ec456e44dd7debe1bf19","name":"Diario El Trabajo","image":{"@type":"ImageObject","inLanguage":"es-CL","@id":"https:\/\/secure.gravatar.com\/avatar\/7e6ec277dc4aea2677c2dc301d4227957219329c985ab69a3efc12518b5161aa?s=96&d=mm&r=g","url":"https:\/\/secure.gravatar.com\/avatar\/7e6ec277dc4aea2677c2dc301d4227957219329c985ab69a3efc12518b5161aa?s=96&d=mm&r=g","contentUrl":"https:\/\/secure.gravatar.com\/avatar\/7e6ec277dc4aea2677c2dc301d4227957219329c985ab69a3efc12518b5161aa?s=96&d=mm&r=g","caption":"Diario El Trabajo"},"sameAs":["https:\/\/eltrabajo.cl\/web"],"url":"https:\/\/eltrabajo.cl\/web\/author\/diario-el-trabajo\/"}]}},"_links":{"self":[{"href":"https:\/\/eltrabajo.cl\/web\/wp-json\/wp\/v2\/posts\/144283","targetHints":{"allow":["GET"]}}],"collection":[{"href":"https:\/\/eltrabajo.cl\/web\/wp-json\/wp\/v2\/posts"}],"about":[{"href":"https:\/\/eltrabajo.cl\/web\/wp-json\/wp\/v2\/types\/post"}],"author":[{"embeddable":true,"href":"https:\/\/eltrabajo.cl\/web\/wp-json\/wp\/v2\/users\/1"}],"replies":[{"embeddable":true,"href":"https:\/\/eltrabajo.cl\/web\/wp-json\/wp\/v2\/comments?post=144283"}],"version-history":[{"count":1,"href":"https:\/\/eltrabajo.cl\/web\/wp-json\/wp\/v2\/posts\/144283\/revisions"}],"predecessor-version":[{"id":144288,"href":"https:\/\/eltrabajo.cl\/web\/wp-json\/wp\/v2\/posts\/144283\/revisions\/144288"}],"wp:featuredmedia":[{"embeddable":true,"href":"https:\/\/eltrabajo.cl\/web\/wp-json\/wp\/v2\/media\/144286"}],"wp:attachment":[{"href":"https:\/\/eltrabajo.cl\/web\/wp-json\/wp\/v2\/media?parent=144283"}],"wp:term":[{"taxonomy":"category","embeddable":true,"href":"https:\/\/eltrabajo.cl\/web\/wp-json\/wp\/v2\/categories?post=144283"},{"taxonomy":"post_tag","embeddable":true,"href":"https:\/\/eltrabajo.cl\/web\/wp-json\/wp\/v2\/tags?post=144283"}],"curies":[{"name":"wp","href":"https:\/\/api.w.org\/{rel}","templated":true}]}}