{"id":144289,"date":"2026-04-27T21:33:51","date_gmt":"2026-04-28T00:33:51","guid":{"rendered":"https:\/\/eltrabajo.cl\/web\/?p=144289"},"modified":"2026-04-27T21:33:51","modified_gmt":"2026-04-28T00:33:51","slug":"mini-nadadoras-sanfelipenas-destacan-en-exigente-torneo-metropolitano-en-recoleta","status":"publish","type":"post","link":"https:\/\/eltrabajo.cl\/web\/mini-nadadoras-sanfelipenas-destacan-en-exigente-torneo-metropolitano-en-recoleta\/","title":{"rendered":"Mini nadadoras sanfelipe\u00f1as destacan en exigente torneo metropolitano en Recoleta"},"content":{"rendered":"<ul>\n<li><strong>Dos deportistas de 8 a\u00f1os de edad lograron meritorios cuartos lugares frente a competidoras de primer nivel.-<\/strong><\/li>\n<\/ul>\n<p>Una destacada y alentadora participaci\u00f3n tuvieron dos j\u00f3venes nadadoras del Club Aquajet San Felipe en un torneo de car\u00e1cter metropolitano realizado el pasado s\u00e1bado 25 de abril en la comuna de Recoleta, instancia que congreg\u00f3 a importantes clubes de la Regi\u00f3n Metropolitana, adem\u00e1s de delegaciones provenientes de Valpara\u00edso.<\/p>\n<p>El campeonato se llev\u00f3 a cabo en una piscina semiol\u00edmpica, bajo la modalidad de series contra el tiempo, y fue organizado por el Club Deportivo Dreamers junto a la Corporaci\u00f3n Municipal de Deportes de Recoleta.<\/p>\n<p>Las protagonistas de esta experiencia fueron <strong>Maite Rod\u00f3 Tapia<\/strong> y <strong>Josefa Herrera Zamora<\/strong>, ambas de 8 a\u00f1os de edad, quienes integran el club, agrupaci\u00f3n que entrena en dependencias del Colegio Sunnyland. En paralelo, ambas deportistas cursan sus estudios en la Escuela Carolina Ocampo Garc\u00eda, ubicada en el sector de Bellavista, en San Felipe.<\/p>\n<p>Seg\u00fan explic\u00f3 el entrenador, <strong>Antonio Rod\u00f3<\/strong>, el evento se desarroll\u00f3 durante toda la jornada del s\u00e1bado, dividido en categor\u00edas. <em>\u00abJornada de ma\u00f1ana para infantiles y jornada vespertina para los juveniles\u00bb,<\/em> detall\u00f3, agregando que se trat\u00f3 de una competencia de mayor envergadura en comparaci\u00f3n a instancias locales o escolares.<\/p>\n<p>En ese contexto, el t\u00e9cnico enfatiz\u00f3 el alto nivel de exigencia del campeonato, donde sus dirigidas enfrentaron a clubes consolidados del pa\u00eds. <em>\u00abCompitieron contra los mejores clubes de Santiago y de la regi\u00f3n\u00bb,<\/em> indic\u00f3, mencionando la presencia de equipos con amplia trayectoria y recursos, lo que elev\u00f3 significativamente la dificultad de la competencia.<\/p>\n<p>A pesar de aquello, ambas nadadoras lograron sobresalir en sus respectivas pruebas. Maite Rod\u00f3 obtuvo el cuarto lugar en estilo espalda, mientras que Josefa Herrera alcanz\u00f3 la misma posici\u00f3n en crol, resultados que fueron ampliamente valorados por el cuerpo t\u00e9cnico.<\/p>\n<p>\u00ab<em>El cuarto lugar que ocup\u00f3 cada una fue tremendamente meritorio\u00bb,<\/em> sostuvo Rod\u00f3, destacando adem\u00e1s que en una de las pruebas la diferencia con el podio fue de apenas mil\u00e9simas de segundo, lo que atribuy\u00f3 principalmente a detalles propios de la experiencia en competencia.<\/p>\n<p>Cabe destacar que esta fue la primera participaci\u00f3n de ambas deportistas en un torneo de estas caracter\u00edsticas, superando el \u00e1mbito de competencias m\u00e1s peque\u00f1as o locales. En ese sentido, el entrenador relev\u00f3 el impacto que tuvo la experiencia en las ni\u00f1as. <em>\u00abLas ni\u00f1as quedaron tremendamente contentas. Era su primera vez en una competencia con jueces en todas las l\u00edneas de la piscina y con sistema de cronometraje autom\u00e1tico\u00bb,<\/em> coment\u00f3.<\/p>\n<p>Asimismo, relat\u00f3 que si bien al inicio enfrentaron el escenario con cierto nerviosismo, propio de una instancia de mayor nivel, con el paso de la jornada lograron adaptarse y desenvolverse con mayor confianza. El hecho de competir ante un alto n\u00famero de participantes tambi\u00e9n marc\u00f3 la diferencia, considerando que en su categor\u00eda se presentaron cerca de 27 nadadoras.<\/p>\n<p>El Club Aquajet San Felipe trabaja con un equipo t\u00e9cnico compuesto por dos entrenadores. <em>\u00abEn el club somos dos entrenadores, <strong>Alejandra Figueroa<\/strong> y yo\u00bb,<\/em> destac\u00f3 Antonio Rod\u00f3, relevando el trabajo conjunto que permite el desarrollo formativo de los deportistas.<\/p>\n<p>Finalmente, desde la instituci\u00f3n ya proyectan sus pr\u00f3ximos desaf\u00edos deportivos, apuntando a seguir fortaleciendo el proceso de sus integrantes. <em>\u00abLas miras ahora es hacia un campeonato que se realiza el pr\u00f3ximo mes, la Copa UC en San Carlos de Apoquindo\u00bb,<\/em> adelant\u00f3 el entrenador, quien adem\u00e1s manifest\u00f3 la intenci\u00f3n de sumar a m\u00e1s nadadores del equipo en futuras competencias, a medida que contin\u00faan su preparaci\u00f3n.<\/p>\n<figure id=\"attachment_144291\" aria-describedby=\"caption-attachment-144291\" style=\"width: 700px\" class=\"wp-caption alignnone\"><img loading=\"lazy\" decoding=\"async\" class=\"size-full wp-image-144291\" src=\"https:\/\/eltrabajo.cl\/web\/wp-content\/uploads\/2026\/04\/jovenes-nadadoras-1.jpg\" alt=\"Maite Rod\u00f3 Tapia y Josefa Herrera Zamora, representaron al Club Aquajet San Felipe en torneo metropolitano disputado en Recoleta.\" width=\"700\" height=\"513\" srcset=\"https:\/\/eltrabajo.cl\/web\/wp-content\/uploads\/2026\/04\/jovenes-nadadoras-1.jpg 700w, https:\/\/eltrabajo.cl\/web\/wp-content\/uploads\/2026\/04\/jovenes-nadadoras-1-300x220.jpg 300w, https:\/\/eltrabajo.cl\/web\/wp-content\/uploads\/2026\/04\/jovenes-nadadoras-1-573x420.jpg 573w, https:\/\/eltrabajo.cl\/web\/wp-content\/uploads\/2026\/04\/jovenes-nadadoras-1-80x60.jpg 80w, https:\/\/eltrabajo.cl\/web\/wp-content\/uploads\/2026\/04\/jovenes-nadadoras-1-150x110.jpg 150w, https:\/\/eltrabajo.cl\/web\/wp-content\/uploads\/2026\/04\/jovenes-nadadoras-1-696x510.jpg 696w\" sizes=\"auto, (max-width: 700px) 100vw, 700px\" \/><figcaption id=\"caption-attachment-144291\" class=\"wp-caption-text\">Maite Rod\u00f3 Tapia y Josefa Herrera Zamora, representaron al Club Aquajet San Felipe en torneo metropolitano disputado en Recoleta.<\/figcaption><\/figure>\n<figure id=\"attachment_144290\" aria-describedby=\"caption-attachment-144290\" style=\"width: 700px\" class=\"wp-caption alignnone\"><img loading=\"lazy\" decoding=\"async\" class=\"size-full wp-image-144290\" src=\"https:\/\/eltrabajo.cl\/web\/wp-content\/uploads\/2026\/04\/jovenes-nadadoras-2.jpg\" alt=\"Las nadadoras sanfelipe\u00f1as obtuvieron destacados cuartos lugares.\" width=\"700\" height=\"528\" srcset=\"https:\/\/eltrabajo.cl\/web\/wp-content\/uploads\/2026\/04\/jovenes-nadadoras-2.jpg 700w, https:\/\/eltrabajo.cl\/web\/wp-content\/uploads\/2026\/04\/jovenes-nadadoras-2-300x226.jpg 300w, https:\/\/eltrabajo.cl\/web\/wp-content\/uploads\/2026\/04\/jovenes-nadadoras-2-557x420.jpg 557w, https:\/\/eltrabajo.cl\/web\/wp-content\/uploads\/2026\/04\/jovenes-nadadoras-2-80x60.jpg 80w, https:\/\/eltrabajo.cl\/web\/wp-content\/uploads\/2026\/04\/jovenes-nadadoras-2-150x113.jpg 150w, https:\/\/eltrabajo.cl\/web\/wp-content\/uploads\/2026\/04\/jovenes-nadadoras-2-696x525.jpg 696w\" sizes=\"auto, (max-width: 700px) 100vw, 700px\" \/><figcaption id=\"caption-attachment-144290\" class=\"wp-caption-text\">Las nadadoras sanfelipe\u00f1as obtuvieron destacados cuartos lugares.<\/figcaption><\/figure>\n","protected":false},"excerpt":{"rendered":"<p>Dos deportistas de 8 a\u00f1os de edad lograron meritorios cuartos lugares frente a competidoras de primer nivel.- Una destacada y alentadora participaci\u00f3n tuvieron dos j\u00f3venes nadadoras del Club Aquajet San Felipe en un torneo de car\u00e1cter metropolitano realizado el pasado s\u00e1bado 25 de abril en la comuna de Recoleta, instancia que congreg\u00f3 a importantes clubes [&hellip;]<\/p>\n","protected":false},"author":1,"featured_media":144290,"comment_status":"open","ping_status":"closed","sticky":false,"template":"","format":"standard","meta":{"footnotes":""},"categories":[4],"tags":[],"class_list":{"0":"post-144289","1":"post","2":"type-post","3":"status-publish","4":"format-standard","5":"has-post-thumbnail","7":"category-comunidad"},"yoast_head":"<!-- This site is optimized with the Yoast SEO plugin v27.4 - https:\/\/yoast.com\/product\/yoast-seo-wordpress\/ -->\n<title>Mini nadadoras sanfelipe\u00f1as destacan en exigente torneo metropolitano en Recoleta - Diario El Trabajo<\/title>\n<meta name=\"robots\" content=\"index, follow, max-snippet:-1, max-image-preview:large, max-video-preview:-1\" \/>\n<link rel=\"canonical\" href=\"https:\/\/eltrabajo.cl\/web\/mini-nadadoras-sanfelipenas-destacan-en-exigente-torneo-metropolitano-en-recoleta\/\" \/>\n<meta property=\"og:locale\" content=\"es_ES\" \/>\n<meta property=\"og:type\" content=\"article\" \/>\n<meta property=\"og:title\" content=\"Mini nadadoras sanfelipe\u00f1as destacan en exigente torneo metropolitano en Recoleta - Diario El Trabajo\" \/>\n<meta property=\"og:description\" content=\"Dos deportistas de 8 a\u00f1os de edad lograron meritorios cuartos lugares frente a competidoras de primer nivel.- Una destacada y alentadora participaci\u00f3n tuvieron dos j\u00f3venes nadadoras del Club Aquajet San Felipe en un torneo de car\u00e1cter metropolitano realizado el pasado s\u00e1bado 25 de abril en la comuna de Recoleta, instancia que congreg\u00f3 a importantes clubes [&hellip;]\" \/>\n<meta property=\"og:url\" content=\"https:\/\/eltrabajo.cl\/web\/mini-nadadoras-sanfelipenas-destacan-en-exigente-torneo-metropolitano-en-recoleta\/\" \/>\n<meta property=\"og:site_name\" content=\"Diario El Trabajo\" \/>\n<meta property=\"article:publisher\" content=\"https:\/\/www.facebook.com\/ElTrabajoDiario\" \/>\n<meta property=\"article:published_time\" content=\"2026-04-28T00:33:51+00:00\" \/>\n<meta property=\"og:image\" content=\"https:\/\/eltrabajo.cl\/web\/wp-content\/uploads\/2026\/04\/jovenes-nadadoras-2.jpg\" \/>\n\t<meta property=\"og:image:width\" content=\"700\" \/>\n\t<meta property=\"og:image:height\" content=\"528\" \/>\n\t<meta property=\"og:image:type\" content=\"image\/jpeg\" \/>\n<meta name=\"author\" content=\"Diario El Trabajo\" \/>\n<meta name=\"twitter:card\" content=\"summary_large_image\" \/>\n<meta name=\"twitter:creator\" content=\"@diarioeltrabajo\" \/>\n<meta name=\"twitter:site\" content=\"@diarioeltrabajo\" \/>\n<meta name=\"twitter:label1\" content=\"Escrito por\" \/>\n\t<meta name=\"twitter:data1\" content=\"Diario El Trabajo\" \/>\n\t<meta name=\"twitter:label2\" content=\"Tiempo estimado de lectura\" \/>\n\t<meta name=\"twitter:data2\" content=\"4 minutos\" \/>\n<script type=\"application\/ld+json\" class=\"yoast-schema-graph\">{\"@context\":\"https:\\\/\\\/schema.org\",\"@graph\":[{\"@type\":\"Article\",\"@id\":\"https:\\\/\\\/eltrabajo.cl\\\/web\\\/mini-nadadoras-sanfelipenas-destacan-en-exigente-torneo-metropolitano-en-recoleta\\\/#article\",\"isPartOf\":{\"@id\":\"https:\\\/\\\/eltrabajo.cl\\\/web\\\/mini-nadadoras-sanfelipenas-destacan-en-exigente-torneo-metropolitano-en-recoleta\\\/\"},\"author\":{\"name\":\"Diario El Trabajo\",\"@id\":\"https:\\\/\\\/eltrabajo.cl\\\/web\\\/#\\\/schema\\\/person\\\/45efd3d17f86ec456e44dd7debe1bf19\"},\"headline\":\"Mini nadadoras sanfelipe\u00f1as destacan en exigente torneo metropolitano en Recoleta\",\"datePublished\":\"2026-04-28T00:33:51+00:00\",\"mainEntityOfPage\":{\"@id\":\"https:\\\/\\\/eltrabajo.cl\\\/web\\\/mini-nadadoras-sanfelipenas-destacan-en-exigente-torneo-metropolitano-en-recoleta\\\/\"},\"wordCount\":662,\"commentCount\":0,\"publisher\":{\"@id\":\"https:\\\/\\\/eltrabajo.cl\\\/web\\\/#organization\"},\"image\":{\"@id\":\"https:\\\/\\\/eltrabajo.cl\\\/web\\\/mini-nadadoras-sanfelipenas-destacan-en-exigente-torneo-metropolitano-en-recoleta\\\/#primaryimage\"},\"thumbnailUrl\":\"https:\\\/\\\/eltrabajo.cl\\\/web\\\/wp-content\\\/uploads\\\/2026\\\/04\\\/jovenes-nadadoras-2.jpg\",\"articleSection\":[\"Comunidad\"],\"inLanguage\":\"es-CL\",\"potentialAction\":[{\"@type\":\"CommentAction\",\"name\":\"Comment\",\"target\":[\"https:\\\/\\\/eltrabajo.cl\\\/web\\\/mini-nadadoras-sanfelipenas-destacan-en-exigente-torneo-metropolitano-en-recoleta\\\/#respond\"]}]},{\"@type\":\"WebPage\",\"@id\":\"https:\\\/\\\/eltrabajo.cl\\\/web\\\/mini-nadadoras-sanfelipenas-destacan-en-exigente-torneo-metropolitano-en-recoleta\\\/\",\"url\":\"https:\\\/\\\/eltrabajo.cl\\\/web\\\/mini-nadadoras-sanfelipenas-destacan-en-exigente-torneo-metropolitano-en-recoleta\\\/\",\"name\":\"Mini nadadoras sanfelipe\u00f1as destacan en exigente torneo metropolitano en Recoleta - Diario El Trabajo\",\"isPartOf\":{\"@id\":\"https:\\\/\\\/eltrabajo.cl\\\/web\\\/#website\"},\"primaryImageOfPage\":{\"@id\":\"https:\\\/\\\/eltrabajo.cl\\\/web\\\/mini-nadadoras-sanfelipenas-destacan-en-exigente-torneo-metropolitano-en-recoleta\\\/#primaryimage\"},\"image\":{\"@id\":\"https:\\\/\\\/eltrabajo.cl\\\/web\\\/mini-nadadoras-sanfelipenas-destacan-en-exigente-torneo-metropolitano-en-recoleta\\\/#primaryimage\"},\"thumbnailUrl\":\"https:\\\/\\\/eltrabajo.cl\\\/web\\\/wp-content\\\/uploads\\\/2026\\\/04\\\/jovenes-nadadoras-2.jpg\",\"datePublished\":\"2026-04-28T00:33:51+00:00\",\"breadcrumb\":{\"@id\":\"https:\\\/\\\/eltrabajo.cl\\\/web\\\/mini-nadadoras-sanfelipenas-destacan-en-exigente-torneo-metropolitano-en-recoleta\\\/#breadcrumb\"},\"inLanguage\":\"es-CL\",\"potentialAction\":[{\"@type\":\"ReadAction\",\"target\":[\"https:\\\/\\\/eltrabajo.cl\\\/web\\\/mini-nadadoras-sanfelipenas-destacan-en-exigente-torneo-metropolitano-en-recoleta\\\/\"]}]},{\"@type\":\"ImageObject\",\"inLanguage\":\"es-CL\",\"@id\":\"https:\\\/\\\/eltrabajo.cl\\\/web\\\/mini-nadadoras-sanfelipenas-destacan-en-exigente-torneo-metropolitano-en-recoleta\\\/#primaryimage\",\"url\":\"https:\\\/\\\/eltrabajo.cl\\\/web\\\/wp-content\\\/uploads\\\/2026\\\/04\\\/jovenes-nadadoras-2.jpg\",\"contentUrl\":\"https:\\\/\\\/eltrabajo.cl\\\/web\\\/wp-content\\\/uploads\\\/2026\\\/04\\\/jovenes-nadadoras-2.jpg\",\"width\":700,\"height\":528,\"caption\":\"Las nadadoras sanfelipe\u00f1as obtuvieron destacados cuartos lugares.\"},{\"@type\":\"BreadcrumbList\",\"@id\":\"https:\\\/\\\/eltrabajo.cl\\\/web\\\/mini-nadadoras-sanfelipenas-destacan-en-exigente-torneo-metropolitano-en-recoleta\\\/#breadcrumb\",\"itemListElement\":[{\"@type\":\"ListItem\",\"position\":1,\"name\":\"Portada\",\"item\":\"https:\\\/\\\/eltrabajo.cl\\\/web\\\/\"},{\"@type\":\"ListItem\",\"position\":2,\"name\":\"Mini nadadoras sanfelipe\u00f1as destacan en exigente torneo metropolitano en Recoleta\"}]},{\"@type\":\"WebSite\",\"@id\":\"https:\\\/\\\/eltrabajo.cl\\\/web\\\/#website\",\"url\":\"https:\\\/\\\/eltrabajo.cl\\\/web\\\/\",\"name\":\"Diario El Trabajo\",\"description\":\"Desde 1929 construyendo Identidad Local\",\"publisher\":{\"@id\":\"https:\\\/\\\/eltrabajo.cl\\\/web\\\/#organization\"},\"potentialAction\":[{\"@type\":\"SearchAction\",\"target\":{\"@type\":\"EntryPoint\",\"urlTemplate\":\"https:\\\/\\\/eltrabajo.cl\\\/web\\\/?s={search_term_string}\"},\"query-input\":{\"@type\":\"PropertyValueSpecification\",\"valueRequired\":true,\"valueName\":\"search_term_string\"}}],\"inLanguage\":\"es-CL\"},{\"@type\":\"Organization\",\"@id\":\"https:\\\/\\\/eltrabajo.cl\\\/web\\\/#organization\",\"name\":\"Diario El Trabajo\",\"url\":\"https:\\\/\\\/eltrabajo.cl\\\/web\\\/\",\"logo\":{\"@type\":\"ImageObject\",\"inLanguage\":\"es-CL\",\"@id\":\"https:\\\/\\\/eltrabajo.cl\\\/web\\\/#\\\/schema\\\/logo\\\/image\\\/\",\"url\":\"https:\\\/\\\/eltrabajo.cl\\\/web\\\/wp-content\\\/uploads\\\/2024\\\/06\\\/profile-image-ig-page-diarioeltrabajo.jpg\",\"contentUrl\":\"https:\\\/\\\/eltrabajo.cl\\\/web\\\/wp-content\\\/uploads\\\/2024\\\/06\\\/profile-image-ig-page-diarioeltrabajo.jpg\",\"width\":823,\"height\":823,\"caption\":\"Diario El Trabajo\"},\"image\":{\"@id\":\"https:\\\/\\\/eltrabajo.cl\\\/web\\\/#\\\/schema\\\/logo\\\/image\\\/\"},\"sameAs\":[\"https:\\\/\\\/www.facebook.com\\\/ElTrabajoDiario\",\"https:\\\/\\\/x.com\\\/diarioeltrabajo\"]},{\"@type\":\"Person\",\"@id\":\"https:\\\/\\\/eltrabajo.cl\\\/web\\\/#\\\/schema\\\/person\\\/45efd3d17f86ec456e44dd7debe1bf19\",\"name\":\"Diario El Trabajo\",\"image\":{\"@type\":\"ImageObject\",\"inLanguage\":\"es-CL\",\"@id\":\"https:\\\/\\\/secure.gravatar.com\\\/avatar\\\/7e6ec277dc4aea2677c2dc301d4227957219329c985ab69a3efc12518b5161aa?s=96&d=mm&r=g\",\"url\":\"https:\\\/\\\/secure.gravatar.com\\\/avatar\\\/7e6ec277dc4aea2677c2dc301d4227957219329c985ab69a3efc12518b5161aa?s=96&d=mm&r=g\",\"contentUrl\":\"https:\\\/\\\/secure.gravatar.com\\\/avatar\\\/7e6ec277dc4aea2677c2dc301d4227957219329c985ab69a3efc12518b5161aa?s=96&d=mm&r=g\",\"caption\":\"Diario El Trabajo\"},\"sameAs\":[\"https:\\\/\\\/eltrabajo.cl\\\/web\"],\"url\":\"https:\\\/\\\/eltrabajo.cl\\\/web\\\/author\\\/diario-el-trabajo\\\/\"}]}<\/script>\n<!-- \/ Yoast SEO plugin. -->","yoast_head_json":{"title":"Mini nadadoras sanfelipe\u00f1as destacan en exigente torneo metropolitano en Recoleta - Diario El Trabajo","robots":{"index":"index","follow":"follow","max-snippet":"max-snippet:-1","max-image-preview":"max-image-preview:large","max-video-preview":"max-video-preview:-1"},"canonical":"https:\/\/eltrabajo.cl\/web\/mini-nadadoras-sanfelipenas-destacan-en-exigente-torneo-metropolitano-en-recoleta\/","og_locale":"es_ES","og_type":"article","og_title":"Mini nadadoras sanfelipe\u00f1as destacan en exigente torneo metropolitano en Recoleta - Diario El Trabajo","og_description":"Dos deportistas de 8 a\u00f1os de edad lograron meritorios cuartos lugares frente a competidoras de primer nivel.- Una destacada y alentadora participaci\u00f3n tuvieron dos j\u00f3venes nadadoras del Club Aquajet San Felipe en un torneo de car\u00e1cter metropolitano realizado el pasado s\u00e1bado 25 de abril en la comuna de Recoleta, instancia que congreg\u00f3 a importantes clubes [&hellip;]","og_url":"https:\/\/eltrabajo.cl\/web\/mini-nadadoras-sanfelipenas-destacan-en-exigente-torneo-metropolitano-en-recoleta\/","og_site_name":"Diario El Trabajo","article_publisher":"https:\/\/www.facebook.com\/ElTrabajoDiario","article_published_time":"2026-04-28T00:33:51+00:00","og_image":[{"width":700,"height":528,"url":"https:\/\/eltrabajo.cl\/web\/wp-content\/uploads\/2026\/04\/jovenes-nadadoras-2.jpg","type":"image\/jpeg"}],"author":"Diario El Trabajo","twitter_card":"summary_large_image","twitter_creator":"@diarioeltrabajo","twitter_site":"@diarioeltrabajo","twitter_misc":{"Escrito por":"Diario El Trabajo","Tiempo estimado de lectura":"4 minutos"},"schema":{"@context":"https:\/\/schema.org","@graph":[{"@type":"Article","@id":"https:\/\/eltrabajo.cl\/web\/mini-nadadoras-sanfelipenas-destacan-en-exigente-torneo-metropolitano-en-recoleta\/#article","isPartOf":{"@id":"https:\/\/eltrabajo.cl\/web\/mini-nadadoras-sanfelipenas-destacan-en-exigente-torneo-metropolitano-en-recoleta\/"},"author":{"name":"Diario El Trabajo","@id":"https:\/\/eltrabajo.cl\/web\/#\/schema\/person\/45efd3d17f86ec456e44dd7debe1bf19"},"headline":"Mini nadadoras sanfelipe\u00f1as destacan en exigente torneo metropolitano en Recoleta","datePublished":"2026-04-28T00:33:51+00:00","mainEntityOfPage":{"@id":"https:\/\/eltrabajo.cl\/web\/mini-nadadoras-sanfelipenas-destacan-en-exigente-torneo-metropolitano-en-recoleta\/"},"wordCount":662,"commentCount":0,"publisher":{"@id":"https:\/\/eltrabajo.cl\/web\/#organization"},"image":{"@id":"https:\/\/eltrabajo.cl\/web\/mini-nadadoras-sanfelipenas-destacan-en-exigente-torneo-metropolitano-en-recoleta\/#primaryimage"},"thumbnailUrl":"https:\/\/eltrabajo.cl\/web\/wp-content\/uploads\/2026\/04\/jovenes-nadadoras-2.jpg","articleSection":["Comunidad"],"inLanguage":"es-CL","potentialAction":[{"@type":"CommentAction","name":"Comment","target":["https:\/\/eltrabajo.cl\/web\/mini-nadadoras-sanfelipenas-destacan-en-exigente-torneo-metropolitano-en-recoleta\/#respond"]}]},{"@type":"WebPage","@id":"https:\/\/eltrabajo.cl\/web\/mini-nadadoras-sanfelipenas-destacan-en-exigente-torneo-metropolitano-en-recoleta\/","url":"https:\/\/eltrabajo.cl\/web\/mini-nadadoras-sanfelipenas-destacan-en-exigente-torneo-metropolitano-en-recoleta\/","name":"Mini nadadoras sanfelipe\u00f1as destacan en exigente torneo metropolitano en Recoleta - Diario El Trabajo","isPartOf":{"@id":"https:\/\/eltrabajo.cl\/web\/#website"},"primaryImageOfPage":{"@id":"https:\/\/eltrabajo.cl\/web\/mini-nadadoras-sanfelipenas-destacan-en-exigente-torneo-metropolitano-en-recoleta\/#primaryimage"},"image":{"@id":"https:\/\/eltrabajo.cl\/web\/mini-nadadoras-sanfelipenas-destacan-en-exigente-torneo-metropolitano-en-recoleta\/#primaryimage"},"thumbnailUrl":"https:\/\/eltrabajo.cl\/web\/wp-content\/uploads\/2026\/04\/jovenes-nadadoras-2.jpg","datePublished":"2026-04-28T00:33:51+00:00","breadcrumb":{"@id":"https:\/\/eltrabajo.cl\/web\/mini-nadadoras-sanfelipenas-destacan-en-exigente-torneo-metropolitano-en-recoleta\/#breadcrumb"},"inLanguage":"es-CL","potentialAction":[{"@type":"ReadAction","target":["https:\/\/eltrabajo.cl\/web\/mini-nadadoras-sanfelipenas-destacan-en-exigente-torneo-metropolitano-en-recoleta\/"]}]},{"@type":"ImageObject","inLanguage":"es-CL","@id":"https:\/\/eltrabajo.cl\/web\/mini-nadadoras-sanfelipenas-destacan-en-exigente-torneo-metropolitano-en-recoleta\/#primaryimage","url":"https:\/\/eltrabajo.cl\/web\/wp-content\/uploads\/2026\/04\/jovenes-nadadoras-2.jpg","contentUrl":"https:\/\/eltrabajo.cl\/web\/wp-content\/uploads\/2026\/04\/jovenes-nadadoras-2.jpg","width":700,"height":528,"caption":"Las nadadoras sanfelipe\u00f1as obtuvieron destacados cuartos lugares."},{"@type":"BreadcrumbList","@id":"https:\/\/eltrabajo.cl\/web\/mini-nadadoras-sanfelipenas-destacan-en-exigente-torneo-metropolitano-en-recoleta\/#breadcrumb","itemListElement":[{"@type":"ListItem","position":1,"name":"Portada","item":"https:\/\/eltrabajo.cl\/web\/"},{"@type":"ListItem","position":2,"name":"Mini nadadoras sanfelipe\u00f1as destacan en exigente torneo metropolitano en Recoleta"}]},{"@type":"WebSite","@id":"https:\/\/eltrabajo.cl\/web\/#website","url":"https:\/\/eltrabajo.cl\/web\/","name":"Diario El Trabajo","description":"Desde 1929 construyendo Identidad Local","publisher":{"@id":"https:\/\/eltrabajo.cl\/web\/#organization"},"potentialAction":[{"@type":"SearchAction","target":{"@type":"EntryPoint","urlTemplate":"https:\/\/eltrabajo.cl\/web\/?s={search_term_string}"},"query-input":{"@type":"PropertyValueSpecification","valueRequired":true,"valueName":"search_term_string"}}],"inLanguage":"es-CL"},{"@type":"Organization","@id":"https:\/\/eltrabajo.cl\/web\/#organization","name":"Diario El Trabajo","url":"https:\/\/eltrabajo.cl\/web\/","logo":{"@type":"ImageObject","inLanguage":"es-CL","@id":"https:\/\/eltrabajo.cl\/web\/#\/schema\/logo\/image\/","url":"https:\/\/eltrabajo.cl\/web\/wp-content\/uploads\/2024\/06\/profile-image-ig-page-diarioeltrabajo.jpg","contentUrl":"https:\/\/eltrabajo.cl\/web\/wp-content\/uploads\/2024\/06\/profile-image-ig-page-diarioeltrabajo.jpg","width":823,"height":823,"caption":"Diario El Trabajo"},"image":{"@id":"https:\/\/eltrabajo.cl\/web\/#\/schema\/logo\/image\/"},"sameAs":["https:\/\/www.facebook.com\/ElTrabajoDiario","https:\/\/x.com\/diarioeltrabajo"]},{"@type":"Person","@id":"https:\/\/eltrabajo.cl\/web\/#\/schema\/person\/45efd3d17f86ec456e44dd7debe1bf19","name":"Diario El Trabajo","image":{"@type":"ImageObject","inLanguage":"es-CL","@id":"https:\/\/secure.gravatar.com\/avatar\/7e6ec277dc4aea2677c2dc301d4227957219329c985ab69a3efc12518b5161aa?s=96&d=mm&r=g","url":"https:\/\/secure.gravatar.com\/avatar\/7e6ec277dc4aea2677c2dc301d4227957219329c985ab69a3efc12518b5161aa?s=96&d=mm&r=g","contentUrl":"https:\/\/secure.gravatar.com\/avatar\/7e6ec277dc4aea2677c2dc301d4227957219329c985ab69a3efc12518b5161aa?s=96&d=mm&r=g","caption":"Diario El Trabajo"},"sameAs":["https:\/\/eltrabajo.cl\/web"],"url":"https:\/\/eltrabajo.cl\/web\/author\/diario-el-trabajo\/"}]}},"_links":{"self":[{"href":"https:\/\/eltrabajo.cl\/web\/wp-json\/wp\/v2\/posts\/144289","targetHints":{"allow":["GET"]}}],"collection":[{"href":"https:\/\/eltrabajo.cl\/web\/wp-json\/wp\/v2\/posts"}],"about":[{"href":"https:\/\/eltrabajo.cl\/web\/wp-json\/wp\/v2\/types\/post"}],"author":[{"embeddable":true,"href":"https:\/\/eltrabajo.cl\/web\/wp-json\/wp\/v2\/users\/1"}],"replies":[{"embeddable":true,"href":"https:\/\/eltrabajo.cl\/web\/wp-json\/wp\/v2\/comments?post=144289"}],"version-history":[{"count":1,"href":"https:\/\/eltrabajo.cl\/web\/wp-json\/wp\/v2\/posts\/144289\/revisions"}],"predecessor-version":[{"id":144292,"href":"https:\/\/eltrabajo.cl\/web\/wp-json\/wp\/v2\/posts\/144289\/revisions\/144292"}],"wp:featuredmedia":[{"embeddable":true,"href":"https:\/\/eltrabajo.cl\/web\/wp-json\/wp\/v2\/media\/144290"}],"wp:attachment":[{"href":"https:\/\/eltrabajo.cl\/web\/wp-json\/wp\/v2\/media?parent=144289"}],"wp:term":[{"taxonomy":"category","embeddable":true,"href":"https:\/\/eltrabajo.cl\/web\/wp-json\/wp\/v2\/categories?post=144289"},{"taxonomy":"post_tag","embeddable":true,"href":"https:\/\/eltrabajo.cl\/web\/wp-json\/wp\/v2\/tags?post=144289"}],"curies":[{"name":"wp","href":"https:\/\/api.w.org\/{rel}","templated":true}]}}