{"id":144295,"date":"2026-04-27T21:36:33","date_gmt":"2026-04-28T00:36:33","guid":{"rendered":"https:\/\/eltrabajo.cl\/web\/?p=144295"},"modified":"2026-04-27T21:36:33","modified_gmt":"2026-04-28T00:36:33","slug":"alerta-en-la-costanera-de-san-felipe-denuncian-violento-accionar-de-jauria-de-perros-contra-mascotas","status":"publish","type":"post","link":"https:\/\/eltrabajo.cl\/web\/alerta-en-la-costanera-de-san-felipe-denuncian-violento-accionar-de-jauria-de-perros-contra-mascotas\/","title":{"rendered":"Alerta en la Costanera de San Felipe: Denuncian violento accionar de jaur\u00eda de perros contra mascotas"},"content":{"rendered":"<ul>\n<li><strong>Desde marzo se registran ataques a otros perros del sector. La presidenta de la UNCO advierte riesgo para personas.-<\/strong><\/li>\n<\/ul>\n<p>Preocupaci\u00f3n existe entre vecinos de San Felipe tras la denuncia realizada por <strong>Ruth Delgado<\/strong>, presidenta de la Uni\u00f3n Comunal de Juntas de Vecinos (UNCO), quien alert\u00f3 sobre una serie de ataques protagonizados por una jaur\u00eda de perros en la costanera de la ciudad, espec\u00edficamente en el sector frente a la tirolesa (juego).<\/p>\n<p>Seg\u00fan detall\u00f3 la dirigente,<em> \u00abestos perros atacan en jaur\u00eda a perros que deambulan por la costanera, espec\u00edficamente frente a la tirolesa\u00bb,<\/em> situaci\u00f3n que se arrastra desde hace varias semanas. En ese contexto, precis\u00f3 que <em>\u00abestos est\u00e1n actuando desde los primeros d\u00edas de marzo, cuando empezaron a dejar se\u00f1ales de sus ataques\u00bb<\/em>.<\/p>\n<p>Respecto al origen de los animales, Delgado indic\u00f3 que <em>\u00ablos perros son de la garita de los Buses Puma y durante el d\u00eda no son vistos, tipo 6 de la ma\u00f1ana estos andan sueltos\u00bb,<\/em> agregando que trabajadores de turnos mineros que transitan a esa hora han sido testigos de su presencia.<\/p>\n<p>En cuanto a la cantidad, explic\u00f3 que se trata de una manada de cinco perros, algunos de ellos de gran tama\u00f1o. <em>\u00abSon cinco y hay unos mezcla de pastor alem\u00e1n <\/em>(raza grande)<em>\u00bb,<\/em> se\u00f1al\u00f3.<\/p>\n<p>Los ataques, seg\u00fan la dirigente, han sido graves. <em>\u00abPor ahora han atacado a perros y a los primeros solo los mataron, al \u00faltimo lo trataron de arrastrar y por envergadura no lo pudieron pasar por debajo de la reja que resguarda el estero\u00bb,<\/em> relat\u00f3, evidenciando la violencia de los hechos.<\/p>\n<p>Asimismo, advirti\u00f3 sobre el potencial riesgo para las personas. <em>\u00abSe hace presente este problema, porque este puede cambiar de ataque a animales, a ni\u00f1os o personas que transitan en estado de intemperancia\u00bb,<\/em> sostuvo.<\/p>\n<p>Consultada por eventuales denuncias formales, Delgado reconoci\u00f3 que esta es la primera instancia en que se expone la situaci\u00f3n p\u00fablicamente.<em> \u00abLas personas no reclaman si no son ellas las afectadas\u2026 cero empat\u00eda\u00bb,<\/em> afirm\u00f3.<\/p>\n<p>Frente a este escenario, hizo un llamado directo a las autoridades. <em>\u00abQue den soluci\u00f3n real y efectiva\u00bb,<\/em> enfatiz\u00f3, junto con recalcar que, a su juicio, la responsabilidad recae en quienes est\u00e1n a cargo de los animales. <em>\u00abHacemos un llamado a la autoridad para que haga responsable a quienes est\u00e1n a cargo de estos perros, que por lo pronto ellos quiz\u00e1s no tienen la culpa, sino de alg\u00fan adulto irresponsable\u00bb,<\/em> indic\u00f3.<\/p>\n<p>Finalmente, la presidenta de la UNCO se\u00f1al\u00f3 que, por ahora, la \u00fanica medida preventiva ha sido advertir a la comunidad. <em>\u00abQuiz\u00e1s avisar a trav\u00e9s del boca a boca a las personas que circulan con sus mascotas por ah\u00ed, esta ser\u00eda una soluci\u00f3n parche solamente\u00bb,<\/em> concluy\u00f3.<\/p>\n<figure id=\"attachment_144297\" aria-describedby=\"caption-attachment-144297\" style=\"width: 698px\" class=\"wp-caption alignnone\"><img loading=\"lazy\" decoding=\"async\" class=\"size-full wp-image-144297\" src=\"https:\/\/eltrabajo.cl\/web\/wp-content\/uploads\/2026\/04\/denuncia-jauria-2.jpg\" alt=\"Los animales, que ser\u00edan cinco y de gran tama\u00f1o, deambular\u00edan durante la madrugada y han generado preocupaci\u00f3n por el riesgo para personas y mascotas en el borde del estero.\" width=\"698\" height=\"365\" srcset=\"https:\/\/eltrabajo.cl\/web\/wp-content\/uploads\/2026\/04\/denuncia-jauria-2.jpg 698w, https:\/\/eltrabajo.cl\/web\/wp-content\/uploads\/2026\/04\/denuncia-jauria-2-300x157.jpg 300w, https:\/\/eltrabajo.cl\/web\/wp-content\/uploads\/2026\/04\/denuncia-jauria-2-150x78.jpg 150w, https:\/\/eltrabajo.cl\/web\/wp-content\/uploads\/2026\/04\/denuncia-jauria-2-696x364.jpg 696w\" sizes=\"auto, (max-width: 698px) 100vw, 698px\" \/><figcaption id=\"caption-attachment-144297\" class=\"wp-caption-text\">Los animales, que ser\u00edan cinco y de gran tama\u00f1o, deambular\u00edan durante la madrugada y han generado preocupaci\u00f3n por el riesgo para personas y mascotas en el borde del estero.<\/figcaption><\/figure>\n<figure id=\"attachment_144296\" aria-describedby=\"caption-attachment-144296\" style=\"width: 699px\" class=\"wp-caption alignnone\"><img loading=\"lazy\" decoding=\"async\" class=\"size-full wp-image-144296\" src=\"https:\/\/eltrabajo.cl\/web\/wp-content\/uploads\/2026\/04\/denuncia-jauria-1.jpg\" alt=\"Vecinos alertan por la presencia de una jaur\u00eda de perros que ha protagonizado ataques a mascotas en el sector de la tirolesa, en la costanera de San Felipe.\" width=\"699\" height=\"488\" srcset=\"https:\/\/eltrabajo.cl\/web\/wp-content\/uploads\/2026\/04\/denuncia-jauria-1.jpg 699w, https:\/\/eltrabajo.cl\/web\/wp-content\/uploads\/2026\/04\/denuncia-jauria-1-300x209.jpg 300w, https:\/\/eltrabajo.cl\/web\/wp-content\/uploads\/2026\/04\/denuncia-jauria-1-602x420.jpg 602w, https:\/\/eltrabajo.cl\/web\/wp-content\/uploads\/2026\/04\/denuncia-jauria-1-150x105.jpg 150w, https:\/\/eltrabajo.cl\/web\/wp-content\/uploads\/2026\/04\/denuncia-jauria-1-696x486.jpg 696w\" sizes=\"auto, (max-width: 699px) 100vw, 699px\" \/><figcaption id=\"caption-attachment-144296\" class=\"wp-caption-text\">Vecinos alertan por la presencia de una jaur\u00eda de perros que ha protagonizado ataques a mascotas en el sector de la tirolesa, en la costanera de San Felipe.<\/figcaption><\/figure>\n","protected":false},"excerpt":{"rendered":"<p>Desde marzo se registran ataques a otros perros del sector. La presidenta de la UNCO advierte riesgo para personas.- Preocupaci\u00f3n existe entre vecinos de San Felipe tras la denuncia realizada por Ruth Delgado, presidenta de la Uni\u00f3n Comunal de Juntas de Vecinos (UNCO), quien alert\u00f3 sobre una serie de ataques protagonizados por una jaur\u00eda de [&hellip;]<\/p>\n","protected":false},"author":1,"featured_media":144297,"comment_status":"open","ping_status":"closed","sticky":false,"template":"","format":"standard","meta":{"footnotes":""},"categories":[4],"tags":[],"class_list":{"0":"post-144295","1":"post","2":"type-post","3":"status-publish","4":"format-standard","5":"has-post-thumbnail","7":"category-comunidad"},"yoast_head":"<!-- This site is optimized with the Yoast SEO plugin v27.4 - https:\/\/yoast.com\/product\/yoast-seo-wordpress\/ -->\n<title>Alerta en la Costanera de San Felipe: Denuncian violento accionar de jaur\u00eda de perros contra mascotas - Diario El Trabajo<\/title>\n<meta name=\"robots\" content=\"index, follow, max-snippet:-1, max-image-preview:large, max-video-preview:-1\" \/>\n<link rel=\"canonical\" href=\"https:\/\/eltrabajo.cl\/web\/alerta-en-la-costanera-de-san-felipe-denuncian-violento-accionar-de-jauria-de-perros-contra-mascotas\/\" \/>\n<meta property=\"og:locale\" content=\"es_ES\" \/>\n<meta property=\"og:type\" content=\"article\" \/>\n<meta property=\"og:title\" content=\"Alerta en la Costanera de San Felipe: Denuncian violento accionar de jaur\u00eda de perros contra mascotas - Diario El Trabajo\" \/>\n<meta property=\"og:description\" content=\"Desde marzo se registran ataques a otros perros del sector. La presidenta de la UNCO advierte riesgo para personas.- Preocupaci\u00f3n existe entre vecinos de San Felipe tras la denuncia realizada por Ruth Delgado, presidenta de la Uni\u00f3n Comunal de Juntas de Vecinos (UNCO), quien alert\u00f3 sobre una serie de ataques protagonizados por una jaur\u00eda de [&hellip;]\" \/>\n<meta property=\"og:url\" content=\"https:\/\/eltrabajo.cl\/web\/alerta-en-la-costanera-de-san-felipe-denuncian-violento-accionar-de-jauria-de-perros-contra-mascotas\/\" \/>\n<meta property=\"og:site_name\" content=\"Diario El Trabajo\" \/>\n<meta property=\"article:publisher\" content=\"https:\/\/www.facebook.com\/ElTrabajoDiario\" \/>\n<meta property=\"article:published_time\" content=\"2026-04-28T00:36:33+00:00\" \/>\n<meta property=\"og:image\" content=\"https:\/\/eltrabajo.cl\/web\/wp-content\/uploads\/2026\/04\/denuncia-jauria-2.jpg\" \/>\n\t<meta property=\"og:image:width\" content=\"698\" \/>\n\t<meta property=\"og:image:height\" content=\"365\" \/>\n\t<meta property=\"og:image:type\" content=\"image\/jpeg\" \/>\n<meta name=\"author\" content=\"Diario El Trabajo\" \/>\n<meta name=\"twitter:card\" content=\"summary_large_image\" \/>\n<meta name=\"twitter:creator\" content=\"@diarioeltrabajo\" \/>\n<meta name=\"twitter:site\" content=\"@diarioeltrabajo\" \/>\n<meta name=\"twitter:label1\" content=\"Escrito por\" \/>\n\t<meta name=\"twitter:data1\" content=\"Diario El Trabajo\" \/>\n\t<meta name=\"twitter:label2\" content=\"Tiempo estimado de lectura\" \/>\n\t<meta name=\"twitter:data2\" content=\"3 minutos\" \/>\n<script type=\"application\/ld+json\" class=\"yoast-schema-graph\">{\"@context\":\"https:\\\/\\\/schema.org\",\"@graph\":[{\"@type\":\"Article\",\"@id\":\"https:\\\/\\\/eltrabajo.cl\\\/web\\\/alerta-en-la-costanera-de-san-felipe-denuncian-violento-accionar-de-jauria-de-perros-contra-mascotas\\\/#article\",\"isPartOf\":{\"@id\":\"https:\\\/\\\/eltrabajo.cl\\\/web\\\/alerta-en-la-costanera-de-san-felipe-denuncian-violento-accionar-de-jauria-de-perros-contra-mascotas\\\/\"},\"author\":{\"name\":\"Diario El Trabajo\",\"@id\":\"https:\\\/\\\/eltrabajo.cl\\\/web\\\/#\\\/schema\\\/person\\\/45efd3d17f86ec456e44dd7debe1bf19\"},\"headline\":\"Alerta en la Costanera de San Felipe: Denuncian violento accionar de jaur\u00eda de perros contra mascotas\",\"datePublished\":\"2026-04-28T00:36:33+00:00\",\"mainEntityOfPage\":{\"@id\":\"https:\\\/\\\/eltrabajo.cl\\\/web\\\/alerta-en-la-costanera-de-san-felipe-denuncian-violento-accionar-de-jauria-de-perros-contra-mascotas\\\/\"},\"wordCount\":561,\"commentCount\":0,\"publisher\":{\"@id\":\"https:\\\/\\\/eltrabajo.cl\\\/web\\\/#organization\"},\"image\":{\"@id\":\"https:\\\/\\\/eltrabajo.cl\\\/web\\\/alerta-en-la-costanera-de-san-felipe-denuncian-violento-accionar-de-jauria-de-perros-contra-mascotas\\\/#primaryimage\"},\"thumbnailUrl\":\"https:\\\/\\\/eltrabajo.cl\\\/web\\\/wp-content\\\/uploads\\\/2026\\\/04\\\/denuncia-jauria-2.jpg\",\"articleSection\":[\"Comunidad\"],\"inLanguage\":\"es-CL\",\"potentialAction\":[{\"@type\":\"CommentAction\",\"name\":\"Comment\",\"target\":[\"https:\\\/\\\/eltrabajo.cl\\\/web\\\/alerta-en-la-costanera-de-san-felipe-denuncian-violento-accionar-de-jauria-de-perros-contra-mascotas\\\/#respond\"]}]},{\"@type\":\"WebPage\",\"@id\":\"https:\\\/\\\/eltrabajo.cl\\\/web\\\/alerta-en-la-costanera-de-san-felipe-denuncian-violento-accionar-de-jauria-de-perros-contra-mascotas\\\/\",\"url\":\"https:\\\/\\\/eltrabajo.cl\\\/web\\\/alerta-en-la-costanera-de-san-felipe-denuncian-violento-accionar-de-jauria-de-perros-contra-mascotas\\\/\",\"name\":\"Alerta en la Costanera de San Felipe: Denuncian violento accionar de jaur\u00eda de perros contra mascotas - Diario El Trabajo\",\"isPartOf\":{\"@id\":\"https:\\\/\\\/eltrabajo.cl\\\/web\\\/#website\"},\"primaryImageOfPage\":{\"@id\":\"https:\\\/\\\/eltrabajo.cl\\\/web\\\/alerta-en-la-costanera-de-san-felipe-denuncian-violento-accionar-de-jauria-de-perros-contra-mascotas\\\/#primaryimage\"},\"image\":{\"@id\":\"https:\\\/\\\/eltrabajo.cl\\\/web\\\/alerta-en-la-costanera-de-san-felipe-denuncian-violento-accionar-de-jauria-de-perros-contra-mascotas\\\/#primaryimage\"},\"thumbnailUrl\":\"https:\\\/\\\/eltrabajo.cl\\\/web\\\/wp-content\\\/uploads\\\/2026\\\/04\\\/denuncia-jauria-2.jpg\",\"datePublished\":\"2026-04-28T00:36:33+00:00\",\"breadcrumb\":{\"@id\":\"https:\\\/\\\/eltrabajo.cl\\\/web\\\/alerta-en-la-costanera-de-san-felipe-denuncian-violento-accionar-de-jauria-de-perros-contra-mascotas\\\/#breadcrumb\"},\"inLanguage\":\"es-CL\",\"potentialAction\":[{\"@type\":\"ReadAction\",\"target\":[\"https:\\\/\\\/eltrabajo.cl\\\/web\\\/alerta-en-la-costanera-de-san-felipe-denuncian-violento-accionar-de-jauria-de-perros-contra-mascotas\\\/\"]}]},{\"@type\":\"ImageObject\",\"inLanguage\":\"es-CL\",\"@id\":\"https:\\\/\\\/eltrabajo.cl\\\/web\\\/alerta-en-la-costanera-de-san-felipe-denuncian-violento-accionar-de-jauria-de-perros-contra-mascotas\\\/#primaryimage\",\"url\":\"https:\\\/\\\/eltrabajo.cl\\\/web\\\/wp-content\\\/uploads\\\/2026\\\/04\\\/denuncia-jauria-2.jpg\",\"contentUrl\":\"https:\\\/\\\/eltrabajo.cl\\\/web\\\/wp-content\\\/uploads\\\/2026\\\/04\\\/denuncia-jauria-2.jpg\",\"width\":698,\"height\":365,\"caption\":\"Los animales, que ser\u00edan cinco y de gran tama\u00f1o, deambular\u00edan durante la madrugada y han generado preocupaci\u00f3n por el riesgo para personas y mascotas en el borde del estero.\"},{\"@type\":\"BreadcrumbList\",\"@id\":\"https:\\\/\\\/eltrabajo.cl\\\/web\\\/alerta-en-la-costanera-de-san-felipe-denuncian-violento-accionar-de-jauria-de-perros-contra-mascotas\\\/#breadcrumb\",\"itemListElement\":[{\"@type\":\"ListItem\",\"position\":1,\"name\":\"Portada\",\"item\":\"https:\\\/\\\/eltrabajo.cl\\\/web\\\/\"},{\"@type\":\"ListItem\",\"position\":2,\"name\":\"Alerta en la Costanera de San Felipe: Denuncian violento accionar de jaur\u00eda de perros contra mascotas\"}]},{\"@type\":\"WebSite\",\"@id\":\"https:\\\/\\\/eltrabajo.cl\\\/web\\\/#website\",\"url\":\"https:\\\/\\\/eltrabajo.cl\\\/web\\\/\",\"name\":\"Diario El Trabajo\",\"description\":\"Desde 1929 construyendo Identidad Local\",\"publisher\":{\"@id\":\"https:\\\/\\\/eltrabajo.cl\\\/web\\\/#organization\"},\"potentialAction\":[{\"@type\":\"SearchAction\",\"target\":{\"@type\":\"EntryPoint\",\"urlTemplate\":\"https:\\\/\\\/eltrabajo.cl\\\/web\\\/?s={search_term_string}\"},\"query-input\":{\"@type\":\"PropertyValueSpecification\",\"valueRequired\":true,\"valueName\":\"search_term_string\"}}],\"inLanguage\":\"es-CL\"},{\"@type\":\"Organization\",\"@id\":\"https:\\\/\\\/eltrabajo.cl\\\/web\\\/#organization\",\"name\":\"Diario El Trabajo\",\"url\":\"https:\\\/\\\/eltrabajo.cl\\\/web\\\/\",\"logo\":{\"@type\":\"ImageObject\",\"inLanguage\":\"es-CL\",\"@id\":\"https:\\\/\\\/eltrabajo.cl\\\/web\\\/#\\\/schema\\\/logo\\\/image\\\/\",\"url\":\"https:\\\/\\\/eltrabajo.cl\\\/web\\\/wp-content\\\/uploads\\\/2024\\\/06\\\/profile-image-ig-page-diarioeltrabajo.jpg\",\"contentUrl\":\"https:\\\/\\\/eltrabajo.cl\\\/web\\\/wp-content\\\/uploads\\\/2024\\\/06\\\/profile-image-ig-page-diarioeltrabajo.jpg\",\"width\":823,\"height\":823,\"caption\":\"Diario El Trabajo\"},\"image\":{\"@id\":\"https:\\\/\\\/eltrabajo.cl\\\/web\\\/#\\\/schema\\\/logo\\\/image\\\/\"},\"sameAs\":[\"https:\\\/\\\/www.facebook.com\\\/ElTrabajoDiario\",\"https:\\\/\\\/x.com\\\/diarioeltrabajo\"]},{\"@type\":\"Person\",\"@id\":\"https:\\\/\\\/eltrabajo.cl\\\/web\\\/#\\\/schema\\\/person\\\/45efd3d17f86ec456e44dd7debe1bf19\",\"name\":\"Diario El Trabajo\",\"image\":{\"@type\":\"ImageObject\",\"inLanguage\":\"es-CL\",\"@id\":\"https:\\\/\\\/secure.gravatar.com\\\/avatar\\\/7e6ec277dc4aea2677c2dc301d4227957219329c985ab69a3efc12518b5161aa?s=96&d=mm&r=g\",\"url\":\"https:\\\/\\\/secure.gravatar.com\\\/avatar\\\/7e6ec277dc4aea2677c2dc301d4227957219329c985ab69a3efc12518b5161aa?s=96&d=mm&r=g\",\"contentUrl\":\"https:\\\/\\\/secure.gravatar.com\\\/avatar\\\/7e6ec277dc4aea2677c2dc301d4227957219329c985ab69a3efc12518b5161aa?s=96&d=mm&r=g\",\"caption\":\"Diario El Trabajo\"},\"sameAs\":[\"https:\\\/\\\/eltrabajo.cl\\\/web\"],\"url\":\"https:\\\/\\\/eltrabajo.cl\\\/web\\\/author\\\/diario-el-trabajo\\\/\"}]}<\/script>\n<!-- \/ Yoast SEO plugin. -->","yoast_head_json":{"title":"Alerta en la Costanera de San Felipe: Denuncian violento accionar de jaur\u00eda de perros contra mascotas - Diario El Trabajo","robots":{"index":"index","follow":"follow","max-snippet":"max-snippet:-1","max-image-preview":"max-image-preview:large","max-video-preview":"max-video-preview:-1"},"canonical":"https:\/\/eltrabajo.cl\/web\/alerta-en-la-costanera-de-san-felipe-denuncian-violento-accionar-de-jauria-de-perros-contra-mascotas\/","og_locale":"es_ES","og_type":"article","og_title":"Alerta en la Costanera de San Felipe: Denuncian violento accionar de jaur\u00eda de perros contra mascotas - Diario El Trabajo","og_description":"Desde marzo se registran ataques a otros perros del sector. La presidenta de la UNCO advierte riesgo para personas.- Preocupaci\u00f3n existe entre vecinos de San Felipe tras la denuncia realizada por Ruth Delgado, presidenta de la Uni\u00f3n Comunal de Juntas de Vecinos (UNCO), quien alert\u00f3 sobre una serie de ataques protagonizados por una jaur\u00eda de [&hellip;]","og_url":"https:\/\/eltrabajo.cl\/web\/alerta-en-la-costanera-de-san-felipe-denuncian-violento-accionar-de-jauria-de-perros-contra-mascotas\/","og_site_name":"Diario El Trabajo","article_publisher":"https:\/\/www.facebook.com\/ElTrabajoDiario","article_published_time":"2026-04-28T00:36:33+00:00","og_image":[{"width":698,"height":365,"url":"https:\/\/eltrabajo.cl\/web\/wp-content\/uploads\/2026\/04\/denuncia-jauria-2.jpg","type":"image\/jpeg"}],"author":"Diario El Trabajo","twitter_card":"summary_large_image","twitter_creator":"@diarioeltrabajo","twitter_site":"@diarioeltrabajo","twitter_misc":{"Escrito por":"Diario El Trabajo","Tiempo estimado de lectura":"3 minutos"},"schema":{"@context":"https:\/\/schema.org","@graph":[{"@type":"Article","@id":"https:\/\/eltrabajo.cl\/web\/alerta-en-la-costanera-de-san-felipe-denuncian-violento-accionar-de-jauria-de-perros-contra-mascotas\/#article","isPartOf":{"@id":"https:\/\/eltrabajo.cl\/web\/alerta-en-la-costanera-de-san-felipe-denuncian-violento-accionar-de-jauria-de-perros-contra-mascotas\/"},"author":{"name":"Diario El Trabajo","@id":"https:\/\/eltrabajo.cl\/web\/#\/schema\/person\/45efd3d17f86ec456e44dd7debe1bf19"},"headline":"Alerta en la Costanera de San Felipe: Denuncian violento accionar de jaur\u00eda de perros contra mascotas","datePublished":"2026-04-28T00:36:33+00:00","mainEntityOfPage":{"@id":"https:\/\/eltrabajo.cl\/web\/alerta-en-la-costanera-de-san-felipe-denuncian-violento-accionar-de-jauria-de-perros-contra-mascotas\/"},"wordCount":561,"commentCount":0,"publisher":{"@id":"https:\/\/eltrabajo.cl\/web\/#organization"},"image":{"@id":"https:\/\/eltrabajo.cl\/web\/alerta-en-la-costanera-de-san-felipe-denuncian-violento-accionar-de-jauria-de-perros-contra-mascotas\/#primaryimage"},"thumbnailUrl":"https:\/\/eltrabajo.cl\/web\/wp-content\/uploads\/2026\/04\/denuncia-jauria-2.jpg","articleSection":["Comunidad"],"inLanguage":"es-CL","potentialAction":[{"@type":"CommentAction","name":"Comment","target":["https:\/\/eltrabajo.cl\/web\/alerta-en-la-costanera-de-san-felipe-denuncian-violento-accionar-de-jauria-de-perros-contra-mascotas\/#respond"]}]},{"@type":"WebPage","@id":"https:\/\/eltrabajo.cl\/web\/alerta-en-la-costanera-de-san-felipe-denuncian-violento-accionar-de-jauria-de-perros-contra-mascotas\/","url":"https:\/\/eltrabajo.cl\/web\/alerta-en-la-costanera-de-san-felipe-denuncian-violento-accionar-de-jauria-de-perros-contra-mascotas\/","name":"Alerta en la Costanera de San Felipe: Denuncian violento accionar de jaur\u00eda de perros contra mascotas - Diario El Trabajo","isPartOf":{"@id":"https:\/\/eltrabajo.cl\/web\/#website"},"primaryImageOfPage":{"@id":"https:\/\/eltrabajo.cl\/web\/alerta-en-la-costanera-de-san-felipe-denuncian-violento-accionar-de-jauria-de-perros-contra-mascotas\/#primaryimage"},"image":{"@id":"https:\/\/eltrabajo.cl\/web\/alerta-en-la-costanera-de-san-felipe-denuncian-violento-accionar-de-jauria-de-perros-contra-mascotas\/#primaryimage"},"thumbnailUrl":"https:\/\/eltrabajo.cl\/web\/wp-content\/uploads\/2026\/04\/denuncia-jauria-2.jpg","datePublished":"2026-04-28T00:36:33+00:00","breadcrumb":{"@id":"https:\/\/eltrabajo.cl\/web\/alerta-en-la-costanera-de-san-felipe-denuncian-violento-accionar-de-jauria-de-perros-contra-mascotas\/#breadcrumb"},"inLanguage":"es-CL","potentialAction":[{"@type":"ReadAction","target":["https:\/\/eltrabajo.cl\/web\/alerta-en-la-costanera-de-san-felipe-denuncian-violento-accionar-de-jauria-de-perros-contra-mascotas\/"]}]},{"@type":"ImageObject","inLanguage":"es-CL","@id":"https:\/\/eltrabajo.cl\/web\/alerta-en-la-costanera-de-san-felipe-denuncian-violento-accionar-de-jauria-de-perros-contra-mascotas\/#primaryimage","url":"https:\/\/eltrabajo.cl\/web\/wp-content\/uploads\/2026\/04\/denuncia-jauria-2.jpg","contentUrl":"https:\/\/eltrabajo.cl\/web\/wp-content\/uploads\/2026\/04\/denuncia-jauria-2.jpg","width":698,"height":365,"caption":"Los animales, que ser\u00edan cinco y de gran tama\u00f1o, deambular\u00edan durante la madrugada y han generado preocupaci\u00f3n por el riesgo para personas y mascotas en el borde del estero."},{"@type":"BreadcrumbList","@id":"https:\/\/eltrabajo.cl\/web\/alerta-en-la-costanera-de-san-felipe-denuncian-violento-accionar-de-jauria-de-perros-contra-mascotas\/#breadcrumb","itemListElement":[{"@type":"ListItem","position":1,"name":"Portada","item":"https:\/\/eltrabajo.cl\/web\/"},{"@type":"ListItem","position":2,"name":"Alerta en la Costanera de San Felipe: Denuncian violento accionar de jaur\u00eda de perros contra mascotas"}]},{"@type":"WebSite","@id":"https:\/\/eltrabajo.cl\/web\/#website","url":"https:\/\/eltrabajo.cl\/web\/","name":"Diario El Trabajo","description":"Desde 1929 construyendo Identidad Local","publisher":{"@id":"https:\/\/eltrabajo.cl\/web\/#organization"},"potentialAction":[{"@type":"SearchAction","target":{"@type":"EntryPoint","urlTemplate":"https:\/\/eltrabajo.cl\/web\/?s={search_term_string}"},"query-input":{"@type":"PropertyValueSpecification","valueRequired":true,"valueName":"search_term_string"}}],"inLanguage":"es-CL"},{"@type":"Organization","@id":"https:\/\/eltrabajo.cl\/web\/#organization","name":"Diario El Trabajo","url":"https:\/\/eltrabajo.cl\/web\/","logo":{"@type":"ImageObject","inLanguage":"es-CL","@id":"https:\/\/eltrabajo.cl\/web\/#\/schema\/logo\/image\/","url":"https:\/\/eltrabajo.cl\/web\/wp-content\/uploads\/2024\/06\/profile-image-ig-page-diarioeltrabajo.jpg","contentUrl":"https:\/\/eltrabajo.cl\/web\/wp-content\/uploads\/2024\/06\/profile-image-ig-page-diarioeltrabajo.jpg","width":823,"height":823,"caption":"Diario El Trabajo"},"image":{"@id":"https:\/\/eltrabajo.cl\/web\/#\/schema\/logo\/image\/"},"sameAs":["https:\/\/www.facebook.com\/ElTrabajoDiario","https:\/\/x.com\/diarioeltrabajo"]},{"@type":"Person","@id":"https:\/\/eltrabajo.cl\/web\/#\/schema\/person\/45efd3d17f86ec456e44dd7debe1bf19","name":"Diario El Trabajo","image":{"@type":"ImageObject","inLanguage":"es-CL","@id":"https:\/\/secure.gravatar.com\/avatar\/7e6ec277dc4aea2677c2dc301d4227957219329c985ab69a3efc12518b5161aa?s=96&d=mm&r=g","url":"https:\/\/secure.gravatar.com\/avatar\/7e6ec277dc4aea2677c2dc301d4227957219329c985ab69a3efc12518b5161aa?s=96&d=mm&r=g","contentUrl":"https:\/\/secure.gravatar.com\/avatar\/7e6ec277dc4aea2677c2dc301d4227957219329c985ab69a3efc12518b5161aa?s=96&d=mm&r=g","caption":"Diario El Trabajo"},"sameAs":["https:\/\/eltrabajo.cl\/web"],"url":"https:\/\/eltrabajo.cl\/web\/author\/diario-el-trabajo\/"}]}},"_links":{"self":[{"href":"https:\/\/eltrabajo.cl\/web\/wp-json\/wp\/v2\/posts\/144295","targetHints":{"allow":["GET"]}}],"collection":[{"href":"https:\/\/eltrabajo.cl\/web\/wp-json\/wp\/v2\/posts"}],"about":[{"href":"https:\/\/eltrabajo.cl\/web\/wp-json\/wp\/v2\/types\/post"}],"author":[{"embeddable":true,"href":"https:\/\/eltrabajo.cl\/web\/wp-json\/wp\/v2\/users\/1"}],"replies":[{"embeddable":true,"href":"https:\/\/eltrabajo.cl\/web\/wp-json\/wp\/v2\/comments?post=144295"}],"version-history":[{"count":1,"href":"https:\/\/eltrabajo.cl\/web\/wp-json\/wp\/v2\/posts\/144295\/revisions"}],"predecessor-version":[{"id":144298,"href":"https:\/\/eltrabajo.cl\/web\/wp-json\/wp\/v2\/posts\/144295\/revisions\/144298"}],"wp:featuredmedia":[{"embeddable":true,"href":"https:\/\/eltrabajo.cl\/web\/wp-json\/wp\/v2\/media\/144297"}],"wp:attachment":[{"href":"https:\/\/eltrabajo.cl\/web\/wp-json\/wp\/v2\/media?parent=144295"}],"wp:term":[{"taxonomy":"category","embeddable":true,"href":"https:\/\/eltrabajo.cl\/web\/wp-json\/wp\/v2\/categories?post=144295"},{"taxonomy":"post_tag","embeddable":true,"href":"https:\/\/eltrabajo.cl\/web\/wp-json\/wp\/v2\/tags?post=144295"}],"curies":[{"name":"wp","href":"https:\/\/api.w.org\/{rel}","templated":true}]}}