{"id":144299,"date":"2026-04-27T21:37:26","date_gmt":"2026-04-28T00:37:26","guid":{"rendered":"https:\/\/eltrabajo.cl\/web\/?p=144299"},"modified":"2026-04-27T21:37:26","modified_gmt":"2026-04-28T00:37:26","slug":"condenable-y-cobarde-amenaza-sufrio-periodista-de-san-felipe-eugenio-cornejo-correa","status":"publish","type":"post","link":"https:\/\/eltrabajo.cl\/web\/condenable-y-cobarde-amenaza-sufrio-periodista-de-san-felipe-eugenio-cornejo-correa\/","title":{"rendered":"Condenable y cobarde amenaza sufri\u00f3 periodista de San Felipe, Eugenio Cornejo Correa"},"content":{"rendered":"<ul>\n<li><strong>\u2018Dirigente sindical\u2019, realiz\u00f3 violento mensaje a trav\u00e9s de redes sociales.\u2013<\/strong><\/li>\n<\/ul>\n<p>\u00ab<em>Cuando toca, toca amigo<\/em> (\u2026) <em>a lo mejor puede que tengas un problema, pero te recomiendo decirle a tu familia, a tu se\u00f1ora y a tus hijos, que no se insulta sin conocer a las personas<\/em> (\u2026)<em>No ve que a la noche, cuando sali\u00f3 de la radio y dej\u00f3 de ser esa superestrella, vuelve al mundo real, y en el mundo real hoy en d\u00eda en Chile hay secuestros, hay homicidios (\u2026) Espero que terminen con el asunto de los malos comentarios, vas a terminar de hablar de nosotros, porque existe un mercado negro muy delicado en este pa\u00eds, y basta que nosotros digamos que somos v\u00edctimas de una agresi\u00f3n tan grave como la que t\u00fa hiciste\u00bb<\/em>. Esas fueron parte de las palabras que el autodenominado presidente nacional de los trabajadores temporeros, <strong>Javier Alejandro Santamar\u00eda V\u00e1squez<\/strong>, emiti\u00f3 a trav\u00e9s de redes sociales.<\/p>\n<p>Todo esto, en el marco de una entrevista que brind\u00f3 el delegado presidencial provincial de San Felipe de Aconcagua en Radio Aconcagua, en la que coment\u00f3 que tras reunirse con estos \u2018dirigentes\u2019, fueron violentos.<\/p>\n<p>El hecho gener\u00f3 que este sujeto publicara un video con amenazas veladas e insultos hacia el periodista del mencionado medio, <strong>Eugenio Cornejo Correa<\/strong>. De manera grotesca y con una actitud similar a la de un \u2018mafioso\u2019, el \u2018dirigente sindical\u2019 gener\u00f3 que la comunidad del Valle del Aconcagua, medios y autoridades, tanto locales y nacionales, expresaran su repudio a las amenazas.<\/p>\n<p>De manera transversal se ha expresado el respaldo al periodista y la condena a todo tipo de amenaza, sobre todo, en el marco del ejercicio de la labor period\u00edstica al realizar una entrevista radial.<\/p>\n<p>Y es que la prensa cumple con el deber de informar y, adem\u00e1s, es uno de los canales para la libertad de expresi\u00f3n, y en ning\u00fan caso o motivo, debe ser v\u00edctima de amenazas o actitudes \u2018matonescas\u2019 de parte de cualquier persona.<\/p>\n<p>Al respecto, el periodista <strong>Eugenio Cornejo<\/strong> se\u00f1alo que <em>\u00abyo agradezco mucho la reacci\u00f3n que ha tenido, primero nuestra audiencia, despu\u00e9s gente de la autoridad que se puso a disposici\u00f3n; el delegado regional, el Seremi de Seguridad, el delegado provincial, y en eso, m\u00e1s que respaldarme a m\u00ed, es respaldar la acci\u00f3n que hacemos, la tarea que hacemos, y esa tarea es desnudar cosas, decir cosas que algunos casos lesionan intereses, y aqu\u00ed lo estamos lesionando<\/em> (\u2026)<em>Nosotros nos vamos a querellar en conjunto con la Seremi de Seguridad\u00bb<\/em>.<\/p>\n<p>En este contexto, y en cuanto a la investigaci\u00f3n que ha realizado el profesional de Radio Aconcagua, indic\u00f3 que <em>\u00abme preocupa que ac\u00e1 pueda haber trata de personas, porque esto est\u00e1 muy vinculado con la llegada de muchos bolivianos ac\u00e1, a Melipilla y otras partes. M\u00e1s encima cuando se trata de personas que han tenido de todo tipo con la justicia, cuatro condenas por receptaci\u00f3n, por uso ilegal de arma de fuego, por apropiaci\u00f3n indebida, por el delito de amenaza\u2026\u00bb<\/em>, estableci\u00f3 el comunicador.<\/p>\n<p>Asimismo, y en relaci\u00f3n a las amenazas que ha recibido por este tema, Cornejo coment\u00f3 que <em>\u00abpor una parte, que malo que la cuesti\u00f3n funcione as\u00ed, somos medios que operamos en el marco de la ley de prensa<\/em> (\u2026) <em>no estoy acostumbrado a recibir amenazas, y me llam\u00f3 mucho la atenci\u00f3n porque uno como que se preocupa m\u00e1s por la familia que por uno<\/em>.<\/p>\n<p>\u00ab<em>Me reafirman que vamos por el camino correcto, seguimos haciendo lo que hemos hecho desde el a\u00f1o 89, cuando entr\u00e9 a la universidad<\/em> (\u2026)<em>con un nivel de responsabilidad que nos permite tener el nivel de sinton\u00eda que tenemos\u00bb<\/em>, expres\u00f3.<\/p>\n<p>El hecho ha generado una condena transversal de medios locales, nacionales, autoridades, y en este contexto, es que como medio de comunicaci\u00f3n, en el cual trabajan periodistas y comunicadores responsables, expresamos el apoyo a la situaci\u00f3n vivida por el periodista Eugenio Cornejo.<\/p>\n<p>En la actualidad, donde gracias a las plataformas digitales cualquier persona con una c\u00e1mara en frente se cree comunicador, y lo que es m\u00e1s grave, \u2018juega\u2019 a hacer labores period\u00edsticas, es necesario relevar y destacar el trabajo serio y responsable, siguiendo las normas legales y \u00e9ticas para el ejercicio del periodismo, tal como lo hace, y lo ha hecho por toda su carrera el periodista Eugenio Cornejo Correa.<\/p>\n<p>Resulta lamentable, que este tipo de personajes como el \u2018dirigente sindical\u2019 u otros \u2018actores sociales\u2019, hayan tenido vitrina en perfiles de redes sociales que bajo el discurso populista de \u2018decir la verdad\u2019, son capaces de publicar informaci\u00f3n sin ninguna rigurosidad period\u00edstica, y lo que es peor, entregando especio a personas violentas.<\/p>\n<figure id=\"attachment_144300\" aria-describedby=\"caption-attachment-144300\" style=\"width: 700px\" class=\"wp-caption alignnone\"><img loading=\"lazy\" decoding=\"async\" class=\"size-full wp-image-144300\" src=\"https:\/\/eltrabajo.cl\/web\/wp-content\/uploads\/2026\/04\/Eugenio-Cornejo.jpg\" alt=\"Periodista Eugenio Cornejo fue v\u00edctima de amenazas.\" width=\"700\" height=\"495\" srcset=\"https:\/\/eltrabajo.cl\/web\/wp-content\/uploads\/2026\/04\/Eugenio-Cornejo.jpg 700w, https:\/\/eltrabajo.cl\/web\/wp-content\/uploads\/2026\/04\/Eugenio-Cornejo-300x212.jpg 300w, https:\/\/eltrabajo.cl\/web\/wp-content\/uploads\/2026\/04\/Eugenio-Cornejo-594x420.jpg 594w, https:\/\/eltrabajo.cl\/web\/wp-content\/uploads\/2026\/04\/Eugenio-Cornejo-150x106.jpg 150w, https:\/\/eltrabajo.cl\/web\/wp-content\/uploads\/2026\/04\/Eugenio-Cornejo-696x492.jpg 696w\" sizes=\"auto, (max-width: 700px) 100vw, 700px\" \/><figcaption id=\"caption-attachment-144300\" class=\"wp-caption-text\">Periodista Eugenio Cornejo fue v\u00edctima de amenazas.<\/figcaption><\/figure>\n","protected":false},"excerpt":{"rendered":"<p>\u2018Dirigente sindical\u2019, realiz\u00f3 violento mensaje a trav\u00e9s de redes sociales.\u2013 \u00abCuando toca, toca amigo (\u2026) a lo mejor puede que tengas un problema, pero te recomiendo decirle a tu familia, a tu se\u00f1ora y a tus hijos, que no se insulta sin conocer a las personas (\u2026)No ve que a la noche, cuando sali\u00f3 de [&hellip;]<\/p>\n","protected":false},"author":1,"featured_media":144300,"comment_status":"open","ping_status":"closed","sticky":false,"template":"","format":"standard","meta":{"footnotes":""},"categories":[4],"tags":[],"class_list":{"0":"post-144299","1":"post","2":"type-post","3":"status-publish","4":"format-standard","5":"has-post-thumbnail","7":"category-comunidad"},"yoast_head":"<!-- This site is optimized with the Yoast SEO plugin v27.4 - https:\/\/yoast.com\/product\/yoast-seo-wordpress\/ -->\n<title>Condenable y cobarde amenaza sufri\u00f3 periodista de San Felipe, Eugenio Cornejo Correa - Diario El Trabajo<\/title>\n<meta name=\"robots\" content=\"index, follow, max-snippet:-1, max-image-preview:large, max-video-preview:-1\" \/>\n<link rel=\"canonical\" href=\"https:\/\/eltrabajo.cl\/web\/condenable-y-cobarde-amenaza-sufrio-periodista-de-san-felipe-eugenio-cornejo-correa\/\" \/>\n<meta property=\"og:locale\" content=\"es_ES\" \/>\n<meta property=\"og:type\" content=\"article\" \/>\n<meta property=\"og:title\" content=\"Condenable y cobarde amenaza sufri\u00f3 periodista de San Felipe, Eugenio Cornejo Correa - Diario El Trabajo\" \/>\n<meta property=\"og:description\" content=\"\u2018Dirigente sindical\u2019, realiz\u00f3 violento mensaje a trav\u00e9s de redes sociales.\u2013 \u00abCuando toca, toca amigo (\u2026) a lo mejor puede que tengas un problema, pero te recomiendo decirle a tu familia, a tu se\u00f1ora y a tus hijos, que no se insulta sin conocer a las personas (\u2026)No ve que a la noche, cuando sali\u00f3 de [&hellip;]\" \/>\n<meta property=\"og:url\" content=\"https:\/\/eltrabajo.cl\/web\/condenable-y-cobarde-amenaza-sufrio-periodista-de-san-felipe-eugenio-cornejo-correa\/\" \/>\n<meta property=\"og:site_name\" content=\"Diario El Trabajo\" \/>\n<meta property=\"article:publisher\" content=\"https:\/\/www.facebook.com\/ElTrabajoDiario\" \/>\n<meta property=\"article:published_time\" content=\"2026-04-28T00:37:26+00:00\" \/>\n<meta property=\"og:image\" content=\"https:\/\/eltrabajo.cl\/web\/wp-content\/uploads\/2026\/04\/Eugenio-Cornejo.jpg\" \/>\n\t<meta property=\"og:image:width\" content=\"700\" \/>\n\t<meta property=\"og:image:height\" content=\"495\" \/>\n\t<meta property=\"og:image:type\" content=\"image\/jpeg\" \/>\n<meta name=\"author\" content=\"Diario El Trabajo\" \/>\n<meta name=\"twitter:card\" content=\"summary_large_image\" \/>\n<meta name=\"twitter:creator\" content=\"@diarioeltrabajo\" \/>\n<meta name=\"twitter:site\" content=\"@diarioeltrabajo\" \/>\n<meta name=\"twitter:label1\" content=\"Escrito por\" \/>\n\t<meta name=\"twitter:data1\" content=\"Diario El Trabajo\" \/>\n\t<meta name=\"twitter:label2\" content=\"Tiempo estimado de lectura\" \/>\n\t<meta name=\"twitter:data2\" content=\"4 minutos\" \/>\n<script type=\"application\/ld+json\" class=\"yoast-schema-graph\">{\"@context\":\"https:\\\/\\\/schema.org\",\"@graph\":[{\"@type\":\"Article\",\"@id\":\"https:\\\/\\\/eltrabajo.cl\\\/web\\\/condenable-y-cobarde-amenaza-sufrio-periodista-de-san-felipe-eugenio-cornejo-correa\\\/#article\",\"isPartOf\":{\"@id\":\"https:\\\/\\\/eltrabajo.cl\\\/web\\\/condenable-y-cobarde-amenaza-sufrio-periodista-de-san-felipe-eugenio-cornejo-correa\\\/\"},\"author\":{\"name\":\"Diario El Trabajo\",\"@id\":\"https:\\\/\\\/eltrabajo.cl\\\/web\\\/#\\\/schema\\\/person\\\/45efd3d17f86ec456e44dd7debe1bf19\"},\"headline\":\"Condenable y cobarde amenaza sufri\u00f3 periodista de San Felipe, Eugenio Cornejo Correa\",\"datePublished\":\"2026-04-28T00:37:26+00:00\",\"mainEntityOfPage\":{\"@id\":\"https:\\\/\\\/eltrabajo.cl\\\/web\\\/condenable-y-cobarde-amenaza-sufrio-periodista-de-san-felipe-eugenio-cornejo-correa\\\/\"},\"wordCount\":816,\"commentCount\":0,\"publisher\":{\"@id\":\"https:\\\/\\\/eltrabajo.cl\\\/web\\\/#organization\"},\"image\":{\"@id\":\"https:\\\/\\\/eltrabajo.cl\\\/web\\\/condenable-y-cobarde-amenaza-sufrio-periodista-de-san-felipe-eugenio-cornejo-correa\\\/#primaryimage\"},\"thumbnailUrl\":\"https:\\\/\\\/eltrabajo.cl\\\/web\\\/wp-content\\\/uploads\\\/2026\\\/04\\\/Eugenio-Cornejo.jpg\",\"articleSection\":[\"Comunidad\"],\"inLanguage\":\"es-CL\",\"potentialAction\":[{\"@type\":\"CommentAction\",\"name\":\"Comment\",\"target\":[\"https:\\\/\\\/eltrabajo.cl\\\/web\\\/condenable-y-cobarde-amenaza-sufrio-periodista-de-san-felipe-eugenio-cornejo-correa\\\/#respond\"]}]},{\"@type\":\"WebPage\",\"@id\":\"https:\\\/\\\/eltrabajo.cl\\\/web\\\/condenable-y-cobarde-amenaza-sufrio-periodista-de-san-felipe-eugenio-cornejo-correa\\\/\",\"url\":\"https:\\\/\\\/eltrabajo.cl\\\/web\\\/condenable-y-cobarde-amenaza-sufrio-periodista-de-san-felipe-eugenio-cornejo-correa\\\/\",\"name\":\"Condenable y cobarde amenaza sufri\u00f3 periodista de San Felipe, Eugenio Cornejo Correa - Diario El Trabajo\",\"isPartOf\":{\"@id\":\"https:\\\/\\\/eltrabajo.cl\\\/web\\\/#website\"},\"primaryImageOfPage\":{\"@id\":\"https:\\\/\\\/eltrabajo.cl\\\/web\\\/condenable-y-cobarde-amenaza-sufrio-periodista-de-san-felipe-eugenio-cornejo-correa\\\/#primaryimage\"},\"image\":{\"@id\":\"https:\\\/\\\/eltrabajo.cl\\\/web\\\/condenable-y-cobarde-amenaza-sufrio-periodista-de-san-felipe-eugenio-cornejo-correa\\\/#primaryimage\"},\"thumbnailUrl\":\"https:\\\/\\\/eltrabajo.cl\\\/web\\\/wp-content\\\/uploads\\\/2026\\\/04\\\/Eugenio-Cornejo.jpg\",\"datePublished\":\"2026-04-28T00:37:26+00:00\",\"breadcrumb\":{\"@id\":\"https:\\\/\\\/eltrabajo.cl\\\/web\\\/condenable-y-cobarde-amenaza-sufrio-periodista-de-san-felipe-eugenio-cornejo-correa\\\/#breadcrumb\"},\"inLanguage\":\"es-CL\",\"potentialAction\":[{\"@type\":\"ReadAction\",\"target\":[\"https:\\\/\\\/eltrabajo.cl\\\/web\\\/condenable-y-cobarde-amenaza-sufrio-periodista-de-san-felipe-eugenio-cornejo-correa\\\/\"]}]},{\"@type\":\"ImageObject\",\"inLanguage\":\"es-CL\",\"@id\":\"https:\\\/\\\/eltrabajo.cl\\\/web\\\/condenable-y-cobarde-amenaza-sufrio-periodista-de-san-felipe-eugenio-cornejo-correa\\\/#primaryimage\",\"url\":\"https:\\\/\\\/eltrabajo.cl\\\/web\\\/wp-content\\\/uploads\\\/2026\\\/04\\\/Eugenio-Cornejo.jpg\",\"contentUrl\":\"https:\\\/\\\/eltrabajo.cl\\\/web\\\/wp-content\\\/uploads\\\/2026\\\/04\\\/Eugenio-Cornejo.jpg\",\"width\":700,\"height\":495,\"caption\":\"Periodista Eugenio Cornejo fue v\u00edctima de amenazas.\"},{\"@type\":\"BreadcrumbList\",\"@id\":\"https:\\\/\\\/eltrabajo.cl\\\/web\\\/condenable-y-cobarde-amenaza-sufrio-periodista-de-san-felipe-eugenio-cornejo-correa\\\/#breadcrumb\",\"itemListElement\":[{\"@type\":\"ListItem\",\"position\":1,\"name\":\"Portada\",\"item\":\"https:\\\/\\\/eltrabajo.cl\\\/web\\\/\"},{\"@type\":\"ListItem\",\"position\":2,\"name\":\"Condenable y cobarde amenaza sufri\u00f3 periodista de San Felipe, Eugenio Cornejo Correa\"}]},{\"@type\":\"WebSite\",\"@id\":\"https:\\\/\\\/eltrabajo.cl\\\/web\\\/#website\",\"url\":\"https:\\\/\\\/eltrabajo.cl\\\/web\\\/\",\"name\":\"Diario El Trabajo\",\"description\":\"Desde 1929 construyendo Identidad Local\",\"publisher\":{\"@id\":\"https:\\\/\\\/eltrabajo.cl\\\/web\\\/#organization\"},\"potentialAction\":[{\"@type\":\"SearchAction\",\"target\":{\"@type\":\"EntryPoint\",\"urlTemplate\":\"https:\\\/\\\/eltrabajo.cl\\\/web\\\/?s={search_term_string}\"},\"query-input\":{\"@type\":\"PropertyValueSpecification\",\"valueRequired\":true,\"valueName\":\"search_term_string\"}}],\"inLanguage\":\"es-CL\"},{\"@type\":\"Organization\",\"@id\":\"https:\\\/\\\/eltrabajo.cl\\\/web\\\/#organization\",\"name\":\"Diario El Trabajo\",\"url\":\"https:\\\/\\\/eltrabajo.cl\\\/web\\\/\",\"logo\":{\"@type\":\"ImageObject\",\"inLanguage\":\"es-CL\",\"@id\":\"https:\\\/\\\/eltrabajo.cl\\\/web\\\/#\\\/schema\\\/logo\\\/image\\\/\",\"url\":\"https:\\\/\\\/eltrabajo.cl\\\/web\\\/wp-content\\\/uploads\\\/2024\\\/06\\\/profile-image-ig-page-diarioeltrabajo.jpg\",\"contentUrl\":\"https:\\\/\\\/eltrabajo.cl\\\/web\\\/wp-content\\\/uploads\\\/2024\\\/06\\\/profile-image-ig-page-diarioeltrabajo.jpg\",\"width\":823,\"height\":823,\"caption\":\"Diario El Trabajo\"},\"image\":{\"@id\":\"https:\\\/\\\/eltrabajo.cl\\\/web\\\/#\\\/schema\\\/logo\\\/image\\\/\"},\"sameAs\":[\"https:\\\/\\\/www.facebook.com\\\/ElTrabajoDiario\",\"https:\\\/\\\/x.com\\\/diarioeltrabajo\"]},{\"@type\":\"Person\",\"@id\":\"https:\\\/\\\/eltrabajo.cl\\\/web\\\/#\\\/schema\\\/person\\\/45efd3d17f86ec456e44dd7debe1bf19\",\"name\":\"Diario El Trabajo\",\"image\":{\"@type\":\"ImageObject\",\"inLanguage\":\"es-CL\",\"@id\":\"https:\\\/\\\/secure.gravatar.com\\\/avatar\\\/7e6ec277dc4aea2677c2dc301d4227957219329c985ab69a3efc12518b5161aa?s=96&d=mm&r=g\",\"url\":\"https:\\\/\\\/secure.gravatar.com\\\/avatar\\\/7e6ec277dc4aea2677c2dc301d4227957219329c985ab69a3efc12518b5161aa?s=96&d=mm&r=g\",\"contentUrl\":\"https:\\\/\\\/secure.gravatar.com\\\/avatar\\\/7e6ec277dc4aea2677c2dc301d4227957219329c985ab69a3efc12518b5161aa?s=96&d=mm&r=g\",\"caption\":\"Diario El Trabajo\"},\"sameAs\":[\"https:\\\/\\\/eltrabajo.cl\\\/web\"],\"url\":\"https:\\\/\\\/eltrabajo.cl\\\/web\\\/author\\\/diario-el-trabajo\\\/\"}]}<\/script>\n<!-- \/ Yoast SEO plugin. -->","yoast_head_json":{"title":"Condenable y cobarde amenaza sufri\u00f3 periodista de San Felipe, Eugenio Cornejo Correa - Diario El Trabajo","robots":{"index":"index","follow":"follow","max-snippet":"max-snippet:-1","max-image-preview":"max-image-preview:large","max-video-preview":"max-video-preview:-1"},"canonical":"https:\/\/eltrabajo.cl\/web\/condenable-y-cobarde-amenaza-sufrio-periodista-de-san-felipe-eugenio-cornejo-correa\/","og_locale":"es_ES","og_type":"article","og_title":"Condenable y cobarde amenaza sufri\u00f3 periodista de San Felipe, Eugenio Cornejo Correa - Diario El Trabajo","og_description":"\u2018Dirigente sindical\u2019, realiz\u00f3 violento mensaje a trav\u00e9s de redes sociales.\u2013 \u00abCuando toca, toca amigo (\u2026) a lo mejor puede que tengas un problema, pero te recomiendo decirle a tu familia, a tu se\u00f1ora y a tus hijos, que no se insulta sin conocer a las personas (\u2026)No ve que a la noche, cuando sali\u00f3 de [&hellip;]","og_url":"https:\/\/eltrabajo.cl\/web\/condenable-y-cobarde-amenaza-sufrio-periodista-de-san-felipe-eugenio-cornejo-correa\/","og_site_name":"Diario El Trabajo","article_publisher":"https:\/\/www.facebook.com\/ElTrabajoDiario","article_published_time":"2026-04-28T00:37:26+00:00","og_image":[{"width":700,"height":495,"url":"https:\/\/eltrabajo.cl\/web\/wp-content\/uploads\/2026\/04\/Eugenio-Cornejo.jpg","type":"image\/jpeg"}],"author":"Diario El Trabajo","twitter_card":"summary_large_image","twitter_creator":"@diarioeltrabajo","twitter_site":"@diarioeltrabajo","twitter_misc":{"Escrito por":"Diario El Trabajo","Tiempo estimado de lectura":"4 minutos"},"schema":{"@context":"https:\/\/schema.org","@graph":[{"@type":"Article","@id":"https:\/\/eltrabajo.cl\/web\/condenable-y-cobarde-amenaza-sufrio-periodista-de-san-felipe-eugenio-cornejo-correa\/#article","isPartOf":{"@id":"https:\/\/eltrabajo.cl\/web\/condenable-y-cobarde-amenaza-sufrio-periodista-de-san-felipe-eugenio-cornejo-correa\/"},"author":{"name":"Diario El Trabajo","@id":"https:\/\/eltrabajo.cl\/web\/#\/schema\/person\/45efd3d17f86ec456e44dd7debe1bf19"},"headline":"Condenable y cobarde amenaza sufri\u00f3 periodista de San Felipe, Eugenio Cornejo Correa","datePublished":"2026-04-28T00:37:26+00:00","mainEntityOfPage":{"@id":"https:\/\/eltrabajo.cl\/web\/condenable-y-cobarde-amenaza-sufrio-periodista-de-san-felipe-eugenio-cornejo-correa\/"},"wordCount":816,"commentCount":0,"publisher":{"@id":"https:\/\/eltrabajo.cl\/web\/#organization"},"image":{"@id":"https:\/\/eltrabajo.cl\/web\/condenable-y-cobarde-amenaza-sufrio-periodista-de-san-felipe-eugenio-cornejo-correa\/#primaryimage"},"thumbnailUrl":"https:\/\/eltrabajo.cl\/web\/wp-content\/uploads\/2026\/04\/Eugenio-Cornejo.jpg","articleSection":["Comunidad"],"inLanguage":"es-CL","potentialAction":[{"@type":"CommentAction","name":"Comment","target":["https:\/\/eltrabajo.cl\/web\/condenable-y-cobarde-amenaza-sufrio-periodista-de-san-felipe-eugenio-cornejo-correa\/#respond"]}]},{"@type":"WebPage","@id":"https:\/\/eltrabajo.cl\/web\/condenable-y-cobarde-amenaza-sufrio-periodista-de-san-felipe-eugenio-cornejo-correa\/","url":"https:\/\/eltrabajo.cl\/web\/condenable-y-cobarde-amenaza-sufrio-periodista-de-san-felipe-eugenio-cornejo-correa\/","name":"Condenable y cobarde amenaza sufri\u00f3 periodista de San Felipe, Eugenio Cornejo Correa - Diario El Trabajo","isPartOf":{"@id":"https:\/\/eltrabajo.cl\/web\/#website"},"primaryImageOfPage":{"@id":"https:\/\/eltrabajo.cl\/web\/condenable-y-cobarde-amenaza-sufrio-periodista-de-san-felipe-eugenio-cornejo-correa\/#primaryimage"},"image":{"@id":"https:\/\/eltrabajo.cl\/web\/condenable-y-cobarde-amenaza-sufrio-periodista-de-san-felipe-eugenio-cornejo-correa\/#primaryimage"},"thumbnailUrl":"https:\/\/eltrabajo.cl\/web\/wp-content\/uploads\/2026\/04\/Eugenio-Cornejo.jpg","datePublished":"2026-04-28T00:37:26+00:00","breadcrumb":{"@id":"https:\/\/eltrabajo.cl\/web\/condenable-y-cobarde-amenaza-sufrio-periodista-de-san-felipe-eugenio-cornejo-correa\/#breadcrumb"},"inLanguage":"es-CL","potentialAction":[{"@type":"ReadAction","target":["https:\/\/eltrabajo.cl\/web\/condenable-y-cobarde-amenaza-sufrio-periodista-de-san-felipe-eugenio-cornejo-correa\/"]}]},{"@type":"ImageObject","inLanguage":"es-CL","@id":"https:\/\/eltrabajo.cl\/web\/condenable-y-cobarde-amenaza-sufrio-periodista-de-san-felipe-eugenio-cornejo-correa\/#primaryimage","url":"https:\/\/eltrabajo.cl\/web\/wp-content\/uploads\/2026\/04\/Eugenio-Cornejo.jpg","contentUrl":"https:\/\/eltrabajo.cl\/web\/wp-content\/uploads\/2026\/04\/Eugenio-Cornejo.jpg","width":700,"height":495,"caption":"Periodista Eugenio Cornejo fue v\u00edctima de amenazas."},{"@type":"BreadcrumbList","@id":"https:\/\/eltrabajo.cl\/web\/condenable-y-cobarde-amenaza-sufrio-periodista-de-san-felipe-eugenio-cornejo-correa\/#breadcrumb","itemListElement":[{"@type":"ListItem","position":1,"name":"Portada","item":"https:\/\/eltrabajo.cl\/web\/"},{"@type":"ListItem","position":2,"name":"Condenable y cobarde amenaza sufri\u00f3 periodista de San Felipe, Eugenio Cornejo Correa"}]},{"@type":"WebSite","@id":"https:\/\/eltrabajo.cl\/web\/#website","url":"https:\/\/eltrabajo.cl\/web\/","name":"Diario El Trabajo","description":"Desde 1929 construyendo Identidad Local","publisher":{"@id":"https:\/\/eltrabajo.cl\/web\/#organization"},"potentialAction":[{"@type":"SearchAction","target":{"@type":"EntryPoint","urlTemplate":"https:\/\/eltrabajo.cl\/web\/?s={search_term_string}"},"query-input":{"@type":"PropertyValueSpecification","valueRequired":true,"valueName":"search_term_string"}}],"inLanguage":"es-CL"},{"@type":"Organization","@id":"https:\/\/eltrabajo.cl\/web\/#organization","name":"Diario El Trabajo","url":"https:\/\/eltrabajo.cl\/web\/","logo":{"@type":"ImageObject","inLanguage":"es-CL","@id":"https:\/\/eltrabajo.cl\/web\/#\/schema\/logo\/image\/","url":"https:\/\/eltrabajo.cl\/web\/wp-content\/uploads\/2024\/06\/profile-image-ig-page-diarioeltrabajo.jpg","contentUrl":"https:\/\/eltrabajo.cl\/web\/wp-content\/uploads\/2024\/06\/profile-image-ig-page-diarioeltrabajo.jpg","width":823,"height":823,"caption":"Diario El Trabajo"},"image":{"@id":"https:\/\/eltrabajo.cl\/web\/#\/schema\/logo\/image\/"},"sameAs":["https:\/\/www.facebook.com\/ElTrabajoDiario","https:\/\/x.com\/diarioeltrabajo"]},{"@type":"Person","@id":"https:\/\/eltrabajo.cl\/web\/#\/schema\/person\/45efd3d17f86ec456e44dd7debe1bf19","name":"Diario El Trabajo","image":{"@type":"ImageObject","inLanguage":"es-CL","@id":"https:\/\/secure.gravatar.com\/avatar\/7e6ec277dc4aea2677c2dc301d4227957219329c985ab69a3efc12518b5161aa?s=96&d=mm&r=g","url":"https:\/\/secure.gravatar.com\/avatar\/7e6ec277dc4aea2677c2dc301d4227957219329c985ab69a3efc12518b5161aa?s=96&d=mm&r=g","contentUrl":"https:\/\/secure.gravatar.com\/avatar\/7e6ec277dc4aea2677c2dc301d4227957219329c985ab69a3efc12518b5161aa?s=96&d=mm&r=g","caption":"Diario El Trabajo"},"sameAs":["https:\/\/eltrabajo.cl\/web"],"url":"https:\/\/eltrabajo.cl\/web\/author\/diario-el-trabajo\/"}]}},"_links":{"self":[{"href":"https:\/\/eltrabajo.cl\/web\/wp-json\/wp\/v2\/posts\/144299","targetHints":{"allow":["GET"]}}],"collection":[{"href":"https:\/\/eltrabajo.cl\/web\/wp-json\/wp\/v2\/posts"}],"about":[{"href":"https:\/\/eltrabajo.cl\/web\/wp-json\/wp\/v2\/types\/post"}],"author":[{"embeddable":true,"href":"https:\/\/eltrabajo.cl\/web\/wp-json\/wp\/v2\/users\/1"}],"replies":[{"embeddable":true,"href":"https:\/\/eltrabajo.cl\/web\/wp-json\/wp\/v2\/comments?post=144299"}],"version-history":[{"count":1,"href":"https:\/\/eltrabajo.cl\/web\/wp-json\/wp\/v2\/posts\/144299\/revisions"}],"predecessor-version":[{"id":144301,"href":"https:\/\/eltrabajo.cl\/web\/wp-json\/wp\/v2\/posts\/144299\/revisions\/144301"}],"wp:featuredmedia":[{"embeddable":true,"href":"https:\/\/eltrabajo.cl\/web\/wp-json\/wp\/v2\/media\/144300"}],"wp:attachment":[{"href":"https:\/\/eltrabajo.cl\/web\/wp-json\/wp\/v2\/media?parent=144299"}],"wp:term":[{"taxonomy":"category","embeddable":true,"href":"https:\/\/eltrabajo.cl\/web\/wp-json\/wp\/v2\/categories?post=144299"},{"taxonomy":"post_tag","embeddable":true,"href":"https:\/\/eltrabajo.cl\/web\/wp-json\/wp\/v2\/tags?post=144299"}],"curies":[{"name":"wp","href":"https:\/\/api.w.org\/{rel}","templated":true}]}}