{"id":144302,"date":"2026-04-27T21:38:55","date_gmt":"2026-04-28T00:38:55","guid":{"rendered":"https:\/\/eltrabajo.cl\/web\/?p=144302"},"modified":"2026-04-27T21:38:55","modified_gmt":"2026-04-28T00:38:55","slug":"una-vivienda-destruida-y-otra-con-danos-deja-incendio-en-sector-de-san-pedro-de-los-villares","status":"publish","type":"post","link":"https:\/\/eltrabajo.cl\/web\/una-vivienda-destruida-y-otra-con-danos-deja-incendio-en-sector-de-san-pedro-de-los-villares\/","title":{"rendered":"Una vivienda destruida y otra con da\u00f1os deja incendio en sector de San Pedro de Los Villares"},"content":{"rendered":"<ul>\n<li><strong>Bomberos de la ciudad, Rinconada, Los Andes y Conaf, trabajaron en el siniestro ocurrido.\u2013<\/strong><\/li>\n<\/ul>\n<p>Pasado el mediod\u00eda de este lunes, el Cuerpo de Bomberos de San Felipe recibi\u00f3 un llamado por un incendio de pastizales en el sector de San Pedro en Los Villares, comuna de San Felipe. Lamentablemente, el fuego avanz\u00f3 r\u00e1pidamente y afect\u00f3 a dos viviendas.<\/p>\n<p>El siniestro destruy\u00f3 por completo una casa y dej\u00f3 con da\u00f1os a otra vivienda. En el lugar de la emergencia trabajaron Bomberos de San Felipe, Rinconada, Los Andes y personal de Conaf.<\/p>\n<p>Al respecto, el tercer comandante del Cuerpo de Bomberos de San Felipe, <strong>Manuel Zavala<\/strong>, se\u00f1al\u00f3 que <em>\u00abse recibi\u00f3 en la central un llamado, inicialmente por fuego en pastizales, que ser\u00eda hacia el sector de la cancha San Pedro. Cuando lleg\u00f3 la unidad, se encontr\u00f3 que ya estaba el Cuerpo de Bomberos de Rinconada trabajando por el sector de la cancha San Pedro, cuando se dan cuenta que el fuego tiene un avance hacia una villa que est\u00e1 justo a los pies de esa cancha\u00bb<\/em>, cont\u00f3.<\/p>\n<p>En cuanto al saldo que dej\u00f3 esta emergencia, Zavala detall\u00f3 que <em>\u00abel fuego avanz\u00f3 con rapidez hacia una vivienda que es de material ligero y se afect\u00f3 en su totalidad, adem\u00e1s de la muralla de una segunda vivienda que es de adobe. Es un sector de ca\u00f1averal que est\u00e1 justo a los pies, que tom\u00f3 con m\u00e1s fuerza el fuego y por ese motivo avanza r\u00e1pido hacia las dos viviendas\u00bb<\/em>.<\/p>\n<p>Asimismo, el tercer comandante de Bomberos de San Felipe indic\u00f3 que <em>\u00aben el lugar trabaj\u00f3 el Cuerpo de Bomberos de San Felipe, el Cuerpo de Bomberos de Rinconada, m\u00e1s dos recursos terrestres y un recurso a\u00e9reo de Conaf\u00bb<\/em>, precis\u00f3.<\/p>\n<p>Finalmente, desde Bomberos aseguraron que se encuentran trabajando los equipos especializados para determinar las causas y el origen del siniestro. Junto con esto, equipos sociales se constituyeron en el lugar para entregar la ayuda correspondiente a las familias afectadas.<\/p>\n<figure id=\"attachment_144303\" aria-describedby=\"caption-attachment-144303\" style=\"width: 699px\" class=\"wp-caption alignnone\"><img loading=\"lazy\" decoding=\"async\" class=\"size-full wp-image-144303\" src=\"https:\/\/eltrabajo.cl\/web\/wp-content\/uploads\/2026\/04\/incendio-Rinconada-1.jpg\" alt=\"Incendio destruyo una vivienda en el sector de San Pedro en Los Villares.\" width=\"699\" height=\"323\" srcset=\"https:\/\/eltrabajo.cl\/web\/wp-content\/uploads\/2026\/04\/incendio-Rinconada-1.jpg 699w, https:\/\/eltrabajo.cl\/web\/wp-content\/uploads\/2026\/04\/incendio-Rinconada-1-300x139.jpg 300w, https:\/\/eltrabajo.cl\/web\/wp-content\/uploads\/2026\/04\/incendio-Rinconada-1-150x69.jpg 150w, https:\/\/eltrabajo.cl\/web\/wp-content\/uploads\/2026\/04\/incendio-Rinconada-1-696x322.jpg 696w\" sizes=\"auto, (max-width: 699px) 100vw, 699px\" \/><figcaption id=\"caption-attachment-144303\" class=\"wp-caption-text\">Incendio destruyo una vivienda en el sector de San Pedro en Los Villares.<\/figcaption><\/figure>\n<figure id=\"attachment_144304\" aria-describedby=\"caption-attachment-144304\" style=\"width: 699px\" class=\"wp-caption alignnone\"><img loading=\"lazy\" decoding=\"async\" class=\"size-full wp-image-144304\" src=\"https:\/\/eltrabajo.cl\/web\/wp-content\/uploads\/2026\/04\/incendio-Rinconada-2.jpg\" alt=\"El siniestro se registr\u00f3 pasado el mediod\u00eda de este lunes.\" width=\"699\" height=\"323\" srcset=\"https:\/\/eltrabajo.cl\/web\/wp-content\/uploads\/2026\/04\/incendio-Rinconada-2.jpg 699w, https:\/\/eltrabajo.cl\/web\/wp-content\/uploads\/2026\/04\/incendio-Rinconada-2-300x139.jpg 300w, https:\/\/eltrabajo.cl\/web\/wp-content\/uploads\/2026\/04\/incendio-Rinconada-2-150x69.jpg 150w, https:\/\/eltrabajo.cl\/web\/wp-content\/uploads\/2026\/04\/incendio-Rinconada-2-696x322.jpg 696w\" sizes=\"auto, (max-width: 699px) 100vw, 699px\" \/><figcaption id=\"caption-attachment-144304\" class=\"wp-caption-text\">El siniestro se registr\u00f3 pasado el mediod\u00eda de este lunes.<\/figcaption><\/figure>\n<figure id=\"attachment_144305\" aria-describedby=\"caption-attachment-144305\" style=\"width: 699px\" class=\"wp-caption alignnone\"><img loading=\"lazy\" decoding=\"async\" class=\"size-full wp-image-144305\" src=\"https:\/\/eltrabajo.cl\/web\/wp-content\/uploads\/2026\/04\/incendio-Rinconada-3.jpg\" alt=\"El incendio dej\u00f3 tambi\u00e9n da\u00f1os en una segunda casa.\" width=\"699\" height=\"323\" srcset=\"https:\/\/eltrabajo.cl\/web\/wp-content\/uploads\/2026\/04\/incendio-Rinconada-3.jpg 699w, https:\/\/eltrabajo.cl\/web\/wp-content\/uploads\/2026\/04\/incendio-Rinconada-3-300x139.jpg 300w, https:\/\/eltrabajo.cl\/web\/wp-content\/uploads\/2026\/04\/incendio-Rinconada-3-150x69.jpg 150w, https:\/\/eltrabajo.cl\/web\/wp-content\/uploads\/2026\/04\/incendio-Rinconada-3-696x322.jpg 696w\" sizes=\"auto, (max-width: 699px) 100vw, 699px\" \/><figcaption id=\"caption-attachment-144305\" class=\"wp-caption-text\">El incendio dej\u00f3 tambi\u00e9n da\u00f1os en una segunda casa.<\/figcaption><\/figure>\n","protected":false},"excerpt":{"rendered":"<p>Bomberos de la ciudad, Rinconada, Los Andes y Conaf, trabajaron en el siniestro ocurrido.\u2013 Pasado el mediod\u00eda de este lunes, el Cuerpo de Bomberos de San Felipe recibi\u00f3 un llamado por un incendio de pastizales en el sector de San Pedro en Los Villares, comuna de San Felipe. Lamentablemente, el fuego avanz\u00f3 r\u00e1pidamente y afect\u00f3 [&hellip;]<\/p>\n","protected":false},"author":1,"featured_media":144303,"comment_status":"open","ping_status":"closed","sticky":false,"template":"","format":"standard","meta":{"footnotes":""},"categories":[5],"tags":[],"class_list":{"0":"post-144302","1":"post","2":"type-post","3":"status-publish","4":"format-standard","5":"has-post-thumbnail","7":"category-policial"},"yoast_head":"<!-- This site is optimized with the Yoast SEO plugin v27.4 - https:\/\/yoast.com\/product\/yoast-seo-wordpress\/ -->\n<title>Una vivienda destruida y otra con da\u00f1os deja incendio en sector de San Pedro de Los Villares - Diario El Trabajo<\/title>\n<meta name=\"robots\" content=\"index, follow, max-snippet:-1, max-image-preview:large, max-video-preview:-1\" \/>\n<link rel=\"canonical\" href=\"https:\/\/eltrabajo.cl\/web\/una-vivienda-destruida-y-otra-con-danos-deja-incendio-en-sector-de-san-pedro-de-los-villares\/\" \/>\n<meta property=\"og:locale\" content=\"es_ES\" \/>\n<meta property=\"og:type\" content=\"article\" \/>\n<meta property=\"og:title\" content=\"Una vivienda destruida y otra con da\u00f1os deja incendio en sector de San Pedro de Los Villares - Diario El Trabajo\" \/>\n<meta property=\"og:description\" content=\"Bomberos de la ciudad, Rinconada, Los Andes y Conaf, trabajaron en el siniestro ocurrido.\u2013 Pasado el mediod\u00eda de este lunes, el Cuerpo de Bomberos de San Felipe recibi\u00f3 un llamado por un incendio de pastizales en el sector de San Pedro en Los Villares, comuna de San Felipe. Lamentablemente, el fuego avanz\u00f3 r\u00e1pidamente y afect\u00f3 [&hellip;]\" \/>\n<meta property=\"og:url\" content=\"https:\/\/eltrabajo.cl\/web\/una-vivienda-destruida-y-otra-con-danos-deja-incendio-en-sector-de-san-pedro-de-los-villares\/\" \/>\n<meta property=\"og:site_name\" content=\"Diario El Trabajo\" \/>\n<meta property=\"article:publisher\" content=\"https:\/\/www.facebook.com\/ElTrabajoDiario\" \/>\n<meta property=\"article:published_time\" content=\"2026-04-28T00:38:55+00:00\" \/>\n<meta property=\"og:image\" content=\"https:\/\/eltrabajo.cl\/web\/wp-content\/uploads\/2026\/04\/incendio-Rinconada-1.jpg\" \/>\n\t<meta property=\"og:image:width\" content=\"699\" \/>\n\t<meta property=\"og:image:height\" content=\"323\" \/>\n\t<meta property=\"og:image:type\" content=\"image\/jpeg\" \/>\n<meta name=\"author\" content=\"Diario El Trabajo\" \/>\n<meta name=\"twitter:card\" content=\"summary_large_image\" \/>\n<meta name=\"twitter:creator\" content=\"@diarioeltrabajo\" \/>\n<meta name=\"twitter:site\" content=\"@diarioeltrabajo\" \/>\n<meta name=\"twitter:label1\" content=\"Escrito por\" \/>\n\t<meta name=\"twitter:data1\" content=\"Diario El Trabajo\" \/>\n\t<meta name=\"twitter:label2\" content=\"Tiempo estimado de lectura\" \/>\n\t<meta name=\"twitter:data2\" content=\"3 minutos\" \/>\n<script type=\"application\/ld+json\" class=\"yoast-schema-graph\">{\"@context\":\"https:\\\/\\\/schema.org\",\"@graph\":[{\"@type\":\"Article\",\"@id\":\"https:\\\/\\\/eltrabajo.cl\\\/web\\\/una-vivienda-destruida-y-otra-con-danos-deja-incendio-en-sector-de-san-pedro-de-los-villares\\\/#article\",\"isPartOf\":{\"@id\":\"https:\\\/\\\/eltrabajo.cl\\\/web\\\/una-vivienda-destruida-y-otra-con-danos-deja-incendio-en-sector-de-san-pedro-de-los-villares\\\/\"},\"author\":{\"name\":\"Diario El Trabajo\",\"@id\":\"https:\\\/\\\/eltrabajo.cl\\\/web\\\/#\\\/schema\\\/person\\\/45efd3d17f86ec456e44dd7debe1bf19\"},\"headline\":\"Una vivienda destruida y otra con da\u00f1os deja incendio en sector de San Pedro de Los Villares\",\"datePublished\":\"2026-04-28T00:38:55+00:00\",\"mainEntityOfPage\":{\"@id\":\"https:\\\/\\\/eltrabajo.cl\\\/web\\\/una-vivienda-destruida-y-otra-con-danos-deja-incendio-en-sector-de-san-pedro-de-los-villares\\\/\"},\"wordCount\":408,\"commentCount\":0,\"publisher\":{\"@id\":\"https:\\\/\\\/eltrabajo.cl\\\/web\\\/#organization\"},\"image\":{\"@id\":\"https:\\\/\\\/eltrabajo.cl\\\/web\\\/una-vivienda-destruida-y-otra-con-danos-deja-incendio-en-sector-de-san-pedro-de-los-villares\\\/#primaryimage\"},\"thumbnailUrl\":\"https:\\\/\\\/eltrabajo.cl\\\/web\\\/wp-content\\\/uploads\\\/2026\\\/04\\\/incendio-Rinconada-1.jpg\",\"articleSection\":[\"Policial\"],\"inLanguage\":\"es-CL\",\"potentialAction\":[{\"@type\":\"CommentAction\",\"name\":\"Comment\",\"target\":[\"https:\\\/\\\/eltrabajo.cl\\\/web\\\/una-vivienda-destruida-y-otra-con-danos-deja-incendio-en-sector-de-san-pedro-de-los-villares\\\/#respond\"]}]},{\"@type\":\"WebPage\",\"@id\":\"https:\\\/\\\/eltrabajo.cl\\\/web\\\/una-vivienda-destruida-y-otra-con-danos-deja-incendio-en-sector-de-san-pedro-de-los-villares\\\/\",\"url\":\"https:\\\/\\\/eltrabajo.cl\\\/web\\\/una-vivienda-destruida-y-otra-con-danos-deja-incendio-en-sector-de-san-pedro-de-los-villares\\\/\",\"name\":\"Una vivienda destruida y otra con da\u00f1os deja incendio en sector de San Pedro de Los Villares - Diario El Trabajo\",\"isPartOf\":{\"@id\":\"https:\\\/\\\/eltrabajo.cl\\\/web\\\/#website\"},\"primaryImageOfPage\":{\"@id\":\"https:\\\/\\\/eltrabajo.cl\\\/web\\\/una-vivienda-destruida-y-otra-con-danos-deja-incendio-en-sector-de-san-pedro-de-los-villares\\\/#primaryimage\"},\"image\":{\"@id\":\"https:\\\/\\\/eltrabajo.cl\\\/web\\\/una-vivienda-destruida-y-otra-con-danos-deja-incendio-en-sector-de-san-pedro-de-los-villares\\\/#primaryimage\"},\"thumbnailUrl\":\"https:\\\/\\\/eltrabajo.cl\\\/web\\\/wp-content\\\/uploads\\\/2026\\\/04\\\/incendio-Rinconada-1.jpg\",\"datePublished\":\"2026-04-28T00:38:55+00:00\",\"breadcrumb\":{\"@id\":\"https:\\\/\\\/eltrabajo.cl\\\/web\\\/una-vivienda-destruida-y-otra-con-danos-deja-incendio-en-sector-de-san-pedro-de-los-villares\\\/#breadcrumb\"},\"inLanguage\":\"es-CL\",\"potentialAction\":[{\"@type\":\"ReadAction\",\"target\":[\"https:\\\/\\\/eltrabajo.cl\\\/web\\\/una-vivienda-destruida-y-otra-con-danos-deja-incendio-en-sector-de-san-pedro-de-los-villares\\\/\"]}]},{\"@type\":\"ImageObject\",\"inLanguage\":\"es-CL\",\"@id\":\"https:\\\/\\\/eltrabajo.cl\\\/web\\\/una-vivienda-destruida-y-otra-con-danos-deja-incendio-en-sector-de-san-pedro-de-los-villares\\\/#primaryimage\",\"url\":\"https:\\\/\\\/eltrabajo.cl\\\/web\\\/wp-content\\\/uploads\\\/2026\\\/04\\\/incendio-Rinconada-1.jpg\",\"contentUrl\":\"https:\\\/\\\/eltrabajo.cl\\\/web\\\/wp-content\\\/uploads\\\/2026\\\/04\\\/incendio-Rinconada-1.jpg\",\"width\":699,\"height\":323,\"caption\":\"Incendio destruyo una vivienda en el sector de San Pedro en Los Villares.\"},{\"@type\":\"BreadcrumbList\",\"@id\":\"https:\\\/\\\/eltrabajo.cl\\\/web\\\/una-vivienda-destruida-y-otra-con-danos-deja-incendio-en-sector-de-san-pedro-de-los-villares\\\/#breadcrumb\",\"itemListElement\":[{\"@type\":\"ListItem\",\"position\":1,\"name\":\"Portada\",\"item\":\"https:\\\/\\\/eltrabajo.cl\\\/web\\\/\"},{\"@type\":\"ListItem\",\"position\":2,\"name\":\"Una vivienda destruida y otra con da\u00f1os deja incendio en sector de San Pedro de Los Villares\"}]},{\"@type\":\"WebSite\",\"@id\":\"https:\\\/\\\/eltrabajo.cl\\\/web\\\/#website\",\"url\":\"https:\\\/\\\/eltrabajo.cl\\\/web\\\/\",\"name\":\"Diario El Trabajo\",\"description\":\"Desde 1929 construyendo Identidad Local\",\"publisher\":{\"@id\":\"https:\\\/\\\/eltrabajo.cl\\\/web\\\/#organization\"},\"potentialAction\":[{\"@type\":\"SearchAction\",\"target\":{\"@type\":\"EntryPoint\",\"urlTemplate\":\"https:\\\/\\\/eltrabajo.cl\\\/web\\\/?s={search_term_string}\"},\"query-input\":{\"@type\":\"PropertyValueSpecification\",\"valueRequired\":true,\"valueName\":\"search_term_string\"}}],\"inLanguage\":\"es-CL\"},{\"@type\":\"Organization\",\"@id\":\"https:\\\/\\\/eltrabajo.cl\\\/web\\\/#organization\",\"name\":\"Diario El Trabajo\",\"url\":\"https:\\\/\\\/eltrabajo.cl\\\/web\\\/\",\"logo\":{\"@type\":\"ImageObject\",\"inLanguage\":\"es-CL\",\"@id\":\"https:\\\/\\\/eltrabajo.cl\\\/web\\\/#\\\/schema\\\/logo\\\/image\\\/\",\"url\":\"https:\\\/\\\/eltrabajo.cl\\\/web\\\/wp-content\\\/uploads\\\/2024\\\/06\\\/profile-image-ig-page-diarioeltrabajo.jpg\",\"contentUrl\":\"https:\\\/\\\/eltrabajo.cl\\\/web\\\/wp-content\\\/uploads\\\/2024\\\/06\\\/profile-image-ig-page-diarioeltrabajo.jpg\",\"width\":823,\"height\":823,\"caption\":\"Diario El Trabajo\"},\"image\":{\"@id\":\"https:\\\/\\\/eltrabajo.cl\\\/web\\\/#\\\/schema\\\/logo\\\/image\\\/\"},\"sameAs\":[\"https:\\\/\\\/www.facebook.com\\\/ElTrabajoDiario\",\"https:\\\/\\\/x.com\\\/diarioeltrabajo\"]},{\"@type\":\"Person\",\"@id\":\"https:\\\/\\\/eltrabajo.cl\\\/web\\\/#\\\/schema\\\/person\\\/45efd3d17f86ec456e44dd7debe1bf19\",\"name\":\"Diario El Trabajo\",\"image\":{\"@type\":\"ImageObject\",\"inLanguage\":\"es-CL\",\"@id\":\"https:\\\/\\\/secure.gravatar.com\\\/avatar\\\/7e6ec277dc4aea2677c2dc301d4227957219329c985ab69a3efc12518b5161aa?s=96&d=mm&r=g\",\"url\":\"https:\\\/\\\/secure.gravatar.com\\\/avatar\\\/7e6ec277dc4aea2677c2dc301d4227957219329c985ab69a3efc12518b5161aa?s=96&d=mm&r=g\",\"contentUrl\":\"https:\\\/\\\/secure.gravatar.com\\\/avatar\\\/7e6ec277dc4aea2677c2dc301d4227957219329c985ab69a3efc12518b5161aa?s=96&d=mm&r=g\",\"caption\":\"Diario El Trabajo\"},\"sameAs\":[\"https:\\\/\\\/eltrabajo.cl\\\/web\"],\"url\":\"https:\\\/\\\/eltrabajo.cl\\\/web\\\/author\\\/diario-el-trabajo\\\/\"}]}<\/script>\n<!-- \/ Yoast SEO plugin. -->","yoast_head_json":{"title":"Una vivienda destruida y otra con da\u00f1os deja incendio en sector de San Pedro de Los Villares - Diario El Trabajo","robots":{"index":"index","follow":"follow","max-snippet":"max-snippet:-1","max-image-preview":"max-image-preview:large","max-video-preview":"max-video-preview:-1"},"canonical":"https:\/\/eltrabajo.cl\/web\/una-vivienda-destruida-y-otra-con-danos-deja-incendio-en-sector-de-san-pedro-de-los-villares\/","og_locale":"es_ES","og_type":"article","og_title":"Una vivienda destruida y otra con da\u00f1os deja incendio en sector de San Pedro de Los Villares - Diario El Trabajo","og_description":"Bomberos de la ciudad, Rinconada, Los Andes y Conaf, trabajaron en el siniestro ocurrido.\u2013 Pasado el mediod\u00eda de este lunes, el Cuerpo de Bomberos de San Felipe recibi\u00f3 un llamado por un incendio de pastizales en el sector de San Pedro en Los Villares, comuna de San Felipe. Lamentablemente, el fuego avanz\u00f3 r\u00e1pidamente y afect\u00f3 [&hellip;]","og_url":"https:\/\/eltrabajo.cl\/web\/una-vivienda-destruida-y-otra-con-danos-deja-incendio-en-sector-de-san-pedro-de-los-villares\/","og_site_name":"Diario El Trabajo","article_publisher":"https:\/\/www.facebook.com\/ElTrabajoDiario","article_published_time":"2026-04-28T00:38:55+00:00","og_image":[{"width":699,"height":323,"url":"https:\/\/eltrabajo.cl\/web\/wp-content\/uploads\/2026\/04\/incendio-Rinconada-1.jpg","type":"image\/jpeg"}],"author":"Diario El Trabajo","twitter_card":"summary_large_image","twitter_creator":"@diarioeltrabajo","twitter_site":"@diarioeltrabajo","twitter_misc":{"Escrito por":"Diario El Trabajo","Tiempo estimado de lectura":"3 minutos"},"schema":{"@context":"https:\/\/schema.org","@graph":[{"@type":"Article","@id":"https:\/\/eltrabajo.cl\/web\/una-vivienda-destruida-y-otra-con-danos-deja-incendio-en-sector-de-san-pedro-de-los-villares\/#article","isPartOf":{"@id":"https:\/\/eltrabajo.cl\/web\/una-vivienda-destruida-y-otra-con-danos-deja-incendio-en-sector-de-san-pedro-de-los-villares\/"},"author":{"name":"Diario El Trabajo","@id":"https:\/\/eltrabajo.cl\/web\/#\/schema\/person\/45efd3d17f86ec456e44dd7debe1bf19"},"headline":"Una vivienda destruida y otra con da\u00f1os deja incendio en sector de San Pedro de Los Villares","datePublished":"2026-04-28T00:38:55+00:00","mainEntityOfPage":{"@id":"https:\/\/eltrabajo.cl\/web\/una-vivienda-destruida-y-otra-con-danos-deja-incendio-en-sector-de-san-pedro-de-los-villares\/"},"wordCount":408,"commentCount":0,"publisher":{"@id":"https:\/\/eltrabajo.cl\/web\/#organization"},"image":{"@id":"https:\/\/eltrabajo.cl\/web\/una-vivienda-destruida-y-otra-con-danos-deja-incendio-en-sector-de-san-pedro-de-los-villares\/#primaryimage"},"thumbnailUrl":"https:\/\/eltrabajo.cl\/web\/wp-content\/uploads\/2026\/04\/incendio-Rinconada-1.jpg","articleSection":["Policial"],"inLanguage":"es-CL","potentialAction":[{"@type":"CommentAction","name":"Comment","target":["https:\/\/eltrabajo.cl\/web\/una-vivienda-destruida-y-otra-con-danos-deja-incendio-en-sector-de-san-pedro-de-los-villares\/#respond"]}]},{"@type":"WebPage","@id":"https:\/\/eltrabajo.cl\/web\/una-vivienda-destruida-y-otra-con-danos-deja-incendio-en-sector-de-san-pedro-de-los-villares\/","url":"https:\/\/eltrabajo.cl\/web\/una-vivienda-destruida-y-otra-con-danos-deja-incendio-en-sector-de-san-pedro-de-los-villares\/","name":"Una vivienda destruida y otra con da\u00f1os deja incendio en sector de San Pedro de Los Villares - Diario El Trabajo","isPartOf":{"@id":"https:\/\/eltrabajo.cl\/web\/#website"},"primaryImageOfPage":{"@id":"https:\/\/eltrabajo.cl\/web\/una-vivienda-destruida-y-otra-con-danos-deja-incendio-en-sector-de-san-pedro-de-los-villares\/#primaryimage"},"image":{"@id":"https:\/\/eltrabajo.cl\/web\/una-vivienda-destruida-y-otra-con-danos-deja-incendio-en-sector-de-san-pedro-de-los-villares\/#primaryimage"},"thumbnailUrl":"https:\/\/eltrabajo.cl\/web\/wp-content\/uploads\/2026\/04\/incendio-Rinconada-1.jpg","datePublished":"2026-04-28T00:38:55+00:00","breadcrumb":{"@id":"https:\/\/eltrabajo.cl\/web\/una-vivienda-destruida-y-otra-con-danos-deja-incendio-en-sector-de-san-pedro-de-los-villares\/#breadcrumb"},"inLanguage":"es-CL","potentialAction":[{"@type":"ReadAction","target":["https:\/\/eltrabajo.cl\/web\/una-vivienda-destruida-y-otra-con-danos-deja-incendio-en-sector-de-san-pedro-de-los-villares\/"]}]},{"@type":"ImageObject","inLanguage":"es-CL","@id":"https:\/\/eltrabajo.cl\/web\/una-vivienda-destruida-y-otra-con-danos-deja-incendio-en-sector-de-san-pedro-de-los-villares\/#primaryimage","url":"https:\/\/eltrabajo.cl\/web\/wp-content\/uploads\/2026\/04\/incendio-Rinconada-1.jpg","contentUrl":"https:\/\/eltrabajo.cl\/web\/wp-content\/uploads\/2026\/04\/incendio-Rinconada-1.jpg","width":699,"height":323,"caption":"Incendio destruyo una vivienda en el sector de San Pedro en Los Villares."},{"@type":"BreadcrumbList","@id":"https:\/\/eltrabajo.cl\/web\/una-vivienda-destruida-y-otra-con-danos-deja-incendio-en-sector-de-san-pedro-de-los-villares\/#breadcrumb","itemListElement":[{"@type":"ListItem","position":1,"name":"Portada","item":"https:\/\/eltrabajo.cl\/web\/"},{"@type":"ListItem","position":2,"name":"Una vivienda destruida y otra con da\u00f1os deja incendio en sector de San Pedro de Los Villares"}]},{"@type":"WebSite","@id":"https:\/\/eltrabajo.cl\/web\/#website","url":"https:\/\/eltrabajo.cl\/web\/","name":"Diario El Trabajo","description":"Desde 1929 construyendo Identidad Local","publisher":{"@id":"https:\/\/eltrabajo.cl\/web\/#organization"},"potentialAction":[{"@type":"SearchAction","target":{"@type":"EntryPoint","urlTemplate":"https:\/\/eltrabajo.cl\/web\/?s={search_term_string}"},"query-input":{"@type":"PropertyValueSpecification","valueRequired":true,"valueName":"search_term_string"}}],"inLanguage":"es-CL"},{"@type":"Organization","@id":"https:\/\/eltrabajo.cl\/web\/#organization","name":"Diario El Trabajo","url":"https:\/\/eltrabajo.cl\/web\/","logo":{"@type":"ImageObject","inLanguage":"es-CL","@id":"https:\/\/eltrabajo.cl\/web\/#\/schema\/logo\/image\/","url":"https:\/\/eltrabajo.cl\/web\/wp-content\/uploads\/2024\/06\/profile-image-ig-page-diarioeltrabajo.jpg","contentUrl":"https:\/\/eltrabajo.cl\/web\/wp-content\/uploads\/2024\/06\/profile-image-ig-page-diarioeltrabajo.jpg","width":823,"height":823,"caption":"Diario El Trabajo"},"image":{"@id":"https:\/\/eltrabajo.cl\/web\/#\/schema\/logo\/image\/"},"sameAs":["https:\/\/www.facebook.com\/ElTrabajoDiario","https:\/\/x.com\/diarioeltrabajo"]},{"@type":"Person","@id":"https:\/\/eltrabajo.cl\/web\/#\/schema\/person\/45efd3d17f86ec456e44dd7debe1bf19","name":"Diario El Trabajo","image":{"@type":"ImageObject","inLanguage":"es-CL","@id":"https:\/\/secure.gravatar.com\/avatar\/7e6ec277dc4aea2677c2dc301d4227957219329c985ab69a3efc12518b5161aa?s=96&d=mm&r=g","url":"https:\/\/secure.gravatar.com\/avatar\/7e6ec277dc4aea2677c2dc301d4227957219329c985ab69a3efc12518b5161aa?s=96&d=mm&r=g","contentUrl":"https:\/\/secure.gravatar.com\/avatar\/7e6ec277dc4aea2677c2dc301d4227957219329c985ab69a3efc12518b5161aa?s=96&d=mm&r=g","caption":"Diario El Trabajo"},"sameAs":["https:\/\/eltrabajo.cl\/web"],"url":"https:\/\/eltrabajo.cl\/web\/author\/diario-el-trabajo\/"}]}},"_links":{"self":[{"href":"https:\/\/eltrabajo.cl\/web\/wp-json\/wp\/v2\/posts\/144302","targetHints":{"allow":["GET"]}}],"collection":[{"href":"https:\/\/eltrabajo.cl\/web\/wp-json\/wp\/v2\/posts"}],"about":[{"href":"https:\/\/eltrabajo.cl\/web\/wp-json\/wp\/v2\/types\/post"}],"author":[{"embeddable":true,"href":"https:\/\/eltrabajo.cl\/web\/wp-json\/wp\/v2\/users\/1"}],"replies":[{"embeddable":true,"href":"https:\/\/eltrabajo.cl\/web\/wp-json\/wp\/v2\/comments?post=144302"}],"version-history":[{"count":1,"href":"https:\/\/eltrabajo.cl\/web\/wp-json\/wp\/v2\/posts\/144302\/revisions"}],"predecessor-version":[{"id":144306,"href":"https:\/\/eltrabajo.cl\/web\/wp-json\/wp\/v2\/posts\/144302\/revisions\/144306"}],"wp:featuredmedia":[{"embeddable":true,"href":"https:\/\/eltrabajo.cl\/web\/wp-json\/wp\/v2\/media\/144303"}],"wp:attachment":[{"href":"https:\/\/eltrabajo.cl\/web\/wp-json\/wp\/v2\/media?parent=144302"}],"wp:term":[{"taxonomy":"category","embeddable":true,"href":"https:\/\/eltrabajo.cl\/web\/wp-json\/wp\/v2\/categories?post=144302"},{"taxonomy":"post_tag","embeddable":true,"href":"https:\/\/eltrabajo.cl\/web\/wp-json\/wp\/v2\/tags?post=144302"}],"curies":[{"name":"wp","href":"https:\/\/api.w.org\/{rel}","templated":true}]}}