{"id":144311,"date":"2026-04-28T21:24:15","date_gmt":"2026-04-29T00:24:15","guid":{"rendered":"https:\/\/eltrabajo.cl\/web\/?p=144311"},"modified":"2026-04-28T21:24:15","modified_gmt":"2026-04-29T00:24:15","slug":"escuela-de-musica-de-putendo-celebra-sus-22-anos-de-trayectoria","status":"publish","type":"post","link":"https:\/\/eltrabajo.cl\/web\/escuela-de-musica-de-putendo-celebra-sus-22-anos-de-trayectoria\/","title":{"rendered":"Escuela de M\u00fasica de Putendo celebra sus 22 a\u00f1os de trayectoria"},"content":{"rendered":"<ul>\n<li><strong>Formaci\u00f3n art\u00edstico-musical con identidad latinoamericana.-<\/strong><\/li>\n<\/ul>\n<p>Este s\u00e1bado 25 de abril, la Escuela de M\u00fasica de Putaendo (EMUP) celebr\u00f3 sus 22 a\u00f1os de trayectoria junto a estudiantes, apoderados y amigos de la cultura y las artes de la comuna de Putaendo.<\/p>\n<p>En esta ocasi\u00f3n se recordaron los grandes hitos hist\u00f3ricos de la organizaci\u00f3n, destacando los or\u00edgenes en abril del 2004 gracias a la colaboraci\u00f3n del Departamento de acci\u00f3n social FDAS del Obispado de San Felipe, quienes en ese entonces sembraron la semilla de la EMUP a trav\u00e9s de los talleres de educaci\u00f3n medioambiental en la hacienda de Lo Vicu\u00f1a. Lugar donde se gest\u00f3 el proyecto educativo, art\u00edstico y social.<\/p>\n<p>Su director, el profesor <strong>Francisco Duarte<\/strong>, relat\u00f3 parte de los grandes momentos vividos durante estos 22 a\u00f1os, como tambi\u00e9n el prop\u00f3sito que ha inspirado esta reconocida organizaci\u00f3n cultural.<\/p>\n<p>En la ceremonia, se entregaron las Becas EMUP y Becas de M\u00e9rito a destacadas estudiantes de nuestra comuna, en especial a ni\u00f1os y j\u00f3venes pertenecientes a establecimientos educacionales del SLEP Aconcagua e integrantes de la Orquesta Latinoamericana EMUP.<\/p>\n<p>La Escuela de M\u00fasica de Putaendo ha recibido distinciones regionales y nacionales por su destacada labor en difundir la m\u00fasica chilena y latinoamericana en ni\u00f1os y j\u00f3venes de la comuna de Putaendo. Adem\u00e1s la Orquesta Latinoamericana EMUP comienza un a\u00f1o de celebraciones por sus 20 a\u00f1os de trayectoria con giras de presentaciones a nivel Local, regional y nacional.<\/p>\n<figure id=\"attachment_144312\" aria-describedby=\"caption-attachment-144312\" style=\"width: 698px\" class=\"wp-caption alignnone\"><img loading=\"lazy\" decoding=\"async\" class=\"size-full wp-image-144312\" src=\"https:\/\/eltrabajo.cl\/web\/wp-content\/uploads\/2026\/04\/EMUP-1.jpg\" alt=\"Escuela de M\u00fasica de Putaendo celebra 22 a\u00f1os de trayectoria.\" width=\"698\" height=\"315\" srcset=\"https:\/\/eltrabajo.cl\/web\/wp-content\/uploads\/2026\/04\/EMUP-1.jpg 698w, https:\/\/eltrabajo.cl\/web\/wp-content\/uploads\/2026\/04\/EMUP-1-300x135.jpg 300w, https:\/\/eltrabajo.cl\/web\/wp-content\/uploads\/2026\/04\/EMUP-1-150x68.jpg 150w, https:\/\/eltrabajo.cl\/web\/wp-content\/uploads\/2026\/04\/EMUP-1-696x314.jpg 696w\" sizes=\"auto, (max-width: 698px) 100vw, 698px\" \/><figcaption id=\"caption-attachment-144312\" class=\"wp-caption-text\">Escuela de M\u00fasica de Putaendo celebra 22 a\u00f1os de trayectoria.<\/figcaption><\/figure>\n<figure id=\"attachment_144313\" aria-describedby=\"caption-attachment-144313\" style=\"width: 698px\" class=\"wp-caption alignnone\"><img loading=\"lazy\" decoding=\"async\" class=\"size-full wp-image-144313\" src=\"https:\/\/eltrabajo.cl\/web\/wp-content\/uploads\/2026\/04\/EMUP-2.jpg\" alt=\"M\u00e1s de dos d\u00e9cadas de formaci\u00f3n art\u00edstico-musical con identidad latinoamericana.\" width=\"698\" height=\"315\" srcset=\"https:\/\/eltrabajo.cl\/web\/wp-content\/uploads\/2026\/04\/EMUP-2.jpg 698w, https:\/\/eltrabajo.cl\/web\/wp-content\/uploads\/2026\/04\/EMUP-2-300x135.jpg 300w, https:\/\/eltrabajo.cl\/web\/wp-content\/uploads\/2026\/04\/EMUP-2-150x68.jpg 150w, https:\/\/eltrabajo.cl\/web\/wp-content\/uploads\/2026\/04\/EMUP-2-696x314.jpg 696w\" sizes=\"auto, (max-width: 698px) 100vw, 698px\" \/><figcaption id=\"caption-attachment-144313\" class=\"wp-caption-text\">M\u00e1s de dos d\u00e9cadas de formaci\u00f3n art\u00edstico-musical con identidad latinoamericana.<\/figcaption><\/figure>\n","protected":false},"excerpt":{"rendered":"<p>Formaci\u00f3n art\u00edstico-musical con identidad latinoamericana.- Este s\u00e1bado 25 de abril, la Escuela de M\u00fasica de Putaendo (EMUP) celebr\u00f3 sus 22 a\u00f1os de trayectoria junto a estudiantes, apoderados y amigos de la cultura y las artes de la comuna de Putaendo. En esta ocasi\u00f3n se recordaron los grandes hitos hist\u00f3ricos de la organizaci\u00f3n, destacando los or\u00edgenes [&hellip;]<\/p>\n","protected":false},"author":1,"featured_media":144312,"comment_status":"open","ping_status":"closed","sticky":false,"template":"","format":"standard","meta":{"footnotes":""},"categories":[12],"tags":[],"class_list":{"0":"post-144311","1":"post","2":"type-post","3":"status-publish","4":"format-standard","5":"has-post-thumbnail","7":"category-arte-y-cultura"},"yoast_head":"<!-- This site is optimized with the Yoast SEO plugin v27.5 - https:\/\/yoast.com\/product\/yoast-seo-wordpress\/ -->\n<title>Escuela de M\u00fasica de Putendo celebra sus 22 a\u00f1os de trayectoria - Diario El Trabajo<\/title>\n<meta name=\"robots\" content=\"index, follow, max-snippet:-1, max-image-preview:large, max-video-preview:-1\" \/>\n<link rel=\"canonical\" href=\"https:\/\/eltrabajo.cl\/web\/escuela-de-musica-de-putendo-celebra-sus-22-anos-de-trayectoria\/\" \/>\n<meta property=\"og:locale\" content=\"es_ES\" \/>\n<meta property=\"og:type\" content=\"article\" \/>\n<meta property=\"og:title\" content=\"Escuela de M\u00fasica de Putendo celebra sus 22 a\u00f1os de trayectoria - Diario El Trabajo\" \/>\n<meta property=\"og:description\" content=\"Formaci\u00f3n art\u00edstico-musical con identidad latinoamericana.- Este s\u00e1bado 25 de abril, la Escuela de M\u00fasica de Putaendo (EMUP) celebr\u00f3 sus 22 a\u00f1os de trayectoria junto a estudiantes, apoderados y amigos de la cultura y las artes de la comuna de Putaendo. En esta ocasi\u00f3n se recordaron los grandes hitos hist\u00f3ricos de la organizaci\u00f3n, destacando los or\u00edgenes [&hellip;]\" \/>\n<meta property=\"og:url\" content=\"https:\/\/eltrabajo.cl\/web\/escuela-de-musica-de-putendo-celebra-sus-22-anos-de-trayectoria\/\" \/>\n<meta property=\"og:site_name\" content=\"Diario El Trabajo\" \/>\n<meta property=\"article:publisher\" content=\"https:\/\/www.facebook.com\/ElTrabajoDiario\" \/>\n<meta property=\"article:published_time\" content=\"2026-04-29T00:24:15+00:00\" \/>\n<meta property=\"og:image\" content=\"https:\/\/eltrabajo.cl\/web\/wp-content\/uploads\/2026\/04\/EMUP-1.jpg\" \/>\n\t<meta property=\"og:image:width\" content=\"698\" \/>\n\t<meta property=\"og:image:height\" content=\"315\" \/>\n\t<meta property=\"og:image:type\" content=\"image\/jpeg\" \/>\n<meta name=\"author\" content=\"Diario El Trabajo\" \/>\n<meta name=\"twitter:card\" content=\"summary_large_image\" \/>\n<meta name=\"twitter:creator\" content=\"@diarioeltrabajo\" \/>\n<meta name=\"twitter:site\" content=\"@diarioeltrabajo\" \/>\n<meta name=\"twitter:label1\" content=\"Escrito por\" \/>\n\t<meta name=\"twitter:data1\" content=\"Diario El Trabajo\" \/>\n\t<meta name=\"twitter:label2\" content=\"Tiempo estimado de lectura\" \/>\n\t<meta name=\"twitter:data2\" content=\"2 minutos\" \/>\n<script type=\"application\/ld+json\" class=\"yoast-schema-graph\">{\"@context\":\"https:\\\/\\\/schema.org\",\"@graph\":[{\"@type\":\"Article\",\"@id\":\"https:\\\/\\\/eltrabajo.cl\\\/web\\\/escuela-de-musica-de-putendo-celebra-sus-22-anos-de-trayectoria\\\/#article\",\"isPartOf\":{\"@id\":\"https:\\\/\\\/eltrabajo.cl\\\/web\\\/escuela-de-musica-de-putendo-celebra-sus-22-anos-de-trayectoria\\\/\"},\"author\":{\"name\":\"Diario El Trabajo\",\"@id\":\"https:\\\/\\\/eltrabajo.cl\\\/web\\\/#\\\/schema\\\/person\\\/45efd3d17f86ec456e44dd7debe1bf19\"},\"headline\":\"Escuela de M\u00fasica de Putendo celebra sus 22 a\u00f1os de trayectoria\",\"datePublished\":\"2026-04-29T00:24:15+00:00\",\"mainEntityOfPage\":{\"@id\":\"https:\\\/\\\/eltrabajo.cl\\\/web\\\/escuela-de-musica-de-putendo-celebra-sus-22-anos-de-trayectoria\\\/\"},\"wordCount\":308,\"commentCount\":0,\"publisher\":{\"@id\":\"https:\\\/\\\/eltrabajo.cl\\\/web\\\/#organization\"},\"image\":{\"@id\":\"https:\\\/\\\/eltrabajo.cl\\\/web\\\/escuela-de-musica-de-putendo-celebra-sus-22-anos-de-trayectoria\\\/#primaryimage\"},\"thumbnailUrl\":\"https:\\\/\\\/eltrabajo.cl\\\/web\\\/wp-content\\\/uploads\\\/2026\\\/04\\\/EMUP-1.jpg\",\"articleSection\":[\"Arte y Cultura\"],\"inLanguage\":\"es-CL\",\"potentialAction\":[{\"@type\":\"CommentAction\",\"name\":\"Comment\",\"target\":[\"https:\\\/\\\/eltrabajo.cl\\\/web\\\/escuela-de-musica-de-putendo-celebra-sus-22-anos-de-trayectoria\\\/#respond\"]}]},{\"@type\":\"WebPage\",\"@id\":\"https:\\\/\\\/eltrabajo.cl\\\/web\\\/escuela-de-musica-de-putendo-celebra-sus-22-anos-de-trayectoria\\\/\",\"url\":\"https:\\\/\\\/eltrabajo.cl\\\/web\\\/escuela-de-musica-de-putendo-celebra-sus-22-anos-de-trayectoria\\\/\",\"name\":\"Escuela de M\u00fasica de Putendo celebra sus 22 a\u00f1os de trayectoria - Diario El Trabajo\",\"isPartOf\":{\"@id\":\"https:\\\/\\\/eltrabajo.cl\\\/web\\\/#website\"},\"primaryImageOfPage\":{\"@id\":\"https:\\\/\\\/eltrabajo.cl\\\/web\\\/escuela-de-musica-de-putendo-celebra-sus-22-anos-de-trayectoria\\\/#primaryimage\"},\"image\":{\"@id\":\"https:\\\/\\\/eltrabajo.cl\\\/web\\\/escuela-de-musica-de-putendo-celebra-sus-22-anos-de-trayectoria\\\/#primaryimage\"},\"thumbnailUrl\":\"https:\\\/\\\/eltrabajo.cl\\\/web\\\/wp-content\\\/uploads\\\/2026\\\/04\\\/EMUP-1.jpg\",\"datePublished\":\"2026-04-29T00:24:15+00:00\",\"breadcrumb\":{\"@id\":\"https:\\\/\\\/eltrabajo.cl\\\/web\\\/escuela-de-musica-de-putendo-celebra-sus-22-anos-de-trayectoria\\\/#breadcrumb\"},\"inLanguage\":\"es-CL\",\"potentialAction\":[{\"@type\":\"ReadAction\",\"target\":[\"https:\\\/\\\/eltrabajo.cl\\\/web\\\/escuela-de-musica-de-putendo-celebra-sus-22-anos-de-trayectoria\\\/\"]}]},{\"@type\":\"ImageObject\",\"inLanguage\":\"es-CL\",\"@id\":\"https:\\\/\\\/eltrabajo.cl\\\/web\\\/escuela-de-musica-de-putendo-celebra-sus-22-anos-de-trayectoria\\\/#primaryimage\",\"url\":\"https:\\\/\\\/eltrabajo.cl\\\/web\\\/wp-content\\\/uploads\\\/2026\\\/04\\\/EMUP-1.jpg\",\"contentUrl\":\"https:\\\/\\\/eltrabajo.cl\\\/web\\\/wp-content\\\/uploads\\\/2026\\\/04\\\/EMUP-1.jpg\",\"width\":698,\"height\":315,\"caption\":\"Escuela de M\u00fasica de Putaendo celebra 22 a\u00f1os de trayectoria.\"},{\"@type\":\"BreadcrumbList\",\"@id\":\"https:\\\/\\\/eltrabajo.cl\\\/web\\\/escuela-de-musica-de-putendo-celebra-sus-22-anos-de-trayectoria\\\/#breadcrumb\",\"itemListElement\":[{\"@type\":\"ListItem\",\"position\":1,\"name\":\"Portada\",\"item\":\"https:\\\/\\\/eltrabajo.cl\\\/web\\\/\"},{\"@type\":\"ListItem\",\"position\":2,\"name\":\"Escuela de M\u00fasica de Putendo celebra sus 22 a\u00f1os de trayectoria\"}]},{\"@type\":\"WebSite\",\"@id\":\"https:\\\/\\\/eltrabajo.cl\\\/web\\\/#website\",\"url\":\"https:\\\/\\\/eltrabajo.cl\\\/web\\\/\",\"name\":\"Diario El Trabajo\",\"description\":\"Desde 1929 construyendo Identidad Local\",\"publisher\":{\"@id\":\"https:\\\/\\\/eltrabajo.cl\\\/web\\\/#organization\"},\"potentialAction\":[{\"@type\":\"SearchAction\",\"target\":{\"@type\":\"EntryPoint\",\"urlTemplate\":\"https:\\\/\\\/eltrabajo.cl\\\/web\\\/?s={search_term_string}\"},\"query-input\":{\"@type\":\"PropertyValueSpecification\",\"valueRequired\":true,\"valueName\":\"search_term_string\"}}],\"inLanguage\":\"es-CL\"},{\"@type\":\"Organization\",\"@id\":\"https:\\\/\\\/eltrabajo.cl\\\/web\\\/#organization\",\"name\":\"Diario El Trabajo\",\"url\":\"https:\\\/\\\/eltrabajo.cl\\\/web\\\/\",\"logo\":{\"@type\":\"ImageObject\",\"inLanguage\":\"es-CL\",\"@id\":\"https:\\\/\\\/eltrabajo.cl\\\/web\\\/#\\\/schema\\\/logo\\\/image\\\/\",\"url\":\"https:\\\/\\\/eltrabajo.cl\\\/web\\\/wp-content\\\/uploads\\\/2024\\\/06\\\/profile-image-ig-page-diarioeltrabajo.jpg\",\"contentUrl\":\"https:\\\/\\\/eltrabajo.cl\\\/web\\\/wp-content\\\/uploads\\\/2024\\\/06\\\/profile-image-ig-page-diarioeltrabajo.jpg\",\"width\":823,\"height\":823,\"caption\":\"Diario El Trabajo\"},\"image\":{\"@id\":\"https:\\\/\\\/eltrabajo.cl\\\/web\\\/#\\\/schema\\\/logo\\\/image\\\/\"},\"sameAs\":[\"https:\\\/\\\/www.facebook.com\\\/ElTrabajoDiario\",\"https:\\\/\\\/x.com\\\/diarioeltrabajo\"]},{\"@type\":\"Person\",\"@id\":\"https:\\\/\\\/eltrabajo.cl\\\/web\\\/#\\\/schema\\\/person\\\/45efd3d17f86ec456e44dd7debe1bf19\",\"name\":\"Diario El Trabajo\",\"image\":{\"@type\":\"ImageObject\",\"inLanguage\":\"es-CL\",\"@id\":\"https:\\\/\\\/secure.gravatar.com\\\/avatar\\\/7e6ec277dc4aea2677c2dc301d4227957219329c985ab69a3efc12518b5161aa?s=96&d=mm&r=g\",\"url\":\"https:\\\/\\\/secure.gravatar.com\\\/avatar\\\/7e6ec277dc4aea2677c2dc301d4227957219329c985ab69a3efc12518b5161aa?s=96&d=mm&r=g\",\"contentUrl\":\"https:\\\/\\\/secure.gravatar.com\\\/avatar\\\/7e6ec277dc4aea2677c2dc301d4227957219329c985ab69a3efc12518b5161aa?s=96&d=mm&r=g\",\"caption\":\"Diario El Trabajo\"},\"sameAs\":[\"https:\\\/\\\/eltrabajo.cl\\\/web\"],\"url\":\"https:\\\/\\\/eltrabajo.cl\\\/web\\\/author\\\/diario-el-trabajo\\\/\"}]}<\/script>\n<!-- \/ Yoast SEO plugin. -->","yoast_head_json":{"title":"Escuela de M\u00fasica de Putendo celebra sus 22 a\u00f1os de trayectoria - Diario El Trabajo","robots":{"index":"index","follow":"follow","max-snippet":"max-snippet:-1","max-image-preview":"max-image-preview:large","max-video-preview":"max-video-preview:-1"},"canonical":"https:\/\/eltrabajo.cl\/web\/escuela-de-musica-de-putendo-celebra-sus-22-anos-de-trayectoria\/","og_locale":"es_ES","og_type":"article","og_title":"Escuela de M\u00fasica de Putendo celebra sus 22 a\u00f1os de trayectoria - Diario El Trabajo","og_description":"Formaci\u00f3n art\u00edstico-musical con identidad latinoamericana.- Este s\u00e1bado 25 de abril, la Escuela de M\u00fasica de Putaendo (EMUP) celebr\u00f3 sus 22 a\u00f1os de trayectoria junto a estudiantes, apoderados y amigos de la cultura y las artes de la comuna de Putaendo. En esta ocasi\u00f3n se recordaron los grandes hitos hist\u00f3ricos de la organizaci\u00f3n, destacando los or\u00edgenes [&hellip;]","og_url":"https:\/\/eltrabajo.cl\/web\/escuela-de-musica-de-putendo-celebra-sus-22-anos-de-trayectoria\/","og_site_name":"Diario El Trabajo","article_publisher":"https:\/\/www.facebook.com\/ElTrabajoDiario","article_published_time":"2026-04-29T00:24:15+00:00","og_image":[{"width":698,"height":315,"url":"https:\/\/eltrabajo.cl\/web\/wp-content\/uploads\/2026\/04\/EMUP-1.jpg","type":"image\/jpeg"}],"author":"Diario El Trabajo","twitter_card":"summary_large_image","twitter_creator":"@diarioeltrabajo","twitter_site":"@diarioeltrabajo","twitter_misc":{"Escrito por":"Diario El Trabajo","Tiempo estimado de lectura":"2 minutos"},"schema":{"@context":"https:\/\/schema.org","@graph":[{"@type":"Article","@id":"https:\/\/eltrabajo.cl\/web\/escuela-de-musica-de-putendo-celebra-sus-22-anos-de-trayectoria\/#article","isPartOf":{"@id":"https:\/\/eltrabajo.cl\/web\/escuela-de-musica-de-putendo-celebra-sus-22-anos-de-trayectoria\/"},"author":{"name":"Diario El Trabajo","@id":"https:\/\/eltrabajo.cl\/web\/#\/schema\/person\/45efd3d17f86ec456e44dd7debe1bf19"},"headline":"Escuela de M\u00fasica de Putendo celebra sus 22 a\u00f1os de trayectoria","datePublished":"2026-04-29T00:24:15+00:00","mainEntityOfPage":{"@id":"https:\/\/eltrabajo.cl\/web\/escuela-de-musica-de-putendo-celebra-sus-22-anos-de-trayectoria\/"},"wordCount":308,"commentCount":0,"publisher":{"@id":"https:\/\/eltrabajo.cl\/web\/#organization"},"image":{"@id":"https:\/\/eltrabajo.cl\/web\/escuela-de-musica-de-putendo-celebra-sus-22-anos-de-trayectoria\/#primaryimage"},"thumbnailUrl":"https:\/\/eltrabajo.cl\/web\/wp-content\/uploads\/2026\/04\/EMUP-1.jpg","articleSection":["Arte y Cultura"],"inLanguage":"es-CL","potentialAction":[{"@type":"CommentAction","name":"Comment","target":["https:\/\/eltrabajo.cl\/web\/escuela-de-musica-de-putendo-celebra-sus-22-anos-de-trayectoria\/#respond"]}]},{"@type":"WebPage","@id":"https:\/\/eltrabajo.cl\/web\/escuela-de-musica-de-putendo-celebra-sus-22-anos-de-trayectoria\/","url":"https:\/\/eltrabajo.cl\/web\/escuela-de-musica-de-putendo-celebra-sus-22-anos-de-trayectoria\/","name":"Escuela de M\u00fasica de Putendo celebra sus 22 a\u00f1os de trayectoria - Diario El Trabajo","isPartOf":{"@id":"https:\/\/eltrabajo.cl\/web\/#website"},"primaryImageOfPage":{"@id":"https:\/\/eltrabajo.cl\/web\/escuela-de-musica-de-putendo-celebra-sus-22-anos-de-trayectoria\/#primaryimage"},"image":{"@id":"https:\/\/eltrabajo.cl\/web\/escuela-de-musica-de-putendo-celebra-sus-22-anos-de-trayectoria\/#primaryimage"},"thumbnailUrl":"https:\/\/eltrabajo.cl\/web\/wp-content\/uploads\/2026\/04\/EMUP-1.jpg","datePublished":"2026-04-29T00:24:15+00:00","breadcrumb":{"@id":"https:\/\/eltrabajo.cl\/web\/escuela-de-musica-de-putendo-celebra-sus-22-anos-de-trayectoria\/#breadcrumb"},"inLanguage":"es-CL","potentialAction":[{"@type":"ReadAction","target":["https:\/\/eltrabajo.cl\/web\/escuela-de-musica-de-putendo-celebra-sus-22-anos-de-trayectoria\/"]}]},{"@type":"ImageObject","inLanguage":"es-CL","@id":"https:\/\/eltrabajo.cl\/web\/escuela-de-musica-de-putendo-celebra-sus-22-anos-de-trayectoria\/#primaryimage","url":"https:\/\/eltrabajo.cl\/web\/wp-content\/uploads\/2026\/04\/EMUP-1.jpg","contentUrl":"https:\/\/eltrabajo.cl\/web\/wp-content\/uploads\/2026\/04\/EMUP-1.jpg","width":698,"height":315,"caption":"Escuela de M\u00fasica de Putaendo celebra 22 a\u00f1os de trayectoria."},{"@type":"BreadcrumbList","@id":"https:\/\/eltrabajo.cl\/web\/escuela-de-musica-de-putendo-celebra-sus-22-anos-de-trayectoria\/#breadcrumb","itemListElement":[{"@type":"ListItem","position":1,"name":"Portada","item":"https:\/\/eltrabajo.cl\/web\/"},{"@type":"ListItem","position":2,"name":"Escuela de M\u00fasica de Putendo celebra sus 22 a\u00f1os de trayectoria"}]},{"@type":"WebSite","@id":"https:\/\/eltrabajo.cl\/web\/#website","url":"https:\/\/eltrabajo.cl\/web\/","name":"Diario El Trabajo","description":"Desde 1929 construyendo Identidad Local","publisher":{"@id":"https:\/\/eltrabajo.cl\/web\/#organization"},"potentialAction":[{"@type":"SearchAction","target":{"@type":"EntryPoint","urlTemplate":"https:\/\/eltrabajo.cl\/web\/?s={search_term_string}"},"query-input":{"@type":"PropertyValueSpecification","valueRequired":true,"valueName":"search_term_string"}}],"inLanguage":"es-CL"},{"@type":"Organization","@id":"https:\/\/eltrabajo.cl\/web\/#organization","name":"Diario El Trabajo","url":"https:\/\/eltrabajo.cl\/web\/","logo":{"@type":"ImageObject","inLanguage":"es-CL","@id":"https:\/\/eltrabajo.cl\/web\/#\/schema\/logo\/image\/","url":"https:\/\/eltrabajo.cl\/web\/wp-content\/uploads\/2024\/06\/profile-image-ig-page-diarioeltrabajo.jpg","contentUrl":"https:\/\/eltrabajo.cl\/web\/wp-content\/uploads\/2024\/06\/profile-image-ig-page-diarioeltrabajo.jpg","width":823,"height":823,"caption":"Diario El Trabajo"},"image":{"@id":"https:\/\/eltrabajo.cl\/web\/#\/schema\/logo\/image\/"},"sameAs":["https:\/\/www.facebook.com\/ElTrabajoDiario","https:\/\/x.com\/diarioeltrabajo"]},{"@type":"Person","@id":"https:\/\/eltrabajo.cl\/web\/#\/schema\/person\/45efd3d17f86ec456e44dd7debe1bf19","name":"Diario El Trabajo","image":{"@type":"ImageObject","inLanguage":"es-CL","@id":"https:\/\/secure.gravatar.com\/avatar\/7e6ec277dc4aea2677c2dc301d4227957219329c985ab69a3efc12518b5161aa?s=96&d=mm&r=g","url":"https:\/\/secure.gravatar.com\/avatar\/7e6ec277dc4aea2677c2dc301d4227957219329c985ab69a3efc12518b5161aa?s=96&d=mm&r=g","contentUrl":"https:\/\/secure.gravatar.com\/avatar\/7e6ec277dc4aea2677c2dc301d4227957219329c985ab69a3efc12518b5161aa?s=96&d=mm&r=g","caption":"Diario El Trabajo"},"sameAs":["https:\/\/eltrabajo.cl\/web"],"url":"https:\/\/eltrabajo.cl\/web\/author\/diario-el-trabajo\/"}]}},"_links":{"self":[{"href":"https:\/\/eltrabajo.cl\/web\/wp-json\/wp\/v2\/posts\/144311","targetHints":{"allow":["GET"]}}],"collection":[{"href":"https:\/\/eltrabajo.cl\/web\/wp-json\/wp\/v2\/posts"}],"about":[{"href":"https:\/\/eltrabajo.cl\/web\/wp-json\/wp\/v2\/types\/post"}],"author":[{"embeddable":true,"href":"https:\/\/eltrabajo.cl\/web\/wp-json\/wp\/v2\/users\/1"}],"replies":[{"embeddable":true,"href":"https:\/\/eltrabajo.cl\/web\/wp-json\/wp\/v2\/comments?post=144311"}],"version-history":[{"count":1,"href":"https:\/\/eltrabajo.cl\/web\/wp-json\/wp\/v2\/posts\/144311\/revisions"}],"predecessor-version":[{"id":144314,"href":"https:\/\/eltrabajo.cl\/web\/wp-json\/wp\/v2\/posts\/144311\/revisions\/144314"}],"wp:featuredmedia":[{"embeddable":true,"href":"https:\/\/eltrabajo.cl\/web\/wp-json\/wp\/v2\/media\/144312"}],"wp:attachment":[{"href":"https:\/\/eltrabajo.cl\/web\/wp-json\/wp\/v2\/media?parent=144311"}],"wp:term":[{"taxonomy":"category","embeddable":true,"href":"https:\/\/eltrabajo.cl\/web\/wp-json\/wp\/v2\/categories?post=144311"},{"taxonomy":"post_tag","embeddable":true,"href":"https:\/\/eltrabajo.cl\/web\/wp-json\/wp\/v2\/tags?post=144311"}],"curies":[{"name":"wp","href":"https:\/\/api.w.org\/{rel}","templated":true}]}}