{"id":144315,"date":"2026-04-28T21:25:18","date_gmt":"2026-04-29T00:25:18","guid":{"rendered":"https:\/\/eltrabajo.cl\/web\/?p=144315"},"modified":"2026-04-28T21:25:18","modified_gmt":"2026-04-29T00:25:18","slug":"academia-de-boxeo-empieza-a-posicionar-al-valle-de-aconcagua-entre-lo-mejor-de-chile","status":"publish","type":"post","link":"https:\/\/eltrabajo.cl\/web\/academia-de-boxeo-empieza-a-posicionar-al-valle-de-aconcagua-entre-lo-mejor-de-chile\/","title":{"rendered":"Academia de boxeo empieza\u00a0a posicionar al Valle de Aconcagua entre lo mejor de Chile"},"content":{"rendered":"<p>En poco menos de dos a\u00f1os, un grupo de j\u00f3venes aconcag\u00fcinos, bajo las \u00f3rdenes del entrenador <strong>Rodrigo Flores<\/strong>, se est\u00e1 haciendo un espacio destacado del dentro del boxeo nacional, disciplina que de a poco empieza a recuperar su sitial como uno de los deportes con m\u00e1s adeptos en el pa\u00eds.<\/p>\n<p>Chile siempre se ha caracterizado por consumir mucho boxeo y, al mismo tiempo, tener buenos exponentes de una de las disciplinas deportivas m\u00e1s atractivas y al mismo tiempo ruda. Hecha solo para valientes.<\/p>\n<p>De manera silenciosa en lo medi\u00e1tico, pero con muchos seguirdores cada vez que hay alguna velada competitiva, el box chileno demuestra que est\u00e1 muy vivo, porque los gimnasios se llenan, y es por lo mismo que en estas p\u00e1ginas destacamos lo que est\u00e1 haciendo la Academia <strong>\u2018Akonkawua Clan\u2019<\/strong>, que en un corto periodo ha posicionado a al menos cuatro de sus integrantes, incluyendo una mujer dentro, de los mejores.<\/p>\n<p>Recientemente, en la comuna de Puente Alto este clan destac\u00f3 en un torneo organizado el \u2018Team Pardo\u2019, oportunidad en la que en un verdadero \u2018Nacional\u2019, por la cantidad de d\u00edas y competidores (casi 100 academias), los aconcag\u00fcinos estuvieron dentro de los mejores, recibiendo alabanzas del mism\u00edsimo <strong>Mart\u00edn Vargas<\/strong>.<\/p>\n<p>Los muchachos, que hoy pueden decir que est\u00e1n en el podio chileno son: <strong>Javier Henr\u00edquez<\/strong>, subcampe\u00f3n juvenil cadete 67 kilos, e <strong>Iam Bravo<\/strong>, tambi\u00e9n subcampe\u00f3n cadete en 67 kilos. A ellos, no se pudo sumar solo por una lesi\u00f3n, <strong>Maite Bravo<\/strong>, quien de haber competido tambi\u00e9n hubiera destacado.<\/p>\n<p>El pr\u00f3ximo desaf\u00edo de esta academia sanfelipe\u00f1a, que tambi\u00e9n cuenta dentro de sus filas con integrantes de otras comunas de la zona, ser\u00e1 a fines del mes de mayo, donde en Coquimbo buscar\u00e1n hacer historia en otro torneo de gran envergadura, al que llegar\u00e1n boxeadores desde Arica a Punta Arenas.<\/p>\n<figure id=\"attachment_144316\" aria-describedby=\"caption-attachment-144316\" style=\"width: 700px\" class=\"wp-caption alignnone\"><img loading=\"lazy\" decoding=\"async\" class=\"size-full wp-image-144316\" src=\"https:\/\/eltrabajo.cl\/web\/wp-content\/uploads\/2026\/04\/Box.jpg\" alt=\"El profesor Rodrigo Flores junto a sus dos p\u00fagiles que ganaron medallas en Puente Alto. \" width=\"700\" height=\"502\" srcset=\"https:\/\/eltrabajo.cl\/web\/wp-content\/uploads\/2026\/04\/Box.jpg 700w, https:\/\/eltrabajo.cl\/web\/wp-content\/uploads\/2026\/04\/Box-300x215.jpg 300w, https:\/\/eltrabajo.cl\/web\/wp-content\/uploads\/2026\/04\/Box-586x420.jpg 586w, https:\/\/eltrabajo.cl\/web\/wp-content\/uploads\/2026\/04\/Box-150x108.jpg 150w, https:\/\/eltrabajo.cl\/web\/wp-content\/uploads\/2026\/04\/Box-696x499.jpg 696w\" sizes=\"auto, (max-width: 700px) 100vw, 700px\" \/><figcaption id=\"caption-attachment-144316\" class=\"wp-caption-text\">El profesor Rodrigo Flores junto a sus dos p\u00fagiles que ganaron medallas en Puente Alto.<\/figcaption><\/figure>\n","protected":false},"excerpt":{"rendered":"<p>En poco menos de dos a\u00f1os, un grupo de j\u00f3venes aconcag\u00fcinos, bajo las \u00f3rdenes del entrenador Rodrigo Flores, se est\u00e1 haciendo un espacio destacado del dentro del boxeo nacional, disciplina que de a poco empieza a recuperar su sitial como uno de los deportes con m\u00e1s adeptos en el pa\u00eds. Chile siempre se ha caracterizado [&hellip;]<\/p>\n","protected":false},"author":1,"featured_media":144316,"comment_status":"open","ping_status":"closed","sticky":false,"template":"","format":"standard","meta":{"footnotes":""},"categories":[2],"tags":[],"class_list":{"0":"post-144315","1":"post","2":"type-post","3":"status-publish","4":"format-standard","5":"has-post-thumbnail","7":"category-deportes"},"yoast_head":"<!-- This site is optimized with the Yoast SEO plugin v27.5 - https:\/\/yoast.com\/product\/yoast-seo-wordpress\/ -->\n<title>Academia de boxeo empieza\u00a0a posicionar al Valle de Aconcagua entre lo mejor de Chile - Diario El Trabajo<\/title>\n<meta name=\"robots\" content=\"index, follow, max-snippet:-1, max-image-preview:large, max-video-preview:-1\" \/>\n<link rel=\"canonical\" href=\"https:\/\/eltrabajo.cl\/web\/academia-de-boxeo-empieza-a-posicionar-al-valle-de-aconcagua-entre-lo-mejor-de-chile\/\" \/>\n<meta property=\"og:locale\" content=\"es_ES\" \/>\n<meta property=\"og:type\" content=\"article\" \/>\n<meta property=\"og:title\" content=\"Academia de boxeo empieza\u00a0a posicionar al Valle de Aconcagua entre lo mejor de Chile - Diario El Trabajo\" \/>\n<meta property=\"og:description\" content=\"En poco menos de dos a\u00f1os, un grupo de j\u00f3venes aconcag\u00fcinos, bajo las \u00f3rdenes del entrenador Rodrigo Flores, se est\u00e1 haciendo un espacio destacado del dentro del boxeo nacional, disciplina que de a poco empieza a recuperar su sitial como uno de los deportes con m\u00e1s adeptos en el pa\u00eds. Chile siempre se ha caracterizado [&hellip;]\" \/>\n<meta property=\"og:url\" content=\"https:\/\/eltrabajo.cl\/web\/academia-de-boxeo-empieza-a-posicionar-al-valle-de-aconcagua-entre-lo-mejor-de-chile\/\" \/>\n<meta property=\"og:site_name\" content=\"Diario El Trabajo\" \/>\n<meta property=\"article:publisher\" content=\"https:\/\/www.facebook.com\/ElTrabajoDiario\" \/>\n<meta property=\"article:published_time\" content=\"2026-04-29T00:25:18+00:00\" \/>\n<meta property=\"og:image\" content=\"https:\/\/eltrabajo.cl\/web\/wp-content\/uploads\/2026\/04\/Box.jpg\" \/>\n\t<meta property=\"og:image:width\" content=\"700\" \/>\n\t<meta property=\"og:image:height\" content=\"502\" \/>\n\t<meta property=\"og:image:type\" content=\"image\/jpeg\" \/>\n<meta name=\"author\" content=\"Diario El Trabajo\" \/>\n<meta name=\"twitter:card\" content=\"summary_large_image\" \/>\n<meta name=\"twitter:creator\" content=\"@diarioeltrabajo\" \/>\n<meta name=\"twitter:site\" content=\"@diarioeltrabajo\" \/>\n<meta name=\"twitter:label1\" content=\"Escrito por\" \/>\n\t<meta name=\"twitter:data1\" content=\"Diario El Trabajo\" \/>\n\t<meta name=\"twitter:label2\" content=\"Tiempo estimado de lectura\" \/>\n\t<meta name=\"twitter:data2\" content=\"2 minutos\" \/>\n<script type=\"application\/ld+json\" class=\"yoast-schema-graph\">{\"@context\":\"https:\\\/\\\/schema.org\",\"@graph\":[{\"@type\":\"Article\",\"@id\":\"https:\\\/\\\/eltrabajo.cl\\\/web\\\/academia-de-boxeo-empieza-a-posicionar-al-valle-de-aconcagua-entre-lo-mejor-de-chile\\\/#article\",\"isPartOf\":{\"@id\":\"https:\\\/\\\/eltrabajo.cl\\\/web\\\/academia-de-boxeo-empieza-a-posicionar-al-valle-de-aconcagua-entre-lo-mejor-de-chile\\\/\"},\"author\":{\"name\":\"Diario El Trabajo\",\"@id\":\"https:\\\/\\\/eltrabajo.cl\\\/web\\\/#\\\/schema\\\/person\\\/45efd3d17f86ec456e44dd7debe1bf19\"},\"headline\":\"Academia de boxeo empieza\u00a0a posicionar al Valle de Aconcagua entre lo mejor de Chile\",\"datePublished\":\"2026-04-29T00:25:18+00:00\",\"mainEntityOfPage\":{\"@id\":\"https:\\\/\\\/eltrabajo.cl\\\/web\\\/academia-de-boxeo-empieza-a-posicionar-al-valle-de-aconcagua-entre-lo-mejor-de-chile\\\/\"},\"wordCount\":358,\"commentCount\":0,\"publisher\":{\"@id\":\"https:\\\/\\\/eltrabajo.cl\\\/web\\\/#organization\"},\"image\":{\"@id\":\"https:\\\/\\\/eltrabajo.cl\\\/web\\\/academia-de-boxeo-empieza-a-posicionar-al-valle-de-aconcagua-entre-lo-mejor-de-chile\\\/#primaryimage\"},\"thumbnailUrl\":\"https:\\\/\\\/eltrabajo.cl\\\/web\\\/wp-content\\\/uploads\\\/2026\\\/04\\\/Box.jpg\",\"articleSection\":[\"Deportes\"],\"inLanguage\":\"es-CL\",\"potentialAction\":[{\"@type\":\"CommentAction\",\"name\":\"Comment\",\"target\":[\"https:\\\/\\\/eltrabajo.cl\\\/web\\\/academia-de-boxeo-empieza-a-posicionar-al-valle-de-aconcagua-entre-lo-mejor-de-chile\\\/#respond\"]}]},{\"@type\":\"WebPage\",\"@id\":\"https:\\\/\\\/eltrabajo.cl\\\/web\\\/academia-de-boxeo-empieza-a-posicionar-al-valle-de-aconcagua-entre-lo-mejor-de-chile\\\/\",\"url\":\"https:\\\/\\\/eltrabajo.cl\\\/web\\\/academia-de-boxeo-empieza-a-posicionar-al-valle-de-aconcagua-entre-lo-mejor-de-chile\\\/\",\"name\":\"Academia de boxeo empieza\u00a0a posicionar al Valle de Aconcagua entre lo mejor de Chile - Diario El Trabajo\",\"isPartOf\":{\"@id\":\"https:\\\/\\\/eltrabajo.cl\\\/web\\\/#website\"},\"primaryImageOfPage\":{\"@id\":\"https:\\\/\\\/eltrabajo.cl\\\/web\\\/academia-de-boxeo-empieza-a-posicionar-al-valle-de-aconcagua-entre-lo-mejor-de-chile\\\/#primaryimage\"},\"image\":{\"@id\":\"https:\\\/\\\/eltrabajo.cl\\\/web\\\/academia-de-boxeo-empieza-a-posicionar-al-valle-de-aconcagua-entre-lo-mejor-de-chile\\\/#primaryimage\"},\"thumbnailUrl\":\"https:\\\/\\\/eltrabajo.cl\\\/web\\\/wp-content\\\/uploads\\\/2026\\\/04\\\/Box.jpg\",\"datePublished\":\"2026-04-29T00:25:18+00:00\",\"breadcrumb\":{\"@id\":\"https:\\\/\\\/eltrabajo.cl\\\/web\\\/academia-de-boxeo-empieza-a-posicionar-al-valle-de-aconcagua-entre-lo-mejor-de-chile\\\/#breadcrumb\"},\"inLanguage\":\"es-CL\",\"potentialAction\":[{\"@type\":\"ReadAction\",\"target\":[\"https:\\\/\\\/eltrabajo.cl\\\/web\\\/academia-de-boxeo-empieza-a-posicionar-al-valle-de-aconcagua-entre-lo-mejor-de-chile\\\/\"]}]},{\"@type\":\"ImageObject\",\"inLanguage\":\"es-CL\",\"@id\":\"https:\\\/\\\/eltrabajo.cl\\\/web\\\/academia-de-boxeo-empieza-a-posicionar-al-valle-de-aconcagua-entre-lo-mejor-de-chile\\\/#primaryimage\",\"url\":\"https:\\\/\\\/eltrabajo.cl\\\/web\\\/wp-content\\\/uploads\\\/2026\\\/04\\\/Box.jpg\",\"contentUrl\":\"https:\\\/\\\/eltrabajo.cl\\\/web\\\/wp-content\\\/uploads\\\/2026\\\/04\\\/Box.jpg\",\"width\":700,\"height\":502,\"caption\":\"El profesor Rodrigo Flores junto a sus dos p\u00fagiles que ganaron medallas en Puente Alto.\"},{\"@type\":\"BreadcrumbList\",\"@id\":\"https:\\\/\\\/eltrabajo.cl\\\/web\\\/academia-de-boxeo-empieza-a-posicionar-al-valle-de-aconcagua-entre-lo-mejor-de-chile\\\/#breadcrumb\",\"itemListElement\":[{\"@type\":\"ListItem\",\"position\":1,\"name\":\"Portada\",\"item\":\"https:\\\/\\\/eltrabajo.cl\\\/web\\\/\"},{\"@type\":\"ListItem\",\"position\":2,\"name\":\"Academia de boxeo empieza\u00a0a posicionar al Valle de Aconcagua entre lo mejor de Chile\"}]},{\"@type\":\"WebSite\",\"@id\":\"https:\\\/\\\/eltrabajo.cl\\\/web\\\/#website\",\"url\":\"https:\\\/\\\/eltrabajo.cl\\\/web\\\/\",\"name\":\"Diario El Trabajo\",\"description\":\"Desde 1929 construyendo Identidad Local\",\"publisher\":{\"@id\":\"https:\\\/\\\/eltrabajo.cl\\\/web\\\/#organization\"},\"potentialAction\":[{\"@type\":\"SearchAction\",\"target\":{\"@type\":\"EntryPoint\",\"urlTemplate\":\"https:\\\/\\\/eltrabajo.cl\\\/web\\\/?s={search_term_string}\"},\"query-input\":{\"@type\":\"PropertyValueSpecification\",\"valueRequired\":true,\"valueName\":\"search_term_string\"}}],\"inLanguage\":\"es-CL\"},{\"@type\":\"Organization\",\"@id\":\"https:\\\/\\\/eltrabajo.cl\\\/web\\\/#organization\",\"name\":\"Diario El Trabajo\",\"url\":\"https:\\\/\\\/eltrabajo.cl\\\/web\\\/\",\"logo\":{\"@type\":\"ImageObject\",\"inLanguage\":\"es-CL\",\"@id\":\"https:\\\/\\\/eltrabajo.cl\\\/web\\\/#\\\/schema\\\/logo\\\/image\\\/\",\"url\":\"https:\\\/\\\/eltrabajo.cl\\\/web\\\/wp-content\\\/uploads\\\/2024\\\/06\\\/profile-image-ig-page-diarioeltrabajo.jpg\",\"contentUrl\":\"https:\\\/\\\/eltrabajo.cl\\\/web\\\/wp-content\\\/uploads\\\/2024\\\/06\\\/profile-image-ig-page-diarioeltrabajo.jpg\",\"width\":823,\"height\":823,\"caption\":\"Diario El Trabajo\"},\"image\":{\"@id\":\"https:\\\/\\\/eltrabajo.cl\\\/web\\\/#\\\/schema\\\/logo\\\/image\\\/\"},\"sameAs\":[\"https:\\\/\\\/www.facebook.com\\\/ElTrabajoDiario\",\"https:\\\/\\\/x.com\\\/diarioeltrabajo\"]},{\"@type\":\"Person\",\"@id\":\"https:\\\/\\\/eltrabajo.cl\\\/web\\\/#\\\/schema\\\/person\\\/45efd3d17f86ec456e44dd7debe1bf19\",\"name\":\"Diario El Trabajo\",\"image\":{\"@type\":\"ImageObject\",\"inLanguage\":\"es-CL\",\"@id\":\"https:\\\/\\\/secure.gravatar.com\\\/avatar\\\/7e6ec277dc4aea2677c2dc301d4227957219329c985ab69a3efc12518b5161aa?s=96&d=mm&r=g\",\"url\":\"https:\\\/\\\/secure.gravatar.com\\\/avatar\\\/7e6ec277dc4aea2677c2dc301d4227957219329c985ab69a3efc12518b5161aa?s=96&d=mm&r=g\",\"contentUrl\":\"https:\\\/\\\/secure.gravatar.com\\\/avatar\\\/7e6ec277dc4aea2677c2dc301d4227957219329c985ab69a3efc12518b5161aa?s=96&d=mm&r=g\",\"caption\":\"Diario El Trabajo\"},\"sameAs\":[\"https:\\\/\\\/eltrabajo.cl\\\/web\"],\"url\":\"https:\\\/\\\/eltrabajo.cl\\\/web\\\/author\\\/diario-el-trabajo\\\/\"}]}<\/script>\n<!-- \/ Yoast SEO plugin. -->","yoast_head_json":{"title":"Academia de boxeo empieza\u00a0a posicionar al Valle de Aconcagua entre lo mejor de Chile - Diario El Trabajo","robots":{"index":"index","follow":"follow","max-snippet":"max-snippet:-1","max-image-preview":"max-image-preview:large","max-video-preview":"max-video-preview:-1"},"canonical":"https:\/\/eltrabajo.cl\/web\/academia-de-boxeo-empieza-a-posicionar-al-valle-de-aconcagua-entre-lo-mejor-de-chile\/","og_locale":"es_ES","og_type":"article","og_title":"Academia de boxeo empieza\u00a0a posicionar al Valle de Aconcagua entre lo mejor de Chile - Diario El Trabajo","og_description":"En poco menos de dos a\u00f1os, un grupo de j\u00f3venes aconcag\u00fcinos, bajo las \u00f3rdenes del entrenador Rodrigo Flores, se est\u00e1 haciendo un espacio destacado del dentro del boxeo nacional, disciplina que de a poco empieza a recuperar su sitial como uno de los deportes con m\u00e1s adeptos en el pa\u00eds. Chile siempre se ha caracterizado [&hellip;]","og_url":"https:\/\/eltrabajo.cl\/web\/academia-de-boxeo-empieza-a-posicionar-al-valle-de-aconcagua-entre-lo-mejor-de-chile\/","og_site_name":"Diario El Trabajo","article_publisher":"https:\/\/www.facebook.com\/ElTrabajoDiario","article_published_time":"2026-04-29T00:25:18+00:00","og_image":[{"width":700,"height":502,"url":"https:\/\/eltrabajo.cl\/web\/wp-content\/uploads\/2026\/04\/Box.jpg","type":"image\/jpeg"}],"author":"Diario El Trabajo","twitter_card":"summary_large_image","twitter_creator":"@diarioeltrabajo","twitter_site":"@diarioeltrabajo","twitter_misc":{"Escrito por":"Diario El Trabajo","Tiempo estimado de lectura":"2 minutos"},"schema":{"@context":"https:\/\/schema.org","@graph":[{"@type":"Article","@id":"https:\/\/eltrabajo.cl\/web\/academia-de-boxeo-empieza-a-posicionar-al-valle-de-aconcagua-entre-lo-mejor-de-chile\/#article","isPartOf":{"@id":"https:\/\/eltrabajo.cl\/web\/academia-de-boxeo-empieza-a-posicionar-al-valle-de-aconcagua-entre-lo-mejor-de-chile\/"},"author":{"name":"Diario El Trabajo","@id":"https:\/\/eltrabajo.cl\/web\/#\/schema\/person\/45efd3d17f86ec456e44dd7debe1bf19"},"headline":"Academia de boxeo empieza\u00a0a posicionar al Valle de Aconcagua entre lo mejor de Chile","datePublished":"2026-04-29T00:25:18+00:00","mainEntityOfPage":{"@id":"https:\/\/eltrabajo.cl\/web\/academia-de-boxeo-empieza-a-posicionar-al-valle-de-aconcagua-entre-lo-mejor-de-chile\/"},"wordCount":358,"commentCount":0,"publisher":{"@id":"https:\/\/eltrabajo.cl\/web\/#organization"},"image":{"@id":"https:\/\/eltrabajo.cl\/web\/academia-de-boxeo-empieza-a-posicionar-al-valle-de-aconcagua-entre-lo-mejor-de-chile\/#primaryimage"},"thumbnailUrl":"https:\/\/eltrabajo.cl\/web\/wp-content\/uploads\/2026\/04\/Box.jpg","articleSection":["Deportes"],"inLanguage":"es-CL","potentialAction":[{"@type":"CommentAction","name":"Comment","target":["https:\/\/eltrabajo.cl\/web\/academia-de-boxeo-empieza-a-posicionar-al-valle-de-aconcagua-entre-lo-mejor-de-chile\/#respond"]}]},{"@type":"WebPage","@id":"https:\/\/eltrabajo.cl\/web\/academia-de-boxeo-empieza-a-posicionar-al-valle-de-aconcagua-entre-lo-mejor-de-chile\/","url":"https:\/\/eltrabajo.cl\/web\/academia-de-boxeo-empieza-a-posicionar-al-valle-de-aconcagua-entre-lo-mejor-de-chile\/","name":"Academia de boxeo empieza\u00a0a posicionar al Valle de Aconcagua entre lo mejor de Chile - Diario El Trabajo","isPartOf":{"@id":"https:\/\/eltrabajo.cl\/web\/#website"},"primaryImageOfPage":{"@id":"https:\/\/eltrabajo.cl\/web\/academia-de-boxeo-empieza-a-posicionar-al-valle-de-aconcagua-entre-lo-mejor-de-chile\/#primaryimage"},"image":{"@id":"https:\/\/eltrabajo.cl\/web\/academia-de-boxeo-empieza-a-posicionar-al-valle-de-aconcagua-entre-lo-mejor-de-chile\/#primaryimage"},"thumbnailUrl":"https:\/\/eltrabajo.cl\/web\/wp-content\/uploads\/2026\/04\/Box.jpg","datePublished":"2026-04-29T00:25:18+00:00","breadcrumb":{"@id":"https:\/\/eltrabajo.cl\/web\/academia-de-boxeo-empieza-a-posicionar-al-valle-de-aconcagua-entre-lo-mejor-de-chile\/#breadcrumb"},"inLanguage":"es-CL","potentialAction":[{"@type":"ReadAction","target":["https:\/\/eltrabajo.cl\/web\/academia-de-boxeo-empieza-a-posicionar-al-valle-de-aconcagua-entre-lo-mejor-de-chile\/"]}]},{"@type":"ImageObject","inLanguage":"es-CL","@id":"https:\/\/eltrabajo.cl\/web\/academia-de-boxeo-empieza-a-posicionar-al-valle-de-aconcagua-entre-lo-mejor-de-chile\/#primaryimage","url":"https:\/\/eltrabajo.cl\/web\/wp-content\/uploads\/2026\/04\/Box.jpg","contentUrl":"https:\/\/eltrabajo.cl\/web\/wp-content\/uploads\/2026\/04\/Box.jpg","width":700,"height":502,"caption":"El profesor Rodrigo Flores junto a sus dos p\u00fagiles que ganaron medallas en Puente Alto."},{"@type":"BreadcrumbList","@id":"https:\/\/eltrabajo.cl\/web\/academia-de-boxeo-empieza-a-posicionar-al-valle-de-aconcagua-entre-lo-mejor-de-chile\/#breadcrumb","itemListElement":[{"@type":"ListItem","position":1,"name":"Portada","item":"https:\/\/eltrabajo.cl\/web\/"},{"@type":"ListItem","position":2,"name":"Academia de boxeo empieza\u00a0a posicionar al Valle de Aconcagua entre lo mejor de Chile"}]},{"@type":"WebSite","@id":"https:\/\/eltrabajo.cl\/web\/#website","url":"https:\/\/eltrabajo.cl\/web\/","name":"Diario El Trabajo","description":"Desde 1929 construyendo Identidad Local","publisher":{"@id":"https:\/\/eltrabajo.cl\/web\/#organization"},"potentialAction":[{"@type":"SearchAction","target":{"@type":"EntryPoint","urlTemplate":"https:\/\/eltrabajo.cl\/web\/?s={search_term_string}"},"query-input":{"@type":"PropertyValueSpecification","valueRequired":true,"valueName":"search_term_string"}}],"inLanguage":"es-CL"},{"@type":"Organization","@id":"https:\/\/eltrabajo.cl\/web\/#organization","name":"Diario El Trabajo","url":"https:\/\/eltrabajo.cl\/web\/","logo":{"@type":"ImageObject","inLanguage":"es-CL","@id":"https:\/\/eltrabajo.cl\/web\/#\/schema\/logo\/image\/","url":"https:\/\/eltrabajo.cl\/web\/wp-content\/uploads\/2024\/06\/profile-image-ig-page-diarioeltrabajo.jpg","contentUrl":"https:\/\/eltrabajo.cl\/web\/wp-content\/uploads\/2024\/06\/profile-image-ig-page-diarioeltrabajo.jpg","width":823,"height":823,"caption":"Diario El Trabajo"},"image":{"@id":"https:\/\/eltrabajo.cl\/web\/#\/schema\/logo\/image\/"},"sameAs":["https:\/\/www.facebook.com\/ElTrabajoDiario","https:\/\/x.com\/diarioeltrabajo"]},{"@type":"Person","@id":"https:\/\/eltrabajo.cl\/web\/#\/schema\/person\/45efd3d17f86ec456e44dd7debe1bf19","name":"Diario El Trabajo","image":{"@type":"ImageObject","inLanguage":"es-CL","@id":"https:\/\/secure.gravatar.com\/avatar\/7e6ec277dc4aea2677c2dc301d4227957219329c985ab69a3efc12518b5161aa?s=96&d=mm&r=g","url":"https:\/\/secure.gravatar.com\/avatar\/7e6ec277dc4aea2677c2dc301d4227957219329c985ab69a3efc12518b5161aa?s=96&d=mm&r=g","contentUrl":"https:\/\/secure.gravatar.com\/avatar\/7e6ec277dc4aea2677c2dc301d4227957219329c985ab69a3efc12518b5161aa?s=96&d=mm&r=g","caption":"Diario El Trabajo"},"sameAs":["https:\/\/eltrabajo.cl\/web"],"url":"https:\/\/eltrabajo.cl\/web\/author\/diario-el-trabajo\/"}]}},"_links":{"self":[{"href":"https:\/\/eltrabajo.cl\/web\/wp-json\/wp\/v2\/posts\/144315","targetHints":{"allow":["GET"]}}],"collection":[{"href":"https:\/\/eltrabajo.cl\/web\/wp-json\/wp\/v2\/posts"}],"about":[{"href":"https:\/\/eltrabajo.cl\/web\/wp-json\/wp\/v2\/types\/post"}],"author":[{"embeddable":true,"href":"https:\/\/eltrabajo.cl\/web\/wp-json\/wp\/v2\/users\/1"}],"replies":[{"embeddable":true,"href":"https:\/\/eltrabajo.cl\/web\/wp-json\/wp\/v2\/comments?post=144315"}],"version-history":[{"count":1,"href":"https:\/\/eltrabajo.cl\/web\/wp-json\/wp\/v2\/posts\/144315\/revisions"}],"predecessor-version":[{"id":144317,"href":"https:\/\/eltrabajo.cl\/web\/wp-json\/wp\/v2\/posts\/144315\/revisions\/144317"}],"wp:featuredmedia":[{"embeddable":true,"href":"https:\/\/eltrabajo.cl\/web\/wp-json\/wp\/v2\/media\/144316"}],"wp:attachment":[{"href":"https:\/\/eltrabajo.cl\/web\/wp-json\/wp\/v2\/media?parent=144315"}],"wp:term":[{"taxonomy":"category","embeddable":true,"href":"https:\/\/eltrabajo.cl\/web\/wp-json\/wp\/v2\/categories?post=144315"},{"taxonomy":"post_tag","embeddable":true,"href":"https:\/\/eltrabajo.cl\/web\/wp-json\/wp\/v2\/tags?post=144315"}],"curies":[{"name":"wp","href":"https:\/\/api.w.org\/{rel}","templated":true}]}}