{"id":144318,"date":"2026-04-28T21:26:18","date_gmt":"2026-04-29T00:26:18","guid":{"rendered":"https:\/\/eltrabajo.cl\/web\/?p=144318"},"modified":"2026-04-28T21:26:18","modified_gmt":"2026-04-29T00:26:18","slug":"union-comunal-de-juntas-de-vecinos-expresa-su-preocupacion-por-nuevo-retraso-de-la-sala-de-quimioterapia","status":"publish","type":"post","link":"https:\/\/eltrabajo.cl\/web\/union-comunal-de-juntas-de-vecinos-expresa-su-preocupacion-por-nuevo-retraso-de-la-sala-de-quimioterapia\/","title":{"rendered":"Uni\u00f3n Comunal de Juntas de Vecinos expresa su preocupaci\u00f3n por nuevo retraso de la Sala de Quimioterapia"},"content":{"rendered":"<ul>\n<li><strong>Seg\u00fan sus dirigentes, en septiembre podr\u00eda habilitarse este espacio.\u2013<\/strong><\/li>\n<\/ul>\n<p>Un nuevo retraso est\u00e1 sufriendo el proyecto de la Sala de Quimioterapia en el Hospital San Camilo, luego que desde la Uni\u00f3n Comunal (UNCO) de Juntas de Vecinos de la Provincia de San Felipe de Aconcagua, aseguraran que la m\u00e1quina que falta para concretar la obra, llegar\u00eda reci\u00e9n en el mes de septiembre.<\/p>\n<p>Y es que el proyecto ya hab\u00eda sufrido un retraso tiempo atr\u00e1s, en el que se indic\u00f3 de parte del Servicio de Salud Aconcagua (SSA), que durante el mes de mayo podr\u00eda concretarse la obra. Sin embargo, desde la UNCO de JJ.VV. indicaron que esta llegar\u00eda reci\u00e9n para el noveno mes del a\u00f1o; esto, tras reunirse con las autoridades de salud.<\/p>\n<p>Al respecto, la presidenta de la UNCO de San Felipe, <strong>Ruth Delgado<\/strong>, se\u00f1al\u00f3 que <em>\u00abahora hay nuevos informes que se va a demorar a\u00fan m\u00e1s, porque no ha llegado a\u00fan el purificador de aire. No va a ser en mayo, nos dijeron en septiembre, pero nosotros como Uniones Comunales de la provincia estamos trabajando para que sea m\u00e1s pronto posible este trabajo\u00bb<\/em>.<\/p>\n<p>En este contexto, la dirigente indic\u00f3 que <em>\u00absi fuera de temas econ\u00f3micos, vamos a ver de que est\u00e1 tratando, porque lo que a nosotros nos dijeron es que se hizo una nueva licitaci\u00f3n. Viene desde Italia el aire y se demora aproximadamente tres meses. Nosotros ya consideramos que es mucho lo que se est\u00e1 esperando, porque estamos hablando de vidas esperando una quimioterapia\u00bb<\/em>, enfatiz\u00f3.<\/p>\n<p>Asimismo, Delgado expres\u00f3 que <em>\u00absolo nos falta el aire, encuentro muy irrisorio que se demoren tanto. Hay que esperar, tuvimos una reuni\u00f3n con la directora que nos dio esa respuesta y nosotros estamos trabajando para agilizar el tema de que la sala funcione, que es lo que nos importa\u00bb<\/em>, cerr\u00f3.<\/p>\n<figure id=\"attachment_144319\" aria-describedby=\"caption-attachment-144319\" style=\"width: 699px\" class=\"wp-caption alignnone\"><img loading=\"lazy\" decoding=\"async\" class=\"size-full wp-image-144319\" src=\"https:\/\/eltrabajo.cl\/web\/wp-content\/uploads\/2026\/04\/sala-de-quimioterapia.jpg\" alt=\"Ansiada Sala de Quimioterapia presenta nuevo retraso (Imagen de archivo). \" width=\"699\" height=\"419\" srcset=\"https:\/\/eltrabajo.cl\/web\/wp-content\/uploads\/2026\/04\/sala-de-quimioterapia.jpg 699w, https:\/\/eltrabajo.cl\/web\/wp-content\/uploads\/2026\/04\/sala-de-quimioterapia-300x180.jpg 300w, https:\/\/eltrabajo.cl\/web\/wp-content\/uploads\/2026\/04\/sala-de-quimioterapia-150x90.jpg 150w, https:\/\/eltrabajo.cl\/web\/wp-content\/uploads\/2026\/04\/sala-de-quimioterapia-696x417.jpg 696w\" sizes=\"auto, (max-width: 699px) 100vw, 699px\" \/><figcaption id=\"caption-attachment-144319\" class=\"wp-caption-text\">Ansiada Sala de Quimioterapia presenta nuevo retraso (Imagen de archivo).<\/figcaption><\/figure>\n<figure id=\"attachment_144320\" aria-describedby=\"caption-attachment-144320\" style=\"width: 699px\" class=\"wp-caption alignnone\"><img loading=\"lazy\" decoding=\"async\" class=\"size-full wp-image-144320\" src=\"https:\/\/eltrabajo.cl\/web\/wp-content\/uploads\/2026\/04\/Ruth-Delgado-Barrera.jpg\" alt=\"Ruth Delgado, presidenta de la UNCO de San Felipe.\" width=\"699\" height=\"458\" srcset=\"https:\/\/eltrabajo.cl\/web\/wp-content\/uploads\/2026\/04\/Ruth-Delgado-Barrera.jpg 699w, https:\/\/eltrabajo.cl\/web\/wp-content\/uploads\/2026\/04\/Ruth-Delgado-Barrera-300x197.jpg 300w, https:\/\/eltrabajo.cl\/web\/wp-content\/uploads\/2026\/04\/Ruth-Delgado-Barrera-641x420.jpg 641w, https:\/\/eltrabajo.cl\/web\/wp-content\/uploads\/2026\/04\/Ruth-Delgado-Barrera-150x98.jpg 150w, https:\/\/eltrabajo.cl\/web\/wp-content\/uploads\/2026\/04\/Ruth-Delgado-Barrera-696x456.jpg 696w\" sizes=\"auto, (max-width: 699px) 100vw, 699px\" \/><figcaption id=\"caption-attachment-144320\" class=\"wp-caption-text\">Ruth Delgado, presidenta de la UNCO de San Felipe.<\/figcaption><\/figure>\n","protected":false},"excerpt":{"rendered":"<p>Seg\u00fan sus dirigentes, en septiembre podr\u00eda habilitarse este espacio.\u2013 Un nuevo retraso est\u00e1 sufriendo el proyecto de la Sala de Quimioterapia en el Hospital San Camilo, luego que desde la Uni\u00f3n Comunal (UNCO) de Juntas de Vecinos de la Provincia de San Felipe de Aconcagua, aseguraran que la m\u00e1quina que falta para concretar la obra, [&hellip;]<\/p>\n","protected":false},"author":1,"featured_media":144319,"comment_status":"open","ping_status":"closed","sticky":false,"template":"","format":"standard","meta":{"footnotes":""},"categories":[4],"tags":[],"class_list":{"0":"post-144318","1":"post","2":"type-post","3":"status-publish","4":"format-standard","5":"has-post-thumbnail","7":"category-comunidad"},"yoast_head":"<!-- This site is optimized with the Yoast SEO plugin v27.5 - https:\/\/yoast.com\/product\/yoast-seo-wordpress\/ -->\n<title>Uni\u00f3n Comunal de Juntas de Vecinos expresa su preocupaci\u00f3n por nuevo retraso de la Sala de Quimioterapia - Diario El Trabajo<\/title>\n<meta name=\"robots\" content=\"index, follow, max-snippet:-1, max-image-preview:large, max-video-preview:-1\" \/>\n<link rel=\"canonical\" href=\"https:\/\/eltrabajo.cl\/web\/union-comunal-de-juntas-de-vecinos-expresa-su-preocupacion-por-nuevo-retraso-de-la-sala-de-quimioterapia\/\" \/>\n<meta property=\"og:locale\" content=\"es_ES\" \/>\n<meta property=\"og:type\" content=\"article\" \/>\n<meta property=\"og:title\" content=\"Uni\u00f3n Comunal de Juntas de Vecinos expresa su preocupaci\u00f3n por nuevo retraso de la Sala de Quimioterapia - Diario El Trabajo\" \/>\n<meta property=\"og:description\" content=\"Seg\u00fan sus dirigentes, en septiembre podr\u00eda habilitarse este espacio.\u2013 Un nuevo retraso est\u00e1 sufriendo el proyecto de la Sala de Quimioterapia en el Hospital San Camilo, luego que desde la Uni\u00f3n Comunal (UNCO) de Juntas de Vecinos de la Provincia de San Felipe de Aconcagua, aseguraran que la m\u00e1quina que falta para concretar la obra, [&hellip;]\" \/>\n<meta property=\"og:url\" content=\"https:\/\/eltrabajo.cl\/web\/union-comunal-de-juntas-de-vecinos-expresa-su-preocupacion-por-nuevo-retraso-de-la-sala-de-quimioterapia\/\" \/>\n<meta property=\"og:site_name\" content=\"Diario El Trabajo\" \/>\n<meta property=\"article:publisher\" content=\"https:\/\/www.facebook.com\/ElTrabajoDiario\" \/>\n<meta property=\"article:published_time\" content=\"2026-04-29T00:26:18+00:00\" \/>\n<meta property=\"og:image\" content=\"https:\/\/eltrabajo.cl\/web\/wp-content\/uploads\/2026\/04\/sala-de-quimioterapia.jpg\" \/>\n\t<meta property=\"og:image:width\" content=\"699\" \/>\n\t<meta property=\"og:image:height\" content=\"419\" \/>\n\t<meta property=\"og:image:type\" content=\"image\/jpeg\" \/>\n<meta name=\"author\" content=\"Diario El Trabajo\" \/>\n<meta name=\"twitter:card\" content=\"summary_large_image\" \/>\n<meta name=\"twitter:creator\" content=\"@diarioeltrabajo\" \/>\n<meta name=\"twitter:site\" content=\"@diarioeltrabajo\" \/>\n<meta name=\"twitter:label1\" content=\"Escrito por\" \/>\n\t<meta name=\"twitter:data1\" content=\"Diario El Trabajo\" \/>\n\t<meta name=\"twitter:label2\" content=\"Tiempo estimado de lectura\" \/>\n\t<meta name=\"twitter:data2\" content=\"3 minutos\" \/>\n<script type=\"application\/ld+json\" class=\"yoast-schema-graph\">{\"@context\":\"https:\\\/\\\/schema.org\",\"@graph\":[{\"@type\":\"Article\",\"@id\":\"https:\\\/\\\/eltrabajo.cl\\\/web\\\/union-comunal-de-juntas-de-vecinos-expresa-su-preocupacion-por-nuevo-retraso-de-la-sala-de-quimioterapia\\\/#article\",\"isPartOf\":{\"@id\":\"https:\\\/\\\/eltrabajo.cl\\\/web\\\/union-comunal-de-juntas-de-vecinos-expresa-su-preocupacion-por-nuevo-retraso-de-la-sala-de-quimioterapia\\\/\"},\"author\":{\"name\":\"Diario El Trabajo\",\"@id\":\"https:\\\/\\\/eltrabajo.cl\\\/web\\\/#\\\/schema\\\/person\\\/45efd3d17f86ec456e44dd7debe1bf19\"},\"headline\":\"Uni\u00f3n Comunal de Juntas de Vecinos expresa su preocupaci\u00f3n por nuevo retraso de la Sala de Quimioterapia\",\"datePublished\":\"2026-04-29T00:26:18+00:00\",\"mainEntityOfPage\":{\"@id\":\"https:\\\/\\\/eltrabajo.cl\\\/web\\\/union-comunal-de-juntas-de-vecinos-expresa-su-preocupacion-por-nuevo-retraso-de-la-sala-de-quimioterapia\\\/\"},\"wordCount\":372,\"commentCount\":0,\"publisher\":{\"@id\":\"https:\\\/\\\/eltrabajo.cl\\\/web\\\/#organization\"},\"image\":{\"@id\":\"https:\\\/\\\/eltrabajo.cl\\\/web\\\/union-comunal-de-juntas-de-vecinos-expresa-su-preocupacion-por-nuevo-retraso-de-la-sala-de-quimioterapia\\\/#primaryimage\"},\"thumbnailUrl\":\"https:\\\/\\\/eltrabajo.cl\\\/web\\\/wp-content\\\/uploads\\\/2026\\\/04\\\/sala-de-quimioterapia.jpg\",\"articleSection\":[\"Comunidad\"],\"inLanguage\":\"es-CL\",\"potentialAction\":[{\"@type\":\"CommentAction\",\"name\":\"Comment\",\"target\":[\"https:\\\/\\\/eltrabajo.cl\\\/web\\\/union-comunal-de-juntas-de-vecinos-expresa-su-preocupacion-por-nuevo-retraso-de-la-sala-de-quimioterapia\\\/#respond\"]}]},{\"@type\":\"WebPage\",\"@id\":\"https:\\\/\\\/eltrabajo.cl\\\/web\\\/union-comunal-de-juntas-de-vecinos-expresa-su-preocupacion-por-nuevo-retraso-de-la-sala-de-quimioterapia\\\/\",\"url\":\"https:\\\/\\\/eltrabajo.cl\\\/web\\\/union-comunal-de-juntas-de-vecinos-expresa-su-preocupacion-por-nuevo-retraso-de-la-sala-de-quimioterapia\\\/\",\"name\":\"Uni\u00f3n Comunal de Juntas de Vecinos expresa su preocupaci\u00f3n por nuevo retraso de la Sala de Quimioterapia - Diario El Trabajo\",\"isPartOf\":{\"@id\":\"https:\\\/\\\/eltrabajo.cl\\\/web\\\/#website\"},\"primaryImageOfPage\":{\"@id\":\"https:\\\/\\\/eltrabajo.cl\\\/web\\\/union-comunal-de-juntas-de-vecinos-expresa-su-preocupacion-por-nuevo-retraso-de-la-sala-de-quimioterapia\\\/#primaryimage\"},\"image\":{\"@id\":\"https:\\\/\\\/eltrabajo.cl\\\/web\\\/union-comunal-de-juntas-de-vecinos-expresa-su-preocupacion-por-nuevo-retraso-de-la-sala-de-quimioterapia\\\/#primaryimage\"},\"thumbnailUrl\":\"https:\\\/\\\/eltrabajo.cl\\\/web\\\/wp-content\\\/uploads\\\/2026\\\/04\\\/sala-de-quimioterapia.jpg\",\"datePublished\":\"2026-04-29T00:26:18+00:00\",\"breadcrumb\":{\"@id\":\"https:\\\/\\\/eltrabajo.cl\\\/web\\\/union-comunal-de-juntas-de-vecinos-expresa-su-preocupacion-por-nuevo-retraso-de-la-sala-de-quimioterapia\\\/#breadcrumb\"},\"inLanguage\":\"es-CL\",\"potentialAction\":[{\"@type\":\"ReadAction\",\"target\":[\"https:\\\/\\\/eltrabajo.cl\\\/web\\\/union-comunal-de-juntas-de-vecinos-expresa-su-preocupacion-por-nuevo-retraso-de-la-sala-de-quimioterapia\\\/\"]}]},{\"@type\":\"ImageObject\",\"inLanguage\":\"es-CL\",\"@id\":\"https:\\\/\\\/eltrabajo.cl\\\/web\\\/union-comunal-de-juntas-de-vecinos-expresa-su-preocupacion-por-nuevo-retraso-de-la-sala-de-quimioterapia\\\/#primaryimage\",\"url\":\"https:\\\/\\\/eltrabajo.cl\\\/web\\\/wp-content\\\/uploads\\\/2026\\\/04\\\/sala-de-quimioterapia.jpg\",\"contentUrl\":\"https:\\\/\\\/eltrabajo.cl\\\/web\\\/wp-content\\\/uploads\\\/2026\\\/04\\\/sala-de-quimioterapia.jpg\",\"width\":699,\"height\":419,\"caption\":\"Ansiada Sala de Quimioterapia presenta nuevo retraso (Imagen de archivo).\"},{\"@type\":\"BreadcrumbList\",\"@id\":\"https:\\\/\\\/eltrabajo.cl\\\/web\\\/union-comunal-de-juntas-de-vecinos-expresa-su-preocupacion-por-nuevo-retraso-de-la-sala-de-quimioterapia\\\/#breadcrumb\",\"itemListElement\":[{\"@type\":\"ListItem\",\"position\":1,\"name\":\"Portada\",\"item\":\"https:\\\/\\\/eltrabajo.cl\\\/web\\\/\"},{\"@type\":\"ListItem\",\"position\":2,\"name\":\"Uni\u00f3n Comunal de Juntas de Vecinos expresa su preocupaci\u00f3n por nuevo retraso de la Sala de Quimioterapia\"}]},{\"@type\":\"WebSite\",\"@id\":\"https:\\\/\\\/eltrabajo.cl\\\/web\\\/#website\",\"url\":\"https:\\\/\\\/eltrabajo.cl\\\/web\\\/\",\"name\":\"Diario El Trabajo\",\"description\":\"Desde 1929 construyendo Identidad Local\",\"publisher\":{\"@id\":\"https:\\\/\\\/eltrabajo.cl\\\/web\\\/#organization\"},\"potentialAction\":[{\"@type\":\"SearchAction\",\"target\":{\"@type\":\"EntryPoint\",\"urlTemplate\":\"https:\\\/\\\/eltrabajo.cl\\\/web\\\/?s={search_term_string}\"},\"query-input\":{\"@type\":\"PropertyValueSpecification\",\"valueRequired\":true,\"valueName\":\"search_term_string\"}}],\"inLanguage\":\"es-CL\"},{\"@type\":\"Organization\",\"@id\":\"https:\\\/\\\/eltrabajo.cl\\\/web\\\/#organization\",\"name\":\"Diario El Trabajo\",\"url\":\"https:\\\/\\\/eltrabajo.cl\\\/web\\\/\",\"logo\":{\"@type\":\"ImageObject\",\"inLanguage\":\"es-CL\",\"@id\":\"https:\\\/\\\/eltrabajo.cl\\\/web\\\/#\\\/schema\\\/logo\\\/image\\\/\",\"url\":\"https:\\\/\\\/eltrabajo.cl\\\/web\\\/wp-content\\\/uploads\\\/2024\\\/06\\\/profile-image-ig-page-diarioeltrabajo.jpg\",\"contentUrl\":\"https:\\\/\\\/eltrabajo.cl\\\/web\\\/wp-content\\\/uploads\\\/2024\\\/06\\\/profile-image-ig-page-diarioeltrabajo.jpg\",\"width\":823,\"height\":823,\"caption\":\"Diario El Trabajo\"},\"image\":{\"@id\":\"https:\\\/\\\/eltrabajo.cl\\\/web\\\/#\\\/schema\\\/logo\\\/image\\\/\"},\"sameAs\":[\"https:\\\/\\\/www.facebook.com\\\/ElTrabajoDiario\",\"https:\\\/\\\/x.com\\\/diarioeltrabajo\"]},{\"@type\":\"Person\",\"@id\":\"https:\\\/\\\/eltrabajo.cl\\\/web\\\/#\\\/schema\\\/person\\\/45efd3d17f86ec456e44dd7debe1bf19\",\"name\":\"Diario El Trabajo\",\"image\":{\"@type\":\"ImageObject\",\"inLanguage\":\"es-CL\",\"@id\":\"https:\\\/\\\/secure.gravatar.com\\\/avatar\\\/7e6ec277dc4aea2677c2dc301d4227957219329c985ab69a3efc12518b5161aa?s=96&d=mm&r=g\",\"url\":\"https:\\\/\\\/secure.gravatar.com\\\/avatar\\\/7e6ec277dc4aea2677c2dc301d4227957219329c985ab69a3efc12518b5161aa?s=96&d=mm&r=g\",\"contentUrl\":\"https:\\\/\\\/secure.gravatar.com\\\/avatar\\\/7e6ec277dc4aea2677c2dc301d4227957219329c985ab69a3efc12518b5161aa?s=96&d=mm&r=g\",\"caption\":\"Diario El Trabajo\"},\"sameAs\":[\"https:\\\/\\\/eltrabajo.cl\\\/web\"],\"url\":\"https:\\\/\\\/eltrabajo.cl\\\/web\\\/author\\\/diario-el-trabajo\\\/\"}]}<\/script>\n<!-- \/ Yoast SEO plugin. -->","yoast_head_json":{"title":"Uni\u00f3n Comunal de Juntas de Vecinos expresa su preocupaci\u00f3n por nuevo retraso de la Sala de Quimioterapia - Diario El Trabajo","robots":{"index":"index","follow":"follow","max-snippet":"max-snippet:-1","max-image-preview":"max-image-preview:large","max-video-preview":"max-video-preview:-1"},"canonical":"https:\/\/eltrabajo.cl\/web\/union-comunal-de-juntas-de-vecinos-expresa-su-preocupacion-por-nuevo-retraso-de-la-sala-de-quimioterapia\/","og_locale":"es_ES","og_type":"article","og_title":"Uni\u00f3n Comunal de Juntas de Vecinos expresa su preocupaci\u00f3n por nuevo retraso de la Sala de Quimioterapia - Diario El Trabajo","og_description":"Seg\u00fan sus dirigentes, en septiembre podr\u00eda habilitarse este espacio.\u2013 Un nuevo retraso est\u00e1 sufriendo el proyecto de la Sala de Quimioterapia en el Hospital San Camilo, luego que desde la Uni\u00f3n Comunal (UNCO) de Juntas de Vecinos de la Provincia de San Felipe de Aconcagua, aseguraran que la m\u00e1quina que falta para concretar la obra, [&hellip;]","og_url":"https:\/\/eltrabajo.cl\/web\/union-comunal-de-juntas-de-vecinos-expresa-su-preocupacion-por-nuevo-retraso-de-la-sala-de-quimioterapia\/","og_site_name":"Diario El Trabajo","article_publisher":"https:\/\/www.facebook.com\/ElTrabajoDiario","article_published_time":"2026-04-29T00:26:18+00:00","og_image":[{"width":699,"height":419,"url":"https:\/\/eltrabajo.cl\/web\/wp-content\/uploads\/2026\/04\/sala-de-quimioterapia.jpg","type":"image\/jpeg"}],"author":"Diario El Trabajo","twitter_card":"summary_large_image","twitter_creator":"@diarioeltrabajo","twitter_site":"@diarioeltrabajo","twitter_misc":{"Escrito por":"Diario El Trabajo","Tiempo estimado de lectura":"3 minutos"},"schema":{"@context":"https:\/\/schema.org","@graph":[{"@type":"Article","@id":"https:\/\/eltrabajo.cl\/web\/union-comunal-de-juntas-de-vecinos-expresa-su-preocupacion-por-nuevo-retraso-de-la-sala-de-quimioterapia\/#article","isPartOf":{"@id":"https:\/\/eltrabajo.cl\/web\/union-comunal-de-juntas-de-vecinos-expresa-su-preocupacion-por-nuevo-retraso-de-la-sala-de-quimioterapia\/"},"author":{"name":"Diario El Trabajo","@id":"https:\/\/eltrabajo.cl\/web\/#\/schema\/person\/45efd3d17f86ec456e44dd7debe1bf19"},"headline":"Uni\u00f3n Comunal de Juntas de Vecinos expresa su preocupaci\u00f3n por nuevo retraso de la Sala de Quimioterapia","datePublished":"2026-04-29T00:26:18+00:00","mainEntityOfPage":{"@id":"https:\/\/eltrabajo.cl\/web\/union-comunal-de-juntas-de-vecinos-expresa-su-preocupacion-por-nuevo-retraso-de-la-sala-de-quimioterapia\/"},"wordCount":372,"commentCount":0,"publisher":{"@id":"https:\/\/eltrabajo.cl\/web\/#organization"},"image":{"@id":"https:\/\/eltrabajo.cl\/web\/union-comunal-de-juntas-de-vecinos-expresa-su-preocupacion-por-nuevo-retraso-de-la-sala-de-quimioterapia\/#primaryimage"},"thumbnailUrl":"https:\/\/eltrabajo.cl\/web\/wp-content\/uploads\/2026\/04\/sala-de-quimioterapia.jpg","articleSection":["Comunidad"],"inLanguage":"es-CL","potentialAction":[{"@type":"CommentAction","name":"Comment","target":["https:\/\/eltrabajo.cl\/web\/union-comunal-de-juntas-de-vecinos-expresa-su-preocupacion-por-nuevo-retraso-de-la-sala-de-quimioterapia\/#respond"]}]},{"@type":"WebPage","@id":"https:\/\/eltrabajo.cl\/web\/union-comunal-de-juntas-de-vecinos-expresa-su-preocupacion-por-nuevo-retraso-de-la-sala-de-quimioterapia\/","url":"https:\/\/eltrabajo.cl\/web\/union-comunal-de-juntas-de-vecinos-expresa-su-preocupacion-por-nuevo-retraso-de-la-sala-de-quimioterapia\/","name":"Uni\u00f3n Comunal de Juntas de Vecinos expresa su preocupaci\u00f3n por nuevo retraso de la Sala de Quimioterapia - Diario El Trabajo","isPartOf":{"@id":"https:\/\/eltrabajo.cl\/web\/#website"},"primaryImageOfPage":{"@id":"https:\/\/eltrabajo.cl\/web\/union-comunal-de-juntas-de-vecinos-expresa-su-preocupacion-por-nuevo-retraso-de-la-sala-de-quimioterapia\/#primaryimage"},"image":{"@id":"https:\/\/eltrabajo.cl\/web\/union-comunal-de-juntas-de-vecinos-expresa-su-preocupacion-por-nuevo-retraso-de-la-sala-de-quimioterapia\/#primaryimage"},"thumbnailUrl":"https:\/\/eltrabajo.cl\/web\/wp-content\/uploads\/2026\/04\/sala-de-quimioterapia.jpg","datePublished":"2026-04-29T00:26:18+00:00","breadcrumb":{"@id":"https:\/\/eltrabajo.cl\/web\/union-comunal-de-juntas-de-vecinos-expresa-su-preocupacion-por-nuevo-retraso-de-la-sala-de-quimioterapia\/#breadcrumb"},"inLanguage":"es-CL","potentialAction":[{"@type":"ReadAction","target":["https:\/\/eltrabajo.cl\/web\/union-comunal-de-juntas-de-vecinos-expresa-su-preocupacion-por-nuevo-retraso-de-la-sala-de-quimioterapia\/"]}]},{"@type":"ImageObject","inLanguage":"es-CL","@id":"https:\/\/eltrabajo.cl\/web\/union-comunal-de-juntas-de-vecinos-expresa-su-preocupacion-por-nuevo-retraso-de-la-sala-de-quimioterapia\/#primaryimage","url":"https:\/\/eltrabajo.cl\/web\/wp-content\/uploads\/2026\/04\/sala-de-quimioterapia.jpg","contentUrl":"https:\/\/eltrabajo.cl\/web\/wp-content\/uploads\/2026\/04\/sala-de-quimioterapia.jpg","width":699,"height":419,"caption":"Ansiada Sala de Quimioterapia presenta nuevo retraso (Imagen de archivo)."},{"@type":"BreadcrumbList","@id":"https:\/\/eltrabajo.cl\/web\/union-comunal-de-juntas-de-vecinos-expresa-su-preocupacion-por-nuevo-retraso-de-la-sala-de-quimioterapia\/#breadcrumb","itemListElement":[{"@type":"ListItem","position":1,"name":"Portada","item":"https:\/\/eltrabajo.cl\/web\/"},{"@type":"ListItem","position":2,"name":"Uni\u00f3n Comunal de Juntas de Vecinos expresa su preocupaci\u00f3n por nuevo retraso de la Sala de Quimioterapia"}]},{"@type":"WebSite","@id":"https:\/\/eltrabajo.cl\/web\/#website","url":"https:\/\/eltrabajo.cl\/web\/","name":"Diario El Trabajo","description":"Desde 1929 construyendo Identidad Local","publisher":{"@id":"https:\/\/eltrabajo.cl\/web\/#organization"},"potentialAction":[{"@type":"SearchAction","target":{"@type":"EntryPoint","urlTemplate":"https:\/\/eltrabajo.cl\/web\/?s={search_term_string}"},"query-input":{"@type":"PropertyValueSpecification","valueRequired":true,"valueName":"search_term_string"}}],"inLanguage":"es-CL"},{"@type":"Organization","@id":"https:\/\/eltrabajo.cl\/web\/#organization","name":"Diario El Trabajo","url":"https:\/\/eltrabajo.cl\/web\/","logo":{"@type":"ImageObject","inLanguage":"es-CL","@id":"https:\/\/eltrabajo.cl\/web\/#\/schema\/logo\/image\/","url":"https:\/\/eltrabajo.cl\/web\/wp-content\/uploads\/2024\/06\/profile-image-ig-page-diarioeltrabajo.jpg","contentUrl":"https:\/\/eltrabajo.cl\/web\/wp-content\/uploads\/2024\/06\/profile-image-ig-page-diarioeltrabajo.jpg","width":823,"height":823,"caption":"Diario El Trabajo"},"image":{"@id":"https:\/\/eltrabajo.cl\/web\/#\/schema\/logo\/image\/"},"sameAs":["https:\/\/www.facebook.com\/ElTrabajoDiario","https:\/\/x.com\/diarioeltrabajo"]},{"@type":"Person","@id":"https:\/\/eltrabajo.cl\/web\/#\/schema\/person\/45efd3d17f86ec456e44dd7debe1bf19","name":"Diario El Trabajo","image":{"@type":"ImageObject","inLanguage":"es-CL","@id":"https:\/\/secure.gravatar.com\/avatar\/7e6ec277dc4aea2677c2dc301d4227957219329c985ab69a3efc12518b5161aa?s=96&d=mm&r=g","url":"https:\/\/secure.gravatar.com\/avatar\/7e6ec277dc4aea2677c2dc301d4227957219329c985ab69a3efc12518b5161aa?s=96&d=mm&r=g","contentUrl":"https:\/\/secure.gravatar.com\/avatar\/7e6ec277dc4aea2677c2dc301d4227957219329c985ab69a3efc12518b5161aa?s=96&d=mm&r=g","caption":"Diario El Trabajo"},"sameAs":["https:\/\/eltrabajo.cl\/web"],"url":"https:\/\/eltrabajo.cl\/web\/author\/diario-el-trabajo\/"}]}},"_links":{"self":[{"href":"https:\/\/eltrabajo.cl\/web\/wp-json\/wp\/v2\/posts\/144318","targetHints":{"allow":["GET"]}}],"collection":[{"href":"https:\/\/eltrabajo.cl\/web\/wp-json\/wp\/v2\/posts"}],"about":[{"href":"https:\/\/eltrabajo.cl\/web\/wp-json\/wp\/v2\/types\/post"}],"author":[{"embeddable":true,"href":"https:\/\/eltrabajo.cl\/web\/wp-json\/wp\/v2\/users\/1"}],"replies":[{"embeddable":true,"href":"https:\/\/eltrabajo.cl\/web\/wp-json\/wp\/v2\/comments?post=144318"}],"version-history":[{"count":1,"href":"https:\/\/eltrabajo.cl\/web\/wp-json\/wp\/v2\/posts\/144318\/revisions"}],"predecessor-version":[{"id":144321,"href":"https:\/\/eltrabajo.cl\/web\/wp-json\/wp\/v2\/posts\/144318\/revisions\/144321"}],"wp:featuredmedia":[{"embeddable":true,"href":"https:\/\/eltrabajo.cl\/web\/wp-json\/wp\/v2\/media\/144319"}],"wp:attachment":[{"href":"https:\/\/eltrabajo.cl\/web\/wp-json\/wp\/v2\/media?parent=144318"}],"wp:term":[{"taxonomy":"category","embeddable":true,"href":"https:\/\/eltrabajo.cl\/web\/wp-json\/wp\/v2\/categories?post=144318"},{"taxonomy":"post_tag","embeddable":true,"href":"https:\/\/eltrabajo.cl\/web\/wp-json\/wp\/v2\/tags?post=144318"}],"curies":[{"name":"wp","href":"https:\/\/api.w.org\/{rel}","templated":true}]}}