{"id":144322,"date":"2026-04-28T21:28:05","date_gmt":"2026-04-29T00:28:05","guid":{"rendered":"https:\/\/eltrabajo.cl\/web\/?p=144322"},"modified":"2026-04-28T21:28:05","modified_gmt":"2026-04-29T00:28:05","slug":"bufanda-de-putaendo-ya-supera-los-28-kilometros-y-se-acerca-a-su-medicion-final","status":"publish","type":"post","link":"https:\/\/eltrabajo.cl\/web\/bufanda-de-putaendo-ya-supera-los-28-kilometros-y-se-acerca-a-su-medicion-final\/","title":{"rendered":"Bufanda de Putaendo ya supera los 2,8 kil\u00f3metros y se acerca a su medici\u00f3n final"},"content":{"rendered":"<ul>\n<li><strong>La iniciativa comunitaria suma amplia participaci\u00f3n y cobertura televisiva, con miras a concretar en mayo la presentaci\u00f3n oficial de la bufanda m\u00e1s larga de Chile.-<\/strong><\/li>\n<\/ul>\n<p>Un importante avance ha registrado la iniciativa de la \u2018bufanda m\u00e1s larga de Chile\u2019 que se desarrolla en la comuna de Putaendo, la cual recientemente vivi\u00f3 su primera medici\u00f3n oficial, alcanzando una extensi\u00f3n que ya se acerca a la meta de los tres kil\u00f3metros.<\/p>\n<p>La actividad se realiz\u00f3 la tarde del lunes 27 de abril en la plaza de Rinconada de Silva, instancia que cont\u00f3 con la presencia del periodista <strong>Juan Pablo Queralt\u00f3<\/strong> junto al equipo del programa <strong>Sabingo<\/strong> de Chilevisi\u00f3n, quienes llegaron hasta la comuna para conocer en terreno esta destacada iniciativa comunitaria.<\/p>\n<p>Seg\u00fan datos entregados por el Programa de Centro de Madres y Talleres Femeninos de la Ilustre Municipalidad de Putaendo, hasta la fecha se han tejido un total de 1.845 bufandas, lo que equivale a una extensi\u00f3n de 2.813 metros, cifra que deja a la comuna muy cerca de cumplir el objetivo propuesto.<\/p>\n<p>Este logro ha sido posible gracias al trabajo de m\u00e1s de 500 mujeres y cerca de 30 organizaciones provenientes de distintos sectores de la comuna, quienes han participado activamente en esta cruzada. Actualmente, el proceso se encuentra en la etapa de uni\u00f3n de los lienzos, labor que se realiza en dependencias de la Direcci\u00f3n de Desarrollo Comunitario (DIDECO).<\/p>\n<p>Cabe recordar que esta iniciativa ya hab\u00eda captado la atenci\u00f3n de la televisi\u00f3n nacional en abril, cuando los reconocidos animadores <strong>Francisco Saavedra<\/strong> y <strong>Pedro Ruminot<\/strong> visitaron Putaendo junto al programa<strong> Socios por Chile<\/strong> de Canal 13, recorriendo distintos sectores y conociendo el trabajo de las mujeres que lideran este proyecto.<\/p>\n<p>Desde el municipio, encabezado por el alcalde Mauricio Quiroz, destacaron y agradecieron el compromiso de las participantes, as\u00ed como el apoyo de programas como Centro Diurno, V\u00ednculos, el Subsistema de Seguridades y Oportunidades, la Oficina de Personas Mayores y la Escuela Gast\u00f3n Ormaz\u00e1bal.<\/p>\n<p>La meta ahora est\u00e1 puesta en el pr\u00f3ximo viernes 29 de mayo, fecha en que se realizar\u00e1 la presentaci\u00f3n y medici\u00f3n final de la bufanda, instancia que se desarrollar\u00e1 en calle Comercio y calle Brasil, donde se espera superar los tres kil\u00f3metros de longitud.<\/p>\n<p>Finalmente, se inform\u00f3 que, una vez concluido el proceso, las bufandas ser\u00e1n transformadas en frazadas, las cuales ser\u00e1n donadas a familias de escasos recursos de la comuna, dando as\u00ed un sentido solidario a esta iniciativa que ya se ha convertido en s\u00edmbolo de unidad y orgullo para Putaendo.<\/p>\n<figure id=\"attachment_144324\" aria-describedby=\"caption-attachment-144324\" style=\"width: 699px\" class=\"wp-caption alignnone\"><img loading=\"lazy\" decoding=\"async\" class=\"size-full wp-image-144324\" src=\"https:\/\/eltrabajo.cl\/web\/wp-content\/uploads\/2026\/04\/bufanda-de-Putaendo-2.jpg\" alt=\"El animador Francisco Saavedra y Pedro Ruminot visitaron Putaendo junto a su equipo para conocer en terreno el proceso de la bufanda m\u00e1s larga de Chile.\" width=\"699\" height=\"377\" srcset=\"https:\/\/eltrabajo.cl\/web\/wp-content\/uploads\/2026\/04\/bufanda-de-Putaendo-2.jpg 699w, https:\/\/eltrabajo.cl\/web\/wp-content\/uploads\/2026\/04\/bufanda-de-Putaendo-2-300x162.jpg 300w, https:\/\/eltrabajo.cl\/web\/wp-content\/uploads\/2026\/04\/bufanda-de-Putaendo-2-150x81.jpg 150w, https:\/\/eltrabajo.cl\/web\/wp-content\/uploads\/2026\/04\/bufanda-de-Putaendo-2-696x375.jpg 696w\" sizes=\"auto, (max-width: 699px) 100vw, 699px\" \/><figcaption id=\"caption-attachment-144324\" class=\"wp-caption-text\">El animador Francisco Saavedra y Pedro Ruminot visitaron Putaendo junto a su equipo para conocer en terreno el proceso de la bufanda m\u00e1s larga de Chile.<\/figcaption><\/figure>\n<figure id=\"attachment_144323\" aria-describedby=\"caption-attachment-144323\" style=\"width: 699px\" class=\"wp-caption alignnone\"><img loading=\"lazy\" decoding=\"async\" class=\"size-full wp-image-144323\" src=\"https:\/\/eltrabajo.cl\/web\/wp-content\/uploads\/2026\/04\/bufanda-de-Putaendo-1.jpg\" alt=\"M\u00e1s de 500 mujeres de distintos sectores de la comuna han participado en esta iniciativa, que ya supera los 2,8 kil\u00f3metros de tejido.\" width=\"699\" height=\"466\" srcset=\"https:\/\/eltrabajo.cl\/web\/wp-content\/uploads\/2026\/04\/bufanda-de-Putaendo-1.jpg 699w, https:\/\/eltrabajo.cl\/web\/wp-content\/uploads\/2026\/04\/bufanda-de-Putaendo-1-300x200.jpg 300w, https:\/\/eltrabajo.cl\/web\/wp-content\/uploads\/2026\/04\/bufanda-de-Putaendo-1-630x420.jpg 630w, https:\/\/eltrabajo.cl\/web\/wp-content\/uploads\/2026\/04\/bufanda-de-Putaendo-1-150x100.jpg 150w, https:\/\/eltrabajo.cl\/web\/wp-content\/uploads\/2026\/04\/bufanda-de-Putaendo-1-696x464.jpg 696w\" sizes=\"auto, (max-width: 699px) 100vw, 699px\" \/><figcaption id=\"caption-attachment-144323\" class=\"wp-caption-text\">M\u00e1s de 500 mujeres de distintos sectores de la comuna han participado en esta iniciativa, que ya supera los 2,8 kil\u00f3metros de tejido.<\/figcaption><\/figure>\n<figure id=\"attachment_144325\" aria-describedby=\"caption-attachment-144325\" style=\"width: 700px\" class=\"wp-caption alignnone\"><img loading=\"lazy\" decoding=\"async\" class=\"size-full wp-image-144325\" src=\"https:\/\/eltrabajo.cl\/web\/wp-content\/uploads\/2026\/04\/bufanda-de-Putaendo-3.jpg\" alt=\"El periodista Juan Pablo Queralt\u00f3 encabez\u00f3 la primera medici\u00f3n oficial de la bufanda en Rinconada de Silva, junto al equipo de Sabingo.\" width=\"700\" height=\"476\" srcset=\"https:\/\/eltrabajo.cl\/web\/wp-content\/uploads\/2026\/04\/bufanda-de-Putaendo-3.jpg 700w, https:\/\/eltrabajo.cl\/web\/wp-content\/uploads\/2026\/04\/bufanda-de-Putaendo-3-300x204.jpg 300w, https:\/\/eltrabajo.cl\/web\/wp-content\/uploads\/2026\/04\/bufanda-de-Putaendo-3-618x420.jpg 618w, https:\/\/eltrabajo.cl\/web\/wp-content\/uploads\/2026\/04\/bufanda-de-Putaendo-3-150x102.jpg 150w, https:\/\/eltrabajo.cl\/web\/wp-content\/uploads\/2026\/04\/bufanda-de-Putaendo-3-696x473.jpg 696w\" sizes=\"auto, (max-width: 700px) 100vw, 700px\" \/><figcaption id=\"caption-attachment-144325\" class=\"wp-caption-text\">El periodista Juan Pablo Queralt\u00f3 encabez\u00f3 la primera medici\u00f3n oficial de la bufanda en Rinconada de Silva, junto al equipo de Sabingo.<\/figcaption><\/figure>\n<figure id=\"attachment_144326\" aria-describedby=\"caption-attachment-144326\" style=\"width: 699px\" class=\"wp-caption alignnone\"><img loading=\"lazy\" decoding=\"async\" class=\"size-full wp-image-144326\" src=\"https:\/\/eltrabajo.cl\/web\/wp-content\/uploads\/2026\/04\/bufanda-de-Putaendo-4.jpg\" alt=\"La uni\u00f3n de los lienzos se realiza en dependencias de DIDECO, en la etapa final previa a la medici\u00f3n definitiva de la bufanda.\" width=\"699\" height=\"703\" srcset=\"https:\/\/eltrabajo.cl\/web\/wp-content\/uploads\/2026\/04\/bufanda-de-Putaendo-4.jpg 699w, https:\/\/eltrabajo.cl\/web\/wp-content\/uploads\/2026\/04\/bufanda-de-Putaendo-4-298x300.jpg 298w, https:\/\/eltrabajo.cl\/web\/wp-content\/uploads\/2026\/04\/bufanda-de-Putaendo-4-150x151.jpg 150w, https:\/\/eltrabajo.cl\/web\/wp-content\/uploads\/2026\/04\/bufanda-de-Putaendo-4-418x420.jpg 418w, https:\/\/eltrabajo.cl\/web\/wp-content\/uploads\/2026\/04\/bufanda-de-Putaendo-4-300x302.jpg 300w, https:\/\/eltrabajo.cl\/web\/wp-content\/uploads\/2026\/04\/bufanda-de-Putaendo-4-696x700.jpg 696w\" sizes=\"auto, (max-width: 699px) 100vw, 699px\" \/><figcaption id=\"caption-attachment-144326\" class=\"wp-caption-text\">La uni\u00f3n de los lienzos se realiza en dependencias de DIDECO, en la etapa final previa a la medici\u00f3n definitiva de la bufanda.<\/figcaption><\/figure>\n","protected":false},"excerpt":{"rendered":"<p>La iniciativa comunitaria suma amplia participaci\u00f3n y cobertura televisiva, con miras a concretar en mayo la presentaci\u00f3n oficial de la bufanda m\u00e1s larga de Chile.- Un importante avance ha registrado la iniciativa de la \u2018bufanda m\u00e1s larga de Chile\u2019 que se desarrolla en la comuna de Putaendo, la cual recientemente vivi\u00f3 su primera medici\u00f3n oficial, [&hellip;]<\/p>\n","protected":false},"author":1,"featured_media":144323,"comment_status":"open","ping_status":"closed","sticky":false,"template":"","format":"standard","meta":{"footnotes":""},"categories":[12,4],"tags":[],"class_list":{"0":"post-144322","1":"post","2":"type-post","3":"status-publish","4":"format-standard","5":"has-post-thumbnail","7":"category-arte-y-cultura","8":"category-comunidad"},"yoast_head":"<!-- This site is optimized with the Yoast SEO plugin v27.5 - https:\/\/yoast.com\/product\/yoast-seo-wordpress\/ -->\n<title>Bufanda de Putaendo ya supera los 2,8 kil\u00f3metros y se acerca a su medici\u00f3n final - Diario El Trabajo<\/title>\n<meta name=\"robots\" content=\"index, follow, max-snippet:-1, max-image-preview:large, max-video-preview:-1\" \/>\n<link rel=\"canonical\" href=\"https:\/\/eltrabajo.cl\/web\/bufanda-de-putaendo-ya-supera-los-28-kilometros-y-se-acerca-a-su-medicion-final\/\" \/>\n<meta property=\"og:locale\" content=\"es_ES\" \/>\n<meta property=\"og:type\" content=\"article\" \/>\n<meta property=\"og:title\" content=\"Bufanda de Putaendo ya supera los 2,8 kil\u00f3metros y se acerca a su medici\u00f3n final - Diario El Trabajo\" \/>\n<meta property=\"og:description\" content=\"La iniciativa comunitaria suma amplia participaci\u00f3n y cobertura televisiva, con miras a concretar en mayo la presentaci\u00f3n oficial de la bufanda m\u00e1s larga de Chile.- Un importante avance ha registrado la iniciativa de la \u2018bufanda m\u00e1s larga de Chile\u2019 que se desarrolla en la comuna de Putaendo, la cual recientemente vivi\u00f3 su primera medici\u00f3n oficial, [&hellip;]\" \/>\n<meta property=\"og:url\" content=\"https:\/\/eltrabajo.cl\/web\/bufanda-de-putaendo-ya-supera-los-28-kilometros-y-se-acerca-a-su-medicion-final\/\" \/>\n<meta property=\"og:site_name\" content=\"Diario El Trabajo\" \/>\n<meta property=\"article:publisher\" content=\"https:\/\/www.facebook.com\/ElTrabajoDiario\" \/>\n<meta property=\"article:published_time\" content=\"2026-04-29T00:28:05+00:00\" \/>\n<meta property=\"og:image\" content=\"https:\/\/eltrabajo.cl\/web\/wp-content\/uploads\/2026\/04\/bufanda-de-Putaendo-1.jpg\" \/>\n\t<meta property=\"og:image:width\" content=\"699\" \/>\n\t<meta property=\"og:image:height\" content=\"466\" \/>\n\t<meta property=\"og:image:type\" content=\"image\/jpeg\" \/>\n<meta name=\"author\" content=\"Diario El Trabajo\" \/>\n<meta name=\"twitter:card\" content=\"summary_large_image\" \/>\n<meta name=\"twitter:creator\" content=\"@diarioeltrabajo\" \/>\n<meta name=\"twitter:site\" content=\"@diarioeltrabajo\" \/>\n<meta name=\"twitter:label1\" content=\"Escrito por\" \/>\n\t<meta name=\"twitter:data1\" content=\"Diario El Trabajo\" \/>\n\t<meta name=\"twitter:label2\" content=\"Tiempo estimado de lectura\" \/>\n\t<meta name=\"twitter:data2\" content=\"4 minutos\" \/>\n<script type=\"application\/ld+json\" class=\"yoast-schema-graph\">{\"@context\":\"https:\\\/\\\/schema.org\",\"@graph\":[{\"@type\":\"Article\",\"@id\":\"https:\\\/\\\/eltrabajo.cl\\\/web\\\/bufanda-de-putaendo-ya-supera-los-28-kilometros-y-se-acerca-a-su-medicion-final\\\/#article\",\"isPartOf\":{\"@id\":\"https:\\\/\\\/eltrabajo.cl\\\/web\\\/bufanda-de-putaendo-ya-supera-los-28-kilometros-y-se-acerca-a-su-medicion-final\\\/\"},\"author\":{\"name\":\"Diario El Trabajo\",\"@id\":\"https:\\\/\\\/eltrabajo.cl\\\/web\\\/#\\\/schema\\\/person\\\/45efd3d17f86ec456e44dd7debe1bf19\"},\"headline\":\"Bufanda de Putaendo ya supera los 2,8 kil\u00f3metros y se acerca a su medici\u00f3n final\",\"datePublished\":\"2026-04-29T00:28:05+00:00\",\"mainEntityOfPage\":{\"@id\":\"https:\\\/\\\/eltrabajo.cl\\\/web\\\/bufanda-de-putaendo-ya-supera-los-28-kilometros-y-se-acerca-a-su-medicion-final\\\/\"},\"wordCount\":576,\"commentCount\":0,\"publisher\":{\"@id\":\"https:\\\/\\\/eltrabajo.cl\\\/web\\\/#organization\"},\"image\":{\"@id\":\"https:\\\/\\\/eltrabajo.cl\\\/web\\\/bufanda-de-putaendo-ya-supera-los-28-kilometros-y-se-acerca-a-su-medicion-final\\\/#primaryimage\"},\"thumbnailUrl\":\"https:\\\/\\\/eltrabajo.cl\\\/web\\\/wp-content\\\/uploads\\\/2026\\\/04\\\/bufanda-de-Putaendo-1.jpg\",\"articleSection\":[\"Arte y Cultura\",\"Comunidad\"],\"inLanguage\":\"es-CL\",\"potentialAction\":[{\"@type\":\"CommentAction\",\"name\":\"Comment\",\"target\":[\"https:\\\/\\\/eltrabajo.cl\\\/web\\\/bufanda-de-putaendo-ya-supera-los-28-kilometros-y-se-acerca-a-su-medicion-final\\\/#respond\"]}]},{\"@type\":\"WebPage\",\"@id\":\"https:\\\/\\\/eltrabajo.cl\\\/web\\\/bufanda-de-putaendo-ya-supera-los-28-kilometros-y-se-acerca-a-su-medicion-final\\\/\",\"url\":\"https:\\\/\\\/eltrabajo.cl\\\/web\\\/bufanda-de-putaendo-ya-supera-los-28-kilometros-y-se-acerca-a-su-medicion-final\\\/\",\"name\":\"Bufanda de Putaendo ya supera los 2,8 kil\u00f3metros y se acerca a su medici\u00f3n final - Diario El Trabajo\",\"isPartOf\":{\"@id\":\"https:\\\/\\\/eltrabajo.cl\\\/web\\\/#website\"},\"primaryImageOfPage\":{\"@id\":\"https:\\\/\\\/eltrabajo.cl\\\/web\\\/bufanda-de-putaendo-ya-supera-los-28-kilometros-y-se-acerca-a-su-medicion-final\\\/#primaryimage\"},\"image\":{\"@id\":\"https:\\\/\\\/eltrabajo.cl\\\/web\\\/bufanda-de-putaendo-ya-supera-los-28-kilometros-y-se-acerca-a-su-medicion-final\\\/#primaryimage\"},\"thumbnailUrl\":\"https:\\\/\\\/eltrabajo.cl\\\/web\\\/wp-content\\\/uploads\\\/2026\\\/04\\\/bufanda-de-Putaendo-1.jpg\",\"datePublished\":\"2026-04-29T00:28:05+00:00\",\"breadcrumb\":{\"@id\":\"https:\\\/\\\/eltrabajo.cl\\\/web\\\/bufanda-de-putaendo-ya-supera-los-28-kilometros-y-se-acerca-a-su-medicion-final\\\/#breadcrumb\"},\"inLanguage\":\"es-CL\",\"potentialAction\":[{\"@type\":\"ReadAction\",\"target\":[\"https:\\\/\\\/eltrabajo.cl\\\/web\\\/bufanda-de-putaendo-ya-supera-los-28-kilometros-y-se-acerca-a-su-medicion-final\\\/\"]}]},{\"@type\":\"ImageObject\",\"inLanguage\":\"es-CL\",\"@id\":\"https:\\\/\\\/eltrabajo.cl\\\/web\\\/bufanda-de-putaendo-ya-supera-los-28-kilometros-y-se-acerca-a-su-medicion-final\\\/#primaryimage\",\"url\":\"https:\\\/\\\/eltrabajo.cl\\\/web\\\/wp-content\\\/uploads\\\/2026\\\/04\\\/bufanda-de-Putaendo-1.jpg\",\"contentUrl\":\"https:\\\/\\\/eltrabajo.cl\\\/web\\\/wp-content\\\/uploads\\\/2026\\\/04\\\/bufanda-de-Putaendo-1.jpg\",\"width\":699,\"height\":466,\"caption\":\"M\u00e1s de 500 mujeres de distintos sectores de la comuna han participado en esta iniciativa, que ya supera los 2,8 kil\u00f3metros de tejido.\"},{\"@type\":\"BreadcrumbList\",\"@id\":\"https:\\\/\\\/eltrabajo.cl\\\/web\\\/bufanda-de-putaendo-ya-supera-los-28-kilometros-y-se-acerca-a-su-medicion-final\\\/#breadcrumb\",\"itemListElement\":[{\"@type\":\"ListItem\",\"position\":1,\"name\":\"Portada\",\"item\":\"https:\\\/\\\/eltrabajo.cl\\\/web\\\/\"},{\"@type\":\"ListItem\",\"position\":2,\"name\":\"Bufanda de Putaendo ya supera los 2,8 kil\u00f3metros y se acerca a su medici\u00f3n final\"}]},{\"@type\":\"WebSite\",\"@id\":\"https:\\\/\\\/eltrabajo.cl\\\/web\\\/#website\",\"url\":\"https:\\\/\\\/eltrabajo.cl\\\/web\\\/\",\"name\":\"Diario El Trabajo\",\"description\":\"Desde 1929 construyendo Identidad Local\",\"publisher\":{\"@id\":\"https:\\\/\\\/eltrabajo.cl\\\/web\\\/#organization\"},\"potentialAction\":[{\"@type\":\"SearchAction\",\"target\":{\"@type\":\"EntryPoint\",\"urlTemplate\":\"https:\\\/\\\/eltrabajo.cl\\\/web\\\/?s={search_term_string}\"},\"query-input\":{\"@type\":\"PropertyValueSpecification\",\"valueRequired\":true,\"valueName\":\"search_term_string\"}}],\"inLanguage\":\"es-CL\"},{\"@type\":\"Organization\",\"@id\":\"https:\\\/\\\/eltrabajo.cl\\\/web\\\/#organization\",\"name\":\"Diario El Trabajo\",\"url\":\"https:\\\/\\\/eltrabajo.cl\\\/web\\\/\",\"logo\":{\"@type\":\"ImageObject\",\"inLanguage\":\"es-CL\",\"@id\":\"https:\\\/\\\/eltrabajo.cl\\\/web\\\/#\\\/schema\\\/logo\\\/image\\\/\",\"url\":\"https:\\\/\\\/eltrabajo.cl\\\/web\\\/wp-content\\\/uploads\\\/2024\\\/06\\\/profile-image-ig-page-diarioeltrabajo.jpg\",\"contentUrl\":\"https:\\\/\\\/eltrabajo.cl\\\/web\\\/wp-content\\\/uploads\\\/2024\\\/06\\\/profile-image-ig-page-diarioeltrabajo.jpg\",\"width\":823,\"height\":823,\"caption\":\"Diario El Trabajo\"},\"image\":{\"@id\":\"https:\\\/\\\/eltrabajo.cl\\\/web\\\/#\\\/schema\\\/logo\\\/image\\\/\"},\"sameAs\":[\"https:\\\/\\\/www.facebook.com\\\/ElTrabajoDiario\",\"https:\\\/\\\/x.com\\\/diarioeltrabajo\"]},{\"@type\":\"Person\",\"@id\":\"https:\\\/\\\/eltrabajo.cl\\\/web\\\/#\\\/schema\\\/person\\\/45efd3d17f86ec456e44dd7debe1bf19\",\"name\":\"Diario El Trabajo\",\"image\":{\"@type\":\"ImageObject\",\"inLanguage\":\"es-CL\",\"@id\":\"https:\\\/\\\/secure.gravatar.com\\\/avatar\\\/7e6ec277dc4aea2677c2dc301d4227957219329c985ab69a3efc12518b5161aa?s=96&d=mm&r=g\",\"url\":\"https:\\\/\\\/secure.gravatar.com\\\/avatar\\\/7e6ec277dc4aea2677c2dc301d4227957219329c985ab69a3efc12518b5161aa?s=96&d=mm&r=g\",\"contentUrl\":\"https:\\\/\\\/secure.gravatar.com\\\/avatar\\\/7e6ec277dc4aea2677c2dc301d4227957219329c985ab69a3efc12518b5161aa?s=96&d=mm&r=g\",\"caption\":\"Diario El Trabajo\"},\"sameAs\":[\"https:\\\/\\\/eltrabajo.cl\\\/web\"],\"url\":\"https:\\\/\\\/eltrabajo.cl\\\/web\\\/author\\\/diario-el-trabajo\\\/\"}]}<\/script>\n<!-- \/ Yoast SEO plugin. -->","yoast_head_json":{"title":"Bufanda de Putaendo ya supera los 2,8 kil\u00f3metros y se acerca a su medici\u00f3n final - Diario El Trabajo","robots":{"index":"index","follow":"follow","max-snippet":"max-snippet:-1","max-image-preview":"max-image-preview:large","max-video-preview":"max-video-preview:-1"},"canonical":"https:\/\/eltrabajo.cl\/web\/bufanda-de-putaendo-ya-supera-los-28-kilometros-y-se-acerca-a-su-medicion-final\/","og_locale":"es_ES","og_type":"article","og_title":"Bufanda de Putaendo ya supera los 2,8 kil\u00f3metros y se acerca a su medici\u00f3n final - Diario El Trabajo","og_description":"La iniciativa comunitaria suma amplia participaci\u00f3n y cobertura televisiva, con miras a concretar en mayo la presentaci\u00f3n oficial de la bufanda m\u00e1s larga de Chile.- Un importante avance ha registrado la iniciativa de la \u2018bufanda m\u00e1s larga de Chile\u2019 que se desarrolla en la comuna de Putaendo, la cual recientemente vivi\u00f3 su primera medici\u00f3n oficial, [&hellip;]","og_url":"https:\/\/eltrabajo.cl\/web\/bufanda-de-putaendo-ya-supera-los-28-kilometros-y-se-acerca-a-su-medicion-final\/","og_site_name":"Diario El Trabajo","article_publisher":"https:\/\/www.facebook.com\/ElTrabajoDiario","article_published_time":"2026-04-29T00:28:05+00:00","og_image":[{"width":699,"height":466,"url":"https:\/\/eltrabajo.cl\/web\/wp-content\/uploads\/2026\/04\/bufanda-de-Putaendo-1.jpg","type":"image\/jpeg"}],"author":"Diario El Trabajo","twitter_card":"summary_large_image","twitter_creator":"@diarioeltrabajo","twitter_site":"@diarioeltrabajo","twitter_misc":{"Escrito por":"Diario El Trabajo","Tiempo estimado de lectura":"4 minutos"},"schema":{"@context":"https:\/\/schema.org","@graph":[{"@type":"Article","@id":"https:\/\/eltrabajo.cl\/web\/bufanda-de-putaendo-ya-supera-los-28-kilometros-y-se-acerca-a-su-medicion-final\/#article","isPartOf":{"@id":"https:\/\/eltrabajo.cl\/web\/bufanda-de-putaendo-ya-supera-los-28-kilometros-y-se-acerca-a-su-medicion-final\/"},"author":{"name":"Diario El Trabajo","@id":"https:\/\/eltrabajo.cl\/web\/#\/schema\/person\/45efd3d17f86ec456e44dd7debe1bf19"},"headline":"Bufanda de Putaendo ya supera los 2,8 kil\u00f3metros y se acerca a su medici\u00f3n final","datePublished":"2026-04-29T00:28:05+00:00","mainEntityOfPage":{"@id":"https:\/\/eltrabajo.cl\/web\/bufanda-de-putaendo-ya-supera-los-28-kilometros-y-se-acerca-a-su-medicion-final\/"},"wordCount":576,"commentCount":0,"publisher":{"@id":"https:\/\/eltrabajo.cl\/web\/#organization"},"image":{"@id":"https:\/\/eltrabajo.cl\/web\/bufanda-de-putaendo-ya-supera-los-28-kilometros-y-se-acerca-a-su-medicion-final\/#primaryimage"},"thumbnailUrl":"https:\/\/eltrabajo.cl\/web\/wp-content\/uploads\/2026\/04\/bufanda-de-Putaendo-1.jpg","articleSection":["Arte y Cultura","Comunidad"],"inLanguage":"es-CL","potentialAction":[{"@type":"CommentAction","name":"Comment","target":["https:\/\/eltrabajo.cl\/web\/bufanda-de-putaendo-ya-supera-los-28-kilometros-y-se-acerca-a-su-medicion-final\/#respond"]}]},{"@type":"WebPage","@id":"https:\/\/eltrabajo.cl\/web\/bufanda-de-putaendo-ya-supera-los-28-kilometros-y-se-acerca-a-su-medicion-final\/","url":"https:\/\/eltrabajo.cl\/web\/bufanda-de-putaendo-ya-supera-los-28-kilometros-y-se-acerca-a-su-medicion-final\/","name":"Bufanda de Putaendo ya supera los 2,8 kil\u00f3metros y se acerca a su medici\u00f3n final - Diario El Trabajo","isPartOf":{"@id":"https:\/\/eltrabajo.cl\/web\/#website"},"primaryImageOfPage":{"@id":"https:\/\/eltrabajo.cl\/web\/bufanda-de-putaendo-ya-supera-los-28-kilometros-y-se-acerca-a-su-medicion-final\/#primaryimage"},"image":{"@id":"https:\/\/eltrabajo.cl\/web\/bufanda-de-putaendo-ya-supera-los-28-kilometros-y-se-acerca-a-su-medicion-final\/#primaryimage"},"thumbnailUrl":"https:\/\/eltrabajo.cl\/web\/wp-content\/uploads\/2026\/04\/bufanda-de-Putaendo-1.jpg","datePublished":"2026-04-29T00:28:05+00:00","breadcrumb":{"@id":"https:\/\/eltrabajo.cl\/web\/bufanda-de-putaendo-ya-supera-los-28-kilometros-y-se-acerca-a-su-medicion-final\/#breadcrumb"},"inLanguage":"es-CL","potentialAction":[{"@type":"ReadAction","target":["https:\/\/eltrabajo.cl\/web\/bufanda-de-putaendo-ya-supera-los-28-kilometros-y-se-acerca-a-su-medicion-final\/"]}]},{"@type":"ImageObject","inLanguage":"es-CL","@id":"https:\/\/eltrabajo.cl\/web\/bufanda-de-putaendo-ya-supera-los-28-kilometros-y-se-acerca-a-su-medicion-final\/#primaryimage","url":"https:\/\/eltrabajo.cl\/web\/wp-content\/uploads\/2026\/04\/bufanda-de-Putaendo-1.jpg","contentUrl":"https:\/\/eltrabajo.cl\/web\/wp-content\/uploads\/2026\/04\/bufanda-de-Putaendo-1.jpg","width":699,"height":466,"caption":"M\u00e1s de 500 mujeres de distintos sectores de la comuna han participado en esta iniciativa, que ya supera los 2,8 kil\u00f3metros de tejido."},{"@type":"BreadcrumbList","@id":"https:\/\/eltrabajo.cl\/web\/bufanda-de-putaendo-ya-supera-los-28-kilometros-y-se-acerca-a-su-medicion-final\/#breadcrumb","itemListElement":[{"@type":"ListItem","position":1,"name":"Portada","item":"https:\/\/eltrabajo.cl\/web\/"},{"@type":"ListItem","position":2,"name":"Bufanda de Putaendo ya supera los 2,8 kil\u00f3metros y se acerca a su medici\u00f3n final"}]},{"@type":"WebSite","@id":"https:\/\/eltrabajo.cl\/web\/#website","url":"https:\/\/eltrabajo.cl\/web\/","name":"Diario El Trabajo","description":"Desde 1929 construyendo Identidad Local","publisher":{"@id":"https:\/\/eltrabajo.cl\/web\/#organization"},"potentialAction":[{"@type":"SearchAction","target":{"@type":"EntryPoint","urlTemplate":"https:\/\/eltrabajo.cl\/web\/?s={search_term_string}"},"query-input":{"@type":"PropertyValueSpecification","valueRequired":true,"valueName":"search_term_string"}}],"inLanguage":"es-CL"},{"@type":"Organization","@id":"https:\/\/eltrabajo.cl\/web\/#organization","name":"Diario El Trabajo","url":"https:\/\/eltrabajo.cl\/web\/","logo":{"@type":"ImageObject","inLanguage":"es-CL","@id":"https:\/\/eltrabajo.cl\/web\/#\/schema\/logo\/image\/","url":"https:\/\/eltrabajo.cl\/web\/wp-content\/uploads\/2024\/06\/profile-image-ig-page-diarioeltrabajo.jpg","contentUrl":"https:\/\/eltrabajo.cl\/web\/wp-content\/uploads\/2024\/06\/profile-image-ig-page-diarioeltrabajo.jpg","width":823,"height":823,"caption":"Diario El Trabajo"},"image":{"@id":"https:\/\/eltrabajo.cl\/web\/#\/schema\/logo\/image\/"},"sameAs":["https:\/\/www.facebook.com\/ElTrabajoDiario","https:\/\/x.com\/diarioeltrabajo"]},{"@type":"Person","@id":"https:\/\/eltrabajo.cl\/web\/#\/schema\/person\/45efd3d17f86ec456e44dd7debe1bf19","name":"Diario El Trabajo","image":{"@type":"ImageObject","inLanguage":"es-CL","@id":"https:\/\/secure.gravatar.com\/avatar\/7e6ec277dc4aea2677c2dc301d4227957219329c985ab69a3efc12518b5161aa?s=96&d=mm&r=g","url":"https:\/\/secure.gravatar.com\/avatar\/7e6ec277dc4aea2677c2dc301d4227957219329c985ab69a3efc12518b5161aa?s=96&d=mm&r=g","contentUrl":"https:\/\/secure.gravatar.com\/avatar\/7e6ec277dc4aea2677c2dc301d4227957219329c985ab69a3efc12518b5161aa?s=96&d=mm&r=g","caption":"Diario El Trabajo"},"sameAs":["https:\/\/eltrabajo.cl\/web"],"url":"https:\/\/eltrabajo.cl\/web\/author\/diario-el-trabajo\/"}]}},"_links":{"self":[{"href":"https:\/\/eltrabajo.cl\/web\/wp-json\/wp\/v2\/posts\/144322","targetHints":{"allow":["GET"]}}],"collection":[{"href":"https:\/\/eltrabajo.cl\/web\/wp-json\/wp\/v2\/posts"}],"about":[{"href":"https:\/\/eltrabajo.cl\/web\/wp-json\/wp\/v2\/types\/post"}],"author":[{"embeddable":true,"href":"https:\/\/eltrabajo.cl\/web\/wp-json\/wp\/v2\/users\/1"}],"replies":[{"embeddable":true,"href":"https:\/\/eltrabajo.cl\/web\/wp-json\/wp\/v2\/comments?post=144322"}],"version-history":[{"count":1,"href":"https:\/\/eltrabajo.cl\/web\/wp-json\/wp\/v2\/posts\/144322\/revisions"}],"predecessor-version":[{"id":144327,"href":"https:\/\/eltrabajo.cl\/web\/wp-json\/wp\/v2\/posts\/144322\/revisions\/144327"}],"wp:featuredmedia":[{"embeddable":true,"href":"https:\/\/eltrabajo.cl\/web\/wp-json\/wp\/v2\/media\/144323"}],"wp:attachment":[{"href":"https:\/\/eltrabajo.cl\/web\/wp-json\/wp\/v2\/media?parent=144322"}],"wp:term":[{"taxonomy":"category","embeddable":true,"href":"https:\/\/eltrabajo.cl\/web\/wp-json\/wp\/v2\/categories?post=144322"},{"taxonomy":"post_tag","embeddable":true,"href":"https:\/\/eltrabajo.cl\/web\/wp-json\/wp\/v2\/tags?post=144322"}],"curies":[{"name":"wp","href":"https:\/\/api.w.org\/{rel}","templated":true}]}}