{"id":144328,"date":"2026-04-28T21:29:17","date_gmt":"2026-04-29T00:29:17","guid":{"rendered":"https:\/\/eltrabajo.cl\/web\/?p=144328"},"modified":"2026-04-28T21:29:17","modified_gmt":"2026-04-29T00:29:17","slug":"cinco-casas-destruidas-deja-incendio-en-la-toma-de-san-felipe","status":"publish","type":"post","link":"https:\/\/eltrabajo.cl\/web\/cinco-casas-destruidas-deja-incendio-en-la-toma-de-san-felipe\/","title":{"rendered":"Cinco casas destruidas deja incendio en la Toma de San Felipe"},"content":{"rendered":"<ul>\n<li><strong>Investigan posible intencionalidad en el origen de las llamas. Un ciudadano haitiano fue detenido.\u2013<\/strong><\/li>\n<\/ul>\n<p>Durante la ma\u00f1ana de este martes, un nuevo incendio ocurri\u00f3 en la Toma de San Felipe, debiendo concurrir varias unidades de Bomberos de la ciudad para evitar una propagaci\u00f3n mayor de las llamas. Y es que las viviendas de material ligero y sin ninguna medida de seguridad, se convierten en un verdadero peligro para la extensi\u00f3n del fuego.<\/p>\n<p>Es por esto, que Bomberos acudi\u00f3 r\u00e1pidamente al lugar de los hechos, debiendo concurrir con varias unidades para poder controlar el siniestro. Al respecto, <strong>Luis Hinojosa<\/strong>, segundo comandante del Cuerpo de Bomberos de San Felipe, se\u00f1al\u00f3 que <em>\u00abalrededor de las 7 de la ma\u00f1ana fuimos alertados a la central 132 de nosotros, de un incendio estructural en el sector de la Toma, el cual concurrieron dos unidades. A la llegada se detect\u00f3 que hab\u00eda un incendio estructural en fase de libre combusti\u00f3n de material ligero, el cual fuimos despachando unidades a la solicitud del personal\u00bb<\/em>.<\/p>\n<p>En este contexto, el comandante Hinojosa indic\u00f3 que <em>\u00abdespachamos cinco unidades, alrededor de 50 bomberos estuvieron trabajando en las labores de extinci\u00f3n del incendio. Esto fue controlado y afect\u00f3 alrededor de cinco viviendas en el sector. De momento no tenemos ning\u00fan bombero o civil lesionado, con la presencia de Carabineros se pudo ingresar sin ning\u00fan problema\u00bb<\/em>, estableci\u00f3<em>.<\/em><\/p>\n<p>Asimismo, y en cuanto a las causas del siniestro, Hinojosa sostuvo que <em>\u00abest\u00e1 en materia de investigaci\u00f3n por parte de nuestro Departamento de Investigaci\u00f3n de Incendios, donde se va a determinar la causa y el origen del incendio\u00bb<\/em>.<\/p>\n<p>Sin embargo, el origen del siniestro tendr\u00eda un car\u00e1cter de intencional, luego que un sujeto expresara que habr\u00eda sido v\u00edctima de amenazas, en las que indicaban que su vivienda ser\u00eda quemada.<\/p>\n<p>En este sentido, el delegado presidencial provincial de San Felipe de Aconcagua, <strong>Sebasti\u00e1n Caldera<\/strong>, sostuvo que se trat\u00f3 de una emergencia <em>\u00abde total preocupaci\u00f3n por los vecinos, por los ciudadanos de la provincia, por la estructura y por el material que es la Toma Yevide. Pudiese haber sido mucho m\u00e1s grande (el incendio), afortunadamente se cuenta con una compa\u00f1\u00eda de Bomberos muy cerca, la reacci\u00f3n fue oportuna y vimos que los resultados no fueron tantos como los que hubi\u00e9ramos imaginado\u00bb<\/em>, expres\u00f3.<\/p>\n<p>En esta misma l\u00ednea, Caldera agreg\u00f3 que en el marco del trabajo y la presencia de algunos testigos, se logr\u00f3 encontrar incluso un arma de fuego y municiones.<\/p>\n<p>\u00ab<em>Si bien hubo cinco casas<\/em> (quemadas)<em>, son casas que son unidas, son el doble de una mediagua para que se entienda. Estas fueron quemadas completas, pero el fuego fue controlado en su justa medida por cuatro compa\u00f1\u00edas, 50 funcionarios de Bomberos, con el apoyo de Carabineros se pudo identificar a una de las propietarias de nacionalidad boliviana, de 23 a\u00f1os, y luego ocurri\u00f3 que lleg\u00f3 gente a buscar cosas al lugar, lo cual se hizo una denuncia por personas que estaban ah\u00ed.<\/em><\/p>\n<p>\u00ab<em>Bomberos avis\u00f3 a Carabineros, concurri\u00f3 al lugar, se encontr\u00f3 un rev\u00f3lver con una munici\u00f3n, un ciudadano haitiano fue detenido, y este dijo que andaba en el lugar y que hab\u00eda estado con personas antes que se produjera el incendio\u00bb<\/em>, a\u00f1adi\u00f3 el delegado.<\/p>\n<p>Finalmente, la autoridad provincial expres\u00f3 que <em>\u00abel fiscal orden\u00f3 diligencias de la Labocar y estamos a la espera de ese informe. La persona fue detenida, estamos a la espera de los informes oficiales, tanto de Bomberos, porque queremos saber por qu\u00e9 se produjo\u00bb<\/em>, cerr\u00f3.<\/p>\n<figure id=\"attachment_144329\" aria-describedby=\"caption-attachment-144329\" style=\"width: 698px\" class=\"wp-caption alignnone\"><img loading=\"lazy\" decoding=\"async\" class=\"size-full wp-image-144329\" src=\"https:\/\/eltrabajo.cl\/web\/wp-content\/uploads\/2026\/04\/incendio-en-la-Toma-2.jpg\" alt=\"Investigan posible intencionalidad en el origen de las llamas. \" width=\"698\" height=\"388\" srcset=\"https:\/\/eltrabajo.cl\/web\/wp-content\/uploads\/2026\/04\/incendio-en-la-Toma-2.jpg 698w, https:\/\/eltrabajo.cl\/web\/wp-content\/uploads\/2026\/04\/incendio-en-la-Toma-2-300x167.jpg 300w, https:\/\/eltrabajo.cl\/web\/wp-content\/uploads\/2026\/04\/incendio-en-la-Toma-2-150x83.jpg 150w, https:\/\/eltrabajo.cl\/web\/wp-content\/uploads\/2026\/04\/incendio-en-la-Toma-2-696x387.jpg 696w\" sizes=\"auto, (max-width: 698px) 100vw, 698px\" \/><figcaption id=\"caption-attachment-144329\" class=\"wp-caption-text\">Investigan posible intencionalidad en el origen de las llamas.<\/figcaption><\/figure>\n<figure id=\"attachment_144330\" aria-describedby=\"caption-attachment-144330\" style=\"width: 699px\" class=\"wp-caption alignnone\"><img loading=\"lazy\" decoding=\"async\" class=\"size-full wp-image-144330\" src=\"https:\/\/eltrabajo.cl\/web\/wp-content\/uploads\/2026\/04\/incendio-en-la-Toma-1.jpg\" alt=\"Cinco viviendas destruidas en un nuevo incendio en la Toma. \" width=\"699\" height=\"525\" srcset=\"https:\/\/eltrabajo.cl\/web\/wp-content\/uploads\/2026\/04\/incendio-en-la-Toma-1.jpg 699w, https:\/\/eltrabajo.cl\/web\/wp-content\/uploads\/2026\/04\/incendio-en-la-Toma-1-300x225.jpg 300w, https:\/\/eltrabajo.cl\/web\/wp-content\/uploads\/2026\/04\/incendio-en-la-Toma-1-559x420.jpg 559w, https:\/\/eltrabajo.cl\/web\/wp-content\/uploads\/2026\/04\/incendio-en-la-Toma-1-80x60.jpg 80w, https:\/\/eltrabajo.cl\/web\/wp-content\/uploads\/2026\/04\/incendio-en-la-Toma-1-150x113.jpg 150w, https:\/\/eltrabajo.cl\/web\/wp-content\/uploads\/2026\/04\/incendio-en-la-Toma-1-696x523.jpg 696w\" sizes=\"auto, (max-width: 699px) 100vw, 699px\" \/><figcaption id=\"caption-attachment-144330\" class=\"wp-caption-text\">Cinco viviendas destruidas en un nuevo incendio en la Toma.<\/figcaption><\/figure>\n","protected":false},"excerpt":{"rendered":"<p>Investigan posible intencionalidad en el origen de las llamas. Un ciudadano haitiano fue detenido.\u2013 Durante la ma\u00f1ana de este martes, un nuevo incendio ocurri\u00f3 en la Toma de San Felipe, debiendo concurrir varias unidades de Bomberos de la ciudad para evitar una propagaci\u00f3n mayor de las llamas. Y es que las viviendas de material ligero [&hellip;]<\/p>\n","protected":false},"author":1,"featured_media":144329,"comment_status":"open","ping_status":"closed","sticky":false,"template":"","format":"standard","meta":{"footnotes":""},"categories":[5],"tags":[],"class_list":{"0":"post-144328","1":"post","2":"type-post","3":"status-publish","4":"format-standard","5":"has-post-thumbnail","7":"category-policial"},"yoast_head":"<!-- This site is optimized with the Yoast SEO plugin v27.5 - https:\/\/yoast.com\/product\/yoast-seo-wordpress\/ -->\n<title>Cinco casas destruidas deja incendio en la Toma de San Felipe - Diario El Trabajo<\/title>\n<meta name=\"robots\" content=\"index, follow, max-snippet:-1, max-image-preview:large, max-video-preview:-1\" \/>\n<link rel=\"canonical\" href=\"https:\/\/eltrabajo.cl\/web\/cinco-casas-destruidas-deja-incendio-en-la-toma-de-san-felipe\/\" \/>\n<meta property=\"og:locale\" content=\"es_ES\" \/>\n<meta property=\"og:type\" content=\"article\" \/>\n<meta property=\"og:title\" content=\"Cinco casas destruidas deja incendio en la Toma de San Felipe - Diario El Trabajo\" \/>\n<meta property=\"og:description\" content=\"Investigan posible intencionalidad en el origen de las llamas. Un ciudadano haitiano fue detenido.\u2013 Durante la ma\u00f1ana de este martes, un nuevo incendio ocurri\u00f3 en la Toma de San Felipe, debiendo concurrir varias unidades de Bomberos de la ciudad para evitar una propagaci\u00f3n mayor de las llamas. Y es que las viviendas de material ligero [&hellip;]\" \/>\n<meta property=\"og:url\" content=\"https:\/\/eltrabajo.cl\/web\/cinco-casas-destruidas-deja-incendio-en-la-toma-de-san-felipe\/\" \/>\n<meta property=\"og:site_name\" content=\"Diario El Trabajo\" \/>\n<meta property=\"article:publisher\" content=\"https:\/\/www.facebook.com\/ElTrabajoDiario\" \/>\n<meta property=\"article:published_time\" content=\"2026-04-29T00:29:17+00:00\" \/>\n<meta property=\"og:image\" content=\"https:\/\/eltrabajo.cl\/web\/wp-content\/uploads\/2026\/04\/incendio-en-la-Toma-2.jpg\" \/>\n\t<meta property=\"og:image:width\" content=\"698\" \/>\n\t<meta property=\"og:image:height\" content=\"388\" \/>\n\t<meta property=\"og:image:type\" content=\"image\/jpeg\" \/>\n<meta name=\"author\" content=\"Diario El Trabajo\" \/>\n<meta name=\"twitter:card\" content=\"summary_large_image\" \/>\n<meta name=\"twitter:creator\" content=\"@diarioeltrabajo\" \/>\n<meta name=\"twitter:site\" content=\"@diarioeltrabajo\" \/>\n<meta name=\"twitter:label1\" content=\"Escrito por\" \/>\n\t<meta name=\"twitter:data1\" content=\"Diario El Trabajo\" \/>\n\t<meta name=\"twitter:label2\" content=\"Tiempo estimado de lectura\" \/>\n\t<meta name=\"twitter:data2\" content=\"4 minutos\" \/>\n<script type=\"application\/ld+json\" class=\"yoast-schema-graph\">{\"@context\":\"https:\\\/\\\/schema.org\",\"@graph\":[{\"@type\":\"Article\",\"@id\":\"https:\\\/\\\/eltrabajo.cl\\\/web\\\/cinco-casas-destruidas-deja-incendio-en-la-toma-de-san-felipe\\\/#article\",\"isPartOf\":{\"@id\":\"https:\\\/\\\/eltrabajo.cl\\\/web\\\/cinco-casas-destruidas-deja-incendio-en-la-toma-de-san-felipe\\\/\"},\"author\":{\"name\":\"Diario El Trabajo\",\"@id\":\"https:\\\/\\\/eltrabajo.cl\\\/web\\\/#\\\/schema\\\/person\\\/45efd3d17f86ec456e44dd7debe1bf19\"},\"headline\":\"Cinco casas destruidas deja incendio en la Toma de San Felipe\",\"datePublished\":\"2026-04-29T00:29:17+00:00\",\"mainEntityOfPage\":{\"@id\":\"https:\\\/\\\/eltrabajo.cl\\\/web\\\/cinco-casas-destruidas-deja-incendio-en-la-toma-de-san-felipe\\\/\"},\"wordCount\":640,\"commentCount\":0,\"publisher\":{\"@id\":\"https:\\\/\\\/eltrabajo.cl\\\/web\\\/#organization\"},\"image\":{\"@id\":\"https:\\\/\\\/eltrabajo.cl\\\/web\\\/cinco-casas-destruidas-deja-incendio-en-la-toma-de-san-felipe\\\/#primaryimage\"},\"thumbnailUrl\":\"https:\\\/\\\/eltrabajo.cl\\\/web\\\/wp-content\\\/uploads\\\/2026\\\/04\\\/incendio-en-la-Toma-2.jpg\",\"articleSection\":[\"Policial\"],\"inLanguage\":\"es-CL\",\"potentialAction\":[{\"@type\":\"CommentAction\",\"name\":\"Comment\",\"target\":[\"https:\\\/\\\/eltrabajo.cl\\\/web\\\/cinco-casas-destruidas-deja-incendio-en-la-toma-de-san-felipe\\\/#respond\"]}]},{\"@type\":\"WebPage\",\"@id\":\"https:\\\/\\\/eltrabajo.cl\\\/web\\\/cinco-casas-destruidas-deja-incendio-en-la-toma-de-san-felipe\\\/\",\"url\":\"https:\\\/\\\/eltrabajo.cl\\\/web\\\/cinco-casas-destruidas-deja-incendio-en-la-toma-de-san-felipe\\\/\",\"name\":\"Cinco casas destruidas deja incendio en la Toma de San Felipe - Diario El Trabajo\",\"isPartOf\":{\"@id\":\"https:\\\/\\\/eltrabajo.cl\\\/web\\\/#website\"},\"primaryImageOfPage\":{\"@id\":\"https:\\\/\\\/eltrabajo.cl\\\/web\\\/cinco-casas-destruidas-deja-incendio-en-la-toma-de-san-felipe\\\/#primaryimage\"},\"image\":{\"@id\":\"https:\\\/\\\/eltrabajo.cl\\\/web\\\/cinco-casas-destruidas-deja-incendio-en-la-toma-de-san-felipe\\\/#primaryimage\"},\"thumbnailUrl\":\"https:\\\/\\\/eltrabajo.cl\\\/web\\\/wp-content\\\/uploads\\\/2026\\\/04\\\/incendio-en-la-Toma-2.jpg\",\"datePublished\":\"2026-04-29T00:29:17+00:00\",\"breadcrumb\":{\"@id\":\"https:\\\/\\\/eltrabajo.cl\\\/web\\\/cinco-casas-destruidas-deja-incendio-en-la-toma-de-san-felipe\\\/#breadcrumb\"},\"inLanguage\":\"es-CL\",\"potentialAction\":[{\"@type\":\"ReadAction\",\"target\":[\"https:\\\/\\\/eltrabajo.cl\\\/web\\\/cinco-casas-destruidas-deja-incendio-en-la-toma-de-san-felipe\\\/\"]}]},{\"@type\":\"ImageObject\",\"inLanguage\":\"es-CL\",\"@id\":\"https:\\\/\\\/eltrabajo.cl\\\/web\\\/cinco-casas-destruidas-deja-incendio-en-la-toma-de-san-felipe\\\/#primaryimage\",\"url\":\"https:\\\/\\\/eltrabajo.cl\\\/web\\\/wp-content\\\/uploads\\\/2026\\\/04\\\/incendio-en-la-Toma-2.jpg\",\"contentUrl\":\"https:\\\/\\\/eltrabajo.cl\\\/web\\\/wp-content\\\/uploads\\\/2026\\\/04\\\/incendio-en-la-Toma-2.jpg\",\"width\":698,\"height\":388,\"caption\":\"Investigan posible intencionalidad en el origen de las llamas.\"},{\"@type\":\"BreadcrumbList\",\"@id\":\"https:\\\/\\\/eltrabajo.cl\\\/web\\\/cinco-casas-destruidas-deja-incendio-en-la-toma-de-san-felipe\\\/#breadcrumb\",\"itemListElement\":[{\"@type\":\"ListItem\",\"position\":1,\"name\":\"Portada\",\"item\":\"https:\\\/\\\/eltrabajo.cl\\\/web\\\/\"},{\"@type\":\"ListItem\",\"position\":2,\"name\":\"Cinco casas destruidas deja incendio en la Toma de San Felipe\"}]},{\"@type\":\"WebSite\",\"@id\":\"https:\\\/\\\/eltrabajo.cl\\\/web\\\/#website\",\"url\":\"https:\\\/\\\/eltrabajo.cl\\\/web\\\/\",\"name\":\"Diario El Trabajo\",\"description\":\"Desde 1929 construyendo Identidad Local\",\"publisher\":{\"@id\":\"https:\\\/\\\/eltrabajo.cl\\\/web\\\/#organization\"},\"potentialAction\":[{\"@type\":\"SearchAction\",\"target\":{\"@type\":\"EntryPoint\",\"urlTemplate\":\"https:\\\/\\\/eltrabajo.cl\\\/web\\\/?s={search_term_string}\"},\"query-input\":{\"@type\":\"PropertyValueSpecification\",\"valueRequired\":true,\"valueName\":\"search_term_string\"}}],\"inLanguage\":\"es-CL\"},{\"@type\":\"Organization\",\"@id\":\"https:\\\/\\\/eltrabajo.cl\\\/web\\\/#organization\",\"name\":\"Diario El Trabajo\",\"url\":\"https:\\\/\\\/eltrabajo.cl\\\/web\\\/\",\"logo\":{\"@type\":\"ImageObject\",\"inLanguage\":\"es-CL\",\"@id\":\"https:\\\/\\\/eltrabajo.cl\\\/web\\\/#\\\/schema\\\/logo\\\/image\\\/\",\"url\":\"https:\\\/\\\/eltrabajo.cl\\\/web\\\/wp-content\\\/uploads\\\/2024\\\/06\\\/profile-image-ig-page-diarioeltrabajo.jpg\",\"contentUrl\":\"https:\\\/\\\/eltrabajo.cl\\\/web\\\/wp-content\\\/uploads\\\/2024\\\/06\\\/profile-image-ig-page-diarioeltrabajo.jpg\",\"width\":823,\"height\":823,\"caption\":\"Diario El Trabajo\"},\"image\":{\"@id\":\"https:\\\/\\\/eltrabajo.cl\\\/web\\\/#\\\/schema\\\/logo\\\/image\\\/\"},\"sameAs\":[\"https:\\\/\\\/www.facebook.com\\\/ElTrabajoDiario\",\"https:\\\/\\\/x.com\\\/diarioeltrabajo\"]},{\"@type\":\"Person\",\"@id\":\"https:\\\/\\\/eltrabajo.cl\\\/web\\\/#\\\/schema\\\/person\\\/45efd3d17f86ec456e44dd7debe1bf19\",\"name\":\"Diario El Trabajo\",\"image\":{\"@type\":\"ImageObject\",\"inLanguage\":\"es-CL\",\"@id\":\"https:\\\/\\\/secure.gravatar.com\\\/avatar\\\/7e6ec277dc4aea2677c2dc301d4227957219329c985ab69a3efc12518b5161aa?s=96&d=mm&r=g\",\"url\":\"https:\\\/\\\/secure.gravatar.com\\\/avatar\\\/7e6ec277dc4aea2677c2dc301d4227957219329c985ab69a3efc12518b5161aa?s=96&d=mm&r=g\",\"contentUrl\":\"https:\\\/\\\/secure.gravatar.com\\\/avatar\\\/7e6ec277dc4aea2677c2dc301d4227957219329c985ab69a3efc12518b5161aa?s=96&d=mm&r=g\",\"caption\":\"Diario El Trabajo\"},\"sameAs\":[\"https:\\\/\\\/eltrabajo.cl\\\/web\"],\"url\":\"https:\\\/\\\/eltrabajo.cl\\\/web\\\/author\\\/diario-el-trabajo\\\/\"}]}<\/script>\n<!-- \/ Yoast SEO plugin. -->","yoast_head_json":{"title":"Cinco casas destruidas deja incendio en la Toma de San Felipe - Diario El Trabajo","robots":{"index":"index","follow":"follow","max-snippet":"max-snippet:-1","max-image-preview":"max-image-preview:large","max-video-preview":"max-video-preview:-1"},"canonical":"https:\/\/eltrabajo.cl\/web\/cinco-casas-destruidas-deja-incendio-en-la-toma-de-san-felipe\/","og_locale":"es_ES","og_type":"article","og_title":"Cinco casas destruidas deja incendio en la Toma de San Felipe - Diario El Trabajo","og_description":"Investigan posible intencionalidad en el origen de las llamas. Un ciudadano haitiano fue detenido.\u2013 Durante la ma\u00f1ana de este martes, un nuevo incendio ocurri\u00f3 en la Toma de San Felipe, debiendo concurrir varias unidades de Bomberos de la ciudad para evitar una propagaci\u00f3n mayor de las llamas. Y es que las viviendas de material ligero [&hellip;]","og_url":"https:\/\/eltrabajo.cl\/web\/cinco-casas-destruidas-deja-incendio-en-la-toma-de-san-felipe\/","og_site_name":"Diario El Trabajo","article_publisher":"https:\/\/www.facebook.com\/ElTrabajoDiario","article_published_time":"2026-04-29T00:29:17+00:00","og_image":[{"width":698,"height":388,"url":"https:\/\/eltrabajo.cl\/web\/wp-content\/uploads\/2026\/04\/incendio-en-la-Toma-2.jpg","type":"image\/jpeg"}],"author":"Diario El Trabajo","twitter_card":"summary_large_image","twitter_creator":"@diarioeltrabajo","twitter_site":"@diarioeltrabajo","twitter_misc":{"Escrito por":"Diario El Trabajo","Tiempo estimado de lectura":"4 minutos"},"schema":{"@context":"https:\/\/schema.org","@graph":[{"@type":"Article","@id":"https:\/\/eltrabajo.cl\/web\/cinco-casas-destruidas-deja-incendio-en-la-toma-de-san-felipe\/#article","isPartOf":{"@id":"https:\/\/eltrabajo.cl\/web\/cinco-casas-destruidas-deja-incendio-en-la-toma-de-san-felipe\/"},"author":{"name":"Diario El Trabajo","@id":"https:\/\/eltrabajo.cl\/web\/#\/schema\/person\/45efd3d17f86ec456e44dd7debe1bf19"},"headline":"Cinco casas destruidas deja incendio en la Toma de San Felipe","datePublished":"2026-04-29T00:29:17+00:00","mainEntityOfPage":{"@id":"https:\/\/eltrabajo.cl\/web\/cinco-casas-destruidas-deja-incendio-en-la-toma-de-san-felipe\/"},"wordCount":640,"commentCount":0,"publisher":{"@id":"https:\/\/eltrabajo.cl\/web\/#organization"},"image":{"@id":"https:\/\/eltrabajo.cl\/web\/cinco-casas-destruidas-deja-incendio-en-la-toma-de-san-felipe\/#primaryimage"},"thumbnailUrl":"https:\/\/eltrabajo.cl\/web\/wp-content\/uploads\/2026\/04\/incendio-en-la-Toma-2.jpg","articleSection":["Policial"],"inLanguage":"es-CL","potentialAction":[{"@type":"CommentAction","name":"Comment","target":["https:\/\/eltrabajo.cl\/web\/cinco-casas-destruidas-deja-incendio-en-la-toma-de-san-felipe\/#respond"]}]},{"@type":"WebPage","@id":"https:\/\/eltrabajo.cl\/web\/cinco-casas-destruidas-deja-incendio-en-la-toma-de-san-felipe\/","url":"https:\/\/eltrabajo.cl\/web\/cinco-casas-destruidas-deja-incendio-en-la-toma-de-san-felipe\/","name":"Cinco casas destruidas deja incendio en la Toma de San Felipe - Diario El Trabajo","isPartOf":{"@id":"https:\/\/eltrabajo.cl\/web\/#website"},"primaryImageOfPage":{"@id":"https:\/\/eltrabajo.cl\/web\/cinco-casas-destruidas-deja-incendio-en-la-toma-de-san-felipe\/#primaryimage"},"image":{"@id":"https:\/\/eltrabajo.cl\/web\/cinco-casas-destruidas-deja-incendio-en-la-toma-de-san-felipe\/#primaryimage"},"thumbnailUrl":"https:\/\/eltrabajo.cl\/web\/wp-content\/uploads\/2026\/04\/incendio-en-la-Toma-2.jpg","datePublished":"2026-04-29T00:29:17+00:00","breadcrumb":{"@id":"https:\/\/eltrabajo.cl\/web\/cinco-casas-destruidas-deja-incendio-en-la-toma-de-san-felipe\/#breadcrumb"},"inLanguage":"es-CL","potentialAction":[{"@type":"ReadAction","target":["https:\/\/eltrabajo.cl\/web\/cinco-casas-destruidas-deja-incendio-en-la-toma-de-san-felipe\/"]}]},{"@type":"ImageObject","inLanguage":"es-CL","@id":"https:\/\/eltrabajo.cl\/web\/cinco-casas-destruidas-deja-incendio-en-la-toma-de-san-felipe\/#primaryimage","url":"https:\/\/eltrabajo.cl\/web\/wp-content\/uploads\/2026\/04\/incendio-en-la-Toma-2.jpg","contentUrl":"https:\/\/eltrabajo.cl\/web\/wp-content\/uploads\/2026\/04\/incendio-en-la-Toma-2.jpg","width":698,"height":388,"caption":"Investigan posible intencionalidad en el origen de las llamas."},{"@type":"BreadcrumbList","@id":"https:\/\/eltrabajo.cl\/web\/cinco-casas-destruidas-deja-incendio-en-la-toma-de-san-felipe\/#breadcrumb","itemListElement":[{"@type":"ListItem","position":1,"name":"Portada","item":"https:\/\/eltrabajo.cl\/web\/"},{"@type":"ListItem","position":2,"name":"Cinco casas destruidas deja incendio en la Toma de San Felipe"}]},{"@type":"WebSite","@id":"https:\/\/eltrabajo.cl\/web\/#website","url":"https:\/\/eltrabajo.cl\/web\/","name":"Diario El Trabajo","description":"Desde 1929 construyendo Identidad Local","publisher":{"@id":"https:\/\/eltrabajo.cl\/web\/#organization"},"potentialAction":[{"@type":"SearchAction","target":{"@type":"EntryPoint","urlTemplate":"https:\/\/eltrabajo.cl\/web\/?s={search_term_string}"},"query-input":{"@type":"PropertyValueSpecification","valueRequired":true,"valueName":"search_term_string"}}],"inLanguage":"es-CL"},{"@type":"Organization","@id":"https:\/\/eltrabajo.cl\/web\/#organization","name":"Diario El Trabajo","url":"https:\/\/eltrabajo.cl\/web\/","logo":{"@type":"ImageObject","inLanguage":"es-CL","@id":"https:\/\/eltrabajo.cl\/web\/#\/schema\/logo\/image\/","url":"https:\/\/eltrabajo.cl\/web\/wp-content\/uploads\/2024\/06\/profile-image-ig-page-diarioeltrabajo.jpg","contentUrl":"https:\/\/eltrabajo.cl\/web\/wp-content\/uploads\/2024\/06\/profile-image-ig-page-diarioeltrabajo.jpg","width":823,"height":823,"caption":"Diario El Trabajo"},"image":{"@id":"https:\/\/eltrabajo.cl\/web\/#\/schema\/logo\/image\/"},"sameAs":["https:\/\/www.facebook.com\/ElTrabajoDiario","https:\/\/x.com\/diarioeltrabajo"]},{"@type":"Person","@id":"https:\/\/eltrabajo.cl\/web\/#\/schema\/person\/45efd3d17f86ec456e44dd7debe1bf19","name":"Diario El Trabajo","image":{"@type":"ImageObject","inLanguage":"es-CL","@id":"https:\/\/secure.gravatar.com\/avatar\/7e6ec277dc4aea2677c2dc301d4227957219329c985ab69a3efc12518b5161aa?s=96&d=mm&r=g","url":"https:\/\/secure.gravatar.com\/avatar\/7e6ec277dc4aea2677c2dc301d4227957219329c985ab69a3efc12518b5161aa?s=96&d=mm&r=g","contentUrl":"https:\/\/secure.gravatar.com\/avatar\/7e6ec277dc4aea2677c2dc301d4227957219329c985ab69a3efc12518b5161aa?s=96&d=mm&r=g","caption":"Diario El Trabajo"},"sameAs":["https:\/\/eltrabajo.cl\/web"],"url":"https:\/\/eltrabajo.cl\/web\/author\/diario-el-trabajo\/"}]}},"_links":{"self":[{"href":"https:\/\/eltrabajo.cl\/web\/wp-json\/wp\/v2\/posts\/144328","targetHints":{"allow":["GET"]}}],"collection":[{"href":"https:\/\/eltrabajo.cl\/web\/wp-json\/wp\/v2\/posts"}],"about":[{"href":"https:\/\/eltrabajo.cl\/web\/wp-json\/wp\/v2\/types\/post"}],"author":[{"embeddable":true,"href":"https:\/\/eltrabajo.cl\/web\/wp-json\/wp\/v2\/users\/1"}],"replies":[{"embeddable":true,"href":"https:\/\/eltrabajo.cl\/web\/wp-json\/wp\/v2\/comments?post=144328"}],"version-history":[{"count":1,"href":"https:\/\/eltrabajo.cl\/web\/wp-json\/wp\/v2\/posts\/144328\/revisions"}],"predecessor-version":[{"id":144331,"href":"https:\/\/eltrabajo.cl\/web\/wp-json\/wp\/v2\/posts\/144328\/revisions\/144331"}],"wp:featuredmedia":[{"embeddable":true,"href":"https:\/\/eltrabajo.cl\/web\/wp-json\/wp\/v2\/media\/144329"}],"wp:attachment":[{"href":"https:\/\/eltrabajo.cl\/web\/wp-json\/wp\/v2\/media?parent=144328"}],"wp:term":[{"taxonomy":"category","embeddable":true,"href":"https:\/\/eltrabajo.cl\/web\/wp-json\/wp\/v2\/categories?post=144328"},{"taxonomy":"post_tag","embeddable":true,"href":"https:\/\/eltrabajo.cl\/web\/wp-json\/wp\/v2\/tags?post=144328"}],"curies":[{"name":"wp","href":"https:\/\/api.w.org\/{rel}","templated":true}]}}