{"id":144332,"date":"2026-04-28T21:30:22","date_gmt":"2026-04-29T00:30:22","guid":{"rendered":"https:\/\/eltrabajo.cl\/web\/?p=144332"},"modified":"2026-04-28T21:30:23","modified_gmt":"2026-04-29T00:30:23","slug":"muere-joven-ciclista-atropellado-en-2023-en-santa-maria-familia-acusa-abandono-y-falta-de-justicia","status":"publish","type":"post","link":"https:\/\/eltrabajo.cl\/web\/muere-joven-ciclista-atropellado-en-2023-en-santa-maria-familia-acusa-abandono-y-falta-de-justicia\/","title":{"rendered":"Muere joven ciclista atropellado en 2023 en Santa Mar\u00eda: Familia acusa abandono y falta de justicia"},"content":{"rendered":"<ul>\n<li><strong>El joven falleci\u00f3 tras permanecer m\u00e1s de dos a\u00f1os con graves secuelas neurol\u00f3gicas luego de ser atropellado por un veh\u00edculo que se dio a la fuga. Su madre denuncia falta de apoyo m\u00e9dico y nulos avances en la investigaci\u00f3n.-<\/strong><\/li>\n<\/ul>\n<p>Un tr\u00e1gico desenlace tuvo la historia de <strong>Michael Vargas Carvajal<\/strong>, joven ciclista que en octubre de 2023 fue atropellado cuando se dirig\u00eda en bicicleta hacia Santa Mar\u00eda, espec\u00edficamente en el sector de la Bajada El Var\u00f3n, por un conductor que posteriormente se dio a la fuga sin prestarle auxilio, dej\u00e1ndolo gravemente herido en la v\u00eda p\u00fablica.<\/p>\n<p>Tras permanecer m\u00e1s de dos a\u00f1os con graves secuelas neurol\u00f3gicas producto del accidente, el pasado lunes a las 23:00 horas, Michael falleci\u00f3 en su domicilio, acompa\u00f1ado de su familia. Ten\u00eda 38 a\u00f1os de edad y era ampliamente conocido en la comunidad, adem\u00e1s que su caso gener\u00f3 conmoci\u00f3n desde el primer momento.<\/p>\n<p>Seg\u00fan relat\u00f3 su madre, <strong>Marcela Carvajal<\/strong>, el deceso se produjo a causa de un paro respiratorio, en medio de un complejo cuadro de salud que se arrastraba desde el accidente.<\/p>\n<p>&nbsp;<\/p>\n<p><strong>UN LARGO PROCESO TRAS EL ACCIDENTE<\/strong><\/p>\n<p>Luego del atropello, Michael fue trasladado al Hospital San Camilo, donde permaneci\u00f3 internado en la Unidad de Cuidados Intensivos (UCI) con riesgo vital, da\u00f1o cerebral, m\u00faltiples golpes en la cabeza y una fractura cervical. Posteriormente, fue derivado al Hospital de Putaendo, donde continu\u00f3 su tratamiento por varios meses.<\/p>\n<p>Tras recibir el alta el 2 de diciembre de 2024, el joven regres\u00f3 a su hogar, donde permaneci\u00f3 durante un a\u00f1o y cuatro meses bajo el cuidado de su familia, principalmente de su madre, quien estuvo a cargo de su atenci\u00f3n permanente.<\/p>\n<p>Sin embargo, su estado comenz\u00f3 a deteriorarse con el paso del tiempo. <em>\u00abDel hospital de Putaendo sali\u00f3 s\u00faper bien mi hijo\u2026 \u00e9l sali\u00f3 sentado en una silla de ruedas, todo lo que uno le dec\u00eda \u00e9l contestaba, hablaba. Ya llegando a la casa se le produjo como una depresi\u00f3n cognitiva conductual\u00bb<\/em>, explic\u00f3.<\/p>\n<p>Marcela apunta a una falta de apoyo m\u00e9dico y seguimiento adecuado, lo que habr\u00eda incidido directamente en el deterioro de su hijo. <em>\u00abFalt\u00f3 atenci\u00f3n, falt\u00f3 mucha atenci\u00f3n de psic\u00f3logos, psicoterapeutas\u2026 no era tan frecuente la visita m\u00e9dica al hogar\u00bb<\/em>.<\/p>\n<p>Con el paso de los meses, Michael comenz\u00f3 a presentar diversas complicaciones de salud, incluyendo neumon\u00edas aspirativas debido a su condici\u00f3n y alimentaci\u00f3n asistida, adem\u00e1s de un progresivo estado de desnutrici\u00f3n. <em>\u00abEmpez\u00f3 a tener neumon\u00edas aspirativas porque se alimentaba por gastro\u2026 adem\u00e1s de falta de atenci\u00f3n nutricional, empez\u00f3 a bajar de peso\u2026 un estado de desnutrici\u00f3n total\u00bb<\/em>, se\u00f1al\u00f3.<\/p>\n<p>La situaci\u00f3n se agrav\u00f3 durante las \u00faltimas semanas, periodo en el que incluso present\u00f3 episodios de convulsiones que, seg\u00fan su madre, no fueron debidamente abordados en el sistema de salud.<\/p>\n<p>\u00ab<em>No le hicieron esc\u00e1ner, no le hicieron ex\u00e1menes. Solamente estuvo en observaci\u00f3n\u2026 con dos convulsiones, no le hicieron un esc\u00e1ner, un examen\u00bb<\/em>, cuestion\u00f3. Asimismo, asegur\u00f3 que su hijo ya presentaba fallas org\u00e1nicas que no fueron detectadas a tiempo. <em>\u00abYa estaba dejando de funcionar sus ri\u00f1ones, que tampoco se dieron cuenta en el hospital estando all\u00e1 mismo\u00bb<\/em>.<\/p>\n<p>Para Marcela, la causa del fallecimiento est\u00e1 directamente relacionada con una falta de atenci\u00f3n m\u00e9dica adecuada y oportuna. <em>\u00abPor la poca atenci\u00f3n y poco inter\u00e9s en la salud primaria como secundaria\u00bb<\/em>, afirm\u00f3.<\/p>\n<p>&nbsp;<\/p>\n<p><strong>SIN JUSTICIA TRAS EL ATROPELLO<\/strong><\/p>\n<p>A m\u00e1s de dos a\u00f1os del accidente, el caso sigue sin responsables identificados, situaci\u00f3n que ha generado profunda frustraci\u00f3n en la familia. <em>\u00abLamentablemente, la \u00faltima vez que yo fui ten\u00eda solamente una carpeta investigativa del d\u00eda del accidente, posterior a eso no hab\u00eda nada\u2026 nada. Ni una cosa\u00bb<\/em>, asegur\u00f3.<\/p>\n<p>Adem\u00e1s, indic\u00f3 que no pudo acceder a defensa legal por falta de recursos, ya que durante todo este tiempo su prioridad fue el cuidado de su hijo. <em>\u00abYo por el hecho de ser pobre y no tener plata para un abogado, el caso qued\u00f3 en nada\u00bb<\/em>. En esa l\u00ednea, cuestion\u00f3 la falta de apoyo institucional tanto en el \u00e1mbito judicial como en el seguimiento del caso.<\/p>\n<p>Cabe recordar que, en su momento, se indic\u00f3 que el veh\u00edculo involucrado corresponder\u00eda a un autom\u00f3vil de alta gama y que incluso exist\u00edan c\u00e1maras de seguridad en el sector, las que, seg\u00fan la familia, no aportaron antecedentes.<\/p>\n<p>Hoy, tras la muerte de su hijo, Marcela Carvajal asegura que iniciar\u00e1 una nueva etapa enfocada en exigir justicia, una lucha que, seg\u00fan afirm\u00f3, no pudo dar antes por estar completamente dedicada a su cuidado. <em>\u00abAhora comienza mi lucha por la justicia. Y en estos momentos me duele la partida de mi hijo, pero a la vez estoy tranquila porque no est\u00e1 sufriendo, pero me duele c\u00f3mo sucedieron las cosas\u2026 me lo arrebataron\u00bb<\/em>, expres\u00f3.<\/p>\n<p>Finalmente, fue enf\u00e1tica en se\u00f1alar que continuar\u00e1 buscando respuestas y que no descansar\u00e1 hasta esclarecer lo ocurrido. <em>\u00abYo voy a luchar como mam\u00e1 para que de una vez se aclare y que el culpable d\u00e9 la cara\u00bb<\/em>.<\/p>\n<p>Actualmente, Michael Vargas Carvajal est\u00e1 siendo velado en la sede de la Villa Los Aromos, en la comuna de Santa Mar\u00eda, mientras que su funeral ser\u00e1 informado oportunamente por la familia.<\/p>\n<figure id=\"attachment_144333\" aria-describedby=\"caption-attachment-144333\" style=\"width: 700px\" class=\"wp-caption alignnone\"><img loading=\"lazy\" decoding=\"async\" class=\"size-full wp-image-144333\" src=\"https:\/\/eltrabajo.cl\/web\/wp-content\/uploads\/2026\/04\/Michael-Vargas.jpg\" alt=\"Michael Vargas Carvajal falleci\u00f3 tras m\u00e1s de dos a\u00f1os con graves secuelas neurol\u00f3gicas, luego de ser atropellado en 2023 en Santa Mar\u00eda. Su familia denuncia falta de apoyo m\u00e9dico y exige justicia, ya que hasta hoy no hay responsables (Imagen de archivo).\" width=\"700\" height=\"624\" srcset=\"https:\/\/eltrabajo.cl\/web\/wp-content\/uploads\/2026\/04\/Michael-Vargas.jpg 700w, https:\/\/eltrabajo.cl\/web\/wp-content\/uploads\/2026\/04\/Michael-Vargas-300x267.jpg 300w, https:\/\/eltrabajo.cl\/web\/wp-content\/uploads\/2026\/04\/Michael-Vargas-471x420.jpg 471w, https:\/\/eltrabajo.cl\/web\/wp-content\/uploads\/2026\/04\/Michael-Vargas-150x134.jpg 150w, https:\/\/eltrabajo.cl\/web\/wp-content\/uploads\/2026\/04\/Michael-Vargas-696x620.jpg 696w\" sizes=\"auto, (max-width: 700px) 100vw, 700px\" \/><figcaption id=\"caption-attachment-144333\" class=\"wp-caption-text\">Michael Vargas Carvajal falleci\u00f3 tras m\u00e1s de dos a\u00f1os con graves secuelas neurol\u00f3gicas, luego de ser atropellado en 2023 en Santa Mar\u00eda. Su familia denuncia falta de apoyo m\u00e9dico y exige justicia, ya que hasta hoy no hay responsables (Imagen de archivo).<\/figcaption><\/figure>\n","protected":false},"excerpt":{"rendered":"<p>El joven falleci\u00f3 tras permanecer m\u00e1s de dos a\u00f1os con graves secuelas neurol\u00f3gicas luego de ser atropellado por un veh\u00edculo que se dio a la fuga. Su madre denuncia falta de apoyo m\u00e9dico y nulos avances en la investigaci\u00f3n.- Un tr\u00e1gico desenlace tuvo la historia de Michael Vargas Carvajal, joven ciclista que en octubre de [&hellip;]<\/p>\n","protected":false},"author":1,"featured_media":144333,"comment_status":"open","ping_status":"closed","sticky":false,"template":"","format":"standard","meta":{"footnotes":""},"categories":[4],"tags":[],"class_list":{"0":"post-144332","1":"post","2":"type-post","3":"status-publish","4":"format-standard","5":"has-post-thumbnail","7":"category-comunidad"},"yoast_head":"<!-- This site is optimized with the Yoast SEO plugin v27.5 - https:\/\/yoast.com\/product\/yoast-seo-wordpress\/ -->\n<title>Muere joven ciclista atropellado en 2023 en Santa Mar\u00eda: Familia acusa abandono y falta de justicia - Diario El Trabajo<\/title>\n<meta name=\"robots\" content=\"index, follow, max-snippet:-1, max-image-preview:large, max-video-preview:-1\" \/>\n<link rel=\"canonical\" href=\"https:\/\/eltrabajo.cl\/web\/muere-joven-ciclista-atropellado-en-2023-en-santa-maria-familia-acusa-abandono-y-falta-de-justicia\/\" \/>\n<meta property=\"og:locale\" content=\"es_ES\" \/>\n<meta property=\"og:type\" content=\"article\" \/>\n<meta property=\"og:title\" content=\"Muere joven ciclista atropellado en 2023 en Santa Mar\u00eda: Familia acusa abandono y falta de justicia - Diario El Trabajo\" \/>\n<meta property=\"og:description\" content=\"El joven falleci\u00f3 tras permanecer m\u00e1s de dos a\u00f1os con graves secuelas neurol\u00f3gicas luego de ser atropellado por un veh\u00edculo que se dio a la fuga. Su madre denuncia falta de apoyo m\u00e9dico y nulos avances en la investigaci\u00f3n.- Un tr\u00e1gico desenlace tuvo la historia de Michael Vargas Carvajal, joven ciclista que en octubre de [&hellip;]\" \/>\n<meta property=\"og:url\" content=\"https:\/\/eltrabajo.cl\/web\/muere-joven-ciclista-atropellado-en-2023-en-santa-maria-familia-acusa-abandono-y-falta-de-justicia\/\" \/>\n<meta property=\"og:site_name\" content=\"Diario El Trabajo\" \/>\n<meta property=\"article:publisher\" content=\"https:\/\/www.facebook.com\/ElTrabajoDiario\" \/>\n<meta property=\"article:published_time\" content=\"2026-04-29T00:30:22+00:00\" \/>\n<meta property=\"article:modified_time\" content=\"2026-04-29T00:30:23+00:00\" \/>\n<meta property=\"og:image\" content=\"https:\/\/eltrabajo.cl\/web\/wp-content\/uploads\/2026\/04\/Michael-Vargas.jpg\" \/>\n\t<meta property=\"og:image:width\" content=\"700\" \/>\n\t<meta property=\"og:image:height\" content=\"624\" \/>\n\t<meta property=\"og:image:type\" content=\"image\/jpeg\" \/>\n<meta name=\"author\" content=\"Diario El Trabajo\" \/>\n<meta name=\"twitter:card\" content=\"summary_large_image\" \/>\n<meta name=\"twitter:creator\" content=\"@diarioeltrabajo\" \/>\n<meta name=\"twitter:site\" content=\"@diarioeltrabajo\" \/>\n<meta name=\"twitter:label1\" content=\"Escrito por\" \/>\n\t<meta name=\"twitter:data1\" content=\"Diario El Trabajo\" \/>\n\t<meta name=\"twitter:label2\" content=\"Tiempo estimado de lectura\" \/>\n\t<meta name=\"twitter:data2\" content=\"5 minutos\" \/>\n<script type=\"application\/ld+json\" class=\"yoast-schema-graph\">{\"@context\":\"https:\\\/\\\/schema.org\",\"@graph\":[{\"@type\":\"Article\",\"@id\":\"https:\\\/\\\/eltrabajo.cl\\\/web\\\/muere-joven-ciclista-atropellado-en-2023-en-santa-maria-familia-acusa-abandono-y-falta-de-justicia\\\/#article\",\"isPartOf\":{\"@id\":\"https:\\\/\\\/eltrabajo.cl\\\/web\\\/muere-joven-ciclista-atropellado-en-2023-en-santa-maria-familia-acusa-abandono-y-falta-de-justicia\\\/\"},\"author\":{\"name\":\"Diario El Trabajo\",\"@id\":\"https:\\\/\\\/eltrabajo.cl\\\/web\\\/#\\\/schema\\\/person\\\/45efd3d17f86ec456e44dd7debe1bf19\"},\"headline\":\"Muere joven ciclista atropellado en 2023 en Santa Mar\u00eda: Familia acusa abandono y falta de justicia\",\"datePublished\":\"2026-04-29T00:30:22+00:00\",\"dateModified\":\"2026-04-29T00:30:23+00:00\",\"mainEntityOfPage\":{\"@id\":\"https:\\\/\\\/eltrabajo.cl\\\/web\\\/muere-joven-ciclista-atropellado-en-2023-en-santa-maria-familia-acusa-abandono-y-falta-de-justicia\\\/\"},\"wordCount\":983,\"commentCount\":0,\"publisher\":{\"@id\":\"https:\\\/\\\/eltrabajo.cl\\\/web\\\/#organization\"},\"image\":{\"@id\":\"https:\\\/\\\/eltrabajo.cl\\\/web\\\/muere-joven-ciclista-atropellado-en-2023-en-santa-maria-familia-acusa-abandono-y-falta-de-justicia\\\/#primaryimage\"},\"thumbnailUrl\":\"https:\\\/\\\/eltrabajo.cl\\\/web\\\/wp-content\\\/uploads\\\/2026\\\/04\\\/Michael-Vargas.jpg\",\"articleSection\":[\"Comunidad\"],\"inLanguage\":\"es-CL\",\"potentialAction\":[{\"@type\":\"CommentAction\",\"name\":\"Comment\",\"target\":[\"https:\\\/\\\/eltrabajo.cl\\\/web\\\/muere-joven-ciclista-atropellado-en-2023-en-santa-maria-familia-acusa-abandono-y-falta-de-justicia\\\/#respond\"]}]},{\"@type\":\"WebPage\",\"@id\":\"https:\\\/\\\/eltrabajo.cl\\\/web\\\/muere-joven-ciclista-atropellado-en-2023-en-santa-maria-familia-acusa-abandono-y-falta-de-justicia\\\/\",\"url\":\"https:\\\/\\\/eltrabajo.cl\\\/web\\\/muere-joven-ciclista-atropellado-en-2023-en-santa-maria-familia-acusa-abandono-y-falta-de-justicia\\\/\",\"name\":\"Muere joven ciclista atropellado en 2023 en Santa Mar\u00eda: Familia acusa abandono y falta de justicia - Diario El Trabajo\",\"isPartOf\":{\"@id\":\"https:\\\/\\\/eltrabajo.cl\\\/web\\\/#website\"},\"primaryImageOfPage\":{\"@id\":\"https:\\\/\\\/eltrabajo.cl\\\/web\\\/muere-joven-ciclista-atropellado-en-2023-en-santa-maria-familia-acusa-abandono-y-falta-de-justicia\\\/#primaryimage\"},\"image\":{\"@id\":\"https:\\\/\\\/eltrabajo.cl\\\/web\\\/muere-joven-ciclista-atropellado-en-2023-en-santa-maria-familia-acusa-abandono-y-falta-de-justicia\\\/#primaryimage\"},\"thumbnailUrl\":\"https:\\\/\\\/eltrabajo.cl\\\/web\\\/wp-content\\\/uploads\\\/2026\\\/04\\\/Michael-Vargas.jpg\",\"datePublished\":\"2026-04-29T00:30:22+00:00\",\"dateModified\":\"2026-04-29T00:30:23+00:00\",\"breadcrumb\":{\"@id\":\"https:\\\/\\\/eltrabajo.cl\\\/web\\\/muere-joven-ciclista-atropellado-en-2023-en-santa-maria-familia-acusa-abandono-y-falta-de-justicia\\\/#breadcrumb\"},\"inLanguage\":\"es-CL\",\"potentialAction\":[{\"@type\":\"ReadAction\",\"target\":[\"https:\\\/\\\/eltrabajo.cl\\\/web\\\/muere-joven-ciclista-atropellado-en-2023-en-santa-maria-familia-acusa-abandono-y-falta-de-justicia\\\/\"]}]},{\"@type\":\"ImageObject\",\"inLanguage\":\"es-CL\",\"@id\":\"https:\\\/\\\/eltrabajo.cl\\\/web\\\/muere-joven-ciclista-atropellado-en-2023-en-santa-maria-familia-acusa-abandono-y-falta-de-justicia\\\/#primaryimage\",\"url\":\"https:\\\/\\\/eltrabajo.cl\\\/web\\\/wp-content\\\/uploads\\\/2026\\\/04\\\/Michael-Vargas.jpg\",\"contentUrl\":\"https:\\\/\\\/eltrabajo.cl\\\/web\\\/wp-content\\\/uploads\\\/2026\\\/04\\\/Michael-Vargas.jpg\",\"width\":700,\"height\":624,\"caption\":\"Michael Vargas Carvajal falleci\u00f3 tras m\u00e1s de dos a\u00f1os con graves secuelas neurol\u00f3gicas, luego de ser atropellado en 2023 en Santa Mar\u00eda. Su familia denuncia falta de apoyo m\u00e9dico y exige justicia, ya que hasta hoy no hay responsables (Imagen de archivo).\"},{\"@type\":\"BreadcrumbList\",\"@id\":\"https:\\\/\\\/eltrabajo.cl\\\/web\\\/muere-joven-ciclista-atropellado-en-2023-en-santa-maria-familia-acusa-abandono-y-falta-de-justicia\\\/#breadcrumb\",\"itemListElement\":[{\"@type\":\"ListItem\",\"position\":1,\"name\":\"Portada\",\"item\":\"https:\\\/\\\/eltrabajo.cl\\\/web\\\/\"},{\"@type\":\"ListItem\",\"position\":2,\"name\":\"Muere joven ciclista atropellado en 2023 en Santa Mar\u00eda: Familia acusa abandono y falta de justicia\"}]},{\"@type\":\"WebSite\",\"@id\":\"https:\\\/\\\/eltrabajo.cl\\\/web\\\/#website\",\"url\":\"https:\\\/\\\/eltrabajo.cl\\\/web\\\/\",\"name\":\"Diario El Trabajo\",\"description\":\"Desde 1929 construyendo Identidad Local\",\"publisher\":{\"@id\":\"https:\\\/\\\/eltrabajo.cl\\\/web\\\/#organization\"},\"potentialAction\":[{\"@type\":\"SearchAction\",\"target\":{\"@type\":\"EntryPoint\",\"urlTemplate\":\"https:\\\/\\\/eltrabajo.cl\\\/web\\\/?s={search_term_string}\"},\"query-input\":{\"@type\":\"PropertyValueSpecification\",\"valueRequired\":true,\"valueName\":\"search_term_string\"}}],\"inLanguage\":\"es-CL\"},{\"@type\":\"Organization\",\"@id\":\"https:\\\/\\\/eltrabajo.cl\\\/web\\\/#organization\",\"name\":\"Diario El Trabajo\",\"url\":\"https:\\\/\\\/eltrabajo.cl\\\/web\\\/\",\"logo\":{\"@type\":\"ImageObject\",\"inLanguage\":\"es-CL\",\"@id\":\"https:\\\/\\\/eltrabajo.cl\\\/web\\\/#\\\/schema\\\/logo\\\/image\\\/\",\"url\":\"https:\\\/\\\/eltrabajo.cl\\\/web\\\/wp-content\\\/uploads\\\/2024\\\/06\\\/profile-image-ig-page-diarioeltrabajo.jpg\",\"contentUrl\":\"https:\\\/\\\/eltrabajo.cl\\\/web\\\/wp-content\\\/uploads\\\/2024\\\/06\\\/profile-image-ig-page-diarioeltrabajo.jpg\",\"width\":823,\"height\":823,\"caption\":\"Diario El Trabajo\"},\"image\":{\"@id\":\"https:\\\/\\\/eltrabajo.cl\\\/web\\\/#\\\/schema\\\/logo\\\/image\\\/\"},\"sameAs\":[\"https:\\\/\\\/www.facebook.com\\\/ElTrabajoDiario\",\"https:\\\/\\\/x.com\\\/diarioeltrabajo\"]},{\"@type\":\"Person\",\"@id\":\"https:\\\/\\\/eltrabajo.cl\\\/web\\\/#\\\/schema\\\/person\\\/45efd3d17f86ec456e44dd7debe1bf19\",\"name\":\"Diario El Trabajo\",\"image\":{\"@type\":\"ImageObject\",\"inLanguage\":\"es-CL\",\"@id\":\"https:\\\/\\\/secure.gravatar.com\\\/avatar\\\/7e6ec277dc4aea2677c2dc301d4227957219329c985ab69a3efc12518b5161aa?s=96&d=mm&r=g\",\"url\":\"https:\\\/\\\/secure.gravatar.com\\\/avatar\\\/7e6ec277dc4aea2677c2dc301d4227957219329c985ab69a3efc12518b5161aa?s=96&d=mm&r=g\",\"contentUrl\":\"https:\\\/\\\/secure.gravatar.com\\\/avatar\\\/7e6ec277dc4aea2677c2dc301d4227957219329c985ab69a3efc12518b5161aa?s=96&d=mm&r=g\",\"caption\":\"Diario El Trabajo\"},\"sameAs\":[\"https:\\\/\\\/eltrabajo.cl\\\/web\"],\"url\":\"https:\\\/\\\/eltrabajo.cl\\\/web\\\/author\\\/diario-el-trabajo\\\/\"}]}<\/script>\n<!-- \/ Yoast SEO plugin. -->","yoast_head_json":{"title":"Muere joven ciclista atropellado en 2023 en Santa Mar\u00eda: Familia acusa abandono y falta de justicia - Diario El Trabajo","robots":{"index":"index","follow":"follow","max-snippet":"max-snippet:-1","max-image-preview":"max-image-preview:large","max-video-preview":"max-video-preview:-1"},"canonical":"https:\/\/eltrabajo.cl\/web\/muere-joven-ciclista-atropellado-en-2023-en-santa-maria-familia-acusa-abandono-y-falta-de-justicia\/","og_locale":"es_ES","og_type":"article","og_title":"Muere joven ciclista atropellado en 2023 en Santa Mar\u00eda: Familia acusa abandono y falta de justicia - Diario El Trabajo","og_description":"El joven falleci\u00f3 tras permanecer m\u00e1s de dos a\u00f1os con graves secuelas neurol\u00f3gicas luego de ser atropellado por un veh\u00edculo que se dio a la fuga. Su madre denuncia falta de apoyo m\u00e9dico y nulos avances en la investigaci\u00f3n.- Un tr\u00e1gico desenlace tuvo la historia de Michael Vargas Carvajal, joven ciclista que en octubre de [&hellip;]","og_url":"https:\/\/eltrabajo.cl\/web\/muere-joven-ciclista-atropellado-en-2023-en-santa-maria-familia-acusa-abandono-y-falta-de-justicia\/","og_site_name":"Diario El Trabajo","article_publisher":"https:\/\/www.facebook.com\/ElTrabajoDiario","article_published_time":"2026-04-29T00:30:22+00:00","article_modified_time":"2026-04-29T00:30:23+00:00","og_image":[{"width":700,"height":624,"url":"https:\/\/eltrabajo.cl\/web\/wp-content\/uploads\/2026\/04\/Michael-Vargas.jpg","type":"image\/jpeg"}],"author":"Diario El Trabajo","twitter_card":"summary_large_image","twitter_creator":"@diarioeltrabajo","twitter_site":"@diarioeltrabajo","twitter_misc":{"Escrito por":"Diario El Trabajo","Tiempo estimado de lectura":"5 minutos"},"schema":{"@context":"https:\/\/schema.org","@graph":[{"@type":"Article","@id":"https:\/\/eltrabajo.cl\/web\/muere-joven-ciclista-atropellado-en-2023-en-santa-maria-familia-acusa-abandono-y-falta-de-justicia\/#article","isPartOf":{"@id":"https:\/\/eltrabajo.cl\/web\/muere-joven-ciclista-atropellado-en-2023-en-santa-maria-familia-acusa-abandono-y-falta-de-justicia\/"},"author":{"name":"Diario El Trabajo","@id":"https:\/\/eltrabajo.cl\/web\/#\/schema\/person\/45efd3d17f86ec456e44dd7debe1bf19"},"headline":"Muere joven ciclista atropellado en 2023 en Santa Mar\u00eda: Familia acusa abandono y falta de justicia","datePublished":"2026-04-29T00:30:22+00:00","dateModified":"2026-04-29T00:30:23+00:00","mainEntityOfPage":{"@id":"https:\/\/eltrabajo.cl\/web\/muere-joven-ciclista-atropellado-en-2023-en-santa-maria-familia-acusa-abandono-y-falta-de-justicia\/"},"wordCount":983,"commentCount":0,"publisher":{"@id":"https:\/\/eltrabajo.cl\/web\/#organization"},"image":{"@id":"https:\/\/eltrabajo.cl\/web\/muere-joven-ciclista-atropellado-en-2023-en-santa-maria-familia-acusa-abandono-y-falta-de-justicia\/#primaryimage"},"thumbnailUrl":"https:\/\/eltrabajo.cl\/web\/wp-content\/uploads\/2026\/04\/Michael-Vargas.jpg","articleSection":["Comunidad"],"inLanguage":"es-CL","potentialAction":[{"@type":"CommentAction","name":"Comment","target":["https:\/\/eltrabajo.cl\/web\/muere-joven-ciclista-atropellado-en-2023-en-santa-maria-familia-acusa-abandono-y-falta-de-justicia\/#respond"]}]},{"@type":"WebPage","@id":"https:\/\/eltrabajo.cl\/web\/muere-joven-ciclista-atropellado-en-2023-en-santa-maria-familia-acusa-abandono-y-falta-de-justicia\/","url":"https:\/\/eltrabajo.cl\/web\/muere-joven-ciclista-atropellado-en-2023-en-santa-maria-familia-acusa-abandono-y-falta-de-justicia\/","name":"Muere joven ciclista atropellado en 2023 en Santa Mar\u00eda: Familia acusa abandono y falta de justicia - Diario El Trabajo","isPartOf":{"@id":"https:\/\/eltrabajo.cl\/web\/#website"},"primaryImageOfPage":{"@id":"https:\/\/eltrabajo.cl\/web\/muere-joven-ciclista-atropellado-en-2023-en-santa-maria-familia-acusa-abandono-y-falta-de-justicia\/#primaryimage"},"image":{"@id":"https:\/\/eltrabajo.cl\/web\/muere-joven-ciclista-atropellado-en-2023-en-santa-maria-familia-acusa-abandono-y-falta-de-justicia\/#primaryimage"},"thumbnailUrl":"https:\/\/eltrabajo.cl\/web\/wp-content\/uploads\/2026\/04\/Michael-Vargas.jpg","datePublished":"2026-04-29T00:30:22+00:00","dateModified":"2026-04-29T00:30:23+00:00","breadcrumb":{"@id":"https:\/\/eltrabajo.cl\/web\/muere-joven-ciclista-atropellado-en-2023-en-santa-maria-familia-acusa-abandono-y-falta-de-justicia\/#breadcrumb"},"inLanguage":"es-CL","potentialAction":[{"@type":"ReadAction","target":["https:\/\/eltrabajo.cl\/web\/muere-joven-ciclista-atropellado-en-2023-en-santa-maria-familia-acusa-abandono-y-falta-de-justicia\/"]}]},{"@type":"ImageObject","inLanguage":"es-CL","@id":"https:\/\/eltrabajo.cl\/web\/muere-joven-ciclista-atropellado-en-2023-en-santa-maria-familia-acusa-abandono-y-falta-de-justicia\/#primaryimage","url":"https:\/\/eltrabajo.cl\/web\/wp-content\/uploads\/2026\/04\/Michael-Vargas.jpg","contentUrl":"https:\/\/eltrabajo.cl\/web\/wp-content\/uploads\/2026\/04\/Michael-Vargas.jpg","width":700,"height":624,"caption":"Michael Vargas Carvajal falleci\u00f3 tras m\u00e1s de dos a\u00f1os con graves secuelas neurol\u00f3gicas, luego de ser atropellado en 2023 en Santa Mar\u00eda. Su familia denuncia falta de apoyo m\u00e9dico y exige justicia, ya que hasta hoy no hay responsables (Imagen de archivo)."},{"@type":"BreadcrumbList","@id":"https:\/\/eltrabajo.cl\/web\/muere-joven-ciclista-atropellado-en-2023-en-santa-maria-familia-acusa-abandono-y-falta-de-justicia\/#breadcrumb","itemListElement":[{"@type":"ListItem","position":1,"name":"Portada","item":"https:\/\/eltrabajo.cl\/web\/"},{"@type":"ListItem","position":2,"name":"Muere joven ciclista atropellado en 2023 en Santa Mar\u00eda: Familia acusa abandono y falta de justicia"}]},{"@type":"WebSite","@id":"https:\/\/eltrabajo.cl\/web\/#website","url":"https:\/\/eltrabajo.cl\/web\/","name":"Diario El Trabajo","description":"Desde 1929 construyendo Identidad Local","publisher":{"@id":"https:\/\/eltrabajo.cl\/web\/#organization"},"potentialAction":[{"@type":"SearchAction","target":{"@type":"EntryPoint","urlTemplate":"https:\/\/eltrabajo.cl\/web\/?s={search_term_string}"},"query-input":{"@type":"PropertyValueSpecification","valueRequired":true,"valueName":"search_term_string"}}],"inLanguage":"es-CL"},{"@type":"Organization","@id":"https:\/\/eltrabajo.cl\/web\/#organization","name":"Diario El Trabajo","url":"https:\/\/eltrabajo.cl\/web\/","logo":{"@type":"ImageObject","inLanguage":"es-CL","@id":"https:\/\/eltrabajo.cl\/web\/#\/schema\/logo\/image\/","url":"https:\/\/eltrabajo.cl\/web\/wp-content\/uploads\/2024\/06\/profile-image-ig-page-diarioeltrabajo.jpg","contentUrl":"https:\/\/eltrabajo.cl\/web\/wp-content\/uploads\/2024\/06\/profile-image-ig-page-diarioeltrabajo.jpg","width":823,"height":823,"caption":"Diario El Trabajo"},"image":{"@id":"https:\/\/eltrabajo.cl\/web\/#\/schema\/logo\/image\/"},"sameAs":["https:\/\/www.facebook.com\/ElTrabajoDiario","https:\/\/x.com\/diarioeltrabajo"]},{"@type":"Person","@id":"https:\/\/eltrabajo.cl\/web\/#\/schema\/person\/45efd3d17f86ec456e44dd7debe1bf19","name":"Diario El Trabajo","image":{"@type":"ImageObject","inLanguage":"es-CL","@id":"https:\/\/secure.gravatar.com\/avatar\/7e6ec277dc4aea2677c2dc301d4227957219329c985ab69a3efc12518b5161aa?s=96&d=mm&r=g","url":"https:\/\/secure.gravatar.com\/avatar\/7e6ec277dc4aea2677c2dc301d4227957219329c985ab69a3efc12518b5161aa?s=96&d=mm&r=g","contentUrl":"https:\/\/secure.gravatar.com\/avatar\/7e6ec277dc4aea2677c2dc301d4227957219329c985ab69a3efc12518b5161aa?s=96&d=mm&r=g","caption":"Diario El Trabajo"},"sameAs":["https:\/\/eltrabajo.cl\/web"],"url":"https:\/\/eltrabajo.cl\/web\/author\/diario-el-trabajo\/"}]}},"_links":{"self":[{"href":"https:\/\/eltrabajo.cl\/web\/wp-json\/wp\/v2\/posts\/144332","targetHints":{"allow":["GET"]}}],"collection":[{"href":"https:\/\/eltrabajo.cl\/web\/wp-json\/wp\/v2\/posts"}],"about":[{"href":"https:\/\/eltrabajo.cl\/web\/wp-json\/wp\/v2\/types\/post"}],"author":[{"embeddable":true,"href":"https:\/\/eltrabajo.cl\/web\/wp-json\/wp\/v2\/users\/1"}],"replies":[{"embeddable":true,"href":"https:\/\/eltrabajo.cl\/web\/wp-json\/wp\/v2\/comments?post=144332"}],"version-history":[{"count":2,"href":"https:\/\/eltrabajo.cl\/web\/wp-json\/wp\/v2\/posts\/144332\/revisions"}],"predecessor-version":[{"id":144335,"href":"https:\/\/eltrabajo.cl\/web\/wp-json\/wp\/v2\/posts\/144332\/revisions\/144335"}],"wp:featuredmedia":[{"embeddable":true,"href":"https:\/\/eltrabajo.cl\/web\/wp-json\/wp\/v2\/media\/144333"}],"wp:attachment":[{"href":"https:\/\/eltrabajo.cl\/web\/wp-json\/wp\/v2\/media?parent=144332"}],"wp:term":[{"taxonomy":"category","embeddable":true,"href":"https:\/\/eltrabajo.cl\/web\/wp-json\/wp\/v2\/categories?post=144332"},{"taxonomy":"post_tag","embeddable":true,"href":"https:\/\/eltrabajo.cl\/web\/wp-json\/wp\/v2\/tags?post=144332"}],"curies":[{"name":"wp","href":"https:\/\/api.w.org\/{rel}","templated":true}]}}