{"id":144337,"date":"2026-04-29T21:26:30","date_gmt":"2026-04-30T00:26:30","guid":{"rendered":"https:\/\/eltrabajo.cl\/web\/?p=144337"},"modified":"2026-04-29T21:26:30","modified_gmt":"2026-04-30T00:26:30","slug":"trasandino-local-cancha-union-san-felipe","status":"publish","type":"post","link":"https:\/\/eltrabajo.cl\/web\/trasandino-local-cancha-union-san-felipe\/","title":{"rendered":"Trasandino har\u00e1 de local en la cancha de Uni\u00f3n San Felipe"},"content":{"rendered":"<p>De manera extraordinaria, este s\u00e1bado Trasandino de Los Andes har\u00e1 de anfitri\u00f3n en el Estadio Municipal de San Felipe. Por la fecha 6 del torneo de la Segunda Divisi\u00f3n, la escuadra andina recibir\u00e1 al Real San Joaqu\u00edn, en un partido programado para las 5 de la tarde.<\/p>\n<p>Para los aconcag\u00fcinos este encuentro es importante, ya que buscar\u00e1n volver al triunfo luego del traspi\u00e9 que dos semanas atr\u00e1s sufrieron en Lo Barnechea ante Santiago City. <em>\u00abJugaremos en una cancha que est\u00e1 en muy buenas condiciones, esperamos sacarnos la ca\u00edda del \u00faltimo partido y para eso hemos trabajado muy fuerte para quedarnos con la victoria\u00bb<\/em>, indic\u00f3 <strong>Fernando Guti\u00e9rrez<\/strong>, t\u00e9cnico del \u2018Tra\u2019.<\/p>\n<p>Trasandino y Real San Joaqu\u00edn llegan empatados en puntaje (7 ptos.) al duelo de este s\u00e1bado, por lo que claramente en el reducto de la Avenida Maip\u00fa habr\u00e1 mucho en juego, porque el objetivo es estar dentro de los tres primeros para poder inscribirse en la pelea grande de la liga de bronce del f\u00fatbol chileno.<\/p>\n<p><strong>Programaci\u00f3n fecha 6:<\/strong><\/p>\n<p><strong>S\u00e1bado 2 de mayo<\/strong><\/p>\n<p>15:30: Atl\u00e9tico Colina \u2013 Provincial Ovalle.<\/p>\n<p>16:00: Lota Schwager \u2013 Colchagua.<\/p>\n<p>17:00: Trasandino \u2013 Real San Joaqu\u00edn.<\/p>\n<p><strong>Domingo 3 de mayo<\/strong><\/p>\n<p>12:00: Conc\u00f3n National \u2013 Brujas de Salamanca.<\/p>\n<p>15:30: Santiago Morning \u2013 Deportes Rengo.<\/p>\n<p>16:00: General Vel\u00e1squez \u2013 Provincial Osorno.<\/p>\n<p><strong>Tabla de Posiciones<\/strong><\/p>\n<p><strong>Lugar\u00a0 Ptos.<\/strong><\/p>\n<p>Santiago City 11<\/p>\n<p>Trasandino 7<\/p>\n<p>Real San Joaqu\u00edn 7<\/p>\n<p>Conc\u00f3n National 7<\/p>\n<p>Brujas de Salamanca\u00a0 4<\/p>\n<p>Atl\u00e9tico Colina\u00a0 2<\/p>\n<p>Provincial Ovalle 1<\/p>\n<figure id=\"attachment_144338\" aria-describedby=\"caption-attachment-144338\" style=\"width: 700px\" class=\"wp-caption alignnone\"><img loading=\"lazy\" decoding=\"async\" class=\"size-full wp-image-144338\" src=\"https:\/\/eltrabajo.cl\/web\/wp-content\/uploads\/2026\/04\/Trasandino-3.jpg\" alt=\"Los andinos entrenaron ayer en el Estadio Municipal de San Felipe. \" width=\"700\" height=\"494\" srcset=\"https:\/\/eltrabajo.cl\/web\/wp-content\/uploads\/2026\/04\/Trasandino-3.jpg 700w, https:\/\/eltrabajo.cl\/web\/wp-content\/uploads\/2026\/04\/Trasandino-3-300x212.jpg 300w, https:\/\/eltrabajo.cl\/web\/wp-content\/uploads\/2026\/04\/Trasandino-3-595x420.jpg 595w, https:\/\/eltrabajo.cl\/web\/wp-content\/uploads\/2026\/04\/Trasandino-3-150x106.jpg 150w, https:\/\/eltrabajo.cl\/web\/wp-content\/uploads\/2026\/04\/Trasandino-3-696x491.jpg 696w\" sizes=\"auto, (max-width: 700px) 100vw, 700px\" \/><figcaption id=\"caption-attachment-144338\" class=\"wp-caption-text\">Los andinos entrenaron ayer en el Estadio Municipal de San Felipe.<\/figcaption><\/figure>\n","protected":false},"excerpt":{"rendered":"<p>De manera extraordinaria, este s\u00e1bado Trasandino de Los Andes har\u00e1 de anfitri\u00f3n en el Estadio Municipal de San Felipe. Por la fecha 6 del torneo de la Segunda Divisi\u00f3n, la escuadra andina recibir\u00e1 al Real San Joaqu\u00edn, en un partido programado para las 5 de la tarde. Para los aconcag\u00fcinos este encuentro es importante, ya [&hellip;]<\/p>\n","protected":false},"author":1,"featured_media":144338,"comment_status":"open","ping_status":"closed","sticky":false,"template":"","format":"standard","meta":{"footnotes":""},"categories":[2],"tags":[],"class_list":{"0":"post-144337","1":"post","2":"type-post","3":"status-publish","4":"format-standard","5":"has-post-thumbnail","7":"category-deportes"},"yoast_head":"<!-- This site is optimized with the Yoast SEO plugin v27.5 - https:\/\/yoast.com\/product\/yoast-seo-wordpress\/ -->\n<title>Trasandino har\u00e1 de local en la cancha de Uni\u00f3n San Felipe - Diario El Trabajo<\/title>\n<meta name=\"robots\" content=\"index, follow, max-snippet:-1, max-image-preview:large, max-video-preview:-1\" \/>\n<link rel=\"canonical\" href=\"https:\/\/eltrabajo.cl\/web\/trasandino-local-cancha-union-san-felipe\/\" \/>\n<meta property=\"og:locale\" content=\"es_ES\" \/>\n<meta property=\"og:type\" content=\"article\" \/>\n<meta property=\"og:title\" content=\"Trasandino har\u00e1 de local en la cancha de Uni\u00f3n San Felipe - Diario El Trabajo\" \/>\n<meta property=\"og:description\" content=\"De manera extraordinaria, este s\u00e1bado Trasandino de Los Andes har\u00e1 de anfitri\u00f3n en el Estadio Municipal de San Felipe. Por la fecha 6 del torneo de la Segunda Divisi\u00f3n, la escuadra andina recibir\u00e1 al Real San Joaqu\u00edn, en un partido programado para las 5 de la tarde. Para los aconcag\u00fcinos este encuentro es importante, ya [&hellip;]\" \/>\n<meta property=\"og:url\" content=\"https:\/\/eltrabajo.cl\/web\/trasandino-local-cancha-union-san-felipe\/\" \/>\n<meta property=\"og:site_name\" content=\"Diario El Trabajo\" \/>\n<meta property=\"article:publisher\" content=\"https:\/\/www.facebook.com\/ElTrabajoDiario\" \/>\n<meta property=\"article:published_time\" content=\"2026-04-30T00:26:30+00:00\" \/>\n<meta property=\"og:image\" content=\"https:\/\/eltrabajo.cl\/web\/wp-content\/uploads\/2026\/04\/Trasandino-3.jpg\" \/>\n\t<meta property=\"og:image:width\" content=\"700\" \/>\n\t<meta property=\"og:image:height\" content=\"494\" \/>\n\t<meta property=\"og:image:type\" content=\"image\/jpeg\" \/>\n<meta name=\"author\" content=\"Diario El Trabajo\" \/>\n<meta name=\"twitter:card\" content=\"summary_large_image\" \/>\n<meta name=\"twitter:creator\" content=\"@diarioeltrabajo\" \/>\n<meta name=\"twitter:site\" content=\"@diarioeltrabajo\" \/>\n<meta name=\"twitter:label1\" content=\"Escrito por\" \/>\n\t<meta name=\"twitter:data1\" content=\"Diario El Trabajo\" \/>\n\t<meta name=\"twitter:label2\" content=\"Tiempo estimado de lectura\" \/>\n\t<meta name=\"twitter:data2\" content=\"2 minutos\" \/>\n<script type=\"application\/ld+json\" class=\"yoast-schema-graph\">{\"@context\":\"https:\\\/\\\/schema.org\",\"@graph\":[{\"@type\":\"Article\",\"@id\":\"https:\\\/\\\/eltrabajo.cl\\\/web\\\/trasandino-local-cancha-union-san-felipe\\\/#article\",\"isPartOf\":{\"@id\":\"https:\\\/\\\/eltrabajo.cl\\\/web\\\/trasandino-local-cancha-union-san-felipe\\\/\"},\"author\":{\"name\":\"Diario El Trabajo\",\"@id\":\"https:\\\/\\\/eltrabajo.cl\\\/web\\\/#\\\/schema\\\/person\\\/45efd3d17f86ec456e44dd7debe1bf19\"},\"headline\":\"Trasandino har\u00e1 de local en la cancha de Uni\u00f3n San Felipe\",\"datePublished\":\"2026-04-30T00:26:30+00:00\",\"mainEntityOfPage\":{\"@id\":\"https:\\\/\\\/eltrabajo.cl\\\/web\\\/trasandino-local-cancha-union-san-felipe\\\/\"},\"wordCount\":266,\"commentCount\":0,\"publisher\":{\"@id\":\"https:\\\/\\\/eltrabajo.cl\\\/web\\\/#organization\"},\"image\":{\"@id\":\"https:\\\/\\\/eltrabajo.cl\\\/web\\\/trasandino-local-cancha-union-san-felipe\\\/#primaryimage\"},\"thumbnailUrl\":\"https:\\\/\\\/eltrabajo.cl\\\/web\\\/wp-content\\\/uploads\\\/2026\\\/04\\\/Trasandino-3.jpg\",\"articleSection\":[\"Deportes\"],\"inLanguage\":\"es-CL\",\"potentialAction\":[{\"@type\":\"CommentAction\",\"name\":\"Comment\",\"target\":[\"https:\\\/\\\/eltrabajo.cl\\\/web\\\/trasandino-local-cancha-union-san-felipe\\\/#respond\"]}]},{\"@type\":\"WebPage\",\"@id\":\"https:\\\/\\\/eltrabajo.cl\\\/web\\\/trasandino-local-cancha-union-san-felipe\\\/\",\"url\":\"https:\\\/\\\/eltrabajo.cl\\\/web\\\/trasandino-local-cancha-union-san-felipe\\\/\",\"name\":\"Trasandino har\u00e1 de local en la cancha de Uni\u00f3n San Felipe - Diario El Trabajo\",\"isPartOf\":{\"@id\":\"https:\\\/\\\/eltrabajo.cl\\\/web\\\/#website\"},\"primaryImageOfPage\":{\"@id\":\"https:\\\/\\\/eltrabajo.cl\\\/web\\\/trasandino-local-cancha-union-san-felipe\\\/#primaryimage\"},\"image\":{\"@id\":\"https:\\\/\\\/eltrabajo.cl\\\/web\\\/trasandino-local-cancha-union-san-felipe\\\/#primaryimage\"},\"thumbnailUrl\":\"https:\\\/\\\/eltrabajo.cl\\\/web\\\/wp-content\\\/uploads\\\/2026\\\/04\\\/Trasandino-3.jpg\",\"datePublished\":\"2026-04-30T00:26:30+00:00\",\"breadcrumb\":{\"@id\":\"https:\\\/\\\/eltrabajo.cl\\\/web\\\/trasandino-local-cancha-union-san-felipe\\\/#breadcrumb\"},\"inLanguage\":\"es-CL\",\"potentialAction\":[{\"@type\":\"ReadAction\",\"target\":[\"https:\\\/\\\/eltrabajo.cl\\\/web\\\/trasandino-local-cancha-union-san-felipe\\\/\"]}]},{\"@type\":\"ImageObject\",\"inLanguage\":\"es-CL\",\"@id\":\"https:\\\/\\\/eltrabajo.cl\\\/web\\\/trasandino-local-cancha-union-san-felipe\\\/#primaryimage\",\"url\":\"https:\\\/\\\/eltrabajo.cl\\\/web\\\/wp-content\\\/uploads\\\/2026\\\/04\\\/Trasandino-3.jpg\",\"contentUrl\":\"https:\\\/\\\/eltrabajo.cl\\\/web\\\/wp-content\\\/uploads\\\/2026\\\/04\\\/Trasandino-3.jpg\",\"width\":700,\"height\":494,\"caption\":\"Los andinos entrenaron ayer en el Estadio Municipal de San Felipe.\"},{\"@type\":\"BreadcrumbList\",\"@id\":\"https:\\\/\\\/eltrabajo.cl\\\/web\\\/trasandino-local-cancha-union-san-felipe\\\/#breadcrumb\",\"itemListElement\":[{\"@type\":\"ListItem\",\"position\":1,\"name\":\"Portada\",\"item\":\"https:\\\/\\\/eltrabajo.cl\\\/web\\\/\"},{\"@type\":\"ListItem\",\"position\":2,\"name\":\"Trasandino har\u00e1 de local en la cancha de Uni\u00f3n San Felipe\"}]},{\"@type\":\"WebSite\",\"@id\":\"https:\\\/\\\/eltrabajo.cl\\\/web\\\/#website\",\"url\":\"https:\\\/\\\/eltrabajo.cl\\\/web\\\/\",\"name\":\"Diario El Trabajo\",\"description\":\"Desde 1929 construyendo Identidad Local\",\"publisher\":{\"@id\":\"https:\\\/\\\/eltrabajo.cl\\\/web\\\/#organization\"},\"potentialAction\":[{\"@type\":\"SearchAction\",\"target\":{\"@type\":\"EntryPoint\",\"urlTemplate\":\"https:\\\/\\\/eltrabajo.cl\\\/web\\\/?s={search_term_string}\"},\"query-input\":{\"@type\":\"PropertyValueSpecification\",\"valueRequired\":true,\"valueName\":\"search_term_string\"}}],\"inLanguage\":\"es-CL\"},{\"@type\":\"Organization\",\"@id\":\"https:\\\/\\\/eltrabajo.cl\\\/web\\\/#organization\",\"name\":\"Diario El Trabajo\",\"url\":\"https:\\\/\\\/eltrabajo.cl\\\/web\\\/\",\"logo\":{\"@type\":\"ImageObject\",\"inLanguage\":\"es-CL\",\"@id\":\"https:\\\/\\\/eltrabajo.cl\\\/web\\\/#\\\/schema\\\/logo\\\/image\\\/\",\"url\":\"https:\\\/\\\/eltrabajo.cl\\\/web\\\/wp-content\\\/uploads\\\/2024\\\/06\\\/profile-image-ig-page-diarioeltrabajo.jpg\",\"contentUrl\":\"https:\\\/\\\/eltrabajo.cl\\\/web\\\/wp-content\\\/uploads\\\/2024\\\/06\\\/profile-image-ig-page-diarioeltrabajo.jpg\",\"width\":823,\"height\":823,\"caption\":\"Diario El Trabajo\"},\"image\":{\"@id\":\"https:\\\/\\\/eltrabajo.cl\\\/web\\\/#\\\/schema\\\/logo\\\/image\\\/\"},\"sameAs\":[\"https:\\\/\\\/www.facebook.com\\\/ElTrabajoDiario\",\"https:\\\/\\\/x.com\\\/diarioeltrabajo\"]},{\"@type\":\"Person\",\"@id\":\"https:\\\/\\\/eltrabajo.cl\\\/web\\\/#\\\/schema\\\/person\\\/45efd3d17f86ec456e44dd7debe1bf19\",\"name\":\"Diario El Trabajo\",\"image\":{\"@type\":\"ImageObject\",\"inLanguage\":\"es-CL\",\"@id\":\"https:\\\/\\\/secure.gravatar.com\\\/avatar\\\/7e6ec277dc4aea2677c2dc301d4227957219329c985ab69a3efc12518b5161aa?s=96&d=mm&r=g\",\"url\":\"https:\\\/\\\/secure.gravatar.com\\\/avatar\\\/7e6ec277dc4aea2677c2dc301d4227957219329c985ab69a3efc12518b5161aa?s=96&d=mm&r=g\",\"contentUrl\":\"https:\\\/\\\/secure.gravatar.com\\\/avatar\\\/7e6ec277dc4aea2677c2dc301d4227957219329c985ab69a3efc12518b5161aa?s=96&d=mm&r=g\",\"caption\":\"Diario El Trabajo\"},\"sameAs\":[\"https:\\\/\\\/eltrabajo.cl\\\/web\"],\"url\":\"https:\\\/\\\/eltrabajo.cl\\\/web\\\/author\\\/diario-el-trabajo\\\/\"}]}<\/script>\n<!-- \/ Yoast SEO plugin. -->","yoast_head_json":{"title":"Trasandino har\u00e1 de local en la cancha de Uni\u00f3n San Felipe - Diario El Trabajo","robots":{"index":"index","follow":"follow","max-snippet":"max-snippet:-1","max-image-preview":"max-image-preview:large","max-video-preview":"max-video-preview:-1"},"canonical":"https:\/\/eltrabajo.cl\/web\/trasandino-local-cancha-union-san-felipe\/","og_locale":"es_ES","og_type":"article","og_title":"Trasandino har\u00e1 de local en la cancha de Uni\u00f3n San Felipe - Diario El Trabajo","og_description":"De manera extraordinaria, este s\u00e1bado Trasandino de Los Andes har\u00e1 de anfitri\u00f3n en el Estadio Municipal de San Felipe. Por la fecha 6 del torneo de la Segunda Divisi\u00f3n, la escuadra andina recibir\u00e1 al Real San Joaqu\u00edn, en un partido programado para las 5 de la tarde. Para los aconcag\u00fcinos este encuentro es importante, ya [&hellip;]","og_url":"https:\/\/eltrabajo.cl\/web\/trasandino-local-cancha-union-san-felipe\/","og_site_name":"Diario El Trabajo","article_publisher":"https:\/\/www.facebook.com\/ElTrabajoDiario","article_published_time":"2026-04-30T00:26:30+00:00","og_image":[{"width":700,"height":494,"url":"https:\/\/eltrabajo.cl\/web\/wp-content\/uploads\/2026\/04\/Trasandino-3.jpg","type":"image\/jpeg"}],"author":"Diario El Trabajo","twitter_card":"summary_large_image","twitter_creator":"@diarioeltrabajo","twitter_site":"@diarioeltrabajo","twitter_misc":{"Escrito por":"Diario El Trabajo","Tiempo estimado de lectura":"2 minutos"},"schema":{"@context":"https:\/\/schema.org","@graph":[{"@type":"Article","@id":"https:\/\/eltrabajo.cl\/web\/trasandino-local-cancha-union-san-felipe\/#article","isPartOf":{"@id":"https:\/\/eltrabajo.cl\/web\/trasandino-local-cancha-union-san-felipe\/"},"author":{"name":"Diario El Trabajo","@id":"https:\/\/eltrabajo.cl\/web\/#\/schema\/person\/45efd3d17f86ec456e44dd7debe1bf19"},"headline":"Trasandino har\u00e1 de local en la cancha de Uni\u00f3n San Felipe","datePublished":"2026-04-30T00:26:30+00:00","mainEntityOfPage":{"@id":"https:\/\/eltrabajo.cl\/web\/trasandino-local-cancha-union-san-felipe\/"},"wordCount":266,"commentCount":0,"publisher":{"@id":"https:\/\/eltrabajo.cl\/web\/#organization"},"image":{"@id":"https:\/\/eltrabajo.cl\/web\/trasandino-local-cancha-union-san-felipe\/#primaryimage"},"thumbnailUrl":"https:\/\/eltrabajo.cl\/web\/wp-content\/uploads\/2026\/04\/Trasandino-3.jpg","articleSection":["Deportes"],"inLanguage":"es-CL","potentialAction":[{"@type":"CommentAction","name":"Comment","target":["https:\/\/eltrabajo.cl\/web\/trasandino-local-cancha-union-san-felipe\/#respond"]}]},{"@type":"WebPage","@id":"https:\/\/eltrabajo.cl\/web\/trasandino-local-cancha-union-san-felipe\/","url":"https:\/\/eltrabajo.cl\/web\/trasandino-local-cancha-union-san-felipe\/","name":"Trasandino har\u00e1 de local en la cancha de Uni\u00f3n San Felipe - Diario El Trabajo","isPartOf":{"@id":"https:\/\/eltrabajo.cl\/web\/#website"},"primaryImageOfPage":{"@id":"https:\/\/eltrabajo.cl\/web\/trasandino-local-cancha-union-san-felipe\/#primaryimage"},"image":{"@id":"https:\/\/eltrabajo.cl\/web\/trasandino-local-cancha-union-san-felipe\/#primaryimage"},"thumbnailUrl":"https:\/\/eltrabajo.cl\/web\/wp-content\/uploads\/2026\/04\/Trasandino-3.jpg","datePublished":"2026-04-30T00:26:30+00:00","breadcrumb":{"@id":"https:\/\/eltrabajo.cl\/web\/trasandino-local-cancha-union-san-felipe\/#breadcrumb"},"inLanguage":"es-CL","potentialAction":[{"@type":"ReadAction","target":["https:\/\/eltrabajo.cl\/web\/trasandino-local-cancha-union-san-felipe\/"]}]},{"@type":"ImageObject","inLanguage":"es-CL","@id":"https:\/\/eltrabajo.cl\/web\/trasandino-local-cancha-union-san-felipe\/#primaryimage","url":"https:\/\/eltrabajo.cl\/web\/wp-content\/uploads\/2026\/04\/Trasandino-3.jpg","contentUrl":"https:\/\/eltrabajo.cl\/web\/wp-content\/uploads\/2026\/04\/Trasandino-3.jpg","width":700,"height":494,"caption":"Los andinos entrenaron ayer en el Estadio Municipal de San Felipe."},{"@type":"BreadcrumbList","@id":"https:\/\/eltrabajo.cl\/web\/trasandino-local-cancha-union-san-felipe\/#breadcrumb","itemListElement":[{"@type":"ListItem","position":1,"name":"Portada","item":"https:\/\/eltrabajo.cl\/web\/"},{"@type":"ListItem","position":2,"name":"Trasandino har\u00e1 de local en la cancha de Uni\u00f3n San Felipe"}]},{"@type":"WebSite","@id":"https:\/\/eltrabajo.cl\/web\/#website","url":"https:\/\/eltrabajo.cl\/web\/","name":"Diario El Trabajo","description":"Desde 1929 construyendo Identidad Local","publisher":{"@id":"https:\/\/eltrabajo.cl\/web\/#organization"},"potentialAction":[{"@type":"SearchAction","target":{"@type":"EntryPoint","urlTemplate":"https:\/\/eltrabajo.cl\/web\/?s={search_term_string}"},"query-input":{"@type":"PropertyValueSpecification","valueRequired":true,"valueName":"search_term_string"}}],"inLanguage":"es-CL"},{"@type":"Organization","@id":"https:\/\/eltrabajo.cl\/web\/#organization","name":"Diario El Trabajo","url":"https:\/\/eltrabajo.cl\/web\/","logo":{"@type":"ImageObject","inLanguage":"es-CL","@id":"https:\/\/eltrabajo.cl\/web\/#\/schema\/logo\/image\/","url":"https:\/\/eltrabajo.cl\/web\/wp-content\/uploads\/2024\/06\/profile-image-ig-page-diarioeltrabajo.jpg","contentUrl":"https:\/\/eltrabajo.cl\/web\/wp-content\/uploads\/2024\/06\/profile-image-ig-page-diarioeltrabajo.jpg","width":823,"height":823,"caption":"Diario El Trabajo"},"image":{"@id":"https:\/\/eltrabajo.cl\/web\/#\/schema\/logo\/image\/"},"sameAs":["https:\/\/www.facebook.com\/ElTrabajoDiario","https:\/\/x.com\/diarioeltrabajo"]},{"@type":"Person","@id":"https:\/\/eltrabajo.cl\/web\/#\/schema\/person\/45efd3d17f86ec456e44dd7debe1bf19","name":"Diario El Trabajo","image":{"@type":"ImageObject","inLanguage":"es-CL","@id":"https:\/\/secure.gravatar.com\/avatar\/7e6ec277dc4aea2677c2dc301d4227957219329c985ab69a3efc12518b5161aa?s=96&d=mm&r=g","url":"https:\/\/secure.gravatar.com\/avatar\/7e6ec277dc4aea2677c2dc301d4227957219329c985ab69a3efc12518b5161aa?s=96&d=mm&r=g","contentUrl":"https:\/\/secure.gravatar.com\/avatar\/7e6ec277dc4aea2677c2dc301d4227957219329c985ab69a3efc12518b5161aa?s=96&d=mm&r=g","caption":"Diario El Trabajo"},"sameAs":["https:\/\/eltrabajo.cl\/web"],"url":"https:\/\/eltrabajo.cl\/web\/author\/diario-el-trabajo\/"}]}},"_links":{"self":[{"href":"https:\/\/eltrabajo.cl\/web\/wp-json\/wp\/v2\/posts\/144337","targetHints":{"allow":["GET"]}}],"collection":[{"href":"https:\/\/eltrabajo.cl\/web\/wp-json\/wp\/v2\/posts"}],"about":[{"href":"https:\/\/eltrabajo.cl\/web\/wp-json\/wp\/v2\/types\/post"}],"author":[{"embeddable":true,"href":"https:\/\/eltrabajo.cl\/web\/wp-json\/wp\/v2\/users\/1"}],"replies":[{"embeddable":true,"href":"https:\/\/eltrabajo.cl\/web\/wp-json\/wp\/v2\/comments?post=144337"}],"version-history":[{"count":1,"href":"https:\/\/eltrabajo.cl\/web\/wp-json\/wp\/v2\/posts\/144337\/revisions"}],"predecessor-version":[{"id":144339,"href":"https:\/\/eltrabajo.cl\/web\/wp-json\/wp\/v2\/posts\/144337\/revisions\/144339"}],"wp:featuredmedia":[{"embeddable":true,"href":"https:\/\/eltrabajo.cl\/web\/wp-json\/wp\/v2\/media\/144338"}],"wp:attachment":[{"href":"https:\/\/eltrabajo.cl\/web\/wp-json\/wp\/v2\/media?parent=144337"}],"wp:term":[{"taxonomy":"category","embeddable":true,"href":"https:\/\/eltrabajo.cl\/web\/wp-json\/wp\/v2\/categories?post=144337"},{"taxonomy":"post_tag","embeddable":true,"href":"https:\/\/eltrabajo.cl\/web\/wp-json\/wp\/v2\/tags?post=144337"}],"curies":[{"name":"wp","href":"https:\/\/api.w.org\/{rel}","templated":true}]}}