{"id":144340,"date":"2026-04-29T21:27:44","date_gmt":"2026-04-30T00:27:44","guid":{"rendered":"https:\/\/eltrabajo.cl\/web\/?p=144340"},"modified":"2026-04-29T21:27:44","modified_gmt":"2026-04-30T00:27:44","slug":"implementan-programa-en-san-felipe-y-los-andes-para-vincular-formacion-tecnica-con-la-industria-energetica","status":"publish","type":"post","link":"https:\/\/eltrabajo.cl\/web\/implementan-programa-en-san-felipe-y-los-andes-para-vincular-formacion-tecnica-con-la-industria-energetica\/","title":{"rendered":"Implementan programa en San Felipe y Los Andes\u00a0para vincular formaci\u00f3n t\u00e9cnica con la industria energ\u00e9tica"},"content":{"rendered":"<ul>\n<li><strong>La iniciativa beneficiar\u00e1 a estudiantes del valle mediante una ruta formativa que combina contenidos especializados, pasant\u00edas y pr\u00e1cticas en terreno.-<\/strong><\/li>\n<\/ul>\n<p>Con el objetivo de fortalecer la educaci\u00f3n t\u00e9cnico profesional en el Valle de Aconcagua, la SOFOFA, a trav\u00e9s de su Corporaci\u00f3n Educacional y su OTIC, junto a la empresa Colb\u00fan, oficializaron la implementaci\u00f3n del programa \u2018Red de Empresas por la Educaci\u00f3n T\u00e9cnico Profesional\u2019 (Red TP) en la zona.<\/p>\n<p>La iniciativa contempla un modelo colaborativo de formaci\u00f3n temprana que articula a establecimientos educacionales con el sector productivo, integrando a estudiantes en la cadena de valor de la industria energ\u00e9tica. En esta etapa, el programa beneficiar\u00e1 a alumnos del Liceo Bicentenario Industrial \u2018Guillermo Richards Cuevas\u2019 de San Felipe y del Liceo Polit\u00e9cnico \u2018Am\u00e9rica de Los Andes.<\/p>\n<p>El plan formativo incluye una primera fase de aprendizaje te\u00f3rico apoyado por dispositivos tecnol\u00f3gicos con contenidos t\u00e9cnicos especializados en producci\u00f3n hidroel\u00e9ctrica, desarrollados por la consultora DiTraining. Posteriormente, los estudiantes acceder\u00e1n a pasant\u00edas de tres meses en la Central Los Quilos de Colb\u00fan, ubicada en el Complejo Aconcagua, con la posibilidad de realizar su pr\u00e1ctica profesional en la misma compa\u00f1\u00eda.<\/p>\n<p>Desde Colb\u00fan, el subgerente del Complejo Hidroel\u00e9ctrico Aconcagua, <strong>Juan Luis Hern\u00e1ndez<\/strong>, se\u00f1al\u00f3 que el programa busca fortalecer la formaci\u00f3n de capital humano en la industria. <em>\u00abLa idea es que los estudiantes se formen con apoyo de nuestros profesionales para que lo aprendido en el liceo se refleje en la realidad laboral\u00bb<\/em>, indic\u00f3.<\/p>\n<p>Por su parte, el subgerente del \u00e1rea de asesor\u00edas de SOFOFA, <strong>Diego Docmac<\/strong>, explic\u00f3 que el modelo permite identificar las competencias requeridas por la industria y trasladarlas a los establecimientos educacionales mediante rutas formativas pertinentes. Afirm\u00f3 que <em>\u00abnuestra labor principal es identificar los perfiles y competencias t\u00e9cnicas que requiere la empresa y llevarlos, a trav\u00e9s de una ruta formativa, a los establecimientos. As\u00ed, formamos a estos j\u00f3venes en el mismo puesto de trabajo con contenidos muy pertinentes a lo que es el trabajo en una hidroel\u00e9ctrica\u00bb<\/em>.<\/p>\n<p>Desde el \u00e1mbito educativo, los directores de ambos establecimientos destacaron el impacto de la iniciativa en la proyecci\u00f3n laboral de los estudiantes. <strong>Andr\u00e9s Vargas<\/strong>, de la \u2018Escuela Industrial\u2019 de San Felipe, valor\u00f3 la vinculaci\u00f3n directa con la operaci\u00f3n de la Central Los Quilos, mientras que <strong>Walter Arancibia<\/strong>, del Liceo Bicentenario Polit\u00e9cnico \u2018Am\u00e9rica\u2019 de Los Andes, subray\u00f3 la relevancia de esta alianza para fortalecer la formaci\u00f3n en especialidades como Electricidad y Construcci\u00f3n.<\/p>\n<p>El programa tambi\u00e9n fue valorado por estudiantes participantes, quienes destacaron la oportunidad de adquirir experiencia pr\u00e1ctica y proyectar su desarrollo profesional en el sector energ\u00e9tico.<\/p>\n<p><strong>Alan Valdivia<\/strong>, estudiante de cuarto medio del Liceo Bicentenario Industrial Guillermo Richards Cuevas de San Felipe, valor\u00f3 la iniciativa asegurando que <em>\u00abestamos muy agradecidos por los beneficios que nos est\u00e1n brindando. Para nosotros, esto representa un aporte y una pieza fundamental para construir nuestro futuro laboral; nos est\u00e1n apoyando directamente para convertirnos en los profesionales del ma\u00f1ana\u00bb<\/em>.<\/p>\n<p><strong>Mart\u00edn Ibacache<\/strong>, estudiante de cuarto medio A de la especialidad de electricidad del Liceo Bicentenario Polit\u00e9cnico Am\u00e9rica de Los Andes, indic\u00f3 que <em>\u00abestamos muy agradecidos, sobre todo por la experiencia que nos est\u00e1n brindando. Es una oportunidad que nos permitir\u00e1 crecer como personas y fortalecer nuestra formaci\u00f3n profesional\u00bb<\/em>.<\/p>\n<p>Con la incorporaci\u00f3n de Colb\u00fan en 2025, la Red TP de SOFOFA ampl\u00eda el rol formador de las empresas en el pa\u00eds. Actualmente, esta red agrupa a cerca de 50 compa\u00f1\u00edas y alcanza a m\u00e1s de 35 mil estudiantes, promoviendo una formaci\u00f3n t\u00e9cnico-profesional alineada con las necesidades productivas y el desarrollo sostenible.<\/p>\n<figure id=\"attachment_144341\" aria-describedby=\"caption-attachment-144341\" style=\"width: 699px\" class=\"wp-caption alignnone\"><img loading=\"lazy\" decoding=\"async\" class=\"size-full wp-image-144341\" src=\"https:\/\/eltrabajo.cl\/web\/wp-content\/uploads\/2026\/04\/programa-Colbun-1.jpg\" alt=\"Ceremonia realizada en el Liceo Industrial de nuestra comuna.\" width=\"699\" height=\"319\" srcset=\"https:\/\/eltrabajo.cl\/web\/wp-content\/uploads\/2026\/04\/programa-Colbun-1.jpg 699w, https:\/\/eltrabajo.cl\/web\/wp-content\/uploads\/2026\/04\/programa-Colbun-1-300x137.jpg 300w, https:\/\/eltrabajo.cl\/web\/wp-content\/uploads\/2026\/04\/programa-Colbun-1-150x68.jpg 150w, https:\/\/eltrabajo.cl\/web\/wp-content\/uploads\/2026\/04\/programa-Colbun-1-696x318.jpg 696w\" sizes=\"auto, (max-width: 699px) 100vw, 699px\" \/><figcaption id=\"caption-attachment-144341\" class=\"wp-caption-text\">Ceremonia realizada en el Liceo Industrial de nuestra comuna.<\/figcaption><\/figure>\n<figure id=\"attachment_144342\" aria-describedby=\"caption-attachment-144342\" style=\"width: 699px\" class=\"wp-caption alignnone\"><img loading=\"lazy\" decoding=\"async\" class=\"size-full wp-image-144342\" src=\"https:\/\/eltrabajo.cl\/web\/wp-content\/uploads\/2026\/04\/programa-Colbun-3.jpg\" alt=\"Director, profesores y alumnos del establecimiento sanfelipe\u00f1o.\" width=\"699\" height=\"339\" srcset=\"https:\/\/eltrabajo.cl\/web\/wp-content\/uploads\/2026\/04\/programa-Colbun-3.jpg 699w, https:\/\/eltrabajo.cl\/web\/wp-content\/uploads\/2026\/04\/programa-Colbun-3-300x145.jpg 300w, https:\/\/eltrabajo.cl\/web\/wp-content\/uploads\/2026\/04\/programa-Colbun-3-150x73.jpg 150w, https:\/\/eltrabajo.cl\/web\/wp-content\/uploads\/2026\/04\/programa-Colbun-3-696x338.jpg 696w\" sizes=\"auto, (max-width: 699px) 100vw, 699px\" \/><figcaption id=\"caption-attachment-144342\" class=\"wp-caption-text\">Director, profesores y alumnos del establecimiento sanfelipe\u00f1o.<\/figcaption><\/figure>\n","protected":false},"excerpt":{"rendered":"<p>La iniciativa beneficiar\u00e1 a estudiantes del valle mediante una ruta formativa que combina contenidos especializados, pasant\u00edas y pr\u00e1cticas en terreno.- Con el objetivo de fortalecer la educaci\u00f3n t\u00e9cnico profesional en el Valle de Aconcagua, la SOFOFA, a trav\u00e9s de su Corporaci\u00f3n Educacional y su OTIC, junto a la empresa Colb\u00fan, oficializaron la implementaci\u00f3n del programa [&hellip;]<\/p>\n","protected":false},"author":1,"featured_media":144341,"comment_status":"open","ping_status":"closed","sticky":false,"template":"","format":"standard","meta":{"footnotes":""},"categories":[4],"tags":[],"class_list":{"0":"post-144340","1":"post","2":"type-post","3":"status-publish","4":"format-standard","5":"has-post-thumbnail","7":"category-comunidad"},"yoast_head":"<!-- This site is optimized with the Yoast SEO plugin v27.5 - https:\/\/yoast.com\/product\/yoast-seo-wordpress\/ -->\n<title>Implementan programa en San Felipe y Los Andes\u00a0para vincular formaci\u00f3n t\u00e9cnica con la industria energ\u00e9tica - Diario El Trabajo<\/title>\n<meta name=\"robots\" content=\"index, follow, max-snippet:-1, max-image-preview:large, max-video-preview:-1\" \/>\n<link rel=\"canonical\" href=\"https:\/\/eltrabajo.cl\/web\/implementan-programa-en-san-felipe-y-los-andes-para-vincular-formacion-tecnica-con-la-industria-energetica\/\" \/>\n<meta property=\"og:locale\" content=\"es_ES\" \/>\n<meta property=\"og:type\" content=\"article\" \/>\n<meta property=\"og:title\" content=\"Implementan programa en San Felipe y Los Andes\u00a0para vincular formaci\u00f3n t\u00e9cnica con la industria energ\u00e9tica - Diario El Trabajo\" \/>\n<meta property=\"og:description\" content=\"La iniciativa beneficiar\u00e1 a estudiantes del valle mediante una ruta formativa que combina contenidos especializados, pasant\u00edas y pr\u00e1cticas en terreno.- Con el objetivo de fortalecer la educaci\u00f3n t\u00e9cnico profesional en el Valle de Aconcagua, la SOFOFA, a trav\u00e9s de su Corporaci\u00f3n Educacional y su OTIC, junto a la empresa Colb\u00fan, oficializaron la implementaci\u00f3n del programa [&hellip;]\" \/>\n<meta property=\"og:url\" content=\"https:\/\/eltrabajo.cl\/web\/implementan-programa-en-san-felipe-y-los-andes-para-vincular-formacion-tecnica-con-la-industria-energetica\/\" \/>\n<meta property=\"og:site_name\" content=\"Diario El Trabajo\" \/>\n<meta property=\"article:publisher\" content=\"https:\/\/www.facebook.com\/ElTrabajoDiario\" \/>\n<meta property=\"article:published_time\" content=\"2026-04-30T00:27:44+00:00\" \/>\n<meta property=\"og:image\" content=\"https:\/\/eltrabajo.cl\/web\/wp-content\/uploads\/2026\/04\/programa-Colbun-1.jpg\" \/>\n\t<meta property=\"og:image:width\" content=\"699\" \/>\n\t<meta property=\"og:image:height\" content=\"319\" \/>\n\t<meta property=\"og:image:type\" content=\"image\/jpeg\" \/>\n<meta name=\"author\" content=\"Diario El Trabajo\" \/>\n<meta name=\"twitter:card\" content=\"summary_large_image\" \/>\n<meta name=\"twitter:creator\" content=\"@diarioeltrabajo\" \/>\n<meta name=\"twitter:site\" content=\"@diarioeltrabajo\" \/>\n<meta name=\"twitter:label1\" content=\"Escrito por\" \/>\n\t<meta name=\"twitter:data1\" content=\"Diario El Trabajo\" \/>\n\t<meta name=\"twitter:label2\" content=\"Tiempo estimado de lectura\" \/>\n\t<meta name=\"twitter:data2\" content=\"4 minutos\" \/>\n<script type=\"application\/ld+json\" class=\"yoast-schema-graph\">{\"@context\":\"https:\\\/\\\/schema.org\",\"@graph\":[{\"@type\":\"Article\",\"@id\":\"https:\\\/\\\/eltrabajo.cl\\\/web\\\/implementan-programa-en-san-felipe-y-los-andes-para-vincular-formacion-tecnica-con-la-industria-energetica\\\/#article\",\"isPartOf\":{\"@id\":\"https:\\\/\\\/eltrabajo.cl\\\/web\\\/implementan-programa-en-san-felipe-y-los-andes-para-vincular-formacion-tecnica-con-la-industria-energetica\\\/\"},\"author\":{\"name\":\"Diario El Trabajo\",\"@id\":\"https:\\\/\\\/eltrabajo.cl\\\/web\\\/#\\\/schema\\\/person\\\/45efd3d17f86ec456e44dd7debe1bf19\"},\"headline\":\"Implementan programa en San Felipe y Los Andes\u00a0para vincular formaci\u00f3n t\u00e9cnica con la industria energ\u00e9tica\",\"datePublished\":\"2026-04-30T00:27:44+00:00\",\"mainEntityOfPage\":{\"@id\":\"https:\\\/\\\/eltrabajo.cl\\\/web\\\/implementan-programa-en-san-felipe-y-los-andes-para-vincular-formacion-tecnica-con-la-industria-energetica\\\/\"},\"wordCount\":683,\"commentCount\":0,\"publisher\":{\"@id\":\"https:\\\/\\\/eltrabajo.cl\\\/web\\\/#organization\"},\"image\":{\"@id\":\"https:\\\/\\\/eltrabajo.cl\\\/web\\\/implementan-programa-en-san-felipe-y-los-andes-para-vincular-formacion-tecnica-con-la-industria-energetica\\\/#primaryimage\"},\"thumbnailUrl\":\"https:\\\/\\\/eltrabajo.cl\\\/web\\\/wp-content\\\/uploads\\\/2026\\\/04\\\/programa-Colbun-1.jpg\",\"articleSection\":[\"Comunidad\"],\"inLanguage\":\"es-CL\",\"potentialAction\":[{\"@type\":\"CommentAction\",\"name\":\"Comment\",\"target\":[\"https:\\\/\\\/eltrabajo.cl\\\/web\\\/implementan-programa-en-san-felipe-y-los-andes-para-vincular-formacion-tecnica-con-la-industria-energetica\\\/#respond\"]}]},{\"@type\":\"WebPage\",\"@id\":\"https:\\\/\\\/eltrabajo.cl\\\/web\\\/implementan-programa-en-san-felipe-y-los-andes-para-vincular-formacion-tecnica-con-la-industria-energetica\\\/\",\"url\":\"https:\\\/\\\/eltrabajo.cl\\\/web\\\/implementan-programa-en-san-felipe-y-los-andes-para-vincular-formacion-tecnica-con-la-industria-energetica\\\/\",\"name\":\"Implementan programa en San Felipe y Los Andes\u00a0para vincular formaci\u00f3n t\u00e9cnica con la industria energ\u00e9tica - Diario El Trabajo\",\"isPartOf\":{\"@id\":\"https:\\\/\\\/eltrabajo.cl\\\/web\\\/#website\"},\"primaryImageOfPage\":{\"@id\":\"https:\\\/\\\/eltrabajo.cl\\\/web\\\/implementan-programa-en-san-felipe-y-los-andes-para-vincular-formacion-tecnica-con-la-industria-energetica\\\/#primaryimage\"},\"image\":{\"@id\":\"https:\\\/\\\/eltrabajo.cl\\\/web\\\/implementan-programa-en-san-felipe-y-los-andes-para-vincular-formacion-tecnica-con-la-industria-energetica\\\/#primaryimage\"},\"thumbnailUrl\":\"https:\\\/\\\/eltrabajo.cl\\\/web\\\/wp-content\\\/uploads\\\/2026\\\/04\\\/programa-Colbun-1.jpg\",\"datePublished\":\"2026-04-30T00:27:44+00:00\",\"breadcrumb\":{\"@id\":\"https:\\\/\\\/eltrabajo.cl\\\/web\\\/implementan-programa-en-san-felipe-y-los-andes-para-vincular-formacion-tecnica-con-la-industria-energetica\\\/#breadcrumb\"},\"inLanguage\":\"es-CL\",\"potentialAction\":[{\"@type\":\"ReadAction\",\"target\":[\"https:\\\/\\\/eltrabajo.cl\\\/web\\\/implementan-programa-en-san-felipe-y-los-andes-para-vincular-formacion-tecnica-con-la-industria-energetica\\\/\"]}]},{\"@type\":\"ImageObject\",\"inLanguage\":\"es-CL\",\"@id\":\"https:\\\/\\\/eltrabajo.cl\\\/web\\\/implementan-programa-en-san-felipe-y-los-andes-para-vincular-formacion-tecnica-con-la-industria-energetica\\\/#primaryimage\",\"url\":\"https:\\\/\\\/eltrabajo.cl\\\/web\\\/wp-content\\\/uploads\\\/2026\\\/04\\\/programa-Colbun-1.jpg\",\"contentUrl\":\"https:\\\/\\\/eltrabajo.cl\\\/web\\\/wp-content\\\/uploads\\\/2026\\\/04\\\/programa-Colbun-1.jpg\",\"width\":699,\"height\":319,\"caption\":\"Ceremonia realizada en el Liceo Industrial de nuestra comuna.\"},{\"@type\":\"BreadcrumbList\",\"@id\":\"https:\\\/\\\/eltrabajo.cl\\\/web\\\/implementan-programa-en-san-felipe-y-los-andes-para-vincular-formacion-tecnica-con-la-industria-energetica\\\/#breadcrumb\",\"itemListElement\":[{\"@type\":\"ListItem\",\"position\":1,\"name\":\"Portada\",\"item\":\"https:\\\/\\\/eltrabajo.cl\\\/web\\\/\"},{\"@type\":\"ListItem\",\"position\":2,\"name\":\"Implementan programa en San Felipe y Los Andes\u00a0para vincular formaci\u00f3n t\u00e9cnica con la industria energ\u00e9tica\"}]},{\"@type\":\"WebSite\",\"@id\":\"https:\\\/\\\/eltrabajo.cl\\\/web\\\/#website\",\"url\":\"https:\\\/\\\/eltrabajo.cl\\\/web\\\/\",\"name\":\"Diario El Trabajo\",\"description\":\"Desde 1929 construyendo Identidad Local\",\"publisher\":{\"@id\":\"https:\\\/\\\/eltrabajo.cl\\\/web\\\/#organization\"},\"potentialAction\":[{\"@type\":\"SearchAction\",\"target\":{\"@type\":\"EntryPoint\",\"urlTemplate\":\"https:\\\/\\\/eltrabajo.cl\\\/web\\\/?s={search_term_string}\"},\"query-input\":{\"@type\":\"PropertyValueSpecification\",\"valueRequired\":true,\"valueName\":\"search_term_string\"}}],\"inLanguage\":\"es-CL\"},{\"@type\":\"Organization\",\"@id\":\"https:\\\/\\\/eltrabajo.cl\\\/web\\\/#organization\",\"name\":\"Diario El Trabajo\",\"url\":\"https:\\\/\\\/eltrabajo.cl\\\/web\\\/\",\"logo\":{\"@type\":\"ImageObject\",\"inLanguage\":\"es-CL\",\"@id\":\"https:\\\/\\\/eltrabajo.cl\\\/web\\\/#\\\/schema\\\/logo\\\/image\\\/\",\"url\":\"https:\\\/\\\/eltrabajo.cl\\\/web\\\/wp-content\\\/uploads\\\/2024\\\/06\\\/profile-image-ig-page-diarioeltrabajo.jpg\",\"contentUrl\":\"https:\\\/\\\/eltrabajo.cl\\\/web\\\/wp-content\\\/uploads\\\/2024\\\/06\\\/profile-image-ig-page-diarioeltrabajo.jpg\",\"width\":823,\"height\":823,\"caption\":\"Diario El Trabajo\"},\"image\":{\"@id\":\"https:\\\/\\\/eltrabajo.cl\\\/web\\\/#\\\/schema\\\/logo\\\/image\\\/\"},\"sameAs\":[\"https:\\\/\\\/www.facebook.com\\\/ElTrabajoDiario\",\"https:\\\/\\\/x.com\\\/diarioeltrabajo\"]},{\"@type\":\"Person\",\"@id\":\"https:\\\/\\\/eltrabajo.cl\\\/web\\\/#\\\/schema\\\/person\\\/45efd3d17f86ec456e44dd7debe1bf19\",\"name\":\"Diario El Trabajo\",\"image\":{\"@type\":\"ImageObject\",\"inLanguage\":\"es-CL\",\"@id\":\"https:\\\/\\\/secure.gravatar.com\\\/avatar\\\/7e6ec277dc4aea2677c2dc301d4227957219329c985ab69a3efc12518b5161aa?s=96&d=mm&r=g\",\"url\":\"https:\\\/\\\/secure.gravatar.com\\\/avatar\\\/7e6ec277dc4aea2677c2dc301d4227957219329c985ab69a3efc12518b5161aa?s=96&d=mm&r=g\",\"contentUrl\":\"https:\\\/\\\/secure.gravatar.com\\\/avatar\\\/7e6ec277dc4aea2677c2dc301d4227957219329c985ab69a3efc12518b5161aa?s=96&d=mm&r=g\",\"caption\":\"Diario El Trabajo\"},\"sameAs\":[\"https:\\\/\\\/eltrabajo.cl\\\/web\"],\"url\":\"https:\\\/\\\/eltrabajo.cl\\\/web\\\/author\\\/diario-el-trabajo\\\/\"}]}<\/script>\n<!-- \/ Yoast SEO plugin. -->","yoast_head_json":{"title":"Implementan programa en San Felipe y Los Andes\u00a0para vincular formaci\u00f3n t\u00e9cnica con la industria energ\u00e9tica - Diario El Trabajo","robots":{"index":"index","follow":"follow","max-snippet":"max-snippet:-1","max-image-preview":"max-image-preview:large","max-video-preview":"max-video-preview:-1"},"canonical":"https:\/\/eltrabajo.cl\/web\/implementan-programa-en-san-felipe-y-los-andes-para-vincular-formacion-tecnica-con-la-industria-energetica\/","og_locale":"es_ES","og_type":"article","og_title":"Implementan programa en San Felipe y Los Andes\u00a0para vincular formaci\u00f3n t\u00e9cnica con la industria energ\u00e9tica - Diario El Trabajo","og_description":"La iniciativa beneficiar\u00e1 a estudiantes del valle mediante una ruta formativa que combina contenidos especializados, pasant\u00edas y pr\u00e1cticas en terreno.- Con el objetivo de fortalecer la educaci\u00f3n t\u00e9cnico profesional en el Valle de Aconcagua, la SOFOFA, a trav\u00e9s de su Corporaci\u00f3n Educacional y su OTIC, junto a la empresa Colb\u00fan, oficializaron la implementaci\u00f3n del programa [&hellip;]","og_url":"https:\/\/eltrabajo.cl\/web\/implementan-programa-en-san-felipe-y-los-andes-para-vincular-formacion-tecnica-con-la-industria-energetica\/","og_site_name":"Diario El Trabajo","article_publisher":"https:\/\/www.facebook.com\/ElTrabajoDiario","article_published_time":"2026-04-30T00:27:44+00:00","og_image":[{"width":699,"height":319,"url":"https:\/\/eltrabajo.cl\/web\/wp-content\/uploads\/2026\/04\/programa-Colbun-1.jpg","type":"image\/jpeg"}],"author":"Diario El Trabajo","twitter_card":"summary_large_image","twitter_creator":"@diarioeltrabajo","twitter_site":"@diarioeltrabajo","twitter_misc":{"Escrito por":"Diario El Trabajo","Tiempo estimado de lectura":"4 minutos"},"schema":{"@context":"https:\/\/schema.org","@graph":[{"@type":"Article","@id":"https:\/\/eltrabajo.cl\/web\/implementan-programa-en-san-felipe-y-los-andes-para-vincular-formacion-tecnica-con-la-industria-energetica\/#article","isPartOf":{"@id":"https:\/\/eltrabajo.cl\/web\/implementan-programa-en-san-felipe-y-los-andes-para-vincular-formacion-tecnica-con-la-industria-energetica\/"},"author":{"name":"Diario El Trabajo","@id":"https:\/\/eltrabajo.cl\/web\/#\/schema\/person\/45efd3d17f86ec456e44dd7debe1bf19"},"headline":"Implementan programa en San Felipe y Los Andes\u00a0para vincular formaci\u00f3n t\u00e9cnica con la industria energ\u00e9tica","datePublished":"2026-04-30T00:27:44+00:00","mainEntityOfPage":{"@id":"https:\/\/eltrabajo.cl\/web\/implementan-programa-en-san-felipe-y-los-andes-para-vincular-formacion-tecnica-con-la-industria-energetica\/"},"wordCount":683,"commentCount":0,"publisher":{"@id":"https:\/\/eltrabajo.cl\/web\/#organization"},"image":{"@id":"https:\/\/eltrabajo.cl\/web\/implementan-programa-en-san-felipe-y-los-andes-para-vincular-formacion-tecnica-con-la-industria-energetica\/#primaryimage"},"thumbnailUrl":"https:\/\/eltrabajo.cl\/web\/wp-content\/uploads\/2026\/04\/programa-Colbun-1.jpg","articleSection":["Comunidad"],"inLanguage":"es-CL","potentialAction":[{"@type":"CommentAction","name":"Comment","target":["https:\/\/eltrabajo.cl\/web\/implementan-programa-en-san-felipe-y-los-andes-para-vincular-formacion-tecnica-con-la-industria-energetica\/#respond"]}]},{"@type":"WebPage","@id":"https:\/\/eltrabajo.cl\/web\/implementan-programa-en-san-felipe-y-los-andes-para-vincular-formacion-tecnica-con-la-industria-energetica\/","url":"https:\/\/eltrabajo.cl\/web\/implementan-programa-en-san-felipe-y-los-andes-para-vincular-formacion-tecnica-con-la-industria-energetica\/","name":"Implementan programa en San Felipe y Los Andes\u00a0para vincular formaci\u00f3n t\u00e9cnica con la industria energ\u00e9tica - Diario El Trabajo","isPartOf":{"@id":"https:\/\/eltrabajo.cl\/web\/#website"},"primaryImageOfPage":{"@id":"https:\/\/eltrabajo.cl\/web\/implementan-programa-en-san-felipe-y-los-andes-para-vincular-formacion-tecnica-con-la-industria-energetica\/#primaryimage"},"image":{"@id":"https:\/\/eltrabajo.cl\/web\/implementan-programa-en-san-felipe-y-los-andes-para-vincular-formacion-tecnica-con-la-industria-energetica\/#primaryimage"},"thumbnailUrl":"https:\/\/eltrabajo.cl\/web\/wp-content\/uploads\/2026\/04\/programa-Colbun-1.jpg","datePublished":"2026-04-30T00:27:44+00:00","breadcrumb":{"@id":"https:\/\/eltrabajo.cl\/web\/implementan-programa-en-san-felipe-y-los-andes-para-vincular-formacion-tecnica-con-la-industria-energetica\/#breadcrumb"},"inLanguage":"es-CL","potentialAction":[{"@type":"ReadAction","target":["https:\/\/eltrabajo.cl\/web\/implementan-programa-en-san-felipe-y-los-andes-para-vincular-formacion-tecnica-con-la-industria-energetica\/"]}]},{"@type":"ImageObject","inLanguage":"es-CL","@id":"https:\/\/eltrabajo.cl\/web\/implementan-programa-en-san-felipe-y-los-andes-para-vincular-formacion-tecnica-con-la-industria-energetica\/#primaryimage","url":"https:\/\/eltrabajo.cl\/web\/wp-content\/uploads\/2026\/04\/programa-Colbun-1.jpg","contentUrl":"https:\/\/eltrabajo.cl\/web\/wp-content\/uploads\/2026\/04\/programa-Colbun-1.jpg","width":699,"height":319,"caption":"Ceremonia realizada en el Liceo Industrial de nuestra comuna."},{"@type":"BreadcrumbList","@id":"https:\/\/eltrabajo.cl\/web\/implementan-programa-en-san-felipe-y-los-andes-para-vincular-formacion-tecnica-con-la-industria-energetica\/#breadcrumb","itemListElement":[{"@type":"ListItem","position":1,"name":"Portada","item":"https:\/\/eltrabajo.cl\/web\/"},{"@type":"ListItem","position":2,"name":"Implementan programa en San Felipe y Los Andes\u00a0para vincular formaci\u00f3n t\u00e9cnica con la industria energ\u00e9tica"}]},{"@type":"WebSite","@id":"https:\/\/eltrabajo.cl\/web\/#website","url":"https:\/\/eltrabajo.cl\/web\/","name":"Diario El Trabajo","description":"Desde 1929 construyendo Identidad Local","publisher":{"@id":"https:\/\/eltrabajo.cl\/web\/#organization"},"potentialAction":[{"@type":"SearchAction","target":{"@type":"EntryPoint","urlTemplate":"https:\/\/eltrabajo.cl\/web\/?s={search_term_string}"},"query-input":{"@type":"PropertyValueSpecification","valueRequired":true,"valueName":"search_term_string"}}],"inLanguage":"es-CL"},{"@type":"Organization","@id":"https:\/\/eltrabajo.cl\/web\/#organization","name":"Diario El Trabajo","url":"https:\/\/eltrabajo.cl\/web\/","logo":{"@type":"ImageObject","inLanguage":"es-CL","@id":"https:\/\/eltrabajo.cl\/web\/#\/schema\/logo\/image\/","url":"https:\/\/eltrabajo.cl\/web\/wp-content\/uploads\/2024\/06\/profile-image-ig-page-diarioeltrabajo.jpg","contentUrl":"https:\/\/eltrabajo.cl\/web\/wp-content\/uploads\/2024\/06\/profile-image-ig-page-diarioeltrabajo.jpg","width":823,"height":823,"caption":"Diario El Trabajo"},"image":{"@id":"https:\/\/eltrabajo.cl\/web\/#\/schema\/logo\/image\/"},"sameAs":["https:\/\/www.facebook.com\/ElTrabajoDiario","https:\/\/x.com\/diarioeltrabajo"]},{"@type":"Person","@id":"https:\/\/eltrabajo.cl\/web\/#\/schema\/person\/45efd3d17f86ec456e44dd7debe1bf19","name":"Diario El Trabajo","image":{"@type":"ImageObject","inLanguage":"es-CL","@id":"https:\/\/secure.gravatar.com\/avatar\/7e6ec277dc4aea2677c2dc301d4227957219329c985ab69a3efc12518b5161aa?s=96&d=mm&r=g","url":"https:\/\/secure.gravatar.com\/avatar\/7e6ec277dc4aea2677c2dc301d4227957219329c985ab69a3efc12518b5161aa?s=96&d=mm&r=g","contentUrl":"https:\/\/secure.gravatar.com\/avatar\/7e6ec277dc4aea2677c2dc301d4227957219329c985ab69a3efc12518b5161aa?s=96&d=mm&r=g","caption":"Diario El Trabajo"},"sameAs":["https:\/\/eltrabajo.cl\/web"],"url":"https:\/\/eltrabajo.cl\/web\/author\/diario-el-trabajo\/"}]}},"_links":{"self":[{"href":"https:\/\/eltrabajo.cl\/web\/wp-json\/wp\/v2\/posts\/144340","targetHints":{"allow":["GET"]}}],"collection":[{"href":"https:\/\/eltrabajo.cl\/web\/wp-json\/wp\/v2\/posts"}],"about":[{"href":"https:\/\/eltrabajo.cl\/web\/wp-json\/wp\/v2\/types\/post"}],"author":[{"embeddable":true,"href":"https:\/\/eltrabajo.cl\/web\/wp-json\/wp\/v2\/users\/1"}],"replies":[{"embeddable":true,"href":"https:\/\/eltrabajo.cl\/web\/wp-json\/wp\/v2\/comments?post=144340"}],"version-history":[{"count":1,"href":"https:\/\/eltrabajo.cl\/web\/wp-json\/wp\/v2\/posts\/144340\/revisions"}],"predecessor-version":[{"id":144343,"href":"https:\/\/eltrabajo.cl\/web\/wp-json\/wp\/v2\/posts\/144340\/revisions\/144343"}],"wp:featuredmedia":[{"embeddable":true,"href":"https:\/\/eltrabajo.cl\/web\/wp-json\/wp\/v2\/media\/144341"}],"wp:attachment":[{"href":"https:\/\/eltrabajo.cl\/web\/wp-json\/wp\/v2\/media?parent=144340"}],"wp:term":[{"taxonomy":"category","embeddable":true,"href":"https:\/\/eltrabajo.cl\/web\/wp-json\/wp\/v2\/categories?post=144340"},{"taxonomy":"post_tag","embeddable":true,"href":"https:\/\/eltrabajo.cl\/web\/wp-json\/wp\/v2\/tags?post=144340"}],"curies":[{"name":"wp","href":"https:\/\/api.w.org\/{rel}","templated":true}]}}