{"id":144344,"date":"2026-04-29T21:29:17","date_gmt":"2026-04-30T00:29:17","guid":{"rendered":"https:\/\/eltrabajo.cl\/web\/?p=144344"},"modified":"2026-04-29T21:29:17","modified_gmt":"2026-04-30T00:29:17","slug":"colegio-alonso-de-ercilla-participo-en-tradicional-desfile-en-honor-a-carabineros","status":"publish","type":"post","link":"https:\/\/eltrabajo.cl\/web\/colegio-alonso-de-ercilla-participo-en-tradicional-desfile-en-honor-a-carabineros\/","title":{"rendered":"Colegio Alonso de Ercilla particip\u00f3 en tradicional desfile en honor a Carabineros"},"content":{"rendered":"<ul>\n<li><strong>M\u00e1s de 150 estudiantes recorrieron las calles de la comuna en un emotivo homenaje, reafirmando valores de respeto, compromiso y sentido c\u00edvico.-<\/strong><\/li>\n<\/ul>\n<p>En el marco de un nuevo aniversario de Carabineros de Chile, el Colegio Alonso de Ercilla de San Felipe fue parte del tradicional desfile conmemorativo, instancia que a\u00f1o a a\u00f1o re\u00fane a la comunidad educativa en torno al reconocimiento de la labor policial.<\/p>\n<p>La actividad se desarroll\u00f3 el pasado lunes 27 de abril, oportunidad en que estudiantes de cuarto b\u00e1sico de la sede Condell, junto a la Banda de Guerra e Instrumental \u2018Jos\u00e9 Venegas Mart\u00ednez\u2019, desfilaron por distintas calles de la comuna acompa\u00f1ados de sus estandartes, en una muestra de respeto y compromiso c\u00edvico que ya se ha transformado en una tradici\u00f3n para el establecimiento.<\/p>\n<p>Durante la jornada, los alumnos interpretaron el himno de Carabineros y entonaron el tradicional \u2018Cumplea\u00f1os Feliz\u2019, gesto simb\u00f3lico que fue recibido con atenci\u00f3n y respeto por parte de quienes presenciaron el paso de la delegaci\u00f3n estudiantil. En total, m\u00e1s de 150 estudiantes participaron de la actividad, ti\u00f1endo de burdeo las calles de San Felipe con una presentaci\u00f3n ordenada, coordinada y cargada de solemnidad.<\/p>\n<p>La Banda de Guerra e Instrumental del establecimiento, compuesta por alumnos desde cuarto b\u00e1sico hasta cuarto medio, cuenta con una completa instrumentaci\u00f3n que incluye cajas, bombo, platillos, trompetas, tambor mayor y p\u00edfanos, lo que permiti\u00f3 dar realce al desfile y marcar el ritmo del recorrido.<\/p>\n<p>Detr\u00e1s de esta presentaci\u00f3n existe un constante trabajo formativo, ya que los estudiantes ensayan dos veces por semana, dedicando entre dos y tres horas por jornada, lo que se ve reflejado en la coordinaci\u00f3n y desplante demostrado durante la actividad.<\/p>\n<p>El desfile cont\u00f3 con el acompa\u00f1amiento de los docentes <strong>Rodrigo Lazcano<\/strong>, <strong>Carolina Quijanes<\/strong>, <strong>M\u00f3nica Fern\u00e1ndez<\/strong> y <strong>Gustavo Tapia<\/strong>, adem\u00e1s de la direcci\u00f3n de la banda a cargo de <strong>Ernesto Jim\u00e9nez<\/strong>, quienes guiaron y apoyaron a los estudiantes en cada momento de esta significativa instancia.<\/p>\n<p>Cabe destacar que esta tradici\u00f3n se ha mantenido por aproximadamente doce a\u00f1os, periodo en el que el Colegio Alonso de Ercilla ha acudido de manera constante a saludar a Carabineros en su aniversario, consolidando una pr\u00e1ctica que forma parte de la identidad del establecimiento.<\/p>\n<p>De esta manera, la comunidad educativa reafirma su compromiso con la formaci\u00f3n de valores como el respeto, la responsabilidad y el sentido de comunidad, promoviendo instancias que permiten a los estudiantes vincularse con su entorno y reconocer la labor de instituciones al servicio de la ciudadan\u00eda.<\/p>\n<figure id=\"attachment_144347\" aria-describedby=\"caption-attachment-144347\" style=\"width: 699px\" class=\"wp-caption alignnone\"><img loading=\"lazy\" decoding=\"async\" class=\"size-full wp-image-144347\" src=\"https:\/\/eltrabajo.cl\/web\/wp-content\/uploads\/2026\/04\/banda-Alonso-de-Ercilla-3.jpg\" alt=\"Los alumnos rindieron un emotivo saludo en el aniversario de Carabineros de Chile, entonando el himno institucional y la tradicional canci\u00f3n Cumplea\u00f1os Feliz.\" width=\"699\" height=\"285\" srcset=\"https:\/\/eltrabajo.cl\/web\/wp-content\/uploads\/2026\/04\/banda-Alonso-de-Ercilla-3.jpg 699w, https:\/\/eltrabajo.cl\/web\/wp-content\/uploads\/2026\/04\/banda-Alonso-de-Ercilla-3-300x122.jpg 300w, https:\/\/eltrabajo.cl\/web\/wp-content\/uploads\/2026\/04\/banda-Alonso-de-Ercilla-3-150x61.jpg 150w, https:\/\/eltrabajo.cl\/web\/wp-content\/uploads\/2026\/04\/banda-Alonso-de-Ercilla-3-696x284.jpg 696w\" sizes=\"auto, (max-width: 699px) 100vw, 699px\" \/><figcaption id=\"caption-attachment-144347\" class=\"wp-caption-text\">Los alumnos rindieron un emotivo saludo en el aniversario de Carabineros de Chile, entonando el himno institucional y la tradicional canci\u00f3n Cumplea\u00f1os Feliz.<\/figcaption><\/figure>\n<figure id=\"attachment_144345\" aria-describedby=\"caption-attachment-144345\" style=\"width: 699px\" class=\"wp-caption alignnone\"><img loading=\"lazy\" decoding=\"async\" class=\"size-full wp-image-144345\" src=\"https:\/\/eltrabajo.cl\/web\/wp-content\/uploads\/2026\/04\/banda-Alonso-de-Ercilla-1.jpg\" alt=\"M\u00e1s de 150 estudiantes del Colegio Alonso de Ercilla participaron en el desfile en honor a Carabineros.\" width=\"699\" height=\"296\" srcset=\"https:\/\/eltrabajo.cl\/web\/wp-content\/uploads\/2026\/04\/banda-Alonso-de-Ercilla-1.jpg 699w, https:\/\/eltrabajo.cl\/web\/wp-content\/uploads\/2026\/04\/banda-Alonso-de-Ercilla-1-300x127.jpg 300w, https:\/\/eltrabajo.cl\/web\/wp-content\/uploads\/2026\/04\/banda-Alonso-de-Ercilla-1-150x64.jpg 150w, https:\/\/eltrabajo.cl\/web\/wp-content\/uploads\/2026\/04\/banda-Alonso-de-Ercilla-1-696x295.jpg 696w\" sizes=\"auto, (max-width: 699px) 100vw, 699px\" \/><figcaption id=\"caption-attachment-144345\" class=\"wp-caption-text\">M\u00e1s de 150 estudiantes del Colegio Alonso de Ercilla participaron en el desfile en honor a Carabineros.<\/figcaption><\/figure>\n<figure id=\"attachment_144346\" aria-describedby=\"caption-attachment-144346\" style=\"width: 698px\" class=\"wp-caption alignnone\"><img loading=\"lazy\" decoding=\"async\" class=\"size-full wp-image-144346\" src=\"https:\/\/eltrabajo.cl\/web\/wp-content\/uploads\/2026\/04\/banda-Alonso-de-Ercilla-2.jpg\" alt=\"La Banda de Guerra e Instrumental \u2018Jos\u00e9 Venegas Mart\u00ednez\u2019 acompa\u00f1\u00f3 el homenaje.\" width=\"698\" height=\"348\" srcset=\"https:\/\/eltrabajo.cl\/web\/wp-content\/uploads\/2026\/04\/banda-Alonso-de-Ercilla-2.jpg 698w, https:\/\/eltrabajo.cl\/web\/wp-content\/uploads\/2026\/04\/banda-Alonso-de-Ercilla-2-300x150.jpg 300w, https:\/\/eltrabajo.cl\/web\/wp-content\/uploads\/2026\/04\/banda-Alonso-de-Ercilla-2-150x75.jpg 150w, https:\/\/eltrabajo.cl\/web\/wp-content\/uploads\/2026\/04\/banda-Alonso-de-Ercilla-2-696x347.jpg 696w\" sizes=\"auto, (max-width: 698px) 100vw, 698px\" \/><figcaption id=\"caption-attachment-144346\" class=\"wp-caption-text\">La Banda de Guerra e Instrumental \u2018Jos\u00e9 Venegas Mart\u00ednez\u2019 acompa\u00f1\u00f3 el homenaje.<\/figcaption><\/figure>\n<figure id=\"attachment_144348\" aria-describedby=\"caption-attachment-144348\" style=\"width: 700px\" class=\"wp-caption alignnone\"><img loading=\"lazy\" decoding=\"async\" class=\"size-full wp-image-144348\" src=\"https:\/\/eltrabajo.cl\/web\/wp-content\/uploads\/2026\/04\/banda-Alonso-de-Ercilla-4.jpg\" alt=\"Estudiantes desde cuarto b\u00e1sico a cuarto medio dieron vida a una tradici\u00f3n que el establecimiento mantiene desde hace m\u00e1s de una d\u00e9cada.\" width=\"700\" height=\"506\" srcset=\"https:\/\/eltrabajo.cl\/web\/wp-content\/uploads\/2026\/04\/banda-Alonso-de-Ercilla-4.jpg 700w, https:\/\/eltrabajo.cl\/web\/wp-content\/uploads\/2026\/04\/banda-Alonso-de-Ercilla-4-300x217.jpg 300w, https:\/\/eltrabajo.cl\/web\/wp-content\/uploads\/2026\/04\/banda-Alonso-de-Ercilla-4-581x420.jpg 581w, https:\/\/eltrabajo.cl\/web\/wp-content\/uploads\/2026\/04\/banda-Alonso-de-Ercilla-4-150x108.jpg 150w, https:\/\/eltrabajo.cl\/web\/wp-content\/uploads\/2026\/04\/banda-Alonso-de-Ercilla-4-696x503.jpg 696w\" sizes=\"auto, (max-width: 700px) 100vw, 700px\" \/><figcaption id=\"caption-attachment-144348\" class=\"wp-caption-text\">Estudiantes desde cuarto b\u00e1sico a cuarto medio dieron vida a una tradici\u00f3n que el establecimiento mantiene desde hace m\u00e1s de una d\u00e9cada.<\/figcaption><\/figure>\n","protected":false},"excerpt":{"rendered":"<p>M\u00e1s de 150 estudiantes recorrieron las calles de la comuna en un emotivo homenaje, reafirmando valores de respeto, compromiso y sentido c\u00edvico.- En el marco de un nuevo aniversario de Carabineros de Chile, el Colegio Alonso de Ercilla de San Felipe fue parte del tradicional desfile conmemorativo, instancia que a\u00f1o a a\u00f1o re\u00fane a la [&hellip;]<\/p>\n","protected":false},"author":1,"featured_media":144345,"comment_status":"open","ping_status":"closed","sticky":false,"template":"","format":"standard","meta":{"footnotes":""},"categories":[4],"tags":[],"class_list":{"0":"post-144344","1":"post","2":"type-post","3":"status-publish","4":"format-standard","5":"has-post-thumbnail","7":"category-comunidad"},"yoast_head":"<!-- This site is optimized with the Yoast SEO plugin v27.5 - https:\/\/yoast.com\/product\/yoast-seo-wordpress\/ -->\n<title>Colegio Alonso de Ercilla particip\u00f3 en tradicional desfile en honor a Carabineros - Diario El Trabajo<\/title>\n<meta name=\"robots\" content=\"index, follow, max-snippet:-1, max-image-preview:large, max-video-preview:-1\" \/>\n<link rel=\"canonical\" href=\"https:\/\/eltrabajo.cl\/web\/colegio-alonso-de-ercilla-participo-en-tradicional-desfile-en-honor-a-carabineros\/\" \/>\n<meta property=\"og:locale\" content=\"es_ES\" \/>\n<meta property=\"og:type\" content=\"article\" \/>\n<meta property=\"og:title\" content=\"Colegio Alonso de Ercilla particip\u00f3 en tradicional desfile en honor a Carabineros - Diario El Trabajo\" \/>\n<meta property=\"og:description\" content=\"M\u00e1s de 150 estudiantes recorrieron las calles de la comuna en un emotivo homenaje, reafirmando valores de respeto, compromiso y sentido c\u00edvico.- En el marco de un nuevo aniversario de Carabineros de Chile, el Colegio Alonso de Ercilla de San Felipe fue parte del tradicional desfile conmemorativo, instancia que a\u00f1o a a\u00f1o re\u00fane a la [&hellip;]\" \/>\n<meta property=\"og:url\" content=\"https:\/\/eltrabajo.cl\/web\/colegio-alonso-de-ercilla-participo-en-tradicional-desfile-en-honor-a-carabineros\/\" \/>\n<meta property=\"og:site_name\" content=\"Diario El Trabajo\" \/>\n<meta property=\"article:publisher\" content=\"https:\/\/www.facebook.com\/ElTrabajoDiario\" \/>\n<meta property=\"article:published_time\" content=\"2026-04-30T00:29:17+00:00\" \/>\n<meta property=\"og:image\" content=\"https:\/\/eltrabajo.cl\/web\/wp-content\/uploads\/2026\/04\/banda-Alonso-de-Ercilla-1.jpg\" \/>\n\t<meta property=\"og:image:width\" content=\"699\" \/>\n\t<meta property=\"og:image:height\" content=\"296\" \/>\n\t<meta property=\"og:image:type\" content=\"image\/jpeg\" \/>\n<meta name=\"author\" content=\"Diario El Trabajo\" \/>\n<meta name=\"twitter:card\" content=\"summary_large_image\" \/>\n<meta name=\"twitter:creator\" content=\"@diarioeltrabajo\" \/>\n<meta name=\"twitter:site\" content=\"@diarioeltrabajo\" \/>\n<meta name=\"twitter:label1\" content=\"Escrito por\" \/>\n\t<meta name=\"twitter:data1\" content=\"Diario El Trabajo\" \/>\n\t<meta name=\"twitter:label2\" content=\"Tiempo estimado de lectura\" \/>\n\t<meta name=\"twitter:data2\" content=\"4 minutos\" \/>\n<script type=\"application\/ld+json\" class=\"yoast-schema-graph\">{\"@context\":\"https:\\\/\\\/schema.org\",\"@graph\":[{\"@type\":\"Article\",\"@id\":\"https:\\\/\\\/eltrabajo.cl\\\/web\\\/colegio-alonso-de-ercilla-participo-en-tradicional-desfile-en-honor-a-carabineros\\\/#article\",\"isPartOf\":{\"@id\":\"https:\\\/\\\/eltrabajo.cl\\\/web\\\/colegio-alonso-de-ercilla-participo-en-tradicional-desfile-en-honor-a-carabineros\\\/\"},\"author\":{\"name\":\"Diario El Trabajo\",\"@id\":\"https:\\\/\\\/eltrabajo.cl\\\/web\\\/#\\\/schema\\\/person\\\/45efd3d17f86ec456e44dd7debe1bf19\"},\"headline\":\"Colegio Alonso de Ercilla particip\u00f3 en tradicional desfile en honor a Carabineros\",\"datePublished\":\"2026-04-30T00:29:17+00:00\",\"mainEntityOfPage\":{\"@id\":\"https:\\\/\\\/eltrabajo.cl\\\/web\\\/colegio-alonso-de-ercilla-participo-en-tradicional-desfile-en-honor-a-carabineros\\\/\"},\"wordCount\":562,\"commentCount\":0,\"publisher\":{\"@id\":\"https:\\\/\\\/eltrabajo.cl\\\/web\\\/#organization\"},\"image\":{\"@id\":\"https:\\\/\\\/eltrabajo.cl\\\/web\\\/colegio-alonso-de-ercilla-participo-en-tradicional-desfile-en-honor-a-carabineros\\\/#primaryimage\"},\"thumbnailUrl\":\"https:\\\/\\\/eltrabajo.cl\\\/web\\\/wp-content\\\/uploads\\\/2026\\\/04\\\/banda-Alonso-de-Ercilla-1.jpg\",\"articleSection\":[\"Comunidad\"],\"inLanguage\":\"es-CL\",\"potentialAction\":[{\"@type\":\"CommentAction\",\"name\":\"Comment\",\"target\":[\"https:\\\/\\\/eltrabajo.cl\\\/web\\\/colegio-alonso-de-ercilla-participo-en-tradicional-desfile-en-honor-a-carabineros\\\/#respond\"]}]},{\"@type\":\"WebPage\",\"@id\":\"https:\\\/\\\/eltrabajo.cl\\\/web\\\/colegio-alonso-de-ercilla-participo-en-tradicional-desfile-en-honor-a-carabineros\\\/\",\"url\":\"https:\\\/\\\/eltrabajo.cl\\\/web\\\/colegio-alonso-de-ercilla-participo-en-tradicional-desfile-en-honor-a-carabineros\\\/\",\"name\":\"Colegio Alonso de Ercilla particip\u00f3 en tradicional desfile en honor a Carabineros - Diario El Trabajo\",\"isPartOf\":{\"@id\":\"https:\\\/\\\/eltrabajo.cl\\\/web\\\/#website\"},\"primaryImageOfPage\":{\"@id\":\"https:\\\/\\\/eltrabajo.cl\\\/web\\\/colegio-alonso-de-ercilla-participo-en-tradicional-desfile-en-honor-a-carabineros\\\/#primaryimage\"},\"image\":{\"@id\":\"https:\\\/\\\/eltrabajo.cl\\\/web\\\/colegio-alonso-de-ercilla-participo-en-tradicional-desfile-en-honor-a-carabineros\\\/#primaryimage\"},\"thumbnailUrl\":\"https:\\\/\\\/eltrabajo.cl\\\/web\\\/wp-content\\\/uploads\\\/2026\\\/04\\\/banda-Alonso-de-Ercilla-1.jpg\",\"datePublished\":\"2026-04-30T00:29:17+00:00\",\"breadcrumb\":{\"@id\":\"https:\\\/\\\/eltrabajo.cl\\\/web\\\/colegio-alonso-de-ercilla-participo-en-tradicional-desfile-en-honor-a-carabineros\\\/#breadcrumb\"},\"inLanguage\":\"es-CL\",\"potentialAction\":[{\"@type\":\"ReadAction\",\"target\":[\"https:\\\/\\\/eltrabajo.cl\\\/web\\\/colegio-alonso-de-ercilla-participo-en-tradicional-desfile-en-honor-a-carabineros\\\/\"]}]},{\"@type\":\"ImageObject\",\"inLanguage\":\"es-CL\",\"@id\":\"https:\\\/\\\/eltrabajo.cl\\\/web\\\/colegio-alonso-de-ercilla-participo-en-tradicional-desfile-en-honor-a-carabineros\\\/#primaryimage\",\"url\":\"https:\\\/\\\/eltrabajo.cl\\\/web\\\/wp-content\\\/uploads\\\/2026\\\/04\\\/banda-Alonso-de-Ercilla-1.jpg\",\"contentUrl\":\"https:\\\/\\\/eltrabajo.cl\\\/web\\\/wp-content\\\/uploads\\\/2026\\\/04\\\/banda-Alonso-de-Ercilla-1.jpg\",\"width\":699,\"height\":296,\"caption\":\"M\u00e1s de 150 estudiantes del Colegio Alonso de Ercilla participaron en el desfile en honor a Carabineros.\"},{\"@type\":\"BreadcrumbList\",\"@id\":\"https:\\\/\\\/eltrabajo.cl\\\/web\\\/colegio-alonso-de-ercilla-participo-en-tradicional-desfile-en-honor-a-carabineros\\\/#breadcrumb\",\"itemListElement\":[{\"@type\":\"ListItem\",\"position\":1,\"name\":\"Portada\",\"item\":\"https:\\\/\\\/eltrabajo.cl\\\/web\\\/\"},{\"@type\":\"ListItem\",\"position\":2,\"name\":\"Colegio Alonso de Ercilla particip\u00f3 en tradicional desfile en honor a Carabineros\"}]},{\"@type\":\"WebSite\",\"@id\":\"https:\\\/\\\/eltrabajo.cl\\\/web\\\/#website\",\"url\":\"https:\\\/\\\/eltrabajo.cl\\\/web\\\/\",\"name\":\"Diario El Trabajo\",\"description\":\"Desde 1929 construyendo Identidad Local\",\"publisher\":{\"@id\":\"https:\\\/\\\/eltrabajo.cl\\\/web\\\/#organization\"},\"potentialAction\":[{\"@type\":\"SearchAction\",\"target\":{\"@type\":\"EntryPoint\",\"urlTemplate\":\"https:\\\/\\\/eltrabajo.cl\\\/web\\\/?s={search_term_string}\"},\"query-input\":{\"@type\":\"PropertyValueSpecification\",\"valueRequired\":true,\"valueName\":\"search_term_string\"}}],\"inLanguage\":\"es-CL\"},{\"@type\":\"Organization\",\"@id\":\"https:\\\/\\\/eltrabajo.cl\\\/web\\\/#organization\",\"name\":\"Diario El Trabajo\",\"url\":\"https:\\\/\\\/eltrabajo.cl\\\/web\\\/\",\"logo\":{\"@type\":\"ImageObject\",\"inLanguage\":\"es-CL\",\"@id\":\"https:\\\/\\\/eltrabajo.cl\\\/web\\\/#\\\/schema\\\/logo\\\/image\\\/\",\"url\":\"https:\\\/\\\/eltrabajo.cl\\\/web\\\/wp-content\\\/uploads\\\/2024\\\/06\\\/profile-image-ig-page-diarioeltrabajo.jpg\",\"contentUrl\":\"https:\\\/\\\/eltrabajo.cl\\\/web\\\/wp-content\\\/uploads\\\/2024\\\/06\\\/profile-image-ig-page-diarioeltrabajo.jpg\",\"width\":823,\"height\":823,\"caption\":\"Diario El Trabajo\"},\"image\":{\"@id\":\"https:\\\/\\\/eltrabajo.cl\\\/web\\\/#\\\/schema\\\/logo\\\/image\\\/\"},\"sameAs\":[\"https:\\\/\\\/www.facebook.com\\\/ElTrabajoDiario\",\"https:\\\/\\\/x.com\\\/diarioeltrabajo\"]},{\"@type\":\"Person\",\"@id\":\"https:\\\/\\\/eltrabajo.cl\\\/web\\\/#\\\/schema\\\/person\\\/45efd3d17f86ec456e44dd7debe1bf19\",\"name\":\"Diario El Trabajo\",\"image\":{\"@type\":\"ImageObject\",\"inLanguage\":\"es-CL\",\"@id\":\"https:\\\/\\\/secure.gravatar.com\\\/avatar\\\/7e6ec277dc4aea2677c2dc301d4227957219329c985ab69a3efc12518b5161aa?s=96&d=mm&r=g\",\"url\":\"https:\\\/\\\/secure.gravatar.com\\\/avatar\\\/7e6ec277dc4aea2677c2dc301d4227957219329c985ab69a3efc12518b5161aa?s=96&d=mm&r=g\",\"contentUrl\":\"https:\\\/\\\/secure.gravatar.com\\\/avatar\\\/7e6ec277dc4aea2677c2dc301d4227957219329c985ab69a3efc12518b5161aa?s=96&d=mm&r=g\",\"caption\":\"Diario El Trabajo\"},\"sameAs\":[\"https:\\\/\\\/eltrabajo.cl\\\/web\"],\"url\":\"https:\\\/\\\/eltrabajo.cl\\\/web\\\/author\\\/diario-el-trabajo\\\/\"}]}<\/script>\n<!-- \/ Yoast SEO plugin. -->","yoast_head_json":{"title":"Colegio Alonso de Ercilla particip\u00f3 en tradicional desfile en honor a Carabineros - Diario El Trabajo","robots":{"index":"index","follow":"follow","max-snippet":"max-snippet:-1","max-image-preview":"max-image-preview:large","max-video-preview":"max-video-preview:-1"},"canonical":"https:\/\/eltrabajo.cl\/web\/colegio-alonso-de-ercilla-participo-en-tradicional-desfile-en-honor-a-carabineros\/","og_locale":"es_ES","og_type":"article","og_title":"Colegio Alonso de Ercilla particip\u00f3 en tradicional desfile en honor a Carabineros - Diario El Trabajo","og_description":"M\u00e1s de 150 estudiantes recorrieron las calles de la comuna en un emotivo homenaje, reafirmando valores de respeto, compromiso y sentido c\u00edvico.- En el marco de un nuevo aniversario de Carabineros de Chile, el Colegio Alonso de Ercilla de San Felipe fue parte del tradicional desfile conmemorativo, instancia que a\u00f1o a a\u00f1o re\u00fane a la [&hellip;]","og_url":"https:\/\/eltrabajo.cl\/web\/colegio-alonso-de-ercilla-participo-en-tradicional-desfile-en-honor-a-carabineros\/","og_site_name":"Diario El Trabajo","article_publisher":"https:\/\/www.facebook.com\/ElTrabajoDiario","article_published_time":"2026-04-30T00:29:17+00:00","og_image":[{"width":699,"height":296,"url":"https:\/\/eltrabajo.cl\/web\/wp-content\/uploads\/2026\/04\/banda-Alonso-de-Ercilla-1.jpg","type":"image\/jpeg"}],"author":"Diario El Trabajo","twitter_card":"summary_large_image","twitter_creator":"@diarioeltrabajo","twitter_site":"@diarioeltrabajo","twitter_misc":{"Escrito por":"Diario El Trabajo","Tiempo estimado de lectura":"4 minutos"},"schema":{"@context":"https:\/\/schema.org","@graph":[{"@type":"Article","@id":"https:\/\/eltrabajo.cl\/web\/colegio-alonso-de-ercilla-participo-en-tradicional-desfile-en-honor-a-carabineros\/#article","isPartOf":{"@id":"https:\/\/eltrabajo.cl\/web\/colegio-alonso-de-ercilla-participo-en-tradicional-desfile-en-honor-a-carabineros\/"},"author":{"name":"Diario El Trabajo","@id":"https:\/\/eltrabajo.cl\/web\/#\/schema\/person\/45efd3d17f86ec456e44dd7debe1bf19"},"headline":"Colegio Alonso de Ercilla particip\u00f3 en tradicional desfile en honor a Carabineros","datePublished":"2026-04-30T00:29:17+00:00","mainEntityOfPage":{"@id":"https:\/\/eltrabajo.cl\/web\/colegio-alonso-de-ercilla-participo-en-tradicional-desfile-en-honor-a-carabineros\/"},"wordCount":562,"commentCount":0,"publisher":{"@id":"https:\/\/eltrabajo.cl\/web\/#organization"},"image":{"@id":"https:\/\/eltrabajo.cl\/web\/colegio-alonso-de-ercilla-participo-en-tradicional-desfile-en-honor-a-carabineros\/#primaryimage"},"thumbnailUrl":"https:\/\/eltrabajo.cl\/web\/wp-content\/uploads\/2026\/04\/banda-Alonso-de-Ercilla-1.jpg","articleSection":["Comunidad"],"inLanguage":"es-CL","potentialAction":[{"@type":"CommentAction","name":"Comment","target":["https:\/\/eltrabajo.cl\/web\/colegio-alonso-de-ercilla-participo-en-tradicional-desfile-en-honor-a-carabineros\/#respond"]}]},{"@type":"WebPage","@id":"https:\/\/eltrabajo.cl\/web\/colegio-alonso-de-ercilla-participo-en-tradicional-desfile-en-honor-a-carabineros\/","url":"https:\/\/eltrabajo.cl\/web\/colegio-alonso-de-ercilla-participo-en-tradicional-desfile-en-honor-a-carabineros\/","name":"Colegio Alonso de Ercilla particip\u00f3 en tradicional desfile en honor a Carabineros - Diario El Trabajo","isPartOf":{"@id":"https:\/\/eltrabajo.cl\/web\/#website"},"primaryImageOfPage":{"@id":"https:\/\/eltrabajo.cl\/web\/colegio-alonso-de-ercilla-participo-en-tradicional-desfile-en-honor-a-carabineros\/#primaryimage"},"image":{"@id":"https:\/\/eltrabajo.cl\/web\/colegio-alonso-de-ercilla-participo-en-tradicional-desfile-en-honor-a-carabineros\/#primaryimage"},"thumbnailUrl":"https:\/\/eltrabajo.cl\/web\/wp-content\/uploads\/2026\/04\/banda-Alonso-de-Ercilla-1.jpg","datePublished":"2026-04-30T00:29:17+00:00","breadcrumb":{"@id":"https:\/\/eltrabajo.cl\/web\/colegio-alonso-de-ercilla-participo-en-tradicional-desfile-en-honor-a-carabineros\/#breadcrumb"},"inLanguage":"es-CL","potentialAction":[{"@type":"ReadAction","target":["https:\/\/eltrabajo.cl\/web\/colegio-alonso-de-ercilla-participo-en-tradicional-desfile-en-honor-a-carabineros\/"]}]},{"@type":"ImageObject","inLanguage":"es-CL","@id":"https:\/\/eltrabajo.cl\/web\/colegio-alonso-de-ercilla-participo-en-tradicional-desfile-en-honor-a-carabineros\/#primaryimage","url":"https:\/\/eltrabajo.cl\/web\/wp-content\/uploads\/2026\/04\/banda-Alonso-de-Ercilla-1.jpg","contentUrl":"https:\/\/eltrabajo.cl\/web\/wp-content\/uploads\/2026\/04\/banda-Alonso-de-Ercilla-1.jpg","width":699,"height":296,"caption":"M\u00e1s de 150 estudiantes del Colegio Alonso de Ercilla participaron en el desfile en honor a Carabineros."},{"@type":"BreadcrumbList","@id":"https:\/\/eltrabajo.cl\/web\/colegio-alonso-de-ercilla-participo-en-tradicional-desfile-en-honor-a-carabineros\/#breadcrumb","itemListElement":[{"@type":"ListItem","position":1,"name":"Portada","item":"https:\/\/eltrabajo.cl\/web\/"},{"@type":"ListItem","position":2,"name":"Colegio Alonso de Ercilla particip\u00f3 en tradicional desfile en honor a Carabineros"}]},{"@type":"WebSite","@id":"https:\/\/eltrabajo.cl\/web\/#website","url":"https:\/\/eltrabajo.cl\/web\/","name":"Diario El Trabajo","description":"Desde 1929 construyendo Identidad Local","publisher":{"@id":"https:\/\/eltrabajo.cl\/web\/#organization"},"potentialAction":[{"@type":"SearchAction","target":{"@type":"EntryPoint","urlTemplate":"https:\/\/eltrabajo.cl\/web\/?s={search_term_string}"},"query-input":{"@type":"PropertyValueSpecification","valueRequired":true,"valueName":"search_term_string"}}],"inLanguage":"es-CL"},{"@type":"Organization","@id":"https:\/\/eltrabajo.cl\/web\/#organization","name":"Diario El Trabajo","url":"https:\/\/eltrabajo.cl\/web\/","logo":{"@type":"ImageObject","inLanguage":"es-CL","@id":"https:\/\/eltrabajo.cl\/web\/#\/schema\/logo\/image\/","url":"https:\/\/eltrabajo.cl\/web\/wp-content\/uploads\/2024\/06\/profile-image-ig-page-diarioeltrabajo.jpg","contentUrl":"https:\/\/eltrabajo.cl\/web\/wp-content\/uploads\/2024\/06\/profile-image-ig-page-diarioeltrabajo.jpg","width":823,"height":823,"caption":"Diario El Trabajo"},"image":{"@id":"https:\/\/eltrabajo.cl\/web\/#\/schema\/logo\/image\/"},"sameAs":["https:\/\/www.facebook.com\/ElTrabajoDiario","https:\/\/x.com\/diarioeltrabajo"]},{"@type":"Person","@id":"https:\/\/eltrabajo.cl\/web\/#\/schema\/person\/45efd3d17f86ec456e44dd7debe1bf19","name":"Diario El Trabajo","image":{"@type":"ImageObject","inLanguage":"es-CL","@id":"https:\/\/secure.gravatar.com\/avatar\/7e6ec277dc4aea2677c2dc301d4227957219329c985ab69a3efc12518b5161aa?s=96&d=mm&r=g","url":"https:\/\/secure.gravatar.com\/avatar\/7e6ec277dc4aea2677c2dc301d4227957219329c985ab69a3efc12518b5161aa?s=96&d=mm&r=g","contentUrl":"https:\/\/secure.gravatar.com\/avatar\/7e6ec277dc4aea2677c2dc301d4227957219329c985ab69a3efc12518b5161aa?s=96&d=mm&r=g","caption":"Diario El Trabajo"},"sameAs":["https:\/\/eltrabajo.cl\/web"],"url":"https:\/\/eltrabajo.cl\/web\/author\/diario-el-trabajo\/"}]}},"_links":{"self":[{"href":"https:\/\/eltrabajo.cl\/web\/wp-json\/wp\/v2\/posts\/144344","targetHints":{"allow":["GET"]}}],"collection":[{"href":"https:\/\/eltrabajo.cl\/web\/wp-json\/wp\/v2\/posts"}],"about":[{"href":"https:\/\/eltrabajo.cl\/web\/wp-json\/wp\/v2\/types\/post"}],"author":[{"embeddable":true,"href":"https:\/\/eltrabajo.cl\/web\/wp-json\/wp\/v2\/users\/1"}],"replies":[{"embeddable":true,"href":"https:\/\/eltrabajo.cl\/web\/wp-json\/wp\/v2\/comments?post=144344"}],"version-history":[{"count":1,"href":"https:\/\/eltrabajo.cl\/web\/wp-json\/wp\/v2\/posts\/144344\/revisions"}],"predecessor-version":[{"id":144349,"href":"https:\/\/eltrabajo.cl\/web\/wp-json\/wp\/v2\/posts\/144344\/revisions\/144349"}],"wp:featuredmedia":[{"embeddable":true,"href":"https:\/\/eltrabajo.cl\/web\/wp-json\/wp\/v2\/media\/144345"}],"wp:attachment":[{"href":"https:\/\/eltrabajo.cl\/web\/wp-json\/wp\/v2\/media?parent=144344"}],"wp:term":[{"taxonomy":"category","embeddable":true,"href":"https:\/\/eltrabajo.cl\/web\/wp-json\/wp\/v2\/categories?post=144344"},{"taxonomy":"post_tag","embeddable":true,"href":"https:\/\/eltrabajo.cl\/web\/wp-json\/wp\/v2\/tags?post=144344"}],"curies":[{"name":"wp","href":"https:\/\/api.w.org\/{rel}","templated":true}]}}