{"id":144350,"date":"2026-04-29T21:30:06","date_gmt":"2026-04-30T00:30:06","guid":{"rendered":"https:\/\/eltrabajo.cl\/web\/?p=144350"},"modified":"2026-04-29T21:30:06","modified_gmt":"2026-04-30T00:30:06","slug":"concejo-municipal-aprueba-inversion-para-instalar-semaforos-en-cruce-tres-esquinas","status":"publish","type":"post","link":"https:\/\/eltrabajo.cl\/web\/concejo-municipal-aprueba-inversion-para-instalar-semaforos-en-cruce-tres-esquinas\/","title":{"rendered":"Concejo Municipal aprueba inversi\u00f3n para instalar sem\u00e1foros en cruce \u2018Tres Esquinas\u2019"},"content":{"rendered":"<ul>\n<li><strong>Se\u00f1ales de tr\u00e1fico eran altamente anheladas por la congesti\u00f3n vial del lugar.\u2013<\/strong><\/li>\n<\/ul>\n<p>El Concejo Municipal de San Felipe aprob\u00f3 la adjudicaci\u00f3n del proyecto para la instalaci\u00f3n de sem\u00e1foros en el congestionado cruce de \u2018Tres Esquinas\u2019. La iniciativa, contempla estas se\u00f1al\u00e9ticas viales de tres tiempos para regularizar el tr\u00e1nsito vehicular, sobre todo, en las horas de mayor congesti\u00f3n de tr\u00e1nsito.<\/p>\n<p>Al respecto, <strong>Rodrigo Salinas<\/strong>, asesor urbanista del municipio de San Felipe, se\u00f1al\u00f3 que <em>\u00abel Concejo autoriz\u00f3 la adjudicaci\u00f3n de la ejecuci\u00f3n del sem\u00e1foro de Tres Esquinas, un sem\u00e1foro altamente anhelado por la comunidad, sobre todo, por la comunidad que le toca transitar del sector sur de la ribera del r\u00edo propio de la comuna; sector de Bucalemu, Tierras Blancas, y que se incorporan a San Felipe por este cruce de Tres Esquinas, donde empalma con la antigua ruta 60\u00bb<\/em>, estableci\u00f3.<\/p>\n<p>En este contexto, Salinas destac\u00f3 la importancia que conlleva la instalaci\u00f3n de esto sem\u00e1foros en el sector. <em>\u00abEste camino hacia Rinconada generaba alto conflicto por entender qui\u00e9n ten\u00eda el derecho a paso. Hoy d\u00eda, este sem\u00e1foro nos va a permitir regular de buena manera el tr\u00e1nsito, y es una obra que con este paso por el Concejo Municipal, nos va a permitir ya suscribir el contrato con la empresa adjudicada que es \u2018Auter\u2019, y que a penas est\u00e9 entregado el terreno, la empresa se comprometi\u00f3 a ejecutar los trabajos en 62 d\u00edas\u00bb<\/em>.<\/p>\n<p>Junto con esto, Salinas detall\u00f3 que el proyecto contempla <em>\u00abuna inversi\u00f3n no menor, son 123 millones que aporta la Subsecretar\u00eda de Desarrollo Regional a trav\u00e9s de su programa PMU, y es un trabajo importante de los equipos de la Secretar\u00eda de Planificaci\u00f3n y de Tr\u00e1nsito del municipio, con la compa\u00f1\u00eda de la Unidad Operativa de Control de Tr\u00e1nsito, que nos permitieron obtener la aprobaci\u00f3n t\u00e9cnica de este proyecto que se demor\u00f3 un buen tiempo\u00bb<\/em>, agreg\u00f3.<\/p>\n<p>Asimismo, el asesor urbanista del municipio de San Felipe puntualiz\u00f3 que este <em>\u00abes un sem\u00e1foro de tres tiempos que va a regular el tr\u00e1nsito tanto de oriente a poniente como la incorporaci\u00f3n tambi\u00e9n al camino a Rinconada, la ruta E-899, tanto los que se incorporan a la ruta 60 como los que se quieren incorporar hacia Rinconada, y el tr\u00e1nsito que va, digamos, desde Los Andes hacia Valpara\u00edso, como de Valpara\u00edso hacia Los Andes. Es en todos los sentidos, un sem\u00e1foro de tres tiempos, es la especificaci\u00f3n t\u00e9cnica\u00bb<\/em>.<\/p>\n<p>Finalmente, y en cuanto a los plazos que est\u00e1n establecidos para la ejecuci\u00f3n de este proyecto, Rodrigo Salinas sostuvo que <em>\u00abnosotros ahora tenemos que ejecutar el contrato, suscribir el contrato con la empresa adjudicada, esto debiese demorar unos 40 d\u00edas m\u00e1s; ese es como m\u00e1s o menos el orden, 40 a 60 d\u00edas m\u00e1s, y luego la empresa tiene 62 d\u00edas para ejecutar<\/em>.<\/p>\n<p>\u00ab<em>O sea, de aqu\u00ed a unos cuatro a cinco meses m\u00e1s el sem\u00e1foro va a estar en operaciones. Hay que contemplar tambi\u00e9n que no solamente es la ejecuci\u00f3n, sino que despu\u00e9s viene un trabajo fino con la Unidad Operativa de Control de Tr\u00e1nsito de poder ajustar y dar marcha a este sem\u00e1foro, lo cual lo vamos a estar comunicando, los tiempos y plazos, siempre por las redes del municipio\u00bb<\/em>, cerr\u00f3.<\/p>\n<figure id=\"attachment_144351\" aria-describedby=\"caption-attachment-144351\" style=\"width: 699px\" class=\"wp-caption alignnone\"><img loading=\"lazy\" decoding=\"async\" class=\"size-full wp-image-144351\" src=\"https:\/\/eltrabajo.cl\/web\/wp-content\/uploads\/2026\/04\/cruce-Tres-Esquinas.jpg\" alt=\"Proyecto contempla la instalaci\u00f3n de sem\u00e1foros en el cruce de \u2018Tres Esquinas\u2019.\" width=\"699\" height=\"375\" srcset=\"https:\/\/eltrabajo.cl\/web\/wp-content\/uploads\/2026\/04\/cruce-Tres-Esquinas.jpg 699w, https:\/\/eltrabajo.cl\/web\/wp-content\/uploads\/2026\/04\/cruce-Tres-Esquinas-300x161.jpg 300w, https:\/\/eltrabajo.cl\/web\/wp-content\/uploads\/2026\/04\/cruce-Tres-Esquinas-150x80.jpg 150w, https:\/\/eltrabajo.cl\/web\/wp-content\/uploads\/2026\/04\/cruce-Tres-Esquinas-696x373.jpg 696w\" sizes=\"auto, (max-width: 699px) 100vw, 699px\" \/><figcaption id=\"caption-attachment-144351\" class=\"wp-caption-text\">Proyecto contempla la instalaci\u00f3n de sem\u00e1foros en el cruce de \u2018Tres Esquinas\u2019.<\/figcaption><\/figure>\n","protected":false},"excerpt":{"rendered":"<p>Se\u00f1ales de tr\u00e1fico eran altamente anheladas por la congesti\u00f3n vial del lugar.\u2013 El Concejo Municipal de San Felipe aprob\u00f3 la adjudicaci\u00f3n del proyecto para la instalaci\u00f3n de sem\u00e1foros en el congestionado cruce de \u2018Tres Esquinas\u2019. La iniciativa, contempla estas se\u00f1al\u00e9ticas viales de tres tiempos para regularizar el tr\u00e1nsito vehicular, sobre todo, en las horas de [&hellip;]<\/p>\n","protected":false},"author":1,"featured_media":144351,"comment_status":"open","ping_status":"closed","sticky":false,"template":"","format":"standard","meta":{"footnotes":""},"categories":[3],"tags":[],"class_list":{"0":"post-144350","1":"post","2":"type-post","3":"status-publish","4":"format-standard","5":"has-post-thumbnail","7":"category-cronica-2"},"yoast_head":"<!-- This site is optimized with the Yoast SEO plugin v27.5 - https:\/\/yoast.com\/product\/yoast-seo-wordpress\/ -->\n<title>Concejo Municipal aprueba inversi\u00f3n para instalar sem\u00e1foros en cruce \u2018Tres Esquinas\u2019 - Diario El Trabajo<\/title>\n<meta name=\"robots\" content=\"index, follow, max-snippet:-1, max-image-preview:large, max-video-preview:-1\" \/>\n<link rel=\"canonical\" href=\"https:\/\/eltrabajo.cl\/web\/concejo-municipal-aprueba-inversion-para-instalar-semaforos-en-cruce-tres-esquinas\/\" \/>\n<meta property=\"og:locale\" content=\"es_ES\" \/>\n<meta property=\"og:type\" content=\"article\" \/>\n<meta property=\"og:title\" content=\"Concejo Municipal aprueba inversi\u00f3n para instalar sem\u00e1foros en cruce \u2018Tres Esquinas\u2019 - Diario El Trabajo\" \/>\n<meta property=\"og:description\" content=\"Se\u00f1ales de tr\u00e1fico eran altamente anheladas por la congesti\u00f3n vial del lugar.\u2013 El Concejo Municipal de San Felipe aprob\u00f3 la adjudicaci\u00f3n del proyecto para la instalaci\u00f3n de sem\u00e1foros en el congestionado cruce de \u2018Tres Esquinas\u2019. La iniciativa, contempla estas se\u00f1al\u00e9ticas viales de tres tiempos para regularizar el tr\u00e1nsito vehicular, sobre todo, en las horas de [&hellip;]\" \/>\n<meta property=\"og:url\" content=\"https:\/\/eltrabajo.cl\/web\/concejo-municipal-aprueba-inversion-para-instalar-semaforos-en-cruce-tres-esquinas\/\" \/>\n<meta property=\"og:site_name\" content=\"Diario El Trabajo\" \/>\n<meta property=\"article:publisher\" content=\"https:\/\/www.facebook.com\/ElTrabajoDiario\" \/>\n<meta property=\"article:published_time\" content=\"2026-04-30T00:30:06+00:00\" \/>\n<meta property=\"og:image\" content=\"https:\/\/eltrabajo.cl\/web\/wp-content\/uploads\/2026\/04\/cruce-Tres-Esquinas.jpg\" \/>\n\t<meta property=\"og:image:width\" content=\"699\" \/>\n\t<meta property=\"og:image:height\" content=\"375\" \/>\n\t<meta property=\"og:image:type\" content=\"image\/jpeg\" \/>\n<meta name=\"author\" content=\"Diario El Trabajo\" \/>\n<meta name=\"twitter:card\" content=\"summary_large_image\" \/>\n<meta name=\"twitter:creator\" content=\"@diarioeltrabajo\" \/>\n<meta name=\"twitter:site\" content=\"@diarioeltrabajo\" \/>\n<meta name=\"twitter:label1\" content=\"Escrito por\" \/>\n\t<meta name=\"twitter:data1\" content=\"Diario El Trabajo\" \/>\n\t<meta name=\"twitter:label2\" content=\"Tiempo estimado de lectura\" \/>\n\t<meta name=\"twitter:data2\" content=\"3 minutos\" \/>\n<script type=\"application\/ld+json\" class=\"yoast-schema-graph\">{\"@context\":\"https:\\\/\\\/schema.org\",\"@graph\":[{\"@type\":\"Article\",\"@id\":\"https:\\\/\\\/eltrabajo.cl\\\/web\\\/concejo-municipal-aprueba-inversion-para-instalar-semaforos-en-cruce-tres-esquinas\\\/#article\",\"isPartOf\":{\"@id\":\"https:\\\/\\\/eltrabajo.cl\\\/web\\\/concejo-municipal-aprueba-inversion-para-instalar-semaforos-en-cruce-tres-esquinas\\\/\"},\"author\":{\"name\":\"Diario El Trabajo\",\"@id\":\"https:\\\/\\\/eltrabajo.cl\\\/web\\\/#\\\/schema\\\/person\\\/45efd3d17f86ec456e44dd7debe1bf19\"},\"headline\":\"Concejo Municipal aprueba inversi\u00f3n para instalar sem\u00e1foros en cruce \u2018Tres Esquinas\u2019\",\"datePublished\":\"2026-04-30T00:30:06+00:00\",\"mainEntityOfPage\":{\"@id\":\"https:\\\/\\\/eltrabajo.cl\\\/web\\\/concejo-municipal-aprueba-inversion-para-instalar-semaforos-en-cruce-tres-esquinas\\\/\"},\"wordCount\":613,\"commentCount\":0,\"publisher\":{\"@id\":\"https:\\\/\\\/eltrabajo.cl\\\/web\\\/#organization\"},\"image\":{\"@id\":\"https:\\\/\\\/eltrabajo.cl\\\/web\\\/concejo-municipal-aprueba-inversion-para-instalar-semaforos-en-cruce-tres-esquinas\\\/#primaryimage\"},\"thumbnailUrl\":\"https:\\\/\\\/eltrabajo.cl\\\/web\\\/wp-content\\\/uploads\\\/2026\\\/04\\\/cruce-Tres-Esquinas.jpg\",\"articleSection\":[\"Cr\u00f3nica\"],\"inLanguage\":\"es-CL\",\"potentialAction\":[{\"@type\":\"CommentAction\",\"name\":\"Comment\",\"target\":[\"https:\\\/\\\/eltrabajo.cl\\\/web\\\/concejo-municipal-aprueba-inversion-para-instalar-semaforos-en-cruce-tres-esquinas\\\/#respond\"]}]},{\"@type\":\"WebPage\",\"@id\":\"https:\\\/\\\/eltrabajo.cl\\\/web\\\/concejo-municipal-aprueba-inversion-para-instalar-semaforos-en-cruce-tres-esquinas\\\/\",\"url\":\"https:\\\/\\\/eltrabajo.cl\\\/web\\\/concejo-municipal-aprueba-inversion-para-instalar-semaforos-en-cruce-tres-esquinas\\\/\",\"name\":\"Concejo Municipal aprueba inversi\u00f3n para instalar sem\u00e1foros en cruce \u2018Tres Esquinas\u2019 - Diario El Trabajo\",\"isPartOf\":{\"@id\":\"https:\\\/\\\/eltrabajo.cl\\\/web\\\/#website\"},\"primaryImageOfPage\":{\"@id\":\"https:\\\/\\\/eltrabajo.cl\\\/web\\\/concejo-municipal-aprueba-inversion-para-instalar-semaforos-en-cruce-tres-esquinas\\\/#primaryimage\"},\"image\":{\"@id\":\"https:\\\/\\\/eltrabajo.cl\\\/web\\\/concejo-municipal-aprueba-inversion-para-instalar-semaforos-en-cruce-tres-esquinas\\\/#primaryimage\"},\"thumbnailUrl\":\"https:\\\/\\\/eltrabajo.cl\\\/web\\\/wp-content\\\/uploads\\\/2026\\\/04\\\/cruce-Tres-Esquinas.jpg\",\"datePublished\":\"2026-04-30T00:30:06+00:00\",\"breadcrumb\":{\"@id\":\"https:\\\/\\\/eltrabajo.cl\\\/web\\\/concejo-municipal-aprueba-inversion-para-instalar-semaforos-en-cruce-tres-esquinas\\\/#breadcrumb\"},\"inLanguage\":\"es-CL\",\"potentialAction\":[{\"@type\":\"ReadAction\",\"target\":[\"https:\\\/\\\/eltrabajo.cl\\\/web\\\/concejo-municipal-aprueba-inversion-para-instalar-semaforos-en-cruce-tres-esquinas\\\/\"]}]},{\"@type\":\"ImageObject\",\"inLanguage\":\"es-CL\",\"@id\":\"https:\\\/\\\/eltrabajo.cl\\\/web\\\/concejo-municipal-aprueba-inversion-para-instalar-semaforos-en-cruce-tres-esquinas\\\/#primaryimage\",\"url\":\"https:\\\/\\\/eltrabajo.cl\\\/web\\\/wp-content\\\/uploads\\\/2026\\\/04\\\/cruce-Tres-Esquinas.jpg\",\"contentUrl\":\"https:\\\/\\\/eltrabajo.cl\\\/web\\\/wp-content\\\/uploads\\\/2026\\\/04\\\/cruce-Tres-Esquinas.jpg\",\"width\":699,\"height\":375,\"caption\":\"Proyecto contempla la instalaci\u00f3n de sem\u00e1foros en el cruce de \u2018Tres Esquinas\u2019.\"},{\"@type\":\"BreadcrumbList\",\"@id\":\"https:\\\/\\\/eltrabajo.cl\\\/web\\\/concejo-municipal-aprueba-inversion-para-instalar-semaforos-en-cruce-tres-esquinas\\\/#breadcrumb\",\"itemListElement\":[{\"@type\":\"ListItem\",\"position\":1,\"name\":\"Portada\",\"item\":\"https:\\\/\\\/eltrabajo.cl\\\/web\\\/\"},{\"@type\":\"ListItem\",\"position\":2,\"name\":\"Concejo Municipal aprueba inversi\u00f3n para instalar sem\u00e1foros en cruce \u2018Tres Esquinas\u2019\"}]},{\"@type\":\"WebSite\",\"@id\":\"https:\\\/\\\/eltrabajo.cl\\\/web\\\/#website\",\"url\":\"https:\\\/\\\/eltrabajo.cl\\\/web\\\/\",\"name\":\"Diario El Trabajo\",\"description\":\"Desde 1929 construyendo Identidad Local\",\"publisher\":{\"@id\":\"https:\\\/\\\/eltrabajo.cl\\\/web\\\/#organization\"},\"potentialAction\":[{\"@type\":\"SearchAction\",\"target\":{\"@type\":\"EntryPoint\",\"urlTemplate\":\"https:\\\/\\\/eltrabajo.cl\\\/web\\\/?s={search_term_string}\"},\"query-input\":{\"@type\":\"PropertyValueSpecification\",\"valueRequired\":true,\"valueName\":\"search_term_string\"}}],\"inLanguage\":\"es-CL\"},{\"@type\":\"Organization\",\"@id\":\"https:\\\/\\\/eltrabajo.cl\\\/web\\\/#organization\",\"name\":\"Diario El Trabajo\",\"url\":\"https:\\\/\\\/eltrabajo.cl\\\/web\\\/\",\"logo\":{\"@type\":\"ImageObject\",\"inLanguage\":\"es-CL\",\"@id\":\"https:\\\/\\\/eltrabajo.cl\\\/web\\\/#\\\/schema\\\/logo\\\/image\\\/\",\"url\":\"https:\\\/\\\/eltrabajo.cl\\\/web\\\/wp-content\\\/uploads\\\/2024\\\/06\\\/profile-image-ig-page-diarioeltrabajo.jpg\",\"contentUrl\":\"https:\\\/\\\/eltrabajo.cl\\\/web\\\/wp-content\\\/uploads\\\/2024\\\/06\\\/profile-image-ig-page-diarioeltrabajo.jpg\",\"width\":823,\"height\":823,\"caption\":\"Diario El Trabajo\"},\"image\":{\"@id\":\"https:\\\/\\\/eltrabajo.cl\\\/web\\\/#\\\/schema\\\/logo\\\/image\\\/\"},\"sameAs\":[\"https:\\\/\\\/www.facebook.com\\\/ElTrabajoDiario\",\"https:\\\/\\\/x.com\\\/diarioeltrabajo\"]},{\"@type\":\"Person\",\"@id\":\"https:\\\/\\\/eltrabajo.cl\\\/web\\\/#\\\/schema\\\/person\\\/45efd3d17f86ec456e44dd7debe1bf19\",\"name\":\"Diario El Trabajo\",\"image\":{\"@type\":\"ImageObject\",\"inLanguage\":\"es-CL\",\"@id\":\"https:\\\/\\\/secure.gravatar.com\\\/avatar\\\/7e6ec277dc4aea2677c2dc301d4227957219329c985ab69a3efc12518b5161aa?s=96&d=mm&r=g\",\"url\":\"https:\\\/\\\/secure.gravatar.com\\\/avatar\\\/7e6ec277dc4aea2677c2dc301d4227957219329c985ab69a3efc12518b5161aa?s=96&d=mm&r=g\",\"contentUrl\":\"https:\\\/\\\/secure.gravatar.com\\\/avatar\\\/7e6ec277dc4aea2677c2dc301d4227957219329c985ab69a3efc12518b5161aa?s=96&d=mm&r=g\",\"caption\":\"Diario El Trabajo\"},\"sameAs\":[\"https:\\\/\\\/eltrabajo.cl\\\/web\"],\"url\":\"https:\\\/\\\/eltrabajo.cl\\\/web\\\/author\\\/diario-el-trabajo\\\/\"}]}<\/script>\n<!-- \/ Yoast SEO plugin. -->","yoast_head_json":{"title":"Concejo Municipal aprueba inversi\u00f3n para instalar sem\u00e1foros en cruce \u2018Tres Esquinas\u2019 - Diario El Trabajo","robots":{"index":"index","follow":"follow","max-snippet":"max-snippet:-1","max-image-preview":"max-image-preview:large","max-video-preview":"max-video-preview:-1"},"canonical":"https:\/\/eltrabajo.cl\/web\/concejo-municipal-aprueba-inversion-para-instalar-semaforos-en-cruce-tres-esquinas\/","og_locale":"es_ES","og_type":"article","og_title":"Concejo Municipal aprueba inversi\u00f3n para instalar sem\u00e1foros en cruce \u2018Tres Esquinas\u2019 - Diario El Trabajo","og_description":"Se\u00f1ales de tr\u00e1fico eran altamente anheladas por la congesti\u00f3n vial del lugar.\u2013 El Concejo Municipal de San Felipe aprob\u00f3 la adjudicaci\u00f3n del proyecto para la instalaci\u00f3n de sem\u00e1foros en el congestionado cruce de \u2018Tres Esquinas\u2019. La iniciativa, contempla estas se\u00f1al\u00e9ticas viales de tres tiempos para regularizar el tr\u00e1nsito vehicular, sobre todo, en las horas de [&hellip;]","og_url":"https:\/\/eltrabajo.cl\/web\/concejo-municipal-aprueba-inversion-para-instalar-semaforos-en-cruce-tres-esquinas\/","og_site_name":"Diario El Trabajo","article_publisher":"https:\/\/www.facebook.com\/ElTrabajoDiario","article_published_time":"2026-04-30T00:30:06+00:00","og_image":[{"width":699,"height":375,"url":"https:\/\/eltrabajo.cl\/web\/wp-content\/uploads\/2026\/04\/cruce-Tres-Esquinas.jpg","type":"image\/jpeg"}],"author":"Diario El Trabajo","twitter_card":"summary_large_image","twitter_creator":"@diarioeltrabajo","twitter_site":"@diarioeltrabajo","twitter_misc":{"Escrito por":"Diario El Trabajo","Tiempo estimado de lectura":"3 minutos"},"schema":{"@context":"https:\/\/schema.org","@graph":[{"@type":"Article","@id":"https:\/\/eltrabajo.cl\/web\/concejo-municipal-aprueba-inversion-para-instalar-semaforos-en-cruce-tres-esquinas\/#article","isPartOf":{"@id":"https:\/\/eltrabajo.cl\/web\/concejo-municipal-aprueba-inversion-para-instalar-semaforos-en-cruce-tres-esquinas\/"},"author":{"name":"Diario El Trabajo","@id":"https:\/\/eltrabajo.cl\/web\/#\/schema\/person\/45efd3d17f86ec456e44dd7debe1bf19"},"headline":"Concejo Municipal aprueba inversi\u00f3n para instalar sem\u00e1foros en cruce \u2018Tres Esquinas\u2019","datePublished":"2026-04-30T00:30:06+00:00","mainEntityOfPage":{"@id":"https:\/\/eltrabajo.cl\/web\/concejo-municipal-aprueba-inversion-para-instalar-semaforos-en-cruce-tres-esquinas\/"},"wordCount":613,"commentCount":0,"publisher":{"@id":"https:\/\/eltrabajo.cl\/web\/#organization"},"image":{"@id":"https:\/\/eltrabajo.cl\/web\/concejo-municipal-aprueba-inversion-para-instalar-semaforos-en-cruce-tres-esquinas\/#primaryimage"},"thumbnailUrl":"https:\/\/eltrabajo.cl\/web\/wp-content\/uploads\/2026\/04\/cruce-Tres-Esquinas.jpg","articleSection":["Cr\u00f3nica"],"inLanguage":"es-CL","potentialAction":[{"@type":"CommentAction","name":"Comment","target":["https:\/\/eltrabajo.cl\/web\/concejo-municipal-aprueba-inversion-para-instalar-semaforos-en-cruce-tres-esquinas\/#respond"]}]},{"@type":"WebPage","@id":"https:\/\/eltrabajo.cl\/web\/concejo-municipal-aprueba-inversion-para-instalar-semaforos-en-cruce-tres-esquinas\/","url":"https:\/\/eltrabajo.cl\/web\/concejo-municipal-aprueba-inversion-para-instalar-semaforos-en-cruce-tres-esquinas\/","name":"Concejo Municipal aprueba inversi\u00f3n para instalar sem\u00e1foros en cruce \u2018Tres Esquinas\u2019 - Diario El Trabajo","isPartOf":{"@id":"https:\/\/eltrabajo.cl\/web\/#website"},"primaryImageOfPage":{"@id":"https:\/\/eltrabajo.cl\/web\/concejo-municipal-aprueba-inversion-para-instalar-semaforos-en-cruce-tres-esquinas\/#primaryimage"},"image":{"@id":"https:\/\/eltrabajo.cl\/web\/concejo-municipal-aprueba-inversion-para-instalar-semaforos-en-cruce-tres-esquinas\/#primaryimage"},"thumbnailUrl":"https:\/\/eltrabajo.cl\/web\/wp-content\/uploads\/2026\/04\/cruce-Tres-Esquinas.jpg","datePublished":"2026-04-30T00:30:06+00:00","breadcrumb":{"@id":"https:\/\/eltrabajo.cl\/web\/concejo-municipal-aprueba-inversion-para-instalar-semaforos-en-cruce-tres-esquinas\/#breadcrumb"},"inLanguage":"es-CL","potentialAction":[{"@type":"ReadAction","target":["https:\/\/eltrabajo.cl\/web\/concejo-municipal-aprueba-inversion-para-instalar-semaforos-en-cruce-tres-esquinas\/"]}]},{"@type":"ImageObject","inLanguage":"es-CL","@id":"https:\/\/eltrabajo.cl\/web\/concejo-municipal-aprueba-inversion-para-instalar-semaforos-en-cruce-tres-esquinas\/#primaryimage","url":"https:\/\/eltrabajo.cl\/web\/wp-content\/uploads\/2026\/04\/cruce-Tres-Esquinas.jpg","contentUrl":"https:\/\/eltrabajo.cl\/web\/wp-content\/uploads\/2026\/04\/cruce-Tres-Esquinas.jpg","width":699,"height":375,"caption":"Proyecto contempla la instalaci\u00f3n de sem\u00e1foros en el cruce de \u2018Tres Esquinas\u2019."},{"@type":"BreadcrumbList","@id":"https:\/\/eltrabajo.cl\/web\/concejo-municipal-aprueba-inversion-para-instalar-semaforos-en-cruce-tres-esquinas\/#breadcrumb","itemListElement":[{"@type":"ListItem","position":1,"name":"Portada","item":"https:\/\/eltrabajo.cl\/web\/"},{"@type":"ListItem","position":2,"name":"Concejo Municipal aprueba inversi\u00f3n para instalar sem\u00e1foros en cruce \u2018Tres Esquinas\u2019"}]},{"@type":"WebSite","@id":"https:\/\/eltrabajo.cl\/web\/#website","url":"https:\/\/eltrabajo.cl\/web\/","name":"Diario El Trabajo","description":"Desde 1929 construyendo Identidad Local","publisher":{"@id":"https:\/\/eltrabajo.cl\/web\/#organization"},"potentialAction":[{"@type":"SearchAction","target":{"@type":"EntryPoint","urlTemplate":"https:\/\/eltrabajo.cl\/web\/?s={search_term_string}"},"query-input":{"@type":"PropertyValueSpecification","valueRequired":true,"valueName":"search_term_string"}}],"inLanguage":"es-CL"},{"@type":"Organization","@id":"https:\/\/eltrabajo.cl\/web\/#organization","name":"Diario El Trabajo","url":"https:\/\/eltrabajo.cl\/web\/","logo":{"@type":"ImageObject","inLanguage":"es-CL","@id":"https:\/\/eltrabajo.cl\/web\/#\/schema\/logo\/image\/","url":"https:\/\/eltrabajo.cl\/web\/wp-content\/uploads\/2024\/06\/profile-image-ig-page-diarioeltrabajo.jpg","contentUrl":"https:\/\/eltrabajo.cl\/web\/wp-content\/uploads\/2024\/06\/profile-image-ig-page-diarioeltrabajo.jpg","width":823,"height":823,"caption":"Diario El Trabajo"},"image":{"@id":"https:\/\/eltrabajo.cl\/web\/#\/schema\/logo\/image\/"},"sameAs":["https:\/\/www.facebook.com\/ElTrabajoDiario","https:\/\/x.com\/diarioeltrabajo"]},{"@type":"Person","@id":"https:\/\/eltrabajo.cl\/web\/#\/schema\/person\/45efd3d17f86ec456e44dd7debe1bf19","name":"Diario El Trabajo","image":{"@type":"ImageObject","inLanguage":"es-CL","@id":"https:\/\/secure.gravatar.com\/avatar\/7e6ec277dc4aea2677c2dc301d4227957219329c985ab69a3efc12518b5161aa?s=96&d=mm&r=g","url":"https:\/\/secure.gravatar.com\/avatar\/7e6ec277dc4aea2677c2dc301d4227957219329c985ab69a3efc12518b5161aa?s=96&d=mm&r=g","contentUrl":"https:\/\/secure.gravatar.com\/avatar\/7e6ec277dc4aea2677c2dc301d4227957219329c985ab69a3efc12518b5161aa?s=96&d=mm&r=g","caption":"Diario El Trabajo"},"sameAs":["https:\/\/eltrabajo.cl\/web"],"url":"https:\/\/eltrabajo.cl\/web\/author\/diario-el-trabajo\/"}]}},"_links":{"self":[{"href":"https:\/\/eltrabajo.cl\/web\/wp-json\/wp\/v2\/posts\/144350","targetHints":{"allow":["GET"]}}],"collection":[{"href":"https:\/\/eltrabajo.cl\/web\/wp-json\/wp\/v2\/posts"}],"about":[{"href":"https:\/\/eltrabajo.cl\/web\/wp-json\/wp\/v2\/types\/post"}],"author":[{"embeddable":true,"href":"https:\/\/eltrabajo.cl\/web\/wp-json\/wp\/v2\/users\/1"}],"replies":[{"embeddable":true,"href":"https:\/\/eltrabajo.cl\/web\/wp-json\/wp\/v2\/comments?post=144350"}],"version-history":[{"count":1,"href":"https:\/\/eltrabajo.cl\/web\/wp-json\/wp\/v2\/posts\/144350\/revisions"}],"predecessor-version":[{"id":144352,"href":"https:\/\/eltrabajo.cl\/web\/wp-json\/wp\/v2\/posts\/144350\/revisions\/144352"}],"wp:featuredmedia":[{"embeddable":true,"href":"https:\/\/eltrabajo.cl\/web\/wp-json\/wp\/v2\/media\/144351"}],"wp:attachment":[{"href":"https:\/\/eltrabajo.cl\/web\/wp-json\/wp\/v2\/media?parent=144350"}],"wp:term":[{"taxonomy":"category","embeddable":true,"href":"https:\/\/eltrabajo.cl\/web\/wp-json\/wp\/v2\/categories?post=144350"},{"taxonomy":"post_tag","embeddable":true,"href":"https:\/\/eltrabajo.cl\/web\/wp-json\/wp\/v2\/tags?post=144350"}],"curies":[{"name":"wp","href":"https:\/\/api.w.org\/{rel}","templated":true}]}}