{"id":144353,"date":"2026-04-29T21:31:10","date_gmt":"2026-04-30T00:31:10","guid":{"rendered":"https:\/\/eltrabajo.cl\/web\/?p=144353"},"modified":"2026-04-29T21:31:10","modified_gmt":"2026-04-30T00:31:10","slug":"concejal-covarrubias-pedira-clausura-de-la-galeria-sur-del-estadio-municipal","status":"publish","type":"post","link":"https:\/\/eltrabajo.cl\/web\/concejal-covarrubias-pedira-clausura-de-la-galeria-sur-del-estadio-municipal\/","title":{"rendered":"Concejal Covarrubias pedir\u00e1 clausura de la galer\u00eda sur del Estadio Municipal"},"content":{"rendered":"<p>Aparte del resultado, el encuentro contra Magallanes tambi\u00e9n dej\u00f3 como nota negativa el accidente que, producto de las malas condiciones de la galer\u00eda sur del Estadio Municipal, sufri\u00f3 una hincha carabelera. Tras esa lamentable situaci\u00f3n, una vez m\u00e1s el recinto de Avenida Maip\u00fa alcanz\u00f3 notoriedad nacional por las deficientes condiciones en las que se encuentra.<\/p>\n<p><strong>El Trabajo Deportivo<\/strong> junto al concejal <strong>Ricardo Covarrubias<\/strong> (exredactor de deportes de <strong>Diario El Trabajo<\/strong>) hizo un recorrido por esa a\u00f1osa tribuna que, pese a ser destinada a las barras visitantes, se ve completamente abandonada, algo que no deja de llamar la atenci\u00f3n por la p\u00e9sima imagen que los forasteros se llevan del recinto y la ciudad en general.<\/p>\n<p>Lo que puedan expresar estas letras, se quedan cortas al apreciar en vivo y en directo como en la actualidad lucen esos tablones. La verdad es casi por obra de la \u2018divina trinidad\u2019 que no se hayan registrado m\u00e1s accidentes en el hist\u00f3rico coliseo. <em>\u00abEs realmente peligroso lo que vemos en el sector sur del Municipal, es evidente y salta a la vista que esta galer\u00eda no ha sido intervenida por d\u00e9cadas. Es cosa de ver c\u00f3mo est\u00e1 reseca la madera. Ac\u00e1 hay que ser responsables y clausurar esta galer\u00eda, porque se est\u00e1 poniendo en riesgo a la gente\u00bb<\/em>, formul\u00f3 el edil.<\/p>\n<p>Respecto a cu\u00e1l ser\u00eda la soluci\u00f3n inmediata donde ubicar a los visitantes, Covarrubias sugiri\u00f3. <em>\u00abPerfectamente se pueden sentar en el codo sur de la tribuna andes, creo eso no ser\u00eda problema, pero lo concreto es que esta galer\u00eda<\/em> (sur) <em>no puede seguir siendo utilizada hasta que se haga una intervenci\u00f3n completa, ya que en su 100% est\u00e1 en malas condiciones\u00bb<\/em>.<\/p>\n<figure id=\"attachment_144355\" aria-describedby=\"caption-attachment-144355\" style=\"width: 699px\" class=\"wp-caption alignnone\"><img loading=\"lazy\" decoding=\"async\" class=\"size-full wp-image-144355\" src=\"https:\/\/eltrabajo.cl\/web\/wp-content\/uploads\/2026\/04\/estadio.jpg\" alt=\"El concejal pedir\u00e1 la clausura de esas gradas.\" width=\"699\" height=\"447\" srcset=\"https:\/\/eltrabajo.cl\/web\/wp-content\/uploads\/2026\/04\/estadio.jpg 699w, https:\/\/eltrabajo.cl\/web\/wp-content\/uploads\/2026\/04\/estadio-300x192.jpg 300w, https:\/\/eltrabajo.cl\/web\/wp-content\/uploads\/2026\/04\/estadio-657x420.jpg 657w, https:\/\/eltrabajo.cl\/web\/wp-content\/uploads\/2026\/04\/estadio-150x96.jpg 150w, https:\/\/eltrabajo.cl\/web\/wp-content\/uploads\/2026\/04\/estadio-696x445.jpg 696w\" sizes=\"auto, (max-width: 699px) 100vw, 699px\" \/><figcaption id=\"caption-attachment-144355\" class=\"wp-caption-text\">El concejal pedir\u00e1 la clausura de esas gradas.<\/figcaption><\/figure>\n<figure id=\"attachment_144354\" aria-describedby=\"caption-attachment-144354\" style=\"width: 699px\" class=\"wp-caption alignnone\"><img loading=\"lazy\" decoding=\"async\" class=\"size-full wp-image-144354\" src=\"https:\/\/eltrabajo.cl\/web\/wp-content\/uploads\/2026\/04\/estadio-1.jpg\" alt=\"El edil constata las miserables condiciones de la galer\u00eda sur. \" width=\"699\" height=\"473\" srcset=\"https:\/\/eltrabajo.cl\/web\/wp-content\/uploads\/2026\/04\/estadio-1.jpg 699w, https:\/\/eltrabajo.cl\/web\/wp-content\/uploads\/2026\/04\/estadio-1-300x203.jpg 300w, https:\/\/eltrabajo.cl\/web\/wp-content\/uploads\/2026\/04\/estadio-1-621x420.jpg 621w, https:\/\/eltrabajo.cl\/web\/wp-content\/uploads\/2026\/04\/estadio-1-150x102.jpg 150w, https:\/\/eltrabajo.cl\/web\/wp-content\/uploads\/2026\/04\/estadio-1-696x471.jpg 696w\" sizes=\"auto, (max-width: 699px) 100vw, 699px\" \/><figcaption id=\"caption-attachment-144354\" class=\"wp-caption-text\">El edil constata las miserables condiciones de la galer\u00eda sur.<\/figcaption><\/figure>\n","protected":false},"excerpt":{"rendered":"<p>Aparte del resultado, el encuentro contra Magallanes tambi\u00e9n dej\u00f3 como nota negativa el accidente que, producto de las malas condiciones de la galer\u00eda sur del Estadio Municipal, sufri\u00f3 una hincha carabelera. Tras esa lamentable situaci\u00f3n, una vez m\u00e1s el recinto de Avenida Maip\u00fa alcanz\u00f3 notoriedad nacional por las deficientes condiciones en las que se encuentra. [&hellip;]<\/p>\n","protected":false},"author":1,"featured_media":144354,"comment_status":"open","ping_status":"closed","sticky":false,"template":"","format":"standard","meta":{"footnotes":""},"categories":[2],"tags":[],"class_list":{"0":"post-144353","1":"post","2":"type-post","3":"status-publish","4":"format-standard","5":"has-post-thumbnail","7":"category-deportes"},"yoast_head":"<!-- This site is optimized with the Yoast SEO plugin v27.5 - https:\/\/yoast.com\/product\/yoast-seo-wordpress\/ -->\n<title>Concejal Covarrubias pedir\u00e1 clausura de la galer\u00eda sur del Estadio Municipal - Diario El Trabajo<\/title>\n<meta name=\"robots\" content=\"index, follow, max-snippet:-1, max-image-preview:large, max-video-preview:-1\" \/>\n<link rel=\"canonical\" href=\"https:\/\/eltrabajo.cl\/web\/concejal-covarrubias-pedira-clausura-de-la-galeria-sur-del-estadio-municipal\/\" \/>\n<meta property=\"og:locale\" content=\"es_ES\" \/>\n<meta property=\"og:type\" content=\"article\" \/>\n<meta property=\"og:title\" content=\"Concejal Covarrubias pedir\u00e1 clausura de la galer\u00eda sur del Estadio Municipal - Diario El Trabajo\" \/>\n<meta property=\"og:description\" content=\"Aparte del resultado, el encuentro contra Magallanes tambi\u00e9n dej\u00f3 como nota negativa el accidente que, producto de las malas condiciones de la galer\u00eda sur del Estadio Municipal, sufri\u00f3 una hincha carabelera. Tras esa lamentable situaci\u00f3n, una vez m\u00e1s el recinto de Avenida Maip\u00fa alcanz\u00f3 notoriedad nacional por las deficientes condiciones en las que se encuentra. [&hellip;]\" \/>\n<meta property=\"og:url\" content=\"https:\/\/eltrabajo.cl\/web\/concejal-covarrubias-pedira-clausura-de-la-galeria-sur-del-estadio-municipal\/\" \/>\n<meta property=\"og:site_name\" content=\"Diario El Trabajo\" \/>\n<meta property=\"article:publisher\" content=\"https:\/\/www.facebook.com\/ElTrabajoDiario\" \/>\n<meta property=\"article:published_time\" content=\"2026-04-30T00:31:10+00:00\" \/>\n<meta property=\"og:image\" content=\"https:\/\/eltrabajo.cl\/web\/wp-content\/uploads\/2026\/04\/estadio-1.jpg\" \/>\n\t<meta property=\"og:image:width\" content=\"699\" \/>\n\t<meta property=\"og:image:height\" content=\"473\" \/>\n\t<meta property=\"og:image:type\" content=\"image\/jpeg\" \/>\n<meta name=\"author\" content=\"Diario El Trabajo\" \/>\n<meta name=\"twitter:card\" content=\"summary_large_image\" \/>\n<meta name=\"twitter:creator\" content=\"@diarioeltrabajo\" \/>\n<meta name=\"twitter:site\" content=\"@diarioeltrabajo\" \/>\n<meta name=\"twitter:label1\" content=\"Escrito por\" \/>\n\t<meta name=\"twitter:data1\" content=\"Diario El Trabajo\" \/>\n\t<meta name=\"twitter:label2\" content=\"Tiempo estimado de lectura\" \/>\n\t<meta name=\"twitter:data2\" content=\"2 minutos\" \/>\n<script type=\"application\/ld+json\" class=\"yoast-schema-graph\">{\"@context\":\"https:\\\/\\\/schema.org\",\"@graph\":[{\"@type\":\"Article\",\"@id\":\"https:\\\/\\\/eltrabajo.cl\\\/web\\\/concejal-covarrubias-pedira-clausura-de-la-galeria-sur-del-estadio-municipal\\\/#article\",\"isPartOf\":{\"@id\":\"https:\\\/\\\/eltrabajo.cl\\\/web\\\/concejal-covarrubias-pedira-clausura-de-la-galeria-sur-del-estadio-municipal\\\/\"},\"author\":{\"name\":\"Diario El Trabajo\",\"@id\":\"https:\\\/\\\/eltrabajo.cl\\\/web\\\/#\\\/schema\\\/person\\\/45efd3d17f86ec456e44dd7debe1bf19\"},\"headline\":\"Concejal Covarrubias pedir\u00e1 clausura de la galer\u00eda sur del Estadio Municipal\",\"datePublished\":\"2026-04-30T00:31:10+00:00\",\"mainEntityOfPage\":{\"@id\":\"https:\\\/\\\/eltrabajo.cl\\\/web\\\/concejal-covarrubias-pedira-clausura-de-la-galeria-sur-del-estadio-municipal\\\/\"},\"wordCount\":339,\"commentCount\":0,\"publisher\":{\"@id\":\"https:\\\/\\\/eltrabajo.cl\\\/web\\\/#organization\"},\"image\":{\"@id\":\"https:\\\/\\\/eltrabajo.cl\\\/web\\\/concejal-covarrubias-pedira-clausura-de-la-galeria-sur-del-estadio-municipal\\\/#primaryimage\"},\"thumbnailUrl\":\"https:\\\/\\\/eltrabajo.cl\\\/web\\\/wp-content\\\/uploads\\\/2026\\\/04\\\/estadio-1.jpg\",\"articleSection\":[\"Deportes\"],\"inLanguage\":\"es-CL\",\"potentialAction\":[{\"@type\":\"CommentAction\",\"name\":\"Comment\",\"target\":[\"https:\\\/\\\/eltrabajo.cl\\\/web\\\/concejal-covarrubias-pedira-clausura-de-la-galeria-sur-del-estadio-municipal\\\/#respond\"]}]},{\"@type\":\"WebPage\",\"@id\":\"https:\\\/\\\/eltrabajo.cl\\\/web\\\/concejal-covarrubias-pedira-clausura-de-la-galeria-sur-del-estadio-municipal\\\/\",\"url\":\"https:\\\/\\\/eltrabajo.cl\\\/web\\\/concejal-covarrubias-pedira-clausura-de-la-galeria-sur-del-estadio-municipal\\\/\",\"name\":\"Concejal Covarrubias pedir\u00e1 clausura de la galer\u00eda sur del Estadio Municipal - Diario El Trabajo\",\"isPartOf\":{\"@id\":\"https:\\\/\\\/eltrabajo.cl\\\/web\\\/#website\"},\"primaryImageOfPage\":{\"@id\":\"https:\\\/\\\/eltrabajo.cl\\\/web\\\/concejal-covarrubias-pedira-clausura-de-la-galeria-sur-del-estadio-municipal\\\/#primaryimage\"},\"image\":{\"@id\":\"https:\\\/\\\/eltrabajo.cl\\\/web\\\/concejal-covarrubias-pedira-clausura-de-la-galeria-sur-del-estadio-municipal\\\/#primaryimage\"},\"thumbnailUrl\":\"https:\\\/\\\/eltrabajo.cl\\\/web\\\/wp-content\\\/uploads\\\/2026\\\/04\\\/estadio-1.jpg\",\"datePublished\":\"2026-04-30T00:31:10+00:00\",\"breadcrumb\":{\"@id\":\"https:\\\/\\\/eltrabajo.cl\\\/web\\\/concejal-covarrubias-pedira-clausura-de-la-galeria-sur-del-estadio-municipal\\\/#breadcrumb\"},\"inLanguage\":\"es-CL\",\"potentialAction\":[{\"@type\":\"ReadAction\",\"target\":[\"https:\\\/\\\/eltrabajo.cl\\\/web\\\/concejal-covarrubias-pedira-clausura-de-la-galeria-sur-del-estadio-municipal\\\/\"]}]},{\"@type\":\"ImageObject\",\"inLanguage\":\"es-CL\",\"@id\":\"https:\\\/\\\/eltrabajo.cl\\\/web\\\/concejal-covarrubias-pedira-clausura-de-la-galeria-sur-del-estadio-municipal\\\/#primaryimage\",\"url\":\"https:\\\/\\\/eltrabajo.cl\\\/web\\\/wp-content\\\/uploads\\\/2026\\\/04\\\/estadio-1.jpg\",\"contentUrl\":\"https:\\\/\\\/eltrabajo.cl\\\/web\\\/wp-content\\\/uploads\\\/2026\\\/04\\\/estadio-1.jpg\",\"width\":699,\"height\":473,\"caption\":\"El edil constata las miserables condiciones de la galer\u00eda sur.\"},{\"@type\":\"BreadcrumbList\",\"@id\":\"https:\\\/\\\/eltrabajo.cl\\\/web\\\/concejal-covarrubias-pedira-clausura-de-la-galeria-sur-del-estadio-municipal\\\/#breadcrumb\",\"itemListElement\":[{\"@type\":\"ListItem\",\"position\":1,\"name\":\"Portada\",\"item\":\"https:\\\/\\\/eltrabajo.cl\\\/web\\\/\"},{\"@type\":\"ListItem\",\"position\":2,\"name\":\"Concejal Covarrubias pedir\u00e1 clausura de la galer\u00eda sur del Estadio Municipal\"}]},{\"@type\":\"WebSite\",\"@id\":\"https:\\\/\\\/eltrabajo.cl\\\/web\\\/#website\",\"url\":\"https:\\\/\\\/eltrabajo.cl\\\/web\\\/\",\"name\":\"Diario El Trabajo\",\"description\":\"Desde 1929 construyendo Identidad Local\",\"publisher\":{\"@id\":\"https:\\\/\\\/eltrabajo.cl\\\/web\\\/#organization\"},\"potentialAction\":[{\"@type\":\"SearchAction\",\"target\":{\"@type\":\"EntryPoint\",\"urlTemplate\":\"https:\\\/\\\/eltrabajo.cl\\\/web\\\/?s={search_term_string}\"},\"query-input\":{\"@type\":\"PropertyValueSpecification\",\"valueRequired\":true,\"valueName\":\"search_term_string\"}}],\"inLanguage\":\"es-CL\"},{\"@type\":\"Organization\",\"@id\":\"https:\\\/\\\/eltrabajo.cl\\\/web\\\/#organization\",\"name\":\"Diario El Trabajo\",\"url\":\"https:\\\/\\\/eltrabajo.cl\\\/web\\\/\",\"logo\":{\"@type\":\"ImageObject\",\"inLanguage\":\"es-CL\",\"@id\":\"https:\\\/\\\/eltrabajo.cl\\\/web\\\/#\\\/schema\\\/logo\\\/image\\\/\",\"url\":\"https:\\\/\\\/eltrabajo.cl\\\/web\\\/wp-content\\\/uploads\\\/2024\\\/06\\\/profile-image-ig-page-diarioeltrabajo.jpg\",\"contentUrl\":\"https:\\\/\\\/eltrabajo.cl\\\/web\\\/wp-content\\\/uploads\\\/2024\\\/06\\\/profile-image-ig-page-diarioeltrabajo.jpg\",\"width\":823,\"height\":823,\"caption\":\"Diario El Trabajo\"},\"image\":{\"@id\":\"https:\\\/\\\/eltrabajo.cl\\\/web\\\/#\\\/schema\\\/logo\\\/image\\\/\"},\"sameAs\":[\"https:\\\/\\\/www.facebook.com\\\/ElTrabajoDiario\",\"https:\\\/\\\/x.com\\\/diarioeltrabajo\"]},{\"@type\":\"Person\",\"@id\":\"https:\\\/\\\/eltrabajo.cl\\\/web\\\/#\\\/schema\\\/person\\\/45efd3d17f86ec456e44dd7debe1bf19\",\"name\":\"Diario El Trabajo\",\"image\":{\"@type\":\"ImageObject\",\"inLanguage\":\"es-CL\",\"@id\":\"https:\\\/\\\/secure.gravatar.com\\\/avatar\\\/7e6ec277dc4aea2677c2dc301d4227957219329c985ab69a3efc12518b5161aa?s=96&d=mm&r=g\",\"url\":\"https:\\\/\\\/secure.gravatar.com\\\/avatar\\\/7e6ec277dc4aea2677c2dc301d4227957219329c985ab69a3efc12518b5161aa?s=96&d=mm&r=g\",\"contentUrl\":\"https:\\\/\\\/secure.gravatar.com\\\/avatar\\\/7e6ec277dc4aea2677c2dc301d4227957219329c985ab69a3efc12518b5161aa?s=96&d=mm&r=g\",\"caption\":\"Diario El Trabajo\"},\"sameAs\":[\"https:\\\/\\\/eltrabajo.cl\\\/web\"],\"url\":\"https:\\\/\\\/eltrabajo.cl\\\/web\\\/author\\\/diario-el-trabajo\\\/\"}]}<\/script>\n<!-- \/ Yoast SEO plugin. -->","yoast_head_json":{"title":"Concejal Covarrubias pedir\u00e1 clausura de la galer\u00eda sur del Estadio Municipal - Diario El Trabajo","robots":{"index":"index","follow":"follow","max-snippet":"max-snippet:-1","max-image-preview":"max-image-preview:large","max-video-preview":"max-video-preview:-1"},"canonical":"https:\/\/eltrabajo.cl\/web\/concejal-covarrubias-pedira-clausura-de-la-galeria-sur-del-estadio-municipal\/","og_locale":"es_ES","og_type":"article","og_title":"Concejal Covarrubias pedir\u00e1 clausura de la galer\u00eda sur del Estadio Municipal - Diario El Trabajo","og_description":"Aparte del resultado, el encuentro contra Magallanes tambi\u00e9n dej\u00f3 como nota negativa el accidente que, producto de las malas condiciones de la galer\u00eda sur del Estadio Municipal, sufri\u00f3 una hincha carabelera. Tras esa lamentable situaci\u00f3n, una vez m\u00e1s el recinto de Avenida Maip\u00fa alcanz\u00f3 notoriedad nacional por las deficientes condiciones en las que se encuentra. [&hellip;]","og_url":"https:\/\/eltrabajo.cl\/web\/concejal-covarrubias-pedira-clausura-de-la-galeria-sur-del-estadio-municipal\/","og_site_name":"Diario El Trabajo","article_publisher":"https:\/\/www.facebook.com\/ElTrabajoDiario","article_published_time":"2026-04-30T00:31:10+00:00","og_image":[{"width":699,"height":473,"url":"https:\/\/eltrabajo.cl\/web\/wp-content\/uploads\/2026\/04\/estadio-1.jpg","type":"image\/jpeg"}],"author":"Diario El Trabajo","twitter_card":"summary_large_image","twitter_creator":"@diarioeltrabajo","twitter_site":"@diarioeltrabajo","twitter_misc":{"Escrito por":"Diario El Trabajo","Tiempo estimado de lectura":"2 minutos"},"schema":{"@context":"https:\/\/schema.org","@graph":[{"@type":"Article","@id":"https:\/\/eltrabajo.cl\/web\/concejal-covarrubias-pedira-clausura-de-la-galeria-sur-del-estadio-municipal\/#article","isPartOf":{"@id":"https:\/\/eltrabajo.cl\/web\/concejal-covarrubias-pedira-clausura-de-la-galeria-sur-del-estadio-municipal\/"},"author":{"name":"Diario El Trabajo","@id":"https:\/\/eltrabajo.cl\/web\/#\/schema\/person\/45efd3d17f86ec456e44dd7debe1bf19"},"headline":"Concejal Covarrubias pedir\u00e1 clausura de la galer\u00eda sur del Estadio Municipal","datePublished":"2026-04-30T00:31:10+00:00","mainEntityOfPage":{"@id":"https:\/\/eltrabajo.cl\/web\/concejal-covarrubias-pedira-clausura-de-la-galeria-sur-del-estadio-municipal\/"},"wordCount":339,"commentCount":0,"publisher":{"@id":"https:\/\/eltrabajo.cl\/web\/#organization"},"image":{"@id":"https:\/\/eltrabajo.cl\/web\/concejal-covarrubias-pedira-clausura-de-la-galeria-sur-del-estadio-municipal\/#primaryimage"},"thumbnailUrl":"https:\/\/eltrabajo.cl\/web\/wp-content\/uploads\/2026\/04\/estadio-1.jpg","articleSection":["Deportes"],"inLanguage":"es-CL","potentialAction":[{"@type":"CommentAction","name":"Comment","target":["https:\/\/eltrabajo.cl\/web\/concejal-covarrubias-pedira-clausura-de-la-galeria-sur-del-estadio-municipal\/#respond"]}]},{"@type":"WebPage","@id":"https:\/\/eltrabajo.cl\/web\/concejal-covarrubias-pedira-clausura-de-la-galeria-sur-del-estadio-municipal\/","url":"https:\/\/eltrabajo.cl\/web\/concejal-covarrubias-pedira-clausura-de-la-galeria-sur-del-estadio-municipal\/","name":"Concejal Covarrubias pedir\u00e1 clausura de la galer\u00eda sur del Estadio Municipal - Diario El Trabajo","isPartOf":{"@id":"https:\/\/eltrabajo.cl\/web\/#website"},"primaryImageOfPage":{"@id":"https:\/\/eltrabajo.cl\/web\/concejal-covarrubias-pedira-clausura-de-la-galeria-sur-del-estadio-municipal\/#primaryimage"},"image":{"@id":"https:\/\/eltrabajo.cl\/web\/concejal-covarrubias-pedira-clausura-de-la-galeria-sur-del-estadio-municipal\/#primaryimage"},"thumbnailUrl":"https:\/\/eltrabajo.cl\/web\/wp-content\/uploads\/2026\/04\/estadio-1.jpg","datePublished":"2026-04-30T00:31:10+00:00","breadcrumb":{"@id":"https:\/\/eltrabajo.cl\/web\/concejal-covarrubias-pedira-clausura-de-la-galeria-sur-del-estadio-municipal\/#breadcrumb"},"inLanguage":"es-CL","potentialAction":[{"@type":"ReadAction","target":["https:\/\/eltrabajo.cl\/web\/concejal-covarrubias-pedira-clausura-de-la-galeria-sur-del-estadio-municipal\/"]}]},{"@type":"ImageObject","inLanguage":"es-CL","@id":"https:\/\/eltrabajo.cl\/web\/concejal-covarrubias-pedira-clausura-de-la-galeria-sur-del-estadio-municipal\/#primaryimage","url":"https:\/\/eltrabajo.cl\/web\/wp-content\/uploads\/2026\/04\/estadio-1.jpg","contentUrl":"https:\/\/eltrabajo.cl\/web\/wp-content\/uploads\/2026\/04\/estadio-1.jpg","width":699,"height":473,"caption":"El edil constata las miserables condiciones de la galer\u00eda sur."},{"@type":"BreadcrumbList","@id":"https:\/\/eltrabajo.cl\/web\/concejal-covarrubias-pedira-clausura-de-la-galeria-sur-del-estadio-municipal\/#breadcrumb","itemListElement":[{"@type":"ListItem","position":1,"name":"Portada","item":"https:\/\/eltrabajo.cl\/web\/"},{"@type":"ListItem","position":2,"name":"Concejal Covarrubias pedir\u00e1 clausura de la galer\u00eda sur del Estadio Municipal"}]},{"@type":"WebSite","@id":"https:\/\/eltrabajo.cl\/web\/#website","url":"https:\/\/eltrabajo.cl\/web\/","name":"Diario El Trabajo","description":"Desde 1929 construyendo Identidad Local","publisher":{"@id":"https:\/\/eltrabajo.cl\/web\/#organization"},"potentialAction":[{"@type":"SearchAction","target":{"@type":"EntryPoint","urlTemplate":"https:\/\/eltrabajo.cl\/web\/?s={search_term_string}"},"query-input":{"@type":"PropertyValueSpecification","valueRequired":true,"valueName":"search_term_string"}}],"inLanguage":"es-CL"},{"@type":"Organization","@id":"https:\/\/eltrabajo.cl\/web\/#organization","name":"Diario El Trabajo","url":"https:\/\/eltrabajo.cl\/web\/","logo":{"@type":"ImageObject","inLanguage":"es-CL","@id":"https:\/\/eltrabajo.cl\/web\/#\/schema\/logo\/image\/","url":"https:\/\/eltrabajo.cl\/web\/wp-content\/uploads\/2024\/06\/profile-image-ig-page-diarioeltrabajo.jpg","contentUrl":"https:\/\/eltrabajo.cl\/web\/wp-content\/uploads\/2024\/06\/profile-image-ig-page-diarioeltrabajo.jpg","width":823,"height":823,"caption":"Diario El Trabajo"},"image":{"@id":"https:\/\/eltrabajo.cl\/web\/#\/schema\/logo\/image\/"},"sameAs":["https:\/\/www.facebook.com\/ElTrabajoDiario","https:\/\/x.com\/diarioeltrabajo"]},{"@type":"Person","@id":"https:\/\/eltrabajo.cl\/web\/#\/schema\/person\/45efd3d17f86ec456e44dd7debe1bf19","name":"Diario El Trabajo","image":{"@type":"ImageObject","inLanguage":"es-CL","@id":"https:\/\/secure.gravatar.com\/avatar\/7e6ec277dc4aea2677c2dc301d4227957219329c985ab69a3efc12518b5161aa?s=96&d=mm&r=g","url":"https:\/\/secure.gravatar.com\/avatar\/7e6ec277dc4aea2677c2dc301d4227957219329c985ab69a3efc12518b5161aa?s=96&d=mm&r=g","contentUrl":"https:\/\/secure.gravatar.com\/avatar\/7e6ec277dc4aea2677c2dc301d4227957219329c985ab69a3efc12518b5161aa?s=96&d=mm&r=g","caption":"Diario El Trabajo"},"sameAs":["https:\/\/eltrabajo.cl\/web"],"url":"https:\/\/eltrabajo.cl\/web\/author\/diario-el-trabajo\/"}]}},"_links":{"self":[{"href":"https:\/\/eltrabajo.cl\/web\/wp-json\/wp\/v2\/posts\/144353","targetHints":{"allow":["GET"]}}],"collection":[{"href":"https:\/\/eltrabajo.cl\/web\/wp-json\/wp\/v2\/posts"}],"about":[{"href":"https:\/\/eltrabajo.cl\/web\/wp-json\/wp\/v2\/types\/post"}],"author":[{"embeddable":true,"href":"https:\/\/eltrabajo.cl\/web\/wp-json\/wp\/v2\/users\/1"}],"replies":[{"embeddable":true,"href":"https:\/\/eltrabajo.cl\/web\/wp-json\/wp\/v2\/comments?post=144353"}],"version-history":[{"count":1,"href":"https:\/\/eltrabajo.cl\/web\/wp-json\/wp\/v2\/posts\/144353\/revisions"}],"predecessor-version":[{"id":144356,"href":"https:\/\/eltrabajo.cl\/web\/wp-json\/wp\/v2\/posts\/144353\/revisions\/144356"}],"wp:featuredmedia":[{"embeddable":true,"href":"https:\/\/eltrabajo.cl\/web\/wp-json\/wp\/v2\/media\/144354"}],"wp:attachment":[{"href":"https:\/\/eltrabajo.cl\/web\/wp-json\/wp\/v2\/media?parent=144353"}],"wp:term":[{"taxonomy":"category","embeddable":true,"href":"https:\/\/eltrabajo.cl\/web\/wp-json\/wp\/v2\/categories?post=144353"},{"taxonomy":"post_tag","embeddable":true,"href":"https:\/\/eltrabajo.cl\/web\/wp-json\/wp\/v2\/tags?post=144353"}],"curies":[{"name":"wp","href":"https:\/\/api.w.org\/{rel}","templated":true}]}}