{"id":144357,"date":"2026-04-29T21:32:24","date_gmt":"2026-04-30T00:32:24","guid":{"rendered":"https:\/\/eltrabajo.cl\/web\/?p=144357"},"modified":"2026-04-29T21:32:24","modified_gmt":"2026-04-30T00:32:24","slug":"bandidas-tuning-club-realizara-gran-evento-automotriz-gratuito-en-plaza-de-armas","status":"publish","type":"post","link":"https:\/\/eltrabajo.cl\/web\/bandidas-tuning-club-realizara-gran-evento-automotriz-gratuito-en-plaza-de-armas\/","title":{"rendered":"Bandidas Tuning Club realizar\u00e1 gran evento automotriz gratuito en Plaza de Armas"},"content":{"rendered":"<ul>\n<li><strong>La actividad reunir\u00e1 entre 40 y 60 veh\u00edculos, m\u00fasica en vivo, emprendimientos locales y espacios pensados para toda la familia.-<\/strong><\/li>\n<\/ul>\n<p>Este domingo 3 de mayo, la Plaza de Armas de San Felipe ser\u00e1 escenario de un in\u00e9dito encuentro de cultura automotriz organizado por Bandidas Tuning Club, agrupaci\u00f3n femenina que busca abrir espacios dentro del mundo tuerca y fortalecer la participaci\u00f3n de mujeres en este rubro.<\/p>\n<p>La jornada, que se extender\u00e1 desde las 10:00 hasta las 19:00 horas, ser\u00e1 completamente gratuita y contar\u00e1 con una variada programaci\u00f3n orientada a todo p\u00fablico. As\u00ed lo destac\u00f3 su presidenta y fundadora, <strong>Ana\u00eds B\u00f3rquez<\/strong>, quien adelant\u00f3 que <em>\u00abquienes asistan este 3 de mayo a la Plaza de Armas de San Felipe van a encontrar una jornada llena de cultura automotriz, con exhibici\u00f3n de veh\u00edculos modificados, m\u00fasica, emprendimientos locales y un ambiente familiar pensado para que todos puedan disfrutar\u00bb<\/em>.<\/p>\n<p>En cuanto a la exhibici\u00f3n, se espera la participaci\u00f3n de entre 40 y 60 veh\u00edculos y motos, incluyendo autos tuning, deportivos, cl\u00e1sicos intervenidos y proyectos personalizados.<\/p>\n<p>El evento tambi\u00e9n contempla distintas actividades durante todo el evento. <em>\u00abDurante la jornada tendremos exhibiciones destacadas de autos, m\u00fasica en vivo o DJ, contaremos con cantantes emergentes de la zona, con animaci\u00f3n infantil y algunas sorpresas que iremos anunciando. La idea es que sea una experiencia entretenida durante todo el d\u00eda\u00bb<\/em>, indic\u00f3 B\u00f3rquez, agregando que adem\u00e1s habr\u00e1 premios y regalos para los asistentes.<\/p>\n<p>Pensando en el car\u00e1cter familiar del evento, la organizaci\u00f3n ha dispuesto espacios especiales para ni\u00f1os y zonas de descanso. <em>\u00abHabr\u00e1 espacios pensados para ni\u00f1os como concursos y actividades recreativas, adem\u00e1s de food trucks y zonas de descanso para que las familias puedan disfrutar c\u00f3modamente\u00bb<\/em>, explic\u00f3.<\/p>\n<p>Asimismo, la instancia contar\u00e1 con la participaci\u00f3n de diversos emprendimientos locales. <em>\u00abContaremos con distintos emprendimientos locales, relacionados tanto al mundo automotor como a otros rubros: accesorios, ropa, artesan\u00eda, comida, entre otros. Queremos dar espacio a emprendedores de la zona\u00bb<\/em>, coment\u00f3.<\/p>\n<p>Respecto a la recepci\u00f3n, la presidenta del club destac\u00f3 el inter\u00e9s que ha generado la actividad. <em>\u00abLa recepci\u00f3n ha sido muy positiva, la comunidad ha mostrado mucho inter\u00e9s y apoyo, ya que este tipo de eventos no solo re\u00fane a fan\u00e1ticos de los autos, sino que tambi\u00e9n genera un espacio de encuentro familiar y comunitario, y tambi\u00e9n ser\u00e1 el primer encuentro tuning en la Plaza de Armas\u00bb<\/em>, afirm\u00f3.<\/p>\n<p>El evento cuenta con el apoyo de auspiciadores locales como Botiller\u00eda Gatos, Sushi Mona, El Diamante del Valle y Entretenciones Leiva, adem\u00e1s del respaldo constante del DJ Asoote. <em>\u00abHemos contado con el apoyo de algunas instituciones locales y auspiciadores que han cre\u00eddo en este proyecto, lo que ha sido clave para poder organizar un evento de este nivel\u00bb<\/em>, sostuvo.<\/p>\n<p>Finalmente, desde la organizaci\u00f3n proyectan dar continuidad a esta iniciativa. <em>\u00abLa idea es poder repetir este evento y seguir creciendo. Nos gustar\u00eda consolidarlo como una actividad anual e incluso llevarlo a otras comunas en el futuro, pero siempre enfoc\u00e1ndonos en San Felipe, ya que la municipalidad nos ha dado muchas oportunidades como club\u00bb<\/em>, concluy\u00f3 la presidenta.<\/p>\n<p>Bandidas Tuning Club nace en 2024 como una iniciativa de mujeres apasionadas por el mundo automotriz, con el objetivo de visibilizar el rol femenino y generar comunidad. Actualmente, la agrupaci\u00f3n est\u00e1 compuesta por cerca de 25 integrantes con distintos estilos y proyectos.<\/p>\n<figure id=\"attachment_144358\" aria-describedby=\"caption-attachment-144358\" style=\"width: 700px\" class=\"wp-caption alignnone\"><img loading=\"lazy\" decoding=\"async\" class=\"size-full wp-image-144358\" src=\"https:\/\/eltrabajo.cl\/web\/wp-content\/uploads\/2026\/04\/Bandidas-Tuning-1.jpg\" alt=\"El evento reunir\u00e1 entre 40 y 60 veh\u00edculos, m\u00fasica en vivo y emprendimientos locales. \" width=\"700\" height=\"471\" srcset=\"https:\/\/eltrabajo.cl\/web\/wp-content\/uploads\/2026\/04\/Bandidas-Tuning-1.jpg 700w, https:\/\/eltrabajo.cl\/web\/wp-content\/uploads\/2026\/04\/Bandidas-Tuning-1-300x202.jpg 300w, https:\/\/eltrabajo.cl\/web\/wp-content\/uploads\/2026\/04\/Bandidas-Tuning-1-624x420.jpg 624w, https:\/\/eltrabajo.cl\/web\/wp-content\/uploads\/2026\/04\/Bandidas-Tuning-1-150x101.jpg 150w, https:\/\/eltrabajo.cl\/web\/wp-content\/uploads\/2026\/04\/Bandidas-Tuning-1-696x468.jpg 696w\" sizes=\"auto, (max-width: 700px) 100vw, 700px\" \/><figcaption id=\"caption-attachment-144358\" class=\"wp-caption-text\">El evento reunir\u00e1 entre 40 y 60 veh\u00edculos, m\u00fasica en vivo y emprendimientos locales.<\/figcaption><\/figure>\n<figure id=\"attachment_144359\" aria-describedby=\"caption-attachment-144359\" style=\"width: 699px\" class=\"wp-caption alignnone\"><img loading=\"lazy\" decoding=\"async\" class=\"size-full wp-image-144359\" src=\"https:\/\/eltrabajo.cl\/web\/wp-content\/uploads\/2026\/04\/Bandidas-Tuning-2.jpg\" alt=\"Bandidas Tuning Club invita a la comunidad a participar del encuentro que se realizar\u00e1 este 3 de mayo desde las 10:00 horas en la Plaza de Armas de San Felipe.\" width=\"699\" height=\"855\" srcset=\"https:\/\/eltrabajo.cl\/web\/wp-content\/uploads\/2026\/04\/Bandidas-Tuning-2.jpg 699w, https:\/\/eltrabajo.cl\/web\/wp-content\/uploads\/2026\/04\/Bandidas-Tuning-2-245x300.jpg 245w, https:\/\/eltrabajo.cl\/web\/wp-content\/uploads\/2026\/04\/Bandidas-Tuning-2-343x420.jpg 343w, https:\/\/eltrabajo.cl\/web\/wp-content\/uploads\/2026\/04\/Bandidas-Tuning-2-150x183.jpg 150w, https:\/\/eltrabajo.cl\/web\/wp-content\/uploads\/2026\/04\/Bandidas-Tuning-2-300x367.jpg 300w, https:\/\/eltrabajo.cl\/web\/wp-content\/uploads\/2026\/04\/Bandidas-Tuning-2-696x851.jpg 696w\" sizes=\"auto, (max-width: 699px) 100vw, 699px\" \/><figcaption id=\"caption-attachment-144359\" class=\"wp-caption-text\">Bandidas Tuning Club invita a la comunidad a participar del encuentro que se realizar\u00e1 este 3 de mayo desde las 10:00 horas en la Plaza de Armas de San Felipe.<\/figcaption><\/figure>\n","protected":false},"excerpt":{"rendered":"<p>La actividad reunir\u00e1 entre 40 y 60 veh\u00edculos, m\u00fasica en vivo, emprendimientos locales y espacios pensados para toda la familia.- Este domingo 3 de mayo, la Plaza de Armas de San Felipe ser\u00e1 escenario de un in\u00e9dito encuentro de cultura automotriz organizado por Bandidas Tuning Club, agrupaci\u00f3n femenina que busca abrir espacios dentro del mundo [&hellip;]<\/p>\n","protected":false},"author":1,"featured_media":144358,"comment_status":"open","ping_status":"closed","sticky":false,"template":"","format":"standard","meta":{"footnotes":""},"categories":[4],"tags":[],"class_list":{"0":"post-144357","1":"post","2":"type-post","3":"status-publish","4":"format-standard","5":"has-post-thumbnail","7":"category-comunidad"},"yoast_head":"<!-- This site is optimized with the Yoast SEO plugin v27.5 - https:\/\/yoast.com\/product\/yoast-seo-wordpress\/ -->\n<title>Bandidas Tuning Club realizar\u00e1 gran evento automotriz gratuito en Plaza de Armas - Diario El Trabajo<\/title>\n<meta name=\"robots\" content=\"index, follow, max-snippet:-1, max-image-preview:large, max-video-preview:-1\" \/>\n<link rel=\"canonical\" href=\"https:\/\/eltrabajo.cl\/web\/bandidas-tuning-club-realizara-gran-evento-automotriz-gratuito-en-plaza-de-armas\/\" \/>\n<meta property=\"og:locale\" content=\"es_ES\" \/>\n<meta property=\"og:type\" content=\"article\" \/>\n<meta property=\"og:title\" content=\"Bandidas Tuning Club realizar\u00e1 gran evento automotriz gratuito en Plaza de Armas - Diario El Trabajo\" \/>\n<meta property=\"og:description\" content=\"La actividad reunir\u00e1 entre 40 y 60 veh\u00edculos, m\u00fasica en vivo, emprendimientos locales y espacios pensados para toda la familia.- Este domingo 3 de mayo, la Plaza de Armas de San Felipe ser\u00e1 escenario de un in\u00e9dito encuentro de cultura automotriz organizado por Bandidas Tuning Club, agrupaci\u00f3n femenina que busca abrir espacios dentro del mundo [&hellip;]\" \/>\n<meta property=\"og:url\" content=\"https:\/\/eltrabajo.cl\/web\/bandidas-tuning-club-realizara-gran-evento-automotriz-gratuito-en-plaza-de-armas\/\" \/>\n<meta property=\"og:site_name\" content=\"Diario El Trabajo\" \/>\n<meta property=\"article:publisher\" content=\"https:\/\/www.facebook.com\/ElTrabajoDiario\" \/>\n<meta property=\"article:published_time\" content=\"2026-04-30T00:32:24+00:00\" \/>\n<meta property=\"og:image\" content=\"https:\/\/eltrabajo.cl\/web\/wp-content\/uploads\/2026\/04\/Bandidas-Tuning-1.jpg\" \/>\n\t<meta property=\"og:image:width\" content=\"700\" \/>\n\t<meta property=\"og:image:height\" content=\"471\" \/>\n\t<meta property=\"og:image:type\" content=\"image\/jpeg\" \/>\n<meta name=\"author\" content=\"Diario El Trabajo\" \/>\n<meta name=\"twitter:card\" content=\"summary_large_image\" \/>\n<meta name=\"twitter:creator\" content=\"@diarioeltrabajo\" \/>\n<meta name=\"twitter:site\" content=\"@diarioeltrabajo\" \/>\n<meta name=\"twitter:label1\" content=\"Escrito por\" \/>\n\t<meta name=\"twitter:data1\" content=\"Diario El Trabajo\" \/>\n\t<meta name=\"twitter:label2\" content=\"Tiempo estimado de lectura\" \/>\n\t<meta name=\"twitter:data2\" content=\"4 minutos\" \/>\n<script type=\"application\/ld+json\" class=\"yoast-schema-graph\">{\"@context\":\"https:\\\/\\\/schema.org\",\"@graph\":[{\"@type\":\"Article\",\"@id\":\"https:\\\/\\\/eltrabajo.cl\\\/web\\\/bandidas-tuning-club-realizara-gran-evento-automotriz-gratuito-en-plaza-de-armas\\\/#article\",\"isPartOf\":{\"@id\":\"https:\\\/\\\/eltrabajo.cl\\\/web\\\/bandidas-tuning-club-realizara-gran-evento-automotriz-gratuito-en-plaza-de-armas\\\/\"},\"author\":{\"name\":\"Diario El Trabajo\",\"@id\":\"https:\\\/\\\/eltrabajo.cl\\\/web\\\/#\\\/schema\\\/person\\\/45efd3d17f86ec456e44dd7debe1bf19\"},\"headline\":\"Bandidas Tuning Club realizar\u00e1 gran evento automotriz gratuito en Plaza de Armas\",\"datePublished\":\"2026-04-30T00:32:24+00:00\",\"mainEntityOfPage\":{\"@id\":\"https:\\\/\\\/eltrabajo.cl\\\/web\\\/bandidas-tuning-club-realizara-gran-evento-automotriz-gratuito-en-plaza-de-armas\\\/\"},\"wordCount\":646,\"commentCount\":0,\"publisher\":{\"@id\":\"https:\\\/\\\/eltrabajo.cl\\\/web\\\/#organization\"},\"image\":{\"@id\":\"https:\\\/\\\/eltrabajo.cl\\\/web\\\/bandidas-tuning-club-realizara-gran-evento-automotriz-gratuito-en-plaza-de-armas\\\/#primaryimage\"},\"thumbnailUrl\":\"https:\\\/\\\/eltrabajo.cl\\\/web\\\/wp-content\\\/uploads\\\/2026\\\/04\\\/Bandidas-Tuning-1.jpg\",\"articleSection\":[\"Comunidad\"],\"inLanguage\":\"es-CL\",\"potentialAction\":[{\"@type\":\"CommentAction\",\"name\":\"Comment\",\"target\":[\"https:\\\/\\\/eltrabajo.cl\\\/web\\\/bandidas-tuning-club-realizara-gran-evento-automotriz-gratuito-en-plaza-de-armas\\\/#respond\"]}]},{\"@type\":\"WebPage\",\"@id\":\"https:\\\/\\\/eltrabajo.cl\\\/web\\\/bandidas-tuning-club-realizara-gran-evento-automotriz-gratuito-en-plaza-de-armas\\\/\",\"url\":\"https:\\\/\\\/eltrabajo.cl\\\/web\\\/bandidas-tuning-club-realizara-gran-evento-automotriz-gratuito-en-plaza-de-armas\\\/\",\"name\":\"Bandidas Tuning Club realizar\u00e1 gran evento automotriz gratuito en Plaza de Armas - Diario El Trabajo\",\"isPartOf\":{\"@id\":\"https:\\\/\\\/eltrabajo.cl\\\/web\\\/#website\"},\"primaryImageOfPage\":{\"@id\":\"https:\\\/\\\/eltrabajo.cl\\\/web\\\/bandidas-tuning-club-realizara-gran-evento-automotriz-gratuito-en-plaza-de-armas\\\/#primaryimage\"},\"image\":{\"@id\":\"https:\\\/\\\/eltrabajo.cl\\\/web\\\/bandidas-tuning-club-realizara-gran-evento-automotriz-gratuito-en-plaza-de-armas\\\/#primaryimage\"},\"thumbnailUrl\":\"https:\\\/\\\/eltrabajo.cl\\\/web\\\/wp-content\\\/uploads\\\/2026\\\/04\\\/Bandidas-Tuning-1.jpg\",\"datePublished\":\"2026-04-30T00:32:24+00:00\",\"breadcrumb\":{\"@id\":\"https:\\\/\\\/eltrabajo.cl\\\/web\\\/bandidas-tuning-club-realizara-gran-evento-automotriz-gratuito-en-plaza-de-armas\\\/#breadcrumb\"},\"inLanguage\":\"es-CL\",\"potentialAction\":[{\"@type\":\"ReadAction\",\"target\":[\"https:\\\/\\\/eltrabajo.cl\\\/web\\\/bandidas-tuning-club-realizara-gran-evento-automotriz-gratuito-en-plaza-de-armas\\\/\"]}]},{\"@type\":\"ImageObject\",\"inLanguage\":\"es-CL\",\"@id\":\"https:\\\/\\\/eltrabajo.cl\\\/web\\\/bandidas-tuning-club-realizara-gran-evento-automotriz-gratuito-en-plaza-de-armas\\\/#primaryimage\",\"url\":\"https:\\\/\\\/eltrabajo.cl\\\/web\\\/wp-content\\\/uploads\\\/2026\\\/04\\\/Bandidas-Tuning-1.jpg\",\"contentUrl\":\"https:\\\/\\\/eltrabajo.cl\\\/web\\\/wp-content\\\/uploads\\\/2026\\\/04\\\/Bandidas-Tuning-1.jpg\",\"width\":700,\"height\":471,\"caption\":\"El evento reunir\u00e1 entre 40 y 60 veh\u00edculos, m\u00fasica en vivo y emprendimientos locales.\"},{\"@type\":\"BreadcrumbList\",\"@id\":\"https:\\\/\\\/eltrabajo.cl\\\/web\\\/bandidas-tuning-club-realizara-gran-evento-automotriz-gratuito-en-plaza-de-armas\\\/#breadcrumb\",\"itemListElement\":[{\"@type\":\"ListItem\",\"position\":1,\"name\":\"Portada\",\"item\":\"https:\\\/\\\/eltrabajo.cl\\\/web\\\/\"},{\"@type\":\"ListItem\",\"position\":2,\"name\":\"Bandidas Tuning Club realizar\u00e1 gran evento automotriz gratuito en Plaza de Armas\"}]},{\"@type\":\"WebSite\",\"@id\":\"https:\\\/\\\/eltrabajo.cl\\\/web\\\/#website\",\"url\":\"https:\\\/\\\/eltrabajo.cl\\\/web\\\/\",\"name\":\"Diario El Trabajo\",\"description\":\"Desde 1929 construyendo Identidad Local\",\"publisher\":{\"@id\":\"https:\\\/\\\/eltrabajo.cl\\\/web\\\/#organization\"},\"potentialAction\":[{\"@type\":\"SearchAction\",\"target\":{\"@type\":\"EntryPoint\",\"urlTemplate\":\"https:\\\/\\\/eltrabajo.cl\\\/web\\\/?s={search_term_string}\"},\"query-input\":{\"@type\":\"PropertyValueSpecification\",\"valueRequired\":true,\"valueName\":\"search_term_string\"}}],\"inLanguage\":\"es-CL\"},{\"@type\":\"Organization\",\"@id\":\"https:\\\/\\\/eltrabajo.cl\\\/web\\\/#organization\",\"name\":\"Diario El Trabajo\",\"url\":\"https:\\\/\\\/eltrabajo.cl\\\/web\\\/\",\"logo\":{\"@type\":\"ImageObject\",\"inLanguage\":\"es-CL\",\"@id\":\"https:\\\/\\\/eltrabajo.cl\\\/web\\\/#\\\/schema\\\/logo\\\/image\\\/\",\"url\":\"https:\\\/\\\/eltrabajo.cl\\\/web\\\/wp-content\\\/uploads\\\/2024\\\/06\\\/profile-image-ig-page-diarioeltrabajo.jpg\",\"contentUrl\":\"https:\\\/\\\/eltrabajo.cl\\\/web\\\/wp-content\\\/uploads\\\/2024\\\/06\\\/profile-image-ig-page-diarioeltrabajo.jpg\",\"width\":823,\"height\":823,\"caption\":\"Diario El Trabajo\"},\"image\":{\"@id\":\"https:\\\/\\\/eltrabajo.cl\\\/web\\\/#\\\/schema\\\/logo\\\/image\\\/\"},\"sameAs\":[\"https:\\\/\\\/www.facebook.com\\\/ElTrabajoDiario\",\"https:\\\/\\\/x.com\\\/diarioeltrabajo\"]},{\"@type\":\"Person\",\"@id\":\"https:\\\/\\\/eltrabajo.cl\\\/web\\\/#\\\/schema\\\/person\\\/45efd3d17f86ec456e44dd7debe1bf19\",\"name\":\"Diario El Trabajo\",\"image\":{\"@type\":\"ImageObject\",\"inLanguage\":\"es-CL\",\"@id\":\"https:\\\/\\\/secure.gravatar.com\\\/avatar\\\/7e6ec277dc4aea2677c2dc301d4227957219329c985ab69a3efc12518b5161aa?s=96&d=mm&r=g\",\"url\":\"https:\\\/\\\/secure.gravatar.com\\\/avatar\\\/7e6ec277dc4aea2677c2dc301d4227957219329c985ab69a3efc12518b5161aa?s=96&d=mm&r=g\",\"contentUrl\":\"https:\\\/\\\/secure.gravatar.com\\\/avatar\\\/7e6ec277dc4aea2677c2dc301d4227957219329c985ab69a3efc12518b5161aa?s=96&d=mm&r=g\",\"caption\":\"Diario El Trabajo\"},\"sameAs\":[\"https:\\\/\\\/eltrabajo.cl\\\/web\"],\"url\":\"https:\\\/\\\/eltrabajo.cl\\\/web\\\/author\\\/diario-el-trabajo\\\/\"}]}<\/script>\n<!-- \/ Yoast SEO plugin. -->","yoast_head_json":{"title":"Bandidas Tuning Club realizar\u00e1 gran evento automotriz gratuito en Plaza de Armas - Diario El Trabajo","robots":{"index":"index","follow":"follow","max-snippet":"max-snippet:-1","max-image-preview":"max-image-preview:large","max-video-preview":"max-video-preview:-1"},"canonical":"https:\/\/eltrabajo.cl\/web\/bandidas-tuning-club-realizara-gran-evento-automotriz-gratuito-en-plaza-de-armas\/","og_locale":"es_ES","og_type":"article","og_title":"Bandidas Tuning Club realizar\u00e1 gran evento automotriz gratuito en Plaza de Armas - Diario El Trabajo","og_description":"La actividad reunir\u00e1 entre 40 y 60 veh\u00edculos, m\u00fasica en vivo, emprendimientos locales y espacios pensados para toda la familia.- Este domingo 3 de mayo, la Plaza de Armas de San Felipe ser\u00e1 escenario de un in\u00e9dito encuentro de cultura automotriz organizado por Bandidas Tuning Club, agrupaci\u00f3n femenina que busca abrir espacios dentro del mundo [&hellip;]","og_url":"https:\/\/eltrabajo.cl\/web\/bandidas-tuning-club-realizara-gran-evento-automotriz-gratuito-en-plaza-de-armas\/","og_site_name":"Diario El Trabajo","article_publisher":"https:\/\/www.facebook.com\/ElTrabajoDiario","article_published_time":"2026-04-30T00:32:24+00:00","og_image":[{"width":700,"height":471,"url":"https:\/\/eltrabajo.cl\/web\/wp-content\/uploads\/2026\/04\/Bandidas-Tuning-1.jpg","type":"image\/jpeg"}],"author":"Diario El Trabajo","twitter_card":"summary_large_image","twitter_creator":"@diarioeltrabajo","twitter_site":"@diarioeltrabajo","twitter_misc":{"Escrito por":"Diario El Trabajo","Tiempo estimado de lectura":"4 minutos"},"schema":{"@context":"https:\/\/schema.org","@graph":[{"@type":"Article","@id":"https:\/\/eltrabajo.cl\/web\/bandidas-tuning-club-realizara-gran-evento-automotriz-gratuito-en-plaza-de-armas\/#article","isPartOf":{"@id":"https:\/\/eltrabajo.cl\/web\/bandidas-tuning-club-realizara-gran-evento-automotriz-gratuito-en-plaza-de-armas\/"},"author":{"name":"Diario El Trabajo","@id":"https:\/\/eltrabajo.cl\/web\/#\/schema\/person\/45efd3d17f86ec456e44dd7debe1bf19"},"headline":"Bandidas Tuning Club realizar\u00e1 gran evento automotriz gratuito en Plaza de Armas","datePublished":"2026-04-30T00:32:24+00:00","mainEntityOfPage":{"@id":"https:\/\/eltrabajo.cl\/web\/bandidas-tuning-club-realizara-gran-evento-automotriz-gratuito-en-plaza-de-armas\/"},"wordCount":646,"commentCount":0,"publisher":{"@id":"https:\/\/eltrabajo.cl\/web\/#organization"},"image":{"@id":"https:\/\/eltrabajo.cl\/web\/bandidas-tuning-club-realizara-gran-evento-automotriz-gratuito-en-plaza-de-armas\/#primaryimage"},"thumbnailUrl":"https:\/\/eltrabajo.cl\/web\/wp-content\/uploads\/2026\/04\/Bandidas-Tuning-1.jpg","articleSection":["Comunidad"],"inLanguage":"es-CL","potentialAction":[{"@type":"CommentAction","name":"Comment","target":["https:\/\/eltrabajo.cl\/web\/bandidas-tuning-club-realizara-gran-evento-automotriz-gratuito-en-plaza-de-armas\/#respond"]}]},{"@type":"WebPage","@id":"https:\/\/eltrabajo.cl\/web\/bandidas-tuning-club-realizara-gran-evento-automotriz-gratuito-en-plaza-de-armas\/","url":"https:\/\/eltrabajo.cl\/web\/bandidas-tuning-club-realizara-gran-evento-automotriz-gratuito-en-plaza-de-armas\/","name":"Bandidas Tuning Club realizar\u00e1 gran evento automotriz gratuito en Plaza de Armas - Diario El Trabajo","isPartOf":{"@id":"https:\/\/eltrabajo.cl\/web\/#website"},"primaryImageOfPage":{"@id":"https:\/\/eltrabajo.cl\/web\/bandidas-tuning-club-realizara-gran-evento-automotriz-gratuito-en-plaza-de-armas\/#primaryimage"},"image":{"@id":"https:\/\/eltrabajo.cl\/web\/bandidas-tuning-club-realizara-gran-evento-automotriz-gratuito-en-plaza-de-armas\/#primaryimage"},"thumbnailUrl":"https:\/\/eltrabajo.cl\/web\/wp-content\/uploads\/2026\/04\/Bandidas-Tuning-1.jpg","datePublished":"2026-04-30T00:32:24+00:00","breadcrumb":{"@id":"https:\/\/eltrabajo.cl\/web\/bandidas-tuning-club-realizara-gran-evento-automotriz-gratuito-en-plaza-de-armas\/#breadcrumb"},"inLanguage":"es-CL","potentialAction":[{"@type":"ReadAction","target":["https:\/\/eltrabajo.cl\/web\/bandidas-tuning-club-realizara-gran-evento-automotriz-gratuito-en-plaza-de-armas\/"]}]},{"@type":"ImageObject","inLanguage":"es-CL","@id":"https:\/\/eltrabajo.cl\/web\/bandidas-tuning-club-realizara-gran-evento-automotriz-gratuito-en-plaza-de-armas\/#primaryimage","url":"https:\/\/eltrabajo.cl\/web\/wp-content\/uploads\/2026\/04\/Bandidas-Tuning-1.jpg","contentUrl":"https:\/\/eltrabajo.cl\/web\/wp-content\/uploads\/2026\/04\/Bandidas-Tuning-1.jpg","width":700,"height":471,"caption":"El evento reunir\u00e1 entre 40 y 60 veh\u00edculos, m\u00fasica en vivo y emprendimientos locales."},{"@type":"BreadcrumbList","@id":"https:\/\/eltrabajo.cl\/web\/bandidas-tuning-club-realizara-gran-evento-automotriz-gratuito-en-plaza-de-armas\/#breadcrumb","itemListElement":[{"@type":"ListItem","position":1,"name":"Portada","item":"https:\/\/eltrabajo.cl\/web\/"},{"@type":"ListItem","position":2,"name":"Bandidas Tuning Club realizar\u00e1 gran evento automotriz gratuito en Plaza de Armas"}]},{"@type":"WebSite","@id":"https:\/\/eltrabajo.cl\/web\/#website","url":"https:\/\/eltrabajo.cl\/web\/","name":"Diario El Trabajo","description":"Desde 1929 construyendo Identidad Local","publisher":{"@id":"https:\/\/eltrabajo.cl\/web\/#organization"},"potentialAction":[{"@type":"SearchAction","target":{"@type":"EntryPoint","urlTemplate":"https:\/\/eltrabajo.cl\/web\/?s={search_term_string}"},"query-input":{"@type":"PropertyValueSpecification","valueRequired":true,"valueName":"search_term_string"}}],"inLanguage":"es-CL"},{"@type":"Organization","@id":"https:\/\/eltrabajo.cl\/web\/#organization","name":"Diario El Trabajo","url":"https:\/\/eltrabajo.cl\/web\/","logo":{"@type":"ImageObject","inLanguage":"es-CL","@id":"https:\/\/eltrabajo.cl\/web\/#\/schema\/logo\/image\/","url":"https:\/\/eltrabajo.cl\/web\/wp-content\/uploads\/2024\/06\/profile-image-ig-page-diarioeltrabajo.jpg","contentUrl":"https:\/\/eltrabajo.cl\/web\/wp-content\/uploads\/2024\/06\/profile-image-ig-page-diarioeltrabajo.jpg","width":823,"height":823,"caption":"Diario El Trabajo"},"image":{"@id":"https:\/\/eltrabajo.cl\/web\/#\/schema\/logo\/image\/"},"sameAs":["https:\/\/www.facebook.com\/ElTrabajoDiario","https:\/\/x.com\/diarioeltrabajo"]},{"@type":"Person","@id":"https:\/\/eltrabajo.cl\/web\/#\/schema\/person\/45efd3d17f86ec456e44dd7debe1bf19","name":"Diario El Trabajo","image":{"@type":"ImageObject","inLanguage":"es-CL","@id":"https:\/\/secure.gravatar.com\/avatar\/7e6ec277dc4aea2677c2dc301d4227957219329c985ab69a3efc12518b5161aa?s=96&d=mm&r=g","url":"https:\/\/secure.gravatar.com\/avatar\/7e6ec277dc4aea2677c2dc301d4227957219329c985ab69a3efc12518b5161aa?s=96&d=mm&r=g","contentUrl":"https:\/\/secure.gravatar.com\/avatar\/7e6ec277dc4aea2677c2dc301d4227957219329c985ab69a3efc12518b5161aa?s=96&d=mm&r=g","caption":"Diario El Trabajo"},"sameAs":["https:\/\/eltrabajo.cl\/web"],"url":"https:\/\/eltrabajo.cl\/web\/author\/diario-el-trabajo\/"}]}},"_links":{"self":[{"href":"https:\/\/eltrabajo.cl\/web\/wp-json\/wp\/v2\/posts\/144357","targetHints":{"allow":["GET"]}}],"collection":[{"href":"https:\/\/eltrabajo.cl\/web\/wp-json\/wp\/v2\/posts"}],"about":[{"href":"https:\/\/eltrabajo.cl\/web\/wp-json\/wp\/v2\/types\/post"}],"author":[{"embeddable":true,"href":"https:\/\/eltrabajo.cl\/web\/wp-json\/wp\/v2\/users\/1"}],"replies":[{"embeddable":true,"href":"https:\/\/eltrabajo.cl\/web\/wp-json\/wp\/v2\/comments?post=144357"}],"version-history":[{"count":1,"href":"https:\/\/eltrabajo.cl\/web\/wp-json\/wp\/v2\/posts\/144357\/revisions"}],"predecessor-version":[{"id":144360,"href":"https:\/\/eltrabajo.cl\/web\/wp-json\/wp\/v2\/posts\/144357\/revisions\/144360"}],"wp:featuredmedia":[{"embeddable":true,"href":"https:\/\/eltrabajo.cl\/web\/wp-json\/wp\/v2\/media\/144358"}],"wp:attachment":[{"href":"https:\/\/eltrabajo.cl\/web\/wp-json\/wp\/v2\/media?parent=144357"}],"wp:term":[{"taxonomy":"category","embeddable":true,"href":"https:\/\/eltrabajo.cl\/web\/wp-json\/wp\/v2\/categories?post=144357"},{"taxonomy":"post_tag","embeddable":true,"href":"https:\/\/eltrabajo.cl\/web\/wp-json\/wp\/v2\/tags?post=144357"}],"curies":[{"name":"wp","href":"https:\/\/api.w.org\/{rel}","templated":true}]}}