{"id":146768,"date":"2026-08-30T21:33:12","date_gmt":"2026-08-31T00:33:12","guid":{"rendered":"https:\/\/eltrabajo.cl\/web\/?p=146768"},"modified":"2026-08-30T21:33:12","modified_gmt":"2026-08-31T00:33:12","slug":"ocho-comunidades-educativas-se-reunen-en-san-felipe-para-fortalecer-el-liderazgo-estudiantil","status":"publish","type":"post","link":"https:\/\/eltrabajo.cl\/web\/ocho-comunidades-educativas-se-reunen-en-san-felipe-para-fortalecer-el-liderazgo-estudiantil\/","title":{"rendered":"Ocho comunidades educativas se re\u00fanen en San Felipe para fortalecer el liderazgo estudiantil"},"content":{"rendered":"<ul>\n<li><strong>La instancia promovi\u00f3 el di\u00e1logo, la participaci\u00f3n y el trabajo colaborativo.-<\/strong><\/li>\n<\/ul>\n<p>Con el objetivo de fortalecer el liderazgo, la participaci\u00f3n y la voz de las y los estudiantes, el Centro de Estudiantes del Colegio Pir\u00e1mide (CEPI) organiz\u00f3 la primera versi\u00f3n del Encuentro de Centros de Estudiantes de la Provincia de San Felipe, jornada que congreg\u00f3 a representantes de ocho comunidades educativas del Valle del Aconcagua.<\/p>\n<p>La actividad se desarroll\u00f3 en dependencias del establecimiento educacional sanfelipe\u00f1o y cont\u00f3 con la participaci\u00f3n de delegaciones del Liceo Bicentenario Cordillera, Colegio San Pablo, Colegio Vedruna, Liceo Mixto, Instituto Abd\u00f3n Cifuentes, Colegio Alonso de Ercilla y la Escuela Industrial de San Felipe, quienes se sumaron al CEPI como anfitri\u00f3n de esta iniciativa.<\/p>\n<p>Durante la jornada, las y los estudiantes participaron en distintas actividades orientadas al di\u00e1logo, la reflexi\u00f3n y la generaci\u00f3n de propuestas. Entre ellas se desarroll\u00f3 una intervenci\u00f3n de yoga, la exposici\u00f3n denominada \u2018Centros de estudiantes como motor de cambio\u2019, mesas de trabajo y plenarios, donde los representantes pudieron compartir sus experiencias y abordar los desaf\u00edos relacionados con la participaci\u00f3n estudiantil.<\/p>\n<p>El encuentro concluy\u00f3 con la elaboraci\u00f3n de un \u2018Mural de Compromisos Colectivos\u2019, instancia en la que las distintas delegaciones plasmaron ideas y compromisos surgidos durante la jornada.<\/p>\n<p>Desde el Colegio Pir\u00e1mide destacaron la importancia de generar espacios donde las y los j\u00f3venes puedan encontrarse, organizarse y plantear sus inquietudes, resaltando el rol que cumplen los centros de estudiantes en la construcci\u00f3n de comunidades educativas m\u00e1s participativas, democr\u00e1ticas y comprometidas.<\/p>\n<p>\u00ab<em>Cuando nuestras y nuestros j\u00f3venes cuentan con espacios reales para encontrarse, dialogar, proponer y organizarse, pueden transformarse en verdaderos motores de cambio para sus comunidades\u00bb<\/em>, se\u00f1alaron desde el establecimiento.<\/p>\n<p>Asimismo, el colegio anfitri\u00f3n valor\u00f3 especialmente el trabajo desarrollado por el Centro de Estudiantes del Colegio Pir\u00e1mide y su profesora asesora, <strong>Carolina Carvallo<\/strong>, quienes estuvieron a cargo de impulsar y organizar esta primera experiencia.<\/p>\n<p>Finalmente, desde la comunidad educativa agradecieron la participaci\u00f3n de cada una de las delegaciones, estudiantes y docentes asesores que se sumaron a la convocatoria, manifestando su deseo de que esta primera versi\u00f3n sea el inicio de una serie de encuentros entre los centros de estudiantes de la Provincia de San Felipe.<\/p>\n<figure id=\"attachment_146769\" aria-describedby=\"caption-attachment-146769\" style=\"width: 698px\" class=\"wp-caption alignnone\"><img loading=\"lazy\" decoding=\"async\" class=\"size-full wp-image-146769\" src=\"https:\/\/eltrabajo.cl\/web\/wp-content\/uploads\/2026\/08\/liderazgo-estudiantil-1.jpg\" alt=\"Representantes de los ocho establecimientos educacionales que participaron en la primera versi\u00f3n del Encuentro de Centros de Estudiantes de la Provincia de San Felipe.\" width=\"698\" height=\"324\" srcset=\"https:\/\/eltrabajo.cl\/web\/wp-content\/uploads\/2026\/08\/liderazgo-estudiantil-1.jpg 698w, https:\/\/eltrabajo.cl\/web\/wp-content\/uploads\/2026\/08\/liderazgo-estudiantil-1-300x139.jpg 300w, https:\/\/eltrabajo.cl\/web\/wp-content\/uploads\/2026\/08\/liderazgo-estudiantil-1-150x70.jpg 150w, https:\/\/eltrabajo.cl\/web\/wp-content\/uploads\/2026\/08\/liderazgo-estudiantil-1-696x323.jpg 696w\" sizes=\"auto, (max-width: 698px) 100vw, 698px\" \/><figcaption id=\"caption-attachment-146769\" class=\"wp-caption-text\">Representantes de los ocho establecimientos educacionales que participaron en la primera versi\u00f3n del Encuentro de Centros de Estudiantes de la Provincia de San Felipe.<\/figcaption><\/figure>\n<figure id=\"attachment_146771\" aria-describedby=\"caption-attachment-146771\" style=\"width: 699px\" class=\"wp-caption alignnone\"><img loading=\"lazy\" decoding=\"async\" class=\"size-full wp-image-146771\" src=\"https:\/\/eltrabajo.cl\/web\/wp-content\/uploads\/2026\/08\/liderazgo-estudiantil-3.jpg\" alt=\"El encuentro finaliz\u00f3 con la creaci\u00f3n de un Mural de Compromisos Colectivos, donde las y los j\u00f3venes plasmaron sus propuestas y compromisos.\" width=\"699\" height=\"417\" srcset=\"https:\/\/eltrabajo.cl\/web\/wp-content\/uploads\/2026\/08\/liderazgo-estudiantil-3.jpg 699w, https:\/\/eltrabajo.cl\/web\/wp-content\/uploads\/2026\/08\/liderazgo-estudiantil-3-300x179.jpg 300w, https:\/\/eltrabajo.cl\/web\/wp-content\/uploads\/2026\/08\/liderazgo-estudiantil-3-150x89.jpg 150w, https:\/\/eltrabajo.cl\/web\/wp-content\/uploads\/2026\/08\/liderazgo-estudiantil-3-696x415.jpg 696w\" sizes=\"auto, (max-width: 699px) 100vw, 699px\" \/><figcaption id=\"caption-attachment-146771\" class=\"wp-caption-text\">El encuentro finaliz\u00f3 con la creaci\u00f3n de un Mural de Compromisos Colectivos, donde las y los j\u00f3venes plasmaron sus propuestas y compromisos.<\/figcaption><\/figure>\n<figure id=\"attachment_146770\" aria-describedby=\"caption-attachment-146770\" style=\"width: 699px\" class=\"wp-caption alignnone\"><img loading=\"lazy\" decoding=\"async\" class=\"size-full wp-image-146770\" src=\"https:\/\/eltrabajo.cl\/web\/wp-content\/uploads\/2026\/08\/liderazgo-estudiantil-2.jpg\" alt=\"Los estudiantes participaron activamente en las mesas de trabajo y plenarios, compartiendo experiencias e ideas para fortalecer la participaci\u00f3n estudiantil.\" width=\"699\" height=\"425\" srcset=\"https:\/\/eltrabajo.cl\/web\/wp-content\/uploads\/2026\/08\/liderazgo-estudiantil-2.jpg 699w, https:\/\/eltrabajo.cl\/web\/wp-content\/uploads\/2026\/08\/liderazgo-estudiantil-2-300x182.jpg 300w, https:\/\/eltrabajo.cl\/web\/wp-content\/uploads\/2026\/08\/liderazgo-estudiantil-2-691x420.jpg 691w, https:\/\/eltrabajo.cl\/web\/wp-content\/uploads\/2026\/08\/liderazgo-estudiantil-2-150x91.jpg 150w, https:\/\/eltrabajo.cl\/web\/wp-content\/uploads\/2026\/08\/liderazgo-estudiantil-2-696x423.jpg 696w\" sizes=\"auto, (max-width: 699px) 100vw, 699px\" \/><figcaption id=\"caption-attachment-146770\" class=\"wp-caption-text\">Los estudiantes participaron activamente en las mesas de trabajo y plenarios, compartiendo experiencias e ideas para fortalecer la participaci\u00f3n estudiantil.<\/figcaption><\/figure>\n","protected":false},"excerpt":{"rendered":"<p>La instancia promovi\u00f3 el di\u00e1logo, la participaci\u00f3n y el trabajo colaborativo.- Con el objetivo de fortalecer el liderazgo, la participaci\u00f3n y la voz de las y los estudiantes, el Centro de Estudiantes del Colegio Pir\u00e1mide (CEPI) organiz\u00f3 la primera versi\u00f3n del Encuentro de Centros de Estudiantes de la Provincia de San Felipe, jornada que congreg\u00f3 [&hellip;]<\/p>\n","protected":false},"author":1,"featured_media":146770,"comment_status":"open","ping_status":"closed","sticky":false,"template":"","format":"standard","meta":{"footnotes":""},"categories":[3],"tags":[],"class_list":["post-146768","post","type-post","status-publish","format-standard","has-post-thumbnail","category-cronica-2"],"yoast_head":"<!-- This site is optimized with the Yoast SEO plugin v28.3 - https:\/\/yoast.com\/product\/yoast-seo-wordpress\/ -->\n<title>Ocho comunidades educativas se re\u00fanen en San Felipe para fortalecer el liderazgo estudiantil - Diario El Trabajo<\/title>\n<meta name=\"robots\" content=\"index, follow, max-snippet:-1, max-image-preview:large, max-video-preview:-1\" \/>\n<link rel=\"canonical\" href=\"https:\/\/eltrabajo.cl\/web\/ocho-comunidades-educativas-se-reunen-en-san-felipe-para-fortalecer-el-liderazgo-estudiantil\/\" \/>\n<meta property=\"og:locale\" content=\"es_ES\" \/>\n<meta property=\"og:type\" content=\"article\" \/>\n<meta property=\"og:title\" content=\"Ocho comunidades educativas se re\u00fanen en San Felipe para fortalecer el liderazgo estudiantil - Diario El Trabajo\" \/>\n<meta property=\"og:description\" content=\"La instancia promovi\u00f3 el di\u00e1logo, la participaci\u00f3n y el trabajo colaborativo.- Con el objetivo de fortalecer el liderazgo, la participaci\u00f3n y la voz de las y los estudiantes, el Centro de Estudiantes del Colegio Pir\u00e1mide (CEPI) organiz\u00f3 la primera versi\u00f3n del Encuentro de Centros de Estudiantes de la Provincia de San Felipe, jornada que congreg\u00f3 [&hellip;]\" \/>\n<meta property=\"og:url\" content=\"https:\/\/eltrabajo.cl\/web\/ocho-comunidades-educativas-se-reunen-en-san-felipe-para-fortalecer-el-liderazgo-estudiantil\/\" \/>\n<meta property=\"og:site_name\" content=\"Diario El Trabajo\" \/>\n<meta property=\"article:publisher\" content=\"https:\/\/www.facebook.com\/ElTrabajoDiario\" \/>\n<meta property=\"article:published_time\" content=\"2026-08-31T00:33:12+00:00\" \/>\n<meta property=\"og:image\" content=\"https:\/\/eltrabajo.cl\/web\/wp-content\/uploads\/2026\/08\/liderazgo-estudiantil-2.jpg\" \/>\n\t<meta property=\"og:image:width\" content=\"699\" \/>\n\t<meta property=\"og:image:height\" content=\"425\" \/>\n\t<meta property=\"og:image:type\" content=\"image\/jpeg\" \/>\n<meta name=\"author\" content=\"Diario El Trabajo\" \/>\n<meta name=\"twitter:card\" content=\"summary_large_image\" \/>\n<meta name=\"twitter:creator\" content=\"@diarioeltrabajo\" \/>\n<meta name=\"twitter:site\" content=\"@diarioeltrabajo\" \/>\n<meta name=\"twitter:label1\" content=\"Escrito por\" \/>\n\t<meta name=\"twitter:data1\" content=\"Diario El Trabajo\" \/>\n\t<meta name=\"twitter:label2\" content=\"Tiempo estimado de lectura\" \/>\n\t<meta name=\"twitter:data2\" content=\"3 minutos\" \/>\n<script type=\"application\/ld+json\" class=\"yoast-schema-graph\">{\"@context\":\"https:\\\/\\\/schema.org\",\"@graph\":[{\"@type\":\"Article\",\"@id\":\"https:\\\/\\\/eltrabajo.cl\\\/web\\\/ocho-comunidades-educativas-se-reunen-en-san-felipe-para-fortalecer-el-liderazgo-estudiantil\\\/#article\",\"isPartOf\":{\"@id\":\"https:\\\/\\\/eltrabajo.cl\\\/web\\\/ocho-comunidades-educativas-se-reunen-en-san-felipe-para-fortalecer-el-liderazgo-estudiantil\\\/\"},\"author\":{\"name\":\"Diario El Trabajo\",\"@id\":\"https:\\\/\\\/eltrabajo.cl\\\/web\\\/#\\\/schema\\\/person\\\/45efd3d17f86ec456e44dd7debe1bf19\"},\"headline\":\"Ocho comunidades educativas se re\u00fanen en San Felipe para fortalecer el liderazgo estudiantil\",\"datePublished\":\"2026-08-31T00:33:12+00:00\",\"mainEntityOfPage\":{\"@id\":\"https:\\\/\\\/eltrabajo.cl\\\/web\\\/ocho-comunidades-educativas-se-reunen-en-san-felipe-para-fortalecer-el-liderazgo-estudiantil\\\/\"},\"wordCount\":494,\"commentCount\":0,\"publisher\":{\"@id\":\"https:\\\/\\\/eltrabajo.cl\\\/web\\\/#organization\"},\"image\":{\"@id\":\"https:\\\/\\\/eltrabajo.cl\\\/web\\\/ocho-comunidades-educativas-se-reunen-en-san-felipe-para-fortalecer-el-liderazgo-estudiantil\\\/#primaryimage\"},\"thumbnailUrl\":\"https:\\\/\\\/eltrabajo.cl\\\/web\\\/wp-content\\\/uploads\\\/2026\\\/08\\\/liderazgo-estudiantil-2.jpg\",\"articleSection\":[\"Cr\u00f3nica\"],\"inLanguage\":\"es-CL\",\"potentialAction\":[{\"@type\":\"CommentAction\",\"name\":\"Comment\",\"target\":[\"https:\\\/\\\/eltrabajo.cl\\\/web\\\/ocho-comunidades-educativas-se-reunen-en-san-felipe-para-fortalecer-el-liderazgo-estudiantil\\\/#respond\"]}]},{\"@type\":\"WebPage\",\"@id\":\"https:\\\/\\\/eltrabajo.cl\\\/web\\\/ocho-comunidades-educativas-se-reunen-en-san-felipe-para-fortalecer-el-liderazgo-estudiantil\\\/\",\"url\":\"https:\\\/\\\/eltrabajo.cl\\\/web\\\/ocho-comunidades-educativas-se-reunen-en-san-felipe-para-fortalecer-el-liderazgo-estudiantil\\\/\",\"name\":\"Ocho comunidades educativas se re\u00fanen en San Felipe para fortalecer el liderazgo estudiantil - Diario El Trabajo\",\"isPartOf\":{\"@id\":\"https:\\\/\\\/eltrabajo.cl\\\/web\\\/#website\"},\"primaryImageOfPage\":{\"@id\":\"https:\\\/\\\/eltrabajo.cl\\\/web\\\/ocho-comunidades-educativas-se-reunen-en-san-felipe-para-fortalecer-el-liderazgo-estudiantil\\\/#primaryimage\"},\"image\":{\"@id\":\"https:\\\/\\\/eltrabajo.cl\\\/web\\\/ocho-comunidades-educativas-se-reunen-en-san-felipe-para-fortalecer-el-liderazgo-estudiantil\\\/#primaryimage\"},\"thumbnailUrl\":\"https:\\\/\\\/eltrabajo.cl\\\/web\\\/wp-content\\\/uploads\\\/2026\\\/08\\\/liderazgo-estudiantil-2.jpg\",\"datePublished\":\"2026-08-31T00:33:12+00:00\",\"breadcrumb\":{\"@id\":\"https:\\\/\\\/eltrabajo.cl\\\/web\\\/ocho-comunidades-educativas-se-reunen-en-san-felipe-para-fortalecer-el-liderazgo-estudiantil\\\/#breadcrumb\"},\"inLanguage\":\"es-CL\",\"potentialAction\":[{\"@type\":\"ReadAction\",\"target\":[\"https:\\\/\\\/eltrabajo.cl\\\/web\\\/ocho-comunidades-educativas-se-reunen-en-san-felipe-para-fortalecer-el-liderazgo-estudiantil\\\/\"]}]},{\"@type\":\"ImageObject\",\"inLanguage\":\"es-CL\",\"@id\":\"https:\\\/\\\/eltrabajo.cl\\\/web\\\/ocho-comunidades-educativas-se-reunen-en-san-felipe-para-fortalecer-el-liderazgo-estudiantil\\\/#primaryimage\",\"url\":\"https:\\\/\\\/eltrabajo.cl\\\/web\\\/wp-content\\\/uploads\\\/2026\\\/08\\\/liderazgo-estudiantil-2.jpg\",\"contentUrl\":\"https:\\\/\\\/eltrabajo.cl\\\/web\\\/wp-content\\\/uploads\\\/2026\\\/08\\\/liderazgo-estudiantil-2.jpg\",\"width\":699,\"height\":425,\"caption\":\"Los estudiantes participaron activamente en las mesas de trabajo y plenarios, compartiendo experiencias e ideas para fortalecer la participaci\u00f3n estudiantil.\"},{\"@type\":\"BreadcrumbList\",\"@id\":\"https:\\\/\\\/eltrabajo.cl\\\/web\\\/ocho-comunidades-educativas-se-reunen-en-san-felipe-para-fortalecer-el-liderazgo-estudiantil\\\/#breadcrumb\",\"itemListElement\":[{\"@type\":\"ListItem\",\"position\":1,\"name\":\"Portada\",\"item\":\"https:\\\/\\\/eltrabajo.cl\\\/web\\\/\"},{\"@type\":\"ListItem\",\"position\":2,\"name\":\"Ocho comunidades educativas se re\u00fanen en San Felipe para fortalecer el liderazgo estudiantil\"}]},{\"@type\":\"WebSite\",\"@id\":\"https:\\\/\\\/eltrabajo.cl\\\/web\\\/#website\",\"url\":\"https:\\\/\\\/eltrabajo.cl\\\/web\\\/\",\"name\":\"Diario El Trabajo\",\"description\":\"Desde 1929 construyendo Identidad Local\",\"publisher\":{\"@id\":\"https:\\\/\\\/eltrabajo.cl\\\/web\\\/#organization\"},\"potentialAction\":[{\"@type\":\"SearchAction\",\"target\":{\"@type\":\"EntryPoint\",\"urlTemplate\":\"https:\\\/\\\/eltrabajo.cl\\\/web\\\/?s={search_term_string}\"},\"query-input\":{\"@type\":\"PropertyValueSpecification\",\"valueRequired\":true,\"valueName\":\"search_term_string\"}}],\"inLanguage\":\"es-CL\"},{\"@type\":\"Organization\",\"@id\":\"https:\\\/\\\/eltrabajo.cl\\\/web\\\/#organization\",\"name\":\"Diario El Trabajo\",\"url\":\"https:\\\/\\\/eltrabajo.cl\\\/web\\\/\",\"logo\":{\"@type\":\"ImageObject\",\"inLanguage\":\"es-CL\",\"@id\":\"https:\\\/\\\/eltrabajo.cl\\\/web\\\/#\\\/schema\\\/logo\\\/image\\\/\",\"url\":\"https:\\\/\\\/eltrabajo.cl\\\/web\\\/wp-content\\\/uploads\\\/2024\\\/06\\\/profile-image-ig-page-diarioeltrabajo.jpg\",\"contentUrl\":\"https:\\\/\\\/eltrabajo.cl\\\/web\\\/wp-content\\\/uploads\\\/2024\\\/06\\\/profile-image-ig-page-diarioeltrabajo.jpg\",\"width\":823,\"height\":823,\"caption\":\"Diario El Trabajo\"},\"image\":{\"@id\":\"https:\\\/\\\/eltrabajo.cl\\\/web\\\/#\\\/schema\\\/logo\\\/image\\\/\"},\"sameAs\":[\"https:\\\/\\\/www.facebook.com\\\/ElTrabajoDiario\",\"https:\\\/\\\/x.com\\\/diarioeltrabajo\"]},{\"@type\":\"Person\",\"@id\":\"https:\\\/\\\/eltrabajo.cl\\\/web\\\/#\\\/schema\\\/person\\\/45efd3d17f86ec456e44dd7debe1bf19\",\"name\":\"Diario El Trabajo\",\"image\":{\"@type\":\"ImageObject\",\"inLanguage\":\"es-CL\",\"@id\":\"https:\\\/\\\/secure.gravatar.com\\\/avatar\\\/7e6ec277dc4aea2677c2dc301d4227957219329c985ab69a3efc12518b5161aa?s=96&d=mm&r=g\",\"url\":\"https:\\\/\\\/secure.gravatar.com\\\/avatar\\\/7e6ec277dc4aea2677c2dc301d4227957219329c985ab69a3efc12518b5161aa?s=96&d=mm&r=g\",\"contentUrl\":\"https:\\\/\\\/secure.gravatar.com\\\/avatar\\\/7e6ec277dc4aea2677c2dc301d4227957219329c985ab69a3efc12518b5161aa?s=96&d=mm&r=g\",\"caption\":\"Diario El Trabajo\"},\"sameAs\":[\"https:\\\/\\\/eltrabajo.cl\\\/web\"],\"url\":\"https:\\\/\\\/eltrabajo.cl\\\/web\\\/author\\\/diario-el-trabajo\\\/\"}]}<\/script>\n<!-- \/ Yoast SEO plugin. -->","yoast_head_json":{"title":"Ocho comunidades educativas se re\u00fanen en San Felipe para fortalecer el liderazgo estudiantil - Diario El Trabajo","robots":{"index":"index","follow":"follow","max-snippet":"max-snippet:-1","max-image-preview":"max-image-preview:large","max-video-preview":"max-video-preview:-1"},"canonical":"https:\/\/eltrabajo.cl\/web\/ocho-comunidades-educativas-se-reunen-en-san-felipe-para-fortalecer-el-liderazgo-estudiantil\/","og_locale":"es_ES","og_type":"article","og_title":"Ocho comunidades educativas se re\u00fanen en San Felipe para fortalecer el liderazgo estudiantil - Diario El Trabajo","og_description":"La instancia promovi\u00f3 el di\u00e1logo, la participaci\u00f3n y el trabajo colaborativo.- Con el objetivo de fortalecer el liderazgo, la participaci\u00f3n y la voz de las y los estudiantes, el Centro de Estudiantes del Colegio Pir\u00e1mide (CEPI) organiz\u00f3 la primera versi\u00f3n del Encuentro de Centros de Estudiantes de la Provincia de San Felipe, jornada que congreg\u00f3 [&hellip;]","og_url":"https:\/\/eltrabajo.cl\/web\/ocho-comunidades-educativas-se-reunen-en-san-felipe-para-fortalecer-el-liderazgo-estudiantil\/","og_site_name":"Diario El Trabajo","article_publisher":"https:\/\/www.facebook.com\/ElTrabajoDiario","article_published_time":"2026-08-31T00:33:12+00:00","og_image":[{"width":699,"height":425,"url":"https:\/\/eltrabajo.cl\/web\/wp-content\/uploads\/2026\/08\/liderazgo-estudiantil-2.jpg","type":"image\/jpeg"}],"author":"Diario El Trabajo","twitter_card":"summary_large_image","twitter_creator":"@diarioeltrabajo","twitter_site":"@diarioeltrabajo","twitter_misc":{"Escrito por":"Diario El Trabajo","Tiempo estimado de lectura":"3 minutos"},"schema":{"@context":"https:\/\/schema.org","@graph":[{"@type":"Article","@id":"https:\/\/eltrabajo.cl\/web\/ocho-comunidades-educativas-se-reunen-en-san-felipe-para-fortalecer-el-liderazgo-estudiantil\/#article","isPartOf":{"@id":"https:\/\/eltrabajo.cl\/web\/ocho-comunidades-educativas-se-reunen-en-san-felipe-para-fortalecer-el-liderazgo-estudiantil\/"},"author":{"name":"Diario El Trabajo","@id":"https:\/\/eltrabajo.cl\/web\/#\/schema\/person\/45efd3d17f86ec456e44dd7debe1bf19"},"headline":"Ocho comunidades educativas se re\u00fanen en San Felipe para fortalecer el liderazgo estudiantil","datePublished":"2026-08-31T00:33:12+00:00","mainEntityOfPage":{"@id":"https:\/\/eltrabajo.cl\/web\/ocho-comunidades-educativas-se-reunen-en-san-felipe-para-fortalecer-el-liderazgo-estudiantil\/"},"wordCount":494,"commentCount":0,"publisher":{"@id":"https:\/\/eltrabajo.cl\/web\/#organization"},"image":{"@id":"https:\/\/eltrabajo.cl\/web\/ocho-comunidades-educativas-se-reunen-en-san-felipe-para-fortalecer-el-liderazgo-estudiantil\/#primaryimage"},"thumbnailUrl":"https:\/\/eltrabajo.cl\/web\/wp-content\/uploads\/2026\/08\/liderazgo-estudiantil-2.jpg","articleSection":["Cr\u00f3nica"],"inLanguage":"es-CL","potentialAction":[{"@type":"CommentAction","name":"Comment","target":["https:\/\/eltrabajo.cl\/web\/ocho-comunidades-educativas-se-reunen-en-san-felipe-para-fortalecer-el-liderazgo-estudiantil\/#respond"]}]},{"@type":"WebPage","@id":"https:\/\/eltrabajo.cl\/web\/ocho-comunidades-educativas-se-reunen-en-san-felipe-para-fortalecer-el-liderazgo-estudiantil\/","url":"https:\/\/eltrabajo.cl\/web\/ocho-comunidades-educativas-se-reunen-en-san-felipe-para-fortalecer-el-liderazgo-estudiantil\/","name":"Ocho comunidades educativas se re\u00fanen en San Felipe para fortalecer el liderazgo estudiantil - Diario El Trabajo","isPartOf":{"@id":"https:\/\/eltrabajo.cl\/web\/#website"},"primaryImageOfPage":{"@id":"https:\/\/eltrabajo.cl\/web\/ocho-comunidades-educativas-se-reunen-en-san-felipe-para-fortalecer-el-liderazgo-estudiantil\/#primaryimage"},"image":{"@id":"https:\/\/eltrabajo.cl\/web\/ocho-comunidades-educativas-se-reunen-en-san-felipe-para-fortalecer-el-liderazgo-estudiantil\/#primaryimage"},"thumbnailUrl":"https:\/\/eltrabajo.cl\/web\/wp-content\/uploads\/2026\/08\/liderazgo-estudiantil-2.jpg","datePublished":"2026-08-31T00:33:12+00:00","breadcrumb":{"@id":"https:\/\/eltrabajo.cl\/web\/ocho-comunidades-educativas-se-reunen-en-san-felipe-para-fortalecer-el-liderazgo-estudiantil\/#breadcrumb"},"inLanguage":"es-CL","potentialAction":[{"@type":"ReadAction","target":["https:\/\/eltrabajo.cl\/web\/ocho-comunidades-educativas-se-reunen-en-san-felipe-para-fortalecer-el-liderazgo-estudiantil\/"]}]},{"@type":"ImageObject","inLanguage":"es-CL","@id":"https:\/\/eltrabajo.cl\/web\/ocho-comunidades-educativas-se-reunen-en-san-felipe-para-fortalecer-el-liderazgo-estudiantil\/#primaryimage","url":"https:\/\/eltrabajo.cl\/web\/wp-content\/uploads\/2026\/08\/liderazgo-estudiantil-2.jpg","contentUrl":"https:\/\/eltrabajo.cl\/web\/wp-content\/uploads\/2026\/08\/liderazgo-estudiantil-2.jpg","width":699,"height":425,"caption":"Los estudiantes participaron activamente en las mesas de trabajo y plenarios, compartiendo experiencias e ideas para fortalecer la participaci\u00f3n estudiantil."},{"@type":"BreadcrumbList","@id":"https:\/\/eltrabajo.cl\/web\/ocho-comunidades-educativas-se-reunen-en-san-felipe-para-fortalecer-el-liderazgo-estudiantil\/#breadcrumb","itemListElement":[{"@type":"ListItem","position":1,"name":"Portada","item":"https:\/\/eltrabajo.cl\/web\/"},{"@type":"ListItem","position":2,"name":"Ocho comunidades educativas se re\u00fanen en San Felipe para fortalecer el liderazgo estudiantil"}]},{"@type":"WebSite","@id":"https:\/\/eltrabajo.cl\/web\/#website","url":"https:\/\/eltrabajo.cl\/web\/","name":"Diario El Trabajo","description":"Desde 1929 construyendo Identidad Local","publisher":{"@id":"https:\/\/eltrabajo.cl\/web\/#organization"},"potentialAction":[{"@type":"SearchAction","target":{"@type":"EntryPoint","urlTemplate":"https:\/\/eltrabajo.cl\/web\/?s={search_term_string}"},"query-input":{"@type":"PropertyValueSpecification","valueRequired":true,"valueName":"search_term_string"}}],"inLanguage":"es-CL"},{"@type":"Organization","@id":"https:\/\/eltrabajo.cl\/web\/#organization","name":"Diario El Trabajo","url":"https:\/\/eltrabajo.cl\/web\/","logo":{"@type":"ImageObject","inLanguage":"es-CL","@id":"https:\/\/eltrabajo.cl\/web\/#\/schema\/logo\/image\/","url":"https:\/\/eltrabajo.cl\/web\/wp-content\/uploads\/2024\/06\/profile-image-ig-page-diarioeltrabajo.jpg","contentUrl":"https:\/\/eltrabajo.cl\/web\/wp-content\/uploads\/2024\/06\/profile-image-ig-page-diarioeltrabajo.jpg","width":823,"height":823,"caption":"Diario El Trabajo"},"image":{"@id":"https:\/\/eltrabajo.cl\/web\/#\/schema\/logo\/image\/"},"sameAs":["https:\/\/www.facebook.com\/ElTrabajoDiario","https:\/\/x.com\/diarioeltrabajo"]},{"@type":"Person","@id":"https:\/\/eltrabajo.cl\/web\/#\/schema\/person\/45efd3d17f86ec456e44dd7debe1bf19","name":"Diario El Trabajo","image":{"@type":"ImageObject","inLanguage":"es-CL","@id":"https:\/\/secure.gravatar.com\/avatar\/7e6ec277dc4aea2677c2dc301d4227957219329c985ab69a3efc12518b5161aa?s=96&d=mm&r=g","url":"https:\/\/secure.gravatar.com\/avatar\/7e6ec277dc4aea2677c2dc301d4227957219329c985ab69a3efc12518b5161aa?s=96&d=mm&r=g","contentUrl":"https:\/\/secure.gravatar.com\/avatar\/7e6ec277dc4aea2677c2dc301d4227957219329c985ab69a3efc12518b5161aa?s=96&d=mm&r=g","caption":"Diario El Trabajo"},"sameAs":["https:\/\/eltrabajo.cl\/web"],"url":"https:\/\/eltrabajo.cl\/web\/author\/diario-el-trabajo\/"}]}},"_links":{"self":[{"href":"https:\/\/eltrabajo.cl\/web\/wp-json\/wp\/v2\/posts\/146768","targetHints":{"allow":["GET"]}}],"collection":[{"href":"https:\/\/eltrabajo.cl\/web\/wp-json\/wp\/v2\/posts"}],"about":[{"href":"https:\/\/eltrabajo.cl\/web\/wp-json\/wp\/v2\/types\/post"}],"author":[{"embeddable":true,"href":"https:\/\/eltrabajo.cl\/web\/wp-json\/wp\/v2\/users\/1"}],"replies":[{"embeddable":true,"href":"https:\/\/eltrabajo.cl\/web\/wp-json\/wp\/v2\/comments?post=146768"}],"version-history":[{"count":1,"href":"https:\/\/eltrabajo.cl\/web\/wp-json\/wp\/v2\/posts\/146768\/revisions"}],"predecessor-version":[{"id":146772,"href":"https:\/\/eltrabajo.cl\/web\/wp-json\/wp\/v2\/posts\/146768\/revisions\/146772"}],"wp:featuredmedia":[{"embeddable":true,"href":"https:\/\/eltrabajo.cl\/web\/wp-json\/wp\/v2\/media\/146770"}],"wp:attachment":[{"href":"https:\/\/eltrabajo.cl\/web\/wp-json\/wp\/v2\/media?parent=146768"}],"wp:term":[{"taxonomy":"category","embeddable":true,"href":"https:\/\/eltrabajo.cl\/web\/wp-json\/wp\/v2\/categories?post=146768"},{"taxonomy":"post_tag","embeddable":true,"href":"https:\/\/eltrabajo.cl\/web\/wp-json\/wp\/v2\/tags?post=146768"}],"curies":[{"name":"wp","href":"https:\/\/api.w.org\/{rel}","templated":true}]}}